{"id":147302,"date":"2024-09-02T08:04:38","date_gmt":"2024-09-02T08:04:38","guid":{"rendered":"https:\/\/all-car-news.com\/audi-q5-de-troisieme-generation-laccent-est-mis-sur-lhybride-rechargeable\/"},"modified":"2024-09-02T08:04:38","modified_gmt":"2024-09-02T08:04:38","slug":"audi-q5-de-troisieme-generation-laccent-est-mis-sur-lhybride-rechargeable","status":"publish","type":"post","link":"https:\/\/all-car-news.com\/fr\/audi-q5-de-troisieme-generation-laccent-est-mis-sur-lhybride-rechargeable\/","title":{"rendered":"Audi Q5 de troisi\u00e8me g\u00e9n\u00e9ration : l&rsquo;accent est mis sur l&rsquo;hybride rechargeable"},"content":{"rendered":"<h2>Plus pratique et plus commode<\/h2>\n<p>La nouvelle Audi Q5 est plus pratique qu&rsquo;auparavant, selon le constructeur.<br \/>\nLa banquette arri\u00e8re \u00e0 trois places est coulissante et inclinable pour cr\u00e9er un espace de chargement suppl\u00e9mentaire.<br \/>\nLorsque les si\u00e8ges arri\u00e8re sont enti\u00e8rement rabattus, le volume de chargement peut atteindre 1 473 litres.<br \/>\nLe cache-bagages peut d\u00e9sormais \u00eatre rang\u00e9 dans un compartiment sp\u00e9cial situ\u00e9 sous le plancher.<br \/>\nUn compartiment de rangement plus spacieux est d\u00e9sormais disponible sous l&rsquo;accoudoir central avant.<br \/>\nIl y a \u00e9galement plusieurs prises USB-C \u00e0 l&rsquo;avant et \u00e0 l&rsquo;arri\u00e8re, en option avec une capacit\u00e9 de charge (rapide) allant jusqu&rsquo;\u00e0 100 W.     &nbsp;<\/p>\n<h2>La nouvelle Audi Q5 offre de nombreux \u00e9crans<\/h2>\n<p>Dans l&rsquo;habitacle de l&rsquo;Audi Q5, on trouve \u00e9galement l&rsquo;Audi virtual cockpit (11,9 pouces) et l&rsquo;Audi MMI Display avec technologie OLED (14,5 pouces).<br \/>\nCette \u00ab\u00a0sc\u00e8ne num\u00e9rique\u00a0\u00bb peut \u00eatre compl\u00e9t\u00e9e par un \u00e9cran de 10,9 pouces avec mode intimit\u00e9 pour le passager avant.<br \/>\nCelui-ci peut, par exemple, regarder des films sans distraire le conducteur.<br \/>\nUn affichage t\u00eate haute est \u00e9galement disponible.   <\/p>\n<figure class=\"wp-block-image size-content\"><img decoding=\"async\" loading=\"lazy\" width=\"1140\" height=\"855\" src=\"https:\/\/autorai.nl\/wp-content\/uploads\/2024\/09\/audi-q5-derde-generatie-2024-foto64-1140x855.jpg\" alt=\"\" class=\"wp-image-184431\"><\/figure>\n<h2>Tr\u00e8s silencieux<\/h2>\n<p>Des \u00e9l\u00e9ments tels que le pare-brise insonoris\u00e9 et l&rsquo;isolation acoustique suppl\u00e9mentaire devraient rendre l&rsquo;Audi Q5 particuli\u00e8rement silencieux.<br \/>\nAudi utilise des mat\u00e9riaux durables de haute qualit\u00e9 et doux au toucher.<br \/>\nPar exemple, les mat\u00e9riaux de rev\u00eatement de luxe Kaskade et Dinamica sont fabriqu\u00e9s \u00e0 partir de polyester recycl\u00e9 et\/ou de textiles r\u00e9siduels.    <\/p>\n<h2>Syst\u00e8me d&rsquo;exploitation automobile Android<\/h2>\n<p>La nouvelle plateforme \u00e9lectronique E3 1.2 est le pivot de l&rsquo;int\u00e9rieur num\u00e9rique.<br \/>\nElle comprend \u00e9galement un assistant vocal qui, gr\u00e2ce \u00e0 l&rsquo;intelligence artificielle (IA), est capable d&rsquo;auto-apprentissage et peut donc devenir de plus en plus sensible aux souhaits des occupants au fil de l&rsquo;utilisation.<br \/>\nLa fonction IA est affich\u00e9e via un avatar sur l&rsquo;\u00e9cran central ou l&rsquo;affichage t\u00eate haute.<br \/>\nLe syst\u00e8me d&rsquo;infodivertissement utilise Android Automotive OS, qui permet des mises \u00e0 jour en direct.<br \/>\nDes applications externes sont disponibles dans la boutique int\u00e9gr\u00e9e au MMI.<br \/>\nEn option, un syst\u00e8me audio Bang &amp; Olufsen Premium Sound System (685 watts) avec seize haut-parleurs et un syst\u00e8me de compensation du bruit du v\u00e9hicule est disponible.       <\/p>\n<h2>\u00c9clairage de projection<\/h2>\n<p>L&rsquo;Audi Q5 utilise \u00e9galement un \u00e9clairage intelligent.<br \/>\nUne nouveaut\u00e9 \u00e0 l&rsquo;arri\u00e8re est la lumi\u00e8re de projection dans le spoiler arri\u00e8re qui projette un graphique sur la vitre arri\u00e8re lors du freinage, augmentant ainsi consid\u00e9rablement la surface de l&rsquo;\u00e9clairage de freinage.<br \/>\nLes feux arri\u00e8re 3D peuvent \u00e9galement communiquer avec d&rsquo;autres v\u00e9hicules et l&rsquo;infrastructure (car-to-X).<br \/>\nLorsque la voiture re\u00e7oit des rapports d&rsquo;accidents, par exemple, les feux arri\u00e8re alertent les v\u00e9hicules qui d\u00e9passent avec une signature reconnaissable.<br \/>\nLa fonction d&rsquo;avertissement en cas d&rsquo;approche trop rapproch\u00e9e est \u00e9galement incluse. Bien entendu, la technologie d&rsquo;\u00e9clairage avanc\u00e9e permet des conceptions lumineuses individuelles et dynamiques, tant \u00e0 l&rsquo;avant qu&rsquo;\u00e0 l&rsquo;arri\u00e8re.    <\/p>\n<figure class=\"wp-block-image size-content\"><img decoding=\"async\" loading=\"lazy\" width=\"1140\" height=\"855\" src=\"https:\/\/autorai.nl\/wp-content\/uploads\/2024\/09\/audi-q5-derde-generatie-2024-foto58-1140x855.jpg\" alt=\"Audi Q5\" class=\"wp-image-184425\"><\/figure>\n<h2>Train de roulement Audi Q5 2025<\/h2>\n<p>De s\u00e9rie, le nouvel Audi Q5 est \u00e9quip\u00e9 d&rsquo;une suspension avec des ressorts en acier.<br \/>\nUne suspension sportive est disponible en option.<br \/>\nL&rsquo;amortissement s\u00e9lectif en fr\u00e9quence et le r\u00e9glage dynamique de l&rsquo;essieu avant permettent d&rsquo;absorber de mani\u00e8re optimale les forces d&rsquo;amortissement, en particulier sur les chauss\u00e9es de mauvaise qualit\u00e9.<br \/>\nSur les surfaces \u00e9troites, ce syst\u00e8me permet une force d&rsquo;amortissement \u00e9lev\u00e9e.<br \/>\nCela permet, par exemple, de changer de voie sur l&rsquo;autoroute avec une stabilit\u00e9 maximale.<br \/>\nLa suspension pneumatique avec contr\u00f4le adaptatif des amortisseurs est disponible en option.<br \/>\nCela permet d&rsquo;\u00e9largir encore l&rsquo;\u00e9cart entre un confort de haut niveau et une dynamique optimale.<br \/>\nUne direction progressive encore plus raffin\u00e9e est de s\u00e9rie sur tous les nouveaux Audi Q5.<br \/>\nDes jantes en alliage (profil\u00e9es) de 17 \u00e0 21 pouces sont disponibles pour le nouveau Q5.        <\/p>\n<h2>Syst\u00e8mes d&rsquo;aide \u00e0 la conduite<\/h2>\n<p>La nouvelle Audi Q5 est \u00e9quip\u00e9e de s\u00e9rie de l&rsquo;aide au stationnement, du r\u00e9gulateur de vitesse avec limiteur de vitesse, de l&rsquo;alerte de franchissement de ligne, de l&rsquo;assistant d&rsquo;efficacit\u00e9 et de l&rsquo;assistant de fatigue.<br \/>\nGr\u00e2ce \u00e0 des packs d&rsquo;assistance sp\u00e9ciaux, le nombre de syst\u00e8mes d&rsquo;aide \u00e0 la conduite peut \u00eatre encore augment\u00e9.<br \/>\nPensez \u00e0 l&rsquo;assistant de freinage adaptatif plus et \u00e0 l&rsquo;Active Front Assist.<br \/>\nCe dernier regroupe quatre fonctions : Aide au freinage d&rsquo;urgence \u00e0 l&rsquo;avant, Aide \u00e0 l&rsquo;\u00e9vasion, Aide au braquage et Aide \u00e0 la circulation transversale \u00e0 l&rsquo;avant.<br \/>\nLe r\u00e9gulateur de vitesse qui utilise la reconnaissance des panneaux de signalisation, le Park Assist plus et le Rear Turn Assist sont \u00e9galement disponibles.      <\/p>\n<h2>Production et lancement sur le march\u00e9<\/h2>\n<p>La production de la nouvelle Audi Q5 se fera \u00e0 nouveau au Mexique.<br \/>\nLes prix n\u00e9erlandais de la nouvelle Audi Q5 suivront \u00e0 la fin de l&rsquo;ann\u00e9e 2024.<br \/>\nLe nouveau Q5 peut \u00eatre command\u00e9 d\u00e9but 2025.<br \/>\nLes livraisons commenceront alors \u00e0 la mi-2025.<br \/>\nUn groupe motopropulseur hybride rechargeable suivra \u00e9galement vers la m\u00eame ann\u00e9e.<br \/>\nAudi annoncera bient\u00f4t des informations sur tous les groupes motopropulseurs.     <\/p>\n<div class=\"galery shuffle galery-0\">\n<figure>\n\t\t\t\t\t<span style=\"cursor: pointer\" data-src=\"https:\/\/autorai.nl\/wp-content\/uploads\/2024\/09\/audi-q5-derde-generatie-2024-foto78-1600x1200.jpg\" data-fancybox=\"galery-0\" title=\"Photo statique, Couleur : gris Daytona effet perl Couleur : bleu ultra m\u00e9tallis\u00e9\"><br \/>\n\t\t\t\t\t\t\t<img decoding=\"async\" width=\"640\" height=\"480\" src=\"https:\/\/autorai.nl\/wp-content\/uploads\/2024\/09\/audi-q5-derde-generatie-2024-foto78-640x480.jpg\" class=\"attachment-medium size-medium\" alt=\"\" loading=\"lazy\"><i class=\"fa fa-search-plus\" aria-hidden=\"true\"><\/i><br \/>\n\t\t\t\t\t\t<\/span><br \/>\n\t\t\t\t\t<\/figure>\n<figure>\n\t\t\t\t\t<span style=\"cursor: pointer\" data-src=\"https:\/\/autorai.nl\/wp-content\/uploads\/2024\/09\/audi-q5-derde-generatie-2024-foto77-1600x1200.jpg\" data-fancybox=\"galery-0\" title=\"Photo statique, Couleur : gris Daytona effet perl Couleur : bleu ultra m\u00e9tallis\u00e9\"><br \/>\n\t\t\t\t\t\t\t<img decoding=\"async\" width=\"360\" height=\"270\" src=\"https:\/\/autorai.nl\/wp-content\/uploads\/2024\/09\/audi-q5-derde-generatie-2024-foto77-360x270.jpg\" class=\"attachment-small size-small\" alt=\"\" loading=\"lazy\"><i class=\"fa fa-search-plus\" aria-hidden=\"true\"><\/i><br \/>\n\t\t\t\t\t\t<\/span><br \/>\n\t\t\t\t\t<\/figure>\n<figure>\n\t\t\t\t\t<span style=\"cursor: pointer\" data-src=\"https:\/\/autorai.nl\/wp-content\/uploads\/2024\/09\/audi-q5-derde-generatie-2024-foto76-1600x1200.jpg\" data-fancybox=\"galery-0\" title=\"Photo statique, Couleur : gris Daytona effet perl Couleur : bleu ultra m\u00e9tallis\u00e9\"><br \/>\n\t\t\t\t\t\t\t<img decoding=\"async\" width=\"360\" height=\"270\" src=\"https:\/\/autorai.nl\/wp-content\/uploads\/2024\/09\/audi-q5-derde-generatie-2024-foto76-360x270.jpg\" class=\"attachment-small size-small\" alt=\"\" loading=\"lazy\"><i class=\"fa fa-search-plus\" aria-hidden=\"true\"><\/i><br \/>\n\t\t\t\t\t\t<\/span><br \/>\n\t\t\t\t\t<\/figure>\n<figure>\n\t\t\t\t\t<span style=\"cursor: pointer\" data-src=\"https:\/\/autorai.nl\/wp-content\/uploads\/2024\/09\/audi-q5-derde-generatie-2024-foto75-1600x1200.jpg\" data-fancybox=\"galery-0\" title=\"Photo statique, Couleur : Bleu ultra m\u00e9tallis\u00e9 Couleur : Gris Daytona effet perl\"><br \/>\n\t\t\t\t\t\t\t<img decoding=\"async\" width=\"640\" height=\"480\" src=\"https:\/\/autorai.nl\/wp-content\/uploads\/2024\/09\/audi-q5-derde-generatie-2024-foto75-640x480.jpg\" class=\"attachment-medium size-medium\" alt=\"\" loading=\"lazy\"><i class=\"fa fa-search-plus\" aria-hidden=\"true\"><\/i><br \/>\n\t\t\t\t\t\t<\/span><br \/>\n\t\t\t\t\t<\/figure>\n<figure>\n\t\t\t\t\t<span style=\"cursor: pointer\" data-src=\"https:\/\/autorai.nl\/wp-content\/uploads\/2024\/09\/audi-q5-derde-generatie-2024-foto74-1600x1213.jpg\" data-fancybox=\"galery-0\" title=\"Photo statique, Couleur : Bleu ultra m\u00e9tallis\u00e9\"><br \/>\n\t\t\t\t\t\t\t<img decoding=\"async\" width=\"360\" height=\"270\" src=\"https:\/\/autorai.nl\/wp-content\/uploads\/2024\/09\/audi-q5-derde-generatie-2024-foto74-360x270.jpg\" class=\"attachment-small size-small\" alt=\"\" loading=\"lazy\"><i class=\"fa fa-search-plus\" aria-hidden=\"true\"><\/i><br \/>\n\t\t\t\t\t\t<\/span><br \/>\n\t\t\t\t\t<\/figure>\n<figure>\n\t\t\t\t\t<span style=\"cursor: pointer\" data-src=\"https:\/\/autorai.nl\/wp-content\/uploads\/2024\/09\/audi-q5-derde-generatie-2024-foto73-1600x1067.jpg\" data-fancybox=\"galery-0\" title=\"Photo dynamique, Couleur : Bleu ultra m\u00e9tallis\u00e9\"><br \/>\n\t\t\t\t\t\t\t<img decoding=\"async\" width=\"360\" height=\"270\" src=\"https:\/\/autorai.nl\/wp-content\/uploads\/2024\/09\/audi-q5-derde-generatie-2024-foto73-360x270.jpg\" class=\"attachment-small size-small\" alt=\"\" loading=\"lazy\"><i class=\"fa fa-search-plus\" aria-hidden=\"true\"><\/i><br \/>\n\t\t\t\t\t\t<\/span><br \/>\n\t\t\t\t\t<\/figure>\n<figure>\n\t\t\t\t\t<span style=\"cursor: pointer\" data-src=\"https:\/\/autorai.nl\/wp-content\/uploads\/2024\/09\/audi-q5-derde-generatie-2024-foto72-1600x1067.jpg\" data-fancybox=\"galery-0\" title=\"Photo dynamique, Couleur : Bleu ultra m\u00e9tallis\u00e9\"><br \/>\n\t\t\t\t\t\t\t<img decoding=\"async\" width=\"640\" height=\"480\" src=\"https:\/\/autorai.nl\/wp-content\/uploads\/2024\/09\/audi-q5-derde-generatie-2024-foto72-640x480.jpg\" class=\"attachment-medium size-medium\" alt=\"\" loading=\"lazy\"><i class=\"fa fa-search-plus\" aria-hidden=\"true\"><\/i><br \/>\n\t\t\t\t\t\t<\/span><br \/>\n\t\t\t\t\t<\/figure>\n<figure>\n\t\t\t\t\t<span style=\"cursor: pointer\" data-src=\"https:\/\/autorai.nl\/wp-content\/uploads\/2024\/09\/audi-q5-derde-generatie-2024-foto71-1600x1067.jpg\" data-fancybox=\"galery-0\" title=\"Photo dynamique, Couleur : Bleu ultra m\u00e9tallis\u00e9\"><br \/>\n\t\t\t\t\t\t\t<img decoding=\"async\" width=\"360\" height=\"270\" src=\"https:\/\/autorai.nl\/wp-content\/uploads\/2024\/09\/audi-q5-derde-generatie-2024-foto71-360x270.jpg\" class=\"attachment-small size-small\" alt=\"\" loading=\"lazy\"><i class=\"fa fa-search-plus\" aria-hidden=\"true\"><\/i><br \/>\n\t\t\t\t\t\t<\/span><br \/>\n\t\t\t\t\t<\/figure>\n<figure>\n\t\t\t\t\t<span style=\"cursor: pointer\" data-src=\"https:\/\/autorai.nl\/wp-content\/uploads\/2024\/09\/audi-q5-derde-generatie-2024-foto70-1600x1067.jpg\" data-fancybox=\"galery-0\" title=\"Photo dynamique, Couleur : Bleu ultra m\u00e9tallis\u00e9\"><br \/>\n\t\t\t\t\t\t\t<img decoding=\"async\" width=\"360\" height=\"270\" src=\"https:\/\/autorai.nl\/wp-content\/uploads\/2024\/09\/audi-q5-derde-generatie-2024-foto70-360x270.jpg\" class=\"attachment-small size-small\" alt=\"\" loading=\"lazy\"><i class=\"fa fa-search-plus\" aria-hidden=\"true\"><\/i><br \/>\n\t\t\t\t\t\t<\/span><br \/>\n\t\t\t\t\t<\/figure>\n<figure>\n\t\t\t\t\t<span style=\"cursor: pointer\" data-src=\"https:\/\/autorai.nl\/wp-content\/uploads\/2024\/09\/audi-q5-derde-generatie-2024-foto69-1600x1067.jpg\" data-fancybox=\"galery-0\" title=\"Photo dynamique, Couleur : Bleu ultra m\u00e9tallis\u00e9\"><br \/>\n\t\t\t\t\t\t\t<img decoding=\"async\" width=\"640\" height=\"480\" src=\"https:\/\/autorai.nl\/wp-content\/uploads\/2024\/09\/audi-q5-derde-generatie-2024-foto69-640x480.jpg\" class=\"attachment-medium size-medium\" alt=\"\" loading=\"lazy\"><i class=\"fa fa-search-plus\" aria-hidden=\"true\"><\/i><br \/>\n\t\t\t\t\t\t<\/span><br \/>\n\t\t\t\t\t<\/figure>\n<figure>\n\t\t\t\t\t<span style=\"cursor: pointer\" data-src=\"https:\/\/autorai.nl\/wp-content\/uploads\/2024\/09\/audi-q5-derde-generatie-2024-foto68-1600x1067.jpg\" data-fancybox=\"galery-0\" title=\"Photo dynamique, Couleur : Bleu ultra m\u00e9tallis\u00e9\"><br \/>\n\t\t\t\t\t\t\t<img decoding=\"async\" width=\"360\" height=\"270\" src=\"https:\/\/autorai.nl\/wp-content\/uploads\/2024\/09\/audi-q5-derde-generatie-2024-foto68-360x270.jpg\" class=\"attachment-small size-small\" alt=\"\" loading=\"lazy\"><i class=\"fa fa-search-plus\" aria-hidden=\"true\"><\/i><br \/>\n\t\t\t\t\t\t<\/span><br \/>\n\t\t\t\t\t<\/figure>\n<figure>\n\t\t\t\t\t<span style=\"cursor: pointer\" data-src=\"https:\/\/autorai.nl\/wp-content\/uploads\/2024\/09\/audi-q5-derde-generatie-2024-foto67-1600x1067.jpg\" data-fancybox=\"galery-0\" title=\"Photo dynamique, Couleur : Bleu ultra m\u00e9tallis\u00e9\"><br \/>\n\t\t\t\t\t\t\t<img decoding=\"async\" width=\"360\" height=\"270\" src=\"https:\/\/autorai.nl\/wp-content\/uploads\/2024\/09\/audi-q5-derde-generatie-2024-foto67-360x270.jpg\" class=\"attachment-small size-small\" alt=\"\" loading=\"lazy\"><i class=\"fa fa-search-plus\" aria-hidden=\"true\"><\/i><br \/>\n\t\t\t\t\t\t<\/span><br \/>\n\t\t\t\t\t<\/figure>\n<figure>\n\t\t\t\t\t<span style=\"cursor: pointer\" data-src=\"https:\/\/autorai.nl\/wp-content\/uploads\/2024\/09\/audi-q5-derde-generatie-2024-foto66-1600x1200.jpg\" data-fancybox=\"galery-0\" title=\"D\u00e9tail\"><br \/>\n\t\t\t\t\t\t\t<img decoding=\"async\" width=\"640\" height=\"480\" src=\"https:\/\/autorai.nl\/wp-content\/uploads\/2024\/09\/audi-q5-derde-generatie-2024-foto66-640x480.jpg\" class=\"attachment-medium size-medium\" alt=\"\" loading=\"lazy\"><i class=\"fa fa-search-plus\" aria-hidden=\"true\"><\/i><br \/>\n\t\t\t\t\t\t<\/span><br \/>\n\t\t\t\t\t<\/figure>\n<figure>\n\t\t\t\t\t<span style=\"cursor: pointer\" data-src=\"https:\/\/autorai.nl\/wp-content\/uploads\/2024\/09\/audi-q5-derde-generatie-2024-foto65-1600x1200.jpg\" data-fancybox=\"galery-0\" title=\"Interior\"><br \/>\n\t\t\t\t\t\t\t<img decoding=\"async\" width=\"360\" height=\"270\" src=\"https:\/\/autorai.nl\/wp-content\/uploads\/2024\/09\/audi-q5-derde-generatie-2024-foto65-360x270.jpg\" class=\"attachment-small size-small\" alt=\"\" loading=\"lazy\"><i class=\"fa fa-search-plus\" aria-hidden=\"true\"><\/i><br \/>\n\t\t\t\t\t\t<\/span><br \/>\n\t\t\t\t\t<\/figure>\n<figure>\n\t\t\t\t\t<span style=\"cursor: pointer\" data-src=\"https:\/\/autorai.nl\/wp-content\/uploads\/2024\/09\/audi-q5-derde-generatie-2024-foto64-1600x1200.jpg\" data-fancybox=\"galery-0\" title=\"Cockpit\"><br \/>\n\t\t\t\t\t\t\t<img decoding=\"async\" width=\"360\" height=\"270\" src=\"https:\/\/autorai.nl\/wp-content\/uploads\/2024\/09\/audi-q5-derde-generatie-2024-foto64-360x270.jpg\" class=\"attachment-small size-small\" alt=\"\" loading=\"lazy\"><i class=\"fa fa-search-plus\" aria-hidden=\"true\"><\/i><br \/>\n\t\t\t\t\t\t<\/span><br \/>\n\t\t\t\t\t<\/figure>\n<figure>\n\t\t\t\t\t<span style=\"cursor: pointer\" data-src=\"https:\/\/autorai.nl\/wp-content\/uploads\/2024\/09\/audi-q5-derde-generatie-2024-foto63-1600x1200.jpg\" data-fancybox=\"galery-0\" title=\"Interior\"><br \/>\n\t\t\t\t\t\t\t<img decoding=\"async\" width=\"640\" height=\"480\" src=\"https:\/\/autorai.nl\/wp-content\/uploads\/2024\/09\/audi-q5-derde-generatie-2024-foto63-640x480.jpg\" class=\"attachment-medium size-medium\" alt=\"\" loading=\"lazy\"><i class=\"fa fa-search-plus\" aria-hidden=\"true\"><\/i><br \/>\n\t\t\t\t\t\t<\/span><br \/>\n\t\t\t\t\t<\/figure>\n<figure>\n\t\t\t\t\t<span style=\"cursor: pointer\" data-src=\"https:\/\/autorai.nl\/wp-content\/uploads\/2024\/09\/audi-q5-derde-generatie-2024-foto62-1600x1200.jpg\" data-fancybox=\"galery-0\" title=\"Compartiment \u00e0 bagages, Couleur : Bleu ultra m\u00e9tallis\u00e9\"><br \/>\n\t\t\t\t\t\t\t<img decoding=\"async\" width=\"360\" height=\"270\" src=\"https:\/\/autorai.nl\/wp-content\/uploads\/2024\/09\/audi-q5-derde-generatie-2024-foto62-360x270.jpg\" class=\"attachment-small size-small\" alt=\"\" loading=\"lazy\"><i class=\"fa fa-search-plus\" aria-hidden=\"true\"><\/i><br \/>\n\t\t\t\t\t\t<\/span><br \/>\n\t\t\t\t\t<\/figure>\n<figure>\n\t\t\t\t\t<span style=\"cursor: pointer\" data-src=\"https:\/\/autorai.nl\/wp-content\/uploads\/2024\/09\/audi-q5-derde-generatie-2024-foto61-1600x1200.jpg\" data-fancybox=\"galery-0\" title=\"D\u00e9tail, Couleur : Ultra bleu m\u00e9tallis\u00e9\"><br \/>\n\t\t\t\t\t\t\t<img decoding=\"async\" width=\"360\" height=\"270\" src=\"https:\/\/autorai.nl\/wp-content\/uploads\/2024\/09\/audi-q5-derde-generatie-2024-foto61-360x270.jpg\" class=\"attachment-small size-small\" alt=\"\" loading=\"lazy\"><i class=\"fa fa-search-plus\" aria-hidden=\"true\"><\/i><br \/>\n\t\t\t\t\t\t<\/span><br \/>\n\t\t\t\t\t<\/figure>\n<figure>\n\t\t\t\t\t<span style=\"cursor: pointer\" data-src=\"https:\/\/autorai.nl\/wp-content\/uploads\/2024\/09\/audi-q5-derde-generatie-2024-foto60-1600x1200.jpg\" data-fancybox=\"galery-0\" title=\"D\u00e9tail, Couleur : Ultra bleu m\u00e9tallis\u00e9\"><br \/>\n\t\t\t\t\t\t\t<img decoding=\"async\" width=\"640\" height=\"480\" src=\"https:\/\/autorai.nl\/wp-content\/uploads\/2024\/09\/audi-q5-derde-generatie-2024-foto60-640x480.jpg\" class=\"attachment-medium size-medium\" alt=\"\" loading=\"lazy\"><i class=\"fa fa-search-plus\" aria-hidden=\"true\"><\/i><br \/>\n\t\t\t\t\t\t<\/span><br \/>\n\t\t\t\t\t<\/figure>\n<figure>\n\t\t\t\t\t<span style=\"cursor: pointer\" data-src=\"https:\/\/autorai.nl\/wp-content\/uploads\/2024\/09\/audi-q5-derde-generatie-2024-foto59-1600x1200.jpg\" data-fancybox=\"galery-0\" title=\"D\u00e9tail, Couleur : Ultra bleu m\u00e9tallis\u00e9\"><br \/>\n\t\t\t\t\t\t\t<img decoding=\"async\" width=\"360\" height=\"270\" src=\"https:\/\/autorai.nl\/wp-content\/uploads\/2024\/09\/audi-q5-derde-generatie-2024-foto59-360x270.jpg\" class=\"attachment-small size-small\" alt=\"Audi Q5\" loading=\"lazy\"><i class=\"fa fa-search-plus\" aria-hidden=\"true\"><\/i><br \/>\n\t\t\t\t\t\t<\/span><br \/>\n\t\t\t\t\t<\/figure>\n<figure>\n\t\t\t\t\t<span style=\"cursor: pointer\" data-src=\"https:\/\/autorai.nl\/wp-content\/uploads\/2024\/09\/audi-q5-derde-generatie-2024-foto58-1600x1200.jpg\" data-fancybox=\"galery-0\" title=\"Photo statique, Couleur : Bleu ultra m\u00e9tallis\u00e9\"><br \/>\n\t\t\t\t\t\t\t<img decoding=\"async\" width=\"360\" height=\"270\" src=\"https:\/\/autorai.nl\/wp-content\/uploads\/2024\/09\/audi-q5-derde-generatie-2024-foto58-360x270.jpg\" class=\"attachment-small size-small\" alt=\"Audi Q5\" loading=\"lazy\"><i class=\"fa fa-search-plus\" aria-hidden=\"true\"><\/i><br \/>\n\t\t\t\t\t\t<\/span><br \/>\n\t\t\t\t\t<\/figure>\n<figure>\n\t\t\t\t\t<span style=\"cursor: pointer\" data-src=\"https:\/\/autorai.nl\/wp-content\/uploads\/2024\/09\/audi-q5-derde-generatie-2024-foto57-1600x1200.jpg\" data-fancybox=\"galery-0\" title=\"Photo statique, Couleur : Bleu ultra m\u00e9tallis\u00e9\"><br \/>\n\t\t\t\t\t\t\t<img decoding=\"async\" width=\"640\" height=\"480\" src=\"https:\/\/autorai.nl\/wp-content\/uploads\/2024\/09\/audi-q5-derde-generatie-2024-foto57-640x480.jpg\" class=\"attachment-medium size-medium\" alt=\"\" loading=\"lazy\"><i class=\"fa fa-search-plus\" aria-hidden=\"true\"><\/i><br \/>\n\t\t\t\t\t\t<\/span><br \/>\n\t\t\t\t\t<\/figure>\n<figure>\n\t\t\t\t\t<span style=\"cursor: pointer\" data-src=\"https:\/\/autorai.nl\/wp-content\/uploads\/2024\/09\/audi-q5-derde-generatie-2024-foto56-1600x1200.jpg\" data-fancybox=\"galery-0\" title=\"Photo statique, Couleur : Bleu ultra m\u00e9tallis\u00e9\"><br \/>\n\t\t\t\t\t\t\t<img decoding=\"async\" width=\"360\" height=\"270\" src=\"https:\/\/autorai.nl\/wp-content\/uploads\/2024\/09\/audi-q5-derde-generatie-2024-foto56-360x270.jpg\" class=\"attachment-small size-small\" alt=\"\" loading=\"lazy\"><i class=\"fa fa-search-plus\" aria-hidden=\"true\"><\/i><br \/>\n\t\t\t\t\t\t<\/span><br \/>\n\t\t\t\t\t<\/figure>\n<figure>\n\t\t\t\t\t<span style=\"cursor: pointer\" data-src=\"https:\/\/autorai.nl\/wp-content\/uploads\/2024\/09\/audi-q5-derde-generatie-2024-foto55-1600x1200.jpg\" data-fancybox=\"galery-0\" title=\"Photo statique, Couleur : Bleu ultra m\u00e9tallis\u00e9\"><br \/>\n\t\t\t\t\t\t\t<img decoding=\"async\" width=\"360\" height=\"270\" src=\"https:\/\/autorai.nl\/wp-content\/uploads\/2024\/09\/audi-q5-derde-generatie-2024-foto55-360x270.jpg\" class=\"attachment-small size-small\" alt=\"\" loading=\"lazy\"><i class=\"fa fa-search-plus\" aria-hidden=\"true\"><\/i><br \/>\n\t\t\t\t\t\t<\/span><br \/>\n\t\t\t\t\t<\/figure>\n<figure>\n\t\t\t\t\t<span style=\"cursor: pointer\" data-src=\"https:\/\/autorai.nl\/wp-content\/uploads\/2024\/09\/audi-q5-derde-generatie-2024-foto54-1600x1200.jpg\" data-fancybox=\"galery-0\" title=\"Photo statique, Couleur : Bleu ultra m\u00e9tallis\u00e9\"><br \/>\n\t\t\t\t\t\t\t<img decoding=\"async\" width=\"640\" height=\"480\" src=\"https:\/\/autorai.nl\/wp-content\/uploads\/2024\/09\/audi-q5-derde-generatie-2024-foto54-640x480.jpg\" class=\"attachment-medium size-medium\" alt=\"\" loading=\"lazy\"><i class=\"fa fa-search-plus\" aria-hidden=\"true\"><\/i><br \/>\n\t\t\t\t\t\t<\/span><br \/>\n\t\t\t\t\t<\/figure>\n<figure>\n\t\t\t\t\t<span style=\"cursor: pointer\" data-src=\"https:\/\/autorai.nl\/wp-content\/uploads\/2024\/09\/audi-q5-derde-generatie-2024-foto53-1600x1200.jpg\" data-fancybox=\"galery-0\" title=\"Photo statique, Couleur : Bleu ultra m\u00e9tallis\u00e9\"><br \/>\n\t\t\t\t\t\t\t<img decoding=\"async\" width=\"360\" height=\"270\" src=\"https:\/\/autorai.nl\/wp-content\/uploads\/2024\/09\/audi-q5-derde-generatie-2024-foto53-360x270.jpg\" class=\"attachment-small size-small\" alt=\"\" loading=\"lazy\"><i class=\"fa fa-search-plus\" aria-hidden=\"true\"><\/i><br \/>\n\t\t\t\t\t\t<\/span><br \/>\n\t\t\t\t\t<\/figure>\n<figure>\n\t\t\t\t\t<span style=\"cursor: pointer\" data-src=\"https:\/\/autorai.nl\/wp-content\/uploads\/2024\/09\/audi-q5-derde-generatie-2024-foto52-1600x1200.jpg\" data-fancybox=\"galery-0\" title=\"D\u00e9tail, Couleur : Ultra bleu m\u00e9tallis\u00e9\"><br \/>\n\t\t\t\t\t\t\t<img decoding=\"async\" width=\"360\" height=\"270\" src=\"https:\/\/autorai.nl\/wp-content\/uploads\/2024\/09\/audi-q5-derde-generatie-2024-foto52-360x270.jpg\" class=\"attachment-small size-small\" alt=\"\" loading=\"lazy\"><i class=\"fa fa-search-plus\" aria-hidden=\"true\"><\/i><br \/>\n\t\t\t\t\t\t<\/span><br \/>\n\t\t\t\t\t<\/figure>\n<figure>\n\t\t\t\t\t<span style=\"cursor: pointer\" data-src=\"https:\/\/autorai.nl\/wp-content\/uploads\/2024\/09\/audi-q5-derde-generatie-2024-foto51-1600x1199.jpg\" data-fancybox=\"galery-0\" title=\"D\u00e9tail, Couleur : Ultra bleu m\u00e9tallis\u00e9\"><br \/>\n\t\t\t\t\t\t\t<img decoding=\"async\" width=\"640\" height=\"480\" src=\"https:\/\/autorai.nl\/wp-content\/uploads\/2024\/09\/audi-q5-derde-generatie-2024-foto51-640x480.jpg\" class=\"attachment-medium size-medium\" alt=\"\" loading=\"lazy\"><i class=\"fa fa-search-plus\" aria-hidden=\"true\"><\/i><br \/>\n\t\t\t\t\t\t<\/span><br \/>\n\t\t\t\t\t<\/figure>\n<figure>\n\t\t\t\t\t<span style=\"cursor: pointer\" data-src=\"https:\/\/autorai.nl\/wp-content\/uploads\/2024\/09\/audi-q5-derde-generatie-2024-foto50-1600x1200.jpg\" data-fancybox=\"galery-0\" title=\"D\u00e9tail, Couleur : Ultra bleu m\u00e9tallis\u00e9\"><br \/>\n\t\t\t\t\t\t\t<img decoding=\"async\" width=\"360\" height=\"270\" src=\"https:\/\/autorai.nl\/wp-content\/uploads\/2024\/09\/audi-q5-derde-generatie-2024-foto50-360x270.jpg\" class=\"attachment-small size-small\" alt=\"\" loading=\"lazy\"><i class=\"fa fa-search-plus\" aria-hidden=\"true\"><\/i><br \/>\n\t\t\t\t\t\t<\/span><br \/>\n\t\t\t\t\t<\/figure>\n<figure>\n\t\t\t\t\t<span style=\"cursor: pointer\" data-src=\"https:\/\/autorai.nl\/wp-content\/uploads\/2024\/09\/audi-q5-derde-generatie-2024-foto49-1600x1199.jpg\" data-fancybox=\"galery-0\" title=\"D\u00e9tail, Couleur : Ultra bleu m\u00e9tallis\u00e9\"><br \/>\n\t\t\t\t\t\t\t<img decoding=\"async\" width=\"360\" height=\"270\" src=\"https:\/\/autorai.nl\/wp-content\/uploads\/2024\/09\/audi-q5-derde-generatie-2024-foto49-360x270.jpg\" class=\"attachment-small size-small\" alt=\"\" loading=\"lazy\"><i class=\"fa fa-search-plus\" aria-hidden=\"true\"><\/i><br \/>\n\t\t\t\t\t\t<\/span><br \/>\n\t\t\t\t\t<\/figure>\n<figure>\n\t\t\t\t\t<span style=\"cursor: pointer\" data-src=\"https:\/\/autorai.nl\/wp-content\/uploads\/2024\/09\/audi-q5-derde-generatie-2024-foto48-1600x1200.jpg\" data-fancybox=\"galery-0\" title=\"D\u00e9tail, Couleur : Ultra bleu m\u00e9tallis\u00e9\"><br \/>\n\t\t\t\t\t\t\t<img decoding=\"async\" width=\"640\" height=\"480\" src=\"https:\/\/autorai.nl\/wp-content\/uploads\/2024\/09\/audi-q5-derde-generatie-2024-foto48-640x480.jpg\" class=\"attachment-medium size-medium\" alt=\"\" loading=\"lazy\"><i class=\"fa fa-search-plus\" aria-hidden=\"true\"><\/i><br \/>\n\t\t\t\t\t\t<\/span><br \/>\n\t\t\t\t\t<\/figure>\n<figure>\n\t\t\t\t\t<span style=\"cursor: pointer\" data-src=\"https:\/\/autorai.nl\/wp-content\/uploads\/2024\/09\/audi-q5-derde-generatie-2024-foto47-1600x1200.jpg\" data-fancybox=\"galery-0\" title=\"Photo statique, Couleur : Bleu ultra m\u00e9tallis\u00e9\"><br \/>\n\t\t\t\t\t\t\t<img decoding=\"async\" width=\"360\" height=\"270\" src=\"https:\/\/autorai.nl\/wp-content\/uploads\/2024\/09\/audi-q5-derde-generatie-2024-foto47-360x270.jpg\" class=\"attachment-small size-small\" alt=\"\" loading=\"lazy\"><i class=\"fa fa-search-plus\" aria-hidden=\"true\"><\/i><br \/>\n\t\t\t\t\t\t<\/span><br \/>\n\t\t\t\t\t<\/figure>\n<figure>\n\t\t\t\t\t<span style=\"cursor: pointer\" data-src=\"https:\/\/autorai.nl\/wp-content\/uploads\/2024\/09\/audi-q5-derde-generatie-2024-foto46-1600x1200.jpg\" data-fancybox=\"galery-0\" title=\"Photo statique, Couleur : Bleu ultra m\u00e9tallis\u00e9\"><br \/>\n\t\t\t\t\t\t\t<img decoding=\"async\" width=\"360\" height=\"270\" src=\"https:\/\/autorai.nl\/wp-content\/uploads\/2024\/09\/audi-q5-derde-generatie-2024-foto46-360x270.jpg\" class=\"attachment-small size-small\" alt=\"\" loading=\"lazy\"><i class=\"fa fa-search-plus\" aria-hidden=\"true\"><\/i><br \/>\n\t\t\t\t\t\t<\/span><br \/>\n\t\t\t\t\t<\/figure>\n<figure>\n\t\t\t\t\t<span style=\"cursor: pointer\" data-src=\"https:\/\/autorai.nl\/wp-content\/uploads\/2024\/09\/audi-q5-derde-generatie-2024-foto45-1600x1200.jpg\" data-fancybox=\"galery-0\" title=\"Photo statique, Couleur : Bleu ultra m\u00e9tallis\u00e9\"><br \/>\n\t\t\t\t\t\t\t<img decoding=\"async\" width=\"640\" height=\"480\" src=\"https:\/\/autorai.nl\/wp-content\/uploads\/2024\/09\/audi-q5-derde-generatie-2024-foto45-640x480.jpg\" class=\"attachment-medium size-medium\" alt=\"\" loading=\"lazy\"><i class=\"fa fa-search-plus\" aria-hidden=\"true\"><\/i><br \/>\n\t\t\t\t\t\t<\/span><br \/>\n\t\t\t\t\t<\/figure>\n<figure>\n\t\t\t\t\t<span style=\"cursor: pointer\" data-src=\"https:\/\/autorai.nl\/wp-content\/uploads\/2024\/09\/audi-q5-derde-generatie-2024-foto44-1600x1200.jpg\" data-fancybox=\"galery-0\" title=\"Photo statique, Couleur : Bleu ultra m\u00e9tallis\u00e9\"><br \/>\n\t\t\t\t\t\t\t<img decoding=\"async\" width=\"360\" height=\"270\" src=\"https:\/\/autorai.nl\/wp-content\/uploads\/2024\/09\/audi-q5-derde-generatie-2024-foto44-360x270.jpg\" class=\"attachment-small size-small\" alt=\"\" loading=\"lazy\"><i class=\"fa fa-search-plus\" aria-hidden=\"true\"><\/i><br \/>\n\t\t\t\t\t\t<\/span><br \/>\n\t\t\t\t\t<\/figure>\n<figure>\n\t\t\t\t\t<span style=\"cursor: pointer\" data-src=\"https:\/\/autorai.nl\/wp-content\/uploads\/2024\/09\/audi-q5-derde-generatie-2024-foto43-1600x1200.jpg\" data-fancybox=\"galery-0\" title=\"Photo statique, Couleur : Bleu ultra m\u00e9tallis\u00e9\"><br \/>\n\t\t\t\t\t\t\t<img decoding=\"async\" width=\"360\" height=\"270\" src=\"https:\/\/autorai.nl\/wp-content\/uploads\/2024\/09\/audi-q5-derde-generatie-2024-foto43-360x270.jpg\" class=\"attachment-small size-small\" alt=\"\" loading=\"lazy\"><i class=\"fa fa-search-plus\" aria-hidden=\"true\"><\/i><br \/>\n\t\t\t\t\t\t<\/span><br \/>\n\t\t\t\t\t<\/figure>\n<figure>\n\t\t\t\t\t<span style=\"cursor: pointer\" data-src=\"https:\/\/autorai.nl\/wp-content\/uploads\/2024\/09\/audi-q5-derde-generatie-2024-foto42-1600x1200.jpg\" data-fancybox=\"galery-0\" title=\"Photo statique, Couleur : Bleu ultra m\u00e9tallis\u00e9\"><br \/>\n\t\t\t\t\t\t\t<img decoding=\"async\" width=\"640\" height=\"480\" src=\"https:\/\/autorai.nl\/wp-content\/uploads\/2024\/09\/audi-q5-derde-generatie-2024-foto42-640x480.jpg\" class=\"attachment-medium size-medium\" alt=\"\" loading=\"lazy\"><i class=\"fa fa-search-plus\" aria-hidden=\"true\"><\/i><br \/>\n\t\t\t\t\t\t<\/span><br \/>\n\t\t\t\t\t<\/figure>\n<figure>\n\t\t\t\t\t<span style=\"cursor: pointer\" data-src=\"https:\/\/autorai.nl\/wp-content\/uploads\/2024\/09\/audi-q5-derde-generatie-2024-foto41-1600x1195.jpg\" data-fancybox=\"galery-0\" title=\"Photo statique, Couleur : Bleu ultra m\u00e9tallis\u00e9\"><br \/>\n\t\t\t\t\t\t\t<img decoding=\"async\" width=\"360\" height=\"270\" src=\"https:\/\/autorai.nl\/wp-content\/uploads\/2024\/09\/audi-q5-derde-generatie-2024-foto41-360x270.jpg\" class=\"attachment-small size-small\" alt=\"\" loading=\"lazy\"><i class=\"fa fa-search-plus\" aria-hidden=\"true\"><\/i><br \/>\n\t\t\t\t\t\t<\/span><br \/>\n\t\t\t\t\t<\/figure>\n<figure>\n\t\t\t\t\t<span style=\"cursor: pointer\" data-src=\"https:\/\/autorai.nl\/wp-content\/uploads\/2024\/09\/audi-q5-derde-generatie-2024-foto40-1600x1197.jpg\" data-fancybox=\"galery-0\" title=\"Photo statique, Couleur : Bleu ultra m\u00e9tallis\u00e9\"><br \/>\n\t\t\t\t\t\t\t<img decoding=\"async\" width=\"360\" height=\"270\" src=\"https:\/\/autorai.nl\/wp-content\/uploads\/2024\/09\/audi-q5-derde-generatie-2024-foto40-360x270.jpg\" class=\"attachment-small size-small\" alt=\"\" loading=\"lazy\"><i class=\"fa fa-search-plus\" aria-hidden=\"true\"><\/i><br \/>\n\t\t\t\t\t\t<\/span><br \/>\n\t\t\t\t\t<\/figure>\n<figure>\n\t\t\t\t\t<span style=\"cursor: pointer\" data-src=\"https:\/\/autorai.nl\/wp-content\/uploads\/2024\/09\/audi-q5-derde-generatie-2024-foto39-1600x1067.jpg\" data-fancybox=\"galery-0\" title=\"Photo statique, Couleur : gris Daytona effet perl\"><br \/>\n\t\t\t\t\t\t\t<img decoding=\"async\" width=\"640\" height=\"480\" src=\"https:\/\/autorai.nl\/wp-content\/uploads\/2024\/09\/audi-q5-derde-generatie-2024-foto39-640x480.jpg\" class=\"attachment-medium size-medium\" alt=\"\" loading=\"lazy\"><i class=\"fa fa-search-plus\" aria-hidden=\"true\"><\/i><br \/>\n\t\t\t\t\t\t<\/span><br \/>\n\t\t\t\t\t<\/figure>\n<figure>\n\t\t\t\t\t<span style=\"cursor: pointer\" data-src=\"https:\/\/autorai.nl\/wp-content\/uploads\/2024\/09\/audi-q5-derde-generatie-2024-foto38-1600x1200.jpg\" data-fancybox=\"galery-0\" title=\"Photo statique, Couleur : gris Daytona effet perl\"><br \/>\n\t\t\t\t\t\t\t<img decoding=\"async\" width=\"360\" height=\"270\" src=\"https:\/\/autorai.nl\/wp-content\/uploads\/2024\/09\/audi-q5-derde-generatie-2024-foto38-360x270.jpg\" class=\"attachment-small size-small\" alt=\"\" loading=\"lazy\"><i class=\"fa fa-search-plus\" aria-hidden=\"true\"><\/i><br \/>\n\t\t\t\t\t\t<\/span><br \/>\n\t\t\t\t\t<\/figure>\n<figure>\n\t\t\t\t\t<span style=\"cursor: pointer\" data-src=\"https:\/\/autorai.nl\/wp-content\/uploads\/2024\/09\/audi-q5-derde-generatie-2024-foto37-1600x1200.jpg\" data-fancybox=\"galery-0\" title=\"Photo statique, Couleur : gris Daytona effet perl\"><br \/>\n\t\t\t\t\t\t\t<img decoding=\"async\" width=\"360\" height=\"270\" src=\"https:\/\/autorai.nl\/wp-content\/uploads\/2024\/09\/audi-q5-derde-generatie-2024-foto37-360x270.jpg\" class=\"attachment-small size-small\" alt=\"\" loading=\"lazy\"><i class=\"fa fa-search-plus\" aria-hidden=\"true\"><\/i><br \/>\n\t\t\t\t\t\t<\/span><br \/>\n\t\t\t\t\t<\/figure>\n<figure>\n\t\t\t\t\t<span style=\"cursor: pointer\" data-src=\"https:\/\/autorai.nl\/wp-content\/uploads\/2024\/09\/audi-q5-derde-generatie-2024-foto36-1600x1200.jpg\" data-fancybox=\"galery-0\" title=\"Photo statique, Couleur : gris Daytona effet perl\"><br \/>\n\t\t\t\t\t\t\t<img decoding=\"async\" width=\"640\" height=\"480\" src=\"https:\/\/autorai.nl\/wp-content\/uploads\/2024\/09\/audi-q5-derde-generatie-2024-foto36-640x480.jpg\" class=\"attachment-medium size-medium\" alt=\"\" loading=\"lazy\"><i class=\"fa fa-search-plus\" aria-hidden=\"true\"><\/i><br \/>\n\t\t\t\t\t\t<\/span><br \/>\n\t\t\t\t\t<\/figure>\n<figure>\n\t\t\t\t\t<span style=\"cursor: pointer\" data-src=\"https:\/\/autorai.nl\/wp-content\/uploads\/2024\/09\/audi-q5-derde-generatie-2024-foto35-1600x1200.jpg\" data-fancybox=\"galery-0\" title=\"Photo statique, Couleur : gris Daytona effet perl\"><br \/>\n\t\t\t\t\t\t\t<img decoding=\"async\" width=\"360\" height=\"270\" src=\"https:\/\/autorai.nl\/wp-content\/uploads\/2024\/09\/audi-q5-derde-generatie-2024-foto35-360x270.jpg\" class=\"attachment-small size-small\" alt=\"\" loading=\"lazy\"><i class=\"fa fa-search-plus\" aria-hidden=\"true\"><\/i><br \/>\n\t\t\t\t\t\t<\/span><br \/>\n\t\t\t\t\t<\/figure>\n<figure>\n\t\t\t\t\t<span style=\"cursor: pointer\" data-src=\"https:\/\/autorai.nl\/wp-content\/uploads\/2024\/09\/audi-q5-derde-generatie-2024-foto34-1600x1067.jpg\" data-fancybox=\"galery-0\" title=\"Photo dynamique, Couleur : gris Daytona effet perl\"><br \/>\n\t\t\t\t\t\t\t<img decoding=\"async\" width=\"360\" height=\"270\" src=\"https:\/\/autorai.nl\/wp-content\/uploads\/2024\/09\/audi-q5-derde-generatie-2024-foto34-360x270.jpg\" class=\"attachment-small size-small\" alt=\"\" loading=\"lazy\"><i class=\"fa fa-search-plus\" aria-hidden=\"true\"><\/i><br \/>\n\t\t\t\t\t\t<\/span><br \/>\n\t\t\t\t\t<\/figure>\n<figure>\n\t\t\t\t\t<span style=\"cursor: pointer\" data-src=\"https:\/\/autorai.nl\/wp-content\/uploads\/2024\/09\/audi-q5-derde-generatie-2024-foto33-1600x1067.jpg\" data-fancybox=\"galery-0\" title=\"Photo dynamique, Couleur : gris Daytona effet perl\"><br \/>\n\t\t\t\t\t\t\t<img decoding=\"async\" width=\"640\" height=\"480\" src=\"https:\/\/autorai.nl\/wp-content\/uploads\/2024\/09\/audi-q5-derde-generatie-2024-foto33-640x480.jpg\" class=\"attachment-medium size-medium\" alt=\"\" loading=\"lazy\"><i class=\"fa fa-search-plus\" aria-hidden=\"true\"><\/i><br \/>\n\t\t\t\t\t\t<\/span><br \/>\n\t\t\t\t\t<\/figure>\n<figure>\n\t\t\t\t\t<span style=\"cursor: pointer\" data-src=\"https:\/\/autorai.nl\/wp-content\/uploads\/2024\/09\/audi-q5-derde-generatie-2024-foto32-1600x1067.jpg\" data-fancybox=\"galery-0\" title=\"Photo dynamique, Couleur : gris Daytona effet perl\"><br \/>\n\t\t\t\t\t\t\t<img decoding=\"async\" width=\"360\" height=\"270\" src=\"https:\/\/autorai.nl\/wp-content\/uploads\/2024\/09\/audi-q5-derde-generatie-2024-foto32-360x270.jpg\" class=\"attachment-small size-small\" alt=\"\" loading=\"lazy\"><i class=\"fa fa-search-plus\" aria-hidden=\"true\"><\/i><br \/>\n\t\t\t\t\t\t<\/span><br \/>\n\t\t\t\t\t<\/figure>\n<figure>\n\t\t\t\t\t<span style=\"cursor: pointer\" data-src=\"https:\/\/autorai.nl\/wp-content\/uploads\/2024\/09\/audi-q5-derde-generatie-2024-foto31-1600x1067.jpg\" data-fancybox=\"galery-0\" title=\"Photo dynamique, Couleur : gris Daytona effet perl\"><br \/>\n\t\t\t\t\t\t\t<img decoding=\"async\" width=\"360\" height=\"270\" src=\"https:\/\/autorai.nl\/wp-content\/uploads\/2024\/09\/audi-q5-derde-generatie-2024-foto31-360x270.jpg\" class=\"attachment-small size-small\" alt=\"\" loading=\"lazy\"><i class=\"fa fa-search-plus\" aria-hidden=\"true\"><\/i><br \/>\n\t\t\t\t\t\t<\/span><br \/>\n\t\t\t\t\t<\/figure>\n<figure>\n\t\t\t\t\t<span style=\"cursor: pointer\" data-src=\"https:\/\/autorai.nl\/wp-content\/uploads\/2024\/09\/audi-q5-derde-generatie-2024-foto30-1600x1067.jpg\" data-fancybox=\"galery-0\" title=\"Photo dynamique, Couleur : gris Daytona effet perl\"><br \/>\n\t\t\t\t\t\t\t<img decoding=\"async\" width=\"640\" height=\"480\" src=\"https:\/\/autorai.nl\/wp-content\/uploads\/2024\/09\/audi-q5-derde-generatie-2024-foto30-640x480.jpg\" class=\"attachment-medium size-medium\" alt=\"\" loading=\"lazy\"><i class=\"fa fa-search-plus\" aria-hidden=\"true\"><\/i><br \/>\n\t\t\t\t\t\t<\/span><br \/>\n\t\t\t\t\t<\/figure>\n<figure>\n\t\t\t\t\t<span style=\"cursor: pointer\" data-src=\"https:\/\/autorai.nl\/wp-content\/uploads\/2024\/09\/audi-q5-derde-generatie-2024-foto29-1600x1067.jpg\" data-fancybox=\"galery-0\" title=\"Photo dynamique, Couleur : gris Daytona effet perl\"><br \/>\n\t\t\t\t\t\t\t<img decoding=\"async\" width=\"360\" height=\"270\" src=\"https:\/\/autorai.nl\/wp-content\/uploads\/2024\/09\/audi-q5-derde-generatie-2024-foto29-360x270.jpg\" class=\"attachment-small size-small\" alt=\"\" loading=\"lazy\"><i class=\"fa fa-search-plus\" aria-hidden=\"true\"><\/i><br \/>\n\t\t\t\t\t\t<\/span><br \/>\n\t\t\t\t\t<\/figure>\n<figure>\n\t\t\t\t\t<span style=\"cursor: pointer\" data-src=\"https:\/\/autorai.nl\/wp-content\/uploads\/2024\/09\/audi-q5-derde-generatie-2024-foto28-1600x1200.jpg\" data-fancybox=\"galery-0\" title=\"Interior\"><br \/>\n\t\t\t\t\t\t\t<img decoding=\"async\" width=\"360\" height=\"270\" src=\"https:\/\/autorai.nl\/wp-content\/uploads\/2024\/09\/audi-q5-derde-generatie-2024-foto28-360x270.jpg\" class=\"attachment-small size-small\" alt=\"\" loading=\"lazy\"><i class=\"fa fa-search-plus\" aria-hidden=\"true\"><\/i><br \/>\n\t\t\t\t\t\t<\/span><br \/>\n\t\t\t\t\t<\/figure>\n<figure>\n\t\t\t\t\t<span style=\"cursor: pointer\" data-src=\"https:\/\/autorai.nl\/wp-content\/uploads\/2024\/09\/audi-q5-derde-generatie-2024-foto27-1600x1200.jpg\" data-fancybox=\"galery-0\" title=\"Interior\"><br \/>\n\t\t\t\t\t\t\t<img decoding=\"async\" width=\"640\" height=\"480\" src=\"https:\/\/autorai.nl\/wp-content\/uploads\/2024\/09\/audi-q5-derde-generatie-2024-foto27-640x480.jpg\" class=\"attachment-medium size-medium\" alt=\"\" loading=\"lazy\"><i class=\"fa fa-search-plus\" aria-hidden=\"true\"><\/i><br \/>\n\t\t\t\t\t\t<\/span><br \/>\n\t\t\t\t\t<\/figure>\n<figure>\n\t\t\t\t\t<span style=\"cursor: pointer\" data-src=\"https:\/\/autorai.nl\/wp-content\/uploads\/2024\/09\/audi-q5-derde-generatie-2024-foto26-1600x1200.jpg\" data-fancybox=\"galery-0\" title=\"D\u00e9tail\"><br \/>\n\t\t\t\t\t\t\t<img decoding=\"async\" width=\"360\" height=\"270\" src=\"https:\/\/autorai.nl\/wp-content\/uploads\/2024\/09\/audi-q5-derde-generatie-2024-foto26-360x270.jpg\" class=\"attachment-small size-small\" alt=\"\" loading=\"lazy\"><i class=\"fa fa-search-plus\" aria-hidden=\"true\"><\/i><br \/>\n\t\t\t\t\t\t<\/span><br \/>\n\t\t\t\t\t<\/figure>\n<figure>\n\t\t\t\t\t<span style=\"cursor: pointer\" data-src=\"https:\/\/autorai.nl\/wp-content\/uploads\/2024\/09\/audi-q5-derde-generatie-2024-foto25-1600x1200.jpg\" data-fancybox=\"galery-0\" title=\"D\u00e9tail\"><br \/>\n\t\t\t\t\t\t\t<img decoding=\"async\" width=\"360\" height=\"270\" src=\"https:\/\/autorai.nl\/wp-content\/uploads\/2024\/09\/audi-q5-derde-generatie-2024-foto25-360x270.jpg\" class=\"attachment-small size-small\" alt=\"\" loading=\"lazy\"><i class=\"fa fa-search-plus\" aria-hidden=\"true\"><\/i><br \/>\n\t\t\t\t\t\t<\/span><br \/>\n\t\t\t\t\t<\/figure>\n<figure>\n\t\t\t\t\t<span style=\"cursor: pointer\" data-src=\"https:\/\/autorai.nl\/wp-content\/uploads\/2024\/09\/audi-q5-derde-generatie-2024-foto24-1600x1200.jpg\" data-fancybox=\"galery-0\" title=\"Cockpit\"><br \/>\n\t\t\t\t\t\t\t<img decoding=\"async\" width=\"640\" height=\"480\" src=\"https:\/\/autorai.nl\/wp-content\/uploads\/2024\/09\/audi-q5-derde-generatie-2024-foto24-640x480.jpg\" class=\"attachment-medium size-medium\" alt=\"\" loading=\"lazy\"><i class=\"fa fa-search-plus\" aria-hidden=\"true\"><\/i><br \/>\n\t\t\t\t\t\t<\/span><br \/>\n\t\t\t\t\t<\/figure>\n<figure>\n\t\t\t\t\t<span style=\"cursor: pointer\" data-src=\"https:\/\/autorai.nl\/wp-content\/uploads\/2024\/09\/audi-q5-derde-generatie-2024-foto23-1600x1200.jpg\" data-fancybox=\"galery-0\" title=\"Interior\"><br \/>\n\t\t\t\t\t\t\t<img decoding=\"async\" width=\"360\" height=\"270\" src=\"https:\/\/autorai.nl\/wp-content\/uploads\/2024\/09\/audi-q5-derde-generatie-2024-foto23-360x270.jpg\" class=\"attachment-small size-small\" alt=\"\" loading=\"lazy\"><i class=\"fa fa-search-plus\" aria-hidden=\"true\"><\/i><br \/>\n\t\t\t\t\t\t<\/span><br \/>\n\t\t\t\t\t<\/figure>\n<figure>\n\t\t\t\t\t<span style=\"cursor: pointer\" data-src=\"https:\/\/autorai.nl\/wp-content\/uploads\/2024\/09\/audi-q5-derde-generatie-2024-foto22-1600x1200.jpg\" data-fancybox=\"galery-0\" title=\"Compartiment \u00e0 bagages\"><br \/>\n\t\t\t\t\t\t\t<img decoding=\"async\" width=\"360\" height=\"270\" src=\"https:\/\/autorai.nl\/wp-content\/uploads\/2024\/09\/audi-q5-derde-generatie-2024-foto22-360x270.jpg\" class=\"attachment-small size-small\" alt=\"\" loading=\"lazy\"><i class=\"fa fa-search-plus\" aria-hidden=\"true\"><\/i><br \/>\n\t\t\t\t\t\t<\/span><br \/>\n\t\t\t\t\t<\/figure>\n<figure>\n\t\t\t\t\t<span style=\"cursor: pointer\" data-src=\"https:\/\/autorai.nl\/wp-content\/uploads\/2024\/09\/audi-q5-derde-generatie-2024-foto21-1600x1200.jpg\" data-fancybox=\"galery-0\" title=\"D\u00e9tail, Couleur : Daytona grey perl effect\"><br \/>\n\t\t\t\t\t\t\t<img decoding=\"async\" width=\"640\" height=\"480\" src=\"https:\/\/autorai.nl\/wp-content\/uploads\/2024\/09\/audi-q5-derde-generatie-2024-foto21-640x480.jpg\" class=\"attachment-medium size-medium\" alt=\"\" loading=\"lazy\"><i class=\"fa fa-search-plus\" aria-hidden=\"true\"><\/i><br \/>\n\t\t\t\t\t\t<\/span><br \/>\n\t\t\t\t\t<\/figure>\n<figure>\n\t\t\t\t\t<span style=\"cursor: pointer\" data-src=\"https:\/\/autorai.nl\/wp-content\/uploads\/2024\/09\/audi-q5-derde-generatie-2024-foto20-1600x1200.jpg\" data-fancybox=\"galery-0\" title=\"Photo statique, Couleur : gris Daytona effet perl\"><br \/>\n\t\t\t\t\t\t\t<img decoding=\"async\" width=\"360\" height=\"270\" src=\"https:\/\/autorai.nl\/wp-content\/uploads\/2024\/09\/audi-q5-derde-generatie-2024-foto20-360x270.jpg\" class=\"attachment-small size-small\" alt=\"\" loading=\"lazy\"><i class=\"fa fa-search-plus\" aria-hidden=\"true\"><\/i><br \/>\n\t\t\t\t\t\t<\/span><br \/>\n\t\t\t\t\t<\/figure>\n<figure>\n\t\t\t\t\t<span style=\"cursor: pointer\" data-src=\"https:\/\/autorai.nl\/wp-content\/uploads\/2024\/09\/audi-q5-derde-generatie-2024-foto19-1600x1200.jpg\" data-fancybox=\"galery-0\" title=\"Photo statique, Couleur : gris Daytona effet perl\"><br \/>\n\t\t\t\t\t\t\t<img decoding=\"async\" width=\"360\" height=\"270\" src=\"https:\/\/autorai.nl\/wp-content\/uploads\/2024\/09\/audi-q5-derde-generatie-2024-foto19-360x270.jpg\" class=\"attachment-small size-small\" alt=\"\" loading=\"lazy\"><i class=\"fa fa-search-plus\" aria-hidden=\"true\"><\/i><br \/>\n\t\t\t\t\t\t<\/span><br \/>\n\t\t\t\t\t<\/figure>\n<figure>\n\t\t\t\t\t<span style=\"cursor: pointer\" data-src=\"https:\/\/autorai.nl\/wp-content\/uploads\/2024\/09\/audi-q5-derde-generatie-2024-foto18-1600x1200.jpg\" data-fancybox=\"galery-0\" title=\"Photo statique, Couleur : gris Daytona effet perl\"><br \/>\n\t\t\t\t\t\t\t<img decoding=\"async\" width=\"640\" height=\"480\" src=\"https:\/\/autorai.nl\/wp-content\/uploads\/2024\/09\/audi-q5-derde-generatie-2024-foto18-640x480.jpg\" class=\"attachment-medium size-medium\" alt=\"\" loading=\"lazy\"><i class=\"fa fa-search-plus\" aria-hidden=\"true\"><\/i><br \/>\n\t\t\t\t\t\t<\/span><br \/>\n\t\t\t\t\t<\/figure>\n<figure>\n\t\t\t\t\t<span style=\"cursor: pointer\" data-src=\"https:\/\/autorai.nl\/wp-content\/uploads\/2024\/09\/audi-q5-derde-generatie-2024-foto17-1600x1200.jpg\" data-fancybox=\"galery-0\" title=\"Photo statique, Couleur : gris Daytona effet perl\"><br \/>\n\t\t\t\t\t\t\t<img decoding=\"async\" width=\"360\" height=\"270\" src=\"https:\/\/autorai.nl\/wp-content\/uploads\/2024\/09\/audi-q5-derde-generatie-2024-foto17-360x270.jpg\" class=\"attachment-small size-small\" alt=\"\" loading=\"lazy\"><i class=\"fa fa-search-plus\" aria-hidden=\"true\"><\/i><br \/>\n\t\t\t\t\t\t<\/span><br \/>\n\t\t\t\t\t<\/figure>\n<figure>\n\t\t\t\t\t<span style=\"cursor: pointer\" data-src=\"https:\/\/autorai.nl\/wp-content\/uploads\/2024\/09\/audi-q5-derde-generatie-2024-foto16-1600x1200.jpg\" data-fancybox=\"galery-0\" title=\"Photo statique, Couleur : gris Daytona effet perl\"><br \/>\n\t\t\t\t\t\t\t<img decoding=\"async\" width=\"360\" height=\"270\" src=\"https:\/\/autorai.nl\/wp-content\/uploads\/2024\/09\/audi-q5-derde-generatie-2024-foto16-360x270.jpg\" class=\"attachment-small size-small\" alt=\"\" loading=\"lazy\"><i class=\"fa fa-search-plus\" aria-hidden=\"true\"><\/i><br \/>\n\t\t\t\t\t\t<\/span><br \/>\n\t\t\t\t\t<\/figure>\n<figure>\n\t\t\t\t\t<span style=\"cursor: pointer\" data-src=\"https:\/\/autorai.nl\/wp-content\/uploads\/2024\/09\/audi-q5-derde-generatie-2024-foto15-1600x1200.jpg\" data-fancybox=\"galery-0\" title=\"Photo statique, Couleur : gris Daytona effet perl\"><br \/>\n\t\t\t\t\t\t\t<img decoding=\"async\" width=\"640\" height=\"480\" src=\"https:\/\/autorai.nl\/wp-content\/uploads\/2024\/09\/audi-q5-derde-generatie-2024-foto15-640x480.jpg\" class=\"attachment-medium size-medium\" alt=\"\" loading=\"lazy\"><i class=\"fa fa-search-plus\" aria-hidden=\"true\"><\/i><br \/>\n\t\t\t\t\t\t<\/span><br \/>\n\t\t\t\t\t<\/figure>\n<figure>\n\t\t\t\t\t<span style=\"cursor: pointer\" data-src=\"https:\/\/autorai.nl\/wp-content\/uploads\/2024\/09\/audi-q5-derde-generatie-2024-foto14-1600x1200.jpg\" data-fancybox=\"galery-0\" title=\"D\u00e9tail, Couleur : Daytona grey perl effect\"><br \/>\n\t\t\t\t\t\t\t<img decoding=\"async\" width=\"360\" height=\"270\" src=\"https:\/\/autorai.nl\/wp-content\/uploads\/2024\/09\/audi-q5-derde-generatie-2024-foto14-360x270.jpg\" class=\"attachment-small size-small\" alt=\"\" loading=\"lazy\"><i class=\"fa fa-search-plus\" aria-hidden=\"true\"><\/i><br \/>\n\t\t\t\t\t\t<\/span><br \/>\n\t\t\t\t\t<\/figure>\n<figure>\n\t\t\t\t\t<span style=\"cursor: pointer\" data-src=\"https:\/\/autorai.nl\/wp-content\/uploads\/2024\/09\/audi-q5-derde-generatie-2024-foto13-1600x1200.jpg\" data-fancybox=\"galery-0\" title=\"D\u00e9tail, Couleur : Daytona grey perl effect\"><br \/>\n\t\t\t\t\t\t\t<img decoding=\"async\" width=\"360\" height=\"270\" src=\"https:\/\/autorai.nl\/wp-content\/uploads\/2024\/09\/audi-q5-derde-generatie-2024-foto13-360x270.jpg\" class=\"attachment-small size-small\" alt=\"\" loading=\"lazy\"><i class=\"fa fa-search-plus\" aria-hidden=\"true\"><\/i><br \/>\n\t\t\t\t\t\t<\/span><br \/>\n\t\t\t\t\t<\/figure>\n<figure>\n\t\t\t\t\t<span style=\"cursor: pointer\" data-src=\"https:\/\/autorai.nl\/wp-content\/uploads\/2024\/09\/audi-q5-derde-generatie-2024-foto12-1600x1200.jpg\" data-fancybox=\"galery-0\" title=\"D\u00e9tail, Couleur : Daytona grey perl effect\"><br \/>\n\t\t\t\t\t\t\t<img decoding=\"async\" width=\"640\" height=\"480\" src=\"https:\/\/autorai.nl\/wp-content\/uploads\/2024\/09\/audi-q5-derde-generatie-2024-foto12-640x480.jpg\" class=\"attachment-medium size-medium\" alt=\"\" loading=\"lazy\"><i class=\"fa fa-search-plus\" aria-hidden=\"true\"><\/i><br \/>\n\t\t\t\t\t\t<\/span><br \/>\n\t\t\t\t\t<\/figure>\n<figure>\n\t\t\t\t\t<span style=\"cursor: pointer\" data-src=\"https:\/\/autorai.nl\/wp-content\/uploads\/2024\/09\/audi-q5-derde-generatie-2024-foto11-1600x1201.jpg\" data-fancybox=\"galery-0\" title=\"Photo statique, Couleur : gris Daytona effet perl\"><br \/>\n\t\t\t\t\t\t\t<img decoding=\"async\" width=\"360\" height=\"270\" src=\"https:\/\/autorai.nl\/wp-content\/uploads\/2024\/09\/audi-q5-derde-generatie-2024-foto11-360x270.jpg\" class=\"attachment-small size-small\" alt=\"\" loading=\"lazy\"><i class=\"fa fa-search-plus\" aria-hidden=\"true\"><\/i><br \/>\n\t\t\t\t\t\t<\/span><br \/>\n\t\t\t\t\t<\/figure>\n<figure>\n\t\t\t\t\t<span style=\"cursor: pointer\" data-src=\"https:\/\/autorai.nl\/wp-content\/uploads\/2024\/09\/audi-q5-derde-generatie-2024-foto10-1600x1200.jpg\" data-fancybox=\"galery-0\" title=\"Photo statique, Couleur : gris Daytona effet perl\"><br \/>\n\t\t\t\t\t\t\t<img decoding=\"async\" width=\"360\" height=\"270\" src=\"https:\/\/autorai.nl\/wp-content\/uploads\/2024\/09\/audi-q5-derde-generatie-2024-foto10-360x270.jpg\" class=\"attachment-small size-small\" alt=\"\" loading=\"lazy\"><i class=\"fa fa-search-plus\" aria-hidden=\"true\"><\/i><br \/>\n\t\t\t\t\t\t<\/span><br \/>\n\t\t\t\t\t<\/figure>\n<figure>\n\t\t\t\t\t<span style=\"cursor: pointer\" data-src=\"https:\/\/autorai.nl\/wp-content\/uploads\/2024\/09\/audi-q5-derde-generatie-2024-foto9-1600x1200.jpg\" data-fancybox=\"galery-0\" title=\"Photo statique, Couleur : gris Daytona effet perl\"><br \/>\n\t\t\t\t\t\t\t<img decoding=\"async\" width=\"640\" height=\"480\" src=\"https:\/\/autorai.nl\/wp-content\/uploads\/2024\/09\/audi-q5-derde-generatie-2024-foto9-640x480.jpg\" class=\"attachment-medium size-medium\" alt=\"\" loading=\"lazy\"><i class=\"fa fa-search-plus\" aria-hidden=\"true\"><\/i><br \/>\n\t\t\t\t\t\t<\/span><br \/>\n\t\t\t\t\t<\/figure>\n<figure>\n\t\t\t\t\t<span style=\"cursor: pointer\" data-src=\"https:\/\/autorai.nl\/wp-content\/uploads\/2024\/09\/audi-q5-derde-generatie-2024-foto8-1600x1200.jpg\" data-fancybox=\"galery-0\" title=\"Photo statique, Couleur : gris Daytona effet perl\"><br \/>\n\t\t\t\t\t\t\t<img decoding=\"async\" width=\"360\" height=\"270\" src=\"https:\/\/autorai.nl\/wp-content\/uploads\/2024\/09\/audi-q5-derde-generatie-2024-foto8-360x270.jpg\" class=\"attachment-small size-small\" alt=\"\" loading=\"lazy\"><i class=\"fa fa-search-plus\" aria-hidden=\"true\"><\/i><br \/>\n\t\t\t\t\t\t<\/span><br \/>\n\t\t\t\t\t<\/figure>\n<figure>\n\t\t\t\t\t<span style=\"cursor: pointer\" data-src=\"https:\/\/autorai.nl\/wp-content\/uploads\/2024\/09\/audi-q5-derde-generatie-2024-foto7-1600x1200.jpg\" data-fancybox=\"galery-0\" title=\"Photo statique, Couleur : gris Daytona effet perl\"><br \/>\n\t\t\t\t\t\t\t<img decoding=\"async\" width=\"360\" height=\"270\" src=\"https:\/\/autorai.nl\/wp-content\/uploads\/2024\/09\/audi-q5-derde-generatie-2024-foto7-360x270.jpg\" class=\"attachment-small size-small\" alt=\"\" loading=\"lazy\"><i class=\"fa fa-search-plus\" aria-hidden=\"true\"><\/i><br \/>\n\t\t\t\t\t\t<\/span><br \/>\n\t\t\t\t\t<\/figure>\n<figure>\n\t\t\t\t\t<span style=\"cursor: pointer\" data-src=\"https:\/\/autorai.nl\/wp-content\/uploads\/2024\/09\/audi-q5-derde-generatie-2024-foto6-1600x1067.jpg\" data-fancybox=\"galery-0\" title=\"Photo statique, Couleur : gris Daytona effet perl\"><br \/>\n\t\t\t\t\t\t\t<img decoding=\"async\" width=\"640\" height=\"480\" src=\"https:\/\/autorai.nl\/wp-content\/uploads\/2024\/09\/audi-q5-derde-generatie-2024-foto6-640x480.jpg\" class=\"attachment-medium size-medium\" alt=\"\" loading=\"lazy\"><i class=\"fa fa-search-plus\" aria-hidden=\"true\"><\/i><br \/>\n\t\t\t\t\t\t<\/span><br \/>\n\t\t\t\t\t<\/figure>\n<figure>\n\t\t\t\t\t<span style=\"cursor: pointer\" data-src=\"https:\/\/autorai.nl\/wp-content\/uploads\/2024\/09\/audi-q5-derde-generatie-2024-foto5-1600x1067.jpg\" data-fancybox=\"galery-0\" title=\"Photo statique, Couleur : gris Daytona effet perl\"><br \/>\n\t\t\t\t\t\t\t<img decoding=\"async\" width=\"360\" height=\"270\" src=\"https:\/\/autorai.nl\/wp-content\/uploads\/2024\/09\/audi-q5-derde-generatie-2024-foto5-360x270.jpg\" class=\"attachment-small size-small\" alt=\"\" loading=\"lazy\"><i class=\"fa fa-search-plus\" aria-hidden=\"true\"><\/i><br \/>\n\t\t\t\t\t\t<\/span><br \/>\n\t\t\t\t\t<\/figure>\n<figure>\n\t\t\t\t\t<span style=\"cursor: pointer\" data-src=\"https:\/\/autorai.nl\/wp-content\/uploads\/2024\/09\/audi-q5-derde-generatie-2024-foto4-1600x1067.jpg\" data-fancybox=\"galery-0\" title=\"Photo statique, Couleur : gris Daytona effet perl\"><br \/>\n\t\t\t\t\t\t\t<img decoding=\"async\" width=\"360\" height=\"270\" src=\"https:\/\/autorai.nl\/wp-content\/uploads\/2024\/09\/audi-q5-derde-generatie-2024-foto4-360x270.jpg\" class=\"attachment-small size-small\" alt=\"\" loading=\"lazy\"><i class=\"fa fa-search-plus\" aria-hidden=\"true\"><\/i><br \/>\n\t\t\t\t\t\t<\/span><br \/>\n\t\t\t\t\t<\/figure>\n<figure>\n\t\t\t\t\t<span style=\"cursor: pointer\" data-src=\"https:\/\/autorai.nl\/wp-content\/uploads\/2024\/09\/audi-q5-derde-generatie-2024-foto3-1600x1067.jpg\" data-fancybox=\"galery-0\" title=\"Photo statique, Couleur : gris Daytona effet perl\"><br \/>\n\t\t\t\t\t\t\t<img decoding=\"async\" width=\"640\" height=\"480\" src=\"https:\/\/autorai.nl\/wp-content\/uploads\/2024\/09\/audi-q5-derde-generatie-2024-foto3-640x480.jpg\" class=\"attachment-medium size-medium\" alt=\"\" loading=\"lazy\"><i class=\"fa fa-search-plus\" aria-hidden=\"true\"><\/i><br \/>\n\t\t\t\t\t\t<\/span><br \/>\n\t\t\t\t\t<\/figure>\n<figure>\n\t\t\t\t\t<span style=\"cursor: pointer\" data-src=\"https:\/\/autorai.nl\/wp-content\/uploads\/2024\/09\/audi-q5-derde-generatie-2024-foto2-1600x1067.jpg\" data-fancybox=\"galery-0\" title=\"Photo statique, Couleur : gris Daytona effet perl\"><br \/>\n\t\t\t\t\t\t\t<img decoding=\"async\" width=\"360\" height=\"270\" src=\"https:\/\/autorai.nl\/wp-content\/uploads\/2024\/09\/audi-q5-derde-generatie-2024-foto2-360x270.jpg\" class=\"attachment-small size-small\" alt=\"\" loading=\"lazy\"><i class=\"fa fa-search-plus\" aria-hidden=\"true\"><\/i><br \/>\n\t\t\t\t\t\t<\/span><br \/>\n\t\t\t\t\t<\/figure>\n<figure>\n\t\t\t\t\t<span style=\"cursor: pointer\" data-src=\"https:\/\/autorai.nl\/wp-content\/uploads\/2024\/09\/audi-q5-derde-generatie-2024-foto1-1600x1067.jpg\" data-fancybox=\"galery-0\" title=\"Photo statique, Couleur : gris Daytona effet perl\"><br \/>\n\t\t\t\t\t\t\t<img decoding=\"async\" width=\"360\" height=\"270\" src=\"https:\/\/autorai.nl\/wp-content\/uploads\/2024\/09\/audi-q5-derde-generatie-2024-foto1-360x270.jpg\" class=\"attachment-small size-small\" alt=\"\" loading=\"lazy\"><i class=\"fa fa-search-plus\" aria-hidden=\"true\"><\/i><br \/>\n\t\t\t\t\t\t<\/span><br \/>\n\t\t\t\t\t<\/figure>\n<div class=\"clear\"><\/div>\n<\/div>\n","protected":false},"excerpt":{"rendered":"Plus pratique Le nouvel Audi Q5 est plus pratique qu'auparavant, selon le constructeur. La banquette arri\u00e8re \u00e0 trois places est\u2026","protected":false},"author":0,"featured_media":147296,"comment_status":"","ping_status":"open","sticky":false,"template":"","format":"standard","meta":{"footnotes":""},"categories":[127],"tags":[],"class_list":["post-147302","post","type-post","status-publish","format-standard","has-post-thumbnail","hentry","category-nouvelles-de-voiture"],"acf":[],"yoast_head":"<!-- This site is optimized with the Yoast SEO plugin v21.2 - https:\/\/yoast.com\/wordpress\/plugins\/seo\/ -->\n<title>Audi Q5 de troisi\u00e8me g\u00e9n\u00e9ration : l&#039;accent est mis sur l&#039;hybride rechargeable - All cars news<\/title>\n<meta name=\"robots\" content=\"index, follow, max-snippet:-1, max-image-preview:large, max-video-preview:-1\" \/>\n<link rel=\"canonical\" href=\"https:\/\/all-car-news.com\/fr\/audi-q5-de-troisieme-generation-laccent-est-mis-sur-lhybride-rechargeable\/\" \/>\n<meta property=\"og:locale\" content=\"fr_FR\" \/>\n<meta property=\"og:type\" content=\"article\" \/>\n<meta property=\"og:title\" content=\"Audi Q5 de troisi\u00e8me g\u00e9n\u00e9ration : l&#039;accent est mis sur l&#039;hybride rechargeable - All cars news\" \/>\n<meta property=\"og:description\" content=\"Plus pratique Le nouvel Audi Q5 est plus pratique qu&#039;auparavant, selon le constructeur. La banquette arri\u00e8re \u00e0 trois places est coulissante et inclinable pour cr\u00e9er un espace de chargement suppl\u00e9mentaire. Lorsque les si\u00e8ges arri\u00e8re sont enti\u00e8rement rabattus, le volume de chargement peut atteindre 1 473 litres. Le cache-bagages peut d\u00e9sormais \u00eatre rang\u00e9 dans un compartiment sp\u00e9cial situ\u00e9 sous le [...]\" \/>\n<meta property=\"og:url\" content=\"https:\/\/all-car-news.com\/fr\/audi-q5-de-troisieme-generation-laccent-est-mis-sur-lhybride-rechargeable\/\" \/>\n<meta property=\"og:site_name\" content=\"All cars news\" \/>\n<meta property=\"article:published_time\" content=\"2024-09-02T08:04:38+00:00\" \/>\n<meta property=\"og:image\" content=\"https:\/\/autorai.nl\/wp-content\/uploads\/2024\/09\/audi-q5-derde-generatie-2024-foto64-1140x855.jpg\" \/>\n<meta name=\"twitter:card\" content=\"summary_large_image\" \/>\n<meta name=\"twitter:label1\" content=\"Dur\u00e9e de lecture estim\u00e9e\" \/>\n\t<meta name=\"twitter:data1\" content=\"4 minutes\" \/>\n<script type=\"application\/ld+json\" class=\"yoast-schema-graph\">{\"@context\":\"https:\/\/schema.org\",\"@graph\":[{\"@type\":\"Article\",\"@id\":\"https:\/\/all-car-news.com\/fr\/audi-q5-de-troisieme-generation-laccent-est-mis-sur-lhybride-rechargeable\/#article\",\"isPartOf\":{\"@id\":\"https:\/\/all-car-news.com\/fr\/audi-q5-de-troisieme-generation-laccent-est-mis-sur-lhybride-rechargeable\/\"},\"author\":{\"name\":\"\",\"@id\":\"\"},\"headline\":\"Audi Q5 de troisi\u00e8me g\u00e9n\u00e9ration : l&rsquo;accent est mis sur l&rsquo;hybride rechargeable\",\"datePublished\":\"2024-09-02T08:04:38+00:00\",\"dateModified\":\"2024-09-02T08:04:38+00:00\",\"mainEntityOfPage\":{\"@id\":\"https:\/\/all-car-news.com\/fr\/audi-q5-de-troisieme-generation-laccent-est-mis-sur-lhybride-rechargeable\/\"},\"wordCount\":832,\"publisher\":{\"@id\":\"https:\/\/all-car-news.com\/fr\/#organization\"},\"articleSection\":[\"nouvelles de voiture\"],\"inLanguage\":\"fr-FR\"},{\"@type\":\"WebPage\",\"@id\":\"https:\/\/all-car-news.com\/fr\/audi-q5-de-troisieme-generation-laccent-est-mis-sur-lhybride-rechargeable\/\",\"url\":\"https:\/\/all-car-news.com\/fr\/audi-q5-de-troisieme-generation-laccent-est-mis-sur-lhybride-rechargeable\/\",\"name\":\"Audi Q5 de troisi\u00e8me g\u00e9n\u00e9ration : l'accent est mis sur l'hybride rechargeable - All cars news\",\"isPartOf\":{\"@id\":\"https:\/\/all-car-news.com\/fr\/#website\"},\"datePublished\":\"2024-09-02T08:04:38+00:00\",\"dateModified\":\"2024-09-02T08:04:38+00:00\",\"breadcrumb\":{\"@id\":\"https:\/\/all-car-news.com\/fr\/audi-q5-de-troisieme-generation-laccent-est-mis-sur-lhybride-rechargeable\/#breadcrumb\"},\"inLanguage\":\"fr-FR\",\"potentialAction\":[{\"@type\":\"ReadAction\",\"target\":[\"https:\/\/all-car-news.com\/fr\/audi-q5-de-troisieme-generation-laccent-est-mis-sur-lhybride-rechargeable\/\"]}]},{\"@type\":\"BreadcrumbList\",\"@id\":\"https:\/\/all-car-news.com\/fr\/audi-q5-de-troisieme-generation-laccent-est-mis-sur-lhybride-rechargeable\/#breadcrumb\",\"itemListElement\":[{\"@type\":\"ListItem\",\"position\":1,\"name\":\"Home\",\"item\":\"https:\/\/all-car-news.com\/fr\/\"},{\"@type\":\"ListItem\",\"position\":2,\"name\":\"Audi Q5 de troisi\u00e8me g\u00e9n\u00e9ration : l&rsquo;accent est mis sur l&rsquo;hybride rechargeable\"}]},{\"@type\":\"WebSite\",\"@id\":\"https:\/\/all-car-news.com\/fr\/#website\",\"url\":\"https:\/\/all-car-news.com\/fr\/\",\"name\":\"All cars news\",\"description\":\"\",\"publisher\":{\"@id\":\"https:\/\/all-car-news.com\/fr\/#organization\"},\"potentialAction\":[{\"@type\":\"SearchAction\",\"target\":{\"@type\":\"EntryPoint\",\"urlTemplate\":\"https:\/\/all-car-news.com\/fr\/?s={search_term_string}\"},\"query-input\":\"required name=search_term_string\"}],\"inLanguage\":\"fr-FR\"},{\"@type\":\"Organization\",\"@id\":\"https:\/\/all-car-news.com\/fr\/#organization\",\"name\":\"All cars news\",\"url\":\"https:\/\/all-car-news.com\/fr\/\",\"logo\":{\"@type\":\"ImageObject\",\"inLanguage\":\"fr-FR\",\"@id\":\"https:\/\/all-car-news.com\/fr\/#\/schema\/logo\/image\/\",\"url\":\"https:\/\/all-car-news.com\/wp-content\/uploads\/2022\/02\/CMYK-AllCarNews_LANDSCAPE_300px-1.png\",\"contentUrl\":\"https:\/\/all-car-news.com\/wp-content\/uploads\/2022\/02\/CMYK-AllCarNews_LANDSCAPE_300px-1.png\",\"width\":300,\"height\":100,\"caption\":\"All cars news\"},\"image\":{\"@id\":\"https:\/\/all-car-news.com\/fr\/#\/schema\/logo\/image\/\"}}]}<\/script>\n<!-- \/ Yoast SEO plugin. -->","yoast_head_json":{"title":"Audi Q5 de troisi\u00e8me g\u00e9n\u00e9ration : l'accent est mis sur l'hybride rechargeable - All cars news","robots":{"index":"index","follow":"follow","max-snippet":"max-snippet:-1","max-image-preview":"max-image-preview:large","max-video-preview":"max-video-preview:-1"},"canonical":"https:\/\/all-car-news.com\/fr\/audi-q5-de-troisieme-generation-laccent-est-mis-sur-lhybride-rechargeable\/","og_locale":"fr_FR","og_type":"article","og_title":"Audi Q5 de troisi\u00e8me g\u00e9n\u00e9ration : l'accent est mis sur l'hybride rechargeable - All cars news","og_description":"Plus pratique Le nouvel Audi Q5 est plus pratique qu'auparavant, selon le constructeur. La banquette arri\u00e8re \u00e0 trois places est coulissante et inclinable pour cr\u00e9er un espace de chargement suppl\u00e9mentaire. Lorsque les si\u00e8ges arri\u00e8re sont enti\u00e8rement rabattus, le volume de chargement peut atteindre 1 473 litres. Le cache-bagages peut d\u00e9sormais \u00eatre rang\u00e9 dans un compartiment sp\u00e9cial situ\u00e9 sous le [...]","og_url":"https:\/\/all-car-news.com\/fr\/audi-q5-de-troisieme-generation-laccent-est-mis-sur-lhybride-rechargeable\/","og_site_name":"All cars news","article_published_time":"2024-09-02T08:04:38+00:00","og_image":[{"url":"https:\/\/autorai.nl\/wp-content\/uploads\/2024\/09\/audi-q5-derde-generatie-2024-foto64-1140x855.jpg"}],"twitter_card":"summary_large_image","twitter_misc":{"Dur\u00e9e de lecture estim\u00e9e":"4 minutes"},"schema":{"@context":"https:\/\/schema.org","@graph":[{"@type":"Article","@id":"https:\/\/all-car-news.com\/fr\/audi-q5-de-troisieme-generation-laccent-est-mis-sur-lhybride-rechargeable\/#article","isPartOf":{"@id":"https:\/\/all-car-news.com\/fr\/audi-q5-de-troisieme-generation-laccent-est-mis-sur-lhybride-rechargeable\/"},"author":{"name":"","@id":""},"headline":"Audi Q5 de troisi\u00e8me g\u00e9n\u00e9ration : l&rsquo;accent est mis sur l&rsquo;hybride rechargeable","datePublished":"2024-09-02T08:04:38+00:00","dateModified":"2024-09-02T08:04:38+00:00","mainEntityOfPage":{"@id":"https:\/\/all-car-news.com\/fr\/audi-q5-de-troisieme-generation-laccent-est-mis-sur-lhybride-rechargeable\/"},"wordCount":832,"publisher":{"@id":"https:\/\/all-car-news.com\/fr\/#organization"},"articleSection":["nouvelles de voiture"],"inLanguage":"fr-FR"},{"@type":"WebPage","@id":"https:\/\/all-car-news.com\/fr\/audi-q5-de-troisieme-generation-laccent-est-mis-sur-lhybride-rechargeable\/","url":"https:\/\/all-car-news.com\/fr\/audi-q5-de-troisieme-generation-laccent-est-mis-sur-lhybride-rechargeable\/","name":"Audi Q5 de troisi\u00e8me g\u00e9n\u00e9ration : l'accent est mis sur l'hybride rechargeable - All cars news","isPartOf":{"@id":"https:\/\/all-car-news.com\/fr\/#website"},"datePublished":"2024-09-02T08:04:38+00:00","dateModified":"2024-09-02T08:04:38+00:00","breadcrumb":{"@id":"https:\/\/all-car-news.com\/fr\/audi-q5-de-troisieme-generation-laccent-est-mis-sur-lhybride-rechargeable\/#breadcrumb"},"inLanguage":"fr-FR","potentialAction":[{"@type":"ReadAction","target":["https:\/\/all-car-news.com\/fr\/audi-q5-de-troisieme-generation-laccent-est-mis-sur-lhybride-rechargeable\/"]}]},{"@type":"BreadcrumbList","@id":"https:\/\/all-car-news.com\/fr\/audi-q5-de-troisieme-generation-laccent-est-mis-sur-lhybride-rechargeable\/#breadcrumb","itemListElement":[{"@type":"ListItem","position":1,"name":"Home","item":"https:\/\/all-car-news.com\/fr\/"},{"@type":"ListItem","position":2,"name":"Audi Q5 de troisi\u00e8me g\u00e9n\u00e9ration : l&rsquo;accent est mis sur l&rsquo;hybride rechargeable"}]},{"@type":"WebSite","@id":"https:\/\/all-car-news.com\/fr\/#website","url":"https:\/\/all-car-news.com\/fr\/","name":"All cars news","description":"","publisher":{"@id":"https:\/\/all-car-news.com\/fr\/#organization"},"potentialAction":[{"@type":"SearchAction","target":{"@type":"EntryPoint","urlTemplate":"https:\/\/all-car-news.com\/fr\/?s={search_term_string}"},"query-input":"required name=search_term_string"}],"inLanguage":"fr-FR"},{"@type":"Organization","@id":"https:\/\/all-car-news.com\/fr\/#organization","name":"All cars news","url":"https:\/\/all-car-news.com\/fr\/","logo":{"@type":"ImageObject","inLanguage":"fr-FR","@id":"https:\/\/all-car-news.com\/fr\/#\/schema\/logo\/image\/","url":"https:\/\/all-car-news.com\/wp-content\/uploads\/2022\/02\/CMYK-AllCarNews_LANDSCAPE_300px-1.png","contentUrl":"https:\/\/all-car-news.com\/wp-content\/uploads\/2022\/02\/CMYK-AllCarNews_LANDSCAPE_300px-1.png","width":300,"height":100,"caption":"All cars news"},"image":{"@id":"https:\/\/all-car-news.com\/fr\/#\/schema\/logo\/image\/"}}]}},"_links":{"self":[{"href":"https:\/\/all-car-news.com\/fr\/wp-json\/wp\/v2\/posts\/147302","targetHints":{"allow":["GET"]}}],"collection":[{"href":"https:\/\/all-car-news.com\/fr\/wp-json\/wp\/v2\/posts"}],"about":[{"href":"https:\/\/all-car-news.com\/fr\/wp-json\/wp\/v2\/types\/post"}],"replies":[{"embeddable":true,"href":"https:\/\/all-car-news.com\/fr\/wp-json\/wp\/v2\/comments?post=147302"}],"version-history":[{"count":0,"href":"https:\/\/all-car-news.com\/fr\/wp-json\/wp\/v2\/posts\/147302\/revisions"}],"wp:featuredmedia":[{"embeddable":true,"href":"https:\/\/all-car-news.com\/fr\/wp-json\/wp\/v2\/media\/147296"}],"wp:attachment":[{"href":"https:\/\/all-car-news.com\/fr\/wp-json\/wp\/v2\/media?parent=147302"}],"wp:term":[{"taxonomy":"category","embeddable":true,"href":"https:\/\/all-car-news.com\/fr\/wp-json\/wp\/v2\/categories?post=147302"},{"taxonomy":"post_tag","embeddable":true,"href":"https:\/\/all-car-news.com\/fr\/wp-json\/wp\/v2\/tags?post=147302"}],"curies":[{"name":"wp","href":"https:\/\/api.w.org\/{rel}","templated":true}]}}