{"id":147140,"date":"2024-08-27T11:34:13","date_gmt":"2024-08-27T11:34:13","guid":{"rendered":"https:\/\/all-car-news.com\/la-kia-ev6-rafraichie-egalement-sur-le-plan-technique\/"},"modified":"2024-08-27T11:34:13","modified_gmt":"2024-08-27T11:34:13","slug":"la-kia-ev6-rafraichie-egalement-sur-le-plan-technique","status":"publish","type":"post","link":"https:\/\/all-car-news.com\/fr\/la-kia-ev6-rafraichie-egalement-sur-le-plan-technique\/","title":{"rendered":"La Kia EV6 rafra\u00eechie, \u00e9galement sur le plan technique"},"content":{"rendered":"<h2>Num\u00e9ro de succ\u00e8s de la Kia EV6<\/h2>\n<p>Kia a d\u00e9j\u00e0 vendu plus de 210 000 unit\u00e9s de l&rsquo;EV6 depuis son lancement en ao\u00fbt 2021.<br \/>\nVous pouvez donc sans crainte qualifier cette EV6 de num\u00e9ro de succ\u00e8s.<br \/>\nEn actualisant quelque peu le mod\u00e8le, Kia esp\u00e8re maintenir la dynamique de vente de l&rsquo;EV6.<br \/>\n\u00c0 l&rsquo;avant, les feux de signature de la carte \u00e9toil\u00e9e se distinguent.<br \/>\nSur le c\u00f4t\u00e9, l&rsquo;EV6 redessin\u00e9 se distingue par ses nouvelles jantes en alliage.<br \/>\n\u00c0 l&rsquo;arri\u00e8re \u00e9galement, les unit\u00e9s d&rsquo;\u00e9clairage sont dot\u00e9es de la technologie Star Map.<br \/>\nLe nouveau pare-chocs avant et le pare-chocs arri\u00e8re pr\u00e9sentent d\u00e9sormais un design en forme d&rsquo;aile.        <\/p>\n<p>La nouvelle EV6 GT-line se distingue par des pare-chocs avant et arri\u00e8re plus sportifs, une unit\u00e9 centrale d&rsquo;\u00e9clairage \u00e0 LED et des jantes en alliage sp\u00e9ciales.<br \/>\nL&rsquo;EV6 peut d\u00e9sormais \u00eatre \u00e9quip\u00e9e de nouveaux amortisseurs \u00e0 fr\u00e9quence s\u00e9lective.<br \/>\nKia a \u00e9galement mis l&rsquo;accent sur la r\u00e9duction des bruits int\u00e9rieurs en am\u00e9liorant l&rsquo;isolation du moteur arri\u00e8re.  <\/p>\n<h2><strong>Int\u00e9rieur Kia EV6 2024<\/strong><\/h2>\n<p>L&rsquo;int\u00e9rieur de l&rsquo;EV6 remani\u00e9 a \u00e9galement \u00e9t\u00e9 mis \u00e0 jour.<br \/>\nIl est question d&rsquo;un nouveau volant, d&rsquo;un \u00e9cran panoramique incurv\u00e9 et d&rsquo;un nouvel \u00e9clairage d&rsquo;ambiance.<br \/>\nUn syst\u00e8me de reconnaissance des empreintes digitales est d\u00e9sormais int\u00e9gr\u00e9 \u00e0 la console centrale, ce qui permet aux conducteurs de l&rsquo;EV6 de d\u00e9marrer la voiture sans cl\u00e9 intelligente ou num\u00e9rique, de charger leur profil de conducteur et de s&rsquo;identifier pour acc\u00e9der \u00e0 d&rsquo;autres services.<br \/>\nLa station de recharge sans fil de l&rsquo;EV6 remani\u00e9e peut d\u00e9sormais charger avec une puissance de 15 W.   <\/p>\n<p>Pour porter le confort et la commodit\u00e9 \u00e0 un niveau encore plus \u00e9lev\u00e9, la nouvelle EV6 est d\u00e9sormais disponible avec un volant r\u00e9glable \u00e9lectriquement (en hauteur et en profondeur) et un affichage t\u00eate haute de 12 pouces.<\/p>\n<figure class=\"wp-block-image size-content\"><img decoding=\"async\" loading=\"lazy\" width=\"1140\" height=\"641\" src=\"https:\/\/autorai.nl\/wp-content\/uploads\/2024\/08\/kia-all-new-ev6-my25-wolf-grey-studio-static-digital-1920x1080-10-1140x641.jpg\" alt=\"KIA EV6\" class=\"wp-image-184068\"><\/figure>\n<h2><strong>Technologie de batterie am\u00e9lior\u00e9e<\/strong><\/h2>\n<p>Kia \u00e9quipe la nouvelle EV6 d&rsquo;une nouvelle batterie.<br \/>\nGr\u00e2ce \u00e0 la densit\u00e9 \u00e9nerg\u00e9tique plus \u00e9lev\u00e9e, la capacit\u00e9 a augment\u00e9 dans toutes les versions : de 58 kWh \u00e0 63 kWh pour l&rsquo;autonomie standard et de 77,4 kWh \u00e0 84 kWh pour l&rsquo;autonomie longue.<br \/>\nSelon la version, l&rsquo;autonomie maximale est donc d\u00e9sormais de 582 km, conform\u00e9ment \u00e0 la norme d&rsquo;essai WLTP.  <\/p>\n<h2>Chargement rapide<\/h2>\n<p>Les batteries plus grandes se rechargent plus rapidement que leurs pr\u00e9d\u00e9cesseurs.<br \/>\nGr\u00e2ce \u00e0 la technologie avanc\u00e9e 800V et \u00e0 une puissance de pointe am\u00e9lior\u00e9e de 258 kW, la nouvelle batterie de 84 kWh peut \u00eatre recharg\u00e9e de 10 \u00e0 80 % en 18 minutes et peut atteindre 343 km en seulement 15 minutes.<br \/>\nLa nouvelle g\u00e9n\u00e9ration de batteries a une conductivit\u00e9 thermique am\u00e9lior\u00e9e, ce qui permet de mieux r\u00e9guler la temp\u00e9rature pendant la charge.<br \/>\nEn outre, la batterie est d\u00e9sormais plus l\u00e9g\u00e8re d&rsquo;un kilogramme, malgr\u00e9 une capacit\u00e9 accrue de 8,5 %.   <\/p>\n<figure class=\"wp-block-image size-content\"><img decoding=\"async\" loading=\"lazy\" width=\"1140\" height=\"641\" src=\"https:\/\/autorai.nl\/wp-content\/uploads\/2024\/08\/kia-all-new-ev6-my25-wolf-grey-studio-static-digital-1920x1080-7-1140x641.jpg\" alt=\"Kia EV6\" class=\"wp-image-184065\"><\/figure>\n<h3>V\u00e9hicule d\u00e9fini par logiciel<\/h3>\n<p>Autre mise \u00e0 jour majeure, le syst\u00e8me d&rsquo;infodivertissement de nouvelle g\u00e9n\u00e9ration, bas\u00e9 sur la nouvelle architecture Software Defined Vehicle (SDV) de la marque.<br \/>\nLe Connected Car Navigation Cockpit (ccNC) offre une vue d&rsquo;ensemble et une facilit\u00e9 d&rsquo;utilisation sans pr\u00e9c\u00e9dent, et peut \u00eatre mis \u00e0 niveau et actualis\u00e9 par OTA.<br \/>\n &nbsp;Sont li\u00e9s \u00e0 ce syst\u00e8me Apple CarPlay et Android Auto sans fil, la cl\u00e9 num\u00e9rique Kia 2 en option et le syst\u00e8me de reconnaissance d&#8217;empreintes digitales.  <\/p>\n<h2><strong>Syst\u00e8mes d&rsquo;aide \u00e0 la conduite Kia EV6<\/strong><\/h2>\n<p>L&rsquo;arsenal des syst\u00e8mes d&rsquo;assistance a \u00e9galement \u00e9t\u00e9 \u00e9largi ou mis \u00e0 niveau.<br \/>\nParmi les nouveaut\u00e9s ou les mises \u00e0 jour, citons le volant \u00e0 d\u00e9tection des mains, l&rsquo;assistance au maintien de la trajectoire 2, l&rsquo;assistance au stationnement intelligent \u00e0 distance 2 et l&rsquo;assistance anti-collision pour le stationnement avant, lat\u00e9ral et arri\u00e8re.<br \/>\nPour porter la s\u00e9curit\u00e9 \u00e0 un niveau encore plus \u00e9lev\u00e9, la nouvelle EV6 a re\u00e7u une carrosserie plus solide gr\u00e2ce \u00e0 des montants B plus \u00e9pais et elle est \u00e9quip\u00e9e d&rsquo;un syst\u00e8me complet d&rsquo;airbags avec sept airbags, dont un airbag central avant pour une s\u00e9curit\u00e9 maximale du conducteur et du passager avant.  <\/p>\n<h2>A partir de fin septembre aux Pays-Bas<\/h2>\n<p>La nouvelle Kia EV6 devrait arriver dans les salles d&rsquo;exposition n\u00e9erlandaises \u00e0 la fin du mois de septembre.<br \/>\nLa gamme, les prix, les \u00e9quipements et les donn\u00e9es techniques seront annonc\u00e9s par Kia avant le lancement sur le march\u00e9. &nbsp;<\/p>\n<div class=\"galery galery-0\">\n<figure>\n\t\t\t\t\t<span style=\"cursor: pointer\" data-src=\"https:\/\/autorai.nl\/wp-content\/uploads\/2024\/08\/kia-all-new-ev6-my25-wolf-grey-studio-static-digital-1920x1080-16-1600x793.jpg\" data-fancybox=\"galery-0\" title=\"\"><br \/>\n\t\t\t\t\t\t\t<img decoding=\"async\" width=\"360\" height=\"270\" src=\"https:\/\/autorai.nl\/wp-content\/uploads\/2024\/08\/kia-all-new-ev6-my25-wolf-grey-studio-static-digital-1920x1080-16-360x270.jpg\" class=\"attachment-small size-small\" alt=\"Mise \u00e0 jour de la Kia EV6 2024\" loading=\"lazy\"><i class=\"fa fa-search-plus\" aria-hidden=\"true\"><\/i><br \/>\n\t\t\t\t\t\t<\/span><br \/>\n\t\t\t\t\t<\/figure>\n<figure>\n\t\t\t\t\t<span style=\"cursor: pointer\" data-src=\"https:\/\/autorai.nl\/wp-content\/uploads\/2024\/08\/kia-all-new-ev6-my25-wolf-grey-studio-static-digital-1920x1080-15-1600x798.jpg\" data-fancybox=\"galery-0\" title=\"\"><br \/>\n\t\t\t\t\t\t\t<img decoding=\"async\" width=\"360\" height=\"270\" src=\"https:\/\/autorai.nl\/wp-content\/uploads\/2024\/08\/kia-all-new-ev6-my25-wolf-grey-studio-static-digital-1920x1080-15-360x270.jpg\" class=\"attachment-small size-small\" alt=\"\" loading=\"lazy\"><i class=\"fa fa-search-plus\" aria-hidden=\"true\"><\/i><br \/>\n\t\t\t\t\t\t<\/span><br \/>\n\t\t\t\t\t<\/figure>\n<figure>\n\t\t\t\t\t<span style=\"cursor: pointer\" data-src=\"https:\/\/autorai.nl\/wp-content\/uploads\/2024\/08\/kia-all-new-ev6-my25-wolf-grey-studio-static-digital-1920x1080-14-1600x816.jpg\" data-fancybox=\"galery-0\" title=\"\"><br \/>\n\t\t\t\t\t\t\t<img decoding=\"async\" width=\"360\" height=\"270\" src=\"https:\/\/autorai.nl\/wp-content\/uploads\/2024\/08\/kia-all-new-ev6-my25-wolf-grey-studio-static-digital-1920x1080-14-360x270.jpg\" class=\"attachment-small size-small\" alt=\"\" loading=\"lazy\"><i class=\"fa fa-search-plus\" aria-hidden=\"true\"><\/i><br \/>\n\t\t\t\t\t\t<\/span><br \/>\n\t\t\t\t\t<\/figure>\n<figure>\n\t\t\t\t\t<span style=\"cursor: pointer\" data-src=\"https:\/\/autorai.nl\/wp-content\/uploads\/2024\/08\/kia-all-new-ev6-my25-wolf-grey-studio-static-digital-1920x1080-13-1600x923.jpg\" data-fancybox=\"galery-0\" title=\"\"><br \/>\n\t\t\t\t\t\t\t<img decoding=\"async\" width=\"360\" height=\"270\" src=\"https:\/\/autorai.nl\/wp-content\/uploads\/2024\/08\/kia-all-new-ev6-my25-wolf-grey-studio-static-digital-1920x1080-13-360x270.jpg\" class=\"attachment-small size-small\" alt=\"\" loading=\"lazy\"><i class=\"fa fa-search-plus\" aria-hidden=\"true\"><\/i><br \/>\n\t\t\t\t\t\t<\/span><br \/>\n\t\t\t\t\t<\/figure>\n<figure>\n\t\t\t\t\t<span style=\"cursor: pointer\" data-src=\"https:\/\/autorai.nl\/wp-content\/uploads\/2024\/08\/kia-all-new-ev6-my25-wolf-grey-studio-static-digital-1920x1080-12-1600x875.jpg\" data-fancybox=\"galery-0\" title=\"\"><br \/>\n\t\t\t\t\t\t\t<img decoding=\"async\" width=\"360\" height=\"270\" src=\"https:\/\/autorai.nl\/wp-content\/uploads\/2024\/08\/kia-all-new-ev6-my25-wolf-grey-studio-static-digital-1920x1080-12-360x270.jpg\" class=\"attachment-small size-small\" alt=\"\" loading=\"lazy\"><i class=\"fa fa-search-plus\" aria-hidden=\"true\"><\/i><br \/>\n\t\t\t\t\t\t<\/span><br \/>\n\t\t\t\t\t<\/figure>\n<figure>\n\t\t\t\t\t<span style=\"cursor: pointer\" data-src=\"https:\/\/autorai.nl\/wp-content\/uploads\/2024\/08\/kia-all-new-ev6-my25-wolf-grey-studio-static-digital-1920x1080-11-1600x914.jpg\" data-fancybox=\"galery-0\" title=\"\"><br \/>\n\t\t\t\t\t\t\t<img decoding=\"async\" width=\"360\" height=\"270\" src=\"https:\/\/autorai.nl\/wp-content\/uploads\/2024\/08\/kia-all-new-ev6-my25-wolf-grey-studio-static-digital-1920x1080-11-360x270.jpg\" class=\"attachment-small size-small\" alt=\"\" loading=\"lazy\"><i class=\"fa fa-search-plus\" aria-hidden=\"true\"><\/i><br \/>\n\t\t\t\t\t\t<\/span><br \/>\n\t\t\t\t\t<\/figure>\n<figure>\n\t\t\t\t\t<span style=\"cursor: pointer\" data-src=\"https:\/\/autorai.nl\/wp-content\/uploads\/2024\/08\/kia-all-new-ev6-my25-wolf-grey-studio-static-digital-1920x1080-10-1600x900.jpg\" data-fancybox=\"galery-0\" title=\"\"><br \/>\n\t\t\t\t\t\t\t<img decoding=\"async\" width=\"360\" height=\"270\" src=\"https:\/\/autorai.nl\/wp-content\/uploads\/2024\/08\/kia-all-new-ev6-my25-wolf-grey-studio-static-digital-1920x1080-10-360x270.jpg\" class=\"attachment-small size-small\" alt=\"KIA EV6\" loading=\"lazy\"><i class=\"fa fa-search-plus\" aria-hidden=\"true\"><\/i><br \/>\n\t\t\t\t\t\t<\/span><br \/>\n\t\t\t\t\t<\/figure>\n<figure>\n\t\t\t\t\t<span style=\"cursor: pointer\" data-src=\"https:\/\/autorai.nl\/wp-content\/uploads\/2024\/08\/kia-all-new-ev6-my25-wolf-grey-studio-static-digital-1920x1080-9-1600x900.jpg\" data-fancybox=\"galery-0\" title=\"\"><br \/>\n\t\t\t\t\t\t\t<img decoding=\"async\" width=\"360\" height=\"270\" src=\"https:\/\/autorai.nl\/wp-content\/uploads\/2024\/08\/kia-all-new-ev6-my25-wolf-grey-studio-static-digital-1920x1080-9-360x270.jpg\" class=\"attachment-small size-small\" alt=\"\" loading=\"lazy\"><i class=\"fa fa-search-plus\" aria-hidden=\"true\"><\/i><br \/>\n\t\t\t\t\t\t<\/span><br \/>\n\t\t\t\t\t<\/figure>\n<figure>\n\t\t\t\t\t<span style=\"cursor: pointer\" data-src=\"https:\/\/autorai.nl\/wp-content\/uploads\/2024\/08\/kia-all-new-ev6-my25-wolf-grey-studio-static-digital-1920x1080-8-1600x900.jpg\" data-fancybox=\"galery-0\" title=\"\"><br \/>\n\t\t\t\t\t\t\t<img decoding=\"async\" width=\"360\" height=\"270\" src=\"https:\/\/autorai.nl\/wp-content\/uploads\/2024\/08\/kia-all-new-ev6-my25-wolf-grey-studio-static-digital-1920x1080-8-360x270.jpg\" class=\"attachment-small size-small\" alt=\"\" loading=\"lazy\"><i class=\"fa fa-search-plus\" aria-hidden=\"true\"><\/i><br \/>\n\t\t\t\t\t\t<\/span><br \/>\n\t\t\t\t\t<\/figure>\n<figure>\n\t\t\t\t\t<span style=\"cursor: pointer\" data-src=\"https:\/\/autorai.nl\/wp-content\/uploads\/2024\/08\/kia-all-new-ev6-my25-wolf-grey-studio-static-digital-1920x1080-7-1600x900.jpg\" data-fancybox=\"galery-0\" title=\"\"><br \/>\n\t\t\t\t\t\t\t<img decoding=\"async\" width=\"360\" height=\"270\" src=\"https:\/\/autorai.nl\/wp-content\/uploads\/2024\/08\/kia-all-new-ev6-my25-wolf-grey-studio-static-digital-1920x1080-7-360x270.jpg\" class=\"attachment-small size-small\" alt=\"Kia EV6\" loading=\"lazy\"><i class=\"fa fa-search-plus\" aria-hidden=\"true\"><\/i><br \/>\n\t\t\t\t\t\t<\/span><br \/>\n\t\t\t\t\t<\/figure>\n<figure>\n\t\t\t\t\t<span style=\"cursor: pointer\" data-src=\"https:\/\/autorai.nl\/wp-content\/uploads\/2024\/08\/kia-all-new-ev6-my25-wolf-grey-studio-static-digital-1920x1080-5-1600x900.jpg\" data-fancybox=\"galery-0\" title=\"\"><br \/>\n\t\t\t\t\t\t\t<img decoding=\"async\" width=\"360\" height=\"270\" src=\"https:\/\/autorai.nl\/wp-content\/uploads\/2024\/08\/kia-all-new-ev6-my25-wolf-grey-studio-static-digital-1920x1080-5-360x270.jpg\" class=\"attachment-small size-small\" alt=\"\" loading=\"lazy\"><i class=\"fa fa-search-plus\" aria-hidden=\"true\"><\/i><br \/>\n\t\t\t\t\t\t<\/span><br \/>\n\t\t\t\t\t<\/figure>\n<figure>\n\t\t\t\t\t<span style=\"cursor: pointer\" data-src=\"https:\/\/autorai.nl\/wp-content\/uploads\/2024\/08\/kia-all-new-ev6-my25-wolf-grey-studio-static-digital-1920x1080-4-1600x900.jpg\" data-fancybox=\"galery-0\" title=\"\"><br \/>\n\t\t\t\t\t\t\t<img decoding=\"async\" width=\"360\" height=\"270\" src=\"https:\/\/autorai.nl\/wp-content\/uploads\/2024\/08\/kia-all-new-ev6-my25-wolf-grey-studio-static-digital-1920x1080-4-360x270.jpg\" class=\"attachment-small size-small\" alt=\"\" loading=\"lazy\"><i class=\"fa fa-search-plus\" aria-hidden=\"true\"><\/i><br \/>\n\t\t\t\t\t\t<\/span><br \/>\n\t\t\t\t\t<\/figure>\n<figure>\n\t\t\t\t\t<span style=\"cursor: pointer\" data-src=\"https:\/\/autorai.nl\/wp-content\/uploads\/2024\/08\/kia-all-new-ev6-my25-wolf-grey-studio-static-digital-1920x1080-3-1600x900.jpg\" data-fancybox=\"galery-0\" title=\"\"><br \/>\n\t\t\t\t\t\t\t<img decoding=\"async\" width=\"360\" height=\"270\" src=\"https:\/\/autorai.nl\/wp-content\/uploads\/2024\/08\/kia-all-new-ev6-my25-wolf-grey-studio-static-digital-1920x1080-3-360x270.jpg\" class=\"attachment-small size-small\" alt=\"\" loading=\"lazy\"><i class=\"fa fa-search-plus\" aria-hidden=\"true\"><\/i><br \/>\n\t\t\t\t\t\t<\/span><br \/>\n\t\t\t\t\t<\/figure>\n<figure>\n\t\t\t\t\t<span style=\"cursor: pointer\" data-src=\"https:\/\/autorai.nl\/wp-content\/uploads\/2024\/08\/kia-all-new-ev6-my25-wolf-grey-studio-static-digital-1920x1080-2-1600x900.jpg\" data-fancybox=\"galery-0\" title=\"\"><br \/>\n\t\t\t\t\t\t\t<img decoding=\"async\" width=\"360\" height=\"270\" src=\"https:\/\/autorai.nl\/wp-content\/uploads\/2024\/08\/kia-all-new-ev6-my25-wolf-grey-studio-static-digital-1920x1080-2-360x270.jpg\" class=\"attachment-small size-small\" alt=\"\" loading=\"lazy\"><i class=\"fa fa-search-plus\" aria-hidden=\"true\"><\/i><br \/>\n\t\t\t\t\t\t<\/span><br \/>\n\t\t\t\t\t<\/figure>\n<figure>\n\t\t\t\t\t<span style=\"cursor: pointer\" data-src=\"https:\/\/autorai.nl\/wp-content\/uploads\/2024\/08\/kia-all-new-ev6-my25-wolf-grey-studio-static-digital-1920x1080-1-1600x900.jpg\" data-fancybox=\"galery-0\" title=\"\"><br \/>\n\t\t\t\t\t\t\t<img decoding=\"async\" width=\"360\" height=\"270\" src=\"https:\/\/autorai.nl\/wp-content\/uploads\/2024\/08\/kia-all-new-ev6-my25-wolf-grey-studio-static-digital-1920x1080-1-360x270.jpg\" class=\"attachment-small size-small\" alt=\"\" loading=\"lazy\"><i class=\"fa fa-search-plus\" aria-hidden=\"true\"><\/i><br \/>\n\t\t\t\t\t\t<\/span><br \/>\n\t\t\t\t\t<\/figure>\n<figure>\n\t\t\t\t\t<span style=\"cursor: pointer\" data-src=\"https:\/\/autorai.nl\/wp-content\/uploads\/2024\/08\/kia-all-new-ev6-my25-wolf-grey-studio-interior-digital-1920x1080-27-1600x1067.jpg\" data-fancybox=\"galery-0\" title=\"\"><br \/>\n\t\t\t\t\t\t\t<img decoding=\"async\" width=\"360\" height=\"270\" src=\"https:\/\/autorai.nl\/wp-content\/uploads\/2024\/08\/kia-all-new-ev6-my25-wolf-grey-studio-interior-digital-1920x1080-27-360x270.jpg\" class=\"attachment-small size-small\" alt=\"\" loading=\"lazy\"><i class=\"fa fa-search-plus\" aria-hidden=\"true\"><\/i><br \/>\n\t\t\t\t\t\t<\/span><br \/>\n\t\t\t\t\t<\/figure>\n<figure>\n\t\t\t\t\t<span style=\"cursor: pointer\" data-src=\"https:\/\/autorai.nl\/wp-content\/uploads\/2024\/08\/kia-all-new-ev6-my25-wolf-grey-studio-interior-digital-1920x1080-23-1600x1067.jpg\" data-fancybox=\"galery-0\" title=\"\"><br \/>\n\t\t\t\t\t\t\t<img decoding=\"async\" width=\"360\" height=\"270\" src=\"https:\/\/autorai.nl\/wp-content\/uploads\/2024\/08\/kia-all-new-ev6-my25-wolf-grey-studio-interior-digital-1920x1080-23-360x270.jpg\" class=\"attachment-small size-small\" alt=\"\" loading=\"lazy\"><i class=\"fa fa-search-plus\" aria-hidden=\"true\"><\/i><br \/>\n\t\t\t\t\t\t<\/span><br \/>\n\t\t\t\t\t<\/figure>\n<figure>\n\t\t\t\t\t<span style=\"cursor: pointer\" data-src=\"https:\/\/autorai.nl\/wp-content\/uploads\/2024\/08\/kia-all-new-ev6-my25-wolf-grey-studio-interior-digital-1920x1080-21-1600x1067.jpg\" data-fancybox=\"galery-0\" title=\"\"><br \/>\n\t\t\t\t\t\t\t<img decoding=\"async\" width=\"360\" height=\"270\" src=\"https:\/\/autorai.nl\/wp-content\/uploads\/2024\/08\/kia-all-new-ev6-my25-wolf-grey-studio-interior-digital-1920x1080-21-360x270.jpg\" class=\"attachment-small size-small\" alt=\"\" loading=\"lazy\"><i class=\"fa fa-search-plus\" aria-hidden=\"true\"><\/i><br \/>\n\t\t\t\t\t\t<\/span><br \/>\n\t\t\t\t\t<\/figure>\n<figure>\n\t\t\t\t\t<span style=\"cursor: pointer\" data-src=\"https:\/\/autorai.nl\/wp-content\/uploads\/2024\/08\/kia-all-new-ev6-my25-wolf-grey-studio-interior-digital-1920x1080-15-1600x1067.jpg\" data-fancybox=\"galery-0\" title=\"\"><br \/>\n\t\t\t\t\t\t\t<img decoding=\"async\" width=\"360\" height=\"270\" src=\"https:\/\/autorai.nl\/wp-content\/uploads\/2024\/08\/kia-all-new-ev6-my25-wolf-grey-studio-interior-digital-1920x1080-15-360x270.jpg\" class=\"attachment-small size-small\" alt=\"\" loading=\"lazy\"><i class=\"fa fa-search-plus\" aria-hidden=\"true\"><\/i><br \/>\n\t\t\t\t\t\t<\/span><br \/>\n\t\t\t\t\t<\/figure>\n<figure>\n\t\t\t\t\t<span style=\"cursor: pointer\" data-src=\"https:\/\/autorai.nl\/wp-content\/uploads\/2024\/08\/kia-all-new-ev6-my25-wolf-grey-studio-interior-digital-1920x1080-1-1600x791.jpg\" data-fancybox=\"galery-0\" title=\"\"><br \/>\n\t\t\t\t\t\t\t<img decoding=\"async\" width=\"360\" height=\"270\" src=\"https:\/\/autorai.nl\/wp-content\/uploads\/2024\/08\/kia-all-new-ev6-my25-wolf-grey-studio-interior-digital-1920x1080-1-360x270.jpg\" class=\"attachment-small size-small\" alt=\"\" loading=\"lazy\"><i class=\"fa fa-search-plus\" aria-hidden=\"true\"><\/i><br \/>\n\t\t\t\t\t\t<\/span><br \/>\n\t\t\t\t\t<\/figure>\n<div class=\"clear\"><\/div>\n<\/div>\n","protected":false},"excerpt":{"rendered":"Le succ\u00e8s de la Kia EV6 Kia a d\u00e9j\u00e0 vendu plus de 210 000 unit\u00e9s de la EV6 depuis son\u2026","protected":false},"author":0,"featured_media":147128,"comment_status":"","ping_status":"open","sticky":false,"template":"","format":"standard","meta":{"footnotes":""},"categories":[127],"tags":[],"class_list":["post-147140","post","type-post","status-publish","format-standard","has-post-thumbnail","hentry","category-nouvelles-de-voiture"],"acf":[],"yoast_head":"<!-- This site is optimized with the Yoast SEO plugin v21.2 - https:\/\/yoast.com\/wordpress\/plugins\/seo\/ -->\n<title>La Kia EV6 rafra\u00eechie, \u00e9galement sur le plan technique - All cars news<\/title>\n<meta name=\"robots\" content=\"index, follow, max-snippet:-1, max-image-preview:large, max-video-preview:-1\" \/>\n<link rel=\"canonical\" href=\"https:\/\/all-car-news.com\/fr\/la-kia-ev6-rafraichie-egalement-sur-le-plan-technique\/\" \/>\n<meta property=\"og:locale\" content=\"fr_FR\" \/>\n<meta property=\"og:type\" content=\"article\" \/>\n<meta property=\"og:title\" content=\"La Kia EV6 rafra\u00eechie, \u00e9galement sur le plan technique - All cars news\" \/>\n<meta property=\"og:description\" content=\"Le succ\u00e8s de la Kia EV6 Kia a d\u00e9j\u00e0 vendu plus de 210 000 unit\u00e9s de la EV6 depuis son lancement en ao\u00fbt 2021. On peut donc dire que l&#039;EV6 est un succ\u00e8s. En actualisant quelque peu le mod\u00e8le, Kia esp\u00e8re maintenir l&#039;\u00e9lan des ventes de l&#039;EV6. \u00c0 l&#039;avant, les feux de signature de la carte \u00e9toil\u00e9e se distinguent.  \u2020\" \/>\n<meta property=\"og:url\" content=\"https:\/\/all-car-news.com\/fr\/la-kia-ev6-rafraichie-egalement-sur-le-plan-technique\/\" \/>\n<meta property=\"og:site_name\" content=\"All cars news\" \/>\n<meta property=\"article:published_time\" content=\"2024-08-27T11:34:13+00:00\" \/>\n<meta property=\"og:image\" content=\"https:\/\/autorai.nl\/wp-content\/uploads\/2024\/08\/kia-all-new-ev6-my25-wolf-grey-studio-static-digital-1920x1080-10-1140x641.jpg\" \/>\n<meta name=\"twitter:card\" content=\"summary_large_image\" \/>\n<meta name=\"twitter:label1\" content=\"Dur\u00e9e de lecture estim\u00e9e\" \/>\n\t<meta name=\"twitter:data1\" content=\"4 minutes\" \/>\n<script type=\"application\/ld+json\" class=\"yoast-schema-graph\">{\"@context\":\"https:\/\/schema.org\",\"@graph\":[{\"@type\":\"Article\",\"@id\":\"https:\/\/all-car-news.com\/fr\/la-kia-ev6-rafraichie-egalement-sur-le-plan-technique\/#article\",\"isPartOf\":{\"@id\":\"https:\/\/all-car-news.com\/fr\/la-kia-ev6-rafraichie-egalement-sur-le-plan-technique\/\"},\"author\":{\"name\":\"\",\"@id\":\"\"},\"headline\":\"La Kia EV6 rafra\u00eechie, \u00e9galement sur le plan technique\",\"datePublished\":\"2024-08-27T11:34:13+00:00\",\"dateModified\":\"2024-08-27T11:34:13+00:00\",\"mainEntityOfPage\":{\"@id\":\"https:\/\/all-car-news.com\/fr\/la-kia-ev6-rafraichie-egalement-sur-le-plan-technique\/\"},\"wordCount\":729,\"publisher\":{\"@id\":\"https:\/\/all-car-news.com\/fr\/#organization\"},\"articleSection\":[\"nouvelles de voiture\"],\"inLanguage\":\"fr-FR\"},{\"@type\":\"WebPage\",\"@id\":\"https:\/\/all-car-news.com\/fr\/la-kia-ev6-rafraichie-egalement-sur-le-plan-technique\/\",\"url\":\"https:\/\/all-car-news.com\/fr\/la-kia-ev6-rafraichie-egalement-sur-le-plan-technique\/\",\"name\":\"La Kia EV6 rafra\u00eechie, \u00e9galement sur le plan technique - All cars news\",\"isPartOf\":{\"@id\":\"https:\/\/all-car-news.com\/fr\/#website\"},\"datePublished\":\"2024-08-27T11:34:13+00:00\",\"dateModified\":\"2024-08-27T11:34:13+00:00\",\"breadcrumb\":{\"@id\":\"https:\/\/all-car-news.com\/fr\/la-kia-ev6-rafraichie-egalement-sur-le-plan-technique\/#breadcrumb\"},\"inLanguage\":\"fr-FR\",\"potentialAction\":[{\"@type\":\"ReadAction\",\"target\":[\"https:\/\/all-car-news.com\/fr\/la-kia-ev6-rafraichie-egalement-sur-le-plan-technique\/\"]}]},{\"@type\":\"BreadcrumbList\",\"@id\":\"https:\/\/all-car-news.com\/fr\/la-kia-ev6-rafraichie-egalement-sur-le-plan-technique\/#breadcrumb\",\"itemListElement\":[{\"@type\":\"ListItem\",\"position\":1,\"name\":\"Home\",\"item\":\"https:\/\/all-car-news.com\/fr\/\"},{\"@type\":\"ListItem\",\"position\":2,\"name\":\"La Kia EV6 rafra\u00eechie, \u00e9galement sur le plan technique\"}]},{\"@type\":\"WebSite\",\"@id\":\"https:\/\/all-car-news.com\/fr\/#website\",\"url\":\"https:\/\/all-car-news.com\/fr\/\",\"name\":\"All cars news\",\"description\":\"\",\"publisher\":{\"@id\":\"https:\/\/all-car-news.com\/fr\/#organization\"},\"potentialAction\":[{\"@type\":\"SearchAction\",\"target\":{\"@type\":\"EntryPoint\",\"urlTemplate\":\"https:\/\/all-car-news.com\/fr\/?s={search_term_string}\"},\"query-input\":\"required name=search_term_string\"}],\"inLanguage\":\"fr-FR\"},{\"@type\":\"Organization\",\"@id\":\"https:\/\/all-car-news.com\/fr\/#organization\",\"name\":\"All cars news\",\"url\":\"https:\/\/all-car-news.com\/fr\/\",\"logo\":{\"@type\":\"ImageObject\",\"inLanguage\":\"fr-FR\",\"@id\":\"https:\/\/all-car-news.com\/fr\/#\/schema\/logo\/image\/\",\"url\":\"https:\/\/all-car-news.com\/wp-content\/uploads\/2022\/02\/CMYK-AllCarNews_LANDSCAPE_300px-1.png\",\"contentUrl\":\"https:\/\/all-car-news.com\/wp-content\/uploads\/2022\/02\/CMYK-AllCarNews_LANDSCAPE_300px-1.png\",\"width\":300,\"height\":100,\"caption\":\"All cars news\"},\"image\":{\"@id\":\"https:\/\/all-car-news.com\/fr\/#\/schema\/logo\/image\/\"}}]}<\/script>\n<!-- \/ Yoast SEO plugin. -->","yoast_head_json":{"title":"La Kia EV6 rafra\u00eechie, \u00e9galement sur le plan technique - All cars news","robots":{"index":"index","follow":"follow","max-snippet":"max-snippet:-1","max-image-preview":"max-image-preview:large","max-video-preview":"max-video-preview:-1"},"canonical":"https:\/\/all-car-news.com\/fr\/la-kia-ev6-rafraichie-egalement-sur-le-plan-technique\/","og_locale":"fr_FR","og_type":"article","og_title":"La Kia EV6 rafra\u00eechie, \u00e9galement sur le plan technique - All cars news","og_description":"Le succ\u00e8s de la Kia EV6 Kia a d\u00e9j\u00e0 vendu plus de 210 000 unit\u00e9s de la EV6 depuis son lancement en ao\u00fbt 2021. On peut donc dire que l'EV6 est un succ\u00e8s. En actualisant quelque peu le mod\u00e8le, Kia esp\u00e8re maintenir l'\u00e9lan des ventes de l'EV6. \u00c0 l'avant, les feux de signature de la carte \u00e9toil\u00e9e se distinguent.  \u2020","og_url":"https:\/\/all-car-news.com\/fr\/la-kia-ev6-rafraichie-egalement-sur-le-plan-technique\/","og_site_name":"All cars news","article_published_time":"2024-08-27T11:34:13+00:00","og_image":[{"url":"https:\/\/autorai.nl\/wp-content\/uploads\/2024\/08\/kia-all-new-ev6-my25-wolf-grey-studio-static-digital-1920x1080-10-1140x641.jpg"}],"twitter_card":"summary_large_image","twitter_misc":{"Dur\u00e9e de lecture estim\u00e9e":"4 minutes"},"schema":{"@context":"https:\/\/schema.org","@graph":[{"@type":"Article","@id":"https:\/\/all-car-news.com\/fr\/la-kia-ev6-rafraichie-egalement-sur-le-plan-technique\/#article","isPartOf":{"@id":"https:\/\/all-car-news.com\/fr\/la-kia-ev6-rafraichie-egalement-sur-le-plan-technique\/"},"author":{"name":"","@id":""},"headline":"La Kia EV6 rafra\u00eechie, \u00e9galement sur le plan technique","datePublished":"2024-08-27T11:34:13+00:00","dateModified":"2024-08-27T11:34:13+00:00","mainEntityOfPage":{"@id":"https:\/\/all-car-news.com\/fr\/la-kia-ev6-rafraichie-egalement-sur-le-plan-technique\/"},"wordCount":729,"publisher":{"@id":"https:\/\/all-car-news.com\/fr\/#organization"},"articleSection":["nouvelles de voiture"],"inLanguage":"fr-FR"},{"@type":"WebPage","@id":"https:\/\/all-car-news.com\/fr\/la-kia-ev6-rafraichie-egalement-sur-le-plan-technique\/","url":"https:\/\/all-car-news.com\/fr\/la-kia-ev6-rafraichie-egalement-sur-le-plan-technique\/","name":"La Kia EV6 rafra\u00eechie, \u00e9galement sur le plan technique - All cars news","isPartOf":{"@id":"https:\/\/all-car-news.com\/fr\/#website"},"datePublished":"2024-08-27T11:34:13+00:00","dateModified":"2024-08-27T11:34:13+00:00","breadcrumb":{"@id":"https:\/\/all-car-news.com\/fr\/la-kia-ev6-rafraichie-egalement-sur-le-plan-technique\/#breadcrumb"},"inLanguage":"fr-FR","potentialAction":[{"@type":"ReadAction","target":["https:\/\/all-car-news.com\/fr\/la-kia-ev6-rafraichie-egalement-sur-le-plan-technique\/"]}]},{"@type":"BreadcrumbList","@id":"https:\/\/all-car-news.com\/fr\/la-kia-ev6-rafraichie-egalement-sur-le-plan-technique\/#breadcrumb","itemListElement":[{"@type":"ListItem","position":1,"name":"Home","item":"https:\/\/all-car-news.com\/fr\/"},{"@type":"ListItem","position":2,"name":"La Kia EV6 rafra\u00eechie, \u00e9galement sur le plan technique"}]},{"@type":"WebSite","@id":"https:\/\/all-car-news.com\/fr\/#website","url":"https:\/\/all-car-news.com\/fr\/","name":"All cars news","description":"","publisher":{"@id":"https:\/\/all-car-news.com\/fr\/#organization"},"potentialAction":[{"@type":"SearchAction","target":{"@type":"EntryPoint","urlTemplate":"https:\/\/all-car-news.com\/fr\/?s={search_term_string}"},"query-input":"required name=search_term_string"}],"inLanguage":"fr-FR"},{"@type":"Organization","@id":"https:\/\/all-car-news.com\/fr\/#organization","name":"All cars news","url":"https:\/\/all-car-news.com\/fr\/","logo":{"@type":"ImageObject","inLanguage":"fr-FR","@id":"https:\/\/all-car-news.com\/fr\/#\/schema\/logo\/image\/","url":"https:\/\/all-car-news.com\/wp-content\/uploads\/2022\/02\/CMYK-AllCarNews_LANDSCAPE_300px-1.png","contentUrl":"https:\/\/all-car-news.com\/wp-content\/uploads\/2022\/02\/CMYK-AllCarNews_LANDSCAPE_300px-1.png","width":300,"height":100,"caption":"All cars news"},"image":{"@id":"https:\/\/all-car-news.com\/fr\/#\/schema\/logo\/image\/"}}]}},"_links":{"self":[{"href":"https:\/\/all-car-news.com\/fr\/wp-json\/wp\/v2\/posts\/147140","targetHints":{"allow":["GET"]}}],"collection":[{"href":"https:\/\/all-car-news.com\/fr\/wp-json\/wp\/v2\/posts"}],"about":[{"href":"https:\/\/all-car-news.com\/fr\/wp-json\/wp\/v2\/types\/post"}],"replies":[{"embeddable":true,"href":"https:\/\/all-car-news.com\/fr\/wp-json\/wp\/v2\/comments?post=147140"}],"version-history":[{"count":0,"href":"https:\/\/all-car-news.com\/fr\/wp-json\/wp\/v2\/posts\/147140\/revisions"}],"wp:featuredmedia":[{"embeddable":true,"href":"https:\/\/all-car-news.com\/fr\/wp-json\/wp\/v2\/media\/147128"}],"wp:attachment":[{"href":"https:\/\/all-car-news.com\/fr\/wp-json\/wp\/v2\/media?parent=147140"}],"wp:term":[{"taxonomy":"category","embeddable":true,"href":"https:\/\/all-car-news.com\/fr\/wp-json\/wp\/v2\/categories?post=147140"},{"taxonomy":"post_tag","embeddable":true,"href":"https:\/\/all-car-news.com\/fr\/wp-json\/wp\/v2\/tags?post=147140"}],"curies":[{"name":"wp","href":"https:\/\/api.w.org\/{rel}","templated":true}]}}