{"id":146969,"date":"2024-08-20T10:56:54","date_gmt":"2024-08-20T10:56:54","guid":{"rendered":"https:\/\/all-car-news.com\/audi-rs-3-renouvelee-et-encore-plus-affutee\/"},"modified":"2024-08-20T10:56:54","modified_gmt":"2024-08-20T10:56:54","slug":"audi-rs-3-renouvelee-et-encore-plus-affutee","status":"publish","type":"post","link":"https:\/\/all-car-news.com\/fr\/audi-rs-3-renouvelee-et-encore-plus-affutee\/","title":{"rendered":"Audi RS 3 : renouvel\u00e9e et encore plus aff\u00fbt\u00e9e"},"content":{"rendered":"<p>Les personnes \u00e0 la recherche d&rsquo;une voiture \u00e0 hayon rapide et disposant d&rsquo;un budget d&rsquo;au moins 107 990 euros peuvent assembler l&rsquo;Audi RS 3 remani\u00e9e sur le site web d&rsquo;Audi \u00e0 partir du 22 ao\u00fbt.<br \/>\nVous pr\u00e9f\u00e9rez une berline compacte ?<br \/>\nC&rsquo;est possible : pour le m\u00eame prix, Audi vous offrira une RS 3 Limousine.   Quoi de neuf ? La calandre est d\u00e9sormais orn\u00e9e d&rsquo;un motif en losange et est devenue plus basse et plus large, avec des lignes plus nettes et des ou\u00efes d&rsquo;a\u00e9ration plus grandes.<br \/>\nTrois signatures lumineuses diff\u00e9rentes sont disponibles pour les phares \u00e0 LED matriciels en option.<br \/>\nLa voiture est \u00e9quip\u00e9e de s\u00e9rie de jantes noires mates de 19 pouces et, pour les amateurs de sorties sur circuit, des pneus semi-slick sont propos\u00e9s en option pour tirer le meilleur parti de la RS 3.  <\/p>\n<figure class=\"wp-block-image size-content\"><img decoding=\"async\" loading=\"lazy\" width=\"1140\" height=\"760\" src=\"https:\/\/autorai.nl\/wp-content\/uploads\/2024\/08\/audirs3sportback9-1140x760.jpg\" alt=\"\" class=\"wp-image-183694\"><figcaption> <\/figcaption><\/figure>\n<figure class=\"wp-block-image size-content\"><img decoding=\"async\" loading=\"lazy\" width=\"1140\" height=\"855\" src=\"https:\/\/autorai.nl\/wp-content\/uploads\/2024\/08\/audirs3sportback2-2-1140x855.jpg\" alt=\"\" class=\"wp-image-183693\"><figcaption> <\/figcaption><\/figure>\n<h2>R\u00e9partiteur de couple  <\/h2>\n<p>L&rsquo;int\u00e9rieur de la nouvelle Audi RS 3 est domin\u00e9 par des tons sombres et des touches de carbone.<br \/>\nLe conducteur prend en main un volant sport et s&rsquo;assoit sur des si\u00e8ges sport RS qui lui apportent le soutien n\u00e9cessaire pendant la conduite.<br \/>\nLe Virtual cockpit plus affiche toutes les informations importantes, telles que la puissance, le couple et les forces G.<br \/>\nGr\u00e2ce \u00e0 un r\u00e9partiteur de couple, la puissance d&rsquo;entra\u00eenement est intelligemment r\u00e9partie entre les roues, ce qui vous permet de n\u00e9gocier les virages avec encore plus d&rsquo;assurance.     <\/p>\n<figure class=\"wp-block-image size-content is-resized\"><img decoding=\"async\" loading=\"lazy\" src=\"https:\/\/autorai.nl\/wp-content\/uploads\/2024\/08\/audirs3sportback6-2-1140x760.jpg\" alt=\"\" class=\"wp-image-183699\" width=\"840\" height=\"560\"><\/figure>\n<figure class=\"wp-block-image size-content\"><img decoding=\"async\" loading=\"lazy\" width=\"1140\" height=\"760\" src=\"https:\/\/autorai.nl\/wp-content\/uploads\/2024\/08\/audirs3sportback7-2-1140x760.jpg\" alt=\"\" class=\"wp-image-183700\"><\/figure>\n<h2>400 ch<\/h2>\n<p>Sous le capot de la RS 3 r\u00e9nov\u00e9e se trouve toujours le moteur familier \u00e0 cinq cylindres 2,5 TFSI, d\u00e9veloppant 294 kW (400 ch).<br \/>\nIl permet \u00e0 la voiture de passer de 0 \u00e0 100 km\/h en 3,8 secondes.<br \/>\nLa vitesse maximale a \u00e9t\u00e9 port\u00e9e \u00e0 290 km\/h et le passage des vitesses se fait par l&rsquo;interm\u00e9diaire d&rsquo;une bo\u00eete automatique S Tronic \u00e0 sept rapports.<br \/>\nCes performances impressionnantes ont m\u00eame permis \u00e0 la RS 3 d&rsquo;obtenir un <a href=\"https:\/\/autorai.nl\/audi-rs3-klokt-ronderecord-nurburgring-in-zijn-segment\/\" target=\"_blank\" rel=\"noreferrer noopener\">temps record au N\u00fcrburgring<\/a>:   <\/p>\n<figure class=\"wp-block-embed is-type-wp-embed is-provider-autorai-nl wp-block-embed-autorai-nl\">\n<div class=\"wp-block-embed__wrapper\">\n<blockquote class=\"wp-embedded-content\" data-secret=\"xZ43NWXpJa\"><p><a href=\"https:\/\/autorai.nl\/audi-rs3-klokt-ronderecord-nurburgring-in-zijn-segment\/\">L&rsquo;Audi RS3 bat le record du tour du N\u00fcrburgring dans son segment<\/a><\/p><\/blockquote>\n<\/div>\n<\/figure>\n","protected":false},"excerpt":{"rendered":"Les personnes \u00e0 la recherche d'une voiture \u00e0 hayon rapide et disposant d'un budget d'au moins 107 990 euros peuvent\u2026","protected":false},"author":0,"featured_media":146960,"comment_status":"","ping_status":"open","sticky":false,"template":"","format":"standard","meta":{"footnotes":""},"categories":[127],"tags":[],"class_list":["post-146969","post","type-post","status-publish","format-standard","has-post-thumbnail","hentry","category-nouvelles-de-voiture"],"acf":[],"yoast_head":"<!-- This site is optimized with the Yoast SEO plugin v21.2 - https:\/\/yoast.com\/wordpress\/plugins\/seo\/ -->\n<title>Audi RS 3 : renouvel\u00e9e et encore plus aff\u00fbt\u00e9e - All cars news<\/title>\n<meta name=\"robots\" content=\"index, follow, max-snippet:-1, max-image-preview:large, max-video-preview:-1\" \/>\n<link rel=\"canonical\" href=\"https:\/\/all-car-news.com\/fr\/audi-rs-3-renouvelee-et-encore-plus-affutee\/\" \/>\n<meta property=\"og:locale\" content=\"fr_FR\" \/>\n<meta property=\"og:type\" content=\"article\" \/>\n<meta property=\"og:title\" content=\"Audi RS 3 : renouvel\u00e9e et encore plus aff\u00fbt\u00e9e - All cars news\" \/>\n<meta property=\"og:description\" content=\"Les personnes \u00e0 la recherche d&#039;une voiture \u00e0 hayon rapide et disposant d&#039;un budget d&#039;au moins 107 990 euros peuvent assembler l&#039;Audi RS 3 remani\u00e9e sur le site web d&#039;Audi \u00e0 partir du 22 ao\u00fbt. Vous pr\u00e9f\u00e9rez une berline compacte ? C&#039;est possible : pour le m\u00eame prix, Audi vous offrira une RS 3 Limousine.  Quoi de neuf ? La calandre est d\u00e9sormais [...]\" \/>\n<meta property=\"og:url\" content=\"https:\/\/all-car-news.com\/fr\/audi-rs-3-renouvelee-et-encore-plus-affutee\/\" \/>\n<meta property=\"og:site_name\" content=\"All cars news\" \/>\n<meta property=\"article:published_time\" content=\"2024-08-20T10:56:54+00:00\" \/>\n<meta property=\"og:image\" content=\"https:\/\/autorai.nl\/wp-content\/uploads\/2024\/08\/audirs3sportback9-1140x760.jpg\" \/>\n<meta name=\"twitter:card\" content=\"summary_large_image\" \/>\n<meta name=\"twitter:label1\" content=\"Dur\u00e9e de lecture estim\u00e9e\" \/>\n\t<meta name=\"twitter:data1\" content=\"2 minutes\" \/>\n<script type=\"application\/ld+json\" class=\"yoast-schema-graph\">{\"@context\":\"https:\/\/schema.org\",\"@graph\":[{\"@type\":\"Article\",\"@id\":\"https:\/\/all-car-news.com\/fr\/audi-rs-3-renouvelee-et-encore-plus-affutee\/#article\",\"isPartOf\":{\"@id\":\"https:\/\/all-car-news.com\/fr\/audi-rs-3-renouvelee-et-encore-plus-affutee\/\"},\"author\":{\"name\":\"\",\"@id\":\"\"},\"headline\":\"Audi RS 3 : renouvel\u00e9e et encore plus aff\u00fbt\u00e9e\",\"datePublished\":\"2024-08-20T10:56:54+00:00\",\"dateModified\":\"2024-08-20T10:56:54+00:00\",\"mainEntityOfPage\":{\"@id\":\"https:\/\/all-car-news.com\/fr\/audi-rs-3-renouvelee-et-encore-plus-affutee\/\"},\"wordCount\":335,\"publisher\":{\"@id\":\"https:\/\/all-car-news.com\/fr\/#organization\"},\"articleSection\":[\"nouvelles de voiture\"],\"inLanguage\":\"fr-FR\"},{\"@type\":\"WebPage\",\"@id\":\"https:\/\/all-car-news.com\/fr\/audi-rs-3-renouvelee-et-encore-plus-affutee\/\",\"url\":\"https:\/\/all-car-news.com\/fr\/audi-rs-3-renouvelee-et-encore-plus-affutee\/\",\"name\":\"Audi RS 3 : renouvel\u00e9e et encore plus aff\u00fbt\u00e9e - All cars news\",\"isPartOf\":{\"@id\":\"https:\/\/all-car-news.com\/fr\/#website\"},\"datePublished\":\"2024-08-20T10:56:54+00:00\",\"dateModified\":\"2024-08-20T10:56:54+00:00\",\"breadcrumb\":{\"@id\":\"https:\/\/all-car-news.com\/fr\/audi-rs-3-renouvelee-et-encore-plus-affutee\/#breadcrumb\"},\"inLanguage\":\"fr-FR\",\"potentialAction\":[{\"@type\":\"ReadAction\",\"target\":[\"https:\/\/all-car-news.com\/fr\/audi-rs-3-renouvelee-et-encore-plus-affutee\/\"]}]},{\"@type\":\"BreadcrumbList\",\"@id\":\"https:\/\/all-car-news.com\/fr\/audi-rs-3-renouvelee-et-encore-plus-affutee\/#breadcrumb\",\"itemListElement\":[{\"@type\":\"ListItem\",\"position\":1,\"name\":\"Home\",\"item\":\"https:\/\/all-car-news.com\/fr\/\"},{\"@type\":\"ListItem\",\"position\":2,\"name\":\"Audi RS 3 : renouvel\u00e9e et encore plus aff\u00fbt\u00e9e\"}]},{\"@type\":\"WebSite\",\"@id\":\"https:\/\/all-car-news.com\/fr\/#website\",\"url\":\"https:\/\/all-car-news.com\/fr\/\",\"name\":\"All cars news\",\"description\":\"\",\"publisher\":{\"@id\":\"https:\/\/all-car-news.com\/fr\/#organization\"},\"potentialAction\":[{\"@type\":\"SearchAction\",\"target\":{\"@type\":\"EntryPoint\",\"urlTemplate\":\"https:\/\/all-car-news.com\/fr\/?s={search_term_string}\"},\"query-input\":\"required name=search_term_string\"}],\"inLanguage\":\"fr-FR\"},{\"@type\":\"Organization\",\"@id\":\"https:\/\/all-car-news.com\/fr\/#organization\",\"name\":\"All cars news\",\"url\":\"https:\/\/all-car-news.com\/fr\/\",\"logo\":{\"@type\":\"ImageObject\",\"inLanguage\":\"fr-FR\",\"@id\":\"https:\/\/all-car-news.com\/fr\/#\/schema\/logo\/image\/\",\"url\":\"https:\/\/all-car-news.com\/wp-content\/uploads\/2022\/02\/CMYK-AllCarNews_LANDSCAPE_300px-1.png\",\"contentUrl\":\"https:\/\/all-car-news.com\/wp-content\/uploads\/2022\/02\/CMYK-AllCarNews_LANDSCAPE_300px-1.png\",\"width\":300,\"height\":100,\"caption\":\"All cars news\"},\"image\":{\"@id\":\"https:\/\/all-car-news.com\/fr\/#\/schema\/logo\/image\/\"}}]}<\/script>\n<!-- \/ Yoast SEO plugin. -->","yoast_head_json":{"title":"Audi RS 3 : renouvel\u00e9e et encore plus aff\u00fbt\u00e9e - All cars news","robots":{"index":"index","follow":"follow","max-snippet":"max-snippet:-1","max-image-preview":"max-image-preview:large","max-video-preview":"max-video-preview:-1"},"canonical":"https:\/\/all-car-news.com\/fr\/audi-rs-3-renouvelee-et-encore-plus-affutee\/","og_locale":"fr_FR","og_type":"article","og_title":"Audi RS 3 : renouvel\u00e9e et encore plus aff\u00fbt\u00e9e - All cars news","og_description":"Les personnes \u00e0 la recherche d'une voiture \u00e0 hayon rapide et disposant d'un budget d'au moins 107 990 euros peuvent assembler l'Audi RS 3 remani\u00e9e sur le site web d'Audi \u00e0 partir du 22 ao\u00fbt. Vous pr\u00e9f\u00e9rez une berline compacte ? C'est possible : pour le m\u00eame prix, Audi vous offrira une RS 3 Limousine.  Quoi de neuf ? La calandre est d\u00e9sormais [...]","og_url":"https:\/\/all-car-news.com\/fr\/audi-rs-3-renouvelee-et-encore-plus-affutee\/","og_site_name":"All cars news","article_published_time":"2024-08-20T10:56:54+00:00","og_image":[{"url":"https:\/\/autorai.nl\/wp-content\/uploads\/2024\/08\/audirs3sportback9-1140x760.jpg"}],"twitter_card":"summary_large_image","twitter_misc":{"Dur\u00e9e de lecture estim\u00e9e":"2 minutes"},"schema":{"@context":"https:\/\/schema.org","@graph":[{"@type":"Article","@id":"https:\/\/all-car-news.com\/fr\/audi-rs-3-renouvelee-et-encore-plus-affutee\/#article","isPartOf":{"@id":"https:\/\/all-car-news.com\/fr\/audi-rs-3-renouvelee-et-encore-plus-affutee\/"},"author":{"name":"","@id":""},"headline":"Audi RS 3 : renouvel\u00e9e et encore plus aff\u00fbt\u00e9e","datePublished":"2024-08-20T10:56:54+00:00","dateModified":"2024-08-20T10:56:54+00:00","mainEntityOfPage":{"@id":"https:\/\/all-car-news.com\/fr\/audi-rs-3-renouvelee-et-encore-plus-affutee\/"},"wordCount":335,"publisher":{"@id":"https:\/\/all-car-news.com\/fr\/#organization"},"articleSection":["nouvelles de voiture"],"inLanguage":"fr-FR"},{"@type":"WebPage","@id":"https:\/\/all-car-news.com\/fr\/audi-rs-3-renouvelee-et-encore-plus-affutee\/","url":"https:\/\/all-car-news.com\/fr\/audi-rs-3-renouvelee-et-encore-plus-affutee\/","name":"Audi RS 3 : renouvel\u00e9e et encore plus aff\u00fbt\u00e9e - All cars news","isPartOf":{"@id":"https:\/\/all-car-news.com\/fr\/#website"},"datePublished":"2024-08-20T10:56:54+00:00","dateModified":"2024-08-20T10:56:54+00:00","breadcrumb":{"@id":"https:\/\/all-car-news.com\/fr\/audi-rs-3-renouvelee-et-encore-plus-affutee\/#breadcrumb"},"inLanguage":"fr-FR","potentialAction":[{"@type":"ReadAction","target":["https:\/\/all-car-news.com\/fr\/audi-rs-3-renouvelee-et-encore-plus-affutee\/"]}]},{"@type":"BreadcrumbList","@id":"https:\/\/all-car-news.com\/fr\/audi-rs-3-renouvelee-et-encore-plus-affutee\/#breadcrumb","itemListElement":[{"@type":"ListItem","position":1,"name":"Home","item":"https:\/\/all-car-news.com\/fr\/"},{"@type":"ListItem","position":2,"name":"Audi RS 3 : renouvel\u00e9e et encore plus aff\u00fbt\u00e9e"}]},{"@type":"WebSite","@id":"https:\/\/all-car-news.com\/fr\/#website","url":"https:\/\/all-car-news.com\/fr\/","name":"All cars news","description":"","publisher":{"@id":"https:\/\/all-car-news.com\/fr\/#organization"},"potentialAction":[{"@type":"SearchAction","target":{"@type":"EntryPoint","urlTemplate":"https:\/\/all-car-news.com\/fr\/?s={search_term_string}"},"query-input":"required name=search_term_string"}],"inLanguage":"fr-FR"},{"@type":"Organization","@id":"https:\/\/all-car-news.com\/fr\/#organization","name":"All cars news","url":"https:\/\/all-car-news.com\/fr\/","logo":{"@type":"ImageObject","inLanguage":"fr-FR","@id":"https:\/\/all-car-news.com\/fr\/#\/schema\/logo\/image\/","url":"https:\/\/all-car-news.com\/wp-content\/uploads\/2022\/02\/CMYK-AllCarNews_LANDSCAPE_300px-1.png","contentUrl":"https:\/\/all-car-news.com\/wp-content\/uploads\/2022\/02\/CMYK-AllCarNews_LANDSCAPE_300px-1.png","width":300,"height":100,"caption":"All cars news"},"image":{"@id":"https:\/\/all-car-news.com\/fr\/#\/schema\/logo\/image\/"}}]}},"_links":{"self":[{"href":"https:\/\/all-car-news.com\/fr\/wp-json\/wp\/v2\/posts\/146969","targetHints":{"allow":["GET"]}}],"collection":[{"href":"https:\/\/all-car-news.com\/fr\/wp-json\/wp\/v2\/posts"}],"about":[{"href":"https:\/\/all-car-news.com\/fr\/wp-json\/wp\/v2\/types\/post"}],"replies":[{"embeddable":true,"href":"https:\/\/all-car-news.com\/fr\/wp-json\/wp\/v2\/comments?post=146969"}],"version-history":[{"count":0,"href":"https:\/\/all-car-news.com\/fr\/wp-json\/wp\/v2\/posts\/146969\/revisions"}],"wp:featuredmedia":[{"embeddable":true,"href":"https:\/\/all-car-news.com\/fr\/wp-json\/wp\/v2\/media\/146960"}],"wp:attachment":[{"href":"https:\/\/all-car-news.com\/fr\/wp-json\/wp\/v2\/media?parent=146969"}],"wp:term":[{"taxonomy":"category","embeddable":true,"href":"https:\/\/all-car-news.com\/fr\/wp-json\/wp\/v2\/categories?post=146969"},{"taxonomy":"post_tag","embeddable":true,"href":"https:\/\/all-car-news.com\/fr\/wp-json\/wp\/v2\/tags?post=146969"}],"curies":[{"name":"wp","href":"https:\/\/api.w.org\/{rel}","templated":true}]}}