{"id":146181,"date":"2024-07-16T08:43:00","date_gmt":"2024-07-16T08:43:00","guid":{"rendered":"https:\/\/all-car-news.com\/retroweek-2-une-nouvelle-generation-dopel-speedster\/"},"modified":"2024-07-16T08:43:00","modified_gmt":"2024-07-16T08:43:00","slug":"retroweek-2-une-nouvelle-generation-dopel-speedster","status":"publish","type":"post","link":"https:\/\/all-car-news.com\/fr\/retroweek-2-une-nouvelle-generation-dopel-speedster\/","title":{"rendered":"RETROWEEK #2 : Une nouvelle g\u00e9n\u00e9ration d&rsquo;Opel Speedster"},"content":{"rendered":"<h2>Critique de l&rsquo;Opel Speedster<\/h2>\n<p>La Vauxhall Speedster, \u00e9galement connue sous le nom de Vauxhall VX220 au Royaume-Uni, est une voiture de sport produite entre 2000 et 2005 par Vauxhall, une filiale de General Motors. Cette voiture compacte \u00e0 deux places a \u00e9t\u00e9 d\u00e9velopp\u00e9e en collaboration avec la soci\u00e9t\u00e9 britannique Lotus et a partag\u00e9 de nombreux composants avec la Lotus Elise, ce qui a permis de cr\u00e9er une voiture de sport l\u00e9g\u00e8re et agile.<\/p>\n<h2>Egalement en version Speedster Turbo !<\/h2>\n<p>L&rsquo;Opel Speedster \u00e9tait \u00e9quip\u00e9 d&rsquo;un moteur Ecotec quatre cylindres de 2,2 litres qui produisait 108 kW (147 ch). L&rsquo;acc\u00e9l\u00e9ration est donc impressionnante, avec un sprint de 0 \u00e0 100 km\/h en 5,9 secondes environ et une vitesse maximale de 217 km\/h. Plus tard, une variante turbo a \u00e9t\u00e9 introduite avec un moteur turbo de 2,0 litres d\u00e9veloppant 147 kW (200 ch), ce qui a encore am\u00e9lior\u00e9 les performances. Cette version pouvait acc\u00e9l\u00e9rer de 0 \u00e0 100 km\/h en seulement 4,9 secondes et atteindre une vitesse maximale de 243 km\/h.<\/p>\n<h2>Poids l\u00e9ger<\/h2>\n<p>Le ch\u00e2ssis du Speedster \u00e9tait en aluminium, ce qui contribuait au faible poids de la voiture, environ 875 kg. Ce poids l\u00e9ger, associ\u00e9 \u00e0 un centre de gravit\u00e9 bas et \u00e0 une traction arri\u00e8re, a permis d&rsquo;obtenir une maniabilit\u00e9 et une exp\u00e9rience de conduite excellentes. La suspension et la direction ont \u00e9t\u00e9 r\u00e9gl\u00e9es pour une conduite sportive, ce qui a rendu le Speedster populaire aupr\u00e8s des amateurs de voitures \u00e0 la recherche d&rsquo;une exp\u00e9rience de conduite pure et sans filtre.<\/p>\n<h2>Agr\u00e9able et spartiate<\/h2>\n<p>L&rsquo;int\u00e9rieur de l&rsquo;Opel Speedster \u00e9tait spartiate, l&rsquo;accent \u00e9tant mis sur la fonctionnalit\u00e9 et l&rsquo;\u00e9conomie de poids. L&rsquo;int\u00e9rieur n&rsquo;offre qu&rsquo;un luxe minimal, mais il est compens\u00e9 par l&rsquo;excellente exp\u00e9rience de conduite qu&rsquo;offre la voiture. Les si\u00e8ges sont bas et offrent un bon soutien lat\u00e9ral, ce qui est essentiel pour le caract\u00e8re sportif de la voiture.<\/p>\n<h2>Beaucoup de fans !<\/h2>\n<p>Bien que l&rsquo;Opel Speedster n&rsquo;ait jamais \u00e9t\u00e9 un succ\u00e8s commercial, il a une base de fans fid\u00e8les et est appr\u00e9ci\u00e9 pour ses performances de conduite et son approche puriste de la conduite sportive. La production s&rsquo;est arr\u00eat\u00e9e en 2005, mais le Speedster reste un mod\u00e8le embl\u00e9matique de l&rsquo;histoire de Vauxhall. En effet, pourquoi Opel ne d\u00e9velopperait-elle pas une nouvelle g\u00e9n\u00e9ration construite en petite s\u00e9rie ? Nous vous conseillons de le faire !<\/p>\n<h2>Nouvelle Opel Speedster<\/h2>\n<p>Comment d\u00e9terminer le design d&rsquo;une nouvelle Opel Speedster ? Simple, en utilisant l&rsquo;IA. Nous donnons une description aussi pr\u00e9cise que possible. L&rsquo;IA fait le reste du travail. Les mod\u00e8les suivants d&rsquo;Opel Speedster en sont issus.<\/p>\n<div class=\"galery shuffle galery-0\">\n<figure>\n\t\t\t\t\t<span style=\"cursor: pointer\" data-src=\"https:\/\/autorai.nl\/wp-content\/uploads\/2024\/06\/retroweek-opel-speedster-ai-foto6.webp\" data-fancybox=\"galery-0\"><br \/>\n\t\t\t\t\t\t\t<img decoding=\"async\" width=\"640\" height=\"480\" src=\"https:\/\/autorai.nl\/wp-content\/uploads\/2024\/06\/retroweek-opel-speedster-ai-foto6-640x480.webp\" class=\"attachment-medium size-medium\" alt=\"Une Opel Speedster bleue, \u00e9l\u00e9gante et d\u00e9capotable, est gar\u00e9e devant un b\u00e2timent moderne. Le panneau au-dessus indique \"Nouvelle g\u00e9n\u00e9ration d'Opel Speedster 100% Speedster\", en l'honneur de RETROWEEK.\" loading=\"lazy\"><i class=\"fa fa-search-plus\" aria-hidden=\"true\"><\/i><br \/>\n\t\t\t\t\t\t<\/span><br \/>\n\t\t\t\t\t<\/figure>\n<figure>\n\t\t\t\t\t<span style=\"cursor: pointer\" data-src=\"https:\/\/autorai.nl\/wp-content\/uploads\/2024\/06\/retroweek-opel-speedster-ai-foto5.webp\" data-fancybox=\"galery-0\" title=\"Une voiture de sport Opel Speedster bleue et \u00e9l\u00e9gante, repr\u00e9sentant la nouvelle g\u00e9n\u00e9ration de voitures exceptionnelles, est gar\u00e9e devant un b\u00e2timent moderne portant le logo Opel.\"><br \/>\n\t\t\t\t\t\t\t<img decoding=\"async\" width=\"360\" height=\"270\" src=\"https:\/\/autorai.nl\/wp-content\/uploads\/2024\/06\/retroweek-opel-speedster-ai-foto5-360x270.webp\" class=\"attachment-small size-small\" alt=\"Une \u00e9l\u00e9gante voiture de sport bleue Opel Speedster, repr\u00e9sentant la nouvelle g\u00e9n\u00e9ration de voitures exceptionnelles, est gar\u00e9e devant un b\u00e2timent moderne portant le logo Opel.\" loading=\"lazy\"><i class=\"fa fa-search-plus\" aria-hidden=\"true\"><\/i><br \/>\n\t\t\t\t\t\t<\/span><br \/>\n\t\t\t\t\t<\/figure>\n<figure>\n\t\t\t\t\t<span style=\"cursor: pointer\" data-src=\"https:\/\/autorai.nl\/wp-content\/uploads\/2024\/06\/retroweek-opel-speedster-ai-foto4.webp\" data-fancybox=\"galery-0\" title=\"Un cabriolet Opel Speedster bleu, v\u00e9ritable ic\u00f4ne de la nouvelle g\u00e9n\u00e9ration, est gar\u00e9 devant un b\u00e2timent moderne, avec le logo Opel et le nom de la marque visibles \u00e0 l'arri\u00e8re-plan. #RETROWEEK\"><br \/>\n\t\t\t\t\t\t\t<img decoding=\"async\" width=\"360\" height=\"270\" src=\"https:\/\/autorai.nl\/wp-content\/uploads\/2024\/06\/retroweek-opel-speedster-ai-foto4-360x270.webp\" class=\"attachment-small size-small\" alt=\"Un cabriolet Opel Speedster bleu, v\u00e9ritable ic\u00f4ne de la nouvelle g\u00e9n\u00e9ration, est gar\u00e9 devant un b\u00e2timent moderne, avec le logo Opel et le nom de la marque visibles \u00e0 l'arri\u00e8re-plan. #RETROWEEK\" loading=\"lazy\"><i class=\"fa fa-search-plus\" aria-hidden=\"true\"><\/i><br \/>\n\t\t\t\t\t\t<\/span><br \/>\n\t\t\t\t\t<\/figure>\n<figure>\n\t\t\t\t\t<span style=\"cursor: pointer\" data-src=\"https:\/\/autorai.nl\/wp-content\/uploads\/2024\/06\/retroweek-opel-speedster-ai-foto3.webp\" data-fancybox=\"galery-0\" title=\"Une \u00e9l\u00e9gante voiture de sport bleue au design futuriste et aux phares LED est gar\u00e9e dans un garage moderne en b\u00e9ton. Sur la voiture, qui fait partie de la nouvelle g\u00e9n\u00e9ration, sont inscrits \"2028\" et \"Opel Speedster (RETROWEEK)\".\"><br \/>\n\t\t\t\t\t\t\t<img decoding=\"async\" width=\"640\" height=\"480\" src=\"https:\/\/autorai.nl\/wp-content\/uploads\/2024\/06\/retroweek-opel-speedster-ai-foto3-640x480.webp\" class=\"attachment-medium size-medium\" alt=\"Une \u00e9l\u00e9gante voiture de sport bleue au design futuriste et aux phares LED est gar\u00e9e dans un garage moderne en b\u00e9ton. Sur la voiture, qui fait partie de la nouvelle g\u00e9n\u00e9ration, sont inscrits \"2028\" et \"Opel Speedster (RETROWEEK)\".\" loading=\"lazy\"><i class=\"fa fa-search-plus\" aria-hidden=\"true\"><\/i><br \/>\n\t\t\t\t\t\t<\/span><br \/>\n\t\t\t\t\t<\/figure>\n<figure>\n\t\t\t\t\t<span style=\"cursor: pointer\" data-src=\"https:\/\/autorai.nl\/wp-content\/uploads\/2024\/06\/retroweek-opel-speedster-ai-foto2.webp\" data-fancybox=\"galery-0\"><br \/>\n\t\t\t\t\t\t\t<img decoding=\"async\" width=\"360\" height=\"270\" src=\"https:\/\/autorai.nl\/wp-content\/uploads\/2024\/06\/retroweek-opel-speedster-ai-foto2-360x270.webp\" class=\"attachment-small size-small\" alt=\"Une Opel Speedster d\u00e9capotable bleue moderne gar\u00e9e devant un b\u00e2timent, avec la banni\u00e8re \"New Generation Opel Speedster 100% electric powertrain\" (Nouvelle g\u00e9n\u00e9ration d'Opel Speedster 100% \u00e9lectrique).\" loading=\"lazy\"><i class=\"fa fa-search-plus\" aria-hidden=\"true\"><\/i><br \/>\n\t\t\t\t\t\t<\/span><br \/>\n\t\t\t\t\t<\/figure>\n<figure>\n\t\t\t\t\t<span style=\"cursor: pointer\" data-src=\"https:\/\/autorai.nl\/wp-content\/uploads\/2024\/06\/retroweek-opel-speedster-ai-foto1.webp\" data-fancybox=\"galery-0\"><br \/>\n\t\t\t\t\t\t\t<img decoding=\"async\" width=\"360\" height=\"270\" src=\"https:\/\/autorai.nl\/wp-content\/uploads\/2024\/06\/retroweek-opel-speedster-ai-foto1-360x270.webp\" class=\"attachment-small size-small\" alt=\"Dans un cadre urbain moderne, une voiture de sport \u00e9lectrique bleue Opel Speedster est pr\u00e9sent\u00e9e avec le texte \"Nouvelle g\u00e9n\u00e9ration Opel 100% \u00e9lectrique\". Le num\u00e9ro d'immatriculation de la voiture est \"O 2EESTER\" et le sol indique l'ann\u00e9e \"2028\".\" loading=\"lazy\"><i class=\"fa fa-search-plus\" aria-hidden=\"true\"><\/i><br \/>\n\t\t\t\t\t\t<\/span><br \/>\n\t\t\t\t\t<\/figure>\n<div class=\"clear\"><\/div>\n<\/div>\n","protected":false},"excerpt":{"rendered":"Critique du Vauxhall Speedster Le Vauxhall Speedster, \u00e9galement connu sous le nom de Vauxhall VX220 au Royaume-Uni, est une voiture\u2026","protected":false},"author":0,"featured_media":146175,"comment_status":"","ping_status":"open","sticky":false,"template":"","format":"standard","meta":{"footnotes":""},"categories":[131,127],"tags":[],"class_list":["post-146181","post","type-post","status-publish","format-standard","has-post-thumbnail","hentry","category-fond","category-nouvelles-de-voiture"],"acf":[],"yoast_head":"<!-- This site is optimized with the Yoast SEO plugin v21.2 - https:\/\/yoast.com\/wordpress\/plugins\/seo\/ -->\n<title>RETROWEEK #2 : Une nouvelle g\u00e9n\u00e9ration d&#039;Opel Speedster - All cars news<\/title>\n<meta name=\"robots\" content=\"index, follow, max-snippet:-1, max-image-preview:large, max-video-preview:-1\" \/>\n<link rel=\"canonical\" href=\"https:\/\/all-car-news.com\/fr\/retroweek-2-une-nouvelle-generation-dopel-speedster\/\" \/>\n<meta property=\"og:locale\" content=\"fr_FR\" \/>\n<meta property=\"og:type\" content=\"article\" \/>\n<meta property=\"og:title\" content=\"RETROWEEK #2 : Une nouvelle g\u00e9n\u00e9ration d&#039;Opel Speedster - All cars news\" \/>\n<meta property=\"og:description\" content=\"Critique du Vauxhall Speedster Le Vauxhall Speedster, \u00e9galement connu sous le nom de Vauxhall VX220 au Royaume-Uni, est une voiture de sport produite entre 2000 et 2005 par Vauxhall, une filiale de General Motors. Cette voiture compacte \u00e0 deux places a \u00e9t\u00e9 d\u00e9velopp\u00e9e en collaboration avec la soci\u00e9t\u00e9 britannique Lotus et partage de nombreux composants avec la Lotus Elise, [...]\" \/>\n<meta property=\"og:url\" content=\"https:\/\/all-car-news.com\/fr\/retroweek-2-une-nouvelle-generation-dopel-speedster\/\" \/>\n<meta property=\"og:site_name\" content=\"All cars news\" \/>\n<meta property=\"article:published_time\" content=\"2024-07-16T08:43:00+00:00\" \/>\n<meta property=\"og:image\" content=\"https:\/\/autorai.nl\/wp-content\/uploads\/2024\/06\/retroweek-opel-speedster-ai-foto6-640x480.webp\" \/>\n<meta name=\"twitter:card\" content=\"summary_large_image\" \/>\n<meta name=\"twitter:label1\" content=\"Dur\u00e9e de lecture estim\u00e9e\" \/>\n\t<meta name=\"twitter:data1\" content=\"2 minutes\" \/>\n<script type=\"application\/ld+json\" class=\"yoast-schema-graph\">{\"@context\":\"https:\/\/schema.org\",\"@graph\":[{\"@type\":\"Article\",\"@id\":\"https:\/\/all-car-news.com\/fr\/retroweek-2-une-nouvelle-generation-dopel-speedster\/#article\",\"isPartOf\":{\"@id\":\"https:\/\/all-car-news.com\/fr\/retroweek-2-une-nouvelle-generation-dopel-speedster\/\"},\"author\":{\"name\":\"\",\"@id\":\"\"},\"headline\":\"RETROWEEK #2 : Une nouvelle g\u00e9n\u00e9ration d&rsquo;Opel Speedster\",\"datePublished\":\"2024-07-16T08:43:00+00:00\",\"dateModified\":\"2024-07-16T08:43:00+00:00\",\"mainEntityOfPage\":{\"@id\":\"https:\/\/all-car-news.com\/fr\/retroweek-2-une-nouvelle-generation-dopel-speedster\/\"},\"wordCount\":447,\"publisher\":{\"@id\":\"https:\/\/all-car-news.com\/fr\/#organization\"},\"articleSection\":[\"Fond\",\"nouvelles de voiture\"],\"inLanguage\":\"fr-FR\"},{\"@type\":\"WebPage\",\"@id\":\"https:\/\/all-car-news.com\/fr\/retroweek-2-une-nouvelle-generation-dopel-speedster\/\",\"url\":\"https:\/\/all-car-news.com\/fr\/retroweek-2-une-nouvelle-generation-dopel-speedster\/\",\"name\":\"RETROWEEK #2 : Une nouvelle g\u00e9n\u00e9ration d'Opel Speedster - All cars news\",\"isPartOf\":{\"@id\":\"https:\/\/all-car-news.com\/fr\/#website\"},\"datePublished\":\"2024-07-16T08:43:00+00:00\",\"dateModified\":\"2024-07-16T08:43:00+00:00\",\"breadcrumb\":{\"@id\":\"https:\/\/all-car-news.com\/fr\/retroweek-2-une-nouvelle-generation-dopel-speedster\/#breadcrumb\"},\"inLanguage\":\"fr-FR\",\"potentialAction\":[{\"@type\":\"ReadAction\",\"target\":[\"https:\/\/all-car-news.com\/fr\/retroweek-2-une-nouvelle-generation-dopel-speedster\/\"]}]},{\"@type\":\"BreadcrumbList\",\"@id\":\"https:\/\/all-car-news.com\/fr\/retroweek-2-une-nouvelle-generation-dopel-speedster\/#breadcrumb\",\"itemListElement\":[{\"@type\":\"ListItem\",\"position\":1,\"name\":\"Home\",\"item\":\"https:\/\/all-car-news.com\/fr\/\"},{\"@type\":\"ListItem\",\"position\":2,\"name\":\"RETROWEEK #2 : Une nouvelle g\u00e9n\u00e9ration d&rsquo;Opel Speedster\"}]},{\"@type\":\"WebSite\",\"@id\":\"https:\/\/all-car-news.com\/fr\/#website\",\"url\":\"https:\/\/all-car-news.com\/fr\/\",\"name\":\"All cars news\",\"description\":\"\",\"publisher\":{\"@id\":\"https:\/\/all-car-news.com\/fr\/#organization\"},\"potentialAction\":[{\"@type\":\"SearchAction\",\"target\":{\"@type\":\"EntryPoint\",\"urlTemplate\":\"https:\/\/all-car-news.com\/fr\/?s={search_term_string}\"},\"query-input\":\"required name=search_term_string\"}],\"inLanguage\":\"fr-FR\"},{\"@type\":\"Organization\",\"@id\":\"https:\/\/all-car-news.com\/fr\/#organization\",\"name\":\"All cars news\",\"url\":\"https:\/\/all-car-news.com\/fr\/\",\"logo\":{\"@type\":\"ImageObject\",\"inLanguage\":\"fr-FR\",\"@id\":\"https:\/\/all-car-news.com\/fr\/#\/schema\/logo\/image\/\",\"url\":\"https:\/\/all-car-news.com\/wp-content\/uploads\/2022\/02\/CMYK-AllCarNews_LANDSCAPE_300px-1.png\",\"contentUrl\":\"https:\/\/all-car-news.com\/wp-content\/uploads\/2022\/02\/CMYK-AllCarNews_LANDSCAPE_300px-1.png\",\"width\":300,\"height\":100,\"caption\":\"All cars news\"},\"image\":{\"@id\":\"https:\/\/all-car-news.com\/fr\/#\/schema\/logo\/image\/\"}}]}<\/script>\n<!-- \/ Yoast SEO plugin. -->","yoast_head_json":{"title":"RETROWEEK #2 : Une nouvelle g\u00e9n\u00e9ration d'Opel Speedster - All cars news","robots":{"index":"index","follow":"follow","max-snippet":"max-snippet:-1","max-image-preview":"max-image-preview:large","max-video-preview":"max-video-preview:-1"},"canonical":"https:\/\/all-car-news.com\/fr\/retroweek-2-une-nouvelle-generation-dopel-speedster\/","og_locale":"fr_FR","og_type":"article","og_title":"RETROWEEK #2 : Une nouvelle g\u00e9n\u00e9ration d'Opel Speedster - All cars news","og_description":"Critique du Vauxhall Speedster Le Vauxhall Speedster, \u00e9galement connu sous le nom de Vauxhall VX220 au Royaume-Uni, est une voiture de sport produite entre 2000 et 2005 par Vauxhall, une filiale de General Motors. Cette voiture compacte \u00e0 deux places a \u00e9t\u00e9 d\u00e9velopp\u00e9e en collaboration avec la soci\u00e9t\u00e9 britannique Lotus et partage de nombreux composants avec la Lotus Elise, [...]","og_url":"https:\/\/all-car-news.com\/fr\/retroweek-2-une-nouvelle-generation-dopel-speedster\/","og_site_name":"All cars news","article_published_time":"2024-07-16T08:43:00+00:00","og_image":[{"url":"https:\/\/autorai.nl\/wp-content\/uploads\/2024\/06\/retroweek-opel-speedster-ai-foto6-640x480.webp"}],"twitter_card":"summary_large_image","twitter_misc":{"Dur\u00e9e de lecture estim\u00e9e":"2 minutes"},"schema":{"@context":"https:\/\/schema.org","@graph":[{"@type":"Article","@id":"https:\/\/all-car-news.com\/fr\/retroweek-2-une-nouvelle-generation-dopel-speedster\/#article","isPartOf":{"@id":"https:\/\/all-car-news.com\/fr\/retroweek-2-une-nouvelle-generation-dopel-speedster\/"},"author":{"name":"","@id":""},"headline":"RETROWEEK #2 : Une nouvelle g\u00e9n\u00e9ration d&rsquo;Opel Speedster","datePublished":"2024-07-16T08:43:00+00:00","dateModified":"2024-07-16T08:43:00+00:00","mainEntityOfPage":{"@id":"https:\/\/all-car-news.com\/fr\/retroweek-2-une-nouvelle-generation-dopel-speedster\/"},"wordCount":447,"publisher":{"@id":"https:\/\/all-car-news.com\/fr\/#organization"},"articleSection":["Fond","nouvelles de voiture"],"inLanguage":"fr-FR"},{"@type":"WebPage","@id":"https:\/\/all-car-news.com\/fr\/retroweek-2-une-nouvelle-generation-dopel-speedster\/","url":"https:\/\/all-car-news.com\/fr\/retroweek-2-une-nouvelle-generation-dopel-speedster\/","name":"RETROWEEK #2 : Une nouvelle g\u00e9n\u00e9ration d'Opel Speedster - All cars news","isPartOf":{"@id":"https:\/\/all-car-news.com\/fr\/#website"},"datePublished":"2024-07-16T08:43:00+00:00","dateModified":"2024-07-16T08:43:00+00:00","breadcrumb":{"@id":"https:\/\/all-car-news.com\/fr\/retroweek-2-une-nouvelle-generation-dopel-speedster\/#breadcrumb"},"inLanguage":"fr-FR","potentialAction":[{"@type":"ReadAction","target":["https:\/\/all-car-news.com\/fr\/retroweek-2-une-nouvelle-generation-dopel-speedster\/"]}]},{"@type":"BreadcrumbList","@id":"https:\/\/all-car-news.com\/fr\/retroweek-2-une-nouvelle-generation-dopel-speedster\/#breadcrumb","itemListElement":[{"@type":"ListItem","position":1,"name":"Home","item":"https:\/\/all-car-news.com\/fr\/"},{"@type":"ListItem","position":2,"name":"RETROWEEK #2 : Une nouvelle g\u00e9n\u00e9ration d&rsquo;Opel Speedster"}]},{"@type":"WebSite","@id":"https:\/\/all-car-news.com\/fr\/#website","url":"https:\/\/all-car-news.com\/fr\/","name":"All cars news","description":"","publisher":{"@id":"https:\/\/all-car-news.com\/fr\/#organization"},"potentialAction":[{"@type":"SearchAction","target":{"@type":"EntryPoint","urlTemplate":"https:\/\/all-car-news.com\/fr\/?s={search_term_string}"},"query-input":"required name=search_term_string"}],"inLanguage":"fr-FR"},{"@type":"Organization","@id":"https:\/\/all-car-news.com\/fr\/#organization","name":"All cars news","url":"https:\/\/all-car-news.com\/fr\/","logo":{"@type":"ImageObject","inLanguage":"fr-FR","@id":"https:\/\/all-car-news.com\/fr\/#\/schema\/logo\/image\/","url":"https:\/\/all-car-news.com\/wp-content\/uploads\/2022\/02\/CMYK-AllCarNews_LANDSCAPE_300px-1.png","contentUrl":"https:\/\/all-car-news.com\/wp-content\/uploads\/2022\/02\/CMYK-AllCarNews_LANDSCAPE_300px-1.png","width":300,"height":100,"caption":"All cars news"},"image":{"@id":"https:\/\/all-car-news.com\/fr\/#\/schema\/logo\/image\/"}}]}},"_links":{"self":[{"href":"https:\/\/all-car-news.com\/fr\/wp-json\/wp\/v2\/posts\/146181","targetHints":{"allow":["GET"]}}],"collection":[{"href":"https:\/\/all-car-news.com\/fr\/wp-json\/wp\/v2\/posts"}],"about":[{"href":"https:\/\/all-car-news.com\/fr\/wp-json\/wp\/v2\/types\/post"}],"replies":[{"embeddable":true,"href":"https:\/\/all-car-news.com\/fr\/wp-json\/wp\/v2\/comments?post=146181"}],"version-history":[{"count":0,"href":"https:\/\/all-car-news.com\/fr\/wp-json\/wp\/v2\/posts\/146181\/revisions"}],"wp:featuredmedia":[{"embeddable":true,"href":"https:\/\/all-car-news.com\/fr\/wp-json\/wp\/v2\/media\/146175"}],"wp:attachment":[{"href":"https:\/\/all-car-news.com\/fr\/wp-json\/wp\/v2\/media?parent=146181"}],"wp:term":[{"taxonomy":"category","embeddable":true,"href":"https:\/\/all-car-news.com\/fr\/wp-json\/wp\/v2\/categories?post=146181"},{"taxonomy":"post_tag","embeddable":true,"href":"https:\/\/all-car-news.com\/fr\/wp-json\/wp\/v2\/tags?post=146181"}],"curies":[{"name":"wp","href":"https:\/\/api.w.org\/{rel}","templated":true}]}}