{"id":145282,"date":"2024-06-06T10:43:41","date_gmt":"2024-06-06T10:43:41","guid":{"rendered":"https:\/\/all-car-news.com\/avis-aux-amateurs-dopel-journee-portes-ouvertes-au-siege-dopel-a-russelsheim\/"},"modified":"2024-06-06T10:43:41","modified_gmt":"2024-06-06T10:43:41","slug":"avis-aux-amateurs-dopel-journee-portes-ouvertes-au-siege-dopel-a-russelsheim","status":"publish","type":"post","link":"https:\/\/all-car-news.com\/fr\/avis-aux-amateurs-dopel-journee-portes-ouvertes-au-siege-dopel-a-russelsheim\/","title":{"rendered":"Avis aux amateurs d&rsquo;Opel : journ\u00e9e portes ouvertes au si\u00e8ge d&rsquo;Opel \u00e0 R\u00fcsselsheim"},"content":{"rendered":"<h2>Journ\u00e9e portes ouvertes<\/h2>\n<p>Opel ouvrira ses portes au public \u00e0 10h30 le 8 juin lors de la c\u00e9r\u00e9monie officielle avec les invit\u00e9s \u00e0 l&rsquo;Adam Opel Haus. Les visiteurs peuvent d&rsquo;abord visiter l&rsquo;exposition de design dans le b\u00e2timent N10. &nbsp;Le voyage \u00e0 travers des d\u00e9cennies de design s&rsquo;\u00e9tend du GT exp\u00e9rimental de 1965 et des \u00e9tudes pionni\u00e8res d&rsquo;Opel des ann\u00e9es 1980 aux concepts innovants d&rsquo;un pass\u00e9 plus r\u00e9cent tels que le GT X exp\u00e9rimental, la sensationnelle Manta GSE et l&rsquo;id\u00e9e visionnaire d&rsquo;une nouvelle g\u00e9n\u00e9ration de v\u00e9hicules.&nbsp;<strong><br \/>\n  <a href=\"https:\/\/www.media.stellantis.com\/nl-nl\/opel\/press\/schilderen-met-licht-opel-experimental-kan-zien-in-het-donker\" target=\"_blank\" rel=\"noreferrer noopener\">Opel exp\u00e9rimentale<\/a><br \/>\n<\/strong>.<\/p>\n<p>L&rsquo;exposition pop-up dans le b\u00e2timent N50, habill\u00e9e de diff\u00e9rentes couleurs, commence \u00e9galement \u00e0 11h30. &nbsp;Les visiteurs peuvent y voir des expositions allant de la premi\u00e8re Opel &#8211; l&rsquo;Opel-Patentmotorwagen System Lutzmann &#8211; aux best-sellers et l\u00e9gendes comme les Opel Kapit\u00e4n, GT, Manta et Calibra, et m\u00eame des mod\u00e8les \u00e9lectriques comme l&rsquo;Opel Ampera. Lors des visites d&rsquo;usine (\u00e0 partir de 13h30) &#8211; qui se d\u00e9rouleront tout l&rsquo;apr\u00e8s-midi derri\u00e8re l&rsquo;Adam Opel Haus &#8211; Opel pr\u00e9sentera fi\u00e8rement la production actuelle d&rsquo;Astra sur le site de R\u00fcsselsheim. &nbsp;En outre, le grand public peut voir de pr\u00e8s les toutes nouvelles Opel Frontera et Opel Grandland, qui seront bient\u00f4t command\u00e9es, pour la premi\u00e8re fois.<\/p>\n<h2>Rallye Corsa<\/h2>\n<p>Vers midi, Vauxhall commencera \u00e0 faire des essais de conduite dans la zone de l&rsquo;a\u00e9roport.&nbsp;<strong><br \/>\n  <a href=\"https:\/\/youtu.be\/nRDDNioGMUg?si=to-E_iW9WcTfTfkc\" target=\"_blank\" rel=\"noreferrer noopener\">Opel Corsa Rallye \u00e9lectrique<\/a><br \/>\n<\/strong>&nbsp;De la premi\u00e8re marque \u00e9lectrique au monde \u00e0 la coupe de rallye. Un nombre limit\u00e9 d&rsquo;amateurs de sport automobile peuvent s&rsquo;inscrire pour prendre place sur le si\u00e8ge passager dans le parking situ\u00e9 derri\u00e8re l&rsquo;Adam Opel Haus. &nbsp;A proximit\u00e9, sur une autre piste d&rsquo;essai sp\u00e9cialement am\u00e9nag\u00e9e par Opel, Opel organise des essais de conduite dans la&nbsp;<strong><br \/>\n  <a href=\"https:\/\/autorai.nl\/opel-rocks-e-op-het-platteland-autorai-tv\/\">Opel mise sur l&rsquo;\u00e9lectrique<\/a><br \/>\n<\/strong>. Lors de la visite de l&rsquo;usine de R\u00fcsselsheim, les visiteurs pourront notamment jeter un coup d&rsquo;\u0153il dans les coulisses.<\/p>\n<p><em>Le texte continue sous la vid\u00e9o<\/em><\/p>\n<figure class=\"wp-block-embed is-type-video is-provider-youtube wp-block-embed-youtube wp-embed-aspect-16-9 wp-has-aspect-ratio\">\n<div class=\"wp-block-embed__wrapper\">\n<\/div>\n<\/figure>\n<h2><strong>Le coin des enfants<\/strong><\/h2>\n<p>Les plus jeunes trouveront de quoi se divertir dans le \u00ab\u00a0Kids Corner\u00a0\u00bb, situ\u00e9 \u00e0 proximit\u00e9 imm\u00e9diate de la grande zone de restauration, \u00e9galement derri\u00e8re l&rsquo;Adam Opel Haus. L&rsquo;espace ext\u00e9rieur propose de nombreuses autres activit\u00e9s pour petits et grands.<\/p>\n<p>Une autre attraction est la zone r\u00e9serv\u00e9e exclusivement aux voitures anciennes Opel, en face de l&rsquo;Adam Opel Haus sur Rugbyring. Les visiteurs et les invit\u00e9s qui arrivent dans un v\u00e9hicule Opel de collection avec une plaque d&rsquo;immatriculation H peuvent garer leur voiture dans le parking \u00ab\u00a0An der Feuerwache\u00a0\u00bb. Ainsi, cette zone se transforme progressivement en une exposition pop-up en plein air de mod\u00e8les historiques d&rsquo;Opel.<\/p>\n<h2><strong>Inscription sur place<\/strong><\/h2>\n<p>L&rsquo;inscription aux diff\u00e9rentes activit\u00e9s peut se faire sur place. Il n&rsquo;est pas possible de r\u00e9server \u00e0 l&rsquo;avance.<\/p>\n<figure class=\"wp-block-image size-content\"><img decoding=\"async\" loading=\"lazy\" width=\"1140\" height=\"641\" src=\"https:\/\/autorai.nl\/wp-content\/uploads\/2024\/06\/ForeverForward-1-1140x641.jpg\" alt=\"\" class=\"wp-image-179527\"><\/figure>\n<\/p>\n<h3> <\/h3><\/p>\n","protected":false},"excerpt":{"rendered":"Journ\u00e9e portes ouvertes Opel ouvrira ses portes au public \u00e0 10h30 le 8 juin lors de la c\u00e9r\u00e9monie officielle avec\u2026","protected":false},"author":0,"featured_media":145255,"comment_status":"","ping_status":"open","sticky":false,"template":"","format":"standard","meta":{"footnotes":""},"categories":[127],"tags":[],"class_list":["post-145282","post","type-post","status-publish","format-standard","has-post-thumbnail","hentry","category-nouvelles-de-voiture"],"acf":[],"yoast_head":"<!-- This site is optimized with the Yoast SEO plugin v21.2 - https:\/\/yoast.com\/wordpress\/plugins\/seo\/ -->\n<title>Avis aux amateurs d&#039;Opel : journ\u00e9e portes ouvertes au si\u00e8ge d&#039;Opel \u00e0 R\u00fcsselsheim - All cars news<\/title>\n<meta name=\"robots\" content=\"index, follow, max-snippet:-1, max-image-preview:large, max-video-preview:-1\" \/>\n<link rel=\"canonical\" href=\"https:\/\/all-car-news.com\/fr\/avis-aux-amateurs-dopel-journee-portes-ouvertes-au-siege-dopel-a-russelsheim\/\" \/>\n<meta property=\"og:locale\" content=\"fr_FR\" \/>\n<meta property=\"og:type\" content=\"article\" \/>\n<meta property=\"og:title\" content=\"Avis aux amateurs d&#039;Opel : journ\u00e9e portes ouvertes au si\u00e8ge d&#039;Opel \u00e0 R\u00fcsselsheim - All cars news\" \/>\n<meta property=\"og:description\" content=\"Journ\u00e9e portes ouvertes Opel ouvrira ses portes au public \u00e0 10h30 le 8 juin lors de la c\u00e9r\u00e9monie officielle avec les invit\u00e9s \u00e0 l&#039;Adam Opel Haus. Les visiteurs peuvent d&#039;abord jeter un coup d&#039;\u0153il \u00e0 l&#039;exposition de design dans le b\u00e2timent N10. Le voyage \u00e0 travers des d\u00e9cennies de design s&#039;\u00e9tend de la GT exp\u00e9rimentale de 1965 [...]\" \/>\n<meta property=\"og:url\" content=\"https:\/\/all-car-news.com\/fr\/avis-aux-amateurs-dopel-journee-portes-ouvertes-au-siege-dopel-a-russelsheim\/\" \/>\n<meta property=\"og:site_name\" content=\"All cars news\" \/>\n<meta property=\"article:published_time\" content=\"2024-06-06T10:43:41+00:00\" \/>\n<meta property=\"og:image\" content=\"https:\/\/autorai.nl\/wp-content\/uploads\/2024\/06\/ForeverForward-1-1140x641.jpg\" \/>\n<meta name=\"twitter:card\" content=\"summary_large_image\" \/>\n<meta name=\"twitter:label1\" content=\"Dur\u00e9e de lecture estim\u00e9e\" \/>\n\t<meta name=\"twitter:data1\" content=\"2 minutes\" \/>\n<script type=\"application\/ld+json\" class=\"yoast-schema-graph\">{\"@context\":\"https:\/\/schema.org\",\"@graph\":[{\"@type\":\"Article\",\"@id\":\"https:\/\/all-car-news.com\/fr\/avis-aux-amateurs-dopel-journee-portes-ouvertes-au-siege-dopel-a-russelsheim\/#article\",\"isPartOf\":{\"@id\":\"https:\/\/all-car-news.com\/fr\/avis-aux-amateurs-dopel-journee-portes-ouvertes-au-siege-dopel-a-russelsheim\/\"},\"author\":{\"name\":\"\",\"@id\":\"\"},\"headline\":\"Avis aux amateurs d&rsquo;Opel : journ\u00e9e portes ouvertes au si\u00e8ge d&rsquo;Opel \u00e0 R\u00fcsselsheim\",\"datePublished\":\"2024-06-06T10:43:41+00:00\",\"dateModified\":\"2024-06-06T10:43:41+00:00\",\"mainEntityOfPage\":{\"@id\":\"https:\/\/all-car-news.com\/fr\/avis-aux-amateurs-dopel-journee-portes-ouvertes-au-siege-dopel-a-russelsheim\/\"},\"wordCount\":494,\"publisher\":{\"@id\":\"https:\/\/all-car-news.com\/fr\/#organization\"},\"articleSection\":[\"nouvelles de voiture\"],\"inLanguage\":\"fr-FR\"},{\"@type\":\"WebPage\",\"@id\":\"https:\/\/all-car-news.com\/fr\/avis-aux-amateurs-dopel-journee-portes-ouvertes-au-siege-dopel-a-russelsheim\/\",\"url\":\"https:\/\/all-car-news.com\/fr\/avis-aux-amateurs-dopel-journee-portes-ouvertes-au-siege-dopel-a-russelsheim\/\",\"name\":\"Avis aux amateurs d'Opel : journ\u00e9e portes ouvertes au si\u00e8ge d'Opel \u00e0 R\u00fcsselsheim - All cars news\",\"isPartOf\":{\"@id\":\"https:\/\/all-car-news.com\/fr\/#website\"},\"datePublished\":\"2024-06-06T10:43:41+00:00\",\"dateModified\":\"2024-06-06T10:43:41+00:00\",\"breadcrumb\":{\"@id\":\"https:\/\/all-car-news.com\/fr\/avis-aux-amateurs-dopel-journee-portes-ouvertes-au-siege-dopel-a-russelsheim\/#breadcrumb\"},\"inLanguage\":\"fr-FR\",\"potentialAction\":[{\"@type\":\"ReadAction\",\"target\":[\"https:\/\/all-car-news.com\/fr\/avis-aux-amateurs-dopel-journee-portes-ouvertes-au-siege-dopel-a-russelsheim\/\"]}]},{\"@type\":\"BreadcrumbList\",\"@id\":\"https:\/\/all-car-news.com\/fr\/avis-aux-amateurs-dopel-journee-portes-ouvertes-au-siege-dopel-a-russelsheim\/#breadcrumb\",\"itemListElement\":[{\"@type\":\"ListItem\",\"position\":1,\"name\":\"Home\",\"item\":\"https:\/\/all-car-news.com\/fr\/\"},{\"@type\":\"ListItem\",\"position\":2,\"name\":\"Avis aux amateurs d&rsquo;Opel : journ\u00e9e portes ouvertes au si\u00e8ge d&rsquo;Opel \u00e0 R\u00fcsselsheim\"}]},{\"@type\":\"WebSite\",\"@id\":\"https:\/\/all-car-news.com\/fr\/#website\",\"url\":\"https:\/\/all-car-news.com\/fr\/\",\"name\":\"All cars news\",\"description\":\"\",\"publisher\":{\"@id\":\"https:\/\/all-car-news.com\/fr\/#organization\"},\"potentialAction\":[{\"@type\":\"SearchAction\",\"target\":{\"@type\":\"EntryPoint\",\"urlTemplate\":\"https:\/\/all-car-news.com\/fr\/?s={search_term_string}\"},\"query-input\":\"required name=search_term_string\"}],\"inLanguage\":\"fr-FR\"},{\"@type\":\"Organization\",\"@id\":\"https:\/\/all-car-news.com\/fr\/#organization\",\"name\":\"All cars news\",\"url\":\"https:\/\/all-car-news.com\/fr\/\",\"logo\":{\"@type\":\"ImageObject\",\"inLanguage\":\"fr-FR\",\"@id\":\"https:\/\/all-car-news.com\/fr\/#\/schema\/logo\/image\/\",\"url\":\"https:\/\/all-car-news.com\/wp-content\/uploads\/2022\/02\/CMYK-AllCarNews_LANDSCAPE_300px-1.png\",\"contentUrl\":\"https:\/\/all-car-news.com\/wp-content\/uploads\/2022\/02\/CMYK-AllCarNews_LANDSCAPE_300px-1.png\",\"width\":300,\"height\":100,\"caption\":\"All cars news\"},\"image\":{\"@id\":\"https:\/\/all-car-news.com\/fr\/#\/schema\/logo\/image\/\"}}]}<\/script>\n<!-- \/ Yoast SEO plugin. -->","yoast_head_json":{"title":"Avis aux amateurs d'Opel : journ\u00e9e portes ouvertes au si\u00e8ge d'Opel \u00e0 R\u00fcsselsheim - All cars news","robots":{"index":"index","follow":"follow","max-snippet":"max-snippet:-1","max-image-preview":"max-image-preview:large","max-video-preview":"max-video-preview:-1"},"canonical":"https:\/\/all-car-news.com\/fr\/avis-aux-amateurs-dopel-journee-portes-ouvertes-au-siege-dopel-a-russelsheim\/","og_locale":"fr_FR","og_type":"article","og_title":"Avis aux amateurs d'Opel : journ\u00e9e portes ouvertes au si\u00e8ge d'Opel \u00e0 R\u00fcsselsheim - All cars news","og_description":"Journ\u00e9e portes ouvertes Opel ouvrira ses portes au public \u00e0 10h30 le 8 juin lors de la c\u00e9r\u00e9monie officielle avec les invit\u00e9s \u00e0 l'Adam Opel Haus. Les visiteurs peuvent d'abord jeter un coup d'\u0153il \u00e0 l'exposition de design dans le b\u00e2timent N10. Le voyage \u00e0 travers des d\u00e9cennies de design s'\u00e9tend de la GT exp\u00e9rimentale de 1965 [...]","og_url":"https:\/\/all-car-news.com\/fr\/avis-aux-amateurs-dopel-journee-portes-ouvertes-au-siege-dopel-a-russelsheim\/","og_site_name":"All cars news","article_published_time":"2024-06-06T10:43:41+00:00","og_image":[{"url":"https:\/\/autorai.nl\/wp-content\/uploads\/2024\/06\/ForeverForward-1-1140x641.jpg"}],"twitter_card":"summary_large_image","twitter_misc":{"Dur\u00e9e de lecture estim\u00e9e":"2 minutes"},"schema":{"@context":"https:\/\/schema.org","@graph":[{"@type":"Article","@id":"https:\/\/all-car-news.com\/fr\/avis-aux-amateurs-dopel-journee-portes-ouvertes-au-siege-dopel-a-russelsheim\/#article","isPartOf":{"@id":"https:\/\/all-car-news.com\/fr\/avis-aux-amateurs-dopel-journee-portes-ouvertes-au-siege-dopel-a-russelsheim\/"},"author":{"name":"","@id":""},"headline":"Avis aux amateurs d&rsquo;Opel : journ\u00e9e portes ouvertes au si\u00e8ge d&rsquo;Opel \u00e0 R\u00fcsselsheim","datePublished":"2024-06-06T10:43:41+00:00","dateModified":"2024-06-06T10:43:41+00:00","mainEntityOfPage":{"@id":"https:\/\/all-car-news.com\/fr\/avis-aux-amateurs-dopel-journee-portes-ouvertes-au-siege-dopel-a-russelsheim\/"},"wordCount":494,"publisher":{"@id":"https:\/\/all-car-news.com\/fr\/#organization"},"articleSection":["nouvelles de voiture"],"inLanguage":"fr-FR"},{"@type":"WebPage","@id":"https:\/\/all-car-news.com\/fr\/avis-aux-amateurs-dopel-journee-portes-ouvertes-au-siege-dopel-a-russelsheim\/","url":"https:\/\/all-car-news.com\/fr\/avis-aux-amateurs-dopel-journee-portes-ouvertes-au-siege-dopel-a-russelsheim\/","name":"Avis aux amateurs d'Opel : journ\u00e9e portes ouvertes au si\u00e8ge d'Opel \u00e0 R\u00fcsselsheim - All cars news","isPartOf":{"@id":"https:\/\/all-car-news.com\/fr\/#website"},"datePublished":"2024-06-06T10:43:41+00:00","dateModified":"2024-06-06T10:43:41+00:00","breadcrumb":{"@id":"https:\/\/all-car-news.com\/fr\/avis-aux-amateurs-dopel-journee-portes-ouvertes-au-siege-dopel-a-russelsheim\/#breadcrumb"},"inLanguage":"fr-FR","potentialAction":[{"@type":"ReadAction","target":["https:\/\/all-car-news.com\/fr\/avis-aux-amateurs-dopel-journee-portes-ouvertes-au-siege-dopel-a-russelsheim\/"]}]},{"@type":"BreadcrumbList","@id":"https:\/\/all-car-news.com\/fr\/avis-aux-amateurs-dopel-journee-portes-ouvertes-au-siege-dopel-a-russelsheim\/#breadcrumb","itemListElement":[{"@type":"ListItem","position":1,"name":"Home","item":"https:\/\/all-car-news.com\/fr\/"},{"@type":"ListItem","position":2,"name":"Avis aux amateurs d&rsquo;Opel : journ\u00e9e portes ouvertes au si\u00e8ge d&rsquo;Opel \u00e0 R\u00fcsselsheim"}]},{"@type":"WebSite","@id":"https:\/\/all-car-news.com\/fr\/#website","url":"https:\/\/all-car-news.com\/fr\/","name":"All cars news","description":"","publisher":{"@id":"https:\/\/all-car-news.com\/fr\/#organization"},"potentialAction":[{"@type":"SearchAction","target":{"@type":"EntryPoint","urlTemplate":"https:\/\/all-car-news.com\/fr\/?s={search_term_string}"},"query-input":"required name=search_term_string"}],"inLanguage":"fr-FR"},{"@type":"Organization","@id":"https:\/\/all-car-news.com\/fr\/#organization","name":"All cars news","url":"https:\/\/all-car-news.com\/fr\/","logo":{"@type":"ImageObject","inLanguage":"fr-FR","@id":"https:\/\/all-car-news.com\/fr\/#\/schema\/logo\/image\/","url":"https:\/\/all-car-news.com\/wp-content\/uploads\/2022\/02\/CMYK-AllCarNews_LANDSCAPE_300px-1.png","contentUrl":"https:\/\/all-car-news.com\/wp-content\/uploads\/2022\/02\/CMYK-AllCarNews_LANDSCAPE_300px-1.png","width":300,"height":100,"caption":"All cars news"},"image":{"@id":"https:\/\/all-car-news.com\/fr\/#\/schema\/logo\/image\/"}}]}},"_links":{"self":[{"href":"https:\/\/all-car-news.com\/fr\/wp-json\/wp\/v2\/posts\/145282","targetHints":{"allow":["GET"]}}],"collection":[{"href":"https:\/\/all-car-news.com\/fr\/wp-json\/wp\/v2\/posts"}],"about":[{"href":"https:\/\/all-car-news.com\/fr\/wp-json\/wp\/v2\/types\/post"}],"replies":[{"embeddable":true,"href":"https:\/\/all-car-news.com\/fr\/wp-json\/wp\/v2\/comments?post=145282"}],"version-history":[{"count":0,"href":"https:\/\/all-car-news.com\/fr\/wp-json\/wp\/v2\/posts\/145282\/revisions"}],"wp:featuredmedia":[{"embeddable":true,"href":"https:\/\/all-car-news.com\/fr\/wp-json\/wp\/v2\/media\/145255"}],"wp:attachment":[{"href":"https:\/\/all-car-news.com\/fr\/wp-json\/wp\/v2\/media?parent=145282"}],"wp:term":[{"taxonomy":"category","embeddable":true,"href":"https:\/\/all-car-news.com\/fr\/wp-json\/wp\/v2\/categories?post=145282"},{"taxonomy":"post_tag","embeddable":true,"href":"https:\/\/all-car-news.com\/fr\/wp-json\/wp\/v2\/tags?post=145282"}],"curies":[{"name":"wp","href":"https:\/\/api.w.org\/{rel}","templated":true}]}}