{"id":145187,"date":"2024-06-04T09:33:35","date_gmt":"2024-06-04T09:33:35","guid":{"rendered":"https:\/\/all-car-news.com\/la-voiture-de-police-electrique-sera-t-elle-un-succes-autorai-tv\/"},"modified":"2024-06-04T09:33:35","modified_gmt":"2024-06-04T09:33:35","slug":"la-voiture-de-police-electrique-sera-t-elle-un-succes-autorai-tv","status":"publish","type":"post","link":"https:\/\/all-car-news.com\/fr\/la-voiture-de-police-electrique-sera-t-elle-un-succes-autorai-tv\/","title":{"rendered":"La voiture de police \u00e9lectrique sera-t-elle un succ\u00e8s ? &#8211; AutoRAI TV"},"content":{"rendered":"<h2>Exp\u00e9rimenter les voitures \u00e9lectriques<\/h2>\n<p>Plusieurs forces de police exp\u00e9rimentent les voitures \u00e9lectriques. De m\u00eame, la police belge utilise des IONIQ 5 de Hyundai. Nous sommes \u00e9galement tomb\u00e9s r\u00e9cemment sur un prototype d&rsquo;Audi Q4 e-tron de la Polizei dans la r\u00e9gion de Francfort. La police n&rsquo;a pas vraiment appr\u00e9ci\u00e9 cette voiture en termes d&rsquo;autonomie. Cette Hyundai IONIQ 5 de la police n\u00e9erlandaise pr\u00e9sente de meilleurs chiffres sur le papier. Au Police Team Weerijs &#8211; dans la r\u00e9gion d&rsquo;Etten-Leur &#8211; ils se d\u00e9placent \u00e0 bord d&rsquo;une IONIQ 5.<\/p>\n<h2>La voiture de police \u00e9lectrique sera-t-elle un succ\u00e8s ? &#8211; En d\u00e9placement avec la police ! &#8211; AutoRAI TV<\/h2>\n<\/p>\n<figure class=\"wp-block-embed is-type-video is-provider-youtube wp-block-embed-youtube wp-embed-aspect-16-9 wp-has-aspect-ratio\">\n<div class=\"wp-block-embed__wrapper\">\n<\/div>\n<\/figure>\n<h2>Syst\u00e8mes d&rsquo;aide \u00e0 la conduite obstructive<\/h2>\n<p>Les premi\u00e8res conclusions sur cette voiture \u00e9lectrique sont extr\u00eamement positives, \u00e0 l&rsquo;exception des syst\u00e8mes d&rsquo;aide \u00e0 la conduite qui interf\u00e8rent avec le travail de la police. \u00ab\u00a0Pendant une course-poursuite, vous ne voulez pas que la voiture contre-braque parce qu&rsquo;elle sort de sa voie, alors nous devons d\u00e9sactiver ces syst\u00e8mes d&rsquo;aide \u00e0 la conduite encore et encore\u00a0\u00bb, a d\u00e9clar\u00e9 l&rsquo;inspecteur Rick, que l&rsquo;on peut trouver dans cette Hyundai presque tous les jours.<\/p>\n<h2>Sp\u00e9cifications Hyundai IONIQ 5 police<\/h2>\n<p>Quelles sont les caract\u00e9ristiques de cette Hyundai ? La voiture en question est une Hyundai IONIQ 5 73 kWh Style de 2022, dont le prix neuf est d&rsquo;environ 50 000 euros. La voiture est propuls\u00e9e par un moteur \u00e9lectrique de 160 kW (218 ch) avec un couple de 350 Nm. La vitesse maximale de la voiture est d&rsquo;environ 190 km\/h et le 0-100 est atteint en 7,4 secondes. La voiture p\u00e8se 1 885 kilogrammes au d\u00e9part de l&rsquo;usine, mais l&rsquo;\u00e9quipement policier n\u00e9cessaire fait passer ce poids \u00e0 environ 2 000 kilogrammes. La voiture est autoris\u00e9e \u00e0 tracter 1 600 kilogrammes frein\u00e9s. La Hyundai IONIQ 5 se distingue par son empattement g\u00e9n\u00e9reux de 3 000 mm. Ainsi, m\u00eame \u00e0 l&rsquo;arri\u00e8re, m\u00eame en tant que criminel, vous \u00eates tr\u00e8s bien assis. Apr\u00e8s tout, vous disposez d&rsquo;un espace consid\u00e9rable pour vos jambes.<\/p>\n<figure class=\"wp-block-image size-content\"><img decoding=\"async\" loading=\"lazy\" width=\"1140\" height=\"634\" src=\"https:\/\/autorai.nl\/wp-content\/uploads\/2024\/06\/hyundai-ioniq-5-politie-foto6-1140x634.jpg\" alt=\"Hyundai IONIQ 5 police - copyright AutoRAI.co.uk\" class=\"wp-image-179290\"><\/figure>\n<h2>V\u00e9hicule de surveillance<\/h2>\n<p>La police utilise la IONIQ 5 comme v\u00e9hicule de surveillance. Il s&rsquo;agit d&rsquo;une exp\u00e9rience. L&rsquo;\u00e9quipe de police d\u00e9couvrira ce que c&rsquo;est que de travailler avec cette voiture \u00e9lectrique au lieu de nos v\u00e9hicules diesel et essence traditionnels. \u00ab\u00a0La police utilise toutes les options de recharge pour garder une batterie aussi pleine que possible. Si vous branchez le v\u00e9hicule pendant une tasse de caf\u00e9 et le d\u00e9jeuner, il peut durer toute la journ\u00e9e de travail. En outre, la voiture est agr\u00e9able, rapide et respectueuse de l&rsquo;environnement\u00a0\u00bb, a d\u00e9clar\u00e9 l&rsquo;inspecteur Rick.<\/p>\n<h2>Compl\u00e9ter l&rsquo;\u00e9quipement de la police<\/h2>\n<p>La Hyundai est \u00e9quip\u00e9e comme une v\u00e9ritable voiture de police. Pensez donc aux gyrophares, aux bandes de police distinctives, au panneau Stop Police sous le pare-soleil, au panneau Police Tracking \u00e0 l&rsquo;arri\u00e8re de la voiture, mais aussi \u00e0 un int\u00e9rieur dot\u00e9 de tous les \u00e9quipements des syst\u00e8mes de rep\u00e9rage, tels que le syst\u00e8me de navigation et le terminal de donn\u00e9es. Dans le compartiment \u00e0 bagages, nous avons d\u00e9tect\u00e9 un tiroir de rangement pour le mat\u00e9riel de premiers secours et les gilets pare-balles, le DEA et les appareils de traumatologie. La nouveaut\u00e9 est un tableau blanc, id\u00e9al pour dessiner quelque chose lors d&rsquo;un incident. \u00ab\u00a0En outre, les si\u00e8ges sont recouverts de housses. Nous faisons cela pour garder la voiture propre. Sur le si\u00e8ge arri\u00e8re, nous utilisons un rev\u00eatement sp\u00e9cial que nous pouvons facilement nettoyer. Je pense qu&rsquo;il n&rsquo;y a pas besoin d&rsquo;explication\u00a0\u00bb, d\u00e9clare Rick.<\/p>\n<p><strong>En savoir plus ? Alors regardez la vid\u00e9o dans cet article !<\/strong><\/p><\/p>\n","protected":false},"excerpt":{"rendered":"Exp\u00e9rimenter les voitures \u00e9lectriques Plusieurs forces de police exp\u00e9rimentent les voitures \u00e9lectriques. De m\u00eame, la police belge utilise des IONIQ\u2026","protected":false},"author":0,"featured_media":145163,"comment_status":"","ping_status":"open","sticky":false,"template":"","format":"standard","meta":{"footnotes":""},"categories":[131,127],"tags":[],"class_list":["post-145187","post","type-post","status-publish","format-standard","has-post-thumbnail","hentry","category-fond","category-nouvelles-de-voiture"],"acf":[],"yoast_head":"<!-- This site is optimized with the Yoast SEO plugin v21.2 - https:\/\/yoast.com\/wordpress\/plugins\/seo\/ -->\n<title>La voiture de police \u00e9lectrique sera-t-elle un succ\u00e8s ? - AutoRAI TV - All cars news<\/title>\n<meta name=\"robots\" content=\"index, follow, max-snippet:-1, max-image-preview:large, max-video-preview:-1\" \/>\n<link rel=\"canonical\" href=\"https:\/\/all-car-news.com\/fr\/la-voiture-de-police-electrique-sera-t-elle-un-succes-autorai-tv\/\" \/>\n<meta property=\"og:locale\" content=\"fr_FR\" \/>\n<meta property=\"og:type\" content=\"article\" \/>\n<meta property=\"og:title\" content=\"La voiture de police \u00e9lectrique sera-t-elle un succ\u00e8s ? - AutoRAI TV - All cars news\" \/>\n<meta property=\"og:description\" content=\"Exp\u00e9rimenter les voitures \u00e9lectriques Plusieurs forces de police exp\u00e9rimentent les voitures \u00e9lectriques. De m\u00eame, la police belge utilise des IONIQ 5 de Hyundai. Nous sommes \u00e9galement tomb\u00e9s r\u00e9cemment sur un prototype d&#039;Audi Q4 e-tron de la Polizei dans la r\u00e9gion de Francfort. La police n&#039;\u00e9tait pas tr\u00e8s satisfaite de cette voiture en ce qui concerne [...]\" \/>\n<meta property=\"og:url\" content=\"https:\/\/all-car-news.com\/fr\/la-voiture-de-police-electrique-sera-t-elle-un-succes-autorai-tv\/\" \/>\n<meta property=\"og:site_name\" content=\"All cars news\" \/>\n<meta property=\"article:published_time\" content=\"2024-06-04T09:33:35+00:00\" \/>\n<meta property=\"og:image\" content=\"https:\/\/autorai.nl\/wp-content\/uploads\/2024\/06\/hyundai-ioniq-5-politie-foto6-1140x634.jpg\" \/>\n<meta name=\"twitter:card\" content=\"summary_large_image\" \/>\n<meta name=\"twitter:label1\" content=\"Dur\u00e9e de lecture estim\u00e9e\" \/>\n\t<meta name=\"twitter:data1\" content=\"3 minutes\" \/>\n<script type=\"application\/ld+json\" class=\"yoast-schema-graph\">{\"@context\":\"https:\/\/schema.org\",\"@graph\":[{\"@type\":\"Article\",\"@id\":\"https:\/\/all-car-news.com\/fr\/la-voiture-de-police-electrique-sera-t-elle-un-succes-autorai-tv\/#article\",\"isPartOf\":{\"@id\":\"https:\/\/all-car-news.com\/fr\/la-voiture-de-police-electrique-sera-t-elle-un-succes-autorai-tv\/\"},\"author\":{\"name\":\"\",\"@id\":\"\"},\"headline\":\"La voiture de police \u00e9lectrique sera-t-elle un succ\u00e8s ? &#8211; AutoRAI TV\",\"datePublished\":\"2024-06-04T09:33:35+00:00\",\"dateModified\":\"2024-06-04T09:33:35+00:00\",\"mainEntityOfPage\":{\"@id\":\"https:\/\/all-car-news.com\/fr\/la-voiture-de-police-electrique-sera-t-elle-un-succes-autorai-tv\/\"},\"wordCount\":620,\"publisher\":{\"@id\":\"https:\/\/all-car-news.com\/fr\/#organization\"},\"articleSection\":[\"Fond\",\"nouvelles de voiture\"],\"inLanguage\":\"fr-FR\"},{\"@type\":\"WebPage\",\"@id\":\"https:\/\/all-car-news.com\/fr\/la-voiture-de-police-electrique-sera-t-elle-un-succes-autorai-tv\/\",\"url\":\"https:\/\/all-car-news.com\/fr\/la-voiture-de-police-electrique-sera-t-elle-un-succes-autorai-tv\/\",\"name\":\"La voiture de police \u00e9lectrique sera-t-elle un succ\u00e8s ? - AutoRAI TV - All cars news\",\"isPartOf\":{\"@id\":\"https:\/\/all-car-news.com\/fr\/#website\"},\"datePublished\":\"2024-06-04T09:33:35+00:00\",\"dateModified\":\"2024-06-04T09:33:35+00:00\",\"breadcrumb\":{\"@id\":\"https:\/\/all-car-news.com\/fr\/la-voiture-de-police-electrique-sera-t-elle-un-succes-autorai-tv\/#breadcrumb\"},\"inLanguage\":\"fr-FR\",\"potentialAction\":[{\"@type\":\"ReadAction\",\"target\":[\"https:\/\/all-car-news.com\/fr\/la-voiture-de-police-electrique-sera-t-elle-un-succes-autorai-tv\/\"]}]},{\"@type\":\"BreadcrumbList\",\"@id\":\"https:\/\/all-car-news.com\/fr\/la-voiture-de-police-electrique-sera-t-elle-un-succes-autorai-tv\/#breadcrumb\",\"itemListElement\":[{\"@type\":\"ListItem\",\"position\":1,\"name\":\"Home\",\"item\":\"https:\/\/all-car-news.com\/fr\/\"},{\"@type\":\"ListItem\",\"position\":2,\"name\":\"La voiture de police \u00e9lectrique sera-t-elle un succ\u00e8s ? &#8211; AutoRAI TV\"}]},{\"@type\":\"WebSite\",\"@id\":\"https:\/\/all-car-news.com\/fr\/#website\",\"url\":\"https:\/\/all-car-news.com\/fr\/\",\"name\":\"All cars news\",\"description\":\"\",\"publisher\":{\"@id\":\"https:\/\/all-car-news.com\/fr\/#organization\"},\"potentialAction\":[{\"@type\":\"SearchAction\",\"target\":{\"@type\":\"EntryPoint\",\"urlTemplate\":\"https:\/\/all-car-news.com\/fr\/?s={search_term_string}\"},\"query-input\":\"required name=search_term_string\"}],\"inLanguage\":\"fr-FR\"},{\"@type\":\"Organization\",\"@id\":\"https:\/\/all-car-news.com\/fr\/#organization\",\"name\":\"All cars news\",\"url\":\"https:\/\/all-car-news.com\/fr\/\",\"logo\":{\"@type\":\"ImageObject\",\"inLanguage\":\"fr-FR\",\"@id\":\"https:\/\/all-car-news.com\/fr\/#\/schema\/logo\/image\/\",\"url\":\"https:\/\/all-car-news.com\/wp-content\/uploads\/2022\/02\/CMYK-AllCarNews_LANDSCAPE_300px-1.png\",\"contentUrl\":\"https:\/\/all-car-news.com\/wp-content\/uploads\/2022\/02\/CMYK-AllCarNews_LANDSCAPE_300px-1.png\",\"width\":300,\"height\":100,\"caption\":\"All cars news\"},\"image\":{\"@id\":\"https:\/\/all-car-news.com\/fr\/#\/schema\/logo\/image\/\"}}]}<\/script>\n<!-- \/ Yoast SEO plugin. -->","yoast_head_json":{"title":"La voiture de police \u00e9lectrique sera-t-elle un succ\u00e8s ? - AutoRAI TV - All cars news","robots":{"index":"index","follow":"follow","max-snippet":"max-snippet:-1","max-image-preview":"max-image-preview:large","max-video-preview":"max-video-preview:-1"},"canonical":"https:\/\/all-car-news.com\/fr\/la-voiture-de-police-electrique-sera-t-elle-un-succes-autorai-tv\/","og_locale":"fr_FR","og_type":"article","og_title":"La voiture de police \u00e9lectrique sera-t-elle un succ\u00e8s ? - AutoRAI TV - All cars news","og_description":"Exp\u00e9rimenter les voitures \u00e9lectriques Plusieurs forces de police exp\u00e9rimentent les voitures \u00e9lectriques. De m\u00eame, la police belge utilise des IONIQ 5 de Hyundai. Nous sommes \u00e9galement tomb\u00e9s r\u00e9cemment sur un prototype d'Audi Q4 e-tron de la Polizei dans la r\u00e9gion de Francfort. La police n'\u00e9tait pas tr\u00e8s satisfaite de cette voiture en ce qui concerne [...]","og_url":"https:\/\/all-car-news.com\/fr\/la-voiture-de-police-electrique-sera-t-elle-un-succes-autorai-tv\/","og_site_name":"All cars news","article_published_time":"2024-06-04T09:33:35+00:00","og_image":[{"url":"https:\/\/autorai.nl\/wp-content\/uploads\/2024\/06\/hyundai-ioniq-5-politie-foto6-1140x634.jpg"}],"twitter_card":"summary_large_image","twitter_misc":{"Dur\u00e9e de lecture estim\u00e9e":"3 minutes"},"schema":{"@context":"https:\/\/schema.org","@graph":[{"@type":"Article","@id":"https:\/\/all-car-news.com\/fr\/la-voiture-de-police-electrique-sera-t-elle-un-succes-autorai-tv\/#article","isPartOf":{"@id":"https:\/\/all-car-news.com\/fr\/la-voiture-de-police-electrique-sera-t-elle-un-succes-autorai-tv\/"},"author":{"name":"","@id":""},"headline":"La voiture de police \u00e9lectrique sera-t-elle un succ\u00e8s ? &#8211; AutoRAI TV","datePublished":"2024-06-04T09:33:35+00:00","dateModified":"2024-06-04T09:33:35+00:00","mainEntityOfPage":{"@id":"https:\/\/all-car-news.com\/fr\/la-voiture-de-police-electrique-sera-t-elle-un-succes-autorai-tv\/"},"wordCount":620,"publisher":{"@id":"https:\/\/all-car-news.com\/fr\/#organization"},"articleSection":["Fond","nouvelles de voiture"],"inLanguage":"fr-FR"},{"@type":"WebPage","@id":"https:\/\/all-car-news.com\/fr\/la-voiture-de-police-electrique-sera-t-elle-un-succes-autorai-tv\/","url":"https:\/\/all-car-news.com\/fr\/la-voiture-de-police-electrique-sera-t-elle-un-succes-autorai-tv\/","name":"La voiture de police \u00e9lectrique sera-t-elle un succ\u00e8s ? - AutoRAI TV - All cars news","isPartOf":{"@id":"https:\/\/all-car-news.com\/fr\/#website"},"datePublished":"2024-06-04T09:33:35+00:00","dateModified":"2024-06-04T09:33:35+00:00","breadcrumb":{"@id":"https:\/\/all-car-news.com\/fr\/la-voiture-de-police-electrique-sera-t-elle-un-succes-autorai-tv\/#breadcrumb"},"inLanguage":"fr-FR","potentialAction":[{"@type":"ReadAction","target":["https:\/\/all-car-news.com\/fr\/la-voiture-de-police-electrique-sera-t-elle-un-succes-autorai-tv\/"]}]},{"@type":"BreadcrumbList","@id":"https:\/\/all-car-news.com\/fr\/la-voiture-de-police-electrique-sera-t-elle-un-succes-autorai-tv\/#breadcrumb","itemListElement":[{"@type":"ListItem","position":1,"name":"Home","item":"https:\/\/all-car-news.com\/fr\/"},{"@type":"ListItem","position":2,"name":"La voiture de police \u00e9lectrique sera-t-elle un succ\u00e8s ? &#8211; AutoRAI TV"}]},{"@type":"WebSite","@id":"https:\/\/all-car-news.com\/fr\/#website","url":"https:\/\/all-car-news.com\/fr\/","name":"All cars news","description":"","publisher":{"@id":"https:\/\/all-car-news.com\/fr\/#organization"},"potentialAction":[{"@type":"SearchAction","target":{"@type":"EntryPoint","urlTemplate":"https:\/\/all-car-news.com\/fr\/?s={search_term_string}"},"query-input":"required name=search_term_string"}],"inLanguage":"fr-FR"},{"@type":"Organization","@id":"https:\/\/all-car-news.com\/fr\/#organization","name":"All cars news","url":"https:\/\/all-car-news.com\/fr\/","logo":{"@type":"ImageObject","inLanguage":"fr-FR","@id":"https:\/\/all-car-news.com\/fr\/#\/schema\/logo\/image\/","url":"https:\/\/all-car-news.com\/wp-content\/uploads\/2022\/02\/CMYK-AllCarNews_LANDSCAPE_300px-1.png","contentUrl":"https:\/\/all-car-news.com\/wp-content\/uploads\/2022\/02\/CMYK-AllCarNews_LANDSCAPE_300px-1.png","width":300,"height":100,"caption":"All cars news"},"image":{"@id":"https:\/\/all-car-news.com\/fr\/#\/schema\/logo\/image\/"}}]}},"_links":{"self":[{"href":"https:\/\/all-car-news.com\/fr\/wp-json\/wp\/v2\/posts\/145187","targetHints":{"allow":["GET"]}}],"collection":[{"href":"https:\/\/all-car-news.com\/fr\/wp-json\/wp\/v2\/posts"}],"about":[{"href":"https:\/\/all-car-news.com\/fr\/wp-json\/wp\/v2\/types\/post"}],"replies":[{"embeddable":true,"href":"https:\/\/all-car-news.com\/fr\/wp-json\/wp\/v2\/comments?post=145187"}],"version-history":[{"count":0,"href":"https:\/\/all-car-news.com\/fr\/wp-json\/wp\/v2\/posts\/145187\/revisions"}],"wp:featuredmedia":[{"embeddable":true,"href":"https:\/\/all-car-news.com\/fr\/wp-json\/wp\/v2\/media\/145163"}],"wp:attachment":[{"href":"https:\/\/all-car-news.com\/fr\/wp-json\/wp\/v2\/media?parent=145187"}],"wp:term":[{"taxonomy":"category","embeddable":true,"href":"https:\/\/all-car-news.com\/fr\/wp-json\/wp\/v2\/categories?post=145187"},{"taxonomy":"post_tag","embeddable":true,"href":"https:\/\/all-car-news.com\/fr\/wp-json\/wp\/v2\/tags?post=145187"}],"curies":[{"name":"wp","href":"https:\/\/api.w.org\/{rel}","templated":true}]}}