{"id":145134,"date":"2024-06-03T08:05:35","date_gmt":"2024-06-03T08:05:35","guid":{"rendered":"https:\/\/all-car-news.com\/compte-rendu-citroen-e-c3-recommandee-comme-ve-economique\/"},"modified":"2024-06-03T08:05:35","modified_gmt":"2024-06-03T08:05:35","slug":"compte-rendu-citroen-e-c3-recommandee-comme-ve-economique","status":"publish","type":"post","link":"https:\/\/all-car-news.com\/fr\/compte-rendu-citroen-e-c3-recommandee-comme-ve-economique\/","title":{"rendered":"Compte-rendu &#8211; Citro\u00ebn \u00eb-C3, recommand\u00e9e comme VE \u00e9conomique ?"},"content":{"rendered":"<h2>Citro\u00ebn, un succ\u00e8s \u00e0 un million de dollars<\/h2>\n<p>Une nouvelle Citro\u00ebn C3 ne devrait pas \u00e9chouer. Dans le cas contraire, le constructeur automobile fran\u00e7ais est en grande difficult\u00e9. Pas moins de 30 % de toutes les nouvelles ventes sont des mod\u00e8les C3. Ce mod\u00e8le a donc une grande responsabilit\u00e9. On remarque donc imm\u00e9diatement que Citro\u00ebn joue la carte de la s\u00e9curit\u00e9, tout en capitalisant clairement sur la tendance des crossovers. La nouvelle Citro\u00ebn C3 est donc plus SUV que jamais. Citro\u00ebn reste fid\u00e8le \u00e0 ses valeurs en mati\u00e8re de confort. Expliquez dans un instant.<\/p>\n<h2>Dimensions<\/h2>\n<p>Avec une longueur de 4,01 m\u00e8tres, une largeur de 1,76 m\u00e8tre et une hauteur de 1,57 m\u00e8tre, la Citro\u00ebn C3 nouvelle g\u00e9n\u00e9ration est quasiment identique \u00e0 sa devanci\u00e8re en termes de dimensions. En revanche, elle est plus spacieuse, y compris \u00e0 l&rsquo;arri\u00e8re o\u00f9 vous b\u00e9n\u00e9ficiez d&rsquo;un espace suppl\u00e9mentaire pour les jambes et la t\u00eate. Le compartiment \u00e0 bagages &#8211; qui dispose d&rsquo;un seuil de levage \u00e9lev\u00e9 &#8211; de plus de 300 litres est suffisamment grand pour les courses de la semaine ou deux chariots. Seule la version Max permet de rabattre le dossier de la banquette arri\u00e8re dans un rapport 60\/40. Dans la version You, la banquette arri\u00e8re n&rsquo;est rabattable qu&rsquo;en une seule partie. Petit point d&rsquo;int\u00e9r\u00eat.<\/p>\n<h2>Rouler en CITRO\u00cbN \u00cb-C3 \u00e9lectrique (2024) : cela vaut-il vraiment la peine ? &#8211; REVUE &#8211; AutoRAI TV<\/h2>\n<\/p>\n<figure class=\"wp-block-embed is-type-video is-provider-youtube wp-block-embed-youtube wp-embed-aspect-16-9 wp-has-aspect-ratio\">\n<div class=\"wp-block-embed__wrapper\">\n<\/div>\n<\/figure>\n<h2>Int\u00e9rieur Citro\u00ebn C3<\/h2>\n<p>A bord de la nouvelle Citro\u00ebn \u00eb-C3, c&rsquo;est avant tout la tranquillit\u00e9 qui pr\u00e9vaut. Tout a l&rsquo;air bien et basique et est \u00e9galement bien assembl\u00e9. Dans le Max, le fabricant utilise des tissus et des finitions atmosph\u00e9riques sur les portes avec des \u00e9tiquettes orange portant des textes tels que \u00ab\u00a0Have Fun\u00a0\u00bb ou \u00ab\u00a0Be Happy\u00a0\u00bb. Belle trouvaille. Le Max est \u00e9galement \u00e9quip\u00e9 de si\u00e8ges Advanced Comfort avec une couche de mousse tr\u00e8s \u00e9paisse pour plus de confort. Ces chaises sont confortables, mais vous avez l&rsquo;impression d&rsquo;\u00eatre sur la chaise, en raison des renflements du dossier et de l&rsquo;assise. Cela ne pose pas de probl\u00e8me et c&rsquo;est peut-\u00eatre d\u00fb \u00e0 la nouveaut\u00e9 de la voiture.  <\/p>\n<h2>Volant compact<\/h2>\n<p>Le volant est \u00e9galement bien mis en valeur. Un volant \u00e0 deux branches dont la face inf\u00e9rieure est aplatie et dont la taille est particuli\u00e8rement r\u00e9duite. La direction est agr\u00e9able et la prise en main confortable. Juste en dessous du pare-brise, Citro\u00ebn annonce la pr\u00e9sence d&rsquo;un affichage t\u00eate haute. C&rsquo;est un peu exag\u00e9r\u00e9, car il s&rsquo;agit simplement d&rsquo;une instrumentation num\u00e9rique. Qu&rsquo;il s&rsquo;agisse d&rsquo;un HUD ou non, la lisibilit\u00e9 et la qualit\u00e9 de l&rsquo;affichage sont tout simplement excellentes. Il est \u00e9galement bien enfonc\u00e9, ce qui emp\u00eache la lumi\u00e8re du soleil de provoquer des reflets g\u00eanants. Une trouvaille intelligente ! D&rsquo;autres marques pourraient s&rsquo;en inspirer.<\/p>\n<figure class=\"wp-block-image size-content\"><img decoding=\"async\" loading=\"lazy\" width=\"1140\" height=\"760\" src=\"https:\/\/autorai.nl\/wp-content\/uploads\/2024\/06\/citroen-3-c3-elektrisch-2024-review-foto35-1140x760.jpg\" alt=\"Citro\u00ebn \u00eb-C3 2024\" class=\"wp-image-179216\"><\/figure>\n<h2>Diff\u00e9rences Vous et Max<\/h2>\n<p>Dans la version You de la nouvelle Citro\u00ebn C3, tout semble beaucoup plus basique. Vous vous asseyez sur des si\u00e8ges normaux (qui sont d&rsquo;ailleurs confortables) et le tableau de bord est en plastique dur. Un syst\u00e8me d&rsquo;infodivertissement avec \u00e9cran de 10,25 pouces et prise en charge d&rsquo;Apple CarPlay et d&rsquo;Android Auto fait \u00e9galement d\u00e9faut, de m\u00eame qu&rsquo;une finition luxueuse sur le volant, qui dans le You se contente d&rsquo;une finition en plastique dur. Vous recevez dans le You une \u00ab\u00a0Smartphone Station\u00a0\u00bb avec la technologie NFC (Near Field Communication) int\u00e9gr\u00e9e. Une fois votre smartphone plac\u00e9 dans le berceau, une nouvelle application sp\u00e9ciale se lance automatiquement, permettant aux propri\u00e9taires d&rsquo;utiliser leur appareil pour cr\u00e9er des raccourcis vers les services du t\u00e9l\u00e9phone, de la radio, de la navigation et des applications musicales.<\/p>\n<p>Le Max est \u00e9quip\u00e9 d&rsquo;un \u00e9cran tactile My Citro\u00ebn Drive de 10,25 pouces dont l&rsquo;utilisation est un jeu d&rsquo;enfant. Le syst\u00e8me d&rsquo;infodivertissement offre des fonctions de navigation, de t\u00e9l\u00e9phone, de radio, d&rsquo;applications et de m\u00e9dias. La fonction WiFi sans fil permet la mise en miroir du smartphone et l&rsquo;utilisation d&rsquo;Apple CarPlay et d&rsquo;Android Auto.<\/p>\n<p>Les portes de la version de base You ne sont pas non plus finies et les vitres \u00e9lectriques \u00e0 l&rsquo;arri\u00e8re brillent par leur absence. L\u00e0, le passager devrait encore se balancer \u00e0 l&rsquo;ancienne. Le You n&rsquo;est pas non plus \u00e9quip\u00e9 d&rsquo;un chargeur \u00e0 induction et le si\u00e8ge du conducteur n&rsquo;est pas r\u00e9glable en hauteur. Ce dernier point semble incontournable. C&rsquo;est une raison suffisante pour opter pour la version Max. Ce dernier donne tout simplement une impression plus proche de Citro\u00ebn et a une allure vraiment cool. Vous \u00eates cependant tr\u00e8s basique. Mais, d&rsquo;un autre c\u00f4t\u00e9, son prix est comp\u00e9titif.<\/p>\n<figure class=\"wp-block-image size-content\"><img decoding=\"async\" loading=\"lazy\" width=\"1140\" height=\"760\" src=\"https:\/\/autorai.nl\/wp-content\/uploads\/2024\/06\/citroen-3-c3-elektrisch-2024-review-foto32-1140x760.jpg\" alt=\"Citro\u00ebn \u00eb-C3 2024\" class=\"wp-image-179213\"><\/figure>\n<h2>Prix Citro\u00ebn C3 et Citro\u00ebn \u00eb-C3<\/h2>\n<p>En ce qui concerne les prix, deux groupes motopropulseurs sont propos\u00e9s pour l&rsquo;instant. &nbsp; Une \u00eb-C3 \u00e9lectrique avec une batterie de 44 kWh (fournie par la soci\u00e9t\u00e9 chinoise Svolt) ou un moteur \u00e0 essence PureTech 100 avec une bo\u00eete de vitesses manuelle \u00e0 six rapports. Cette version essence est disponible en version You \u00e0 partir de 20 690 euros et en version Max \u00e0 partir de 24 900 euros. La Citro\u00ebn \u00eb-C3 \u00e9lectrique avec une batterie de 44 kWh co\u00fbte 24 290 euros pour la You et 28 790 euros pour la Max. Les montants de l&rsquo;EV excluent toujours la subvention SEPP de 2 950 euros. Le prix peut donc encore baisser si vous \u00eates un particulier.<\/p>\n<h2>Groupe motopropulseur Citro\u00ebn \u00eb-C3<\/h2>\n<p>La Citro\u00ebn \u00eb-C3 avec batterie de 44 kWh est \u00e9quip\u00e9e d&rsquo;un moteur \u00e9lectrique d&rsquo;une puissance de 83 kW (113 ch) et d&rsquo;un couple de 120 Nm. Cette variante du moteur passe de 0 \u00e0 100 km\/h en 11 secondes et atteint une vitesse maximale de 135 km\/h. La batterie de 44 kWh est compos\u00e9e d&rsquo;un bloc de batteries au phosphate de fer lithi\u00e9 (LFP &#8211; Lithium Ferro Phosphate). Sur le papier, cette variante de moteur a une autonomie de 320 kilom\u00e8tres selon la norme d&rsquo;essai WLTP. Lors de notre essai routier, l&rsquo;ordinateur de bord a indiqu\u00e9 une autonomie de 305 kilom\u00e8tres. Conduire lentement devrait donc vous permettre de faire un bon bout de chemin.<\/p>\n<figure class=\"wp-block-image size-content\"><img decoding=\"async\" loading=\"lazy\" width=\"1140\" height=\"760\" src=\"https:\/\/autorai.nl\/wp-content\/uploads\/2024\/06\/citroen-3-c3-elektrisch-2024-review-foto23-1140x760.jpg\" alt=\"Citro\u00ebn \u00eb-C3 2024\" class=\"wp-image-179204\"><\/figure>\n<h2>T\u00e9l\u00e9charger<\/h2>\n<p>Int\u00e9ressant : une Citro\u00ebn \u00eb-C3 avec une autonomie de 200 km est pr\u00e9vue pour 2025 avec un prix cible \u00e0 partir de 19.990 euros (valeur fiscale) et 20.980 euros, y compris les taxes et les frais de livraison. C&rsquo;est donc assez int\u00e9ressant. Un point important \u00e0 noter : chaque \u00eb-C3 est \u00e9quip\u00e9 de s\u00e9rie d&rsquo;un chargeur embarqu\u00e9 monophas\u00e9 de 7,4 kW. Il faut donc toujours payer 400 euros de plus pour le chargeur embarqu\u00e9 triphas\u00e9 de 11 kW. Faites-le vraiment ! Cela permet d&rsquo;\u00e9conomiser beaucoup de temps de chargement et c&rsquo;est \u00e9galement bon pour la valeur r\u00e9siduelle de la voiture. Par ailleurs, la Citro\u00ebn \u00e9lectrique peut se recharger rapidement \u00e0 100 kW. Cela permet \u00e0 la batterie de se recharger de 20 \u00e0 80 % en 26 minutes. Mais c&rsquo;est tout de m\u00eame tr\u00e8s bien vu le prix de ce Fran\u00e7ais. Gr\u00e2ce \u00e0 une prise domestique de 1,7 kW, la charge compl\u00e8te dure pr\u00e8s de 27 heures.<\/p>\n<h2>Au volant de la Citro\u00ebn \u00eb-C3<\/h2>\n<p>La conduite de cette Citro\u00ebn \u00eb-C3 a \u00e9t\u00e9 excellente. La voiture a une tenue de route tr\u00e8s confortable. Cela est d\u00fb en partie \u00e0 la suspension Advanced Comfort de s\u00e9rie avec des amortisseurs sp\u00e9ciaux. Ils filtrent bien les irr\u00e9gularit\u00e9s de la surface de la route et assurent un bon \u00e9quilibre. Gr\u00e2ce au volant compact, man\u0153uvrer ce VE fran\u00e7ais est un jeu d&rsquo;enfant. L&rsquo;insonorisation des passages de roues pourrait vraiment \u00eatre meilleure, mais d&rsquo;un autre c\u00f4t\u00e9, nous comprenons tout \u00e0 fait que Citro\u00ebn ait d\u00fb faire des \u00e9conomies sur quelque chose. Une chose est s\u00fbre, cette Citro\u00ebn est absolument confortable. Par rapport \u00e0 ses concurrents du segment B, cette voiture est \u00e9galement spacieuse. En tant qu&rsquo;adulte de 1,85 m, vous pouvez vous asseoir sans probl\u00e8me sur la banquette arri\u00e8re.<\/p>\n<figure class=\"wp-block-image size-content\"><img decoding=\"async\" loading=\"lazy\" width=\"1140\" height=\"760\" src=\"https:\/\/autorai.nl\/wp-content\/uploads\/2024\/06\/citroen-3-c3-elektrisch-2024-review-foto5-1140x760.jpg\" alt=\"Citro\u00ebn \u00eb-C3 2024\" class=\"wp-image-179186\"><\/figure>\n<h2>Conclusion de l&rsquo;\u00e9tude Citro\u00ebn \u00eb-C3<\/h2>\n<p>Cette Citro\u00ebn \u00eb-C3 pourrait donc conna\u00eetre un certain succ\u00e8s. Selon la marque, la conduite \u00e9lectrique ne doit plus \u00eatre r\u00e9serv\u00e9e \u00e0 l&rsquo;\u00e9lite. La mission consistant \u00e0 rendre la conduite \u00e9lectrique abordable a donc brillamment r\u00e9ussi. Vous devez simplement vous demander si vous vous contentez de la version de base de You. Apr\u00e8s tout, la Max est une voiture plus compl\u00e8te \u00e0 tous \u00e9gards et sa valeur de revente est probablement beaucoup plus \u00e9lev\u00e9e. Vous pouvez \u00e9galement opter pour une Dacia Spring Electric, qui est encore moins ch\u00e8re. Mais cette \u00eb-C3 est bien plus qu&rsquo;une voiture. Plus spacieux, plus confortable, plus complet et plus utilisable gr\u00e2ce \u00e0 une solide autonomie de 320 kilom\u00e8tres sur papier (WLTP). C&rsquo;est donc une bonne d\u00e9cision de la part de Citro\u00ebn. Chapeau. La Citro\u00ebn \u00eb-C3 est d\u00e9finitivement recommand\u00e9e comme VE \u00e9conomique.<\/p>\n<\/p>\n<div class=\"galery galery-0\">\n<figure>\n\t\t\t\t\t<span style=\"cursor: pointer\" data-src=\"https:\/\/autorai.nl\/wp-content\/uploads\/2024\/06\/citroen-3-c3-elektrisch-2024-review-foto56-1600x1067.jpg\" data-fancybox=\"galery-0\" title=\"\"><br \/>\n\t\t\t\t\t\t\t<img decoding=\"async\" width=\"360\" height=\"270\" src=\"https:\/\/autorai.nl\/wp-content\/uploads\/2024\/06\/citroen-3-c3-elektrisch-2024-review-foto56-360x270.jpg\" class=\"attachment-small size-small\" alt=\"\" loading=\"lazy\"><i class=\"fa fa-search-plus\" aria-hidden=\"true\"><\/i><br \/>\n\t\t\t\t\t\t<\/span><br \/>\n\t\t\t\t\t<\/figure>\n<figure>\n\t\t\t\t\t<span style=\"cursor: pointer\" data-src=\"https:\/\/autorai.nl\/wp-content\/uploads\/2024\/06\/citroen-3-c3-elektrisch-2024-review-foto55-1600x1067.jpg\" data-fancybox=\"galery-0\" title=\"\"><br \/>\n\t\t\t\t\t\t\t<img decoding=\"async\" width=\"360\" height=\"270\" src=\"https:\/\/autorai.nl\/wp-content\/uploads\/2024\/06\/citroen-3-c3-elektrisch-2024-review-foto55-360x270.jpg\" class=\"attachment-small size-small\" alt=\"\" loading=\"lazy\"><i class=\"fa fa-search-plus\" aria-hidden=\"true\"><\/i><br \/>\n\t\t\t\t\t\t<\/span><br \/>\n\t\t\t\t\t<\/figure>\n<figure>\n\t\t\t\t\t<span style=\"cursor: pointer\" data-src=\"https:\/\/autorai.nl\/wp-content\/uploads\/2024\/06\/citroen-3-c3-elektrisch-2024-review-foto1-1600x1067.jpg\" data-fancybox=\"galery-0\" title=\"\"><br \/>\n\t\t\t\t\t\t\t<img decoding=\"async\" width=\"360\" height=\"270\" src=\"https:\/\/autorai.nl\/wp-content\/uploads\/2024\/06\/citroen-3-c3-elektrisch-2024-review-foto1-360x270.jpg\" class=\"attachment-small size-small\" alt=\"\" loading=\"lazy\"><i class=\"fa fa-search-plus\" aria-hidden=\"true\"><\/i><br \/>\n\t\t\t\t\t\t<\/span><br \/>\n\t\t\t\t\t<\/figure>\n<figure>\n\t\t\t\t\t<span style=\"cursor: pointer\" data-src=\"https:\/\/autorai.nl\/wp-content\/uploads\/2024\/06\/citroen-3-c3-elektrisch-2024-review-foto54-1600x1067.jpg\" data-fancybox=\"galery-0\" title=\"\"><br \/>\n\t\t\t\t\t\t\t<img decoding=\"async\" width=\"360\" height=\"270\" src=\"https:\/\/autorai.nl\/wp-content\/uploads\/2024\/06\/citroen-3-c3-elektrisch-2024-review-foto54-360x270.jpg\" class=\"attachment-small size-small\" alt=\"\" loading=\"lazy\"><i class=\"fa fa-search-plus\" aria-hidden=\"true\"><\/i><br \/>\n\t\t\t\t\t\t<\/span><br \/>\n\t\t\t\t\t<\/figure>\n<figure>\n\t\t\t\t\t<span style=\"cursor: pointer\" data-src=\"https:\/\/autorai.nl\/wp-content\/uploads\/2024\/06\/citroen-3-c3-elektrisch-2024-review-foto53-1600x1067.jpg\" data-fancybox=\"galery-0\" title=\"\"><br \/>\n\t\t\t\t\t\t\t<img decoding=\"async\" width=\"360\" height=\"270\" src=\"https:\/\/autorai.nl\/wp-content\/uploads\/2024\/06\/citroen-3-c3-elektrisch-2024-review-foto53-360x270.jpg\" class=\"attachment-small size-small\" alt=\"\" loading=\"lazy\"><i class=\"fa fa-search-plus\" aria-hidden=\"true\"><\/i><br \/>\n\t\t\t\t\t\t<\/span><br \/>\n\t\t\t\t\t<\/figure>\n<figure>\n\t\t\t\t\t<span style=\"cursor: pointer\" data-src=\"https:\/\/autorai.nl\/wp-content\/uploads\/2024\/06\/citroen-3-c3-elektrisch-2024-review-foto52-1600x1067.jpg\" data-fancybox=\"galery-0\" title=\"\"><br \/>\n\t\t\t\t\t\t\t<img decoding=\"async\" width=\"360\" height=\"270\" src=\"https:\/\/autorai.nl\/wp-content\/uploads\/2024\/06\/citroen-3-c3-elektrisch-2024-review-foto52-360x270.jpg\" class=\"attachment-small size-small\" alt=\"\" loading=\"lazy\"><i class=\"fa fa-search-plus\" aria-hidden=\"true\"><\/i><br \/>\n\t\t\t\t\t\t<\/span><br \/>\n\t\t\t\t\t<\/figure>\n<figure>\n\t\t\t\t\t<span style=\"cursor: pointer\" data-src=\"https:\/\/autorai.nl\/wp-content\/uploads\/2024\/06\/citroen-3-c3-elektrisch-2024-review-foto51-1600x1067.jpg\" data-fancybox=\"galery-0\" title=\"\"><br \/>\n\t\t\t\t\t\t\t<img decoding=\"async\" width=\"360\" height=\"270\" src=\"https:\/\/autorai.nl\/wp-content\/uploads\/2024\/06\/citroen-3-c3-elektrisch-2024-review-foto51-360x270.jpg\" class=\"attachment-small size-small\" alt=\"\" loading=\"lazy\"><i class=\"fa fa-search-plus\" aria-hidden=\"true\"><\/i><br \/>\n\t\t\t\t\t\t<\/span><br \/>\n\t\t\t\t\t<\/figure>\n<figure>\n\t\t\t\t\t<span style=\"cursor: pointer\" data-src=\"https:\/\/autorai.nl\/wp-content\/uploads\/2024\/06\/citroen-3-c3-elektrisch-2024-review-foto50-1600x1067.jpg\" data-fancybox=\"galery-0\" title=\"\"><br \/>\n\t\t\t\t\t\t\t<img decoding=\"async\" width=\"360\" height=\"270\" src=\"https:\/\/autorai.nl\/wp-content\/uploads\/2024\/06\/citroen-3-c3-elektrisch-2024-review-foto50-360x270.jpg\" class=\"attachment-small size-small\" alt=\"\" loading=\"lazy\"><i class=\"fa fa-search-plus\" aria-hidden=\"true\"><\/i><br \/>\n\t\t\t\t\t\t<\/span><br \/>\n\t\t\t\t\t<\/figure>\n<figure>\n\t\t\t\t\t<span style=\"cursor: pointer\" data-src=\"https:\/\/autorai.nl\/wp-content\/uploads\/2024\/06\/citroen-3-c3-elektrisch-2024-review-foto49-1600x1067.jpg\" data-fancybox=\"galery-0\" title=\"\"><br \/>\n\t\t\t\t\t\t\t<img decoding=\"async\" width=\"360\" height=\"270\" src=\"https:\/\/autorai.nl\/wp-content\/uploads\/2024\/06\/citroen-3-c3-elektrisch-2024-review-foto49-360x270.jpg\" class=\"attachment-small size-small\" alt=\"\" loading=\"lazy\"><i class=\"fa fa-search-plus\" aria-hidden=\"true\"><\/i><br \/>\n\t\t\t\t\t\t<\/span><br \/>\n\t\t\t\t\t<\/figure>\n<figure>\n\t\t\t\t\t<span style=\"cursor: pointer\" data-src=\"https:\/\/autorai.nl\/wp-content\/uploads\/2024\/06\/citroen-3-c3-elektrisch-2024-review-foto48-1600x1067.jpg\" data-fancybox=\"galery-0\" title=\"\"><br \/>\n\t\t\t\t\t\t\t<img decoding=\"async\" width=\"360\" height=\"270\" src=\"https:\/\/autorai.nl\/wp-content\/uploads\/2024\/06\/citroen-3-c3-elektrisch-2024-review-foto48-360x270.jpg\" class=\"attachment-small size-small\" alt=\"\" loading=\"lazy\"><i class=\"fa fa-search-plus\" aria-hidden=\"true\"><\/i><br \/>\n\t\t\t\t\t\t<\/span><br \/>\n\t\t\t\t\t<\/figure>\n<figure>\n\t\t\t\t\t<span style=\"cursor: pointer\" data-src=\"https:\/\/autorai.nl\/wp-content\/uploads\/2024\/06\/citroen-3-c3-elektrisch-2024-review-foto47-1600x1067.jpg\" data-fancybox=\"galery-0\" title=\"\"><br \/>\n\t\t\t\t\t\t\t<img decoding=\"async\" width=\"360\" height=\"270\" src=\"https:\/\/autorai.nl\/wp-content\/uploads\/2024\/06\/citroen-3-c3-elektrisch-2024-review-foto47-360x270.jpg\" class=\"attachment-small size-small\" alt=\"\" loading=\"lazy\"><i class=\"fa fa-search-plus\" aria-hidden=\"true\"><\/i><br \/>\n\t\t\t\t\t\t<\/span><br \/>\n\t\t\t\t\t<\/figure>\n<figure>\n\t\t\t\t\t<span style=\"cursor: pointer\" data-src=\"https:\/\/autorai.nl\/wp-content\/uploads\/2024\/06\/citroen-3-c3-elektrisch-2024-review-foto46-1600x1067.jpg\" data-fancybox=\"galery-0\" title=\"\"><br \/>\n\t\t\t\t\t\t\t<img decoding=\"async\" width=\"360\" height=\"270\" src=\"https:\/\/autorai.nl\/wp-content\/uploads\/2024\/06\/citroen-3-c3-elektrisch-2024-review-foto46-360x270.jpg\" class=\"attachment-small size-small\" alt=\"\" loading=\"lazy\"><i class=\"fa fa-search-plus\" aria-hidden=\"true\"><\/i><br \/>\n\t\t\t\t\t\t<\/span><br \/>\n\t\t\t\t\t<\/figure>\n<figure>\n\t\t\t\t\t<span style=\"cursor: pointer\" data-src=\"https:\/\/autorai.nl\/wp-content\/uploads\/2024\/06\/citroen-3-c3-elektrisch-2024-review-foto45-1600x1067.jpg\" data-fancybox=\"galery-0\" title=\"\"><br \/>\n\t\t\t\t\t\t\t<img decoding=\"async\" width=\"360\" height=\"270\" src=\"https:\/\/autorai.nl\/wp-content\/uploads\/2024\/06\/citroen-3-c3-elektrisch-2024-review-foto45-360x270.jpg\" class=\"attachment-small size-small\" alt=\"\" loading=\"lazy\"><i class=\"fa fa-search-plus\" aria-hidden=\"true\"><\/i><br \/>\n\t\t\t\t\t\t<\/span><br \/>\n\t\t\t\t\t<\/figure>\n<figure>\n\t\t\t\t\t<span style=\"cursor: pointer\" data-src=\"https:\/\/autorai.nl\/wp-content\/uploads\/2024\/06\/citroen-3-c3-elektrisch-2024-review-foto44-1600x1067.jpg\" data-fancybox=\"galery-0\" title=\"\"><br \/>\n\t\t\t\t\t\t\t<img decoding=\"async\" width=\"360\" height=\"270\" src=\"https:\/\/autorai.nl\/wp-content\/uploads\/2024\/06\/citroen-3-c3-elektrisch-2024-review-foto44-360x270.jpg\" class=\"attachment-small size-small\" alt=\"\" loading=\"lazy\"><i class=\"fa fa-search-plus\" aria-hidden=\"true\"><\/i><br \/>\n\t\t\t\t\t\t<\/span><br \/>\n\t\t\t\t\t<\/figure>\n<figure>\n\t\t\t\t\t<span style=\"cursor: pointer\" data-src=\"https:\/\/autorai.nl\/wp-content\/uploads\/2024\/06\/citroen-3-c3-elektrisch-2024-review-foto43-1600x1067.jpg\" data-fancybox=\"galery-0\" title=\"\"><br \/>\n\t\t\t\t\t\t\t<img decoding=\"async\" width=\"360\" height=\"270\" src=\"https:\/\/autorai.nl\/wp-content\/uploads\/2024\/06\/citroen-3-c3-elektrisch-2024-review-foto43-360x270.jpg\" class=\"attachment-small size-small\" alt=\"\" loading=\"lazy\"><i class=\"fa fa-search-plus\" aria-hidden=\"true\"><\/i><br \/>\n\t\t\t\t\t\t<\/span><br \/>\n\t\t\t\t\t<\/figure>\n<figure>\n\t\t\t\t\t<span style=\"cursor: pointer\" data-src=\"https:\/\/autorai.nl\/wp-content\/uploads\/2024\/06\/citroen-3-c3-elektrisch-2024-review-foto42-1600x1067.jpg\" data-fancybox=\"galery-0\" title=\"\"><br \/>\n\t\t\t\t\t\t\t<img decoding=\"async\" width=\"360\" height=\"270\" src=\"https:\/\/autorai.nl\/wp-content\/uploads\/2024\/06\/citroen-3-c3-elektrisch-2024-review-foto42-360x270.jpg\" class=\"attachment-small size-small\" alt=\"\" loading=\"lazy\"><i class=\"fa fa-search-plus\" aria-hidden=\"true\"><\/i><br \/>\n\t\t\t\t\t\t<\/span><br \/>\n\t\t\t\t\t<\/figure>\n<figure>\n\t\t\t\t\t<span style=\"cursor: pointer\" data-src=\"https:\/\/autorai.nl\/wp-content\/uploads\/2024\/06\/citroen-3-c3-elektrisch-2024-review-foto41-1600x1067.jpg\" data-fancybox=\"galery-0\" title=\"\"><br \/>\n\t\t\t\t\t\t\t<img decoding=\"async\" width=\"360\" height=\"270\" src=\"https:\/\/autorai.nl\/wp-content\/uploads\/2024\/06\/citroen-3-c3-elektrisch-2024-review-foto41-360x270.jpg\" class=\"attachment-small size-small\" alt=\"\" loading=\"lazy\"><i class=\"fa fa-search-plus\" aria-hidden=\"true\"><\/i><br \/>\n\t\t\t\t\t\t<\/span><br \/>\n\t\t\t\t\t<\/figure>\n<figure>\n\t\t\t\t\t<span style=\"cursor: pointer\" data-src=\"https:\/\/autorai.nl\/wp-content\/uploads\/2024\/06\/citroen-3-c3-elektrisch-2024-review-foto40-1600x1067.jpg\" data-fancybox=\"galery-0\" title=\"\"><br \/>\n\t\t\t\t\t\t\t<img decoding=\"async\" width=\"360\" height=\"270\" src=\"https:\/\/autorai.nl\/wp-content\/uploads\/2024\/06\/citroen-3-c3-elektrisch-2024-review-foto40-360x270.jpg\" class=\"attachment-small size-small\" alt=\"\" loading=\"lazy\"><i class=\"fa fa-search-plus\" aria-hidden=\"true\"><\/i><br \/>\n\t\t\t\t\t\t<\/span><br \/>\n\t\t\t\t\t<\/figure>\n<figure>\n\t\t\t\t\t<span style=\"cursor: pointer\" data-src=\"https:\/\/autorai.nl\/wp-content\/uploads\/2024\/06\/citroen-3-c3-elektrisch-2024-review-foto39-1600x1067.jpg\" data-fancybox=\"galery-0\" title=\"\"><br \/>\n\t\t\t\t\t\t\t<img decoding=\"async\" width=\"360\" height=\"270\" src=\"https:\/\/autorai.nl\/wp-content\/uploads\/2024\/06\/citroen-3-c3-elektrisch-2024-review-foto39-360x270.jpg\" class=\"attachment-small size-small\" alt=\"\" loading=\"lazy\"><i class=\"fa fa-search-plus\" aria-hidden=\"true\"><\/i><br \/>\n\t\t\t\t\t\t<\/span><br \/>\n\t\t\t\t\t<\/figure>\n<figure>\n\t\t\t\t\t<span style=\"cursor: pointer\" data-src=\"https:\/\/autorai.nl\/wp-content\/uploads\/2024\/06\/citroen-3-c3-elektrisch-2024-review-foto38-1600x1067.jpg\" data-fancybox=\"galery-0\" title=\"\"><br \/>\n\t\t\t\t\t\t\t<img decoding=\"async\" width=\"360\" height=\"270\" src=\"https:\/\/autorai.nl\/wp-content\/uploads\/2024\/06\/citroen-3-c3-elektrisch-2024-review-foto38-360x270.jpg\" class=\"attachment-small size-small\" alt=\"\" loading=\"lazy\"><i class=\"fa fa-search-plus\" aria-hidden=\"true\"><\/i><br \/>\n\t\t\t\t\t\t<\/span><br \/>\n\t\t\t\t\t<\/figure>\n<figure>\n\t\t\t\t\t<span style=\"cursor: pointer\" data-src=\"https:\/\/autorai.nl\/wp-content\/uploads\/2024\/06\/citroen-3-c3-elektrisch-2024-review-foto37-1600x1067.jpg\" data-fancybox=\"galery-0\" title=\"\"><br \/>\n\t\t\t\t\t\t\t<img decoding=\"async\" width=\"360\" height=\"270\" src=\"https:\/\/autorai.nl\/wp-content\/uploads\/2024\/06\/citroen-3-c3-elektrisch-2024-review-foto37-360x270.jpg\" class=\"attachment-small size-small\" alt=\"\" loading=\"lazy\"><i class=\"fa fa-search-plus\" aria-hidden=\"true\"><\/i><br \/>\n\t\t\t\t\t\t<\/span><br \/>\n\t\t\t\t\t<\/figure>\n<figure>\n\t\t\t\t\t<span style=\"cursor: pointer\" data-src=\"https:\/\/autorai.nl\/wp-content\/uploads\/2024\/06\/citroen-3-c3-elektrisch-2024-review-foto36-1600x1067.jpg\" data-fancybox=\"galery-0\" title=\"\"><br \/>\n\t\t\t\t\t\t\t<img decoding=\"async\" width=\"360\" height=\"270\" src=\"https:\/\/autorai.nl\/wp-content\/uploads\/2024\/06\/citroen-3-c3-elektrisch-2024-review-foto36-360x270.jpg\" class=\"attachment-small size-small\" alt=\"\" loading=\"lazy\"><i class=\"fa fa-search-plus\" aria-hidden=\"true\"><\/i><br \/>\n\t\t\t\t\t\t<\/span><br \/>\n\t\t\t\t\t<\/figure>\n<figure>\n\t\t\t\t\t<span style=\"cursor: pointer\" data-src=\"https:\/\/autorai.nl\/wp-content\/uploads\/2024\/06\/citroen-3-c3-elektrisch-2024-review-foto35-1600x1067.jpg\" data-fancybox=\"galery-0\" title=\"\"><br \/>\n\t\t\t\t\t\t\t<img decoding=\"async\" width=\"360\" height=\"270\" src=\"https:\/\/autorai.nl\/wp-content\/uploads\/2024\/06\/citroen-3-c3-elektrisch-2024-review-foto35-360x270.jpg\" class=\"attachment-small size-small\" alt=\"Citro\u00ebn \u00eb-C3 2024\" loading=\"lazy\"><i class=\"fa fa-search-plus\" aria-hidden=\"true\"><\/i><br \/>\n\t\t\t\t\t\t<\/span><br \/>\n\t\t\t\t\t<\/figure>\n<figure>\n\t\t\t\t\t<span style=\"cursor: pointer\" data-src=\"https:\/\/autorai.nl\/wp-content\/uploads\/2024\/06\/citroen-3-c3-elektrisch-2024-review-foto34-1600x1067.jpg\" data-fancybox=\"galery-0\" title=\"\"><br \/>\n\t\t\t\t\t\t\t<img decoding=\"async\" width=\"360\" height=\"270\" src=\"https:\/\/autorai.nl\/wp-content\/uploads\/2024\/06\/citroen-3-c3-elektrisch-2024-review-foto34-360x270.jpg\" class=\"attachment-small size-small\" alt=\"\" loading=\"lazy\"><i class=\"fa fa-search-plus\" aria-hidden=\"true\"><\/i><br \/>\n\t\t\t\t\t\t<\/span><br \/>\n\t\t\t\t\t<\/figure>\n<figure>\n\t\t\t\t\t<span style=\"cursor: pointer\" data-src=\"https:\/\/autorai.nl\/wp-content\/uploads\/2024\/06\/citroen-3-c3-elektrisch-2024-review-foto33-1600x1067.jpg\" data-fancybox=\"galery-0\" title=\"\"><br \/>\n\t\t\t\t\t\t\t<img decoding=\"async\" width=\"360\" height=\"270\" src=\"https:\/\/autorai.nl\/wp-content\/uploads\/2024\/06\/citroen-3-c3-elektrisch-2024-review-foto33-360x270.jpg\" class=\"attachment-small size-small\" alt=\"\" loading=\"lazy\"><i class=\"fa fa-search-plus\" aria-hidden=\"true\"><\/i><br \/>\n\t\t\t\t\t\t<\/span><br \/>\n\t\t\t\t\t<\/figure>\n<figure>\n\t\t\t\t\t<span style=\"cursor: pointer\" data-src=\"https:\/\/autorai.nl\/wp-content\/uploads\/2024\/06\/citroen-3-c3-elektrisch-2024-review-foto32-1600x1067.jpg\" data-fancybox=\"galery-0\" title=\"\"><br \/>\n\t\t\t\t\t\t\t<img decoding=\"async\" width=\"360\" height=\"270\" src=\"https:\/\/autorai.nl\/wp-content\/uploads\/2024\/06\/citroen-3-c3-elektrisch-2024-review-foto32-360x270.jpg\" class=\"attachment-small size-small\" alt=\"Citro\u00ebn \u00eb-C3 2024\" loading=\"lazy\"><i class=\"fa fa-search-plus\" aria-hidden=\"true\"><\/i><br \/>\n\t\t\t\t\t\t<\/span><br \/>\n\t\t\t\t\t<\/figure>\n<figure>\n\t\t\t\t\t<span style=\"cursor: pointer\" data-src=\"https:\/\/autorai.nl\/wp-content\/uploads\/2024\/06\/citroen-3-c3-elektrisch-2024-review-foto31-1600x1067.jpg\" data-fancybox=\"galery-0\" title=\"\"><br \/>\n\t\t\t\t\t\t\t<img decoding=\"async\" width=\"360\" height=\"270\" src=\"https:\/\/autorai.nl\/wp-content\/uploads\/2024\/06\/citroen-3-c3-elektrisch-2024-review-foto31-360x270.jpg\" class=\"attachment-small size-small\" alt=\"\" loading=\"lazy\"><i class=\"fa fa-search-plus\" aria-hidden=\"true\"><\/i><br \/>\n\t\t\t\t\t\t<\/span><br \/>\n\t\t\t\t\t<\/figure>\n<figure>\n\t\t\t\t\t<span style=\"cursor: pointer\" data-src=\"https:\/\/autorai.nl\/wp-content\/uploads\/2024\/06\/citroen-3-c3-elektrisch-2024-review-foto30-1600x1067.jpg\" data-fancybox=\"galery-0\" title=\"\"><br \/>\n\t\t\t\t\t\t\t<img decoding=\"async\" width=\"360\" height=\"270\" src=\"https:\/\/autorai.nl\/wp-content\/uploads\/2024\/06\/citroen-3-c3-elektrisch-2024-review-foto30-360x270.jpg\" class=\"attachment-small size-small\" alt=\"\" loading=\"lazy\"><i class=\"fa fa-search-plus\" aria-hidden=\"true\"><\/i><br \/>\n\t\t\t\t\t\t<\/span><br \/>\n\t\t\t\t\t<\/figure>\n<figure>\n\t\t\t\t\t<span style=\"cursor: pointer\" data-src=\"https:\/\/autorai.nl\/wp-content\/uploads\/2024\/06\/citroen-3-c3-elektrisch-2024-review-foto29-1600x1067.jpg\" data-fancybox=\"galery-0\" title=\"\"><br \/>\n\t\t\t\t\t\t\t<img decoding=\"async\" width=\"360\" height=\"270\" src=\"https:\/\/autorai.nl\/wp-content\/uploads\/2024\/06\/citroen-3-c3-elektrisch-2024-review-foto29-360x270.jpg\" class=\"attachment-small size-small\" alt=\"\" loading=\"lazy\"><i class=\"fa fa-search-plus\" aria-hidden=\"true\"><\/i><br \/>\n\t\t\t\t\t\t<\/span><br \/>\n\t\t\t\t\t<\/figure>\n<figure>\n\t\t\t\t\t<span style=\"cursor: pointer\" data-src=\"https:\/\/autorai.nl\/wp-content\/uploads\/2024\/06\/citroen-3-c3-elektrisch-2024-review-foto28-1600x1067.jpg\" data-fancybox=\"galery-0\" title=\"\"><br \/>\n\t\t\t\t\t\t\t<img decoding=\"async\" width=\"360\" height=\"270\" src=\"https:\/\/autorai.nl\/wp-content\/uploads\/2024\/06\/citroen-3-c3-elektrisch-2024-review-foto28-360x270.jpg\" class=\"attachment-small size-small\" alt=\"\" loading=\"lazy\"><i class=\"fa fa-search-plus\" aria-hidden=\"true\"><\/i><br \/>\n\t\t\t\t\t\t<\/span><br \/>\n\t\t\t\t\t<\/figure>\n<figure>\n\t\t\t\t\t<span style=\"cursor: pointer\" data-src=\"https:\/\/autorai.nl\/wp-content\/uploads\/2024\/06\/citroen-3-c3-elektrisch-2024-review-foto27-1600x1067.jpg\" data-fancybox=\"galery-0\" title=\"\"><br \/>\n\t\t\t\t\t\t\t<img decoding=\"async\" width=\"360\" height=\"270\" src=\"https:\/\/autorai.nl\/wp-content\/uploads\/2024\/06\/citroen-3-c3-elektrisch-2024-review-foto27-360x270.jpg\" class=\"attachment-small size-small\" alt=\"\" loading=\"lazy\"><i class=\"fa fa-search-plus\" aria-hidden=\"true\"><\/i><br \/>\n\t\t\t\t\t\t<\/span><br \/>\n\t\t\t\t\t<\/figure>\n<figure>\n\t\t\t\t\t<span style=\"cursor: pointer\" data-src=\"https:\/\/autorai.nl\/wp-content\/uploads\/2024\/06\/citroen-3-c3-elektrisch-2024-review-foto26-1600x1067.jpg\" data-fancybox=\"galery-0\" title=\"\"><br \/>\n\t\t\t\t\t\t\t<img decoding=\"async\" width=\"360\" height=\"270\" src=\"https:\/\/autorai.nl\/wp-content\/uploads\/2024\/06\/citroen-3-c3-elektrisch-2024-review-foto26-360x270.jpg\" class=\"attachment-small size-small\" alt=\"\" loading=\"lazy\"><i class=\"fa fa-search-plus\" aria-hidden=\"true\"><\/i><br \/>\n\t\t\t\t\t\t<\/span><br \/>\n\t\t\t\t\t<\/figure>\n<figure>\n\t\t\t\t\t<span style=\"cursor: pointer\" data-src=\"https:\/\/autorai.nl\/wp-content\/uploads\/2024\/06\/citroen-3-c3-elektrisch-2024-review-foto25-1600x1067.jpg\" data-fancybox=\"galery-0\" title=\"\"><br \/>\n\t\t\t\t\t\t\t<img decoding=\"async\" width=\"360\" height=\"270\" src=\"https:\/\/autorai.nl\/wp-content\/uploads\/2024\/06\/citroen-3-c3-elektrisch-2024-review-foto25-360x270.jpg\" class=\"attachment-small size-small\" alt=\"\" loading=\"lazy\"><i class=\"fa fa-search-plus\" aria-hidden=\"true\"><\/i><br \/>\n\t\t\t\t\t\t<\/span><br \/>\n\t\t\t\t\t<\/figure>\n<figure>\n\t\t\t\t\t<span style=\"cursor: pointer\" data-src=\"https:\/\/autorai.nl\/wp-content\/uploads\/2024\/06\/citroen-3-c3-elektrisch-2024-review-foto24-1600x1067.jpg\" data-fancybox=\"galery-0\" title=\"\"><br \/>\n\t\t\t\t\t\t\t<img decoding=\"async\" width=\"360\" height=\"270\" src=\"https:\/\/autorai.nl\/wp-content\/uploads\/2024\/06\/citroen-3-c3-elektrisch-2024-review-foto24-360x270.jpg\" class=\"attachment-small size-small\" alt=\"\" loading=\"lazy\"><i class=\"fa fa-search-plus\" aria-hidden=\"true\"><\/i><br \/>\n\t\t\t\t\t\t<\/span><br \/>\n\t\t\t\t\t<\/figure>\n<figure>\n\t\t\t\t\t<span style=\"cursor: pointer\" data-src=\"https:\/\/autorai.nl\/wp-content\/uploads\/2024\/06\/citroen-3-c3-elektrisch-2024-review-foto23-1600x1067.jpg\" data-fancybox=\"galery-0\" title=\"\"><br \/>\n\t\t\t\t\t\t\t<img decoding=\"async\" width=\"360\" height=\"270\" src=\"https:\/\/autorai.nl\/wp-content\/uploads\/2024\/06\/citroen-3-c3-elektrisch-2024-review-foto23-360x270.jpg\" class=\"attachment-small size-small\" alt=\"Citro\u00ebn \u00eb-C3 2024\" loading=\"lazy\"><i class=\"fa fa-search-plus\" aria-hidden=\"true\"><\/i><br \/>\n\t\t\t\t\t\t<\/span><br \/>\n\t\t\t\t\t<\/figure>\n<figure>\n\t\t\t\t\t<span style=\"cursor: pointer\" data-src=\"https:\/\/autorai.nl\/wp-content\/uploads\/2024\/06\/citroen-3-c3-elektrisch-2024-review-foto22-1600x1067.jpg\" data-fancybox=\"galery-0\" title=\"\"><br \/>\n\t\t\t\t\t\t\t<img decoding=\"async\" width=\"360\" height=\"270\" src=\"https:\/\/autorai.nl\/wp-content\/uploads\/2024\/06\/citroen-3-c3-elektrisch-2024-review-foto22-360x270.jpg\" class=\"attachment-small size-small\" alt=\"\" loading=\"lazy\"><i class=\"fa fa-search-plus\" aria-hidden=\"true\"><\/i><br \/>\n\t\t\t\t\t\t<\/span><br \/>\n\t\t\t\t\t<\/figure>\n<figure>\n\t\t\t\t\t<span style=\"cursor: pointer\" data-src=\"https:\/\/autorai.nl\/wp-content\/uploads\/2024\/06\/citroen-3-c3-elektrisch-2024-review-foto21-1600x1067.jpg\" data-fancybox=\"galery-0\" title=\"\"><br \/>\n\t\t\t\t\t\t\t<img decoding=\"async\" width=\"360\" height=\"270\" src=\"https:\/\/autorai.nl\/wp-content\/uploads\/2024\/06\/citroen-3-c3-elektrisch-2024-review-foto21-360x270.jpg\" class=\"attachment-small size-small\" alt=\"\" loading=\"lazy\"><i class=\"fa fa-search-plus\" aria-hidden=\"true\"><\/i><br \/>\n\t\t\t\t\t\t<\/span><br \/>\n\t\t\t\t\t<\/figure>\n<figure>\n\t\t\t\t\t<span style=\"cursor: pointer\" data-src=\"https:\/\/autorai.nl\/wp-content\/uploads\/2024\/06\/citroen-3-c3-elektrisch-2024-review-foto20-1600x1067.jpg\" data-fancybox=\"galery-0\" title=\"\"><br \/>\n\t\t\t\t\t\t\t<img decoding=\"async\" width=\"360\" height=\"270\" src=\"https:\/\/autorai.nl\/wp-content\/uploads\/2024\/06\/citroen-3-c3-elektrisch-2024-review-foto20-360x270.jpg\" class=\"attachment-small size-small\" alt=\"\" loading=\"lazy\"><i class=\"fa fa-search-plus\" aria-hidden=\"true\"><\/i><br \/>\n\t\t\t\t\t\t<\/span><br \/>\n\t\t\t\t\t<\/figure>\n<figure>\n\t\t\t\t\t<span style=\"cursor: pointer\" data-src=\"https:\/\/autorai.nl\/wp-content\/uploads\/2024\/06\/citroen-3-c3-elektrisch-2024-review-foto19-1600x1067.jpg\" data-fancybox=\"galery-0\" title=\"\"><br \/>\n\t\t\t\t\t\t\t<img decoding=\"async\" width=\"360\" height=\"270\" src=\"https:\/\/autorai.nl\/wp-content\/uploads\/2024\/06\/citroen-3-c3-elektrisch-2024-review-foto19-360x270.jpg\" class=\"attachment-small size-small\" alt=\"\" loading=\"lazy\"><i class=\"fa fa-search-plus\" aria-hidden=\"true\"><\/i><br \/>\n\t\t\t\t\t\t<\/span><br \/>\n\t\t\t\t\t<\/figure>\n<figure>\n\t\t\t\t\t<span style=\"cursor: pointer\" data-src=\"https:\/\/autorai.nl\/wp-content\/uploads\/2024\/06\/citroen-3-c3-elektrisch-2024-review-foto18-1600x1067.jpg\" data-fancybox=\"galery-0\" title=\"\"><br \/>\n\t\t\t\t\t\t\t<img decoding=\"async\" width=\"360\" height=\"270\" src=\"https:\/\/autorai.nl\/wp-content\/uploads\/2024\/06\/citroen-3-c3-elektrisch-2024-review-foto18-360x270.jpg\" class=\"attachment-small size-small\" alt=\"\" loading=\"lazy\"><i class=\"fa fa-search-plus\" aria-hidden=\"true\"><\/i><br \/>\n\t\t\t\t\t\t<\/span><br \/>\n\t\t\t\t\t<\/figure>\n<figure>\n\t\t\t\t\t<span style=\"cursor: pointer\" data-src=\"https:\/\/autorai.nl\/wp-content\/uploads\/2024\/06\/citroen-3-c3-elektrisch-2024-review-foto17-1600x1067.jpg\" data-fancybox=\"galery-0\" title=\"\"><br \/>\n\t\t\t\t\t\t\t<img decoding=\"async\" width=\"360\" height=\"270\" src=\"https:\/\/autorai.nl\/wp-content\/uploads\/2024\/06\/citroen-3-c3-elektrisch-2024-review-foto17-360x270.jpg\" class=\"attachment-small size-small\" alt=\"\" loading=\"lazy\"><i class=\"fa fa-search-plus\" aria-hidden=\"true\"><\/i><br \/>\n\t\t\t\t\t\t<\/span><br \/>\n\t\t\t\t\t<\/figure>\n<figure>\n\t\t\t\t\t<span style=\"cursor: pointer\" data-src=\"https:\/\/autorai.nl\/wp-content\/uploads\/2024\/06\/citroen-3-c3-elektrisch-2024-review-foto16-1600x1067.jpg\" data-fancybox=\"galery-0\" title=\"\"><br \/>\n\t\t\t\t\t\t\t<img decoding=\"async\" width=\"360\" height=\"270\" src=\"https:\/\/autorai.nl\/wp-content\/uploads\/2024\/06\/citroen-3-c3-elektrisch-2024-review-foto16-360x270.jpg\" class=\"attachment-small size-small\" alt=\"\" loading=\"lazy\"><i class=\"fa fa-search-plus\" aria-hidden=\"true\"><\/i><br \/>\n\t\t\t\t\t\t<\/span><br \/>\n\t\t\t\t\t<\/figure>\n<figure>\n\t\t\t\t\t<span style=\"cursor: pointer\" data-src=\"https:\/\/autorai.nl\/wp-content\/uploads\/2024\/06\/citroen-3-c3-elektrisch-2024-review-foto15-1600x1067.jpg\" data-fancybox=\"galery-0\" title=\"\"><br \/>\n\t\t\t\t\t\t\t<img decoding=\"async\" width=\"360\" height=\"270\" src=\"https:\/\/autorai.nl\/wp-content\/uploads\/2024\/06\/citroen-3-c3-elektrisch-2024-review-foto15-360x270.jpg\" class=\"attachment-small size-small\" alt=\"\" loading=\"lazy\"><i class=\"fa fa-search-plus\" aria-hidden=\"true\"><\/i><br \/>\n\t\t\t\t\t\t<\/span><br \/>\n\t\t\t\t\t<\/figure>\n<figure>\n\t\t\t\t\t<span style=\"cursor: pointer\" data-src=\"https:\/\/autorai.nl\/wp-content\/uploads\/2024\/06\/citroen-3-c3-elektrisch-2024-review-foto14-1600x1067.jpg\" data-fancybox=\"galery-0\" title=\"\"><br \/>\n\t\t\t\t\t\t\t<img decoding=\"async\" width=\"360\" height=\"270\" src=\"https:\/\/autorai.nl\/wp-content\/uploads\/2024\/06\/citroen-3-c3-elektrisch-2024-review-foto14-360x270.jpg\" class=\"attachment-small size-small\" alt=\"\" loading=\"lazy\"><i class=\"fa fa-search-plus\" aria-hidden=\"true\"><\/i><br \/>\n\t\t\t\t\t\t<\/span><br \/>\n\t\t\t\t\t<\/figure>\n<figure>\n\t\t\t\t\t<span style=\"cursor: pointer\" data-src=\"https:\/\/autorai.nl\/wp-content\/uploads\/2024\/06\/citroen-3-c3-elektrisch-2024-review-foto13-1600x1067.jpg\" data-fancybox=\"galery-0\" title=\"\"><br \/>\n\t\t\t\t\t\t\t<img decoding=\"async\" width=\"360\" height=\"270\" src=\"https:\/\/autorai.nl\/wp-content\/uploads\/2024\/06\/citroen-3-c3-elektrisch-2024-review-foto13-360x270.jpg\" class=\"attachment-small size-small\" alt=\"\" loading=\"lazy\"><i class=\"fa fa-search-plus\" aria-hidden=\"true\"><\/i><br \/>\n\t\t\t\t\t\t<\/span><br \/>\n\t\t\t\t\t<\/figure>\n<figure>\n\t\t\t\t\t<span style=\"cursor: pointer\" data-src=\"https:\/\/autorai.nl\/wp-content\/uploads\/2024\/06\/citroen-3-c3-elektrisch-2024-review-foto12-1600x1067.jpg\" data-fancybox=\"galery-0\" title=\"\"><br \/>\n\t\t\t\t\t\t\t<img decoding=\"async\" width=\"360\" height=\"270\" src=\"https:\/\/autorai.nl\/wp-content\/uploads\/2024\/06\/citroen-3-c3-elektrisch-2024-review-foto12-360x270.jpg\" class=\"attachment-small size-small\" alt=\"\" loading=\"lazy\"><i class=\"fa fa-search-plus\" aria-hidden=\"true\"><\/i><br \/>\n\t\t\t\t\t\t<\/span><br \/>\n\t\t\t\t\t<\/figure>\n<figure>\n\t\t\t\t\t<span style=\"cursor: pointer\" data-src=\"https:\/\/autorai.nl\/wp-content\/uploads\/2024\/06\/citroen-3-c3-elektrisch-2024-review-foto11-1600x1067.jpg\" data-fancybox=\"galery-0\" title=\"\"><br \/>\n\t\t\t\t\t\t\t<img decoding=\"async\" width=\"360\" height=\"270\" src=\"https:\/\/autorai.nl\/wp-content\/uploads\/2024\/06\/citroen-3-c3-elektrisch-2024-review-foto11-360x270.jpg\" class=\"attachment-small size-small\" alt=\"\" loading=\"lazy\"><i class=\"fa fa-search-plus\" aria-hidden=\"true\"><\/i><br \/>\n\t\t\t\t\t\t<\/span><br \/>\n\t\t\t\t\t<\/figure>\n<figure>\n\t\t\t\t\t<span style=\"cursor: pointer\" data-src=\"https:\/\/autorai.nl\/wp-content\/uploads\/2024\/06\/citroen-3-c3-elektrisch-2024-review-foto10-1600x1067.jpg\" data-fancybox=\"galery-0\" title=\"\"><br \/>\n\t\t\t\t\t\t\t<img decoding=\"async\" width=\"360\" height=\"270\" src=\"https:\/\/autorai.nl\/wp-content\/uploads\/2024\/06\/citroen-3-c3-elektrisch-2024-review-foto10-360x270.jpg\" class=\"attachment-small size-small\" alt=\"\" loading=\"lazy\"><i class=\"fa fa-search-plus\" aria-hidden=\"true\"><\/i><br \/>\n\t\t\t\t\t\t<\/span><br \/>\n\t\t\t\t\t<\/figure>\n<figure>\n\t\t\t\t\t<span style=\"cursor: pointer\" data-src=\"https:\/\/autorai.nl\/wp-content\/uploads\/2024\/06\/citroen-3-c3-elektrisch-2024-review-foto9-1600x1067.jpg\" data-fancybox=\"galery-0\" title=\"\"><br \/>\n\t\t\t\t\t\t\t<img decoding=\"async\" width=\"360\" height=\"270\" src=\"https:\/\/autorai.nl\/wp-content\/uploads\/2024\/06\/citroen-3-c3-elektrisch-2024-review-foto9-360x270.jpg\" class=\"attachment-small size-small\" alt=\"\" loading=\"lazy\"><i class=\"fa fa-search-plus\" aria-hidden=\"true\"><\/i><br \/>\n\t\t\t\t\t\t<\/span><br \/>\n\t\t\t\t\t<\/figure>\n<figure>\n\t\t\t\t\t<span style=\"cursor: pointer\" data-src=\"https:\/\/autorai.nl\/wp-content\/uploads\/2024\/06\/citroen-3-c3-elektrisch-2024-review-foto2-1600x1130.jpg\" data-fancybox=\"galery-0\" title=\"\"><br \/>\n\t\t\t\t\t\t\t<img decoding=\"async\" width=\"360\" height=\"270\" src=\"https:\/\/autorai.nl\/wp-content\/uploads\/2024\/06\/citroen-3-c3-elektrisch-2024-review-foto2-360x270.jpg\" class=\"attachment-small size-small\" alt=\"Citro\u00ebn \u00eb-C3 2024\" loading=\"lazy\"><i class=\"fa fa-search-plus\" aria-hidden=\"true\"><\/i><br \/>\n\t\t\t\t\t\t<\/span><br \/>\n\t\t\t\t\t<\/figure>\n<figure>\n\t\t\t\t\t<span style=\"cursor: pointer\" data-src=\"https:\/\/autorai.nl\/wp-content\/uploads\/2024\/06\/citroen-3-c3-elektrisch-2024-review-foto8-1600x1067.jpg\" data-fancybox=\"galery-0\" title=\"\"><br \/>\n\t\t\t\t\t\t\t<img decoding=\"async\" width=\"360\" height=\"270\" src=\"https:\/\/autorai.nl\/wp-content\/uploads\/2024\/06\/citroen-3-c3-elektrisch-2024-review-foto8-360x270.jpg\" class=\"attachment-small size-small\" alt=\"\" loading=\"lazy\"><i class=\"fa fa-search-plus\" aria-hidden=\"true\"><\/i><br \/>\n\t\t\t\t\t\t<\/span><br \/>\n\t\t\t\t\t<\/figure>\n<figure>\n\t\t\t\t\t<span style=\"cursor: pointer\" data-src=\"https:\/\/autorai.nl\/wp-content\/uploads\/2024\/06\/citroen-3-c3-elektrisch-2024-review-foto7-1600x1067.jpg\" data-fancybox=\"galery-0\" title=\"\"><br \/>\n\t\t\t\t\t\t\t<img decoding=\"async\" width=\"360\" height=\"270\" src=\"https:\/\/autorai.nl\/wp-content\/uploads\/2024\/06\/citroen-3-c3-elektrisch-2024-review-foto7-360x270.jpg\" class=\"attachment-small size-small\" alt=\"\" loading=\"lazy\"><i class=\"fa fa-search-plus\" aria-hidden=\"true\"><\/i><br \/>\n\t\t\t\t\t\t<\/span><br \/>\n\t\t\t\t\t<\/figure>\n<figure>\n\t\t\t\t\t<span style=\"cursor: pointer\" data-src=\"https:\/\/autorai.nl\/wp-content\/uploads\/2024\/06\/citroen-3-c3-elektrisch-2024-review-foto6-1600x1067.jpg\" data-fancybox=\"galery-0\" title=\"\"><br \/>\n\t\t\t\t\t\t\t<img decoding=\"async\" width=\"360\" height=\"270\" src=\"https:\/\/autorai.nl\/wp-content\/uploads\/2024\/06\/citroen-3-c3-elektrisch-2024-review-foto6-360x270.jpg\" class=\"attachment-small size-small\" alt=\"\" loading=\"lazy\"><i class=\"fa fa-search-plus\" aria-hidden=\"true\"><\/i><br \/>\n\t\t\t\t\t\t<\/span><br \/>\n\t\t\t\t\t<\/figure>\n<figure>\n\t\t\t\t\t<span style=\"cursor: pointer\" data-src=\"https:\/\/autorai.nl\/wp-content\/uploads\/2024\/06\/citroen-3-c3-elektrisch-2024-review-foto5-1600x1067.jpg\" data-fancybox=\"galery-0\" title=\"\"><br \/>\n\t\t\t\t\t\t\t<img decoding=\"async\" width=\"360\" height=\"270\" src=\"https:\/\/autorai.nl\/wp-content\/uploads\/2024\/06\/citroen-3-c3-elektrisch-2024-review-foto5-360x270.jpg\" class=\"attachment-small size-small\" alt=\"Citro\u00ebn \u00eb-C3 2024\" loading=\"lazy\"><i class=\"fa fa-search-plus\" aria-hidden=\"true\"><\/i><br \/>\n\t\t\t\t\t\t<\/span><br \/>\n\t\t\t\t\t<\/figure>\n<figure>\n\t\t\t\t\t<span style=\"cursor: pointer\" data-src=\"https:\/\/autorai.nl\/wp-content\/uploads\/2024\/06\/citroen-3-c3-elektrisch-2024-review-foto4-1600x1067.jpg\" data-fancybox=\"galery-0\" title=\"\"><br \/>\n\t\t\t\t\t\t\t<img decoding=\"async\" width=\"360\" height=\"270\" src=\"https:\/\/autorai.nl\/wp-content\/uploads\/2024\/06\/citroen-3-c3-elektrisch-2024-review-foto4-360x270.jpg\" class=\"attachment-small size-small\" alt=\"\" loading=\"lazy\"><i class=\"fa fa-search-plus\" aria-hidden=\"true\"><\/i><br \/>\n\t\t\t\t\t\t<\/span><br \/>\n\t\t\t\t\t<\/figure>\n<figure>\n\t\t\t\t\t<span style=\"cursor: pointer\" data-src=\"https:\/\/autorai.nl\/wp-content\/uploads\/2024\/06\/citroen-3-c3-elektrisch-2024-review-foto3-1600x1067.jpg\" data-fancybox=\"galery-0\" title=\"\"><br \/>\n\t\t\t\t\t\t\t<img decoding=\"async\" width=\"360\" height=\"270\" src=\"https:\/\/autorai.nl\/wp-content\/uploads\/2024\/06\/citroen-3-c3-elektrisch-2024-review-foto3-360x270.jpg\" class=\"attachment-small size-small\" alt=\"\" loading=\"lazy\"><i class=\"fa fa-search-plus\" aria-hidden=\"true\"><\/i><br \/>\n\t\t\t\t\t\t<\/span><br \/>\n\t\t\t\t\t<\/figure>\n<div class=\"clear\"><\/div>\n<\/div>\n","protected":false},"excerpt":{"rendered":"Citro\u00ebn, un succ\u00e8s qui se chiffre en millions de dollars La nouvelle Citro\u00ebn C3 n'a pas fini de faire parler\u2026","protected":false},"author":0,"featured_media":145129,"comment_status":"","ping_status":"open","sticky":false,"template":"","format":"standard","meta":{"footnotes":""},"categories":[147,127],"tags":[],"class_list":["post-145134","post","type-post","status-publish","format-standard","has-post-thumbnail","hentry","category-essais-de-voiture","category-nouvelles-de-voiture"],"acf":[],"yoast_head":"<!-- This site is optimized with the Yoast SEO plugin v21.2 - https:\/\/yoast.com\/wordpress\/plugins\/seo\/ -->\n<title>Compte-rendu - Citro\u00ebn \u00eb-C3, recommand\u00e9e comme VE \u00e9conomique ? - All cars news<\/title>\n<meta name=\"robots\" content=\"index, follow, max-snippet:-1, max-image-preview:large, max-video-preview:-1\" \/>\n<link rel=\"canonical\" href=\"https:\/\/all-car-news.com\/fr\/compte-rendu-citroen-e-c3-recommandee-comme-ve-economique\/\" \/>\n<meta property=\"og:locale\" content=\"fr_FR\" \/>\n<meta property=\"og:type\" content=\"article\" \/>\n<meta property=\"og:title\" content=\"Compte-rendu - Citro\u00ebn \u00eb-C3, recommand\u00e9e comme VE \u00e9conomique ? - All cars news\" \/>\n<meta property=\"og:description\" content=\"Citro\u00ebn, un succ\u00e8s qui se chiffre en millions de dollars La nouvelle Citro\u00ebn C3 n&#039;a pas fini de faire parler d&#039;elle. Dans le cas contraire, le constructeur automobile fran\u00e7ais est en grande difficult\u00e9. Pas moins de 30 % de toutes les nouvelles ventes sont des mod\u00e8les C3. Ce mod\u00e8le a donc une grande responsabilit\u00e9. On remarque donc imm\u00e9diatement que Citro\u00ebn joue la carte de la s\u00e9curit\u00e9, tout en capitalisant clairement sur la tendance des crossovers. Le [\u2026]\" \/>\n<meta property=\"og:url\" content=\"https:\/\/all-car-news.com\/fr\/compte-rendu-citroen-e-c3-recommandee-comme-ve-economique\/\" \/>\n<meta property=\"og:site_name\" content=\"All cars news\" \/>\n<meta property=\"article:published_time\" content=\"2024-06-03T08:05:35+00:00\" \/>\n<meta property=\"og:image\" content=\"https:\/\/autorai.nl\/wp-content\/uploads\/2024\/06\/citroen-3-c3-elektrisch-2024-review-foto35-1140x760.jpg\" \/>\n<meta name=\"twitter:card\" content=\"summary_large_image\" \/>\n<meta name=\"twitter:label1\" content=\"Dur\u00e9e de lecture estim\u00e9e\" \/>\n\t<meta name=\"twitter:data1\" content=\"7 minutes\" \/>\n<script type=\"application\/ld+json\" class=\"yoast-schema-graph\">{\"@context\":\"https:\/\/schema.org\",\"@graph\":[{\"@type\":\"Article\",\"@id\":\"https:\/\/all-car-news.com\/fr\/compte-rendu-citroen-e-c3-recommandee-comme-ve-economique\/#article\",\"isPartOf\":{\"@id\":\"https:\/\/all-car-news.com\/fr\/compte-rendu-citroen-e-c3-recommandee-comme-ve-economique\/\"},\"author\":{\"name\":\"\",\"@id\":\"\"},\"headline\":\"Compte-rendu &#8211; Citro\u00ebn \u00eb-C3, recommand\u00e9e comme VE \u00e9conomique ?\",\"datePublished\":\"2024-06-03T08:05:35+00:00\",\"dateModified\":\"2024-06-03T08:05:35+00:00\",\"mainEntityOfPage\":{\"@id\":\"https:\/\/all-car-news.com\/fr\/compte-rendu-citroen-e-c3-recommandee-comme-ve-economique\/\"},\"wordCount\":1480,\"publisher\":{\"@id\":\"https:\/\/all-car-news.com\/fr\/#organization\"},\"articleSection\":[\"essais de voiture\",\"nouvelles de voiture\"],\"inLanguage\":\"fr-FR\"},{\"@type\":\"WebPage\",\"@id\":\"https:\/\/all-car-news.com\/fr\/compte-rendu-citroen-e-c3-recommandee-comme-ve-economique\/\",\"url\":\"https:\/\/all-car-news.com\/fr\/compte-rendu-citroen-e-c3-recommandee-comme-ve-economique\/\",\"name\":\"Compte-rendu - Citro\u00ebn \u00eb-C3, recommand\u00e9e comme VE \u00e9conomique ? - All cars news\",\"isPartOf\":{\"@id\":\"https:\/\/all-car-news.com\/fr\/#website\"},\"datePublished\":\"2024-06-03T08:05:35+00:00\",\"dateModified\":\"2024-06-03T08:05:35+00:00\",\"breadcrumb\":{\"@id\":\"https:\/\/all-car-news.com\/fr\/compte-rendu-citroen-e-c3-recommandee-comme-ve-economique\/#breadcrumb\"},\"inLanguage\":\"fr-FR\",\"potentialAction\":[{\"@type\":\"ReadAction\",\"target\":[\"https:\/\/all-car-news.com\/fr\/compte-rendu-citroen-e-c3-recommandee-comme-ve-economique\/\"]}]},{\"@type\":\"BreadcrumbList\",\"@id\":\"https:\/\/all-car-news.com\/fr\/compte-rendu-citroen-e-c3-recommandee-comme-ve-economique\/#breadcrumb\",\"itemListElement\":[{\"@type\":\"ListItem\",\"position\":1,\"name\":\"Home\",\"item\":\"https:\/\/all-car-news.com\/fr\/\"},{\"@type\":\"ListItem\",\"position\":2,\"name\":\"Compte-rendu &#8211; Citro\u00ebn \u00eb-C3, recommand\u00e9e comme VE \u00e9conomique ?\"}]},{\"@type\":\"WebSite\",\"@id\":\"https:\/\/all-car-news.com\/fr\/#website\",\"url\":\"https:\/\/all-car-news.com\/fr\/\",\"name\":\"All cars news\",\"description\":\"\",\"publisher\":{\"@id\":\"https:\/\/all-car-news.com\/fr\/#organization\"},\"potentialAction\":[{\"@type\":\"SearchAction\",\"target\":{\"@type\":\"EntryPoint\",\"urlTemplate\":\"https:\/\/all-car-news.com\/fr\/?s={search_term_string}\"},\"query-input\":\"required name=search_term_string\"}],\"inLanguage\":\"fr-FR\"},{\"@type\":\"Organization\",\"@id\":\"https:\/\/all-car-news.com\/fr\/#organization\",\"name\":\"All cars news\",\"url\":\"https:\/\/all-car-news.com\/fr\/\",\"logo\":{\"@type\":\"ImageObject\",\"inLanguage\":\"fr-FR\",\"@id\":\"https:\/\/all-car-news.com\/fr\/#\/schema\/logo\/image\/\",\"url\":\"https:\/\/all-car-news.com\/wp-content\/uploads\/2022\/02\/CMYK-AllCarNews_LANDSCAPE_300px-1.png\",\"contentUrl\":\"https:\/\/all-car-news.com\/wp-content\/uploads\/2022\/02\/CMYK-AllCarNews_LANDSCAPE_300px-1.png\",\"width\":300,\"height\":100,\"caption\":\"All cars news\"},\"image\":{\"@id\":\"https:\/\/all-car-news.com\/fr\/#\/schema\/logo\/image\/\"}}]}<\/script>\n<!-- \/ Yoast SEO plugin. -->","yoast_head_json":{"title":"Compte-rendu - Citro\u00ebn \u00eb-C3, recommand\u00e9e comme VE \u00e9conomique ? - All cars news","robots":{"index":"index","follow":"follow","max-snippet":"max-snippet:-1","max-image-preview":"max-image-preview:large","max-video-preview":"max-video-preview:-1"},"canonical":"https:\/\/all-car-news.com\/fr\/compte-rendu-citroen-e-c3-recommandee-comme-ve-economique\/","og_locale":"fr_FR","og_type":"article","og_title":"Compte-rendu - Citro\u00ebn \u00eb-C3, recommand\u00e9e comme VE \u00e9conomique ? - All cars news","og_description":"Citro\u00ebn, un succ\u00e8s qui se chiffre en millions de dollars La nouvelle Citro\u00ebn C3 n'a pas fini de faire parler d'elle. Dans le cas contraire, le constructeur automobile fran\u00e7ais est en grande difficult\u00e9. Pas moins de 30 % de toutes les nouvelles ventes sont des mod\u00e8les C3. Ce mod\u00e8le a donc une grande responsabilit\u00e9. On remarque donc imm\u00e9diatement que Citro\u00ebn joue la carte de la s\u00e9curit\u00e9, tout en capitalisant clairement sur la tendance des crossovers. Le [\u2026]","og_url":"https:\/\/all-car-news.com\/fr\/compte-rendu-citroen-e-c3-recommandee-comme-ve-economique\/","og_site_name":"All cars news","article_published_time":"2024-06-03T08:05:35+00:00","og_image":[{"url":"https:\/\/autorai.nl\/wp-content\/uploads\/2024\/06\/citroen-3-c3-elektrisch-2024-review-foto35-1140x760.jpg"}],"twitter_card":"summary_large_image","twitter_misc":{"Dur\u00e9e de lecture estim\u00e9e":"7 minutes"},"schema":{"@context":"https:\/\/schema.org","@graph":[{"@type":"Article","@id":"https:\/\/all-car-news.com\/fr\/compte-rendu-citroen-e-c3-recommandee-comme-ve-economique\/#article","isPartOf":{"@id":"https:\/\/all-car-news.com\/fr\/compte-rendu-citroen-e-c3-recommandee-comme-ve-economique\/"},"author":{"name":"","@id":""},"headline":"Compte-rendu &#8211; Citro\u00ebn \u00eb-C3, recommand\u00e9e comme VE \u00e9conomique ?","datePublished":"2024-06-03T08:05:35+00:00","dateModified":"2024-06-03T08:05:35+00:00","mainEntityOfPage":{"@id":"https:\/\/all-car-news.com\/fr\/compte-rendu-citroen-e-c3-recommandee-comme-ve-economique\/"},"wordCount":1480,"publisher":{"@id":"https:\/\/all-car-news.com\/fr\/#organization"},"articleSection":["essais de voiture","nouvelles de voiture"],"inLanguage":"fr-FR"},{"@type":"WebPage","@id":"https:\/\/all-car-news.com\/fr\/compte-rendu-citroen-e-c3-recommandee-comme-ve-economique\/","url":"https:\/\/all-car-news.com\/fr\/compte-rendu-citroen-e-c3-recommandee-comme-ve-economique\/","name":"Compte-rendu - Citro\u00ebn \u00eb-C3, recommand\u00e9e comme VE \u00e9conomique ? - All cars news","isPartOf":{"@id":"https:\/\/all-car-news.com\/fr\/#website"},"datePublished":"2024-06-03T08:05:35+00:00","dateModified":"2024-06-03T08:05:35+00:00","breadcrumb":{"@id":"https:\/\/all-car-news.com\/fr\/compte-rendu-citroen-e-c3-recommandee-comme-ve-economique\/#breadcrumb"},"inLanguage":"fr-FR","potentialAction":[{"@type":"ReadAction","target":["https:\/\/all-car-news.com\/fr\/compte-rendu-citroen-e-c3-recommandee-comme-ve-economique\/"]}]},{"@type":"BreadcrumbList","@id":"https:\/\/all-car-news.com\/fr\/compte-rendu-citroen-e-c3-recommandee-comme-ve-economique\/#breadcrumb","itemListElement":[{"@type":"ListItem","position":1,"name":"Home","item":"https:\/\/all-car-news.com\/fr\/"},{"@type":"ListItem","position":2,"name":"Compte-rendu &#8211; Citro\u00ebn \u00eb-C3, recommand\u00e9e comme VE \u00e9conomique ?"}]},{"@type":"WebSite","@id":"https:\/\/all-car-news.com\/fr\/#website","url":"https:\/\/all-car-news.com\/fr\/","name":"All cars news","description":"","publisher":{"@id":"https:\/\/all-car-news.com\/fr\/#organization"},"potentialAction":[{"@type":"SearchAction","target":{"@type":"EntryPoint","urlTemplate":"https:\/\/all-car-news.com\/fr\/?s={search_term_string}"},"query-input":"required name=search_term_string"}],"inLanguage":"fr-FR"},{"@type":"Organization","@id":"https:\/\/all-car-news.com\/fr\/#organization","name":"All cars news","url":"https:\/\/all-car-news.com\/fr\/","logo":{"@type":"ImageObject","inLanguage":"fr-FR","@id":"https:\/\/all-car-news.com\/fr\/#\/schema\/logo\/image\/","url":"https:\/\/all-car-news.com\/wp-content\/uploads\/2022\/02\/CMYK-AllCarNews_LANDSCAPE_300px-1.png","contentUrl":"https:\/\/all-car-news.com\/wp-content\/uploads\/2022\/02\/CMYK-AllCarNews_LANDSCAPE_300px-1.png","width":300,"height":100,"caption":"All cars news"},"image":{"@id":"https:\/\/all-car-news.com\/fr\/#\/schema\/logo\/image\/"}}]}},"_links":{"self":[{"href":"https:\/\/all-car-news.com\/fr\/wp-json\/wp\/v2\/posts\/145134","targetHints":{"allow":["GET"]}}],"collection":[{"href":"https:\/\/all-car-news.com\/fr\/wp-json\/wp\/v2\/posts"}],"about":[{"href":"https:\/\/all-car-news.com\/fr\/wp-json\/wp\/v2\/types\/post"}],"replies":[{"embeddable":true,"href":"https:\/\/all-car-news.com\/fr\/wp-json\/wp\/v2\/comments?post=145134"}],"version-history":[{"count":0,"href":"https:\/\/all-car-news.com\/fr\/wp-json\/wp\/v2\/posts\/145134\/revisions"}],"wp:featuredmedia":[{"embeddable":true,"href":"https:\/\/all-car-news.com\/fr\/wp-json\/wp\/v2\/media\/145129"}],"wp:attachment":[{"href":"https:\/\/all-car-news.com\/fr\/wp-json\/wp\/v2\/media?parent=145134"}],"wp:term":[{"taxonomy":"category","embeddable":true,"href":"https:\/\/all-car-news.com\/fr\/wp-json\/wp\/v2\/categories?post=145134"},{"taxonomy":"post_tag","embeddable":true,"href":"https:\/\/all-car-news.com\/fr\/wp-json\/wp\/v2\/tags?post=145134"}],"curies":[{"name":"wp","href":"https:\/\/api.w.org\/{rel}","templated":true}]}}