{"id":144833,"date":"2024-05-13T11:43:14","date_gmt":"2024-05-13T11:43:14","guid":{"rendered":"https:\/\/all-car-news.com\/lancia-officiellement-de-retour-aux-pays-bas-ouverture-de-la-premiere-concession\/"},"modified":"2024-05-13T11:43:14","modified_gmt":"2024-05-13T11:43:14","slug":"lancia-officiellement-de-retour-aux-pays-bas-ouverture-de-la-premiere-concession","status":"publish","type":"post","link":"https:\/\/all-car-news.com\/fr\/lancia-officiellement-de-retour-aux-pays-bas-ouverture-de-la-premiere-concession\/","title":{"rendered":"Lancia officiellement de retour aux Pays-Bas : ouverture de la premi\u00e8re concession"},"content":{"rendered":"<h2>Au total, six concessionnaires Lancia<\/h2>\n<p>Quatre autres showrooms Lancia n\u00e9erlandais ouvriront leurs portes dans les mois \u00e0 venir, suivis par le sixi\u00e8me l&rsquo;ann\u00e9e prochaine. Le d\u00e9ploiement du r\u00e9seau de concessionnaires n\u00e9erlandais co\u00efncide avec celui du r\u00e9seau europ\u00e9en. Soixante-dix nouvelles concessions Lancia ouvriront leurs portes en Europe d&rsquo;ici 2024.<\/p>\n<p>Chris Louwerse, Managing Director Premium Cluster de Stellantis Pays-Bas, d\u00e9clare : \u00a0\u00bb Lancia est de retour aux Pays-Bas. Nous sommes fiers d&rsquo;ouvrir \u00e0 la fois le premier showroom Lancia et la premi\u00e8re Stellantis House. Il s&rsquo;agit d&rsquo;une \u00e9tape importante pour le retour de Lancia sur le march\u00e9 n\u00e9erlandais. Nous sommes impatients d&rsquo;ouvrir bient\u00f4t les cinq prochaines succursales et de continuer \u00e0 construire le retour r\u00e9ussi de cette marque illustre et embl\u00e9matique.\u00a0\u00bb<\/p>\n<figure class=\"wp-block-image size-content\"><img decoding=\"async\" loading=\"lazy\" width=\"1140\" height=\"760\" src=\"https:\/\/autorai.nl\/wp-content\/uploads\/2024\/05\/lancia-showroom-zwolle-lancia-ypsilon-foto12-1140x760.jpg\" alt=\"Lancia Ypsilon - Zwolle\" class=\"wp-image-178507\"><figcaption>Lancia Ypsilon &#8211; Zwolle<\/figcaption><\/figure>\n<h2>Le nouveau concessionnaire Lancia<\/h2>\n<p>Les nouveaux showrooms Lancia devraient offrir aux clients une exp\u00e9rience immersive \u00e0 la fois en ligne et hors ligne dans un nouveau style maison avec des mat\u00e9riaux, des couleurs et une attention aux d\u00e9tails inspir\u00e9s du design et de l&rsquo;architecture italiens. Les espaces destin\u00e9s \u00e0 l&rsquo;apr\u00e8s-vente et \u00e0 la livraison des nouveaux mod\u00e8les Lancia aux clients ont \u00e9t\u00e9 soigneusement d\u00e9cor\u00e9s pour accueillir les clients dans une atmosph\u00e8re chaleureuse et accueillante.<\/p>\n<h2>\u00c9galement nouveau : Lancia Certified<\/h2>\n<p>Parall\u00e8lement au lancement de la commercialisation du premier mod\u00e8le, la marque lance \u00e9galement le programme \u00ab\u00a0Lancia Certified\u00a0\u00bb. Gr\u00e2ce \u00e0 ce nouveau programme, l&rsquo;achat d&rsquo;une Lancia d&rsquo;occasion devient une exp\u00e9rience unique, similaire \u00e0 celle d&rsquo;une Lancia neuve.<\/p>\n<p><strong>Visitez le concessionnaire Lancia \u00e0 Zwolle :<\/strong><\/p>\n<p>Maison Lancia Zwolle<br \/>Rue Nikolaus Otto 11<br \/>8013 NG Zwolle<\/p>\n<h2>Nouvelle Lancia Ypsilon \u00e0 partir de 29 700 euros<\/h2>\n<p>La toute nouvelle Lancia Ypsilon est le premier mod\u00e8le pr\u00e9sent\u00e9 dans la salle d&rsquo;exposition. L&rsquo;Ypsilon peut \u00eatre r\u00e9serv\u00e9e avec un groupe motopropulseur 1.2 Turbo Hybride efficace ou en version 100 % \u00e9lectrique avec une autonomie de 402 kilom\u00e8tres (WLTP, combin\u00e9). Les prix commencent \u00e0 29 700 euros pour la version hybride et \u00e0 35 400 euros pour la variante \u00e9lectrique.<\/p>\n<div class=\"galery galery-0\">\n<figure>\n\t\t\t\t\t<span style=\"cursor: pointer\" data-src=\"https:\/\/autorai.nl\/wp-content\/uploads\/2024\/05\/lancia-showroom-zwolle-lancia-ypsilon-foto1-1600x1067.jpg\" data-fancybox=\"galery-0\" title=\"\"><br \/>\n\t\t\t\t\t\t\t<img decoding=\"async\" width=\"360\" height=\"270\" src=\"https:\/\/autorai.nl\/wp-content\/uploads\/2024\/05\/lancia-showroom-zwolle-lancia-ypsilon-foto1-360x270.jpg\" class=\"attachment-small size-small\" alt=\"\" loading=\"lazy\"><i class=\"fa fa-search-plus\" aria-hidden=\"true\"><\/i><br \/>\n\t\t\t\t\t\t<\/span><br \/>\n\t\t\t\t\t<\/figure>\n<figure>\n\t\t\t\t\t<span style=\"cursor: pointer\" data-src=\"https:\/\/autorai.nl\/wp-content\/uploads\/2024\/05\/lancia-showroom-zwolle-lancia-ypsilon-foto13-1600x1067.jpg\" data-fancybox=\"galery-0\" title=\"Lancia Ypsilon - Zwolle\"><br \/>\n\t\t\t\t\t\t\t<img decoding=\"async\" width=\"360\" height=\"270\" src=\"https:\/\/autorai.nl\/wp-content\/uploads\/2024\/05\/lancia-showroom-zwolle-lancia-ypsilon-foto13-360x270.jpg\" class=\"attachment-small size-small\" alt=\"Lancia Ypsilon - Zwolle\" loading=\"lazy\"><i class=\"fa fa-search-plus\" aria-hidden=\"true\"><\/i><br \/>\n\t\t\t\t\t\t<\/span><br \/>\n\t\t\t\t\t<\/figure>\n<figure>\n\t\t\t\t\t<span style=\"cursor: pointer\" data-src=\"https:\/\/autorai.nl\/wp-content\/uploads\/2024\/05\/lancia-showroom-zwolle-lancia-ypsilon-foto12-1600x1067.jpg\" data-fancybox=\"galery-0\" title=\"Lancia Ypsilon - Zwolle\"><br \/>\n\t\t\t\t\t\t\t<img decoding=\"async\" width=\"360\" height=\"270\" src=\"https:\/\/autorai.nl\/wp-content\/uploads\/2024\/05\/lancia-showroom-zwolle-lancia-ypsilon-foto12-360x270.jpg\" class=\"attachment-small size-small\" alt=\"Lancia Ypsilon - Zwolle\" loading=\"lazy\"><i class=\"fa fa-search-plus\" aria-hidden=\"true\"><\/i><br \/>\n\t\t\t\t\t\t<\/span><br \/>\n\t\t\t\t\t<\/figure>\n<figure>\n\t\t\t\t\t<span style=\"cursor: pointer\" data-src=\"https:\/\/autorai.nl\/wp-content\/uploads\/2024\/05\/lancia-showroom-zwolle-lancia-ypsilon-foto11-1600x1067.jpg\" data-fancybox=\"galery-0\" title=\"Une salle d'exposition Lancia Pays-Bas tr\u00e8s fr\u00e9quent\u00e9e, avec des groupes de personnes examinant les nouvelles voitures et interagissant avec les vendeurs.\"><br \/>\n\t\t\t\t\t\t\t<img decoding=\"async\" width=\"360\" height=\"270\" src=\"https:\/\/autorai.nl\/wp-content\/uploads\/2024\/05\/lancia-showroom-zwolle-lancia-ypsilon-foto11-360x270.jpg\" class=\"attachment-small size-small\" alt=\"Une salle d'exposition Lancia Pays-Bas tr\u00e8s fr\u00e9quent\u00e9e, avec des groupes de personnes examinant les nouvelles voitures et interagissant avec les vendeurs.\" loading=\"lazy\"><i class=\"fa fa-search-plus\" aria-hidden=\"true\"><\/i><br \/>\n\t\t\t\t\t\t<\/span><br \/>\n\t\t\t\t\t<\/figure>\n<figure>\n\t\t\t\t\t<span style=\"cursor: pointer\" data-src=\"https:\/\/autorai.nl\/wp-content\/uploads\/2024\/05\/lancia-showroom-zwolle-lancia-ypsilon-foto10-1600x1067.jpg\" data-fancybox=\"galery-0\" title=\"Groupe de personnes d'\u00e2ges diff\u00e9rents examinant les nouvelles voitures Lancia lors d'une exposition aux Pays-Bas.\"><br \/>\n\t\t\t\t\t\t\t<img decoding=\"async\" width=\"360\" height=\"270\" src=\"https:\/\/autorai.nl\/wp-content\/uploads\/2024\/05\/lancia-showroom-zwolle-lancia-ypsilon-foto10-360x270.jpg\" class=\"attachment-small size-small\" alt=\"Groupe de personnes d'\u00e2ges diff\u00e9rents examinant les nouvelles voitures Lancia lors d'une exposition aux Pays-Bas.\" loading=\"lazy\"><i class=\"fa fa-search-plus\" aria-hidden=\"true\"><\/i><br \/>\n\t\t\t\t\t\t<\/span><br \/>\n\t\t\t\t\t<\/figure>\n<figure>\n\t\t\t\t\t<span style=\"cursor: pointer\" data-src=\"https:\/\/autorai.nl\/wp-content\/uploads\/2024\/05\/lancia-showroom-zwolle-lancia-ypsilon-foto9-1600x1067.jpg\" data-fancybox=\"galery-0\" title=\"\"><br \/>\n\t\t\t\t\t\t\t<img decoding=\"async\" width=\"360\" height=\"270\" src=\"https:\/\/autorai.nl\/wp-content\/uploads\/2024\/05\/lancia-showroom-zwolle-lancia-ypsilon-foto9-360x270.jpg\" class=\"attachment-small size-small\" alt=\"\" loading=\"lazy\"><i class=\"fa fa-search-plus\" aria-hidden=\"true\"><\/i><br \/>\n\t\t\t\t\t\t<\/span><br \/>\n\t\t\t\t\t<\/figure>\n<figure>\n\t\t\t\t\t<span style=\"cursor: pointer\" data-src=\"https:\/\/autorai.nl\/wp-content\/uploads\/2024\/05\/lancia-showroom-zwolle-lancia-ypsilon-foto8-1600x1067.jpg\" data-fancybox=\"galery-0\" title=\"\"><br \/>\n\t\t\t\t\t\t\t<img decoding=\"async\" width=\"360\" height=\"270\" src=\"https:\/\/autorai.nl\/wp-content\/uploads\/2024\/05\/lancia-showroom-zwolle-lancia-ypsilon-foto8-360x270.jpg\" class=\"attachment-small size-small\" alt=\"\" loading=\"lazy\"><i class=\"fa fa-search-plus\" aria-hidden=\"true\"><\/i><br \/>\n\t\t\t\t\t\t<\/span><br \/>\n\t\t\t\t\t<\/figure>\n<figure>\n\t\t\t\t\t<span style=\"cursor: pointer\" data-src=\"https:\/\/autorai.nl\/wp-content\/uploads\/2024\/05\/lancia-showroom-zwolle-lancia-ypsilon-foto7-1600x1067.jpg\" data-fancybox=\"galery-0\" title=\"\"><br \/>\n\t\t\t\t\t\t\t<img decoding=\"async\" width=\"360\" height=\"270\" src=\"https:\/\/autorai.nl\/wp-content\/uploads\/2024\/05\/lancia-showroom-zwolle-lancia-ypsilon-foto7-360x270.jpg\" class=\"attachment-small size-small\" alt=\"\" loading=\"lazy\"><i class=\"fa fa-search-plus\" aria-hidden=\"true\"><\/i><br \/>\n\t\t\t\t\t\t<\/span><br \/>\n\t\t\t\t\t<\/figure>\n<figure>\n\t\t\t\t\t<span style=\"cursor: pointer\" data-src=\"https:\/\/autorai.nl\/wp-content\/uploads\/2024\/05\/lancia-showroom-zwolle-lancia-ypsilon-foto6-1600x1067.jpg\" data-fancybox=\"galery-0\" title=\"Vue de l'int\u00e9rieur d'une voiture Lancia Nederland avec un volant, un tableau de bord num\u00e9rique et des \u00e9l\u00e9ments de design minimaliste.\"><br \/>\n\t\t\t\t\t\t\t<img decoding=\"async\" width=\"360\" height=\"270\" src=\"https:\/\/autorai.nl\/wp-content\/uploads\/2024\/05\/lancia-showroom-zwolle-lancia-ypsilon-foto6-360x270.jpg\" class=\"attachment-small size-small\" alt=\"Vue de l'int\u00e9rieur d'une voiture Lancia Nederland avec un volant, un tableau de bord num\u00e9rique et des \u00e9l\u00e9ments de design minimaliste.\" loading=\"lazy\"><i class=\"fa fa-search-plus\" aria-hidden=\"true\"><\/i><br \/>\n\t\t\t\t\t\t<\/span><br \/>\n\t\t\t\t\t<\/figure>\n<figure>\n\t\t\t\t\t<span style=\"cursor: pointer\" data-src=\"https:\/\/autorai.nl\/wp-content\/uploads\/2024\/05\/lancia-showroom-zwolle-lancia-ypsilon-foto5-1600x1067.jpg\" data-fancybox=\"galery-0\" title=\"\"><br \/>\n\t\t\t\t\t\t\t<img decoding=\"async\" width=\"360\" height=\"270\" src=\"https:\/\/autorai.nl\/wp-content\/uploads\/2024\/05\/lancia-showroom-zwolle-lancia-ypsilon-foto5-360x270.jpg\" class=\"attachment-small size-small\" alt=\"\" loading=\"lazy\"><i class=\"fa fa-search-plus\" aria-hidden=\"true\"><\/i><br \/>\n\t\t\t\t\t\t<\/span><br \/>\n\t\t\t\t\t<\/figure>\n<figure>\n\t\t\t\t\t<span style=\"cursor: pointer\" data-src=\"https:\/\/autorai.nl\/wp-content\/uploads\/2024\/05\/lancia-showroom-zwolle-lancia-ypsilon-foto4-1600x1067.jpg\" data-fancybox=\"galery-0\" title=\"Deux voitures recouvertes de tissu noir dans une salle d'exposition moderne avec de grandes fen\u00eatres, un sol r\u00e9fl\u00e9chissant et une personne \u00e0 l'arri\u00e8re-plan chez le premier concessionnaire.\"><br \/>\n\t\t\t\t\t\t\t<img decoding=\"async\" width=\"360\" height=\"270\" src=\"https:\/\/autorai.nl\/wp-content\/uploads\/2024\/05\/lancia-showroom-zwolle-lancia-ypsilon-foto4-360x270.jpg\" class=\"attachment-small size-small\" alt=\"Deux voitures recouvertes de tissu noir dans une salle d'exposition moderne avec de grandes fen\u00eatres, un sol r\u00e9fl\u00e9chissant et une personne \u00e0 l'arri\u00e8re-plan chez le premier concessionnaire.\" loading=\"lazy\"><i class=\"fa fa-search-plus\" aria-hidden=\"true\"><\/i><br \/>\n\t\t\t\t\t\t<\/span><br \/>\n\t\t\t\t\t<\/figure>\n<figure>\n\t\t\t\t\t<span style=\"cursor: pointer\" data-src=\"https:\/\/autorai.nl\/wp-content\/uploads\/2024\/05\/lancia-showroom-zwolle-lancia-ypsilon-foto3-1600x1067.jpg\" data-fancybox=\"galery-0\" title=\"\"><br \/>\n\t\t\t\t\t\t\t<img decoding=\"async\" width=\"360\" height=\"270\" src=\"https:\/\/autorai.nl\/wp-content\/uploads\/2024\/05\/lancia-showroom-zwolle-lancia-ypsilon-foto3-360x270.jpg\" class=\"attachment-small size-small\" alt=\"\" loading=\"lazy\"><i class=\"fa fa-search-plus\" aria-hidden=\"true\"><\/i><br \/>\n\t\t\t\t\t\t<\/span><br \/>\n\t\t\t\t\t<\/figure>\n<figure>\n\t\t\t\t\t<span style=\"cursor: pointer\" data-src=\"https:\/\/autorai.nl\/wp-content\/uploads\/2024\/05\/lancia-showroom-zwolle-lancia-ypsilon-foto2-1600x1067.jpg\" data-fancybox=\"galery-0\" title=\"\"><br \/>\n\t\t\t\t\t\t\t<img decoding=\"async\" width=\"360\" height=\"270\" src=\"https:\/\/autorai.nl\/wp-content\/uploads\/2024\/05\/lancia-showroom-zwolle-lancia-ypsilon-foto2-360x270.jpg\" class=\"attachment-small size-small\" alt=\"\" loading=\"lazy\"><i class=\"fa fa-search-plus\" aria-hidden=\"true\"><\/i><br \/>\n\t\t\t\t\t\t<\/span><br \/>\n\t\t\t\t\t<\/figure>\n<div class=\"clear\"><\/div>\n<\/div>\n","protected":false},"excerpt":{"rendered":"Un total de six concessionnaires Lancia Quatre autres showrooms Lancia n\u00e9erlandais ouvriront leurs portes dans les mois \u00e0 venir, suivis\u2026","protected":false},"author":0,"featured_media":144823,"comment_status":"","ping_status":"open","sticky":false,"template":"","format":"standard","meta":{"footnotes":""},"categories":[127],"tags":[],"class_list":["post-144833","post","type-post","status-publish","format-standard","has-post-thumbnail","hentry","category-nouvelles-de-voiture"],"acf":[],"yoast_head":"<!-- This site is optimized with the Yoast SEO plugin v21.2 - https:\/\/yoast.com\/wordpress\/plugins\/seo\/ -->\n<title>Lancia officiellement de retour aux Pays-Bas : ouverture de la premi\u00e8re concession - All cars news<\/title>\n<meta name=\"robots\" content=\"index, follow, max-snippet:-1, max-image-preview:large, max-video-preview:-1\" \/>\n<link rel=\"canonical\" href=\"https:\/\/all-car-news.com\/fr\/lancia-officiellement-de-retour-aux-pays-bas-ouverture-de-la-premiere-concession\/\" \/>\n<meta property=\"og:locale\" content=\"fr_FR\" \/>\n<meta property=\"og:type\" content=\"article\" \/>\n<meta property=\"og:title\" content=\"Lancia officiellement de retour aux Pays-Bas : ouverture de la premi\u00e8re concession - All cars news\" \/>\n<meta property=\"og:description\" content=\"Un total de six concessionnaires Lancia Quatre autres showrooms Lancia n\u00e9erlandais ouvriront leurs portes dans les mois \u00e0 venir, suivis par le sixi\u00e8me l&#039;ann\u00e9e prochaine. Le d\u00e9ploiement du r\u00e9seau de concessionnaires n\u00e9erlandais co\u00efncide avec celui du r\u00e9seau europ\u00e9en. Soixante-dix nouvelles concessions Lancia ouvriront leurs portes en Europe d&#039;ici 2024. Chris Louwerse, Managing Director Premium Cluster de Stellantis Netherlands, d\u00e9clare : [...]\" \/>\n<meta property=\"og:url\" content=\"https:\/\/all-car-news.com\/fr\/lancia-officiellement-de-retour-aux-pays-bas-ouverture-de-la-premiere-concession\/\" \/>\n<meta property=\"og:site_name\" content=\"All cars news\" \/>\n<meta property=\"article:published_time\" content=\"2024-05-13T11:43:14+00:00\" \/>\n<meta property=\"og:image\" content=\"https:\/\/autorai.nl\/wp-content\/uploads\/2024\/05\/lancia-showroom-zwolle-lancia-ypsilon-foto12-1140x760.jpg\" \/>\n<meta name=\"twitter:card\" content=\"summary_large_image\" \/>\n<meta name=\"twitter:label1\" content=\"Dur\u00e9e de lecture estim\u00e9e\" \/>\n\t<meta name=\"twitter:data1\" content=\"2 minutes\" \/>\n<script type=\"application\/ld+json\" class=\"yoast-schema-graph\">{\"@context\":\"https:\/\/schema.org\",\"@graph\":[{\"@type\":\"Article\",\"@id\":\"https:\/\/all-car-news.com\/fr\/lancia-officiellement-de-retour-aux-pays-bas-ouverture-de-la-premiere-concession\/#article\",\"isPartOf\":{\"@id\":\"https:\/\/all-car-news.com\/fr\/lancia-officiellement-de-retour-aux-pays-bas-ouverture-de-la-premiere-concession\/\"},\"author\":{\"name\":\"\",\"@id\":\"\"},\"headline\":\"Lancia officiellement de retour aux Pays-Bas : ouverture de la premi\u00e8re concession\",\"datePublished\":\"2024-05-13T11:43:14+00:00\",\"dateModified\":\"2024-05-13T11:43:14+00:00\",\"mainEntityOfPage\":{\"@id\":\"https:\/\/all-car-news.com\/fr\/lancia-officiellement-de-retour-aux-pays-bas-ouverture-de-la-premiere-concession\/\"},\"wordCount\":340,\"publisher\":{\"@id\":\"https:\/\/all-car-news.com\/fr\/#organization\"},\"articleSection\":[\"nouvelles de voiture\"],\"inLanguage\":\"fr-FR\"},{\"@type\":\"WebPage\",\"@id\":\"https:\/\/all-car-news.com\/fr\/lancia-officiellement-de-retour-aux-pays-bas-ouverture-de-la-premiere-concession\/\",\"url\":\"https:\/\/all-car-news.com\/fr\/lancia-officiellement-de-retour-aux-pays-bas-ouverture-de-la-premiere-concession\/\",\"name\":\"Lancia officiellement de retour aux Pays-Bas : ouverture de la premi\u00e8re concession - All cars news\",\"isPartOf\":{\"@id\":\"https:\/\/all-car-news.com\/fr\/#website\"},\"datePublished\":\"2024-05-13T11:43:14+00:00\",\"dateModified\":\"2024-05-13T11:43:14+00:00\",\"breadcrumb\":{\"@id\":\"https:\/\/all-car-news.com\/fr\/lancia-officiellement-de-retour-aux-pays-bas-ouverture-de-la-premiere-concession\/#breadcrumb\"},\"inLanguage\":\"fr-FR\",\"potentialAction\":[{\"@type\":\"ReadAction\",\"target\":[\"https:\/\/all-car-news.com\/fr\/lancia-officiellement-de-retour-aux-pays-bas-ouverture-de-la-premiere-concession\/\"]}]},{\"@type\":\"BreadcrumbList\",\"@id\":\"https:\/\/all-car-news.com\/fr\/lancia-officiellement-de-retour-aux-pays-bas-ouverture-de-la-premiere-concession\/#breadcrumb\",\"itemListElement\":[{\"@type\":\"ListItem\",\"position\":1,\"name\":\"Home\",\"item\":\"https:\/\/all-car-news.com\/fr\/\"},{\"@type\":\"ListItem\",\"position\":2,\"name\":\"Lancia officiellement de retour aux Pays-Bas : ouverture de la premi\u00e8re concession\"}]},{\"@type\":\"WebSite\",\"@id\":\"https:\/\/all-car-news.com\/fr\/#website\",\"url\":\"https:\/\/all-car-news.com\/fr\/\",\"name\":\"All cars news\",\"description\":\"\",\"publisher\":{\"@id\":\"https:\/\/all-car-news.com\/fr\/#organization\"},\"potentialAction\":[{\"@type\":\"SearchAction\",\"target\":{\"@type\":\"EntryPoint\",\"urlTemplate\":\"https:\/\/all-car-news.com\/fr\/?s={search_term_string}\"},\"query-input\":\"required name=search_term_string\"}],\"inLanguage\":\"fr-FR\"},{\"@type\":\"Organization\",\"@id\":\"https:\/\/all-car-news.com\/fr\/#organization\",\"name\":\"All cars news\",\"url\":\"https:\/\/all-car-news.com\/fr\/\",\"logo\":{\"@type\":\"ImageObject\",\"inLanguage\":\"fr-FR\",\"@id\":\"https:\/\/all-car-news.com\/fr\/#\/schema\/logo\/image\/\",\"url\":\"https:\/\/all-car-news.com\/wp-content\/uploads\/2022\/02\/CMYK-AllCarNews_LANDSCAPE_300px-1.png\",\"contentUrl\":\"https:\/\/all-car-news.com\/wp-content\/uploads\/2022\/02\/CMYK-AllCarNews_LANDSCAPE_300px-1.png\",\"width\":300,\"height\":100,\"caption\":\"All cars news\"},\"image\":{\"@id\":\"https:\/\/all-car-news.com\/fr\/#\/schema\/logo\/image\/\"}}]}<\/script>\n<!-- \/ Yoast SEO plugin. -->","yoast_head_json":{"title":"Lancia officiellement de retour aux Pays-Bas : ouverture de la premi\u00e8re concession - All cars news","robots":{"index":"index","follow":"follow","max-snippet":"max-snippet:-1","max-image-preview":"max-image-preview:large","max-video-preview":"max-video-preview:-1"},"canonical":"https:\/\/all-car-news.com\/fr\/lancia-officiellement-de-retour-aux-pays-bas-ouverture-de-la-premiere-concession\/","og_locale":"fr_FR","og_type":"article","og_title":"Lancia officiellement de retour aux Pays-Bas : ouverture de la premi\u00e8re concession - All cars news","og_description":"Un total de six concessionnaires Lancia Quatre autres showrooms Lancia n\u00e9erlandais ouvriront leurs portes dans les mois \u00e0 venir, suivis par le sixi\u00e8me l'ann\u00e9e prochaine. Le d\u00e9ploiement du r\u00e9seau de concessionnaires n\u00e9erlandais co\u00efncide avec celui du r\u00e9seau europ\u00e9en. Soixante-dix nouvelles concessions Lancia ouvriront leurs portes en Europe d'ici 2024. Chris Louwerse, Managing Director Premium Cluster de Stellantis Netherlands, d\u00e9clare : [...]","og_url":"https:\/\/all-car-news.com\/fr\/lancia-officiellement-de-retour-aux-pays-bas-ouverture-de-la-premiere-concession\/","og_site_name":"All cars news","article_published_time":"2024-05-13T11:43:14+00:00","og_image":[{"url":"https:\/\/autorai.nl\/wp-content\/uploads\/2024\/05\/lancia-showroom-zwolle-lancia-ypsilon-foto12-1140x760.jpg"}],"twitter_card":"summary_large_image","twitter_misc":{"Dur\u00e9e de lecture estim\u00e9e":"2 minutes"},"schema":{"@context":"https:\/\/schema.org","@graph":[{"@type":"Article","@id":"https:\/\/all-car-news.com\/fr\/lancia-officiellement-de-retour-aux-pays-bas-ouverture-de-la-premiere-concession\/#article","isPartOf":{"@id":"https:\/\/all-car-news.com\/fr\/lancia-officiellement-de-retour-aux-pays-bas-ouverture-de-la-premiere-concession\/"},"author":{"name":"","@id":""},"headline":"Lancia officiellement de retour aux Pays-Bas : ouverture de la premi\u00e8re concession","datePublished":"2024-05-13T11:43:14+00:00","dateModified":"2024-05-13T11:43:14+00:00","mainEntityOfPage":{"@id":"https:\/\/all-car-news.com\/fr\/lancia-officiellement-de-retour-aux-pays-bas-ouverture-de-la-premiere-concession\/"},"wordCount":340,"publisher":{"@id":"https:\/\/all-car-news.com\/fr\/#organization"},"articleSection":["nouvelles de voiture"],"inLanguage":"fr-FR"},{"@type":"WebPage","@id":"https:\/\/all-car-news.com\/fr\/lancia-officiellement-de-retour-aux-pays-bas-ouverture-de-la-premiere-concession\/","url":"https:\/\/all-car-news.com\/fr\/lancia-officiellement-de-retour-aux-pays-bas-ouverture-de-la-premiere-concession\/","name":"Lancia officiellement de retour aux Pays-Bas : ouverture de la premi\u00e8re concession - All cars news","isPartOf":{"@id":"https:\/\/all-car-news.com\/fr\/#website"},"datePublished":"2024-05-13T11:43:14+00:00","dateModified":"2024-05-13T11:43:14+00:00","breadcrumb":{"@id":"https:\/\/all-car-news.com\/fr\/lancia-officiellement-de-retour-aux-pays-bas-ouverture-de-la-premiere-concession\/#breadcrumb"},"inLanguage":"fr-FR","potentialAction":[{"@type":"ReadAction","target":["https:\/\/all-car-news.com\/fr\/lancia-officiellement-de-retour-aux-pays-bas-ouverture-de-la-premiere-concession\/"]}]},{"@type":"BreadcrumbList","@id":"https:\/\/all-car-news.com\/fr\/lancia-officiellement-de-retour-aux-pays-bas-ouverture-de-la-premiere-concession\/#breadcrumb","itemListElement":[{"@type":"ListItem","position":1,"name":"Home","item":"https:\/\/all-car-news.com\/fr\/"},{"@type":"ListItem","position":2,"name":"Lancia officiellement de retour aux Pays-Bas : ouverture de la premi\u00e8re concession"}]},{"@type":"WebSite","@id":"https:\/\/all-car-news.com\/fr\/#website","url":"https:\/\/all-car-news.com\/fr\/","name":"All cars news","description":"","publisher":{"@id":"https:\/\/all-car-news.com\/fr\/#organization"},"potentialAction":[{"@type":"SearchAction","target":{"@type":"EntryPoint","urlTemplate":"https:\/\/all-car-news.com\/fr\/?s={search_term_string}"},"query-input":"required name=search_term_string"}],"inLanguage":"fr-FR"},{"@type":"Organization","@id":"https:\/\/all-car-news.com\/fr\/#organization","name":"All cars news","url":"https:\/\/all-car-news.com\/fr\/","logo":{"@type":"ImageObject","inLanguage":"fr-FR","@id":"https:\/\/all-car-news.com\/fr\/#\/schema\/logo\/image\/","url":"https:\/\/all-car-news.com\/wp-content\/uploads\/2022\/02\/CMYK-AllCarNews_LANDSCAPE_300px-1.png","contentUrl":"https:\/\/all-car-news.com\/wp-content\/uploads\/2022\/02\/CMYK-AllCarNews_LANDSCAPE_300px-1.png","width":300,"height":100,"caption":"All cars news"},"image":{"@id":"https:\/\/all-car-news.com\/fr\/#\/schema\/logo\/image\/"}}]}},"_links":{"self":[{"href":"https:\/\/all-car-news.com\/fr\/wp-json\/wp\/v2\/posts\/144833","targetHints":{"allow":["GET"]}}],"collection":[{"href":"https:\/\/all-car-news.com\/fr\/wp-json\/wp\/v2\/posts"}],"about":[{"href":"https:\/\/all-car-news.com\/fr\/wp-json\/wp\/v2\/types\/post"}],"replies":[{"embeddable":true,"href":"https:\/\/all-car-news.com\/fr\/wp-json\/wp\/v2\/comments?post=144833"}],"version-history":[{"count":0,"href":"https:\/\/all-car-news.com\/fr\/wp-json\/wp\/v2\/posts\/144833\/revisions"}],"wp:featuredmedia":[{"embeddable":true,"href":"https:\/\/all-car-news.com\/fr\/wp-json\/wp\/v2\/media\/144823"}],"wp:attachment":[{"href":"https:\/\/all-car-news.com\/fr\/wp-json\/wp\/v2\/media?parent=144833"}],"wp:term":[{"taxonomy":"category","embeddable":true,"href":"https:\/\/all-car-news.com\/fr\/wp-json\/wp\/v2\/categories?post=144833"},{"taxonomy":"post_tag","embeddable":true,"href":"https:\/\/all-car-news.com\/fr\/wp-json\/wp\/v2\/tags?post=144833"}],"curies":[{"name":"wp","href":"https:\/\/api.w.org\/{rel}","templated":true}]}}