{"id":143956,"date":"2024-03-29T12:44:44","date_gmt":"2024-03-29T12:44:44","guid":{"rendered":"https:\/\/all-car-news.com\/il-sagit-de-la-toute-derniere-volvo-equipee-dun-moteur-diesel\/"},"modified":"2024-03-29T12:44:44","modified_gmt":"2024-03-29T12:44:44","slug":"il-sagit-de-la-toute-derniere-volvo-equipee-dun-moteur-diesel","status":"publish","type":"post","link":"https:\/\/all-car-news.com\/fr\/il-sagit-de-la-toute-derniere-volvo-equipee-dun-moteur-diesel\/","title":{"rendered":"Il s&rsquo;agit de la toute derni\u00e8re Volvo \u00e9quip\u00e9e d&rsquo;un moteur diesel !"},"content":{"rendered":"<h2>La Volvo XC90 diesel rencontre la Volvo 244<\/h2>\n<p>Pour comm\u00e9morer ce moment, une s\u00e9ance photo a \u00e9t\u00e9 organis\u00e9e avec la toute premi\u00e8re voiture diesel de Volvo : la Volvo 244. \u00ab\u00a0Cet \u00e9v\u00e9nement marque une \u00e9tape \u00e9norme dans les 97 ans d&rsquo;histoire de notre entreprise. Avec cette \u00e9tape, nous faisons un pas de g\u00e9ant vers nos ambitions de devenir un constructeur automobile enti\u00e8rement \u00e9lectrique et d&rsquo;atteindre des \u00e9missions de gaz \u00e0 effet de serre nettes et nulles d&rsquo;ici 2040\u00a0\u00bb, a d\u00e9clar\u00e9 Volvo.<\/p>\n<h2>L&rsquo;\u00e8re \u00e9lectrique Volvo<\/h2>\n<p>Tous les mod\u00e8les Volvo actuels sont dot\u00e9s d&rsquo;un groupe motopropulseur \u00e0 essence \u00e9lectrifi\u00e9 ou sont enti\u00e8rement \u00e9lectriques. La proportion de BEV ne fera qu&rsquo;augmenter. Les Volvo EX30, EC40, EX40, EX90 et EM90 ne sont que le d\u00e9but d&rsquo;une \u00e8re \u00e9lectrique pour Volvo.<\/p>\n<figure class=\"wp-block-image size-content\"><img decoding=\"async\" loading=\"lazy\" width=\"1140\" height=\"760\" src=\"https:\/\/autorai.nl\/wp-content\/uploads\/2024\/03\/volvo-xc90-diesel3-1140x760.jpg\" alt=\"Ce Volvo XC90 est la derni\u00e8re Volvo \u00e9quip\u00e9e d'un moteur diesel.\" class=\"wp-image-176675\"><\/figure>\n<figure class=\"wp-block-image size-content\"><img decoding=\"async\" loading=\"lazy\" width=\"1140\" height=\"760\" src=\"https:\/\/autorai.nl\/wp-content\/uploads\/2024\/03\/volvo-xc90-diesel1-1140x760.jpg\" alt=\"\" class=\"wp-image-176676\"><\/figure>\n<figure class=\"wp-block-image size-content\"><img decoding=\"async\" loading=\"lazy\" width=\"1140\" height=\"760\" src=\"https:\/\/autorai.nl\/wp-content\/uploads\/2024\/03\/volvo-xc90-diesel2-1140x760.jpg\" alt=\"Ce Volvo XC90 est la derni\u00e8re Volvo \u00e9quip\u00e9e d'un moteur diesel.\" class=\"wp-image-176674\"><\/figure>\n","protected":false},"excerpt":{"rendered":"Le Volvo XC90 diesel rencontre le Volvo 244 Pour marquer le coup, une s\u00e9ance photo a \u00e9t\u00e9 organis\u00e9e avec la\u2026","protected":false},"author":0,"featured_media":143927,"comment_status":"","ping_status":"open","sticky":false,"template":"","format":"standard","meta":{"footnotes":""},"categories":[131,127],"tags":[],"class_list":["post-143956","post","type-post","status-publish","format-standard","has-post-thumbnail","hentry","category-fond","category-nouvelles-de-voiture"],"acf":[],"yoast_head":"<!-- This site is optimized with the Yoast SEO plugin v21.2 - https:\/\/yoast.com\/wordpress\/plugins\/seo\/ -->\n<title>Il s&#039;agit de la toute derni\u00e8re Volvo \u00e9quip\u00e9e d&#039;un moteur diesel ! - All cars news<\/title>\n<meta name=\"robots\" content=\"index, follow, max-snippet:-1, max-image-preview:large, max-video-preview:-1\" \/>\n<link rel=\"canonical\" href=\"https:\/\/all-car-news.com\/fr\/il-sagit-de-la-toute-derniere-volvo-equipee-dun-moteur-diesel\/\" \/>\n<meta property=\"og:locale\" content=\"fr_FR\" \/>\n<meta property=\"og:type\" content=\"article\" \/>\n<meta property=\"og:title\" content=\"Il s&#039;agit de la toute derni\u00e8re Volvo \u00e9quip\u00e9e d&#039;un moteur diesel ! - All cars news\" \/>\n<meta property=\"og:description\" content=\"Le Volvo XC90 diesel rencontre le Volvo 244 Pour marquer le coup, une s\u00e9ance photo a \u00e9t\u00e9 organis\u00e9e avec la toute premi\u00e8re voiture diesel de Volvo : le Volvo 244. &quot;Cet \u00e9v\u00e9nement marque une \u00e9tape importante dans les 97 ans d&#039;histoire de notre entreprise. Avec ce d\u00e9m\u00e9nagement, nous faisons un pas de g\u00e9ant vers notre ambition d&#039;\u00eatre un [...]\" \/>\n<meta property=\"og:url\" content=\"https:\/\/all-car-news.com\/fr\/il-sagit-de-la-toute-derniere-volvo-equipee-dun-moteur-diesel\/\" \/>\n<meta property=\"og:site_name\" content=\"All cars news\" \/>\n<meta property=\"article:published_time\" content=\"2024-03-29T12:44:44+00:00\" \/>\n<meta property=\"og:image\" content=\"https:\/\/autorai.nl\/wp-content\/uploads\/2024\/03\/volvo-xc90-diesel3-1140x760.jpg\" \/>\n<meta name=\"twitter:card\" content=\"summary_large_image\" \/>\n<meta name=\"twitter:label1\" content=\"Dur\u00e9e de lecture estim\u00e9e\" \/>\n\t<meta name=\"twitter:data1\" content=\"1 minute\" \/>\n<script type=\"application\/ld+json\" class=\"yoast-schema-graph\">{\"@context\":\"https:\/\/schema.org\",\"@graph\":[{\"@type\":\"Article\",\"@id\":\"https:\/\/all-car-news.com\/fr\/il-sagit-de-la-toute-derniere-volvo-equipee-dun-moteur-diesel\/#article\",\"isPartOf\":{\"@id\":\"https:\/\/all-car-news.com\/fr\/il-sagit-de-la-toute-derniere-volvo-equipee-dun-moteur-diesel\/\"},\"author\":{\"name\":\"\",\"@id\":\"\"},\"headline\":\"Il s&rsquo;agit de la toute derni\u00e8re Volvo \u00e9quip\u00e9e d&rsquo;un moteur diesel !\",\"datePublished\":\"2024-03-29T12:44:44+00:00\",\"dateModified\":\"2024-03-29T12:44:44+00:00\",\"mainEntityOfPage\":{\"@id\":\"https:\/\/all-car-news.com\/fr\/il-sagit-de-la-toute-derniere-volvo-equipee-dun-moteur-diesel\/\"},\"wordCount\":145,\"publisher\":{\"@id\":\"https:\/\/all-car-news.com\/fr\/#organization\"},\"articleSection\":[\"Fond\",\"nouvelles de voiture\"],\"inLanguage\":\"fr-FR\"},{\"@type\":\"WebPage\",\"@id\":\"https:\/\/all-car-news.com\/fr\/il-sagit-de-la-toute-derniere-volvo-equipee-dun-moteur-diesel\/\",\"url\":\"https:\/\/all-car-news.com\/fr\/il-sagit-de-la-toute-derniere-volvo-equipee-dun-moteur-diesel\/\",\"name\":\"Il s'agit de la toute derni\u00e8re Volvo \u00e9quip\u00e9e d'un moteur diesel ! - All cars news\",\"isPartOf\":{\"@id\":\"https:\/\/all-car-news.com\/fr\/#website\"},\"datePublished\":\"2024-03-29T12:44:44+00:00\",\"dateModified\":\"2024-03-29T12:44:44+00:00\",\"breadcrumb\":{\"@id\":\"https:\/\/all-car-news.com\/fr\/il-sagit-de-la-toute-derniere-volvo-equipee-dun-moteur-diesel\/#breadcrumb\"},\"inLanguage\":\"fr-FR\",\"potentialAction\":[{\"@type\":\"ReadAction\",\"target\":[\"https:\/\/all-car-news.com\/fr\/il-sagit-de-la-toute-derniere-volvo-equipee-dun-moteur-diesel\/\"]}]},{\"@type\":\"BreadcrumbList\",\"@id\":\"https:\/\/all-car-news.com\/fr\/il-sagit-de-la-toute-derniere-volvo-equipee-dun-moteur-diesel\/#breadcrumb\",\"itemListElement\":[{\"@type\":\"ListItem\",\"position\":1,\"name\":\"Home\",\"item\":\"https:\/\/all-car-news.com\/fr\/\"},{\"@type\":\"ListItem\",\"position\":2,\"name\":\"Il s&rsquo;agit de la toute derni\u00e8re Volvo \u00e9quip\u00e9e d&rsquo;un moteur diesel !\"}]},{\"@type\":\"WebSite\",\"@id\":\"https:\/\/all-car-news.com\/fr\/#website\",\"url\":\"https:\/\/all-car-news.com\/fr\/\",\"name\":\"All cars news\",\"description\":\"\",\"publisher\":{\"@id\":\"https:\/\/all-car-news.com\/fr\/#organization\"},\"potentialAction\":[{\"@type\":\"SearchAction\",\"target\":{\"@type\":\"EntryPoint\",\"urlTemplate\":\"https:\/\/all-car-news.com\/fr\/?s={search_term_string}\"},\"query-input\":\"required name=search_term_string\"}],\"inLanguage\":\"fr-FR\"},{\"@type\":\"Organization\",\"@id\":\"https:\/\/all-car-news.com\/fr\/#organization\",\"name\":\"All cars news\",\"url\":\"https:\/\/all-car-news.com\/fr\/\",\"logo\":{\"@type\":\"ImageObject\",\"inLanguage\":\"fr-FR\",\"@id\":\"https:\/\/all-car-news.com\/fr\/#\/schema\/logo\/image\/\",\"url\":\"https:\/\/all-car-news.com\/wp-content\/uploads\/2022\/02\/CMYK-AllCarNews_LANDSCAPE_300px-1.png\",\"contentUrl\":\"https:\/\/all-car-news.com\/wp-content\/uploads\/2022\/02\/CMYK-AllCarNews_LANDSCAPE_300px-1.png\",\"width\":300,\"height\":100,\"caption\":\"All cars news\"},\"image\":{\"@id\":\"https:\/\/all-car-news.com\/fr\/#\/schema\/logo\/image\/\"}}]}<\/script>\n<!-- \/ Yoast SEO plugin. -->","yoast_head_json":{"title":"Il s'agit de la toute derni\u00e8re Volvo \u00e9quip\u00e9e d'un moteur diesel ! - All cars news","robots":{"index":"index","follow":"follow","max-snippet":"max-snippet:-1","max-image-preview":"max-image-preview:large","max-video-preview":"max-video-preview:-1"},"canonical":"https:\/\/all-car-news.com\/fr\/il-sagit-de-la-toute-derniere-volvo-equipee-dun-moteur-diesel\/","og_locale":"fr_FR","og_type":"article","og_title":"Il s'agit de la toute derni\u00e8re Volvo \u00e9quip\u00e9e d'un moteur diesel ! - All cars news","og_description":"Le Volvo XC90 diesel rencontre le Volvo 244 Pour marquer le coup, une s\u00e9ance photo a \u00e9t\u00e9 organis\u00e9e avec la toute premi\u00e8re voiture diesel de Volvo : le Volvo 244. \"Cet \u00e9v\u00e9nement marque une \u00e9tape importante dans les 97 ans d'histoire de notre entreprise. Avec ce d\u00e9m\u00e9nagement, nous faisons un pas de g\u00e9ant vers notre ambition d'\u00eatre un [...]","og_url":"https:\/\/all-car-news.com\/fr\/il-sagit-de-la-toute-derniere-volvo-equipee-dun-moteur-diesel\/","og_site_name":"All cars news","article_published_time":"2024-03-29T12:44:44+00:00","og_image":[{"url":"https:\/\/autorai.nl\/wp-content\/uploads\/2024\/03\/volvo-xc90-diesel3-1140x760.jpg"}],"twitter_card":"summary_large_image","twitter_misc":{"Dur\u00e9e de lecture estim\u00e9e":"1 minute"},"schema":{"@context":"https:\/\/schema.org","@graph":[{"@type":"Article","@id":"https:\/\/all-car-news.com\/fr\/il-sagit-de-la-toute-derniere-volvo-equipee-dun-moteur-diesel\/#article","isPartOf":{"@id":"https:\/\/all-car-news.com\/fr\/il-sagit-de-la-toute-derniere-volvo-equipee-dun-moteur-diesel\/"},"author":{"name":"","@id":""},"headline":"Il s&rsquo;agit de la toute derni\u00e8re Volvo \u00e9quip\u00e9e d&rsquo;un moteur diesel !","datePublished":"2024-03-29T12:44:44+00:00","dateModified":"2024-03-29T12:44:44+00:00","mainEntityOfPage":{"@id":"https:\/\/all-car-news.com\/fr\/il-sagit-de-la-toute-derniere-volvo-equipee-dun-moteur-diesel\/"},"wordCount":145,"publisher":{"@id":"https:\/\/all-car-news.com\/fr\/#organization"},"articleSection":["Fond","nouvelles de voiture"],"inLanguage":"fr-FR"},{"@type":"WebPage","@id":"https:\/\/all-car-news.com\/fr\/il-sagit-de-la-toute-derniere-volvo-equipee-dun-moteur-diesel\/","url":"https:\/\/all-car-news.com\/fr\/il-sagit-de-la-toute-derniere-volvo-equipee-dun-moteur-diesel\/","name":"Il s'agit de la toute derni\u00e8re Volvo \u00e9quip\u00e9e d'un moteur diesel ! - All cars news","isPartOf":{"@id":"https:\/\/all-car-news.com\/fr\/#website"},"datePublished":"2024-03-29T12:44:44+00:00","dateModified":"2024-03-29T12:44:44+00:00","breadcrumb":{"@id":"https:\/\/all-car-news.com\/fr\/il-sagit-de-la-toute-derniere-volvo-equipee-dun-moteur-diesel\/#breadcrumb"},"inLanguage":"fr-FR","potentialAction":[{"@type":"ReadAction","target":["https:\/\/all-car-news.com\/fr\/il-sagit-de-la-toute-derniere-volvo-equipee-dun-moteur-diesel\/"]}]},{"@type":"BreadcrumbList","@id":"https:\/\/all-car-news.com\/fr\/il-sagit-de-la-toute-derniere-volvo-equipee-dun-moteur-diesel\/#breadcrumb","itemListElement":[{"@type":"ListItem","position":1,"name":"Home","item":"https:\/\/all-car-news.com\/fr\/"},{"@type":"ListItem","position":2,"name":"Il s&rsquo;agit de la toute derni\u00e8re Volvo \u00e9quip\u00e9e d&rsquo;un moteur diesel !"}]},{"@type":"WebSite","@id":"https:\/\/all-car-news.com\/fr\/#website","url":"https:\/\/all-car-news.com\/fr\/","name":"All cars news","description":"","publisher":{"@id":"https:\/\/all-car-news.com\/fr\/#organization"},"potentialAction":[{"@type":"SearchAction","target":{"@type":"EntryPoint","urlTemplate":"https:\/\/all-car-news.com\/fr\/?s={search_term_string}"},"query-input":"required name=search_term_string"}],"inLanguage":"fr-FR"},{"@type":"Organization","@id":"https:\/\/all-car-news.com\/fr\/#organization","name":"All cars news","url":"https:\/\/all-car-news.com\/fr\/","logo":{"@type":"ImageObject","inLanguage":"fr-FR","@id":"https:\/\/all-car-news.com\/fr\/#\/schema\/logo\/image\/","url":"https:\/\/all-car-news.com\/wp-content\/uploads\/2022\/02\/CMYK-AllCarNews_LANDSCAPE_300px-1.png","contentUrl":"https:\/\/all-car-news.com\/wp-content\/uploads\/2022\/02\/CMYK-AllCarNews_LANDSCAPE_300px-1.png","width":300,"height":100,"caption":"All cars news"},"image":{"@id":"https:\/\/all-car-news.com\/fr\/#\/schema\/logo\/image\/"}}]}},"_links":{"self":[{"href":"https:\/\/all-car-news.com\/fr\/wp-json\/wp\/v2\/posts\/143956","targetHints":{"allow":["GET"]}}],"collection":[{"href":"https:\/\/all-car-news.com\/fr\/wp-json\/wp\/v2\/posts"}],"about":[{"href":"https:\/\/all-car-news.com\/fr\/wp-json\/wp\/v2\/types\/post"}],"replies":[{"embeddable":true,"href":"https:\/\/all-car-news.com\/fr\/wp-json\/wp\/v2\/comments?post=143956"}],"version-history":[{"count":0,"href":"https:\/\/all-car-news.com\/fr\/wp-json\/wp\/v2\/posts\/143956\/revisions"}],"wp:featuredmedia":[{"embeddable":true,"href":"https:\/\/all-car-news.com\/fr\/wp-json\/wp\/v2\/media\/143927"}],"wp:attachment":[{"href":"https:\/\/all-car-news.com\/fr\/wp-json\/wp\/v2\/media?parent=143956"}],"wp:term":[{"taxonomy":"category","embeddable":true,"href":"https:\/\/all-car-news.com\/fr\/wp-json\/wp\/v2\/categories?post=143956"},{"taxonomy":"post_tag","embeddable":true,"href":"https:\/\/all-car-news.com\/fr\/wp-json\/wp\/v2\/tags?post=143956"}],"curies":[{"name":"wp","href":"https:\/\/api.w.org\/{rel}","templated":true}]}}