{"id":143663,"date":"2024-03-15T08:00:42","date_gmt":"2024-03-15T08:00:42","guid":{"rendered":"https:\/\/all-car-news.com\/volkswagen-id-7-tourer-gtx-la-combinaison-ideale-entre-sportivite-et-espace\/"},"modified":"2024-03-15T08:00:42","modified_gmt":"2024-03-15T08:00:42","slug":"volkswagen-id-7-tourer-gtx-la-combinaison-ideale-entre-sportivite-et-espace","status":"publish","type":"post","link":"https:\/\/all-car-news.com\/fr\/volkswagen-id-7-tourer-gtx-la-combinaison-ideale-entre-sportivite-et-espace\/","title":{"rendered":"Volkswagen ID.7 Tourer GTX : la combinaison id\u00e9ale entre sportivit\u00e9 et espace ?"},"content":{"rendered":"<h2>Deux moteurs \u00e9lectriques pour Volkswagen ID.7 Tourer GTX<\/h2>\n<p>La Volkswagen ID.7 Le Tourer GTX est \u00e9quip\u00e9 de deux moteurs \u00e9lectriques : l&rsquo;un entra\u00eene l&rsquo;essieu avant, l&rsquo;autre l&rsquo;essieu arri\u00e8re. Ainsi, chaque ID.7 Tourer GTX \u00e0 quatre roues motrices. La puissance du syst\u00e8me est de 250 kW (340 ch). Vous avez donc devant vous le break le plus puissant jamais con\u00e7u par Volkswagen. La vitesse maximale est limit\u00e9e \u00e9lectroniquement \u00e0 180 km\/h.<\/p>\n<h2>Nouvelle batterie de 86 kWh<\/h2>\n<p>Le nouveau bloc-batterie lithium-ion de 86 kWh, de s\u00e9rie sur le GTX, rel\u00e8ve la barre sur tous les fronts. Par exemple, l&rsquo;autonomie pr\u00e9vue pour l&rsquo;ID.7 Tourer GTX est de 625 kilom\u00e8tres selon la norme d&rsquo;essai WLTP. Il peut \u00eatre recharg\u00e9 rapidement avec une puissance de 200 kW, alors que le maximum pour un mod\u00e8le ID. \u00e9tait jusqu&rsquo;\u00e0 pr\u00e9sent de 175 kW. Le chargement de la batterie de 10 \u00e0 80 % prendra clairement moins de 30 minutes dans des conditions id\u00e9ales.  <\/p>\n<figure class=\"wp-block-image size-content\"><img decoding=\"async\" loading=\"lazy\" width=\"1140\" height=\"760\" src=\"https:\/\/autorai.nl\/wp-content\/uploads\/2024\/03\/volkswagen-id7-tourer-gtx-2024-foto18-1140x760.jpg\" alt=\"Volkswagen ID.7 Tourer GTX\" class=\"wp-image-175838\"><\/figure>\n<h2>4Motion<\/h2>\n<p>Le syst\u00e8me de transmission int\u00e9grale 4Motion permet une r\u00e9partition variable de la puissance d&rsquo;entra\u00eenement, avec des diff\u00e9rentiels \u00e9lectroniques \u00e0 glissement limit\u00e9 (XDS+) de s\u00e9rie. La transmission int\u00e9grale 4Motion est compl\u00e9t\u00e9e par un syst\u00e8me ID.7 Le Tourer GTX a un poids de remorquage plus \u00e9lev\u00e9 (le poids de remorquage exact n&rsquo;est pas encore connu). La direction progressive est \u00e9galement incluse et, gr\u00e2ce \u00e0 un choix de modes de conduite, la configuration id\u00e9ale peut \u00eatre choisie pour chaque trajet : d&rsquo;extr\u00eamement confortable \u00e0 tr\u00e8s dynamique. Le contr\u00f4le adaptatif du ch\u00e2ssis (DCC) est en option.<\/p>\n<h2>Design Volkswagen ID.7 Tourer GTX<\/h2>\n<p>Avec des accents GTX sp\u00e9cifiques tels que le nouveau pare-chocs, la calandre en nid d&rsquo;abeille, les \u00e9l\u00e9ments de carrosserie en noir brillant et les jantes en alliage \u00ab\u00a0Skagen\u00a0\u00bb de 20 pouces (21 pouces en option), l&rsquo;apparence profil\u00e9e du nouveau ID.7 gagne en \u00e9l\u00e9gance. Tourer une touche sportive. Les phares matriciels \u00e0 LED IQ.Light et les logos Volkswagen \u00e9clair\u00e9s \u00e0 l&rsquo;avant et \u00e0 l&rsquo;arri\u00e8re sont de s\u00e9rie. Les feux de jour en forme de fl\u00e8che constituent une nouvelle caract\u00e9ristique du GTX. En outre, l&rsquo;ID.7 Le Tourer GTX est disponible avec un grand toit panoramique en verre intelligent. Ce toit passe de la transparence \u00e0 l&rsquo;opacit\u00e9 ou inversement en appuyant sur un bouton ou une commande vocale.  <\/p>\n<figure class=\"wp-block-image size-content\"><img decoding=\"async\" loading=\"lazy\" width=\"1140\" height=\"760\" src=\"https:\/\/autorai.nl\/wp-content\/uploads\/2024\/03\/volkswagen-id7-tourer-gtx-2024-foto20-1140x760.jpg\" alt=\"Volkswagen ID.7 Tourer GTX\" class=\"wp-image-175840\"><\/figure>\n<h2>Qu&rsquo;en est-il de l&rsquo;espace ?<\/h2>\n<p>L&rsquo;ID.7 Le Tourer GTX a un empattement de 2,97 m\u00e8tres, ce qui offre beaucoup d&rsquo;espace pour cinq occupants. Le coffre mesure d\u00e9j\u00e0 605 litres de s\u00e9rie et m\u00eame 1 714 litres lorsque les si\u00e8ges arri\u00e8re sont rabattus. L&rsquo;espace de chargement a une longueur de 1,95 m\u00e8tre. De plus, gr\u00e2ce \u00e0 la largeur de 1,00 m\u00e8tre entre les passages de roue, il est facile de charger des objets de grande taille.&nbsp;<\/p>\n<h2>\u00c9quipement Volkswagen ID.7 Tourer GTX<\/h2>\n<p>L&rsquo;int\u00e9rieur de l&rsquo;ID.7 Le Tourer GTX est sportif. Les si\u00e8ges sp\u00e9ciaux sont chauffants, rev\u00eatus d&rsquo;une combinaison de tissu et d&rsquo;ArtVelours et finis avec un logo GTX perfor\u00e9 et des surpiq\u00fbres rouges. Le volant sport multifonctions pr\u00e9sente \u00e9galement des surpiq\u00fbres rouges, ainsi que d&rsquo;autres accents rouges et le lettrage GTX. La riche dotation de s\u00e9rie comprend \u00e9galement un affichage t\u00eate haute \u00e0 r\u00e9alit\u00e9 augment\u00e9e, un \u00e9clairage d&rsquo;ambiance (30 couleurs), une climatisation Climatronic automatique \u00e0 trois zones, un acc\u00e8s sans cl\u00e9 et un syst\u00e8me d&rsquo;alarme.  <\/p>\n<figure class=\"wp-block-image size-content\"><img decoding=\"async\" loading=\"lazy\" width=\"1140\" height=\"760\" src=\"https:\/\/autorai.nl\/wp-content\/uploads\/2024\/03\/volkswagen-id7-tourer-gtx-2024-foto19-1140x760.jpg\" alt=\"Volkswagen ID.7 Tourer GTX\" class=\"wp-image-175839\"><\/figure>\n<h2>Egalement avec l&rsquo;application bien-\u00eatre  <\/h2>\n<p>Pour la Volkswagen ID.7 Tourer GTX est une nouvelle application Wellness disponible. Il contribue au bien-\u00eatre pendant le voyage et pendant les pauses (de chargement). En fonction du programme choisi (Fresh Up, Calm Down et Power Break), l&rsquo;application commande l&rsquo;\u00e9clairage d&rsquo;ambiance, le volume sonore, la climatisation, les fonctions de massage et de ventilation des si\u00e8ges et le toit panoramique, entre autres.  <\/p>\n<h2>Syst\u00e8mes d&rsquo;aide \u00e0 la conduite<\/h2>\n<p>Les syst\u00e8mes d&rsquo;assistance \u00e0 haute performance portent dans l&rsquo;ID.7 Le Tourer GTX contribue \u00e0 une conduite confortable, s\u00fbre et d\u00e9tendue dans toutes les conditions. L&rsquo;assistance au stationnement Plus avec fonction m\u00e9moire est disponible en option. Cela permet un stationnement enti\u00e8rement automatique \u00e0 des distances allant jusqu&rsquo;\u00e0 50 m\u00e8tres, par exemple \u00e0 la maison. L&rsquo;assistance au d\u00e9placement comprend l&rsquo;assistance au maintien de la trajectoire, le r\u00e9gulateur de vitesse adaptatif ACC et l&rsquo;assistance en cas d&rsquo;urgence. Il utilise \u00e9galement des donn\u00e9es en ligne pour un fonctionnement encore plus pr\u00e9cis et fluide. Le syst\u00e8me Side Assist (avertisseur d&rsquo;angle mort) est \u00e9galement de s\u00e9rie.  <\/p>\n<p>Si l&rsquo;ID.7 Tourer GTX est \u00e0 l&rsquo;arr\u00eat, l&rsquo;avertissement de sortie lors de l&rsquo;ouverture des portes pr\u00e9vient de tout trafic approchant par l&rsquo;arri\u00e8re. Dans les cas extr\u00eames, l&rsquo;avertissement de sortie peut emp\u00eacher les portes de s&rsquo;ouvrir pendant un certain temps. Pour signaler rapidement et de mani\u00e8re ad\u00e9quate, par exemple, les collisions, les embouteillages ou les travaux sur l&rsquo;itin\u00e9raire, l&rsquo;ID.7 fait Tourer GTX utilisation de Car2X. Cela permet \u00e0 la voiture d&rsquo;obtenir des informations sur les autres voitures circulant sur l&rsquo;itin\u00e9raire ainsi que sur l&rsquo;infrastructure. Par d\u00e9faut, chaque ID.7 Le Tourer GTX est dot\u00e9 du freinage d&rsquo;urgence, de l&rsquo;assistance frontale et de l&rsquo;affichage dynamique de la signalisation routi\u00e8re.<\/p>\n<h2>Lancement sur le march\u00e9<\/h2>\n<p>Le nouvel ID.7 Le Tourer GTX est attendu aux Pays-Bas cet \u00e9t\u00e9. Les prix seront annonc\u00e9s \u00e0 la mi-mai.<\/p>\n<div class=\"galery shuffle galery-0\">\n<figure>\n\t\t\t\t\t<span style=\"cursor: pointer\" data-src=\"https:\/\/autorai.nl\/wp-content\/uploads\/2024\/03\/volkswagen-id7-tourer-gtx-2024-foto21-1600x1067.jpg\" data-fancybox=\"galery-0\" title=\"\"><br \/>\n\t\t\t\t\t\t\t<img decoding=\"async\" width=\"640\" height=\"480\" src=\"https:\/\/autorai.nl\/wp-content\/uploads\/2024\/03\/volkswagen-id7-tourer-gtx-2024-foto21-640x480.jpg\" class=\"attachment-medium size-medium\" alt=\"\" loading=\"lazy\"><i class=\"fa fa-search-plus\" aria-hidden=\"true\"><\/i><br \/>\n\t\t\t\t\t\t<\/span><br \/>\n\t\t\t\t\t<\/figure>\n<figure>\n\t\t\t\t\t<span style=\"cursor: pointer\" data-src=\"https:\/\/autorai.nl\/wp-content\/uploads\/2024\/03\/volkswagen-id7-tourer-gtx-2024-foto20-1600x1067.jpg\" data-fancybox=\"galery-0\" title=\"\"><br \/>\n\t\t\t\t\t\t\t<img decoding=\"async\" width=\"360\" height=\"270\" src=\"https:\/\/autorai.nl\/wp-content\/uploads\/2024\/03\/volkswagen-id7-tourer-gtx-2024-foto20-360x270.jpg\" class=\"attachment-small size-small\" alt=\"Volkswagen ID.7 Tourer GTX\" loading=\"lazy\"><i class=\"fa fa-search-plus\" aria-hidden=\"true\"><\/i><br \/>\n\t\t\t\t\t\t<\/span><br \/>\n\t\t\t\t\t<\/figure>\n<figure>\n\t\t\t\t\t<span style=\"cursor: pointer\" data-src=\"https:\/\/autorai.nl\/wp-content\/uploads\/2024\/03\/volkswagen-id7-tourer-gtx-2024-foto19-1600x1067.jpg\" data-fancybox=\"galery-0\" title=\"\"><br \/>\n\t\t\t\t\t\t\t<img decoding=\"async\" width=\"360\" height=\"270\" src=\"https:\/\/autorai.nl\/wp-content\/uploads\/2024\/03\/volkswagen-id7-tourer-gtx-2024-foto19-360x270.jpg\" class=\"attachment-small size-small\" alt=\"Volkswagen ID.7 Tourer GTX\" loading=\"lazy\"><i class=\"fa fa-search-plus\" aria-hidden=\"true\"><\/i><br \/>\n\t\t\t\t\t\t<\/span><br \/>\n\t\t\t\t\t<\/figure>\n<figure>\n\t\t\t\t\t<span style=\"cursor: pointer\" data-src=\"https:\/\/autorai.nl\/wp-content\/uploads\/2024\/03\/volkswagen-id7-tourer-gtx-2024-foto18-1600x1067.jpg\" data-fancybox=\"galery-0\" title=\"\"><br \/>\n\t\t\t\t\t\t\t<img decoding=\"async\" width=\"640\" height=\"480\" src=\"https:\/\/autorai.nl\/wp-content\/uploads\/2024\/03\/volkswagen-id7-tourer-gtx-2024-foto18-640x480.jpg\" class=\"attachment-medium size-medium\" alt=\"Volkswagen ID.7 Tourer GTX\" loading=\"lazy\"><i class=\"fa fa-search-plus\" aria-hidden=\"true\"><\/i><br \/>\n\t\t\t\t\t\t<\/span><br \/>\n\t\t\t\t\t<\/figure>\n<figure>\n\t\t\t\t\t<span style=\"cursor: pointer\" data-src=\"https:\/\/autorai.nl\/wp-content\/uploads\/2024\/03\/volkswagen-id7-tourer-gtx-2024-foto17-1600x1068.jpg\" data-fancybox=\"galery-0\" title=\"\"><br \/>\n\t\t\t\t\t\t\t<img decoding=\"async\" width=\"360\" height=\"270\" src=\"https:\/\/autorai.nl\/wp-content\/uploads\/2024\/03\/volkswagen-id7-tourer-gtx-2024-foto17-360x270.jpg\" class=\"attachment-small size-small\" alt=\"\" loading=\"lazy\"><i class=\"fa fa-search-plus\" aria-hidden=\"true\"><\/i><br \/>\n\t\t\t\t\t\t<\/span><br \/>\n\t\t\t\t\t<\/figure>\n<figure>\n\t\t\t\t\t<span style=\"cursor: pointer\" data-src=\"https:\/\/autorai.nl\/wp-content\/uploads\/2024\/03\/volkswagen-id7-tourer-gtx-2024-foto16-1600x1068.jpg\" data-fancybox=\"galery-0\" title=\"\"><br \/>\n\t\t\t\t\t\t\t<img decoding=\"async\" width=\"360\" height=\"270\" src=\"https:\/\/autorai.nl\/wp-content\/uploads\/2024\/03\/volkswagen-id7-tourer-gtx-2024-foto16-360x270.jpg\" class=\"attachment-small size-small\" alt=\"\" loading=\"lazy\"><i class=\"fa fa-search-plus\" aria-hidden=\"true\"><\/i><br \/>\n\t\t\t\t\t\t<\/span><br \/>\n\t\t\t\t\t<\/figure>\n<figure>\n\t\t\t\t\t<span style=\"cursor: pointer\" data-src=\"https:\/\/autorai.nl\/wp-content\/uploads\/2024\/03\/volkswagen-id7-tourer-gtx-2024-foto15-1600x1068.jpg\" data-fancybox=\"galery-0\" title=\"\"><br \/>\n\t\t\t\t\t\t\t<img decoding=\"async\" width=\"640\" height=\"480\" src=\"https:\/\/autorai.nl\/wp-content\/uploads\/2024\/03\/volkswagen-id7-tourer-gtx-2024-foto15-640x480.jpg\" class=\"attachment-medium size-medium\" alt=\"\" loading=\"lazy\"><i class=\"fa fa-search-plus\" aria-hidden=\"true\"><\/i><br \/>\n\t\t\t\t\t\t<\/span><br \/>\n\t\t\t\t\t<\/figure>\n<figure>\n\t\t\t\t\t<span style=\"cursor: pointer\" data-src=\"https:\/\/autorai.nl\/wp-content\/uploads\/2024\/03\/volkswagen-id7-tourer-gtx-2024-foto14-1600x1068.jpg\" data-fancybox=\"galery-0\" title=\"\"><br \/>\n\t\t\t\t\t\t\t<img decoding=\"async\" width=\"360\" height=\"270\" src=\"https:\/\/autorai.nl\/wp-content\/uploads\/2024\/03\/volkswagen-id7-tourer-gtx-2024-foto14-360x270.jpg\" class=\"attachment-small size-small\" alt=\"\" loading=\"lazy\"><i class=\"fa fa-search-plus\" aria-hidden=\"true\"><\/i><br \/>\n\t\t\t\t\t\t<\/span><br \/>\n\t\t\t\t\t<\/figure>\n<figure>\n\t\t\t\t\t<span style=\"cursor: pointer\" data-src=\"https:\/\/autorai.nl\/wp-content\/uploads\/2024\/03\/volkswagen-id7-tourer-gtx-2024-foto13-1600x1068.jpg\" data-fancybox=\"galery-0\" title=\"\"><br \/>\n\t\t\t\t\t\t\t<img decoding=\"async\" width=\"360\" height=\"270\" src=\"https:\/\/autorai.nl\/wp-content\/uploads\/2024\/03\/volkswagen-id7-tourer-gtx-2024-foto13-360x270.jpg\" class=\"attachment-small size-small\" alt=\"\" loading=\"lazy\"><i class=\"fa fa-search-plus\" aria-hidden=\"true\"><\/i><br \/>\n\t\t\t\t\t\t<\/span><br \/>\n\t\t\t\t\t<\/figure>\n<figure>\n\t\t\t\t\t<span style=\"cursor: pointer\" data-src=\"https:\/\/autorai.nl\/wp-content\/uploads\/2024\/03\/volkswagen-id7-tourer-gtx-2024-foto12-1600x1068.jpg\" data-fancybox=\"galery-0\" title=\"\"><br \/>\n\t\t\t\t\t\t\t<img decoding=\"async\" width=\"640\" height=\"480\" src=\"https:\/\/autorai.nl\/wp-content\/uploads\/2024\/03\/volkswagen-id7-tourer-gtx-2024-foto12-640x480.jpg\" class=\"attachment-medium size-medium\" alt=\"\" loading=\"lazy\"><i class=\"fa fa-search-plus\" aria-hidden=\"true\"><\/i><br \/>\n\t\t\t\t\t\t<\/span><br \/>\n\t\t\t\t\t<\/figure>\n<figure>\n\t\t\t\t\t<span style=\"cursor: pointer\" data-src=\"https:\/\/autorai.nl\/wp-content\/uploads\/2024\/03\/volkswagen-id7-tourer-gtx-2024-foto11-1600x1068.jpg\" data-fancybox=\"galery-0\" title=\"\"><br \/>\n\t\t\t\t\t\t\t<img decoding=\"async\" width=\"360\" height=\"270\" src=\"https:\/\/autorai.nl\/wp-content\/uploads\/2024\/03\/volkswagen-id7-tourer-gtx-2024-foto11-360x270.jpg\" class=\"attachment-small size-small\" alt=\"Volkswagen ID.7 Tourer GTX\" loading=\"lazy\"><i class=\"fa fa-search-plus\" aria-hidden=\"true\"><\/i><br \/>\n\t\t\t\t\t\t<\/span><br \/>\n\t\t\t\t\t<\/figure>\n<figure>\n\t\t\t\t\t<span style=\"cursor: pointer\" data-src=\"https:\/\/autorai.nl\/wp-content\/uploads\/2024\/03\/volkswagen-id7-tourer-gtx-2024-foto10-1600x1068.jpg\" data-fancybox=\"galery-0\" title=\"\"><br \/>\n\t\t\t\t\t\t\t<img decoding=\"async\" width=\"360\" height=\"270\" src=\"https:\/\/autorai.nl\/wp-content\/uploads\/2024\/03\/volkswagen-id7-tourer-gtx-2024-foto10-360x270.jpg\" class=\"attachment-small size-small\" alt=\"\" loading=\"lazy\"><i class=\"fa fa-search-plus\" aria-hidden=\"true\"><\/i><br \/>\n\t\t\t\t\t\t<\/span><br \/>\n\t\t\t\t\t<\/figure>\n<figure>\n\t\t\t\t\t<span style=\"cursor: pointer\" data-src=\"https:\/\/autorai.nl\/wp-content\/uploads\/2024\/03\/volkswagen-id7-tourer-gtx-2024-foto9-1600x1067.jpg\" data-fancybox=\"galery-0\" title=\"\"><br \/>\n\t\t\t\t\t\t\t<img decoding=\"async\" width=\"640\" height=\"480\" src=\"https:\/\/autorai.nl\/wp-content\/uploads\/2024\/03\/volkswagen-id7-tourer-gtx-2024-foto9-640x480.jpg\" class=\"attachment-medium size-medium\" alt=\"\" loading=\"lazy\"><i class=\"fa fa-search-plus\" aria-hidden=\"true\"><\/i><br \/>\n\t\t\t\t\t\t<\/span><br \/>\n\t\t\t\t\t<\/figure>\n<figure>\n\t\t\t\t\t<span style=\"cursor: pointer\" data-src=\"https:\/\/autorai.nl\/wp-content\/uploads\/2024\/03\/volkswagen-id7-tourer-gtx-2024-foto8-1600x1067.jpg\" data-fancybox=\"galery-0\" title=\"\"><br \/>\n\t\t\t\t\t\t\t<img decoding=\"async\" width=\"360\" height=\"270\" src=\"https:\/\/autorai.nl\/wp-content\/uploads\/2024\/03\/volkswagen-id7-tourer-gtx-2024-foto8-360x270.jpg\" class=\"attachment-small size-small\" alt=\"\" loading=\"lazy\"><i class=\"fa fa-search-plus\" aria-hidden=\"true\"><\/i><br \/>\n\t\t\t\t\t\t<\/span><br \/>\n\t\t\t\t\t<\/figure>\n<figure>\n\t\t\t\t\t<span style=\"cursor: pointer\" data-src=\"https:\/\/autorai.nl\/wp-content\/uploads\/2024\/03\/volkswagen-id7-tourer-gtx-2024-foto7-1600x1067.jpg\" data-fancybox=\"galery-0\" title=\"\"><br \/>\n\t\t\t\t\t\t\t<img decoding=\"async\" width=\"360\" height=\"270\" src=\"https:\/\/autorai.nl\/wp-content\/uploads\/2024\/03\/volkswagen-id7-tourer-gtx-2024-foto7-360x270.jpg\" class=\"attachment-small size-small\" alt=\"\" loading=\"lazy\"><i class=\"fa fa-search-plus\" aria-hidden=\"true\"><\/i><br \/>\n\t\t\t\t\t\t<\/span><br \/>\n\t\t\t\t\t<\/figure>\n<figure>\n\t\t\t\t\t<span style=\"cursor: pointer\" data-src=\"https:\/\/autorai.nl\/wp-content\/uploads\/2024\/03\/volkswagen-id7-tourer-gtx-2024-foto6-1600x1067.jpg\" data-fancybox=\"galery-0\" title=\"\"><br \/>\n\t\t\t\t\t\t\t<img decoding=\"async\" width=\"640\" height=\"480\" src=\"https:\/\/autorai.nl\/wp-content\/uploads\/2024\/03\/volkswagen-id7-tourer-gtx-2024-foto6-640x480.jpg\" class=\"attachment-medium size-medium\" alt=\"\" loading=\"lazy\"><i class=\"fa fa-search-plus\" aria-hidden=\"true\"><\/i><br \/>\n\t\t\t\t\t\t<\/span><br \/>\n\t\t\t\t\t<\/figure>\n<figure>\n\t\t\t\t\t<span style=\"cursor: pointer\" data-src=\"https:\/\/autorai.nl\/wp-content\/uploads\/2024\/03\/volkswagen-id7-tourer-gtx-2024-foto5-1600x1067.jpg\" data-fancybox=\"galery-0\" title=\"\"><br \/>\n\t\t\t\t\t\t\t<img decoding=\"async\" width=\"360\" height=\"270\" src=\"https:\/\/autorai.nl\/wp-content\/uploads\/2024\/03\/volkswagen-id7-tourer-gtx-2024-foto5-360x270.jpg\" class=\"attachment-small size-small\" alt=\"\" loading=\"lazy\"><i class=\"fa fa-search-plus\" aria-hidden=\"true\"><\/i><br \/>\n\t\t\t\t\t\t<\/span><br \/>\n\t\t\t\t\t<\/figure>\n<figure>\n\t\t\t\t\t<span style=\"cursor: pointer\" data-src=\"https:\/\/autorai.nl\/wp-content\/uploads\/2024\/03\/volkswagen-id7-tourer-gtx-2024-foto4-1600x1067.jpg\" data-fancybox=\"galery-0\" title=\"\"><br \/>\n\t\t\t\t\t\t\t<img decoding=\"async\" width=\"360\" height=\"270\" src=\"https:\/\/autorai.nl\/wp-content\/uploads\/2024\/03\/volkswagen-id7-tourer-gtx-2024-foto4-360x270.jpg\" class=\"attachment-small size-small\" alt=\"\" loading=\"lazy\"><i class=\"fa fa-search-plus\" aria-hidden=\"true\"><\/i><br \/>\n\t\t\t\t\t\t<\/span><br \/>\n\t\t\t\t\t<\/figure>\n<figure>\n\t\t\t\t\t<span style=\"cursor: pointer\" data-src=\"https:\/\/autorai.nl\/wp-content\/uploads\/2024\/03\/volkswagen-id7-tourer-gtx-2024-foto3-1600x1067.jpg\" data-fancybox=\"galery-0\" title=\"\"><br \/>\n\t\t\t\t\t\t\t<img decoding=\"async\" width=\"640\" height=\"480\" src=\"https:\/\/autorai.nl\/wp-content\/uploads\/2024\/03\/volkswagen-id7-tourer-gtx-2024-foto3-640x480.jpg\" class=\"attachment-medium size-medium\" alt=\"\" loading=\"lazy\"><i class=\"fa fa-search-plus\" aria-hidden=\"true\"><\/i><br \/>\n\t\t\t\t\t\t<\/span><br \/>\n\t\t\t\t\t<\/figure>\n<figure>\n\t\t\t\t\t<span style=\"cursor: pointer\" data-src=\"https:\/\/autorai.nl\/wp-content\/uploads\/2024\/03\/volkswagen-id7-tourer-gtx-2024-foto2-1600x1067.jpg\" data-fancybox=\"galery-0\" title=\"\"><br \/>\n\t\t\t\t\t\t\t<img decoding=\"async\" width=\"360\" height=\"270\" src=\"https:\/\/autorai.nl\/wp-content\/uploads\/2024\/03\/volkswagen-id7-tourer-gtx-2024-foto2-360x270.jpg\" class=\"attachment-small size-small\" alt=\"\" loading=\"lazy\"><i class=\"fa fa-search-plus\" aria-hidden=\"true\"><\/i><br \/>\n\t\t\t\t\t\t<\/span><br \/>\n\t\t\t\t\t<\/figure>\n<figure>\n\t\t\t\t\t<span style=\"cursor: pointer\" data-src=\"https:\/\/autorai.nl\/wp-content\/uploads\/2024\/03\/volkswagen-id7-tourer-gtx-2024-foto1-1600x900.jpg\" data-fancybox=\"galery-0\" title=\"\"><br \/>\n\t\t\t\t\t\t\t<img decoding=\"async\" width=\"360\" height=\"270\" src=\"https:\/\/autorai.nl\/wp-content\/uploads\/2024\/03\/volkswagen-id7-tourer-gtx-2024-foto1-360x270.jpg\" class=\"attachment-small size-small\" alt=\"\" loading=\"lazy\"><i class=\"fa fa-search-plus\" aria-hidden=\"true\"><\/i><br \/>\n\t\t\t\t\t\t<\/span><br \/>\n\t\t\t\t\t<\/figure>\n<div class=\"clear\"><\/div>\n<\/div>\n","protected":false},"excerpt":{"rendered":"Deux moteurs \u00e9lectriques pour Volkswagen ID.7 Tourer GTX La Volkswagen ID.7 Le Tourer GTX est \u00e9quip\u00e9 de deux moteurs \u00e9lectriques\u2026","protected":false},"author":0,"featured_media":143640,"comment_status":"","ping_status":"open","sticky":false,"template":"","format":"standard","meta":{"footnotes":""},"categories":[127],"tags":[],"class_list":["post-143663","post","type-post","status-publish","format-standard","has-post-thumbnail","hentry","category-nouvelles-de-voiture"],"acf":[],"yoast_head":"<!-- This site is optimized with the Yoast SEO plugin v21.2 - https:\/\/yoast.com\/wordpress\/plugins\/seo\/ -->\n<title>Volkswagen ID.7 Tourer GTX : la combinaison id\u00e9ale entre sportivit\u00e9 et espace ? - All cars news<\/title>\n<meta name=\"robots\" content=\"index, follow, max-snippet:-1, max-image-preview:large, max-video-preview:-1\" \/>\n<link rel=\"canonical\" href=\"https:\/\/all-car-news.com\/fr\/volkswagen-id-7-tourer-gtx-la-combinaison-ideale-entre-sportivite-et-espace\/\" \/>\n<meta property=\"og:locale\" content=\"fr_FR\" \/>\n<meta property=\"og:type\" content=\"article\" \/>\n<meta property=\"og:title\" content=\"Volkswagen ID.7 Tourer GTX : la combinaison id\u00e9ale entre sportivit\u00e9 et espace ? - All cars news\" \/>\n<meta property=\"og:description\" content=\"Deux moteurs \u00e9lectriques pour Volkswagen ID.7 Tourer GTX La Volkswagen ID.7 Le Tourer GTX est \u00e9quip\u00e9 de deux moteurs \u00e9lectriques : l&#039;un entra\u00eene l&#039;essieu avant, l&#039;autre l&#039;essieu arri\u00e8re. Ainsi, chaque ID.7 Tourer GTX \u00e0 quatre roues motrices. La puissance du syst\u00e8me est de 250 kW (340 ch). Vous avez donc devant vous le break le plus puissant jamais con\u00e7u par Volkswagen. La vitesse maximale est limit\u00e9e \u00e9lectroniquement \u00e0 [...]\" \/>\n<meta property=\"og:url\" content=\"https:\/\/all-car-news.com\/fr\/volkswagen-id-7-tourer-gtx-la-combinaison-ideale-entre-sportivite-et-espace\/\" \/>\n<meta property=\"og:site_name\" content=\"All cars news\" \/>\n<meta property=\"article:published_time\" content=\"2024-03-15T08:00:42+00:00\" \/>\n<meta property=\"og:image\" content=\"https:\/\/autorai.nl\/wp-content\/uploads\/2024\/03\/volkswagen-id7-tourer-gtx-2024-foto18-1140x760.jpg\" \/>\n<meta name=\"twitter:card\" content=\"summary_large_image\" \/>\n<meta name=\"twitter:label1\" content=\"Dur\u00e9e de lecture estim\u00e9e\" \/>\n\t<meta name=\"twitter:data1\" content=\"4 minutes\" \/>\n<script type=\"application\/ld+json\" class=\"yoast-schema-graph\">{\"@context\":\"https:\/\/schema.org\",\"@graph\":[{\"@type\":\"Article\",\"@id\":\"https:\/\/all-car-news.com\/fr\/volkswagen-id-7-tourer-gtx-la-combinaison-ideale-entre-sportivite-et-espace\/#article\",\"isPartOf\":{\"@id\":\"https:\/\/all-car-news.com\/fr\/volkswagen-id-7-tourer-gtx-la-combinaison-ideale-entre-sportivite-et-espace\/\"},\"author\":{\"name\":\"\",\"@id\":\"\"},\"headline\":\"Volkswagen ID.7 Tourer GTX : la combinaison id\u00e9ale entre sportivit\u00e9 et espace ?\",\"datePublished\":\"2024-03-15T08:00:42+00:00\",\"dateModified\":\"2024-03-15T08:00:42+00:00\",\"mainEntityOfPage\":{\"@id\":\"https:\/\/all-car-news.com\/fr\/volkswagen-id-7-tourer-gtx-la-combinaison-ideale-entre-sportivite-et-espace\/\"},\"wordCount\":889,\"publisher\":{\"@id\":\"https:\/\/all-car-news.com\/fr\/#organization\"},\"articleSection\":[\"nouvelles de voiture\"],\"inLanguage\":\"fr-FR\"},{\"@type\":\"WebPage\",\"@id\":\"https:\/\/all-car-news.com\/fr\/volkswagen-id-7-tourer-gtx-la-combinaison-ideale-entre-sportivite-et-espace\/\",\"url\":\"https:\/\/all-car-news.com\/fr\/volkswagen-id-7-tourer-gtx-la-combinaison-ideale-entre-sportivite-et-espace\/\",\"name\":\"Volkswagen ID.7 Tourer GTX : la combinaison id\u00e9ale entre sportivit\u00e9 et espace ? - All cars news\",\"isPartOf\":{\"@id\":\"https:\/\/all-car-news.com\/fr\/#website\"},\"datePublished\":\"2024-03-15T08:00:42+00:00\",\"dateModified\":\"2024-03-15T08:00:42+00:00\",\"breadcrumb\":{\"@id\":\"https:\/\/all-car-news.com\/fr\/volkswagen-id-7-tourer-gtx-la-combinaison-ideale-entre-sportivite-et-espace\/#breadcrumb\"},\"inLanguage\":\"fr-FR\",\"potentialAction\":[{\"@type\":\"ReadAction\",\"target\":[\"https:\/\/all-car-news.com\/fr\/volkswagen-id-7-tourer-gtx-la-combinaison-ideale-entre-sportivite-et-espace\/\"]}]},{\"@type\":\"BreadcrumbList\",\"@id\":\"https:\/\/all-car-news.com\/fr\/volkswagen-id-7-tourer-gtx-la-combinaison-ideale-entre-sportivite-et-espace\/#breadcrumb\",\"itemListElement\":[{\"@type\":\"ListItem\",\"position\":1,\"name\":\"Home\",\"item\":\"https:\/\/all-car-news.com\/fr\/\"},{\"@type\":\"ListItem\",\"position\":2,\"name\":\"Volkswagen ID.7 Tourer GTX : la combinaison id\u00e9ale entre sportivit\u00e9 et espace ?\"}]},{\"@type\":\"WebSite\",\"@id\":\"https:\/\/all-car-news.com\/fr\/#website\",\"url\":\"https:\/\/all-car-news.com\/fr\/\",\"name\":\"All cars news\",\"description\":\"\",\"publisher\":{\"@id\":\"https:\/\/all-car-news.com\/fr\/#organization\"},\"potentialAction\":[{\"@type\":\"SearchAction\",\"target\":{\"@type\":\"EntryPoint\",\"urlTemplate\":\"https:\/\/all-car-news.com\/fr\/?s={search_term_string}\"},\"query-input\":\"required name=search_term_string\"}],\"inLanguage\":\"fr-FR\"},{\"@type\":\"Organization\",\"@id\":\"https:\/\/all-car-news.com\/fr\/#organization\",\"name\":\"All cars news\",\"url\":\"https:\/\/all-car-news.com\/fr\/\",\"logo\":{\"@type\":\"ImageObject\",\"inLanguage\":\"fr-FR\",\"@id\":\"https:\/\/all-car-news.com\/fr\/#\/schema\/logo\/image\/\",\"url\":\"https:\/\/all-car-news.com\/wp-content\/uploads\/2022\/02\/CMYK-AllCarNews_LANDSCAPE_300px-1.png\",\"contentUrl\":\"https:\/\/all-car-news.com\/wp-content\/uploads\/2022\/02\/CMYK-AllCarNews_LANDSCAPE_300px-1.png\",\"width\":300,\"height\":100,\"caption\":\"All cars news\"},\"image\":{\"@id\":\"https:\/\/all-car-news.com\/fr\/#\/schema\/logo\/image\/\"}}]}<\/script>\n<!-- \/ Yoast SEO plugin. -->","yoast_head_json":{"title":"Volkswagen ID.7 Tourer GTX : la combinaison id\u00e9ale entre sportivit\u00e9 et espace ? - All cars news","robots":{"index":"index","follow":"follow","max-snippet":"max-snippet:-1","max-image-preview":"max-image-preview:large","max-video-preview":"max-video-preview:-1"},"canonical":"https:\/\/all-car-news.com\/fr\/volkswagen-id-7-tourer-gtx-la-combinaison-ideale-entre-sportivite-et-espace\/","og_locale":"fr_FR","og_type":"article","og_title":"Volkswagen ID.7 Tourer GTX : la combinaison id\u00e9ale entre sportivit\u00e9 et espace ? - All cars news","og_description":"Deux moteurs \u00e9lectriques pour Volkswagen ID.7 Tourer GTX La Volkswagen ID.7 Le Tourer GTX est \u00e9quip\u00e9 de deux moteurs \u00e9lectriques : l'un entra\u00eene l'essieu avant, l'autre l'essieu arri\u00e8re. Ainsi, chaque ID.7 Tourer GTX \u00e0 quatre roues motrices. La puissance du syst\u00e8me est de 250 kW (340 ch). Vous avez donc devant vous le break le plus puissant jamais con\u00e7u par Volkswagen. La vitesse maximale est limit\u00e9e \u00e9lectroniquement \u00e0 [...]","og_url":"https:\/\/all-car-news.com\/fr\/volkswagen-id-7-tourer-gtx-la-combinaison-ideale-entre-sportivite-et-espace\/","og_site_name":"All cars news","article_published_time":"2024-03-15T08:00:42+00:00","og_image":[{"url":"https:\/\/autorai.nl\/wp-content\/uploads\/2024\/03\/volkswagen-id7-tourer-gtx-2024-foto18-1140x760.jpg"}],"twitter_card":"summary_large_image","twitter_misc":{"Dur\u00e9e de lecture estim\u00e9e":"4 minutes"},"schema":{"@context":"https:\/\/schema.org","@graph":[{"@type":"Article","@id":"https:\/\/all-car-news.com\/fr\/volkswagen-id-7-tourer-gtx-la-combinaison-ideale-entre-sportivite-et-espace\/#article","isPartOf":{"@id":"https:\/\/all-car-news.com\/fr\/volkswagen-id-7-tourer-gtx-la-combinaison-ideale-entre-sportivite-et-espace\/"},"author":{"name":"","@id":""},"headline":"Volkswagen ID.7 Tourer GTX : la combinaison id\u00e9ale entre sportivit\u00e9 et espace ?","datePublished":"2024-03-15T08:00:42+00:00","dateModified":"2024-03-15T08:00:42+00:00","mainEntityOfPage":{"@id":"https:\/\/all-car-news.com\/fr\/volkswagen-id-7-tourer-gtx-la-combinaison-ideale-entre-sportivite-et-espace\/"},"wordCount":889,"publisher":{"@id":"https:\/\/all-car-news.com\/fr\/#organization"},"articleSection":["nouvelles de voiture"],"inLanguage":"fr-FR"},{"@type":"WebPage","@id":"https:\/\/all-car-news.com\/fr\/volkswagen-id-7-tourer-gtx-la-combinaison-ideale-entre-sportivite-et-espace\/","url":"https:\/\/all-car-news.com\/fr\/volkswagen-id-7-tourer-gtx-la-combinaison-ideale-entre-sportivite-et-espace\/","name":"Volkswagen ID.7 Tourer GTX : la combinaison id\u00e9ale entre sportivit\u00e9 et espace ? - All cars news","isPartOf":{"@id":"https:\/\/all-car-news.com\/fr\/#website"},"datePublished":"2024-03-15T08:00:42+00:00","dateModified":"2024-03-15T08:00:42+00:00","breadcrumb":{"@id":"https:\/\/all-car-news.com\/fr\/volkswagen-id-7-tourer-gtx-la-combinaison-ideale-entre-sportivite-et-espace\/#breadcrumb"},"inLanguage":"fr-FR","potentialAction":[{"@type":"ReadAction","target":["https:\/\/all-car-news.com\/fr\/volkswagen-id-7-tourer-gtx-la-combinaison-ideale-entre-sportivite-et-espace\/"]}]},{"@type":"BreadcrumbList","@id":"https:\/\/all-car-news.com\/fr\/volkswagen-id-7-tourer-gtx-la-combinaison-ideale-entre-sportivite-et-espace\/#breadcrumb","itemListElement":[{"@type":"ListItem","position":1,"name":"Home","item":"https:\/\/all-car-news.com\/fr\/"},{"@type":"ListItem","position":2,"name":"Volkswagen ID.7 Tourer GTX : la combinaison id\u00e9ale entre sportivit\u00e9 et espace ?"}]},{"@type":"WebSite","@id":"https:\/\/all-car-news.com\/fr\/#website","url":"https:\/\/all-car-news.com\/fr\/","name":"All cars news","description":"","publisher":{"@id":"https:\/\/all-car-news.com\/fr\/#organization"},"potentialAction":[{"@type":"SearchAction","target":{"@type":"EntryPoint","urlTemplate":"https:\/\/all-car-news.com\/fr\/?s={search_term_string}"},"query-input":"required name=search_term_string"}],"inLanguage":"fr-FR"},{"@type":"Organization","@id":"https:\/\/all-car-news.com\/fr\/#organization","name":"All cars news","url":"https:\/\/all-car-news.com\/fr\/","logo":{"@type":"ImageObject","inLanguage":"fr-FR","@id":"https:\/\/all-car-news.com\/fr\/#\/schema\/logo\/image\/","url":"https:\/\/all-car-news.com\/wp-content\/uploads\/2022\/02\/CMYK-AllCarNews_LANDSCAPE_300px-1.png","contentUrl":"https:\/\/all-car-news.com\/wp-content\/uploads\/2022\/02\/CMYK-AllCarNews_LANDSCAPE_300px-1.png","width":300,"height":100,"caption":"All cars news"},"image":{"@id":"https:\/\/all-car-news.com\/fr\/#\/schema\/logo\/image\/"}}]}},"_links":{"self":[{"href":"https:\/\/all-car-news.com\/fr\/wp-json\/wp\/v2\/posts\/143663","targetHints":{"allow":["GET"]}}],"collection":[{"href":"https:\/\/all-car-news.com\/fr\/wp-json\/wp\/v2\/posts"}],"about":[{"href":"https:\/\/all-car-news.com\/fr\/wp-json\/wp\/v2\/types\/post"}],"replies":[{"embeddable":true,"href":"https:\/\/all-car-news.com\/fr\/wp-json\/wp\/v2\/comments?post=143663"}],"version-history":[{"count":0,"href":"https:\/\/all-car-news.com\/fr\/wp-json\/wp\/v2\/posts\/143663\/revisions"}],"wp:featuredmedia":[{"embeddable":true,"href":"https:\/\/all-car-news.com\/fr\/wp-json\/wp\/v2\/media\/143640"}],"wp:attachment":[{"href":"https:\/\/all-car-news.com\/fr\/wp-json\/wp\/v2\/media?parent=143663"}],"wp:term":[{"taxonomy":"category","embeddable":true,"href":"https:\/\/all-car-news.com\/fr\/wp-json\/wp\/v2\/categories?post=143663"},{"taxonomy":"post_tag","embeddable":true,"href":"https:\/\/all-car-news.com\/fr\/wp-json\/wp\/v2\/tags?post=143663"}],"curies":[{"name":"wp","href":"https:\/\/api.w.org\/{rel}","templated":true}]}}