{"id":143608,"date":"2024-03-11T14:30:11","date_gmt":"2024-03-11T14:30:11","guid":{"rendered":"https:\/\/all-car-news.com\/ev-roadtrip-des-pays-bas-a-la-scandinavie-en-hiver-epique-ou-epuisant\/"},"modified":"2024-03-11T14:30:11","modified_gmt":"2024-03-11T14:30:11","slug":"ev-roadtrip-des-pays-bas-a-la-scandinavie-en-hiver-epique-ou-epuisant","status":"publish","type":"post","link":"https:\/\/all-car-news.com\/fr\/ev-roadtrip-des-pays-bas-a-la-scandinavie-en-hiver-epique-ou-epuisant\/","title":{"rendered":"EV-ROADTRIP des Pays-Bas \u00e0 la Scandinavie EN HIVER : \u00e9pique ou \u00e9puisant ?"},"content":{"rendered":"<h2>Voyager en Scandinavie en voiture  <\/h2>\n<p>Un voyage estival dans le sud de l&rsquo;Europe avec une voiture \u00e9lectrique est aujourd&rsquo;hui un jeu d&rsquo;enfant. <a href=\"https:\/\/autorai.nl\/test-midden-in-de-zomervakantie-met-een-ev-naar-zuid-frankrijk-in-2023-2\/\" target=\"_blank\" rel=\"noreferrer noopener\">Nous l&rsquo;avons d\u00e9couvert l<\/a> &lsquo;\u00e9t\u00e9 dernier en nous rendant facilement en M\u00e9diterran\u00e9e pendant la saison la plus charg\u00e9e. Mais qu&rsquo;en est-il si vous souhaitez vous rendre dans le coin le plus froid de l&rsquo;Europe en f\u00e9vrier avec un v\u00e9hicule \u00e9lectrique ? Nissan nous donne les cl\u00e9s de l&rsquo;Ariya e-4ORCE pour le d\u00e9couvrir. Cette nouvelle variante \u00e0 quatre roues motrices, qui dispose \u00e9galement d&rsquo;une puissance suppl\u00e9mentaire, devrait nous emmener dans le parc national de Rondane en Norv\u00e8ge. Un parcours solide, de quelque 2 000 kilom\u00e8tres. Vous vous demandez ce que c&rsquo;est que de conduire une voiture \u00e9lectrique des Pays-Bas \u00e0 la Norv\u00e8ge en passant par le Danemark et la Su\u00e8de ?&nbsp;Dans cet article, nous vous pr\u00e9sentons tout ce que vous devez savoir pour voyager avec un VE en Scandinavie. Pr\u00e9f\u00e9rez-vous regarder des images anim\u00e9es ? Cliquez ensuite sur la vid\u00e9o ci-dessous :<\/p>\n<figure class=\"wp-block-embed is-type-video is-provider-youtube wp-block-embed-youtube wp-embed-aspect-16-9 wp-has-aspect-ratio\">\n<div class=\"wp-block-embed__wrapper\">\n<\/div>\n<\/figure>\n<h2>Vers Copenhague<\/h2>\n<p>C&rsquo;est au petit matin que nous mettons le cap sur l&rsquo;Ariya en direction de la fronti\u00e8re allemande. Notre voyage commence dans le pittoresque Hellendoorn, \u00e0 deux pas du poste fronti\u00e8re d&rsquo;Oldenzaal. Les panneaux en direction d&rsquo;Osnabr\u00fcck nous indiquent la voie \u00e0 suivre. Juste avant cette ville allemande, nous nous dirigeons vers Br\u00eame. Gr\u00e2ce \u00e0 l&rsquo;imposante batterie &#8211; d&rsquo;une capacit\u00e9 de 87 kWh &#8211; nous pouvons retarder notre premi\u00e8re pause de charge jusqu&rsquo;\u00e0 Hambourg. Une fois dans la ville portuaire, nous cherchons un chargeur, non pas tant parce que la voiture risque de caler, mais parce que nos vessies sont sous pression apr\u00e8s quatre heures de route.<\/p>\n<figure class=\"wp-block-image size-content\"><img decoding=\"async\" loading=\"lazy\" width=\"1140\" height=\"641\" src=\"https:\/\/autorai.nl\/wp-content\/uploads\/2024\/03\/Nissan-Ariya-e-4orce-2024-3-1140x641.jpg\" alt=\"\" class=\"wp-image-175633\"><\/figure>\n<figure class=\"wp-block-gallery has-nested-images columns-default is-cropped\">\n<figure class=\"wp-block-image size-large\"><img decoding=\"async\" loading=\"lazy\" width=\"1140\" height=\"641\" data-id=\"175634\" src=\"https:\/\/autorai.nl\/wp-content\/uploads\/2024\/03\/Nissan-Ariya-e-4orce-2024-4-1140x641.jpg\" alt=\"\" class=\"wp-image-175634\"><\/figure>\n<figure class=\"wp-block-image size-large\"><img decoding=\"async\" loading=\"lazy\" width=\"1140\" height=\"641\" data-id=\"175635\" src=\"https:\/\/autorai.nl\/wp-content\/uploads\/2024\/03\/Nissan-Ariya-e-4orce-2024-5-1140x641.jpg\" alt=\"\" class=\"wp-image-175635\"><\/figure>\n<\/figure>\n<h2>Nissan Ariya E-4ORCE<\/h2>\n<p>Pourquoi avons-nous choisi l&rsquo;Ariya pour ce roadtrip glacial, plut\u00f4t que l&rsquo;un des innombrables SUV \u00e9lectriques actuellement expos\u00e9s ? C&rsquo;est simple : nous attendons beaucoup de l&rsquo;Ariya. En effet, il y a peu, un couple d&rsquo;aventuriers britanniques a conduit une Ariya <a href=\"https:\/\/autorai.nl\/nissan-ariya-noordpool-zuidpool-afgerond\/\" target=\"_blank\" rel=\"noreferrer noopener\">du p\u00f4le Nord au p\u00f4le Sud<\/a> en quelques mois. Un parcours de plus de 30 000 kilom\u00e8tres. La voiture &#8211; \u00e9galement une e-4ORCE \u00e0 transmission int\u00e9grale &#8211; \u00e9tait enti\u00e8rement standard, \u00e0 l&rsquo;exception de quelques pneus et passages de roues extra-larges pour maintenir l&rsquo;adh\u00e9rence dans les r\u00e9gions polaires. Si l&rsquo;Ariya peut faire face \u00e0 ces conditions extr\u00eames, notre voyage d&rsquo;hiver en Europe devrait \u00e9galement \u00eatre possible ?<\/p>\n<figure class=\"wp-block-image size-content\"><img decoding=\"async\" loading=\"lazy\" width=\"1140\" height=\"641\" src=\"https:\/\/autorai.nl\/wp-content\/uploads\/2023\/12\/pole-to-pole-nissan-ariya-einde-foto7-1140x641.jpg\" alt=\"\" class=\"wp-image-171826\"><\/figure>\n<h2>Danemark<\/h2>\n<p>La pause de chargement \u00e0 Hambourg est termin\u00e9e. L&rsquo;itin\u00e9raire le plus \u00e9vident vers le Danemark, la Su\u00e8de et la Norv\u00e8ge consisterait \u00e0 se rendre \u00e0 Puttgarden et \u00e0 prendre le ferry pour le Danemark. La travers\u00e9e dure environ 45 minutes et co\u00fbte environ 100 euros pour un aller simple avec deux personnes et une voiture. Un billet aller-retour vous co\u00fbtera environ 200 euros. Cependant, si vous r\u00e9servez t\u00f4t, vous pouvez souvent obtenir une r\u00e9duction importante.<\/p>\n<figure class=\"wp-block-image size-content\"><img decoding=\"async\" loading=\"lazy\" width=\"1140\" height=\"641\" src=\"https:\/\/autorai.nl\/wp-content\/uploads\/2024\/03\/Nissan-Ariya-e-4orce-2024-6-1140x641.jpg\" alt=\"\" class=\"wp-image-175636\"><\/figure>\n<p>La plupart des N\u00e9erlandais choisissent ce ferry parce qu&rsquo;il leur permet d&rsquo;\u00e9conomiser quelque 200 kilom\u00e8tres de route jusqu&rsquo;\u00e0 Copenhague. Mais ce n&rsquo;est pas le cas. Nous voulons plut\u00f4t parcourir le plus de kilom\u00e8tres possible, car, apr\u00e8s tout, c&rsquo;est l&rsquo;essence m\u00eame d&rsquo;un voyage en voiture. De plus, nous voulons mettre l&rsquo;Ariya un peu au d\u00e9fi. Nous nous dirigeons donc vers le nord, vers la ville danoise de Kolding, puis vers Odense.<\/p>\n<p>Par ailleurs, il est \u00e9galement possible de rouler vers le nord du Danemark et de prendre le bateau pour la Norv\u00e8ge. Il y a plusieurs bateaux qui naviguent vers Oslo, Kristiansand, Bergen et d&rsquo;autres endroits en Norv\u00e8ge, mais comme nous l&rsquo;avons dit, nous voulons conduire le plus possible.<\/p>\n<figure class=\"wp-block-image size-content\"><img decoding=\"async\" loading=\"lazy\" width=\"1140\" height=\"641\" src=\"https:\/\/autorai.nl\/wp-content\/uploads\/2024\/03\/Nissan-Ariya-e-4orce-2024-8-1140x641.jpg\" alt=\"\" class=\"wp-image-175637\"><\/figure>\n<\/p>\n<h2><strong>Le pont de la Grande Ceinture<\/strong><\/h2>\n<p>Quelque quatre heures de route &#8211; et 350 kilom\u00e8tres &#8211; plus tard, il est temps de faire une deuxi\u00e8me pause pour charger et faire pipi. Nous sommes au pied du pont du Grand Belt. Ce pont impressionnant est \u00e9galement l&rsquo;une des raisons pour lesquelles nous ne prenons pas tous les types de ferries. Le pont du Grand Belt est l&rsquo;un des plus longs ponts de liaison au monde. D&rsquo;une longueur de pr\u00e8s de 18 kilom\u00e8tres et compos\u00e9 de deux ponts avec une \u00eele artificielle au milieu, c&rsquo;est un ouvrage d&rsquo;art impressionnant. Nous ne voulons pas manquer cela.<\/p>\n<figure class=\"wp-block-image size-large\"><img decoding=\"async\" loading=\"lazy\" width=\"1140\" height=\"641\" src=\"https:\/\/autorai.nl\/wp-content\/uploads\/2024\/03\/Nissan-Ariya-e-4orce-2024-13-1140x641.jpg\" alt=\"\" class=\"wp-image-175639\"><\/figure>\n<p>Beaucoup de gens pensent au Danemark avec le pont de Sont, qui relie le Danemark \u00e0 la Su\u00e8de, mais le pont du Grand Belt (Storeb\u00e6ltsbroen, en danois) est plus long de deux kilom\u00e8tres que le Sontburg. Il n&rsquo;y a pas de routes \u00e0 p\u00e9age au Danemark, mais ces deux grands ponts sont payants. Pour le pont du Grand Belt, vous d\u00e9penserez 38 euros et pour le pont de Sont, vous devrez payer 68 euros. Ces prix s&rsquo;appliquent aux voitures, camionnettes et camping-cars jusqu&rsquo;\u00e0 6 m\u00e8tres. Gr\u00e2ce \u00e0 une charge utile de 130 kW, l&rsquo;Ariya est d\u00e9j\u00e0 bien charg\u00e9e. Nous roulons jusqu&rsquo;\u00e0 Copenhague et nous nous couchons t\u00f4t.<\/p>\n<figure class=\"wp-block-image size-content\"><img decoding=\"async\" loading=\"lazy\" width=\"1140\" height=\"641\" src=\"https:\/\/autorai.nl\/wp-content\/uploads\/2024\/03\/Nissan-ariya-1140x641.jpg\" alt=\"\" class=\"wp-image-175659\"><\/figure>\n<figure class=\"wp-block-gallery has-nested-images columns-default is-cropped\">\n<figure class=\"wp-block-image size-large\"><img decoding=\"async\" loading=\"lazy\" width=\"1140\" height=\"641\" data-id=\"175660\" src=\"https:\/\/autorai.nl\/wp-content\/uploads\/2024\/03\/Nissan-Ariya-e-4orce-2024-12-1-1140x641.jpg\" alt=\"\" class=\"wp-image-175660\"><\/figure>\n<figure class=\"wp-block-image size-large\"><img decoding=\"async\" loading=\"lazy\" width=\"1140\" height=\"641\" data-id=\"175640\" src=\"https:\/\/autorai.nl\/wp-content\/uploads\/2024\/03\/Nissan-Ariya-e-4orce-2024-14-1140x641.jpg\" alt=\"\" class=\"wp-image-175640\"><\/figure>\n<\/figure>\n<h2><strong>De Copenhague \u00e0 Oslo<\/strong><\/h2>\n<p>Le deuxi\u00e8me jour de notre voyage commence t\u00f4t. La voiture est rest\u00e9e sur le chargeur toute la nuit et est pr\u00eate pour une longue journ\u00e9e sur la route. La destination finale d&rsquo;aujourd&rsquo;hui est Oslo. Se rendre de Copenhague \u00e0 la capitale norv\u00e9gienne peut se faire en une journ\u00e9e. La distance est de plus de 600 kilom\u00e8tres. En hiver, il faut pr\u00e9voir des vitesses plus basses, y compris sur l&rsquo;autoroute.  <\/p>\n<p>Apr\u00e8s avoir quitt\u00e9 Copenhague, nous nous sommes imm\u00e9diatement engag\u00e9s sur le pont de l&rsquo;\u00d6resund. Le pont de l&rsquo;\u00d6resund n&rsquo;est pas un pont ordinaire ; il fait partie d&rsquo;une liaison de 16 kilom\u00e8tres entre le Danemark et la Su\u00e8de. Non seulement vous traversez la Sont, mais vous passez \u00e9galement sous la Sont par un tunnel de quatre kilom\u00e8tres de long. La construction de ce tunnel a d\u00e9but\u00e9 en 1993 et a co\u00fbt\u00e9 la bagatelle de 3 milliards d&rsquo;euros.<\/p>\n<figure class=\"wp-block-image size-content\"><img decoding=\"async\" loading=\"lazy\" width=\"1140\" height=\"641\" src=\"https:\/\/autorai.nl\/wp-content\/uploads\/2024\/03\/Nissan-Ariya-e-4orce-2024-17-1140x641.jpg\" alt=\"\" class=\"wp-image-175643\"><\/figure>\n<figure class=\"wp-block-gallery has-nested-images columns-default is-cropped\">\n<figure class=\"wp-block-image size-large\"><img decoding=\"async\" loading=\"lazy\" width=\"1140\" height=\"641\" data-id=\"175645\" src=\"https:\/\/autorai.nl\/wp-content\/uploads\/2024\/03\/Nissan-Ariya-e-4orce-2024-19-1140x641.jpg\" alt=\"\" class=\"wp-image-175645\"><\/figure>\n<figure class=\"wp-block-image size-large\"><img decoding=\"async\" loading=\"lazy\" width=\"1140\" height=\"641\" data-id=\"175644\" src=\"https:\/\/autorai.nl\/wp-content\/uploads\/2024\/03\/Nissan-Ariya-e-4orce-2024-20-1140x641.jpg\" alt=\"\" class=\"wp-image-175644\"><\/figure>\n<\/figure>\n<h2><strong>Chargement en Su\u00e8de<\/strong><\/h2>\n<p>Comme aux Pays-Bas, au Danemark et en Su\u00e8de, vous pouvez brancher votre voiture \u00e0 une station de recharge n&rsquo;importe o\u00f9. Le long de l&rsquo;autoroute, il est clairement indiqu\u00e9 o\u00f9 et quand attendre une borne de recharge. Il y en a souvent tous les 20, 30 ou 40 kilom\u00e8tres le long de l&rsquo;autoroute. Avez-vous des besoins de recharge tr\u00e8s importants ? Vous pouvez alors descendre \u00e0 chaque sortie pour trouver un chargeur rapide dans un village ou une ville situ\u00e9e dans un rayon de cinq ou dix kilom\u00e8tres.  <\/p>\n<figure class=\"wp-block-image size-content\"><img decoding=\"async\" loading=\"lazy\" width=\"1140\" height=\"641\" src=\"https:\/\/autorai.nl\/wp-content\/uploads\/2024\/03\/Nissan-Ariya-e-4orce-2024-21-1140x641.jpg\" alt=\"\" class=\"wp-image-175646\"><\/figure>\n<p>Gr\u00e2ce au syst\u00e8me de navigation de l&rsquo;Ariya, vous pouvez facilement trouver des points de recharge rapide. Une fois que vous avez saisi votre itin\u00e9raire, la voiture vous indique automatiquement les points de charge appropri\u00e9s. Toutes les voitures \u00e9lectriques ne proposent pas encore cette fonction pratique, ce qui signifie que vous devez souvent consulter diff\u00e9rentes applications de routage. Mais avec l&rsquo;Ariya, ces tracas appartiennent au pass\u00e9.<\/p>\n<figure class=\"wp-block-image size-content\"><img decoding=\"async\" loading=\"lazy\" width=\"1140\" height=\"641\" src=\"https:\/\/autorai.nl\/wp-content\/uploads\/2024\/03\/Nissan-Ariya-e-4orce-2024-22-1140x641.jpg\" alt=\"\" class=\"wp-image-175647\"><\/figure>\n<h2>Sabots de glace<\/h2>\n<p>Malheureusement, le temps s&rsquo;est d\u00e9grad\u00e9 depuis. Depuis que nous sommes entr\u00e9s en Su\u00e8de, il pleut de la glace. L&rsquo;Ariya, les poteaux de recharge, la chauss\u00e9e, tout est recouvert d&rsquo;une \u00e9paisse couche de glace glissante. Heureusement, l&rsquo;Ariya est \u00e9quip\u00e9e d&rsquo;un pare-brise chauffant, ce qui s&rsquo;av\u00e8re \u00eatre une v\u00e9ritable b\u00e9n\u00e9diction. Pourtant, nous devons parfois arr\u00eater la voiture pour gratter les amas de glace au bas du pare-brise. Nous ne connaissons pas souvent ce temps brutal et il est clair que nous ne sommes plus aux Pays-Bas.<\/p>\n<figure class=\"wp-block-image size-content\"><img decoding=\"async\" loading=\"lazy\" width=\"1140\" height=\"641\" src=\"https:\/\/autorai.nl\/wp-content\/uploads\/2024\/03\/Nissan-Ariya-e-4orce-2024-24-1140x641.jpg\" alt=\"\" class=\"wp-image-175648\"><\/figure>\n<p>La vitesse sur l&rsquo;autoroute chute \u00e0 environ 70 km\/h et, derri\u00e8re les chasse-neige, de longs embouteillages se forment ici et l\u00e0. En cons\u00e9quence, nous arrivons \u00e0 Oslo un peu plus tard que pr\u00e9vu. Heureusement, l&rsquo;Ariya est accueillie chaleureusement dans un garage couvert, o\u00f9 elle peut r\u00e9cup\u00e9rer de la fatigue du trajet et se d\u00e9barrasser des kilos de neige et de glace qui collent aux seuils et aux pare-chocs. Malheureusement, il n&rsquo;y a pas de chargeur promis dans le parking. Dommage, car l&rsquo;Ariya est l&rsquo;un des rares v\u00e9hicules \u00e9lectriques capables de charger en courant alternatif jusqu&rsquo;\u00e0 22 kW, ce qui garantit une batterie pleine le matin. Heureusement, nous avons un chargeur \u00e0 l&rsquo;arri\u00e8re de la voiture, que nous pouvons brancher sur une prise traditionnelle.  <\/p>\n<h2>Rondane<\/h2>\n<p>L&rsquo;Ariya a tout de m\u00eame pu se recharger en dormant pendant environ 150 kilom\u00e8tres gr\u00e2ce \u00e0 la prise de courant. La batterie est loin d&rsquo;\u00eatre remplie \u00e0 ras bord. Sur le papier, la Nissan peut atteindre plus de 500 kilom\u00e8tres avec une batterie pleine. En hiver, lorsque les conditions sont plus difficiles, vous irez naturellement un peu moins loin. Dans notre climat n\u00e9erlandais temp\u00e9r\u00e9, comptez sur une autonomie de 400 \u00e0 450 kilom\u00e8tres.  <\/p>\n<figure class=\"wp-block-image size-content\"><img decoding=\"async\" loading=\"lazy\" width=\"1140\" height=\"641\" src=\"https:\/\/autorai.nl\/wp-content\/uploads\/2024\/03\/Nissan-Ariya-e-4orce-2024-27-1140x641.jpg\" alt=\"\" class=\"wp-image-175649\"><\/figure>\n<p>Nous mettons le cap sur notre destination finale : le parc national de Rondane. Il s&rsquo;agit du plus ancien parc national de Norv\u00e8ge et il couvre une superficie d&rsquo;environ 963 kilom\u00e8tres carr\u00e9s. Le paysage de Rondane se caract\u00e9rise par de vastes plateaux montagneux et de profondes vall\u00e9es, ce qui donne l&rsquo;impression de rouler au p\u00f4le Nord en hiver.<\/p>\n<figure class=\"wp-block-image size-content\"><img decoding=\"async\" loading=\"lazy\" width=\"1140\" height=\"641\" src=\"https:\/\/autorai.nl\/wp-content\/uploads\/2024\/03\/Nissan-Ariya-e-4orce-2024-30-1140x641.jpg\" alt=\"\" class=\"wp-image-175650\"><\/figure>\n<p>La distance entre Oslo et ce parc national n&rsquo;est que de 300 kilom\u00e8tres. Cependant, il ne s&rsquo;agit plus de kilom\u00e8tres plats et n\u00e9erlandais. Apr\u00e8s avoir pass\u00e9 Lillehammer, nous plongeons dans le parc et affrontons des pentes de 10 \u00e0 13 degr\u00e9s. La route est \u00e9galement recouverte d&rsquo;une \u00e9paisse couche de glace. Nous h\u00e9sitons un instant \u00e0 monter les cha\u00eenes \u00e0 neige que nous avons apport\u00e9es. Nous d\u00e9cidons d&rsquo;essayer quelques m\u00e8tres sans elle. Nous nous apercevons bient\u00f4t que nous avons suffisamment de prise, comme nous l&rsquo;avions secr\u00e8tement esp\u00e9r\u00e9.<\/p>\n<figure class=\"wp-block-image size-content\"><img decoding=\"async\" loading=\"lazy\" width=\"1140\" height=\"641\" src=\"https:\/\/autorai.nl\/wp-content\/uploads\/2024\/03\/Nissan-Ariya-e-4orce-2024-44-1140x641.jpg\" alt=\"\" class=\"wp-image-175652\"><\/figure>\n<h2>E-4ORCE, qu&rsquo;est-ce que c&rsquo;est ?<\/h2>\n<p>L&rsquo;une des raisons pour lesquelles nous emmenons l&rsquo;Ariya en Norv\u00e8ge est son syst\u00e8me de traction int\u00e9grale e-4ORCE. Il distribue la puissance aux quatre roues \u00e0 la vitesse de l&rsquo;\u00e9clair, en pr\u00eatant une attention particuli\u00e8re aux endroits o\u00f9 l&rsquo;adh\u00e9rence est la plus n\u00e9cessaire. Si une roue perd de l&rsquo;adh\u00e9rence, le syst\u00e8me corrige imm\u00e9diatement en envoyant de la puissance aux autres roues. Gr\u00e2ce \u00e0 la vectorisation du couple, il peut m\u00eame freiner des roues individuelles pour vous guider dans les virages comme si vous rouliez sur des rails.<\/p>\n<p>En descente, nous passons en mode Snow, ce qui permet \u00e0 l&rsquo;Ariya d&rsquo;\u00eatre frein\u00e9e de mani\u00e8re contr\u00f4l\u00e9e par les deux moteurs \u00e9lectriques, sans montrer la moindre tendance \u00e0 la glissade. Nous tirons notre chapeau profond\u00e9ment et \u00e0 certains moments &#8211; lorsque la route est plus raide en descente que nous le souhaitons &#8211; nous sommes tr\u00e8s reconnaissants de cette technologie e-4ORCE.  <\/p>\n<figure class=\"wp-block-image size-content\"><img decoding=\"async\" loading=\"lazy\" width=\"1140\" height=\"641\" src=\"https:\/\/autorai.nl\/wp-content\/uploads\/2024\/03\/Nissan-Ariya-e-4orce-2024-32-1140x641.jpg\" alt=\"\" class=\"wp-image-175654\"><\/figure>\n<figure class=\"wp-block-gallery has-nested-images columns-default is-cropped\">\n<figure class=\"wp-block-image size-large\"><img decoding=\"async\" loading=\"lazy\" width=\"1140\" height=\"641\" data-id=\"175655\" src=\"https:\/\/autorai.nl\/wp-content\/uploads\/2024\/03\/Nissan-Ariya-e-4orce-2024-33-1140x641.jpg\" alt=\"\" class=\"wp-image-175655\"><\/figure>\n<figure class=\"wp-block-image size-large\"><img decoding=\"async\" loading=\"lazy\" width=\"1140\" height=\"641\" data-id=\"175657\" src=\"https:\/\/autorai.nl\/wp-content\/uploads\/2024\/03\/Nissan-Ariya-e-4orce-2024-40-1140x641.jpg\" alt=\"\" class=\"wp-image-175657\"><\/figure>\n<\/figure>\n<h2>Pneus neige en Norv\u00e8ge ou en Su\u00e8de ?<\/h2>\n<p>Curieusement, les pneus d&rsquo;hiver ne sont pas obligatoires en Norv\u00e8ge et en Su\u00e8de, mais ils le sont en conditions hivernales. En r\u00e9sum\u00e9 : faites preuve de bon sens et ne vous rendez pas en Scandinavie en hiver sans pneus d&rsquo;hiver. En Laponie et dans d&rsquo;autres r\u00e9gions o\u00f9 les chutes de neige sont fr\u00e9quentes, vous verrez \u00e9galement de nombreuses voitures \u00e9quip\u00e9es de pneus clout\u00e9s. Cette pratique n&rsquo;est souvent autoris\u00e9e que pendant les mois d&rsquo;hiver.  <\/p>\n<p>Le chargement est \u00e9galement un jeu d&rsquo;enfant en Norv\u00e8ge. Nulle part ailleurs dans le monde il n&rsquo;y a autant de stations de recharge par kilom\u00e8tre carr\u00e9. De nombreuses stations de recharge permettent d\u00e9sormais de payer par carte de cr\u00e9dit. C&rsquo;est une bonne chose, car de nombreuses cartes de recharge utilis\u00e9es aux Pays-Bas ne fonctionnent pas ici.  <\/p>\n<p>Apr\u00e8s quelque 2 000 kilom\u00e8tres au compteur, le moment est venu de rentrer \u00e0 la maison. L&rsquo;Ariya s&rsquo;est superbement comport\u00e9e, m\u00eame \u00e0 des temp\u00e9ratures de -18 degr\u00e9s Celsius. Bien que le syst\u00e8me e-4ORCE ne soit pas toujours n\u00e9cessaire aux Pays-Bas, les amateurs de sports d&rsquo;hiver l&rsquo;appr\u00e9cieront certainement. Mais m\u00eame ceux qui aiment un peu plus de punch sous le capot en auront pour leur argent avec cette version, qui peut d\u00e9livrer jusqu&rsquo;\u00e0 400 ch. Vous voulez en savoir plus sur notre voyage ? Regardez ensuite la <a href=\"https:\/\/www.youtube.com\/watch?v=aT442yaV46c\" target=\"_blank\" rel=\"noreferrer noopener\">vid\u00e9o<\/a> ci-dessous :<\/p>\n<figure class=\"wp-block-embed is-type-video is-provider-youtube wp-block-embed-youtube wp-embed-aspect-16-9 wp-has-aspect-ratio\">\n<div class=\"wp-block-embed__wrapper\">\n<\/div>\n<\/figure>\n","protected":false},"excerpt":{"rendered":"En voiture vers la Scandinavie Un voyage estival vers le sud de l'Europe avec une voiture \u00e9lectrique est aujourd'hui un\u2026","protected":false},"author":0,"featured_media":143604,"comment_status":"","ping_status":"open","sticky":false,"template":"","format":"standard","meta":{"footnotes":""},"categories":[147,131],"tags":[],"class_list":["post-143608","post","type-post","status-publish","format-standard","has-post-thumbnail","hentry","category-essais-de-voiture","category-fond"],"acf":[],"yoast_head":"<!-- This site is optimized with the Yoast SEO plugin v21.2 - https:\/\/yoast.com\/wordpress\/plugins\/seo\/ -->\n<title>EV-ROADTRIP des Pays-Bas \u00e0 la Scandinavie EN HIVER : \u00e9pique ou \u00e9puisant ? - All cars news<\/title>\n<meta name=\"robots\" content=\"index, follow, max-snippet:-1, max-image-preview:large, max-video-preview:-1\" \/>\n<link rel=\"canonical\" href=\"https:\/\/all-car-news.com\/fr\/ev-roadtrip-des-pays-bas-a-la-scandinavie-en-hiver-epique-ou-epuisant\/\" \/>\n<meta property=\"og:locale\" content=\"fr_FR\" \/>\n<meta property=\"og:type\" content=\"article\" \/>\n<meta property=\"og:title\" content=\"EV-ROADTRIP des Pays-Bas \u00e0 la Scandinavie EN HIVER : \u00e9pique ou \u00e9puisant ? - All cars news\" \/>\n<meta property=\"og:description\" content=\"En voiture vers la Scandinavie Un voyage estival vers le sud de l&#039;Europe avec une voiture \u00e9lectrique est aujourd&#039;hui un jeu d&#039;enfant. Nous l&#039;avons d\u00e9couvert l&#039;\u00e9t\u00e9 dernier en nous rendant facilement en M\u00e9diterran\u00e9e pendant la saison la plus charg\u00e9e. Mais qu&#039;en est-il si vous souhaitez vous rendre dans le coin le plus froid de l&#039;Europe en f\u00e9vrier avec un v\u00e9hicule \u00e9lectrique ? De Nissan, [...]\" \/>\n<meta property=\"og:url\" content=\"https:\/\/all-car-news.com\/fr\/ev-roadtrip-des-pays-bas-a-la-scandinavie-en-hiver-epique-ou-epuisant\/\" \/>\n<meta property=\"og:site_name\" content=\"All cars news\" \/>\n<meta property=\"article:published_time\" content=\"2024-03-11T14:30:11+00:00\" \/>\n<meta property=\"og:image\" content=\"https:\/\/autorai.nl\/wp-content\/uploads\/2024\/03\/Nissan-Ariya-e-4orce-2024-3-1140x641.jpg\" \/>\n<meta name=\"twitter:card\" content=\"summary_large_image\" \/>\n<meta name=\"twitter:label1\" content=\"Dur\u00e9e de lecture estim\u00e9e\" \/>\n\t<meta name=\"twitter:data1\" content=\"10 minutes\" \/>\n<script type=\"application\/ld+json\" class=\"yoast-schema-graph\">{\"@context\":\"https:\/\/schema.org\",\"@graph\":[{\"@type\":\"Article\",\"@id\":\"https:\/\/all-car-news.com\/fr\/ev-roadtrip-des-pays-bas-a-la-scandinavie-en-hiver-epique-ou-epuisant\/#article\",\"isPartOf\":{\"@id\":\"https:\/\/all-car-news.com\/fr\/ev-roadtrip-des-pays-bas-a-la-scandinavie-en-hiver-epique-ou-epuisant\/\"},\"author\":{\"name\":\"\",\"@id\":\"\"},\"headline\":\"EV-ROADTRIP des Pays-Bas \u00e0 la Scandinavie EN HIVER : \u00e9pique ou \u00e9puisant ?\",\"datePublished\":\"2024-03-11T14:30:11+00:00\",\"dateModified\":\"2024-03-11T14:30:11+00:00\",\"mainEntityOfPage\":{\"@id\":\"https:\/\/all-car-news.com\/fr\/ev-roadtrip-des-pays-bas-a-la-scandinavie-en-hiver-epique-ou-epuisant\/\"},\"wordCount\":2023,\"publisher\":{\"@id\":\"https:\/\/all-car-news.com\/fr\/#organization\"},\"articleSection\":[\"essais de voiture\",\"Fond\"],\"inLanguage\":\"fr-FR\"},{\"@type\":\"WebPage\",\"@id\":\"https:\/\/all-car-news.com\/fr\/ev-roadtrip-des-pays-bas-a-la-scandinavie-en-hiver-epique-ou-epuisant\/\",\"url\":\"https:\/\/all-car-news.com\/fr\/ev-roadtrip-des-pays-bas-a-la-scandinavie-en-hiver-epique-ou-epuisant\/\",\"name\":\"EV-ROADTRIP des Pays-Bas \u00e0 la Scandinavie EN HIVER : \u00e9pique ou \u00e9puisant ? - All cars news\",\"isPartOf\":{\"@id\":\"https:\/\/all-car-news.com\/fr\/#website\"},\"datePublished\":\"2024-03-11T14:30:11+00:00\",\"dateModified\":\"2024-03-11T14:30:11+00:00\",\"breadcrumb\":{\"@id\":\"https:\/\/all-car-news.com\/fr\/ev-roadtrip-des-pays-bas-a-la-scandinavie-en-hiver-epique-ou-epuisant\/#breadcrumb\"},\"inLanguage\":\"fr-FR\",\"potentialAction\":[{\"@type\":\"ReadAction\",\"target\":[\"https:\/\/all-car-news.com\/fr\/ev-roadtrip-des-pays-bas-a-la-scandinavie-en-hiver-epique-ou-epuisant\/\"]}]},{\"@type\":\"BreadcrumbList\",\"@id\":\"https:\/\/all-car-news.com\/fr\/ev-roadtrip-des-pays-bas-a-la-scandinavie-en-hiver-epique-ou-epuisant\/#breadcrumb\",\"itemListElement\":[{\"@type\":\"ListItem\",\"position\":1,\"name\":\"Home\",\"item\":\"https:\/\/all-car-news.com\/fr\/\"},{\"@type\":\"ListItem\",\"position\":2,\"name\":\"EV-ROADTRIP des Pays-Bas \u00e0 la Scandinavie EN HIVER : \u00e9pique ou \u00e9puisant ?\"}]},{\"@type\":\"WebSite\",\"@id\":\"https:\/\/all-car-news.com\/fr\/#website\",\"url\":\"https:\/\/all-car-news.com\/fr\/\",\"name\":\"All cars news\",\"description\":\"\",\"publisher\":{\"@id\":\"https:\/\/all-car-news.com\/fr\/#organization\"},\"potentialAction\":[{\"@type\":\"SearchAction\",\"target\":{\"@type\":\"EntryPoint\",\"urlTemplate\":\"https:\/\/all-car-news.com\/fr\/?s={search_term_string}\"},\"query-input\":\"required name=search_term_string\"}],\"inLanguage\":\"fr-FR\"},{\"@type\":\"Organization\",\"@id\":\"https:\/\/all-car-news.com\/fr\/#organization\",\"name\":\"All cars news\",\"url\":\"https:\/\/all-car-news.com\/fr\/\",\"logo\":{\"@type\":\"ImageObject\",\"inLanguage\":\"fr-FR\",\"@id\":\"https:\/\/all-car-news.com\/fr\/#\/schema\/logo\/image\/\",\"url\":\"https:\/\/all-car-news.com\/wp-content\/uploads\/2022\/02\/CMYK-AllCarNews_LANDSCAPE_300px-1.png\",\"contentUrl\":\"https:\/\/all-car-news.com\/wp-content\/uploads\/2022\/02\/CMYK-AllCarNews_LANDSCAPE_300px-1.png\",\"width\":300,\"height\":100,\"caption\":\"All cars news\"},\"image\":{\"@id\":\"https:\/\/all-car-news.com\/fr\/#\/schema\/logo\/image\/\"}}]}<\/script>\n<!-- \/ Yoast SEO plugin. -->","yoast_head_json":{"title":"EV-ROADTRIP des Pays-Bas \u00e0 la Scandinavie EN HIVER : \u00e9pique ou \u00e9puisant ? - All cars news","robots":{"index":"index","follow":"follow","max-snippet":"max-snippet:-1","max-image-preview":"max-image-preview:large","max-video-preview":"max-video-preview:-1"},"canonical":"https:\/\/all-car-news.com\/fr\/ev-roadtrip-des-pays-bas-a-la-scandinavie-en-hiver-epique-ou-epuisant\/","og_locale":"fr_FR","og_type":"article","og_title":"EV-ROADTRIP des Pays-Bas \u00e0 la Scandinavie EN HIVER : \u00e9pique ou \u00e9puisant ? - All cars news","og_description":"En voiture vers la Scandinavie Un voyage estival vers le sud de l'Europe avec une voiture \u00e9lectrique est aujourd'hui un jeu d'enfant. Nous l'avons d\u00e9couvert l'\u00e9t\u00e9 dernier en nous rendant facilement en M\u00e9diterran\u00e9e pendant la saison la plus charg\u00e9e. Mais qu'en est-il si vous souhaitez vous rendre dans le coin le plus froid de l'Europe en f\u00e9vrier avec un v\u00e9hicule \u00e9lectrique ? De Nissan, [...]","og_url":"https:\/\/all-car-news.com\/fr\/ev-roadtrip-des-pays-bas-a-la-scandinavie-en-hiver-epique-ou-epuisant\/","og_site_name":"All cars news","article_published_time":"2024-03-11T14:30:11+00:00","og_image":[{"url":"https:\/\/autorai.nl\/wp-content\/uploads\/2024\/03\/Nissan-Ariya-e-4orce-2024-3-1140x641.jpg"}],"twitter_card":"summary_large_image","twitter_misc":{"Dur\u00e9e de lecture estim\u00e9e":"10 minutes"},"schema":{"@context":"https:\/\/schema.org","@graph":[{"@type":"Article","@id":"https:\/\/all-car-news.com\/fr\/ev-roadtrip-des-pays-bas-a-la-scandinavie-en-hiver-epique-ou-epuisant\/#article","isPartOf":{"@id":"https:\/\/all-car-news.com\/fr\/ev-roadtrip-des-pays-bas-a-la-scandinavie-en-hiver-epique-ou-epuisant\/"},"author":{"name":"","@id":""},"headline":"EV-ROADTRIP des Pays-Bas \u00e0 la Scandinavie EN HIVER : \u00e9pique ou \u00e9puisant ?","datePublished":"2024-03-11T14:30:11+00:00","dateModified":"2024-03-11T14:30:11+00:00","mainEntityOfPage":{"@id":"https:\/\/all-car-news.com\/fr\/ev-roadtrip-des-pays-bas-a-la-scandinavie-en-hiver-epique-ou-epuisant\/"},"wordCount":2023,"publisher":{"@id":"https:\/\/all-car-news.com\/fr\/#organization"},"articleSection":["essais de voiture","Fond"],"inLanguage":"fr-FR"},{"@type":"WebPage","@id":"https:\/\/all-car-news.com\/fr\/ev-roadtrip-des-pays-bas-a-la-scandinavie-en-hiver-epique-ou-epuisant\/","url":"https:\/\/all-car-news.com\/fr\/ev-roadtrip-des-pays-bas-a-la-scandinavie-en-hiver-epique-ou-epuisant\/","name":"EV-ROADTRIP des Pays-Bas \u00e0 la Scandinavie EN HIVER : \u00e9pique ou \u00e9puisant ? - All cars news","isPartOf":{"@id":"https:\/\/all-car-news.com\/fr\/#website"},"datePublished":"2024-03-11T14:30:11+00:00","dateModified":"2024-03-11T14:30:11+00:00","breadcrumb":{"@id":"https:\/\/all-car-news.com\/fr\/ev-roadtrip-des-pays-bas-a-la-scandinavie-en-hiver-epique-ou-epuisant\/#breadcrumb"},"inLanguage":"fr-FR","potentialAction":[{"@type":"ReadAction","target":["https:\/\/all-car-news.com\/fr\/ev-roadtrip-des-pays-bas-a-la-scandinavie-en-hiver-epique-ou-epuisant\/"]}]},{"@type":"BreadcrumbList","@id":"https:\/\/all-car-news.com\/fr\/ev-roadtrip-des-pays-bas-a-la-scandinavie-en-hiver-epique-ou-epuisant\/#breadcrumb","itemListElement":[{"@type":"ListItem","position":1,"name":"Home","item":"https:\/\/all-car-news.com\/fr\/"},{"@type":"ListItem","position":2,"name":"EV-ROADTRIP des Pays-Bas \u00e0 la Scandinavie EN HIVER : \u00e9pique ou \u00e9puisant ?"}]},{"@type":"WebSite","@id":"https:\/\/all-car-news.com\/fr\/#website","url":"https:\/\/all-car-news.com\/fr\/","name":"All cars news","description":"","publisher":{"@id":"https:\/\/all-car-news.com\/fr\/#organization"},"potentialAction":[{"@type":"SearchAction","target":{"@type":"EntryPoint","urlTemplate":"https:\/\/all-car-news.com\/fr\/?s={search_term_string}"},"query-input":"required name=search_term_string"}],"inLanguage":"fr-FR"},{"@type":"Organization","@id":"https:\/\/all-car-news.com\/fr\/#organization","name":"All cars news","url":"https:\/\/all-car-news.com\/fr\/","logo":{"@type":"ImageObject","inLanguage":"fr-FR","@id":"https:\/\/all-car-news.com\/fr\/#\/schema\/logo\/image\/","url":"https:\/\/all-car-news.com\/wp-content\/uploads\/2022\/02\/CMYK-AllCarNews_LANDSCAPE_300px-1.png","contentUrl":"https:\/\/all-car-news.com\/wp-content\/uploads\/2022\/02\/CMYK-AllCarNews_LANDSCAPE_300px-1.png","width":300,"height":100,"caption":"All cars news"},"image":{"@id":"https:\/\/all-car-news.com\/fr\/#\/schema\/logo\/image\/"}}]}},"_links":{"self":[{"href":"https:\/\/all-car-news.com\/fr\/wp-json\/wp\/v2\/posts\/143608","targetHints":{"allow":["GET"]}}],"collection":[{"href":"https:\/\/all-car-news.com\/fr\/wp-json\/wp\/v2\/posts"}],"about":[{"href":"https:\/\/all-car-news.com\/fr\/wp-json\/wp\/v2\/types\/post"}],"replies":[{"embeddable":true,"href":"https:\/\/all-car-news.com\/fr\/wp-json\/wp\/v2\/comments?post=143608"}],"version-history":[{"count":0,"href":"https:\/\/all-car-news.com\/fr\/wp-json\/wp\/v2\/posts\/143608\/revisions"}],"wp:featuredmedia":[{"embeddable":true,"href":"https:\/\/all-car-news.com\/fr\/wp-json\/wp\/v2\/media\/143604"}],"wp:attachment":[{"href":"https:\/\/all-car-news.com\/fr\/wp-json\/wp\/v2\/media?parent=143608"}],"wp:term":[{"taxonomy":"category","embeddable":true,"href":"https:\/\/all-car-news.com\/fr\/wp-json\/wp\/v2\/categories?post=143608"},{"taxonomy":"post_tag","embeddable":true,"href":"https:\/\/all-car-news.com\/fr\/wp-json\/wp\/v2\/tags?post=143608"}],"curies":[{"name":"wp","href":"https:\/\/api.w.org\/{rel}","templated":true}]}}