{"id":143566,"date":"2024-03-08T08:51:52","date_gmt":"2024-03-08T08:51:52","guid":{"rendered":"https:\/\/all-car-news.com\/ford-pays-bas-celebre-son-100e-anniversaire\/"},"modified":"2024-03-08T08:51:52","modified_gmt":"2024-03-08T08:51:52","slug":"ford-pays-bas-celebre-son-100e-anniversaire","status":"publish","type":"post","link":"https:\/\/all-car-news.com\/fr\/ford-pays-bas-celebre-son-100e-anniversaire\/","title":{"rendered":"Ford Pays-Bas c\u00e9l\u00e8bre son 100e anniversaire"},"content":{"rendered":"<h2>L&rsquo;histoire de Ford aux Pays-Bas<\/h2>\n<p>Le 6 mars 1924, la Ford Motor Company of Holland est fond\u00e9e avec un capital initial de 100 000 FL et une \u00e9quipe de 55 personnes. Le bureau o\u00f9 Ford Pays-Bas a d\u00e9marr\u00e9 en 1924 \u00e9tait initialement situ\u00e9 dans un h\u00f4tel de Rotterdam. La toute nouvelle branche de ce qui \u00e9tait alors la plus grande marque automobile au monde avait pour objectif d&rsquo;assembler des voitures aux Pays-Bas, comme cela se faisait couramment dans d&rsquo;autres pays. En 1928, quatre ans seulement apr\u00e8s la cr\u00e9ation de Ford Netherlands, Ford s&rsquo;est imm\u00e9diatement class\u00e9 premier lors du premier recensement officiel du parc automobile n\u00e9erlandais, avec un nombre impressionnant de 12 336 voitures. Une performance impressionnante, Chevrolet et Citro\u00ebn prenant respectivement les deuxi\u00e8me et troisi\u00e8me places.<\/p>\n<h2>Am\u00e9ricains n\u00e9erlandais<\/h2>\n<p>Le r\u00eave d&rsquo;assembler des voitures aux Pays-Bas s&rsquo;est concr\u00e9tis\u00e9 en 1932 avec l&rsquo;ouverture de l&rsquo;usine Ford sur le canal de la mer du Nord. Le site avait \u00e9t\u00e9 offert par la municipalit\u00e9 d&rsquo;Amsterdam apr\u00e8s que Henry Ford eut d\u00e9cid\u00e9 que toutes les usines Ford devaient \u00eatre situ\u00e9es directement sur le front de mer pour des raisons d&rsquo;efficacit\u00e9 du transport. Jusqu&rsquo;au d\u00e9but de la Seconde Guerre mondiale, de nombreuses voitures sortaient chaque jour de la cha\u00eene de montage, dont la Ford Model A, plus connue sous le nom de A-Ford.<\/p>\n<figure class=\"wp-block-image size-content\"><img decoding=\"async\" loading=\"lazy\" width=\"1140\" height=\"687\" src=\"https:\/\/autorai.nl\/wp-content\/uploads\/2024\/03\/ford-100-jaar-nederland-foto7-1140x687.jpg\" alt=\"Ford Pays-Bas : 100 ans\" class=\"wp-image-175459\"><\/figure>\n<h2>Anglia, Cortina, Corsair et Taunus<\/h2>\n<p>Apr\u00e8s un red\u00e9marrage difficile apr\u00e8s la guerre, d\u00fb \u00e0 des p\u00e9nuries de mat\u00e9riaux, Ford Pays-Bas a connu une croissance consid\u00e9rable dans les ann\u00e9es 1950, avec des mod\u00e8les tels que l&rsquo;Anglia, la Cortina, la Corsair et la Taunus, construits et vendus en grandes quantit\u00e9s. \u00c0 la fin des ann\u00e9es 1960, m\u00eame la l\u00e9gendaire Ford Mustang \u00e9tait assembl\u00e9e \u00e0 Amsterdam. Beaucoup de ces mod\u00e8les ont fait partie de la sc\u00e8ne de rue n\u00e9erlandaise en grand nombre. \u00c0 l&rsquo;\u00e9poque, les acheteurs de voitures b\u00e9n\u00e9ficiaient d\u00e9j\u00e0 d&rsquo;un rapport qualit\u00e9-prix consid\u00e9rable lorsqu&rsquo;ils achetaient une Ford. Cela explique pourquoi de nombreuses g\u00e9n\u00e9rations aux Pays-Bas ont grandi sur la banquette arri\u00e8re d&rsquo;une Ford.<\/p>\n<h2>Assemblage de camionnettes et de camions<\/h2>\n<p>Au d\u00e9but des ann\u00e9es 1970, l&rsquo;usine Ford s&rsquo;est tourn\u00e9e vers l&rsquo;assemblage de fourgonnettes et de camions, tels que le Transit et le Transcontinental. Ce faisant, l&rsquo;usine est \u00e9galement devenue le lieu de naissance de l&rsquo;histoire \u00e0 succ\u00e8s appel\u00e9e aujourd&rsquo;hui Ford Pro&nbsp;, qui offre une large gamme de v\u00e9hicules utilitaires et de services permettant aux entrepreneurs hollandais de se concentrer sur la r\u00e9ussite de leurs activit\u00e9s commerciales. La production n\u00e9erlandaise a cess\u00e9 en 1983, mais Ford Pays-Bas a continu\u00e9 \u00e0 fonctionner comme une \u00ab\u00a0soci\u00e9t\u00e9 de vente nationale\u00a0\u00bb avec un vaste r\u00e9seau de concessionnaires et de partenaires de service dans tout le pays.<\/p>\n<figure class=\"wp-block-image size-content\"><img decoding=\"async\" loading=\"lazy\" width=\"1140\" height=\"760\" src=\"https:\/\/autorai.nl\/wp-content\/uploads\/2024\/03\/ford-100-jaar-nederland-foto8-1140x760.jpg\" alt=\"Ford Pays-Bas : 100 ans\" class=\"wp-image-175460\"><\/figure>\n<h2>Escort, Sierra, Mondeo et Transit<\/h2>\n<p>Aujourd&rsquo;hui, Ford est toujours pr\u00e9sent aux Pays-Bas. Depuis cent ans, environ 1,5 million de Ford ont \u00e9t\u00e9 vendues, ce qui signifie que dans presque chaque famille, quelqu&rsquo;un poss\u00e8de une Ford ou en a poss\u00e9d\u00e9 une \u00e0 un moment ou \u00e0 un autre. Des mod\u00e8les embl\u00e9matiques comme l&rsquo;Escort, la Sierra, la Mondeo et le Transit sont presque devenus des concepts en soi. Il en va de m\u00eame, par exemple, pour la Focus et la Fiesta, que l&rsquo;on trouve \u00e0 tous les coins de rue et qui figurent m\u00eame parmi les mod\u00e8les les plus r\u00e9pandus aux Pays-Bas, selon le RDW.<\/p>\n<div class=\"galery shuffle galery-0\">\n<figure>\n\t\t\t\t\t<span style=\"cursor: pointer\" data-src=\"https:\/\/autorai.nl\/wp-content\/uploads\/2024\/03\/ford-100-jaar-nederland-foto13-1600x1064.jpg\" data-fancybox=\"galery-0\" title=\"\"><br \/>\n\t\t\t\t\t\t\t<img decoding=\"async\" width=\"640\" height=\"480\" src=\"https:\/\/autorai.nl\/wp-content\/uploads\/2024\/03\/ford-100-jaar-nederland-foto13-640x480.jpg\" class=\"attachment-medium size-medium\" alt=\"\" loading=\"lazy\"><i class=\"fa fa-search-plus\" aria-hidden=\"true\"><\/i><br \/>\n\t\t\t\t\t\t<\/span><br \/>\n\t\t\t\t\t<\/figure>\n<figure>\n\t\t\t\t\t<span style=\"cursor: pointer\" data-src=\"https:\/\/autorai.nl\/wp-content\/uploads\/2024\/03\/ford-100-jaar-nederland-foto12-1147x1600.jpg\" data-fancybox=\"galery-0\" title=\"\"><br \/>\n\t\t\t\t\t\t\t<img decoding=\"async\" width=\"360\" height=\"270\" src=\"https:\/\/autorai.nl\/wp-content\/uploads\/2024\/03\/ford-100-jaar-nederland-foto12-360x270.jpg\" class=\"attachment-small size-small\" alt=\"\" loading=\"lazy\"><i class=\"fa fa-search-plus\" aria-hidden=\"true\"><\/i><br \/>\n\t\t\t\t\t\t<\/span><br \/>\n\t\t\t\t\t<\/figure>\n<figure>\n\t\t\t\t\t<span style=\"cursor: pointer\" data-src=\"https:\/\/autorai.nl\/wp-content\/uploads\/2024\/03\/ford-100-jaar-nederland-foto11-1600x963.jpg\" data-fancybox=\"galery-0\" title=\"\"><br \/>\n\t\t\t\t\t\t\t<img decoding=\"async\" width=\"360\" height=\"270\" src=\"https:\/\/autorai.nl\/wp-content\/uploads\/2024\/03\/ford-100-jaar-nederland-foto11-360x270.jpg\" class=\"attachment-small size-small\" alt=\"\" loading=\"lazy\"><i class=\"fa fa-search-plus\" aria-hidden=\"true\"><\/i><br \/>\n\t\t\t\t\t\t<\/span><br \/>\n\t\t\t\t\t<\/figure>\n<figure>\n\t\t\t\t\t<span style=\"cursor: pointer\" data-src=\"https:\/\/autorai.nl\/wp-content\/uploads\/2024\/03\/ford-100-jaar-nederland-foto10-1600x1064.jpg\" data-fancybox=\"galery-0\" title=\"\"><br \/>\n\t\t\t\t\t\t\t<img decoding=\"async\" width=\"640\" height=\"480\" src=\"https:\/\/autorai.nl\/wp-content\/uploads\/2024\/03\/ford-100-jaar-nederland-foto10-640x480.jpg\" class=\"attachment-medium size-medium\" alt=\"\" loading=\"lazy\"><i class=\"fa fa-search-plus\" aria-hidden=\"true\"><\/i><br \/>\n\t\t\t\t\t\t<\/span><br \/>\n\t\t\t\t\t<\/figure>\n<figure>\n\t\t\t\t\t<span style=\"cursor: pointer\" data-src=\"https:\/\/autorai.nl\/wp-content\/uploads\/2024\/03\/ford-100-jaar-nederland-foto9-1073x1600.jpg\" data-fancybox=\"galery-0\" title=\"\"><br \/>\n\t\t\t\t\t\t\t<img decoding=\"async\" width=\"360\" height=\"270\" src=\"https:\/\/autorai.nl\/wp-content\/uploads\/2024\/03\/ford-100-jaar-nederland-foto9-360x270.jpg\" class=\"attachment-small size-small\" alt=\"\" loading=\"lazy\"><i class=\"fa fa-search-plus\" aria-hidden=\"true\"><\/i><br \/>\n\t\t\t\t\t\t<\/span><br \/>\n\t\t\t\t\t<\/figure>\n<figure>\n\t\t\t\t\t<span style=\"cursor: pointer\" data-src=\"https:\/\/autorai.nl\/wp-content\/uploads\/2024\/03\/ford-100-jaar-nederland-foto8-1600x1067.jpg\" data-fancybox=\"galery-0\" title=\"\"><br \/>\n\t\t\t\t\t\t\t<img decoding=\"async\" width=\"360\" height=\"270\" src=\"https:\/\/autorai.nl\/wp-content\/uploads\/2024\/03\/ford-100-jaar-nederland-foto8-360x270.jpg\" class=\"attachment-small size-small\" alt=\"Ford Pays-Bas : 100 ans\" loading=\"lazy\"><i class=\"fa fa-search-plus\" aria-hidden=\"true\"><\/i><br \/>\n\t\t\t\t\t\t<\/span><br \/>\n\t\t\t\t\t<\/figure>\n<figure>\n\t\t\t\t\t<span style=\"cursor: pointer\" data-src=\"https:\/\/autorai.nl\/wp-content\/uploads\/2024\/03\/ford-100-jaar-nederland-foto6-1600x1600.jpg\" data-fancybox=\"galery-0\" title=\"\"><br \/>\n\t\t\t\t\t\t\t<img decoding=\"async\" width=\"640\" height=\"480\" src=\"https:\/\/autorai.nl\/wp-content\/uploads\/2024\/03\/ford-100-jaar-nederland-foto6-640x480.jpg\" class=\"attachment-medium size-medium\" alt=\"\" loading=\"lazy\"><i class=\"fa fa-search-plus\" aria-hidden=\"true\"><\/i><br \/>\n\t\t\t\t\t\t<\/span><br \/>\n\t\t\t\t\t<\/figure>\n<figure>\n\t\t\t\t\t<span style=\"cursor: pointer\" data-src=\"https:\/\/autorai.nl\/wp-content\/uploads\/2024\/03\/ford-100-jaar-nederland-foto5-1600x1067.jpg\" data-fancybox=\"galery-0\" title=\"\"><br \/>\n\t\t\t\t\t\t\t<img decoding=\"async\" width=\"360\" height=\"270\" src=\"https:\/\/autorai.nl\/wp-content\/uploads\/2024\/03\/ford-100-jaar-nederland-foto5-360x270.jpg\" class=\"attachment-small size-small\" alt=\"Ford Pays-Bas : 100 ans\" loading=\"lazy\"><i class=\"fa fa-search-plus\" aria-hidden=\"true\"><\/i><br \/>\n\t\t\t\t\t\t<\/span><br \/>\n\t\t\t\t\t<\/figure>\n<figure>\n\t\t\t\t\t<span style=\"cursor: pointer\" data-src=\"https:\/\/autorai.nl\/wp-content\/uploads\/2024\/03\/ford-100-jaar-nederland-foto4-1600x1108.jpg\" data-fancybox=\"galery-0\" title=\"\"><br \/>\n\t\t\t\t\t\t\t<img decoding=\"async\" width=\"360\" height=\"270\" src=\"https:\/\/autorai.nl\/wp-content\/uploads\/2024\/03\/ford-100-jaar-nederland-foto4-360x270.jpg\" class=\"attachment-small size-small\" alt=\"\" loading=\"lazy\"><i class=\"fa fa-search-plus\" aria-hidden=\"true\"><\/i><br \/>\n\t\t\t\t\t\t<\/span><br \/>\n\t\t\t\t\t<\/figure>\n<figure>\n\t\t\t\t\t<span style=\"cursor: pointer\" data-src=\"https:\/\/autorai.nl\/wp-content\/uploads\/2024\/03\/ford-100-jaar-nederland-foto3-1600x1600.jpg\" data-fancybox=\"galery-0\" title=\"\"><br \/>\n\t\t\t\t\t\t\t<img decoding=\"async\" width=\"640\" height=\"480\" src=\"https:\/\/autorai.nl\/wp-content\/uploads\/2024\/03\/ford-100-jaar-nederland-foto3-640x480.jpg\" class=\"attachment-medium size-medium\" alt=\"\" loading=\"lazy\"><i class=\"fa fa-search-plus\" aria-hidden=\"true\"><\/i><br \/>\n\t\t\t\t\t\t<\/span><br \/>\n\t\t\t\t\t<\/figure>\n<figure>\n\t\t\t\t\t<span style=\"cursor: pointer\" data-src=\"https:\/\/autorai.nl\/wp-content\/uploads\/2024\/03\/ford-100-jaar-nederland-foto2-1600x1600.jpg\" data-fancybox=\"galery-0\" title=\"\"><br \/>\n\t\t\t\t\t\t\t<img decoding=\"async\" width=\"360\" height=\"270\" src=\"https:\/\/autorai.nl\/wp-content\/uploads\/2024\/03\/ford-100-jaar-nederland-foto2-360x270.jpg\" class=\"attachment-small size-small\" alt=\"\" loading=\"lazy\"><i class=\"fa fa-search-plus\" aria-hidden=\"true\"><\/i><br \/>\n\t\t\t\t\t\t<\/span><br \/>\n\t\t\t\t\t<\/figure>\n<figure>\n\t\t\t\t\t<span style=\"cursor: pointer\" data-src=\"https:\/\/autorai.nl\/wp-content\/uploads\/2024\/03\/ford-100-jaar-nederland-foto1-1600x1067.jpg\" data-fancybox=\"galery-0\" title=\"\"><br \/>\n\t\t\t\t\t\t\t<img decoding=\"async\" width=\"360\" height=\"270\" src=\"https:\/\/autorai.nl\/wp-content\/uploads\/2024\/03\/ford-100-jaar-nederland-foto1-360x270.jpg\" class=\"attachment-small size-small\" alt=\"\" loading=\"lazy\"><i class=\"fa fa-search-plus\" aria-hidden=\"true\"><\/i><br \/>\n\t\t\t\t\t\t<\/span><br \/>\n\t\t\t\t\t<\/figure>\n<div class=\"clear\"><\/div>\n<\/div>\n","protected":false},"excerpt":{"rendered":"Histoire Ford aux Pays-Bas Le 6 mars 1924, la Ford Motor Company of Holland a \u00e9t\u00e9 fond\u00e9e avec un capital\u2026","protected":false},"author":0,"featured_media":143560,"comment_status":"","ping_status":"open","sticky":false,"template":"","format":"standard","meta":{"footnotes":""},"categories":[127],"tags":[],"class_list":["post-143566","post","type-post","status-publish","format-standard","has-post-thumbnail","hentry","category-nouvelles-de-voiture"],"acf":[],"yoast_head":"<!-- This site is optimized with the Yoast SEO plugin v21.2 - https:\/\/yoast.com\/wordpress\/plugins\/seo\/ -->\n<title>Ford Pays-Bas c\u00e9l\u00e8bre son 100e anniversaire - All cars news<\/title>\n<meta name=\"robots\" content=\"index, follow, max-snippet:-1, max-image-preview:large, max-video-preview:-1\" \/>\n<link rel=\"canonical\" href=\"https:\/\/all-car-news.com\/fr\/ford-pays-bas-celebre-son-100e-anniversaire\/\" \/>\n<meta property=\"og:locale\" content=\"fr_FR\" \/>\n<meta property=\"og:type\" content=\"article\" \/>\n<meta property=\"og:title\" content=\"Ford Pays-Bas c\u00e9l\u00e8bre son 100e anniversaire - All cars news\" \/>\n<meta property=\"og:description\" content=\"Histoire Ford aux Pays-Bas Le 6 mars 1924, la Ford Motor Company of Holland a \u00e9t\u00e9 fond\u00e9e avec un capital de d\u00e9part de 100 000 FL et une \u00e9quipe de 55 employ\u00e9s. Le bureau o\u00f9 Ford Pays-Bas a d\u00e9marr\u00e9 en 1924 \u00e9tait initialement situ\u00e9 dans un h\u00f4tel de Rotterdam. La toute nouvelle branche de la plus grande marque automobile du monde \u00e0 l&#039;\u00e9poque visait \u00e0 [...]\" \/>\n<meta property=\"og:url\" content=\"https:\/\/all-car-news.com\/fr\/ford-pays-bas-celebre-son-100e-anniversaire\/\" \/>\n<meta property=\"og:site_name\" content=\"All cars news\" \/>\n<meta property=\"article:published_time\" content=\"2024-03-08T08:51:52+00:00\" \/>\n<meta property=\"og:image\" content=\"https:\/\/autorai.nl\/wp-content\/uploads\/2024\/03\/ford-100-jaar-nederland-foto7-1140x687.jpg\" \/>\n<meta name=\"twitter:card\" content=\"summary_large_image\" \/>\n<meta name=\"twitter:label1\" content=\"Dur\u00e9e de lecture estim\u00e9e\" \/>\n\t<meta name=\"twitter:data1\" content=\"3 minutes\" \/>\n<script type=\"application\/ld+json\" class=\"yoast-schema-graph\">{\"@context\":\"https:\/\/schema.org\",\"@graph\":[{\"@type\":\"Article\",\"@id\":\"https:\/\/all-car-news.com\/fr\/ford-pays-bas-celebre-son-100e-anniversaire\/#article\",\"isPartOf\":{\"@id\":\"https:\/\/all-car-news.com\/fr\/ford-pays-bas-celebre-son-100e-anniversaire\/\"},\"author\":{\"name\":\"\",\"@id\":\"\"},\"headline\":\"Ford Pays-Bas c\u00e9l\u00e8bre son 100e anniversaire\",\"datePublished\":\"2024-03-08T08:51:52+00:00\",\"dateModified\":\"2024-03-08T08:51:52+00:00\",\"mainEntityOfPage\":{\"@id\":\"https:\/\/all-car-news.com\/fr\/ford-pays-bas-celebre-son-100e-anniversaire\/\"},\"wordCount\":587,\"publisher\":{\"@id\":\"https:\/\/all-car-news.com\/fr\/#organization\"},\"articleSection\":[\"nouvelles de voiture\"],\"inLanguage\":\"fr-FR\"},{\"@type\":\"WebPage\",\"@id\":\"https:\/\/all-car-news.com\/fr\/ford-pays-bas-celebre-son-100e-anniversaire\/\",\"url\":\"https:\/\/all-car-news.com\/fr\/ford-pays-bas-celebre-son-100e-anniversaire\/\",\"name\":\"Ford Pays-Bas c\u00e9l\u00e8bre son 100e anniversaire - All cars news\",\"isPartOf\":{\"@id\":\"https:\/\/all-car-news.com\/fr\/#website\"},\"datePublished\":\"2024-03-08T08:51:52+00:00\",\"dateModified\":\"2024-03-08T08:51:52+00:00\",\"breadcrumb\":{\"@id\":\"https:\/\/all-car-news.com\/fr\/ford-pays-bas-celebre-son-100e-anniversaire\/#breadcrumb\"},\"inLanguage\":\"fr-FR\",\"potentialAction\":[{\"@type\":\"ReadAction\",\"target\":[\"https:\/\/all-car-news.com\/fr\/ford-pays-bas-celebre-son-100e-anniversaire\/\"]}]},{\"@type\":\"BreadcrumbList\",\"@id\":\"https:\/\/all-car-news.com\/fr\/ford-pays-bas-celebre-son-100e-anniversaire\/#breadcrumb\",\"itemListElement\":[{\"@type\":\"ListItem\",\"position\":1,\"name\":\"Home\",\"item\":\"https:\/\/all-car-news.com\/fr\/\"},{\"@type\":\"ListItem\",\"position\":2,\"name\":\"Ford Pays-Bas c\u00e9l\u00e8bre son 100e anniversaire\"}]},{\"@type\":\"WebSite\",\"@id\":\"https:\/\/all-car-news.com\/fr\/#website\",\"url\":\"https:\/\/all-car-news.com\/fr\/\",\"name\":\"All cars news\",\"description\":\"\",\"publisher\":{\"@id\":\"https:\/\/all-car-news.com\/fr\/#organization\"},\"potentialAction\":[{\"@type\":\"SearchAction\",\"target\":{\"@type\":\"EntryPoint\",\"urlTemplate\":\"https:\/\/all-car-news.com\/fr\/?s={search_term_string}\"},\"query-input\":\"required name=search_term_string\"}],\"inLanguage\":\"fr-FR\"},{\"@type\":\"Organization\",\"@id\":\"https:\/\/all-car-news.com\/fr\/#organization\",\"name\":\"All cars news\",\"url\":\"https:\/\/all-car-news.com\/fr\/\",\"logo\":{\"@type\":\"ImageObject\",\"inLanguage\":\"fr-FR\",\"@id\":\"https:\/\/all-car-news.com\/fr\/#\/schema\/logo\/image\/\",\"url\":\"https:\/\/all-car-news.com\/wp-content\/uploads\/2022\/02\/CMYK-AllCarNews_LANDSCAPE_300px-1.png\",\"contentUrl\":\"https:\/\/all-car-news.com\/wp-content\/uploads\/2022\/02\/CMYK-AllCarNews_LANDSCAPE_300px-1.png\",\"width\":300,\"height\":100,\"caption\":\"All cars news\"},\"image\":{\"@id\":\"https:\/\/all-car-news.com\/fr\/#\/schema\/logo\/image\/\"}}]}<\/script>\n<!-- \/ Yoast SEO plugin. -->","yoast_head_json":{"title":"Ford Pays-Bas c\u00e9l\u00e8bre son 100e anniversaire - All cars news","robots":{"index":"index","follow":"follow","max-snippet":"max-snippet:-1","max-image-preview":"max-image-preview:large","max-video-preview":"max-video-preview:-1"},"canonical":"https:\/\/all-car-news.com\/fr\/ford-pays-bas-celebre-son-100e-anniversaire\/","og_locale":"fr_FR","og_type":"article","og_title":"Ford Pays-Bas c\u00e9l\u00e8bre son 100e anniversaire - All cars news","og_description":"Histoire Ford aux Pays-Bas Le 6 mars 1924, la Ford Motor Company of Holland a \u00e9t\u00e9 fond\u00e9e avec un capital de d\u00e9part de 100 000 FL et une \u00e9quipe de 55 employ\u00e9s. Le bureau o\u00f9 Ford Pays-Bas a d\u00e9marr\u00e9 en 1924 \u00e9tait initialement situ\u00e9 dans un h\u00f4tel de Rotterdam. La toute nouvelle branche de la plus grande marque automobile du monde \u00e0 l'\u00e9poque visait \u00e0 [...]","og_url":"https:\/\/all-car-news.com\/fr\/ford-pays-bas-celebre-son-100e-anniversaire\/","og_site_name":"All cars news","article_published_time":"2024-03-08T08:51:52+00:00","og_image":[{"url":"https:\/\/autorai.nl\/wp-content\/uploads\/2024\/03\/ford-100-jaar-nederland-foto7-1140x687.jpg"}],"twitter_card":"summary_large_image","twitter_misc":{"Dur\u00e9e de lecture estim\u00e9e":"3 minutes"},"schema":{"@context":"https:\/\/schema.org","@graph":[{"@type":"Article","@id":"https:\/\/all-car-news.com\/fr\/ford-pays-bas-celebre-son-100e-anniversaire\/#article","isPartOf":{"@id":"https:\/\/all-car-news.com\/fr\/ford-pays-bas-celebre-son-100e-anniversaire\/"},"author":{"name":"","@id":""},"headline":"Ford Pays-Bas c\u00e9l\u00e8bre son 100e anniversaire","datePublished":"2024-03-08T08:51:52+00:00","dateModified":"2024-03-08T08:51:52+00:00","mainEntityOfPage":{"@id":"https:\/\/all-car-news.com\/fr\/ford-pays-bas-celebre-son-100e-anniversaire\/"},"wordCount":587,"publisher":{"@id":"https:\/\/all-car-news.com\/fr\/#organization"},"articleSection":["nouvelles de voiture"],"inLanguage":"fr-FR"},{"@type":"WebPage","@id":"https:\/\/all-car-news.com\/fr\/ford-pays-bas-celebre-son-100e-anniversaire\/","url":"https:\/\/all-car-news.com\/fr\/ford-pays-bas-celebre-son-100e-anniversaire\/","name":"Ford Pays-Bas c\u00e9l\u00e8bre son 100e anniversaire - All cars news","isPartOf":{"@id":"https:\/\/all-car-news.com\/fr\/#website"},"datePublished":"2024-03-08T08:51:52+00:00","dateModified":"2024-03-08T08:51:52+00:00","breadcrumb":{"@id":"https:\/\/all-car-news.com\/fr\/ford-pays-bas-celebre-son-100e-anniversaire\/#breadcrumb"},"inLanguage":"fr-FR","potentialAction":[{"@type":"ReadAction","target":["https:\/\/all-car-news.com\/fr\/ford-pays-bas-celebre-son-100e-anniversaire\/"]}]},{"@type":"BreadcrumbList","@id":"https:\/\/all-car-news.com\/fr\/ford-pays-bas-celebre-son-100e-anniversaire\/#breadcrumb","itemListElement":[{"@type":"ListItem","position":1,"name":"Home","item":"https:\/\/all-car-news.com\/fr\/"},{"@type":"ListItem","position":2,"name":"Ford Pays-Bas c\u00e9l\u00e8bre son 100e anniversaire"}]},{"@type":"WebSite","@id":"https:\/\/all-car-news.com\/fr\/#website","url":"https:\/\/all-car-news.com\/fr\/","name":"All cars news","description":"","publisher":{"@id":"https:\/\/all-car-news.com\/fr\/#organization"},"potentialAction":[{"@type":"SearchAction","target":{"@type":"EntryPoint","urlTemplate":"https:\/\/all-car-news.com\/fr\/?s={search_term_string}"},"query-input":"required name=search_term_string"}],"inLanguage":"fr-FR"},{"@type":"Organization","@id":"https:\/\/all-car-news.com\/fr\/#organization","name":"All cars news","url":"https:\/\/all-car-news.com\/fr\/","logo":{"@type":"ImageObject","inLanguage":"fr-FR","@id":"https:\/\/all-car-news.com\/fr\/#\/schema\/logo\/image\/","url":"https:\/\/all-car-news.com\/wp-content\/uploads\/2022\/02\/CMYK-AllCarNews_LANDSCAPE_300px-1.png","contentUrl":"https:\/\/all-car-news.com\/wp-content\/uploads\/2022\/02\/CMYK-AllCarNews_LANDSCAPE_300px-1.png","width":300,"height":100,"caption":"All cars news"},"image":{"@id":"https:\/\/all-car-news.com\/fr\/#\/schema\/logo\/image\/"}}]}},"_links":{"self":[{"href":"https:\/\/all-car-news.com\/fr\/wp-json\/wp\/v2\/posts\/143566","targetHints":{"allow":["GET"]}}],"collection":[{"href":"https:\/\/all-car-news.com\/fr\/wp-json\/wp\/v2\/posts"}],"about":[{"href":"https:\/\/all-car-news.com\/fr\/wp-json\/wp\/v2\/types\/post"}],"replies":[{"embeddable":true,"href":"https:\/\/all-car-news.com\/fr\/wp-json\/wp\/v2\/comments?post=143566"}],"version-history":[{"count":0,"href":"https:\/\/all-car-news.com\/fr\/wp-json\/wp\/v2\/posts\/143566\/revisions"}],"wp:featuredmedia":[{"embeddable":true,"href":"https:\/\/all-car-news.com\/fr\/wp-json\/wp\/v2\/media\/143560"}],"wp:attachment":[{"href":"https:\/\/all-car-news.com\/fr\/wp-json\/wp\/v2\/media?parent=143566"}],"wp:term":[{"taxonomy":"category","embeddable":true,"href":"https:\/\/all-car-news.com\/fr\/wp-json\/wp\/v2\/categories?post=143566"},{"taxonomy":"post_tag","embeddable":true,"href":"https:\/\/all-car-news.com\/fr\/wp-json\/wp\/v2\/tags?post=143566"}],"curies":[{"name":"wp","href":"https:\/\/api.w.org\/{rel}","templated":true}]}}