{"id":143524,"date":"2023-12-04T08:19:15","date_gmt":"2023-12-04T08:19:15","guid":{"rendered":"https:\/\/all-car-news.com\/la-version-de-production-du-suv-urbain-de-toyota-arrivera-des-2024\/"},"modified":"2023-12-04T08:19:15","modified_gmt":"2023-12-04T08:19:15","slug":"la-version-de-production-du-suv-urbain-de-toyota-arrivera-des-2024","status":"publish","type":"post","link":"https:\/\/all-car-news.com\/fr\/la-version-de-production-du-suv-urbain-de-toyota-arrivera-des-2024\/","title":{"rendered":"La version de production du SUV urbain de Toyota arrivera d\u00e8s 2024"},"content":{"rendered":"<h2>Six mod\u00e8les de BEV<\/h2>\n<p>Toyota pr\u00e9voit d&rsquo;introduire six mod\u00e8les de BEV en Europe d&rsquo;ici \u00e0 2026. Une gamme diversifi\u00e9e de mod\u00e8les \u00e9lectrifi\u00e9s aidera Toyota Motor Europe \u00e0 atteindre son objectif de proposer exclusivement des v\u00e9hicules \u00e0 z\u00e9ro \u00e9mission d&rsquo;ici 2035 et une neutralit\u00e9 carbone totale d&rsquo;ici 2040. Le Toyota Urban SUV Concept est l&rsquo;un de ces mod\u00e8les. La voiture se situe dans le segment B.<\/p>\n<h2>Toyota pr\u00e9sente un SUV \u00e9lectrique du segment B ! &#8211; TOYOTA URBAN SUV CONCEPT &#8211; AutoRAI TV<\/h2>\n<\/p>\n<figure class=\"wp-block-embed is-type-video is-provider-youtube wp-block-embed-youtube wp-embed-aspect-16-9 wp-has-aspect-ratio\">\n<div class=\"wp-block-embed__wrapper\">\n<\/div>\n<\/figure>\n<h2>Segment B<\/h2>\n<p>Le Toyota Urban SUV Concept fait son entr\u00e9e dans la gamme Toyota aux c\u00f4t\u00e9s de la Toyota Yaris Cross. Beaucoup d&rsquo;informations ne sont pas encore connues. Selon Toyota, le mod\u00e8le pr\u00e9sente \u00ab\u00a0une carrosserie compacte avec des \u00e9paules puissantes et une position assise haute\u00a0\u00bb. Le constructeur d\u00e9clare \u00e9galement ce qui suit : \u00ab\u00a0L&rsquo;int\u00e9rieur flexible, qui peut \u00eatre ajust\u00e9 pour offrir plus d&rsquo;espace aux jambes des passagers arri\u00e8re ou, au contraire, plus d&rsquo;espace pour les bagages, permet d&rsquo;utiliser au mieux l&rsquo;espace int\u00e9rieur.\u00a0\u00bb<\/p>\n<figure class=\"wp-block-image size-content\"><img decoding=\"async\" loading=\"lazy\" width=\"1140\" height=\"641\" src=\"https:\/\/autorai.nl\/wp-content\/uploads\/2023\/12\/toyota-urban-suv-concept-foto16-1140x641.jpg\" alt=\"Toyota Urban SUV\" class=\"wp-image-170208\"><\/figure>\n<h2>Deux batteries pour la version de production<\/h2>\n<p>La version de production sera disponible avec un choix de deux batteries de capacit\u00e9s diff\u00e9rentes pour r\u00e9pondre aux exigences de budget ou d&rsquo;autonomie. Toyota pr\u00e9sentera plus de d\u00e9tails ainsi que le mod\u00e8le de production de ce SUV \u00e9lectrique \u00e0 batterie en 2024.<\/p>\n<h2>Donner un nom \u00e0 Toyota<\/h2>\n<p>Il n&rsquo;est pas encore tout \u00e0 fait certain que Toyota optera pour un nom de mod\u00e8le avec \u00ab\u00a0bZ\u00a0\u00bb dans la d\u00e9signation. Sinon, Toyota aurait \u00e9galement annonc\u00e9 ce mod\u00e8le sous le nom de \u00ab\u00a0bZ2\u00a0\u00bb. Il est possible que Toyota adopte une autre strat\u00e9gie de d\u00e9nomination. La calandre de ce mod\u00e8le d&rsquo;\u00e9tude porte encore subtilement l&rsquo;inscription \u00ab\u00a0bZ\u00a0\u00bb, abr\u00e9viation de Beyond Zero. Mais lors de la pr\u00e9sentation, ce terme &#8211; et a fortiori bZ &#8211; a \u00e9t\u00e9 compl\u00e8tement pass\u00e9 sous silence. Cela sugg\u00e8re que Toyota r\u00e9fl\u00e9chit \u00e0 d&rsquo;autres syst\u00e8mes de d\u00e9nomination.<\/p>\n<h2>Sp\u00e9cifications du Toyota Urban SUV Concept<\/h2>\n<p><strong>Longueur<\/strong>: 4 300 mm<br \/><strong>Largeur<\/strong>: 1 820 mm<br \/><strong>Hauteur<\/strong>: 1 620 mm<\/p>\n<div class=\"galery shuffle galery-0\">\n<figure>\n\t\t\t\t\t<span style=\"cursor: pointer\" data-src=\"https:\/\/autorai.nl\/wp-content\/uploads\/2023\/12\/toyota-urban-suv-concept-foto21-1600x900.jpg\" data-fancybox=\"galery-0\" title=\"\"><br \/>\n\t\t\t\t\t\t\t<img decoding=\"async\" width=\"640\" height=\"480\" src=\"https:\/\/autorai.nl\/wp-content\/uploads\/2023\/12\/toyota-urban-suv-concept-foto21-640x480.jpg\" class=\"attachment-medium size-medium\" alt=\"\" loading=\"lazy\"><i class=\"fa fa-search-plus\" aria-hidden=\"true\"><\/i><br \/>\n\t\t\t\t\t\t<\/span><br \/>\n\t\t\t\t\t<\/figure>\n<figure>\n\t\t\t\t\t<span style=\"cursor: pointer\" data-src=\"https:\/\/autorai.nl\/wp-content\/uploads\/2023\/12\/toyota-urban-suv-concept-foto20-1600x900.jpg\" data-fancybox=\"galery-0\" title=\"\"><br \/>\n\t\t\t\t\t\t\t<img decoding=\"async\" width=\"360\" height=\"270\" src=\"https:\/\/autorai.nl\/wp-content\/uploads\/2023\/12\/toyota-urban-suv-concept-foto20-360x270.jpg\" class=\"attachment-small size-small\" alt=\"\" loading=\"lazy\"><i class=\"fa fa-search-plus\" aria-hidden=\"true\"><\/i><br \/>\n\t\t\t\t\t\t<\/span><br \/>\n\t\t\t\t\t<\/figure>\n<figure>\n\t\t\t\t\t<span style=\"cursor: pointer\" data-src=\"https:\/\/autorai.nl\/wp-content\/uploads\/2023\/12\/toyota-urban-suv-concept-foto19-1600x900.jpg\" data-fancybox=\"galery-0\" title=\"\"><br \/>\n\t\t\t\t\t\t\t<img decoding=\"async\" width=\"360\" height=\"270\" src=\"https:\/\/autorai.nl\/wp-content\/uploads\/2023\/12\/toyota-urban-suv-concept-foto19-360x270.jpg\" class=\"attachment-small size-small\" alt=\"\" loading=\"lazy\"><i class=\"fa fa-search-plus\" aria-hidden=\"true\"><\/i><br \/>\n\t\t\t\t\t\t<\/span><br \/>\n\t\t\t\t\t<\/figure>\n<figure>\n\t\t\t\t\t<span style=\"cursor: pointer\" data-src=\"https:\/\/autorai.nl\/wp-content\/uploads\/2023\/12\/toyota-urban-suv-concept-foto18-1600x900.jpg\" data-fancybox=\"galery-0\" title=\"\"><br \/>\n\t\t\t\t\t\t\t<img decoding=\"async\" width=\"640\" height=\"480\" src=\"https:\/\/autorai.nl\/wp-content\/uploads\/2023\/12\/toyota-urban-suv-concept-foto18-640x480.jpg\" class=\"attachment-medium size-medium\" alt=\"\" loading=\"lazy\"><i class=\"fa fa-search-plus\" aria-hidden=\"true\"><\/i><br \/>\n\t\t\t\t\t\t<\/span><br \/>\n\t\t\t\t\t<\/figure>\n<figure>\n\t\t\t\t\t<span style=\"cursor: pointer\" data-src=\"https:\/\/autorai.nl\/wp-content\/uploads\/2023\/12\/toyota-urban-suv-concept-foto17-1600x900.jpg\" data-fancybox=\"galery-0\" title=\"\"><br \/>\n\t\t\t\t\t\t\t<img decoding=\"async\" width=\"360\" height=\"270\" src=\"https:\/\/autorai.nl\/wp-content\/uploads\/2023\/12\/toyota-urban-suv-concept-foto17-360x270.jpg\" class=\"attachment-small size-small\" alt=\"Toyota Urban SUV Concept\" loading=\"lazy\"><i class=\"fa fa-search-plus\" aria-hidden=\"true\"><\/i><br \/>\n\t\t\t\t\t\t<\/span><br \/>\n\t\t\t\t\t<\/figure>\n<figure>\n\t\t\t\t\t<span style=\"cursor: pointer\" data-src=\"https:\/\/autorai.nl\/wp-content\/uploads\/2023\/12\/toyota-urban-suv-concept-foto16-1600x900.jpg\" data-fancybox=\"galery-0\" title=\"\"><br \/>\n\t\t\t\t\t\t\t<img decoding=\"async\" width=\"360\" height=\"270\" src=\"https:\/\/autorai.nl\/wp-content\/uploads\/2023\/12\/toyota-urban-suv-concept-foto16-360x270.jpg\" class=\"attachment-small size-small\" alt=\"Toyota Urban SUV\" loading=\"lazy\"><i class=\"fa fa-search-plus\" aria-hidden=\"true\"><\/i><br \/>\n\t\t\t\t\t\t<\/span><br \/>\n\t\t\t\t\t<\/figure>\n<figure>\n\t\t\t\t\t<span style=\"cursor: pointer\" data-src=\"https:\/\/autorai.nl\/wp-content\/uploads\/2023\/12\/toyota-urban-suv-concept-foto15-1600x900.jpg\" data-fancybox=\"galery-0\" title=\"\"><br \/>\n\t\t\t\t\t\t\t<img decoding=\"async\" width=\"640\" height=\"480\" src=\"https:\/\/autorai.nl\/wp-content\/uploads\/2023\/12\/toyota-urban-suv-concept-foto15-640x480.jpg\" class=\"attachment-medium size-medium\" alt=\"\" loading=\"lazy\"><i class=\"fa fa-search-plus\" aria-hidden=\"true\"><\/i><br \/>\n\t\t\t\t\t\t<\/span><br \/>\n\t\t\t\t\t<\/figure>\n<figure>\n\t\t\t\t\t<span style=\"cursor: pointer\" data-src=\"https:\/\/autorai.nl\/wp-content\/uploads\/2023\/12\/toyota-urban-suv-concept-foto14-1600x900.jpg\" data-fancybox=\"galery-0\" title=\"\"><br \/>\n\t\t\t\t\t\t\t<img decoding=\"async\" width=\"360\" height=\"270\" src=\"https:\/\/autorai.nl\/wp-content\/uploads\/2023\/12\/toyota-urban-suv-concept-foto14-360x270.jpg\" class=\"attachment-small size-small\" alt=\"\" loading=\"lazy\"><i class=\"fa fa-search-plus\" aria-hidden=\"true\"><\/i><br \/>\n\t\t\t\t\t\t<\/span><br \/>\n\t\t\t\t\t<\/figure>\n<figure>\n\t\t\t\t\t<span style=\"cursor: pointer\" data-src=\"https:\/\/autorai.nl\/wp-content\/uploads\/2023\/12\/toyota-urban-suv-concept-foto13-1600x900.jpg\" data-fancybox=\"galery-0\" title=\"\"><br \/>\n\t\t\t\t\t\t\t<img decoding=\"async\" width=\"360\" height=\"270\" src=\"https:\/\/autorai.nl\/wp-content\/uploads\/2023\/12\/toyota-urban-suv-concept-foto13-360x270.jpg\" class=\"attachment-small size-small\" alt=\"\" loading=\"lazy\"><i class=\"fa fa-search-plus\" aria-hidden=\"true\"><\/i><br \/>\n\t\t\t\t\t\t<\/span><br \/>\n\t\t\t\t\t<\/figure>\n<figure>\n\t\t\t\t\t<span style=\"cursor: pointer\" data-src=\"https:\/\/autorai.nl\/wp-content\/uploads\/2023\/12\/toyota-urban-suv-concept-foto12-1600x900.jpg\" data-fancybox=\"galery-0\" title=\"\"><br \/>\n\t\t\t\t\t\t\t<img decoding=\"async\" width=\"640\" height=\"480\" src=\"https:\/\/autorai.nl\/wp-content\/uploads\/2023\/12\/toyota-urban-suv-concept-foto12-640x480.jpg\" class=\"attachment-medium size-medium\" alt=\"\" loading=\"lazy\"><i class=\"fa fa-search-plus\" aria-hidden=\"true\"><\/i><br \/>\n\t\t\t\t\t\t<\/span><br \/>\n\t\t\t\t\t<\/figure>\n<figure>\n\t\t\t\t\t<span style=\"cursor: pointer\" data-src=\"https:\/\/autorai.nl\/wp-content\/uploads\/2023\/12\/toyota-urban-suv-concept-foto11-1600x900.jpg\" data-fancybox=\"galery-0\" title=\"\"><br \/>\n\t\t\t\t\t\t\t<img decoding=\"async\" width=\"360\" height=\"270\" src=\"https:\/\/autorai.nl\/wp-content\/uploads\/2023\/12\/toyota-urban-suv-concept-foto11-360x270.jpg\" class=\"attachment-small size-small\" alt=\"\" loading=\"lazy\"><i class=\"fa fa-search-plus\" aria-hidden=\"true\"><\/i><br \/>\n\t\t\t\t\t\t<\/span><br \/>\n\t\t\t\t\t<\/figure>\n<figure>\n\t\t\t\t\t<span style=\"cursor: pointer\" data-src=\"https:\/\/autorai.nl\/wp-content\/uploads\/2023\/12\/toyota-urban-suv-concept-foto10-1600x900.jpg\" data-fancybox=\"galery-0\" title=\"\"><br \/>\n\t\t\t\t\t\t\t<img decoding=\"async\" width=\"360\" height=\"270\" src=\"https:\/\/autorai.nl\/wp-content\/uploads\/2023\/12\/toyota-urban-suv-concept-foto10-360x270.jpg\" class=\"attachment-small size-small\" alt=\"\" loading=\"lazy\"><i class=\"fa fa-search-plus\" aria-hidden=\"true\"><\/i><br \/>\n\t\t\t\t\t\t<\/span><br \/>\n\t\t\t\t\t<\/figure>\n<figure>\n\t\t\t\t\t<span style=\"cursor: pointer\" data-src=\"https:\/\/autorai.nl\/wp-content\/uploads\/2023\/12\/toyota-urban-suv-concept-foto9-1600x900.jpg\" data-fancybox=\"galery-0\" title=\"\"><br \/>\n\t\t\t\t\t\t\t<img decoding=\"async\" width=\"640\" height=\"480\" src=\"https:\/\/autorai.nl\/wp-content\/uploads\/2023\/12\/toyota-urban-suv-concept-foto9-640x480.jpg\" class=\"attachment-medium size-medium\" alt=\"\" loading=\"lazy\"><i class=\"fa fa-search-plus\" aria-hidden=\"true\"><\/i><br \/>\n\t\t\t\t\t\t<\/span><br \/>\n\t\t\t\t\t<\/figure>\n<figure>\n\t\t\t\t\t<span style=\"cursor: pointer\" data-src=\"https:\/\/autorai.nl\/wp-content\/uploads\/2023\/12\/toyota-urban-suv-concept-foto8-1600x900.jpg\" data-fancybox=\"galery-0\" title=\"\"><br \/>\n\t\t\t\t\t\t\t<img decoding=\"async\" width=\"360\" height=\"270\" src=\"https:\/\/autorai.nl\/wp-content\/uploads\/2023\/12\/toyota-urban-suv-concept-foto8-360x270.jpg\" class=\"attachment-small size-small\" alt=\"\" loading=\"lazy\"><i class=\"fa fa-search-plus\" aria-hidden=\"true\"><\/i><br \/>\n\t\t\t\t\t\t<\/span><br \/>\n\t\t\t\t\t<\/figure>\n<figure>\n\t\t\t\t\t<span style=\"cursor: pointer\" data-src=\"https:\/\/autorai.nl\/wp-content\/uploads\/2023\/12\/toyota-urban-suv-concept-foto7-1600x900.jpg\" data-fancybox=\"galery-0\" title=\"\"><br \/>\n\t\t\t\t\t\t\t<img decoding=\"async\" width=\"360\" height=\"270\" src=\"https:\/\/autorai.nl\/wp-content\/uploads\/2023\/12\/toyota-urban-suv-concept-foto7-360x270.jpg\" class=\"attachment-small size-small\" alt=\"\" loading=\"lazy\"><i class=\"fa fa-search-plus\" aria-hidden=\"true\"><\/i><br \/>\n\t\t\t\t\t\t<\/span><br \/>\n\t\t\t\t\t<\/figure>\n<figure>\n\t\t\t\t\t<span style=\"cursor: pointer\" data-src=\"https:\/\/autorai.nl\/wp-content\/uploads\/2023\/12\/toyota-urban-suv-concept-foto6-1600x900.jpg\" data-fancybox=\"galery-0\" title=\"\"><br \/>\n\t\t\t\t\t\t\t<img decoding=\"async\" width=\"640\" height=\"480\" src=\"https:\/\/autorai.nl\/wp-content\/uploads\/2023\/12\/toyota-urban-suv-concept-foto6-640x480.jpg\" class=\"attachment-medium size-medium\" alt=\"\" loading=\"lazy\"><i class=\"fa fa-search-plus\" aria-hidden=\"true\"><\/i><br \/>\n\t\t\t\t\t\t<\/span><br \/>\n\t\t\t\t\t<\/figure>\n<figure>\n\t\t\t\t\t<span style=\"cursor: pointer\" data-src=\"https:\/\/autorai.nl\/wp-content\/uploads\/2023\/12\/toyota-urban-suv-concept-foto5-1600x1200.jpg\" data-fancybox=\"galery-0\" title=\"\"><br \/>\n\t\t\t\t\t\t\t<img decoding=\"async\" width=\"360\" height=\"270\" src=\"https:\/\/autorai.nl\/wp-content\/uploads\/2023\/12\/toyota-urban-suv-concept-foto5-360x270.jpg\" class=\"attachment-small size-small\" alt=\"\" loading=\"lazy\"><i class=\"fa fa-search-plus\" aria-hidden=\"true\"><\/i><br \/>\n\t\t\t\t\t\t<\/span><br \/>\n\t\t\t\t\t<\/figure>\n<figure>\n\t\t\t\t\t<span style=\"cursor: pointer\" data-src=\"https:\/\/autorai.nl\/wp-content\/uploads\/2023\/12\/toyota-urban-suv-concept-foto4-1600x1200.jpg\" data-fancybox=\"galery-0\" title=\"\"><br \/>\n\t\t\t\t\t\t\t<img decoding=\"async\" width=\"360\" height=\"270\" src=\"https:\/\/autorai.nl\/wp-content\/uploads\/2023\/12\/toyota-urban-suv-concept-foto4-360x270.jpg\" class=\"attachment-small size-small\" alt=\"\" loading=\"lazy\"><i class=\"fa fa-search-plus\" aria-hidden=\"true\"><\/i><br \/>\n\t\t\t\t\t\t<\/span><br \/>\n\t\t\t\t\t<\/figure>\n<figure>\n\t\t\t\t\t<span style=\"cursor: pointer\" data-src=\"https:\/\/autorai.nl\/wp-content\/uploads\/2023\/12\/toyota-urban-suv-concept-foto3-1600x1200.jpg\" data-fancybox=\"galery-0\" title=\"\"><br \/>\n\t\t\t\t\t\t\t<img decoding=\"async\" width=\"640\" height=\"480\" src=\"https:\/\/autorai.nl\/wp-content\/uploads\/2023\/12\/toyota-urban-suv-concept-foto3-640x480.jpg\" class=\"attachment-medium size-medium\" alt=\"\" loading=\"lazy\"><i class=\"fa fa-search-plus\" aria-hidden=\"true\"><\/i><br \/>\n\t\t\t\t\t\t<\/span><br \/>\n\t\t\t\t\t<\/figure>\n<figure>\n\t\t\t\t\t<span style=\"cursor: pointer\" data-src=\"https:\/\/autorai.nl\/wp-content\/uploads\/2023\/12\/toyota-urban-suv-concept-foto2-1600x1200.jpg\" data-fancybox=\"galery-0\" title=\"\"><br \/>\n\t\t\t\t\t\t\t<img decoding=\"async\" width=\"360\" height=\"270\" src=\"https:\/\/autorai.nl\/wp-content\/uploads\/2023\/12\/toyota-urban-suv-concept-foto2-360x270.jpg\" class=\"attachment-small size-small\" alt=\"\" loading=\"lazy\"><i class=\"fa fa-search-plus\" aria-hidden=\"true\"><\/i><br \/>\n\t\t\t\t\t\t<\/span><br \/>\n\t\t\t\t\t<\/figure>\n<figure>\n\t\t\t\t\t<span style=\"cursor: pointer\" data-src=\"https:\/\/autorai.nl\/wp-content\/uploads\/2023\/12\/toyota-urban-suv-concept-foto1-1600x1200.jpg\" data-fancybox=\"galery-0\" title=\"\"><br \/>\n\t\t\t\t\t\t\t<img decoding=\"async\" width=\"360\" height=\"270\" src=\"https:\/\/autorai.nl\/wp-content\/uploads\/2023\/12\/toyota-urban-suv-concept-foto1-360x270.jpg\" class=\"attachment-small size-small\" alt=\"\" loading=\"lazy\"><i class=\"fa fa-search-plus\" aria-hidden=\"true\"><\/i><br \/>\n\t\t\t\t\t\t<\/span><br \/>\n\t\t\t\t\t<\/figure>\n<div class=\"clear\"><\/div>\n<\/div>\n","protected":false},"excerpt":{"rendered":"Six mod\u00e8les BEV Toyota pr\u00e9voit d'introduire six mod\u00e8les BEV en Europe d'ici 2026. Une gamme diversifi\u00e9e de mod\u00e8les \u00e9lectrifi\u00e9s aidera\u2026","protected":false},"author":0,"featured_media":141008,"comment_status":"","ping_status":"open","sticky":false,"template":"","format":"standard","meta":{"footnotes":""},"categories":[127],"tags":[],"class_list":["post-143524","post","type-post","status-publish","format-standard","has-post-thumbnail","hentry","category-nouvelles-de-voiture"],"acf":[],"yoast_head":"<!-- This site is optimized with the Yoast SEO plugin v21.2 - https:\/\/yoast.com\/wordpress\/plugins\/seo\/ -->\n<title>La version de production du SUV urbain de Toyota arrivera d\u00e8s 2024 - All cars news<\/title>\n<meta name=\"robots\" content=\"index, follow, max-snippet:-1, max-image-preview:large, max-video-preview:-1\" \/>\n<link rel=\"canonical\" href=\"https:\/\/all-car-news.com\/fr\/la-version-de-production-du-suv-urbain-de-toyota-arrivera-des-2024\/\" \/>\n<meta property=\"og:locale\" content=\"fr_FR\" \/>\n<meta property=\"og:type\" content=\"article\" \/>\n<meta property=\"og:title\" content=\"La version de production du SUV urbain de Toyota arrivera d\u00e8s 2024 - All cars news\" \/>\n<meta property=\"og:description\" content=\"Six mod\u00e8les BEV Toyota pr\u00e9voit d&#039;introduire six mod\u00e8les BEV en Europe d&#039;ici 2026. Une gamme diversifi\u00e9e de mod\u00e8les \u00e9lectrifi\u00e9s aidera Toyota Motor Europe \u00e0 atteindre son objectif de proposer exclusivement des v\u00e9hicules \u00e0 z\u00e9ro \u00e9mission d&#039;ici 2035 et une neutralit\u00e9 carbone totale d&#039;ici 2040. Ce concept de SUV urbain Toyota est [...]\" \/>\n<meta property=\"og:url\" content=\"https:\/\/all-car-news.com\/fr\/la-version-de-production-du-suv-urbain-de-toyota-arrivera-des-2024\/\" \/>\n<meta property=\"og:site_name\" content=\"All cars news\" \/>\n<meta property=\"article:published_time\" content=\"2023-12-04T08:19:15+00:00\" \/>\n<meta property=\"og:image\" content=\"https:\/\/autorai.nl\/wp-content\/uploads\/2023\/12\/toyota-urban-suv-concept-foto16-1140x641.jpg\" \/>\n<meta name=\"twitter:card\" content=\"summary_large_image\" \/>\n<meta name=\"twitter:label1\" content=\"Dur\u00e9e de lecture estim\u00e9e\" \/>\n\t<meta name=\"twitter:data1\" content=\"2 minutes\" \/>\n<script type=\"application\/ld+json\" class=\"yoast-schema-graph\">{\"@context\":\"https:\/\/schema.org\",\"@graph\":[{\"@type\":\"Article\",\"@id\":\"https:\/\/all-car-news.com\/fr\/la-version-de-production-du-suv-urbain-de-toyota-arrivera-des-2024\/#article\",\"isPartOf\":{\"@id\":\"https:\/\/all-car-news.com\/fr\/la-version-de-production-du-suv-urbain-de-toyota-arrivera-des-2024\/\"},\"author\":{\"name\":\"\",\"@id\":\"\"},\"headline\":\"La version de production du SUV urbain de Toyota arrivera d\u00e8s 2024\",\"datePublished\":\"2023-12-04T08:19:15+00:00\",\"dateModified\":\"2023-12-04T08:19:15+00:00\",\"mainEntityOfPage\":{\"@id\":\"https:\/\/all-car-news.com\/fr\/la-version-de-production-du-suv-urbain-de-toyota-arrivera-des-2024\/\"},\"wordCount\":358,\"publisher\":{\"@id\":\"https:\/\/all-car-news.com\/fr\/#organization\"},\"articleSection\":[\"nouvelles de voiture\"],\"inLanguage\":\"fr-FR\"},{\"@type\":\"WebPage\",\"@id\":\"https:\/\/all-car-news.com\/fr\/la-version-de-production-du-suv-urbain-de-toyota-arrivera-des-2024\/\",\"url\":\"https:\/\/all-car-news.com\/fr\/la-version-de-production-du-suv-urbain-de-toyota-arrivera-des-2024\/\",\"name\":\"La version de production du SUV urbain de Toyota arrivera d\u00e8s 2024 - All cars news\",\"isPartOf\":{\"@id\":\"https:\/\/all-car-news.com\/fr\/#website\"},\"datePublished\":\"2023-12-04T08:19:15+00:00\",\"dateModified\":\"2023-12-04T08:19:15+00:00\",\"breadcrumb\":{\"@id\":\"https:\/\/all-car-news.com\/fr\/la-version-de-production-du-suv-urbain-de-toyota-arrivera-des-2024\/#breadcrumb\"},\"inLanguage\":\"fr-FR\",\"potentialAction\":[{\"@type\":\"ReadAction\",\"target\":[\"https:\/\/all-car-news.com\/fr\/la-version-de-production-du-suv-urbain-de-toyota-arrivera-des-2024\/\"]}]},{\"@type\":\"BreadcrumbList\",\"@id\":\"https:\/\/all-car-news.com\/fr\/la-version-de-production-du-suv-urbain-de-toyota-arrivera-des-2024\/#breadcrumb\",\"itemListElement\":[{\"@type\":\"ListItem\",\"position\":1,\"name\":\"Home\",\"item\":\"https:\/\/all-car-news.com\/fr\/\"},{\"@type\":\"ListItem\",\"position\":2,\"name\":\"La version de production du SUV urbain de Toyota arrivera d\u00e8s 2024\"}]},{\"@type\":\"WebSite\",\"@id\":\"https:\/\/all-car-news.com\/fr\/#website\",\"url\":\"https:\/\/all-car-news.com\/fr\/\",\"name\":\"All cars news\",\"description\":\"\",\"publisher\":{\"@id\":\"https:\/\/all-car-news.com\/fr\/#organization\"},\"potentialAction\":[{\"@type\":\"SearchAction\",\"target\":{\"@type\":\"EntryPoint\",\"urlTemplate\":\"https:\/\/all-car-news.com\/fr\/?s={search_term_string}\"},\"query-input\":\"required name=search_term_string\"}],\"inLanguage\":\"fr-FR\"},{\"@type\":\"Organization\",\"@id\":\"https:\/\/all-car-news.com\/fr\/#organization\",\"name\":\"All cars news\",\"url\":\"https:\/\/all-car-news.com\/fr\/\",\"logo\":{\"@type\":\"ImageObject\",\"inLanguage\":\"fr-FR\",\"@id\":\"https:\/\/all-car-news.com\/fr\/#\/schema\/logo\/image\/\",\"url\":\"https:\/\/all-car-news.com\/wp-content\/uploads\/2022\/02\/CMYK-AllCarNews_LANDSCAPE_300px-1.png\",\"contentUrl\":\"https:\/\/all-car-news.com\/wp-content\/uploads\/2022\/02\/CMYK-AllCarNews_LANDSCAPE_300px-1.png\",\"width\":300,\"height\":100,\"caption\":\"All cars news\"},\"image\":{\"@id\":\"https:\/\/all-car-news.com\/fr\/#\/schema\/logo\/image\/\"}}]}<\/script>\n<!-- \/ Yoast SEO plugin. -->","yoast_head_json":{"title":"La version de production du SUV urbain de Toyota arrivera d\u00e8s 2024 - All cars news","robots":{"index":"index","follow":"follow","max-snippet":"max-snippet:-1","max-image-preview":"max-image-preview:large","max-video-preview":"max-video-preview:-1"},"canonical":"https:\/\/all-car-news.com\/fr\/la-version-de-production-du-suv-urbain-de-toyota-arrivera-des-2024\/","og_locale":"fr_FR","og_type":"article","og_title":"La version de production du SUV urbain de Toyota arrivera d\u00e8s 2024 - All cars news","og_description":"Six mod\u00e8les BEV Toyota pr\u00e9voit d'introduire six mod\u00e8les BEV en Europe d'ici 2026. Une gamme diversifi\u00e9e de mod\u00e8les \u00e9lectrifi\u00e9s aidera Toyota Motor Europe \u00e0 atteindre son objectif de proposer exclusivement des v\u00e9hicules \u00e0 z\u00e9ro \u00e9mission d'ici 2035 et une neutralit\u00e9 carbone totale d'ici 2040. Ce concept de SUV urbain Toyota est [...]","og_url":"https:\/\/all-car-news.com\/fr\/la-version-de-production-du-suv-urbain-de-toyota-arrivera-des-2024\/","og_site_name":"All cars news","article_published_time":"2023-12-04T08:19:15+00:00","og_image":[{"url":"https:\/\/autorai.nl\/wp-content\/uploads\/2023\/12\/toyota-urban-suv-concept-foto16-1140x641.jpg"}],"twitter_card":"summary_large_image","twitter_misc":{"Dur\u00e9e de lecture estim\u00e9e":"2 minutes"},"schema":{"@context":"https:\/\/schema.org","@graph":[{"@type":"Article","@id":"https:\/\/all-car-news.com\/fr\/la-version-de-production-du-suv-urbain-de-toyota-arrivera-des-2024\/#article","isPartOf":{"@id":"https:\/\/all-car-news.com\/fr\/la-version-de-production-du-suv-urbain-de-toyota-arrivera-des-2024\/"},"author":{"name":"","@id":""},"headline":"La version de production du SUV urbain de Toyota arrivera d\u00e8s 2024","datePublished":"2023-12-04T08:19:15+00:00","dateModified":"2023-12-04T08:19:15+00:00","mainEntityOfPage":{"@id":"https:\/\/all-car-news.com\/fr\/la-version-de-production-du-suv-urbain-de-toyota-arrivera-des-2024\/"},"wordCount":358,"publisher":{"@id":"https:\/\/all-car-news.com\/fr\/#organization"},"articleSection":["nouvelles de voiture"],"inLanguage":"fr-FR"},{"@type":"WebPage","@id":"https:\/\/all-car-news.com\/fr\/la-version-de-production-du-suv-urbain-de-toyota-arrivera-des-2024\/","url":"https:\/\/all-car-news.com\/fr\/la-version-de-production-du-suv-urbain-de-toyota-arrivera-des-2024\/","name":"La version de production du SUV urbain de Toyota arrivera d\u00e8s 2024 - All cars news","isPartOf":{"@id":"https:\/\/all-car-news.com\/fr\/#website"},"datePublished":"2023-12-04T08:19:15+00:00","dateModified":"2023-12-04T08:19:15+00:00","breadcrumb":{"@id":"https:\/\/all-car-news.com\/fr\/la-version-de-production-du-suv-urbain-de-toyota-arrivera-des-2024\/#breadcrumb"},"inLanguage":"fr-FR","potentialAction":[{"@type":"ReadAction","target":["https:\/\/all-car-news.com\/fr\/la-version-de-production-du-suv-urbain-de-toyota-arrivera-des-2024\/"]}]},{"@type":"BreadcrumbList","@id":"https:\/\/all-car-news.com\/fr\/la-version-de-production-du-suv-urbain-de-toyota-arrivera-des-2024\/#breadcrumb","itemListElement":[{"@type":"ListItem","position":1,"name":"Home","item":"https:\/\/all-car-news.com\/fr\/"},{"@type":"ListItem","position":2,"name":"La version de production du SUV urbain de Toyota arrivera d\u00e8s 2024"}]},{"@type":"WebSite","@id":"https:\/\/all-car-news.com\/fr\/#website","url":"https:\/\/all-car-news.com\/fr\/","name":"All cars news","description":"","publisher":{"@id":"https:\/\/all-car-news.com\/fr\/#organization"},"potentialAction":[{"@type":"SearchAction","target":{"@type":"EntryPoint","urlTemplate":"https:\/\/all-car-news.com\/fr\/?s={search_term_string}"},"query-input":"required name=search_term_string"}],"inLanguage":"fr-FR"},{"@type":"Organization","@id":"https:\/\/all-car-news.com\/fr\/#organization","name":"All cars news","url":"https:\/\/all-car-news.com\/fr\/","logo":{"@type":"ImageObject","inLanguage":"fr-FR","@id":"https:\/\/all-car-news.com\/fr\/#\/schema\/logo\/image\/","url":"https:\/\/all-car-news.com\/wp-content\/uploads\/2022\/02\/CMYK-AllCarNews_LANDSCAPE_300px-1.png","contentUrl":"https:\/\/all-car-news.com\/wp-content\/uploads\/2022\/02\/CMYK-AllCarNews_LANDSCAPE_300px-1.png","width":300,"height":100,"caption":"All cars news"},"image":{"@id":"https:\/\/all-car-news.com\/fr\/#\/schema\/logo\/image\/"}}]}},"_links":{"self":[{"href":"https:\/\/all-car-news.com\/fr\/wp-json\/wp\/v2\/posts\/143524","targetHints":{"allow":["GET"]}}],"collection":[{"href":"https:\/\/all-car-news.com\/fr\/wp-json\/wp\/v2\/posts"}],"about":[{"href":"https:\/\/all-car-news.com\/fr\/wp-json\/wp\/v2\/types\/post"}],"replies":[{"embeddable":true,"href":"https:\/\/all-car-news.com\/fr\/wp-json\/wp\/v2\/comments?post=143524"}],"version-history":[{"count":0,"href":"https:\/\/all-car-news.com\/fr\/wp-json\/wp\/v2\/posts\/143524\/revisions"}],"wp:featuredmedia":[{"embeddable":true,"href":"https:\/\/all-car-news.com\/fr\/wp-json\/wp\/v2\/media\/141008"}],"wp:attachment":[{"href":"https:\/\/all-car-news.com\/fr\/wp-json\/wp\/v2\/media?parent=143524"}],"wp:term":[{"taxonomy":"category","embeddable":true,"href":"https:\/\/all-car-news.com\/fr\/wp-json\/wp\/v2\/categories?post=143524"},{"taxonomy":"post_tag","embeddable":true,"href":"https:\/\/all-car-news.com\/fr\/wp-json\/wp\/v2\/tags?post=143524"}],"curies":[{"name":"wp","href":"https:\/\/api.w.org\/{rel}","templated":true}]}}