{"id":143505,"date":"2023-11-08T10:15:00","date_gmt":"2023-11-08T10:15:00","guid":{"rendered":"https:\/\/all-car-news.com\/kia-ev9-2024-la-voiture-familiale-electrique-ideale\/"},"modified":"2023-11-08T10:15:00","modified_gmt":"2023-11-08T10:15:00","slug":"kia-ev9-2024-la-voiture-familiale-electrique-ideale","status":"publish","type":"post","link":"https:\/\/all-car-news.com\/fr\/kia-ev9-2024-la-voiture-familiale-electrique-ideale\/","title":{"rendered":"Kia EV9 (2024) &#8211; La voiture familiale \u00e9lectrique id\u00e9ale ?"},"content":{"rendered":"<h2>Grandes dimensions<\/h2>\n<p>L&rsquo;EV9 n&rsquo;est pas la voiture la plus longue que nous conduirons cette ann\u00e9e. Il s&rsquo;agit du Land Rover Defender 130, d&rsquo;une longueur de 5,35 m\u00e8tres. Mais avec ses 5,01 m\u00e8tres de long, l&rsquo;EV9 est le plus long v\u00e9hicule \u00e9lectrique que nous ayons jamais conduit, \u00e0 l&rsquo;exception d&rsquo;une Renault Master \u00e9lectrique. L&rsquo;EV9 est si grande qu&rsquo;elle est m\u00eame plus longue que la version allong\u00e9e de la Volkswagen ID.Buzz. Son empattement est au moins aussi impressionnant : 3,1 m\u00e8tres.<\/p>\n<figure class=\"wp-block-embed is-type-video is-provider-youtube wp-block-embed-youtube wp-embed-aspect-16-9 wp-has-aspect-ratio\">\n<div class=\"wp-block-embed__wrapper\">\n<\/div>\n<\/figure>\n<h2>Salle de bal<\/h2>\n<p>\u00c0 l&rsquo;int\u00e9rieur de la Kia, vous p\u00e9n\u00e9trez dans une salle de bal. Nous testons la version six places. Nous sommes presque aussi \u00e0 l&rsquo;aise dans toutes les rang\u00e9es de si\u00e8ges. Certes, \u00e0 l&rsquo;arri\u00e8re, vous \u00eates assis \u00e9paule contre \u00e9paule avec votre compagnon de voyage, mais en termes d&rsquo;espace pour les jambes, il n&rsquo;y a aucune p\u00e9nurie. C&rsquo;est un luxe rare dans le segment des voitures particuli\u00e8res. Les solides \u00ab\u00a0fauteuils-capitaines\u00a0\u00bb de la deuxi\u00e8me rang\u00e9e de si\u00e8ges peuvent pivoter de 180 degr\u00e9s, ce qui permet de s&rsquo;asseoir l&rsquo;un en face de l&rsquo;autre \u00e0 l&rsquo;arri\u00e8re. Depuis la console centrale, les passagers arri\u00e8re peuvent tirer une table et chacun dispose de sa propre bouche d&rsquo;a\u00e9ration. Le chauffage et le refroidissement des si\u00e8ges sont \u00e9galement disponibles sur la deuxi\u00e8me rang\u00e9e de si\u00e8ges. Les si\u00e8ges de la troisi\u00e8me rang\u00e9e sont eux-m\u00eames r\u00e9glables \u00e9lectroniquement. Le Kia EV9 est dot\u00e9 d&rsquo;un nombre impressionnant de touches de luxe que l&rsquo;on attendrait plut\u00f4t d&rsquo;un SUV Mercedes-Benz EQS.<\/p>\n<figure class=\"wp-block-image size-content\"><img decoding=\"async\" loading=\"lazy\" width=\"1140\" height=\"760\" src=\"https:\/\/autorai.nl\/wp-content\/uploads\/2023\/11\/KIA-EV9-gtline-interior-6_seater_relaxation-hires-023-1140x760.jpg\" alt=\"\" class=\"wp-image-169018\"><\/figure>\n<h2>Pratique et respectueux de l&rsquo;environnement<\/h2>\n<p>\u00c0 l&rsquo;avant, l&rsquo;EV9 impressionne \u00e9galement. L&rsquo;int\u00e9rieur est moderne et fonctionnel, avec pas moins de trois \u00e9crans et un affichage t\u00eate haute tr\u00e8s pratique. Il y a des boutons physiques pour la climatisation &#8211; regardez, industrie automobile &#8211; et Kia a utilis\u00e9 beaucoup de biomat\u00e9riaux, ce qui rend l&rsquo;int\u00e9rieur respectueux de l&rsquo;environnement. Gr\u00e2ce \u00e0 la conception angulaire de l&rsquo;<a href=\"https:\/\/youtu.be\/R-s1g3ceWoU\" target=\"_blank\" rel=\"noreferrer noopener\">EV9<\/a>, vous b\u00e9n\u00e9ficiez d&rsquo;une excellente visibilit\u00e9 panoramique. Malgr\u00e9 sa taille imposante, vous pouvez le placer facilement et vous ne risquez pas d&rsquo;oublier quoi que ce soit ou qui que ce soit.<\/p>\n<figure class=\"wp-block-image size-content\"><img decoding=\"async\" loading=\"lazy\" width=\"1140\" height=\"615\" src=\"https:\/\/autorai.nl\/wp-content\/uploads\/2023\/11\/KIA-EV9-gtline-interior-hires-002-1140x615.jpg\" alt=\"\" class=\"wp-image-169019\"><\/figure>\n<h2>Style contemporain \u00e9pur\u00e9<\/h2>\n<p>En ce qui concerne le design, la <a href=\"https:\/\/autorai.nl\/kia-ev9-dit-moet-je-allemaal-weten\/\" target=\"_blank\" rel=\"noreferrer noopener\">Kia EV9<\/a> se distingue imm\u00e9diatement par son design moderne. Avec un nez \u00e9mouss\u00e9, peu de fioritures et un corps fluide, il a une allure \u00e9l\u00e9gante et contemporaine. Le nouveau logo Kia orne fi\u00e8rement la face avant, et l&rsquo;interpr\u00e9tation moderne de la calandre en nez de tigre est un bel \u00e9l\u00e9ment de design. Les phares se composent de 12 \u00e9l\u00e9ments LED, avec des feux de jour allong\u00e9s qui, selon Kia, devraient former une constellation. Les passages de roue carr\u00e9s et les jantes robustes &#8211; en 19, 20 ou 21 pouces &#8211; compl\u00e8tent l&rsquo;image de robustesse.<\/p>\n<figure class=\"wp-block-image size-content\"><img decoding=\"async\" loading=\"lazy\" width=\"1140\" height=\"760\" src=\"https:\/\/autorai.nl\/wp-content\/uploads\/2023\/11\/KIA-EV9-gtline-bluematte-dynamic-hires-004-1-1140x760.jpg\" alt=\"\" class=\"wp-image-169020\"><\/figure>\n<h2>Puissance et confort<\/h2>\n<p>La Kia EV9 est disponible en traction arri\u00e8re et en transmission int\u00e9grale. Le moteur de base d\u00e9veloppe 204 ch et permet de passer de 0 \u00e0 100 km\/h en 9,4 secondes. Mais pour les d\u00e9mons de la vitesse, il y a la GT-Line, qui d\u00e9veloppe une puissance impressionnante de 385 ch et 700 Nm \u00ab\u00a0sous le capot\u00a0\u00bb et atteint 100 km\/h en seulement 5,3 secondes. Le poids de la Kia EV9 est \u00e9lev\u00e9 : au moins 2 400 kg. Le ch\u00e2ssis est \u00e0 la hauteur et offre un grand confort. Dans les bosses et les virages, on s&rsquo;aper\u00e7oit que l&rsquo;on voyage avec quelques kilos, mais en conduite normale, cela ne d\u00e9range pas beaucoup.  <\/p>\n<figure class=\"wp-block-image size-content\"><img decoding=\"async\" loading=\"lazy\" width=\"1140\" height=\"760\" src=\"https:\/\/autorai.nl\/wp-content\/uploads\/2023\/11\/KIA-EV9-gtline-bluematte-dynamic-hires-005-1140x760.jpg\" alt=\"\" class=\"wp-image-169021\"><\/figure>\n<h2>Varier<\/h2>\n<p>Toutes les versions de la Kia EV9 sont \u00e9quip\u00e9es d&rsquo;une batterie de 99,8 kWh. La version \u00e0 propulsion arri\u00e8re offre une autonomie de 563 kilom\u00e8tres, tandis que la version \u00e0 transmission int\u00e9grale atteint 505 kilom\u00e8tres. Dans la pratique, bien s\u00fbr, on peut rapidement retrancher 50 \u00e0 100 kilom\u00e8tres, mais l&rsquo;autonomie reste impressionnante. La vitesse de chargement est peut-\u00eatre encore plus impressionnante. L&rsquo;EV9 peut charger rapidement jusqu&rsquo;\u00e0 210 kW. Vous pouvez ainsi recharger 249 kilom\u00e8tres en 15 minutes. Cela fait de ce grand SUV un bon pilote en termes de kilom\u00e9trage. M\u00eame avec une grande caravane &#8211; l&rsquo;AWD peut tracter jusqu&rsquo;\u00e0 2 400 kg &#8211; nous oserions un voyage en Europe du Sud avec la Kia.<\/p>\n<figure class=\"wp-block-image size-content\"><img decoding=\"async\" loading=\"lazy\" width=\"1140\" height=\"760\" src=\"https:\/\/autorai.nl\/wp-content\/uploads\/2023\/11\/KIA-EV9-gtline-blueglossy-dynamic-hires-007-1140x760.jpg\" alt=\"\" class=\"wp-image-169022\"><\/figure>\n<h2>Quel est le co\u00fbt de la Kia EV9 ?<\/h2>\n<p>La Kia EV9 est disponible en trois versions diff\u00e9rentes. La version de base, l&rsquo;EV9 Air, est propos\u00e9e \u00e0 partir de 67 995 euros et d\u00e9veloppe une puissance de 204 ch pour une autonomie de 563 kilom\u00e8tres. L&rsquo;\u00e9dition Launch, avec le m\u00eame groupe motopropulseur, est dot\u00e9e d&rsquo;\u00e9quipements suppl\u00e9mentaires et son prix est de 71 500 euros. Nous avons conduit la Launch Edition GT-Line, avec 385 ch et trop de choses \u00e0 bord pour les \u00e9num\u00e9rer. Cette variante est propos\u00e9e \u00e0 partir de 78 900 euros.<\/p>\n<h2>Conclusion :<\/h2>\n<p>La Kia EV9 est sans aucun doute une nouveaut\u00e9 impressionnante dans le monde des voitures \u00e9lectriques. Avec son int\u00e9rieur spacieux, son design moderne, sa gamme \u00e9tendue et sa capacit\u00e9 de chargement rapide, il convainc \u00e0 bien des \u00e9gards. Si vous \u00eates \u00e0 la recherche d&rsquo;un SUV \u00e9lectrique offrant de l&rsquo;espace pour toute la famille et d&rsquo;excellentes performances, le Kia EV9 est sans aucun doute une option \u00e0 consid\u00e9rer. Ses inconv\u00e9nients ? Il est au prix. Nous vous entendons penser que c&rsquo;est particuli\u00e8rement vrai pour une Kia. Mais Kia n&rsquo;est plus ce qu&rsquo;elle \u00e9tait. Avec Hyundai et Tesla, ils sont \u00e0 l&rsquo;avant-garde de la conduite \u00e9lectrique. Pour l&rsquo;instant, aucune autre marque n&rsquo;offre autant de m\u00e8tres carr\u00e9s de voiture \u00e9lectrique pour le m\u00eame prix ou moins. Ses dimensions posent un probl\u00e8me dans notre pays. Si vous ne disposez pas d&rsquo;une place de parking priv\u00e9e \u00e0 la maison, il peut \u00eatre difficile d&rsquo;en trouver une qui vous convienne.<\/p>\n<\/p>\n<figure class=\"wp-block-embed is-type-video is-provider-youtube wp-block-embed-youtube wp-embed-aspect-16-9 wp-has-aspect-ratio\">\n<div class=\"wp-block-embed__wrapper\">\n<\/div>\n<\/figure>\n","protected":false},"excerpt":{"rendered":"Big L'EV9 n'est pas la voiture la plus longue que nous conduirons cette ann\u00e9e. Il s'agit du Land Rover Defender\u2026","protected":false},"author":0,"featured_media":140384,"comment_status":"","ping_status":"open","sticky":false,"template":"","format":"standard","meta":{"footnotes":""},"categories":[147],"tags":[],"class_list":["post-143505","post","type-post","status-publish","format-standard","has-post-thumbnail","hentry","category-essais-de-voiture"],"acf":[],"yoast_head":"<!-- This site is optimized with the Yoast SEO plugin v21.2 - https:\/\/yoast.com\/wordpress\/plugins\/seo\/ -->\n<title>Kia EV9 (2024) - La voiture familiale \u00e9lectrique id\u00e9ale ? - All cars news<\/title>\n<meta name=\"robots\" content=\"index, follow, max-snippet:-1, max-image-preview:large, max-video-preview:-1\" \/>\n<link rel=\"canonical\" href=\"https:\/\/all-car-news.com\/fr\/kia-ev9-2024-la-voiture-familiale-electrique-ideale\/\" \/>\n<meta property=\"og:locale\" content=\"fr_FR\" \/>\n<meta property=\"og:type\" content=\"article\" \/>\n<meta property=\"og:title\" content=\"Kia EV9 (2024) - La voiture familiale \u00e9lectrique id\u00e9ale ? - All cars news\" \/>\n<meta property=\"og:description\" content=\"Big L&#039;EV9 n&#039;est pas la voiture la plus longue que nous conduirons cette ann\u00e9e. Il s&#039;agit du Land Rover Defender 130, d&#039;une longueur de 5,35 m\u00e8tres. Mais avec ses 5,01 m\u00e8tres de long, l&#039;EV9 est le plus long v\u00e9hicule \u00e9lectrique que nous ayons jamais conduit, \u00e0 l&#039;exception d&#039;une Renault Master \u00e9lectrique. Le [\u2026]\" \/>\n<meta property=\"og:url\" content=\"https:\/\/all-car-news.com\/fr\/kia-ev9-2024-la-voiture-familiale-electrique-ideale\/\" \/>\n<meta property=\"og:site_name\" content=\"All cars news\" \/>\n<meta property=\"article:published_time\" content=\"2023-11-08T10:15:00+00:00\" \/>\n<meta property=\"og:image\" content=\"https:\/\/autorai.nl\/wp-content\/uploads\/2023\/11\/KIA-EV9-gtline-interior-6_seater_relaxation-hires-023-1140x760.jpg\" \/>\n<meta name=\"twitter:card\" content=\"summary_large_image\" \/>\n<meta name=\"twitter:label1\" content=\"Dur\u00e9e de lecture estim\u00e9e\" \/>\n\t<meta name=\"twitter:data1\" content=\"5 minutes\" \/>\n<script type=\"application\/ld+json\" class=\"yoast-schema-graph\">{\"@context\":\"https:\/\/schema.org\",\"@graph\":[{\"@type\":\"Article\",\"@id\":\"https:\/\/all-car-news.com\/fr\/kia-ev9-2024-la-voiture-familiale-electrique-ideale\/#article\",\"isPartOf\":{\"@id\":\"https:\/\/all-car-news.com\/fr\/kia-ev9-2024-la-voiture-familiale-electrique-ideale\/\"},\"author\":{\"name\":\"\",\"@id\":\"\"},\"headline\":\"Kia EV9 (2024) &#8211; La voiture familiale \u00e9lectrique id\u00e9ale ?\",\"datePublished\":\"2023-11-08T10:15:00+00:00\",\"dateModified\":\"2023-11-08T10:15:00+00:00\",\"mainEntityOfPage\":{\"@id\":\"https:\/\/all-car-news.com\/fr\/kia-ev9-2024-la-voiture-familiale-electrique-ideale\/\"},\"wordCount\":956,\"publisher\":{\"@id\":\"https:\/\/all-car-news.com\/fr\/#organization\"},\"articleSection\":[\"essais de voiture\"],\"inLanguage\":\"fr-FR\"},{\"@type\":\"WebPage\",\"@id\":\"https:\/\/all-car-news.com\/fr\/kia-ev9-2024-la-voiture-familiale-electrique-ideale\/\",\"url\":\"https:\/\/all-car-news.com\/fr\/kia-ev9-2024-la-voiture-familiale-electrique-ideale\/\",\"name\":\"Kia EV9 (2024) - La voiture familiale \u00e9lectrique id\u00e9ale ? - All cars news\",\"isPartOf\":{\"@id\":\"https:\/\/all-car-news.com\/fr\/#website\"},\"datePublished\":\"2023-11-08T10:15:00+00:00\",\"dateModified\":\"2023-11-08T10:15:00+00:00\",\"breadcrumb\":{\"@id\":\"https:\/\/all-car-news.com\/fr\/kia-ev9-2024-la-voiture-familiale-electrique-ideale\/#breadcrumb\"},\"inLanguage\":\"fr-FR\",\"potentialAction\":[{\"@type\":\"ReadAction\",\"target\":[\"https:\/\/all-car-news.com\/fr\/kia-ev9-2024-la-voiture-familiale-electrique-ideale\/\"]}]},{\"@type\":\"BreadcrumbList\",\"@id\":\"https:\/\/all-car-news.com\/fr\/kia-ev9-2024-la-voiture-familiale-electrique-ideale\/#breadcrumb\",\"itemListElement\":[{\"@type\":\"ListItem\",\"position\":1,\"name\":\"Home\",\"item\":\"https:\/\/all-car-news.com\/fr\/\"},{\"@type\":\"ListItem\",\"position\":2,\"name\":\"Kia EV9 (2024) &#8211; La voiture familiale \u00e9lectrique id\u00e9ale ?\"}]},{\"@type\":\"WebSite\",\"@id\":\"https:\/\/all-car-news.com\/fr\/#website\",\"url\":\"https:\/\/all-car-news.com\/fr\/\",\"name\":\"All cars news\",\"description\":\"\",\"publisher\":{\"@id\":\"https:\/\/all-car-news.com\/fr\/#organization\"},\"potentialAction\":[{\"@type\":\"SearchAction\",\"target\":{\"@type\":\"EntryPoint\",\"urlTemplate\":\"https:\/\/all-car-news.com\/fr\/?s={search_term_string}\"},\"query-input\":\"required name=search_term_string\"}],\"inLanguage\":\"fr-FR\"},{\"@type\":\"Organization\",\"@id\":\"https:\/\/all-car-news.com\/fr\/#organization\",\"name\":\"All cars news\",\"url\":\"https:\/\/all-car-news.com\/fr\/\",\"logo\":{\"@type\":\"ImageObject\",\"inLanguage\":\"fr-FR\",\"@id\":\"https:\/\/all-car-news.com\/fr\/#\/schema\/logo\/image\/\",\"url\":\"https:\/\/all-car-news.com\/wp-content\/uploads\/2022\/02\/CMYK-AllCarNews_LANDSCAPE_300px-1.png\",\"contentUrl\":\"https:\/\/all-car-news.com\/wp-content\/uploads\/2022\/02\/CMYK-AllCarNews_LANDSCAPE_300px-1.png\",\"width\":300,\"height\":100,\"caption\":\"All cars news\"},\"image\":{\"@id\":\"https:\/\/all-car-news.com\/fr\/#\/schema\/logo\/image\/\"}}]}<\/script>\n<!-- \/ Yoast SEO plugin. -->","yoast_head_json":{"title":"Kia EV9 (2024) - La voiture familiale \u00e9lectrique id\u00e9ale ? - All cars news","robots":{"index":"index","follow":"follow","max-snippet":"max-snippet:-1","max-image-preview":"max-image-preview:large","max-video-preview":"max-video-preview:-1"},"canonical":"https:\/\/all-car-news.com\/fr\/kia-ev9-2024-la-voiture-familiale-electrique-ideale\/","og_locale":"fr_FR","og_type":"article","og_title":"Kia EV9 (2024) - La voiture familiale \u00e9lectrique id\u00e9ale ? - All cars news","og_description":"Big L'EV9 n'est pas la voiture la plus longue que nous conduirons cette ann\u00e9e. Il s'agit du Land Rover Defender 130, d'une longueur de 5,35 m\u00e8tres. Mais avec ses 5,01 m\u00e8tres de long, l'EV9 est le plus long v\u00e9hicule \u00e9lectrique que nous ayons jamais conduit, \u00e0 l'exception d'une Renault Master \u00e9lectrique. Le [\u2026]","og_url":"https:\/\/all-car-news.com\/fr\/kia-ev9-2024-la-voiture-familiale-electrique-ideale\/","og_site_name":"All cars news","article_published_time":"2023-11-08T10:15:00+00:00","og_image":[{"url":"https:\/\/autorai.nl\/wp-content\/uploads\/2023\/11\/KIA-EV9-gtline-interior-6_seater_relaxation-hires-023-1140x760.jpg"}],"twitter_card":"summary_large_image","twitter_misc":{"Dur\u00e9e de lecture estim\u00e9e":"5 minutes"},"schema":{"@context":"https:\/\/schema.org","@graph":[{"@type":"Article","@id":"https:\/\/all-car-news.com\/fr\/kia-ev9-2024-la-voiture-familiale-electrique-ideale\/#article","isPartOf":{"@id":"https:\/\/all-car-news.com\/fr\/kia-ev9-2024-la-voiture-familiale-electrique-ideale\/"},"author":{"name":"","@id":""},"headline":"Kia EV9 (2024) &#8211; La voiture familiale \u00e9lectrique id\u00e9ale ?","datePublished":"2023-11-08T10:15:00+00:00","dateModified":"2023-11-08T10:15:00+00:00","mainEntityOfPage":{"@id":"https:\/\/all-car-news.com\/fr\/kia-ev9-2024-la-voiture-familiale-electrique-ideale\/"},"wordCount":956,"publisher":{"@id":"https:\/\/all-car-news.com\/fr\/#organization"},"articleSection":["essais de voiture"],"inLanguage":"fr-FR"},{"@type":"WebPage","@id":"https:\/\/all-car-news.com\/fr\/kia-ev9-2024-la-voiture-familiale-electrique-ideale\/","url":"https:\/\/all-car-news.com\/fr\/kia-ev9-2024-la-voiture-familiale-electrique-ideale\/","name":"Kia EV9 (2024) - La voiture familiale \u00e9lectrique id\u00e9ale ? - All cars news","isPartOf":{"@id":"https:\/\/all-car-news.com\/fr\/#website"},"datePublished":"2023-11-08T10:15:00+00:00","dateModified":"2023-11-08T10:15:00+00:00","breadcrumb":{"@id":"https:\/\/all-car-news.com\/fr\/kia-ev9-2024-la-voiture-familiale-electrique-ideale\/#breadcrumb"},"inLanguage":"fr-FR","potentialAction":[{"@type":"ReadAction","target":["https:\/\/all-car-news.com\/fr\/kia-ev9-2024-la-voiture-familiale-electrique-ideale\/"]}]},{"@type":"BreadcrumbList","@id":"https:\/\/all-car-news.com\/fr\/kia-ev9-2024-la-voiture-familiale-electrique-ideale\/#breadcrumb","itemListElement":[{"@type":"ListItem","position":1,"name":"Home","item":"https:\/\/all-car-news.com\/fr\/"},{"@type":"ListItem","position":2,"name":"Kia EV9 (2024) &#8211; La voiture familiale \u00e9lectrique id\u00e9ale ?"}]},{"@type":"WebSite","@id":"https:\/\/all-car-news.com\/fr\/#website","url":"https:\/\/all-car-news.com\/fr\/","name":"All cars news","description":"","publisher":{"@id":"https:\/\/all-car-news.com\/fr\/#organization"},"potentialAction":[{"@type":"SearchAction","target":{"@type":"EntryPoint","urlTemplate":"https:\/\/all-car-news.com\/fr\/?s={search_term_string}"},"query-input":"required name=search_term_string"}],"inLanguage":"fr-FR"},{"@type":"Organization","@id":"https:\/\/all-car-news.com\/fr\/#organization","name":"All cars news","url":"https:\/\/all-car-news.com\/fr\/","logo":{"@type":"ImageObject","inLanguage":"fr-FR","@id":"https:\/\/all-car-news.com\/fr\/#\/schema\/logo\/image\/","url":"https:\/\/all-car-news.com\/wp-content\/uploads\/2022\/02\/CMYK-AllCarNews_LANDSCAPE_300px-1.png","contentUrl":"https:\/\/all-car-news.com\/wp-content\/uploads\/2022\/02\/CMYK-AllCarNews_LANDSCAPE_300px-1.png","width":300,"height":100,"caption":"All cars news"},"image":{"@id":"https:\/\/all-car-news.com\/fr\/#\/schema\/logo\/image\/"}}]}},"_links":{"self":[{"href":"https:\/\/all-car-news.com\/fr\/wp-json\/wp\/v2\/posts\/143505","targetHints":{"allow":["GET"]}}],"collection":[{"href":"https:\/\/all-car-news.com\/fr\/wp-json\/wp\/v2\/posts"}],"about":[{"href":"https:\/\/all-car-news.com\/fr\/wp-json\/wp\/v2\/types\/post"}],"replies":[{"embeddable":true,"href":"https:\/\/all-car-news.com\/fr\/wp-json\/wp\/v2\/comments?post=143505"}],"version-history":[{"count":0,"href":"https:\/\/all-car-news.com\/fr\/wp-json\/wp\/v2\/posts\/143505\/revisions"}],"wp:featuredmedia":[{"embeddable":true,"href":"https:\/\/all-car-news.com\/fr\/wp-json\/wp\/v2\/media\/140384"}],"wp:attachment":[{"href":"https:\/\/all-car-news.com\/fr\/wp-json\/wp\/v2\/media?parent=143505"}],"wp:term":[{"taxonomy":"category","embeddable":true,"href":"https:\/\/all-car-news.com\/fr\/wp-json\/wp\/v2\/categories?post=143505"},{"taxonomy":"post_tag","embeddable":true,"href":"https:\/\/all-car-news.com\/fr\/wp-json\/wp\/v2\/tags?post=143505"}],"curies":[{"name":"wp","href":"https:\/\/api.w.org\/{rel}","templated":true}]}}