{"id":143287,"date":"2024-02-26T09:44:12","date_gmt":"2024-02-26T09:44:12","guid":{"rendered":"https:\/\/all-car-news.com\/renault-scenic-elue-voiture-de-lannee-2024\/"},"modified":"2024-02-26T09:44:12","modified_gmt":"2024-02-26T09:44:12","slug":"renault-scenic-elue-voiture-de-lannee-2024","status":"publish","type":"post","link":"https:\/\/all-car-news.com\/fr\/renault-scenic-elue-voiture-de-lannee-2024\/","title":{"rendered":"Renault Scenic \u00e9lue voiture de l&rsquo;ann\u00e9e 2024"},"content":{"rendered":"<h2>Voiture de l&rsquo;ann\u00e9e 2024<\/h2>\n<p>L&rsquo;\u00e9lection europ\u00e9enne de la \u00ab\u00a0Voiture de l&rsquo;ann\u00e9e\u00a0\u00bb existe depuis 1964 et constitue le prix automobile le plus important en Europe. En 2021, c&rsquo;est la <a href=\"https:\/\/autorai.nl\/toyota-yaris-auto-van-het-jaar-2021\/\" target=\"_blank\" rel=\"noreferrer noopener\">Toyota Yaris<\/a> qui a remport\u00e9 la victoire. En 2022, il s&rsquo;agissait encore de la <a href=\"https:\/\/autorai.nl\/kia-ev6-is-auto-van-het-jaar-2022\/\" target=\"_blank\" rel=\"noreferrer noopener\">Kia EV6<\/a>. En 2023, la <a href=\"https:\/\/autorai.nl\/review-jeep-avenger-full-electric-summit-2023-de-nieuwe-verkooptopper\/\" target=\"_blank\" rel=\"noreferrer noopener\">Jeep Avenger<\/a> a \u00e9t\u00e9 \u00e9lue Voiture de l&rsquo;ann\u00e9e. En 2024, la bataille se jouera entre la BMW S\u00e9rie 5, la BYD Seal, la Kia EV9, la Peugeot e-3008\/3008, la Renault Sc\u00e9nic, la Toyota C-HR et la Volvo EX30. La nouvelle Renault Sc\u00e9nic a r\u00e9ussi \u00e0 s&rsquo;imposer. Cette ann\u00e9e, quatre des sept finalistes \u00e9taient enti\u00e8rement \u00e9lectriques et les trois autres avaient des groupes motopropulseurs enti\u00e8rement \u00e9lectriques et\/ou hybrides rechargeables.<\/p>\n<h2>R\u00e9sultats 2024<\/h2>\n<p>La BMW S\u00e9rie 5 est arriv\u00e9e en deuxi\u00e8me position lors de l&rsquo;\u00e9lection de 2024 avec 308 voix. La Peugeot 3008 s&rsquo;est class\u00e9e troisi\u00e8me avec 197 points. Nous dressons la liste des r\u00e9sultats.<\/p>\n<ul>\n<li>Renault Sc\u00e9nic : 329 points<\/li>\n<li>BMW S\u00e9rie 5 : 308 points<\/li>\n<li>Peugeot 3008 : 197 points<\/li>\n<li>Kia EV9 : 190 points<\/li>\n<li>Volvo EX30 : 168 points<\/li>\n<li>BYD Seal : 131 points<\/li>\n<li>Toyota C-HR : 127 points<\/li>\n<\/ul>\n<h2>Pr\u00e9c\u00e9dents vainqueurs de Renault<\/h2>\n<p>Pour l&rsquo;\u00e9dition 2024 de l&rsquo;\u00e9lection de la Voiture de l&rsquo;ann\u00e9e, 28 nouveaux mod\u00e8les ont \u00e9t\u00e9 test\u00e9s de mani\u00e8re approfondie et jug\u00e9s par un jury international compos\u00e9 de 59 journalistes automobiles de 22 pays europ\u00e9ens. Sept finalistes ont ensuite \u00e9t\u00e9 nomm\u00e9s lors du premier tour de scrutin en novembre 2023. Apr\u00e8s la Renault 16 (1966), la Renault 9 (1982), la Renault Clio (1991), la Renault Sc\u00e9nic (1997), la Renault M\u00e9gane (2003) et la Renault Clio (2006), c&rsquo;est la septi\u00e8me fois que Renault remporte le titre de Voiture de l&rsquo;ann\u00e9e.<\/p>\n<h2>A propos du Renault Scenic E-Tech \u00e9lectrique<\/h2>\n<p>Le Renault Scenic E-Tech \u00e9lectrique est bas\u00e9 sur la plateforme moyenne AmpR (anciennement CMF-EV). Il s&rsquo;agit d&rsquo;une voiture familiale du segment C. La voiture est agile (1 790 kg) et compacte (4,47 m\u00e8tres de long) tout en \u00e9tant adapt\u00e9e aux longs trajets avec une autonomie pouvant atteindre 625 km (WLTP). Le nouveau Renault Scenic E-Tech \u00e9lectrique peut \u00eatre command\u00e9 \u00e0 partir de 42 470 euros. Le prix de base s&rsquo;applique \u00e0 la gamme evolution comfort avec une batterie de 60 kWh. Les prix de la version longue avec une batterie de 87 kWh, disponible \u00e0 partir de la version techno, commencent \u00e0 47 970 euros. La livraison du Scenic E-Tech \u00e9lectrique d\u00e9butera au printemps 2024.<\/p>\n","protected":false},"excerpt":{"rendered":"Voiture de l'ann\u00e9e 2024 L'\u00e9lection europ\u00e9enne de la \"Voiture de l'ann\u00e9e\" existe depuis 1964 et constitue le prix automobile le\u2026","protected":false},"author":0,"featured_media":143254,"comment_status":"","ping_status":"open","sticky":false,"template":"","format":"standard","meta":{"footnotes":""},"categories":[131,127],"tags":[],"class_list":["post-143287","post","type-post","status-publish","format-standard","has-post-thumbnail","hentry","category-fond","category-nouvelles-de-voiture"],"acf":[],"yoast_head":"<!-- This site is optimized with the Yoast SEO plugin v21.2 - https:\/\/yoast.com\/wordpress\/plugins\/seo\/ -->\n<title>Renault Scenic \u00e9lue voiture de l&#039;ann\u00e9e 2024 - All cars news<\/title>\n<meta name=\"robots\" content=\"index, follow, max-snippet:-1, max-image-preview:large, max-video-preview:-1\" \/>\n<link rel=\"canonical\" href=\"https:\/\/all-car-news.com\/fr\/renault-scenic-elue-voiture-de-lannee-2024\/\" \/>\n<meta property=\"og:locale\" content=\"fr_FR\" \/>\n<meta property=\"og:type\" content=\"article\" \/>\n<meta property=\"og:title\" content=\"Renault Scenic \u00e9lue voiture de l&#039;ann\u00e9e 2024 - All cars news\" \/>\n<meta property=\"og:description\" content=\"Voiture de l&#039;ann\u00e9e 2024 L&#039;\u00e9lection europ\u00e9enne de la &quot;Voiture de l&#039;ann\u00e9e&quot; existe depuis 1964 et constitue le prix automobile le plus important en Europe. En 2021, c&#039;est la Toyota Yaris qui a remport\u00e9 la victoire. En 2022, il s&#039;agissait encore de la Kia EV6. En 2023, la Jeep Avenger a \u00e9t\u00e9 \u00e9lue Voiture de l&#039;ann\u00e9e. En 2024, la bataille pour [...]\" \/>\n<meta property=\"og:url\" content=\"https:\/\/all-car-news.com\/fr\/renault-scenic-elue-voiture-de-lannee-2024\/\" \/>\n<meta property=\"og:site_name\" content=\"All cars news\" \/>\n<meta property=\"article:published_time\" content=\"2024-02-26T09:44:12+00:00\" \/>\n<meta name=\"twitter:card\" content=\"summary_large_image\" \/>\n<meta name=\"twitter:label1\" content=\"Dur\u00e9e de lecture estim\u00e9e\" \/>\n\t<meta name=\"twitter:data1\" content=\"2 minutes\" \/>\n<script type=\"application\/ld+json\" class=\"yoast-schema-graph\">{\"@context\":\"https:\/\/schema.org\",\"@graph\":[{\"@type\":\"Article\",\"@id\":\"https:\/\/all-car-news.com\/fr\/renault-scenic-elue-voiture-de-lannee-2024\/#article\",\"isPartOf\":{\"@id\":\"https:\/\/all-car-news.com\/fr\/renault-scenic-elue-voiture-de-lannee-2024\/\"},\"author\":{\"name\":\"\",\"@id\":\"\"},\"headline\":\"Renault Scenic \u00e9lue voiture de l&rsquo;ann\u00e9e 2024\",\"datePublished\":\"2024-02-26T09:44:12+00:00\",\"dateModified\":\"2024-02-26T09:44:12+00:00\",\"mainEntityOfPage\":{\"@id\":\"https:\/\/all-car-news.com\/fr\/renault-scenic-elue-voiture-de-lannee-2024\/\"},\"wordCount\":390,\"publisher\":{\"@id\":\"https:\/\/all-car-news.com\/fr\/#organization\"},\"articleSection\":[\"Fond\",\"nouvelles de voiture\"],\"inLanguage\":\"fr-FR\"},{\"@type\":\"WebPage\",\"@id\":\"https:\/\/all-car-news.com\/fr\/renault-scenic-elue-voiture-de-lannee-2024\/\",\"url\":\"https:\/\/all-car-news.com\/fr\/renault-scenic-elue-voiture-de-lannee-2024\/\",\"name\":\"Renault Scenic \u00e9lue voiture de l'ann\u00e9e 2024 - All cars news\",\"isPartOf\":{\"@id\":\"https:\/\/all-car-news.com\/fr\/#website\"},\"datePublished\":\"2024-02-26T09:44:12+00:00\",\"dateModified\":\"2024-02-26T09:44:12+00:00\",\"breadcrumb\":{\"@id\":\"https:\/\/all-car-news.com\/fr\/renault-scenic-elue-voiture-de-lannee-2024\/#breadcrumb\"},\"inLanguage\":\"fr-FR\",\"potentialAction\":[{\"@type\":\"ReadAction\",\"target\":[\"https:\/\/all-car-news.com\/fr\/renault-scenic-elue-voiture-de-lannee-2024\/\"]}]},{\"@type\":\"BreadcrumbList\",\"@id\":\"https:\/\/all-car-news.com\/fr\/renault-scenic-elue-voiture-de-lannee-2024\/#breadcrumb\",\"itemListElement\":[{\"@type\":\"ListItem\",\"position\":1,\"name\":\"Home\",\"item\":\"https:\/\/all-car-news.com\/fr\/\"},{\"@type\":\"ListItem\",\"position\":2,\"name\":\"Renault Scenic \u00e9lue voiture de l&rsquo;ann\u00e9e 2024\"}]},{\"@type\":\"WebSite\",\"@id\":\"https:\/\/all-car-news.com\/fr\/#website\",\"url\":\"https:\/\/all-car-news.com\/fr\/\",\"name\":\"All cars news\",\"description\":\"\",\"publisher\":{\"@id\":\"https:\/\/all-car-news.com\/fr\/#organization\"},\"potentialAction\":[{\"@type\":\"SearchAction\",\"target\":{\"@type\":\"EntryPoint\",\"urlTemplate\":\"https:\/\/all-car-news.com\/fr\/?s={search_term_string}\"},\"query-input\":\"required name=search_term_string\"}],\"inLanguage\":\"fr-FR\"},{\"@type\":\"Organization\",\"@id\":\"https:\/\/all-car-news.com\/fr\/#organization\",\"name\":\"All cars news\",\"url\":\"https:\/\/all-car-news.com\/fr\/\",\"logo\":{\"@type\":\"ImageObject\",\"inLanguage\":\"fr-FR\",\"@id\":\"https:\/\/all-car-news.com\/fr\/#\/schema\/logo\/image\/\",\"url\":\"https:\/\/all-car-news.com\/wp-content\/uploads\/2022\/02\/CMYK-AllCarNews_LANDSCAPE_300px-1.png\",\"contentUrl\":\"https:\/\/all-car-news.com\/wp-content\/uploads\/2022\/02\/CMYK-AllCarNews_LANDSCAPE_300px-1.png\",\"width\":300,\"height\":100,\"caption\":\"All cars news\"},\"image\":{\"@id\":\"https:\/\/all-car-news.com\/fr\/#\/schema\/logo\/image\/\"}}]}<\/script>\n<!-- \/ Yoast SEO plugin. -->","yoast_head_json":{"title":"Renault Scenic \u00e9lue voiture de l'ann\u00e9e 2024 - All cars news","robots":{"index":"index","follow":"follow","max-snippet":"max-snippet:-1","max-image-preview":"max-image-preview:large","max-video-preview":"max-video-preview:-1"},"canonical":"https:\/\/all-car-news.com\/fr\/renault-scenic-elue-voiture-de-lannee-2024\/","og_locale":"fr_FR","og_type":"article","og_title":"Renault Scenic \u00e9lue voiture de l'ann\u00e9e 2024 - All cars news","og_description":"Voiture de l'ann\u00e9e 2024 L'\u00e9lection europ\u00e9enne de la \"Voiture de l'ann\u00e9e\" existe depuis 1964 et constitue le prix automobile le plus important en Europe. En 2021, c'est la Toyota Yaris qui a remport\u00e9 la victoire. En 2022, il s'agissait encore de la Kia EV6. En 2023, la Jeep Avenger a \u00e9t\u00e9 \u00e9lue Voiture de l'ann\u00e9e. En 2024, la bataille pour [...]","og_url":"https:\/\/all-car-news.com\/fr\/renault-scenic-elue-voiture-de-lannee-2024\/","og_site_name":"All cars news","article_published_time":"2024-02-26T09:44:12+00:00","twitter_card":"summary_large_image","twitter_misc":{"Dur\u00e9e de lecture estim\u00e9e":"2 minutes"},"schema":{"@context":"https:\/\/schema.org","@graph":[{"@type":"Article","@id":"https:\/\/all-car-news.com\/fr\/renault-scenic-elue-voiture-de-lannee-2024\/#article","isPartOf":{"@id":"https:\/\/all-car-news.com\/fr\/renault-scenic-elue-voiture-de-lannee-2024\/"},"author":{"name":"","@id":""},"headline":"Renault Scenic \u00e9lue voiture de l&rsquo;ann\u00e9e 2024","datePublished":"2024-02-26T09:44:12+00:00","dateModified":"2024-02-26T09:44:12+00:00","mainEntityOfPage":{"@id":"https:\/\/all-car-news.com\/fr\/renault-scenic-elue-voiture-de-lannee-2024\/"},"wordCount":390,"publisher":{"@id":"https:\/\/all-car-news.com\/fr\/#organization"},"articleSection":["Fond","nouvelles de voiture"],"inLanguage":"fr-FR"},{"@type":"WebPage","@id":"https:\/\/all-car-news.com\/fr\/renault-scenic-elue-voiture-de-lannee-2024\/","url":"https:\/\/all-car-news.com\/fr\/renault-scenic-elue-voiture-de-lannee-2024\/","name":"Renault Scenic \u00e9lue voiture de l'ann\u00e9e 2024 - All cars news","isPartOf":{"@id":"https:\/\/all-car-news.com\/fr\/#website"},"datePublished":"2024-02-26T09:44:12+00:00","dateModified":"2024-02-26T09:44:12+00:00","breadcrumb":{"@id":"https:\/\/all-car-news.com\/fr\/renault-scenic-elue-voiture-de-lannee-2024\/#breadcrumb"},"inLanguage":"fr-FR","potentialAction":[{"@type":"ReadAction","target":["https:\/\/all-car-news.com\/fr\/renault-scenic-elue-voiture-de-lannee-2024\/"]}]},{"@type":"BreadcrumbList","@id":"https:\/\/all-car-news.com\/fr\/renault-scenic-elue-voiture-de-lannee-2024\/#breadcrumb","itemListElement":[{"@type":"ListItem","position":1,"name":"Home","item":"https:\/\/all-car-news.com\/fr\/"},{"@type":"ListItem","position":2,"name":"Renault Scenic \u00e9lue voiture de l&rsquo;ann\u00e9e 2024"}]},{"@type":"WebSite","@id":"https:\/\/all-car-news.com\/fr\/#website","url":"https:\/\/all-car-news.com\/fr\/","name":"All cars news","description":"","publisher":{"@id":"https:\/\/all-car-news.com\/fr\/#organization"},"potentialAction":[{"@type":"SearchAction","target":{"@type":"EntryPoint","urlTemplate":"https:\/\/all-car-news.com\/fr\/?s={search_term_string}"},"query-input":"required name=search_term_string"}],"inLanguage":"fr-FR"},{"@type":"Organization","@id":"https:\/\/all-car-news.com\/fr\/#organization","name":"All cars news","url":"https:\/\/all-car-news.com\/fr\/","logo":{"@type":"ImageObject","inLanguage":"fr-FR","@id":"https:\/\/all-car-news.com\/fr\/#\/schema\/logo\/image\/","url":"https:\/\/all-car-news.com\/wp-content\/uploads\/2022\/02\/CMYK-AllCarNews_LANDSCAPE_300px-1.png","contentUrl":"https:\/\/all-car-news.com\/wp-content\/uploads\/2022\/02\/CMYK-AllCarNews_LANDSCAPE_300px-1.png","width":300,"height":100,"caption":"All cars news"},"image":{"@id":"https:\/\/all-car-news.com\/fr\/#\/schema\/logo\/image\/"}}]}},"_links":{"self":[{"href":"https:\/\/all-car-news.com\/fr\/wp-json\/wp\/v2\/posts\/143287","targetHints":{"allow":["GET"]}}],"collection":[{"href":"https:\/\/all-car-news.com\/fr\/wp-json\/wp\/v2\/posts"}],"about":[{"href":"https:\/\/all-car-news.com\/fr\/wp-json\/wp\/v2\/types\/post"}],"replies":[{"embeddable":true,"href":"https:\/\/all-car-news.com\/fr\/wp-json\/wp\/v2\/comments?post=143287"}],"version-history":[{"count":0,"href":"https:\/\/all-car-news.com\/fr\/wp-json\/wp\/v2\/posts\/143287\/revisions"}],"wp:featuredmedia":[{"embeddable":true,"href":"https:\/\/all-car-news.com\/fr\/wp-json\/wp\/v2\/media\/143254"}],"wp:attachment":[{"href":"https:\/\/all-car-news.com\/fr\/wp-json\/wp\/v2\/media?parent=143287"}],"wp:term":[{"taxonomy":"category","embeddable":true,"href":"https:\/\/all-car-news.com\/fr\/wp-json\/wp\/v2\/categories?post=143287"},{"taxonomy":"post_tag","embeddable":true,"href":"https:\/\/all-car-news.com\/fr\/wp-json\/wp\/v2\/tags?post=143287"}],"curies":[{"name":"wp","href":"https:\/\/api.w.org\/{rel}","templated":true}]}}