{"id":142753,"date":"2024-02-02T10:16:51","date_gmt":"2024-02-02T10:16:51","guid":{"rendered":"https:\/\/all-car-news.com\/il-sagit-presque-de-la-premiere-volkswagen-golf\/"},"modified":"2024-02-02T10:16:51","modified_gmt":"2024-02-02T10:16:51","slug":"il-sagit-presque-de-la-premiere-volkswagen-golf","status":"publish","type":"post","link":"https:\/\/all-car-news.com\/fr\/il-sagit-presque-de-la-premiere-volkswagen-golf\/","title":{"rendered":"Il s&rsquo;agit presque de la premi\u00e8re Volkswagen Golf"},"content":{"rendered":"<h2>Volkswagen Golf<\/h2>\n<p>\u00c0 Wolfsburg, la volont\u00e9 d&rsquo;innovation au sein de Volkswagen s&rsquo;est manifest\u00e9e \u00e0 la fin des ann\u00e9es 1960. La l\u00e9gendaire Coccinelle \u00e9tait d\u00e9sormais ancienne et avait besoin d&rsquo;un successeur contemporain. Plusieurs mod\u00e8les d&rsquo;\u00e9tude ont \u00e9t\u00e9 construits, dont l&rsquo;EA 276. EA est l&rsquo;abr\u00e9viation de Entwicklungsauftrag, ou \u00ab\u00a0contrat de d\u00e9veloppement\u00a0\u00bb.<\/p>\n<\/p>\n<figure class=\"wp-block-image size-content\"><img decoding=\"async\" loading=\"lazy\" width=\"1140\" height=\"760\" src=\"https:\/\/autorai.nl\/wp-content\/uploads\/2024\/02\/ea2764-1140x760.jpg\" alt=\"\" class=\"wp-image-173810\"><figcaption>Voiture conceptuelle EA 276<\/figcaption><\/figure>\n<p>Hormis sa taille, son hayon et ses feux arri\u00e8re anguleux, le mod\u00e8le conceptuel ne ressemble gu\u00e8re au mod\u00e8le de production final. En outre, sous le capot se trouvait toujours le moteur boxer \u00e0 refroidissement par air de la Coccinelle, bien qu&rsquo;il soit d\u00e9pass\u00e9. Mais cette fois, \u00e0 l&rsquo;avant de la voiture. Cela a permis de maintenir les co\u00fbts de d\u00e9veloppement \u00e0 un niveau peu \u00e9lev\u00e9 et de garantir la fiabilit\u00e9.  <\/p>\n<figure class=\"wp-block-image size-content\"><img decoding=\"async\" loading=\"lazy\" width=\"1140\" height=\"760\" src=\"https:\/\/autorai.nl\/wp-content\/uploads\/2024\/02\/ea2762-1140x760.jpg\" alt=\"\" class=\"wp-image-173809\"><figcaption>Voiture conceptuelle EA 276<\/figcaption><\/figure>\n<p>Un an plus tard, en 1970, le designer italien Giorgetto Giugiaro est charg\u00e9 de d\u00e9velopper le concept. C&rsquo;est ainsi qu&rsquo;est n\u00e9e la Golf 1, qui est arriv\u00e9e sur le march\u00e9 en 1974. Giugiaro est impressionn\u00e9 par les phares carr\u00e9s de l&rsquo;EA 276, mais ils s&rsquo;av\u00e8rent trop co\u00fbteux pour \u00eatre mis en production. C&rsquo;est ainsi que la premi\u00e8re Golf a fini par avoir son visage embl\u00e9matique avec des phares ronds. Vous voulez en savoir plus sur l&rsquo;histoire du Golfe ? Dans <a href=\"https:\/\/autorai.nl\/fotoreportage-volkswagen-viert-50-jaar-golf-tijdens-ijsrace-in-zell-am-see\/\" target=\"_blank\" rel=\"noreferrer noopener\">ce<\/a> cas, lisez ce qui suit :<\/p>\n<figure class=\"wp-block-embed is-type-wp-embed is-provider-autorai-nl wp-block-embed-autorai-nl\">\n<div class=\"wp-block-embed__wrapper\">\n<blockquote class=\"wp-embedded-content\" data-secret=\"s3yV9Tm3eA\"><p><a href=\"https:\/\/autorai.nl\/fotoreportage-volkswagen-viert-50-jaar-golf-tijdens-ijsrace-in-zell-am-see\/\">PHOTORAPPORT : Volkswagen c\u00e9l\u00e8bre les 50 ans de la Golf lors d&rsquo;une course sur glace \u00e0 Zell am See<\/a><\/p><\/blockquote>\n<\/div>\n<\/figure>\n<figure class=\"wp-block-image size-content\"><img decoding=\"async\" loading=\"lazy\" width=\"1140\" height=\"641\" src=\"https:\/\/autorai.nl\/wp-content\/uploads\/2024\/02\/golf1-ea276-1140x641.jpg\" alt=\"\" class=\"wp-image-173811\"><\/figure>\n<\/p><\/p>\n","protected":false},"excerpt":{"rendered":"Volkswagen Golf \u00c0 Wolfsburg, la volont\u00e9 d'innover est apparue au sein de Volkswagen \u00e0 la fin des ann\u00e9es 1960. La\u2026","protected":false},"author":0,"featured_media":142718,"comment_status":"","ping_status":"open","sticky":false,"template":"","format":"standard","meta":{"footnotes":""},"categories":[131],"tags":[],"class_list":["post-142753","post","type-post","status-publish","format-standard","has-post-thumbnail","hentry","category-fond"],"acf":[],"yoast_head":"<!-- This site is optimized with the Yoast SEO plugin v21.2 - https:\/\/yoast.com\/wordpress\/plugins\/seo\/ -->\n<title>Il s&#039;agit presque de la premi\u00e8re Volkswagen Golf - All cars news<\/title>\n<meta name=\"robots\" content=\"index, follow, max-snippet:-1, max-image-preview:large, max-video-preview:-1\" \/>\n<link rel=\"canonical\" href=\"https:\/\/all-car-news.com\/fr\/il-sagit-presque-de-la-premiere-volkswagen-golf\/\" \/>\n<meta property=\"og:locale\" content=\"fr_FR\" \/>\n<meta property=\"og:type\" content=\"article\" \/>\n<meta property=\"og:title\" content=\"Il s&#039;agit presque de la premi\u00e8re Volkswagen Golf - All cars news\" \/>\n<meta property=\"og:description\" content=\"Volkswagen Golf \u00c0 Wolfsburg, la volont\u00e9 d&#039;innover est apparue au sein de Volkswagen \u00e0 la fin des ann\u00e9es 1960. La l\u00e9gendaire Coccinelle \u00e9tait d\u00e9sormais ancienne et avait besoin d&#039;un successeur contemporain. Plusieurs mod\u00e8les d&#039;\u00e9tude ont \u00e9t\u00e9 construits, dont l&#039;EA 276. EA est l&#039;abr\u00e9viation de Entwicklungsauftrag, ou &quot;contrat de d\u00e9veloppement&quot;. Hormis sa taille, son hayon et ses feux arri\u00e8re anguleux, le mod\u00e8le conceptuel ne montre pas grand-chose [...]\" \/>\n<meta property=\"og:url\" content=\"https:\/\/all-car-news.com\/fr\/il-sagit-presque-de-la-premiere-volkswagen-golf\/\" \/>\n<meta property=\"og:site_name\" content=\"All cars news\" \/>\n<meta property=\"article:published_time\" content=\"2024-02-02T10:16:51+00:00\" \/>\n<meta property=\"og:image\" content=\"https:\/\/autorai.nl\/wp-content\/uploads\/2024\/02\/ea2764-1140x760.jpg\" \/>\n<meta name=\"twitter:card\" content=\"summary_large_image\" \/>\n<meta name=\"twitter:label1\" content=\"Dur\u00e9e de lecture estim\u00e9e\" \/>\n\t<meta name=\"twitter:data1\" content=\"1 minute\" \/>\n<script type=\"application\/ld+json\" class=\"yoast-schema-graph\">{\"@context\":\"https:\/\/schema.org\",\"@graph\":[{\"@type\":\"Article\",\"@id\":\"https:\/\/all-car-news.com\/fr\/il-sagit-presque-de-la-premiere-volkswagen-golf\/#article\",\"isPartOf\":{\"@id\":\"https:\/\/all-car-news.com\/fr\/il-sagit-presque-de-la-premiere-volkswagen-golf\/\"},\"author\":{\"name\":\"\",\"@id\":\"\"},\"headline\":\"Il s&rsquo;agit presque de la premi\u00e8re Volkswagen Golf\",\"datePublished\":\"2024-02-02T10:16:51+00:00\",\"dateModified\":\"2024-02-02T10:16:51+00:00\",\"mainEntityOfPage\":{\"@id\":\"https:\/\/all-car-news.com\/fr\/il-sagit-presque-de-la-premiere-volkswagen-golf\/\"},\"wordCount\":249,\"publisher\":{\"@id\":\"https:\/\/all-car-news.com\/fr\/#organization\"},\"articleSection\":[\"Fond\"],\"inLanguage\":\"fr-FR\"},{\"@type\":\"WebPage\",\"@id\":\"https:\/\/all-car-news.com\/fr\/il-sagit-presque-de-la-premiere-volkswagen-golf\/\",\"url\":\"https:\/\/all-car-news.com\/fr\/il-sagit-presque-de-la-premiere-volkswagen-golf\/\",\"name\":\"Il s'agit presque de la premi\u00e8re Volkswagen Golf - All cars news\",\"isPartOf\":{\"@id\":\"https:\/\/all-car-news.com\/fr\/#website\"},\"datePublished\":\"2024-02-02T10:16:51+00:00\",\"dateModified\":\"2024-02-02T10:16:51+00:00\",\"breadcrumb\":{\"@id\":\"https:\/\/all-car-news.com\/fr\/il-sagit-presque-de-la-premiere-volkswagen-golf\/#breadcrumb\"},\"inLanguage\":\"fr-FR\",\"potentialAction\":[{\"@type\":\"ReadAction\",\"target\":[\"https:\/\/all-car-news.com\/fr\/il-sagit-presque-de-la-premiere-volkswagen-golf\/\"]}]},{\"@type\":\"BreadcrumbList\",\"@id\":\"https:\/\/all-car-news.com\/fr\/il-sagit-presque-de-la-premiere-volkswagen-golf\/#breadcrumb\",\"itemListElement\":[{\"@type\":\"ListItem\",\"position\":1,\"name\":\"Home\",\"item\":\"https:\/\/all-car-news.com\/fr\/\"},{\"@type\":\"ListItem\",\"position\":2,\"name\":\"Il s&rsquo;agit presque de la premi\u00e8re Volkswagen Golf\"}]},{\"@type\":\"WebSite\",\"@id\":\"https:\/\/all-car-news.com\/fr\/#website\",\"url\":\"https:\/\/all-car-news.com\/fr\/\",\"name\":\"All cars news\",\"description\":\"\",\"publisher\":{\"@id\":\"https:\/\/all-car-news.com\/fr\/#organization\"},\"potentialAction\":[{\"@type\":\"SearchAction\",\"target\":{\"@type\":\"EntryPoint\",\"urlTemplate\":\"https:\/\/all-car-news.com\/fr\/?s={search_term_string}\"},\"query-input\":\"required name=search_term_string\"}],\"inLanguage\":\"fr-FR\"},{\"@type\":\"Organization\",\"@id\":\"https:\/\/all-car-news.com\/fr\/#organization\",\"name\":\"All cars news\",\"url\":\"https:\/\/all-car-news.com\/fr\/\",\"logo\":{\"@type\":\"ImageObject\",\"inLanguage\":\"fr-FR\",\"@id\":\"https:\/\/all-car-news.com\/fr\/#\/schema\/logo\/image\/\",\"url\":\"https:\/\/all-car-news.com\/wp-content\/uploads\/2022\/02\/CMYK-AllCarNews_LANDSCAPE_300px-1.png\",\"contentUrl\":\"https:\/\/all-car-news.com\/wp-content\/uploads\/2022\/02\/CMYK-AllCarNews_LANDSCAPE_300px-1.png\",\"width\":300,\"height\":100,\"caption\":\"All cars news\"},\"image\":{\"@id\":\"https:\/\/all-car-news.com\/fr\/#\/schema\/logo\/image\/\"}}]}<\/script>\n<!-- \/ Yoast SEO plugin. -->","yoast_head_json":{"title":"Il s'agit presque de la premi\u00e8re Volkswagen Golf - All cars news","robots":{"index":"index","follow":"follow","max-snippet":"max-snippet:-1","max-image-preview":"max-image-preview:large","max-video-preview":"max-video-preview:-1"},"canonical":"https:\/\/all-car-news.com\/fr\/il-sagit-presque-de-la-premiere-volkswagen-golf\/","og_locale":"fr_FR","og_type":"article","og_title":"Il s'agit presque de la premi\u00e8re Volkswagen Golf - All cars news","og_description":"Volkswagen Golf \u00c0 Wolfsburg, la volont\u00e9 d'innover est apparue au sein de Volkswagen \u00e0 la fin des ann\u00e9es 1960. La l\u00e9gendaire Coccinelle \u00e9tait d\u00e9sormais ancienne et avait besoin d'un successeur contemporain. Plusieurs mod\u00e8les d'\u00e9tude ont \u00e9t\u00e9 construits, dont l'EA 276. EA est l'abr\u00e9viation de Entwicklungsauftrag, ou \"contrat de d\u00e9veloppement\". Hormis sa taille, son hayon et ses feux arri\u00e8re anguleux, le mod\u00e8le conceptuel ne montre pas grand-chose [...]","og_url":"https:\/\/all-car-news.com\/fr\/il-sagit-presque-de-la-premiere-volkswagen-golf\/","og_site_name":"All cars news","article_published_time":"2024-02-02T10:16:51+00:00","og_image":[{"url":"https:\/\/autorai.nl\/wp-content\/uploads\/2024\/02\/ea2764-1140x760.jpg"}],"twitter_card":"summary_large_image","twitter_misc":{"Dur\u00e9e de lecture estim\u00e9e":"1 minute"},"schema":{"@context":"https:\/\/schema.org","@graph":[{"@type":"Article","@id":"https:\/\/all-car-news.com\/fr\/il-sagit-presque-de-la-premiere-volkswagen-golf\/#article","isPartOf":{"@id":"https:\/\/all-car-news.com\/fr\/il-sagit-presque-de-la-premiere-volkswagen-golf\/"},"author":{"name":"","@id":""},"headline":"Il s&rsquo;agit presque de la premi\u00e8re Volkswagen Golf","datePublished":"2024-02-02T10:16:51+00:00","dateModified":"2024-02-02T10:16:51+00:00","mainEntityOfPage":{"@id":"https:\/\/all-car-news.com\/fr\/il-sagit-presque-de-la-premiere-volkswagen-golf\/"},"wordCount":249,"publisher":{"@id":"https:\/\/all-car-news.com\/fr\/#organization"},"articleSection":["Fond"],"inLanguage":"fr-FR"},{"@type":"WebPage","@id":"https:\/\/all-car-news.com\/fr\/il-sagit-presque-de-la-premiere-volkswagen-golf\/","url":"https:\/\/all-car-news.com\/fr\/il-sagit-presque-de-la-premiere-volkswagen-golf\/","name":"Il s'agit presque de la premi\u00e8re Volkswagen Golf - All cars news","isPartOf":{"@id":"https:\/\/all-car-news.com\/fr\/#website"},"datePublished":"2024-02-02T10:16:51+00:00","dateModified":"2024-02-02T10:16:51+00:00","breadcrumb":{"@id":"https:\/\/all-car-news.com\/fr\/il-sagit-presque-de-la-premiere-volkswagen-golf\/#breadcrumb"},"inLanguage":"fr-FR","potentialAction":[{"@type":"ReadAction","target":["https:\/\/all-car-news.com\/fr\/il-sagit-presque-de-la-premiere-volkswagen-golf\/"]}]},{"@type":"BreadcrumbList","@id":"https:\/\/all-car-news.com\/fr\/il-sagit-presque-de-la-premiere-volkswagen-golf\/#breadcrumb","itemListElement":[{"@type":"ListItem","position":1,"name":"Home","item":"https:\/\/all-car-news.com\/fr\/"},{"@type":"ListItem","position":2,"name":"Il s&rsquo;agit presque de la premi\u00e8re Volkswagen Golf"}]},{"@type":"WebSite","@id":"https:\/\/all-car-news.com\/fr\/#website","url":"https:\/\/all-car-news.com\/fr\/","name":"All cars news","description":"","publisher":{"@id":"https:\/\/all-car-news.com\/fr\/#organization"},"potentialAction":[{"@type":"SearchAction","target":{"@type":"EntryPoint","urlTemplate":"https:\/\/all-car-news.com\/fr\/?s={search_term_string}"},"query-input":"required name=search_term_string"}],"inLanguage":"fr-FR"},{"@type":"Organization","@id":"https:\/\/all-car-news.com\/fr\/#organization","name":"All cars news","url":"https:\/\/all-car-news.com\/fr\/","logo":{"@type":"ImageObject","inLanguage":"fr-FR","@id":"https:\/\/all-car-news.com\/fr\/#\/schema\/logo\/image\/","url":"https:\/\/all-car-news.com\/wp-content\/uploads\/2022\/02\/CMYK-AllCarNews_LANDSCAPE_300px-1.png","contentUrl":"https:\/\/all-car-news.com\/wp-content\/uploads\/2022\/02\/CMYK-AllCarNews_LANDSCAPE_300px-1.png","width":300,"height":100,"caption":"All cars news"},"image":{"@id":"https:\/\/all-car-news.com\/fr\/#\/schema\/logo\/image\/"}}]}},"_links":{"self":[{"href":"https:\/\/all-car-news.com\/fr\/wp-json\/wp\/v2\/posts\/142753","targetHints":{"allow":["GET"]}}],"collection":[{"href":"https:\/\/all-car-news.com\/fr\/wp-json\/wp\/v2\/posts"}],"about":[{"href":"https:\/\/all-car-news.com\/fr\/wp-json\/wp\/v2\/types\/post"}],"replies":[{"embeddable":true,"href":"https:\/\/all-car-news.com\/fr\/wp-json\/wp\/v2\/comments?post=142753"}],"version-history":[{"count":0,"href":"https:\/\/all-car-news.com\/fr\/wp-json\/wp\/v2\/posts\/142753\/revisions"}],"wp:featuredmedia":[{"embeddable":true,"href":"https:\/\/all-car-news.com\/fr\/wp-json\/wp\/v2\/media\/142718"}],"wp:attachment":[{"href":"https:\/\/all-car-news.com\/fr\/wp-json\/wp\/v2\/media?parent=142753"}],"wp:term":[{"taxonomy":"category","embeddable":true,"href":"https:\/\/all-car-news.com\/fr\/wp-json\/wp\/v2\/categories?post=142753"},{"taxonomy":"post_tag","embeddable":true,"href":"https:\/\/all-car-news.com\/fr\/wp-json\/wp\/v2\/tags?post=142753"}],"curies":[{"name":"wp","href":"https:\/\/api.w.org\/{rel}","templated":true}]}}