{"id":141539,"date":"2023-12-21T12:38:41","date_gmt":"2023-12-21T12:38:41","guid":{"rendered":"https:\/\/all-car-news.com\/cupra-baisse-ses-prix-nee-nettement-moins-chere-que-la-volkswagen-id-3\/"},"modified":"2023-12-21T12:38:41","modified_gmt":"2023-12-21T12:38:41","slug":"cupra-baisse-ses-prix-nee-nettement-moins-chere-que-la-volkswagen-id-3","status":"publish","type":"post","link":"https:\/\/all-car-news.com\/fr\/cupra-baisse-ses-prix-nee-nettement-moins-chere-que-la-volkswagen-id-3\/","title":{"rendered":"Cupra baisse ses prix : N\u00e9e nettement moins ch\u00e8re que la Volkswagen ID.3"},"content":{"rendered":"<h2>Impulsion de naissance<\/h2>\n<p>Alors que chez Volkswagen, il faut d\u00e9bourser 42.690 euros pour une ID.3 d&rsquo;entr\u00e9e de gamme, chez Cupra, il faut d\u00e9sormais d\u00e9bourser 36.940 euros pour le m\u00eame mod\u00e8le. La diff\u00e9rence de prix est consid\u00e9rable, mais il convient de noter que l&rsquo;ID.3 a b\u00e9n\u00e9fici\u00e9 d&rsquo;un lifting interm\u00e9diaire, alors que le Born n&rsquo;en a pas encore b\u00e9n\u00e9fici\u00e9. Pour ce prix, vous obtenez les cl\u00e9s de la Born Impulse, qui est \u00e9quip\u00e9e d&rsquo;un moteur \u00e9lectrique de 204 chevaux et d&rsquo;une batterie de 58 kWh, capable de parcourir jusqu&rsquo;\u00e0 425 kilom\u00e8tres. Comme la cagnotte du SEPP est loin d&rsquo;\u00eatre vide &#8211; et qu&rsquo;elle sera de nouveau pleine \u00e0 partir de 2024 &#8211; les particuliers peuvent b\u00e9n\u00e9ficier d&rsquo;une subvention de 2 950 euros, ce qui rend la Born drivable \u00e0 partir de 33 990 euros.<\/p>\n<figure class=\"wp-block-image size-content\"><img decoding=\"async\" loading=\"lazy\" width=\"1140\" height=\"644\" src=\"https:\/\/autorai.nl\/wp-content\/uploads\/2023\/12\/cupraborn1-1140x644.jpg\" alt=\"\" class=\"wp-image-171887\"><\/figure>\n<h2>Puissance suppl\u00e9mentaire<\/h2>\n<p>Tous les mod\u00e8les Born &#8211; \u00e0 l&rsquo;exception du mod\u00e8le d&rsquo;entr\u00e9e de gamme d\u00e9crit ci-dessus &#8211; sont d\u00e9sormais \u00e9quip\u00e9s de s\u00e9rie du moteur \u00e9lectrique surpuissant de 231 ch. Ce moteur \u00e9lectrique est fourni de s\u00e9rie en combinaison avec le bloc-batterie de 58 kWh, qui permet une autonomie de 421 kilom\u00e8tres. Les mod\u00e8les Born Business et Born Performance sont \u00e9quip\u00e9s en option d&rsquo;une batterie de 77 kWh, pour une autonomie pouvant atteindre 550 kilom\u00e8tres.  <\/p>\n<\/p>\n<figure class=\"wp-block-embed is-type-video is-provider-youtube wp-block-embed-youtube wp-embed-aspect-16-9 wp-has-aspect-ratio\">\n<div class=\"wp-block-embed__wrapper\">\n<\/div>\n<\/figure>\n<p><a href=\"https:\/\/content.presspage.com\/uploads\/2534\/aa41cab1-3540-43ef-8d20-e9551a1feae5\/1920_cupraborn2-3.jpg?10000\"><\/a><\/p>\n","protected":false},"excerpt":{"rendered":"Born Impulse Alors que chez Volkswagen, il faut d\u00e9bourser 42.690 euros pour une ID.3 d'entr\u00e9e de gamme, chez Cupra, il\u2026","protected":false},"author":0,"featured_media":141530,"comment_status":"","ping_status":"open","sticky":false,"template":"","format":"standard","meta":{"footnotes":""},"categories":[127],"tags":[],"class_list":["post-141539","post","type-post","status-publish","format-standard","has-post-thumbnail","hentry","category-nouvelles-de-voiture"],"acf":[],"yoast_head":"<!-- This site is optimized with the Yoast SEO plugin v21.2 - https:\/\/yoast.com\/wordpress\/plugins\/seo\/ -->\n<title>Cupra baisse ses prix : N\u00e9e nettement moins ch\u00e8re que la Volkswagen ID.3 - All cars news<\/title>\n<meta name=\"robots\" content=\"index, follow, max-snippet:-1, max-image-preview:large, max-video-preview:-1\" \/>\n<link rel=\"canonical\" href=\"https:\/\/all-car-news.com\/fr\/cupra-baisse-ses-prix-nee-nettement-moins-chere-que-la-volkswagen-id-3\/\" \/>\n<meta property=\"og:locale\" content=\"fr_FR\" \/>\n<meta property=\"og:type\" content=\"article\" \/>\n<meta property=\"og:title\" content=\"Cupra baisse ses prix : N\u00e9e nettement moins ch\u00e8re que la Volkswagen ID.3 - All cars news\" \/>\n<meta property=\"og:description\" content=\"Born Impulse Alors que chez Volkswagen, il faut d\u00e9bourser 42.690 euros pour une ID.3 d&#039;entr\u00e9e de gamme, chez Cupra, il faut d\u00e9sormais d\u00e9bourser 36.940 euros pour pratiquement le m\u00eame mod\u00e8le. La diff\u00e9rence de prix est consid\u00e9rable, mais il convient de noter que l&#039;ID.3 a b\u00e9n\u00e9fici\u00e9 d&#039;un lifting interm\u00e9diaire, alors que le Born n&#039;en a pas encore b\u00e9n\u00e9fici\u00e9. Pour cette somme, vous obtenez les cl\u00e9s de la [...]\" \/>\n<meta property=\"og:url\" content=\"https:\/\/all-car-news.com\/fr\/cupra-baisse-ses-prix-nee-nettement-moins-chere-que-la-volkswagen-id-3\/\" \/>\n<meta property=\"og:site_name\" content=\"All cars news\" \/>\n<meta property=\"article:published_time\" content=\"2023-12-21T12:38:41+00:00\" \/>\n<meta property=\"og:image\" content=\"https:\/\/autorai.nl\/wp-content\/uploads\/2023\/12\/cupraborn1-1140x644.jpg\" \/>\n<meta name=\"twitter:card\" content=\"summary_large_image\" \/>\n<meta name=\"twitter:label1\" content=\"Dur\u00e9e de lecture estim\u00e9e\" \/>\n\t<meta name=\"twitter:data1\" content=\"1 minute\" \/>\n<script type=\"application\/ld+json\" class=\"yoast-schema-graph\">{\"@context\":\"https:\/\/schema.org\",\"@graph\":[{\"@type\":\"Article\",\"@id\":\"https:\/\/all-car-news.com\/fr\/cupra-baisse-ses-prix-nee-nettement-moins-chere-que-la-volkswagen-id-3\/#article\",\"isPartOf\":{\"@id\":\"https:\/\/all-car-news.com\/fr\/cupra-baisse-ses-prix-nee-nettement-moins-chere-que-la-volkswagen-id-3\/\"},\"author\":{\"name\":\"\",\"@id\":\"\"},\"headline\":\"Cupra baisse ses prix : N\u00e9e nettement moins ch\u00e8re que la Volkswagen ID.3\",\"datePublished\":\"2023-12-21T12:38:41+00:00\",\"dateModified\":\"2023-12-21T12:38:41+00:00\",\"mainEntityOfPage\":{\"@id\":\"https:\/\/all-car-news.com\/fr\/cupra-baisse-ses-prix-nee-nettement-moins-chere-que-la-volkswagen-id-3\/\"},\"wordCount\":234,\"publisher\":{\"@id\":\"https:\/\/all-car-news.com\/fr\/#organization\"},\"articleSection\":[\"nouvelles de voiture\"],\"inLanguage\":\"fr-FR\"},{\"@type\":\"WebPage\",\"@id\":\"https:\/\/all-car-news.com\/fr\/cupra-baisse-ses-prix-nee-nettement-moins-chere-que-la-volkswagen-id-3\/\",\"url\":\"https:\/\/all-car-news.com\/fr\/cupra-baisse-ses-prix-nee-nettement-moins-chere-que-la-volkswagen-id-3\/\",\"name\":\"Cupra baisse ses prix : N\u00e9e nettement moins ch\u00e8re que la Volkswagen ID.3 - All cars news\",\"isPartOf\":{\"@id\":\"https:\/\/all-car-news.com\/fr\/#website\"},\"datePublished\":\"2023-12-21T12:38:41+00:00\",\"dateModified\":\"2023-12-21T12:38:41+00:00\",\"breadcrumb\":{\"@id\":\"https:\/\/all-car-news.com\/fr\/cupra-baisse-ses-prix-nee-nettement-moins-chere-que-la-volkswagen-id-3\/#breadcrumb\"},\"inLanguage\":\"fr-FR\",\"potentialAction\":[{\"@type\":\"ReadAction\",\"target\":[\"https:\/\/all-car-news.com\/fr\/cupra-baisse-ses-prix-nee-nettement-moins-chere-que-la-volkswagen-id-3\/\"]}]},{\"@type\":\"BreadcrumbList\",\"@id\":\"https:\/\/all-car-news.com\/fr\/cupra-baisse-ses-prix-nee-nettement-moins-chere-que-la-volkswagen-id-3\/#breadcrumb\",\"itemListElement\":[{\"@type\":\"ListItem\",\"position\":1,\"name\":\"Home\",\"item\":\"https:\/\/all-car-news.com\/fr\/\"},{\"@type\":\"ListItem\",\"position\":2,\"name\":\"Cupra baisse ses prix : N\u00e9e nettement moins ch\u00e8re que la Volkswagen ID.3\"}]},{\"@type\":\"WebSite\",\"@id\":\"https:\/\/all-car-news.com\/fr\/#website\",\"url\":\"https:\/\/all-car-news.com\/fr\/\",\"name\":\"All cars news\",\"description\":\"\",\"publisher\":{\"@id\":\"https:\/\/all-car-news.com\/fr\/#organization\"},\"potentialAction\":[{\"@type\":\"SearchAction\",\"target\":{\"@type\":\"EntryPoint\",\"urlTemplate\":\"https:\/\/all-car-news.com\/fr\/?s={search_term_string}\"},\"query-input\":\"required name=search_term_string\"}],\"inLanguage\":\"fr-FR\"},{\"@type\":\"Organization\",\"@id\":\"https:\/\/all-car-news.com\/fr\/#organization\",\"name\":\"All cars news\",\"url\":\"https:\/\/all-car-news.com\/fr\/\",\"logo\":{\"@type\":\"ImageObject\",\"inLanguage\":\"fr-FR\",\"@id\":\"https:\/\/all-car-news.com\/fr\/#\/schema\/logo\/image\/\",\"url\":\"https:\/\/all-car-news.com\/wp-content\/uploads\/2022\/02\/CMYK-AllCarNews_LANDSCAPE_300px-1.png\",\"contentUrl\":\"https:\/\/all-car-news.com\/wp-content\/uploads\/2022\/02\/CMYK-AllCarNews_LANDSCAPE_300px-1.png\",\"width\":300,\"height\":100,\"caption\":\"All cars news\"},\"image\":{\"@id\":\"https:\/\/all-car-news.com\/fr\/#\/schema\/logo\/image\/\"}}]}<\/script>\n<!-- \/ Yoast SEO plugin. -->","yoast_head_json":{"title":"Cupra baisse ses prix : N\u00e9e nettement moins ch\u00e8re que la Volkswagen ID.3 - All cars news","robots":{"index":"index","follow":"follow","max-snippet":"max-snippet:-1","max-image-preview":"max-image-preview:large","max-video-preview":"max-video-preview:-1"},"canonical":"https:\/\/all-car-news.com\/fr\/cupra-baisse-ses-prix-nee-nettement-moins-chere-que-la-volkswagen-id-3\/","og_locale":"fr_FR","og_type":"article","og_title":"Cupra baisse ses prix : N\u00e9e nettement moins ch\u00e8re que la Volkswagen ID.3 - All cars news","og_description":"Born Impulse Alors que chez Volkswagen, il faut d\u00e9bourser 42.690 euros pour une ID.3 d'entr\u00e9e de gamme, chez Cupra, il faut d\u00e9sormais d\u00e9bourser 36.940 euros pour pratiquement le m\u00eame mod\u00e8le. La diff\u00e9rence de prix est consid\u00e9rable, mais il convient de noter que l'ID.3 a b\u00e9n\u00e9fici\u00e9 d'un lifting interm\u00e9diaire, alors que le Born n'en a pas encore b\u00e9n\u00e9fici\u00e9. Pour cette somme, vous obtenez les cl\u00e9s de la [...]","og_url":"https:\/\/all-car-news.com\/fr\/cupra-baisse-ses-prix-nee-nettement-moins-chere-que-la-volkswagen-id-3\/","og_site_name":"All cars news","article_published_time":"2023-12-21T12:38:41+00:00","og_image":[{"url":"https:\/\/autorai.nl\/wp-content\/uploads\/2023\/12\/cupraborn1-1140x644.jpg"}],"twitter_card":"summary_large_image","twitter_misc":{"Dur\u00e9e de lecture estim\u00e9e":"1 minute"},"schema":{"@context":"https:\/\/schema.org","@graph":[{"@type":"Article","@id":"https:\/\/all-car-news.com\/fr\/cupra-baisse-ses-prix-nee-nettement-moins-chere-que-la-volkswagen-id-3\/#article","isPartOf":{"@id":"https:\/\/all-car-news.com\/fr\/cupra-baisse-ses-prix-nee-nettement-moins-chere-que-la-volkswagen-id-3\/"},"author":{"name":"","@id":""},"headline":"Cupra baisse ses prix : N\u00e9e nettement moins ch\u00e8re que la Volkswagen ID.3","datePublished":"2023-12-21T12:38:41+00:00","dateModified":"2023-12-21T12:38:41+00:00","mainEntityOfPage":{"@id":"https:\/\/all-car-news.com\/fr\/cupra-baisse-ses-prix-nee-nettement-moins-chere-que-la-volkswagen-id-3\/"},"wordCount":234,"publisher":{"@id":"https:\/\/all-car-news.com\/fr\/#organization"},"articleSection":["nouvelles de voiture"],"inLanguage":"fr-FR"},{"@type":"WebPage","@id":"https:\/\/all-car-news.com\/fr\/cupra-baisse-ses-prix-nee-nettement-moins-chere-que-la-volkswagen-id-3\/","url":"https:\/\/all-car-news.com\/fr\/cupra-baisse-ses-prix-nee-nettement-moins-chere-que-la-volkswagen-id-3\/","name":"Cupra baisse ses prix : N\u00e9e nettement moins ch\u00e8re que la Volkswagen ID.3 - All cars news","isPartOf":{"@id":"https:\/\/all-car-news.com\/fr\/#website"},"datePublished":"2023-12-21T12:38:41+00:00","dateModified":"2023-12-21T12:38:41+00:00","breadcrumb":{"@id":"https:\/\/all-car-news.com\/fr\/cupra-baisse-ses-prix-nee-nettement-moins-chere-que-la-volkswagen-id-3\/#breadcrumb"},"inLanguage":"fr-FR","potentialAction":[{"@type":"ReadAction","target":["https:\/\/all-car-news.com\/fr\/cupra-baisse-ses-prix-nee-nettement-moins-chere-que-la-volkswagen-id-3\/"]}]},{"@type":"BreadcrumbList","@id":"https:\/\/all-car-news.com\/fr\/cupra-baisse-ses-prix-nee-nettement-moins-chere-que-la-volkswagen-id-3\/#breadcrumb","itemListElement":[{"@type":"ListItem","position":1,"name":"Home","item":"https:\/\/all-car-news.com\/fr\/"},{"@type":"ListItem","position":2,"name":"Cupra baisse ses prix : N\u00e9e nettement moins ch\u00e8re que la Volkswagen ID.3"}]},{"@type":"WebSite","@id":"https:\/\/all-car-news.com\/fr\/#website","url":"https:\/\/all-car-news.com\/fr\/","name":"All cars news","description":"","publisher":{"@id":"https:\/\/all-car-news.com\/fr\/#organization"},"potentialAction":[{"@type":"SearchAction","target":{"@type":"EntryPoint","urlTemplate":"https:\/\/all-car-news.com\/fr\/?s={search_term_string}"},"query-input":"required name=search_term_string"}],"inLanguage":"fr-FR"},{"@type":"Organization","@id":"https:\/\/all-car-news.com\/fr\/#organization","name":"All cars news","url":"https:\/\/all-car-news.com\/fr\/","logo":{"@type":"ImageObject","inLanguage":"fr-FR","@id":"https:\/\/all-car-news.com\/fr\/#\/schema\/logo\/image\/","url":"https:\/\/all-car-news.com\/wp-content\/uploads\/2022\/02\/CMYK-AllCarNews_LANDSCAPE_300px-1.png","contentUrl":"https:\/\/all-car-news.com\/wp-content\/uploads\/2022\/02\/CMYK-AllCarNews_LANDSCAPE_300px-1.png","width":300,"height":100,"caption":"All cars news"},"image":{"@id":"https:\/\/all-car-news.com\/fr\/#\/schema\/logo\/image\/"}}]}},"_links":{"self":[{"href":"https:\/\/all-car-news.com\/fr\/wp-json\/wp\/v2\/posts\/141539","targetHints":{"allow":["GET"]}}],"collection":[{"href":"https:\/\/all-car-news.com\/fr\/wp-json\/wp\/v2\/posts"}],"about":[{"href":"https:\/\/all-car-news.com\/fr\/wp-json\/wp\/v2\/types\/post"}],"replies":[{"embeddable":true,"href":"https:\/\/all-car-news.com\/fr\/wp-json\/wp\/v2\/comments?post=141539"}],"version-history":[{"count":0,"href":"https:\/\/all-car-news.com\/fr\/wp-json\/wp\/v2\/posts\/141539\/revisions"}],"wp:featuredmedia":[{"embeddable":true,"href":"https:\/\/all-car-news.com\/fr\/wp-json\/wp\/v2\/media\/141530"}],"wp:attachment":[{"href":"https:\/\/all-car-news.com\/fr\/wp-json\/wp\/v2\/media?parent=141539"}],"wp:term":[{"taxonomy":"category","embeddable":true,"href":"https:\/\/all-car-news.com\/fr\/wp-json\/wp\/v2\/categories?post=141539"},{"taxonomy":"post_tag","embeddable":true,"href":"https:\/\/all-car-news.com\/fr\/wp-json\/wp\/v2\/tags?post=141539"}],"curies":[{"name":"wp","href":"https:\/\/api.w.org\/{rel}","templated":true}]}}