{"id":141444,"date":"2023-12-18T11:09:01","date_gmt":"2023-12-18T11:09:01","guid":{"rendered":"https:\/\/all-car-news.com\/cette-kamm-912c-porsche-912-ne-pese-que-699-kilogrammes\/"},"modified":"2023-12-18T11:09:01","modified_gmt":"2023-12-18T11:09:01","slug":"cette-kamm-912c-porsche-912-ne-pese-que-699-kilogrammes","status":"publish","type":"post","link":"https:\/\/all-car-news.com\/fr\/cette-kamm-912c-porsche-912-ne-pese-que-699-kilogrammes\/","title":{"rendered":"Cette KAMM 912c (Porsche 912) ne p\u00e8se que 699 kilogrammes !"},"content":{"rendered":"<h2>KAMM 912c<\/h2>\n<p>Le KAMM 912c &#8211; lanc\u00e9 en 2022 &#8211; a re\u00e7u de nombreux \u00e9loges dans le monde entier pour sa combinaison de hautes performances et de faible poids. Le mod\u00e8le r\u00e9siduel de 750 kilogrammes, dont la carrosserie est en fibre de carbone, a conserv\u00e9 son toit en acier et ses panneaux lat\u00e9raux arri\u00e8re d&rsquo;origine. Pour le reste, une grande partie de la fibre de carbone a \u00e9t\u00e9 utilis\u00e9e pour r\u00e9duire le poids.<\/p>\n<h2>699 kilogrammes<\/h2>\n<p>Pour 2024, KAMManufaktur va encore plus loin : une 912c enti\u00e8rement en carbone, chaque panneau de la carrosserie \u00e9tant remplac\u00e9 par de la fibre de carbone. Avec cette option, le poids total devrait tomber \u00e0 699 kilogrammes, soit une \u00e9conomie de plus de 300 kilogrammes par rapport \u00e0 une 912 standard. Par rapport \u00e0 la version semi-fibre de carbone, la variante enti\u00e8rement en carbone est encore plus l\u00e9g\u00e8re de plus de 50 kilogrammes.<\/p>\n<p>En optant pour une carrosserie enti\u00e8rement en fibre de carbone, les propri\u00e9taires peuvent choisir parmi une vari\u00e9t\u00e9 d&rsquo;options de finition, allant d&rsquo;un tissu enti\u00e8rement visible \u00e0 un look classique enti\u00e8rement peint.<\/p>\n<figure class=\"wp-block-image size-content\"><img decoding=\"async\" loading=\"lazy\" width=\"1140\" height=\"1140\" src=\"https:\/\/autorai.nl\/wp-content\/uploads\/2023\/12\/KAMM912cCarbon3-1140x1140.jpg\" alt=\"KAMM 912c\" class=\"wp-image-171716\"><\/figure>\n<h2>R\u00e9partition du poids 50-50<\/h2>\n<p>Mikl\u00f3s K\u00e1zm\u00e9r, fondateur de KAMManufaktur, d\u00e9clare : \u00ab\u00a0Chez KAMM, nous sommes toujours \u00e0 la recherche de nouveaux moyens de gagner du poids tout en am\u00e9liorant la dynamique de conduite. Avec la 912c enti\u00e8rement en carbone, nous visons \u00e0 gagner du poids \u00e0 l&rsquo;arri\u00e8re et sur le dessus de la voiture, pour obtenir une r\u00e9partition des masses aussi proche que possible de 50-50.\u00a0\u00bb<\/p>\n<h2>Moteur quatre cylindres refroidi par air<\/h2>\n<p>La 912c 2024 pr\u00e9sente \u00e9galement une s\u00e9rie d&rsquo;am\u00e9liorations techniques, notamment un moteur quatre cylindres refroidi par air plus puissant, de nouvelles options de si\u00e8ges con\u00e7ues par KAMM, une a\u00e9rodynamique am\u00e9lior\u00e9e pour une meilleure stabilit\u00e9, une climatisation am\u00e9lior\u00e9e et une connectivit\u00e9 audio et t\u00e9l\u00e9phonique am\u00e9lior\u00e9e dans la voiture.<\/p>\n<h2>Carrosserie en fibre de carbone<\/h2>\n<p>Mikl\u00f3s K\u00e1zm\u00e9r ajoute : \u00ab\u00a0Je suis un perfectionniste et je cherche constamment de nouvelles fa\u00e7ons d&rsquo;am\u00e9liorer la 912c. Notre nouvelle carrosserie en fibre de carbone en est un bon exemple, avec un ajustement parfait, une r\u00e9sistance incroyable et des \u00e9conomies de poids suppl\u00e9mentaires. En outre, la 912c 2024 offrira une s\u00e9rie d&rsquo;am\u00e9liorations visant \u00e0 accro\u00eetre le plaisir de conduire et \u00e0 offrir une exp\u00e9rience de propri\u00e9t\u00e9 encore plus gratifiante. Nous sommes impatients de livrer les premi\u00e8res voitures de clients au d\u00e9but de l&rsquo;ann\u00e9e 2024 et nous pr\u00e9senterons notre nouvelle voiture de d\u00e9veloppement au monde entier pour \u00e9valuation plus tard dans l&rsquo;ann\u00e9e.\u00a0\u00bb<\/p>\n<h2>Le prix du KAMM 912c<\/h2>\n<p>La KAMM 912c 2024, enti\u00e8rement en carbone, co\u00fbte 400 000 euros en version standard, y compris une 912 donneuse. Les clients peuvent \u00e9galement choisir de donner leur propre 912 pour qu&rsquo;elle soit transform\u00e9e, pour un co\u00fbt de 360 000 euros. La KAMM 912c semi-carbone co\u00fbte 360 000 euros en version standard et 320 000 euros si l&rsquo;acheteur fournit sa propre 912.<\/p>\n<div class=\"galery galery-0\">\n<figure>\n\t\t\t\t\t<span style=\"cursor: pointer\" data-src=\"https:\/\/autorai.nl\/wp-content\/uploads\/2023\/12\/KAMM912cCarbon-1600x1600.jpg\" data-fancybox=\"galery-0\" title=\"\"><br \/>\n\t\t\t\t\t\t\t<img decoding=\"async\" width=\"360\" height=\"270\" src=\"https:\/\/autorai.nl\/wp-content\/uploads\/2023\/12\/KAMM912cCarbon-360x270.jpg\" class=\"attachment-small size-small\" alt=\"KAMM 912c\" loading=\"lazy\"><i class=\"fa fa-search-plus\" aria-hidden=\"true\"><\/i><br \/>\n\t\t\t\t\t\t<\/span><br \/>\n\t\t\t\t\t<\/figure>\n<figure>\n\t\t\t\t\t<span style=\"cursor: pointer\" data-src=\"https:\/\/autorai.nl\/wp-content\/uploads\/2023\/12\/KAMM912cCarbon9-1600x1600.jpg\" data-fancybox=\"galery-0\" title=\"\"><br \/>\n\t\t\t\t\t\t\t<img decoding=\"async\" width=\"360\" height=\"270\" src=\"https:\/\/autorai.nl\/wp-content\/uploads\/2023\/12\/KAMM912cCarbon9-360x270.jpg\" class=\"attachment-small size-small\" alt=\"\" loading=\"lazy\"><i class=\"fa fa-search-plus\" aria-hidden=\"true\"><\/i><br \/>\n\t\t\t\t\t\t<\/span><br \/>\n\t\t\t\t\t<\/figure>\n<figure>\n\t\t\t\t\t<span style=\"cursor: pointer\" data-src=\"https:\/\/autorai.nl\/wp-content\/uploads\/2023\/12\/KAMM912cCarbon8-1600x1600.jpg\" data-fancybox=\"galery-0\" title=\"\"><br \/>\n\t\t\t\t\t\t\t<img decoding=\"async\" width=\"360\" height=\"270\" src=\"https:\/\/autorai.nl\/wp-content\/uploads\/2023\/12\/KAMM912cCarbon8-360x270.jpg\" class=\"attachment-small size-small\" alt=\"\" loading=\"lazy\"><i class=\"fa fa-search-plus\" aria-hidden=\"true\"><\/i><br \/>\n\t\t\t\t\t\t<\/span><br \/>\n\t\t\t\t\t<\/figure>\n<figure>\n\t\t\t\t\t<span style=\"cursor: pointer\" data-src=\"https:\/\/autorai.nl\/wp-content\/uploads\/2023\/12\/KAMM912cCarbon7-1600x1600.jpg\" data-fancybox=\"galery-0\" title=\"\"><br \/>\n\t\t\t\t\t\t\t<img decoding=\"async\" width=\"360\" height=\"270\" src=\"https:\/\/autorai.nl\/wp-content\/uploads\/2023\/12\/KAMM912cCarbon7-360x270.jpg\" class=\"attachment-small size-small\" alt=\"\" loading=\"lazy\"><i class=\"fa fa-search-plus\" aria-hidden=\"true\"><\/i><br \/>\n\t\t\t\t\t\t<\/span><br \/>\n\t\t\t\t\t<\/figure>\n<figure>\n\t\t\t\t\t<span style=\"cursor: pointer\" data-src=\"https:\/\/autorai.nl\/wp-content\/uploads\/2023\/12\/KAMM912cCarbon6-1600x1600.jpg\" data-fancybox=\"galery-0\" title=\"\"><br \/>\n\t\t\t\t\t\t\t<img decoding=\"async\" width=\"360\" height=\"270\" src=\"https:\/\/autorai.nl\/wp-content\/uploads\/2023\/12\/KAMM912cCarbon6-360x270.jpg\" class=\"attachment-small size-small\" alt=\"\" loading=\"lazy\"><i class=\"fa fa-search-plus\" aria-hidden=\"true\"><\/i><br \/>\n\t\t\t\t\t\t<\/span><br \/>\n\t\t\t\t\t<\/figure>\n<figure>\n\t\t\t\t\t<span style=\"cursor: pointer\" data-src=\"https:\/\/autorai.nl\/wp-content\/uploads\/2023\/12\/KAMM912cCarbon5-1600x1600.jpg\" data-fancybox=\"galery-0\" title=\"\"><br \/>\n\t\t\t\t\t\t\t<img decoding=\"async\" width=\"360\" height=\"270\" src=\"https:\/\/autorai.nl\/wp-content\/uploads\/2023\/12\/KAMM912cCarbon5-360x270.jpg\" class=\"attachment-small size-small\" alt=\"\" loading=\"lazy\"><i class=\"fa fa-search-plus\" aria-hidden=\"true\"><\/i><br \/>\n\t\t\t\t\t\t<\/span><br \/>\n\t\t\t\t\t<\/figure>\n<figure>\n\t\t\t\t\t<span style=\"cursor: pointer\" data-src=\"https:\/\/autorai.nl\/wp-content\/uploads\/2023\/12\/KAMM912cCarbon4-1600x1600.jpg\" data-fancybox=\"galery-0\" title=\"\"><br \/>\n\t\t\t\t\t\t\t<img decoding=\"async\" width=\"360\" height=\"270\" src=\"https:\/\/autorai.nl\/wp-content\/uploads\/2023\/12\/KAMM912cCarbon4-360x270.jpg\" class=\"attachment-small size-small\" alt=\"\" loading=\"lazy\"><i class=\"fa fa-search-plus\" aria-hidden=\"true\"><\/i><br \/>\n\t\t\t\t\t\t<\/span><br \/>\n\t\t\t\t\t<\/figure>\n<figure>\n\t\t\t\t\t<span style=\"cursor: pointer\" data-src=\"https:\/\/autorai.nl\/wp-content\/uploads\/2023\/12\/KAMM912cCarbon3-1600x1600.jpg\" data-fancybox=\"galery-0\" title=\"\"><br \/>\n\t\t\t\t\t\t\t<img decoding=\"async\" width=\"360\" height=\"270\" src=\"https:\/\/autorai.nl\/wp-content\/uploads\/2023\/12\/KAMM912cCarbon3-360x270.jpg\" class=\"attachment-small size-small\" alt=\"KAMM 912c\" loading=\"lazy\"><i class=\"fa fa-search-plus\" aria-hidden=\"true\"><\/i><br \/>\n\t\t\t\t\t\t<\/span><br \/>\n\t\t\t\t\t<\/figure>\n<figure>\n\t\t\t\t\t<span style=\"cursor: pointer\" data-src=\"https:\/\/autorai.nl\/wp-content\/uploads\/2023\/12\/KAMM912cCarbon2-1600x1600.jpg\" data-fancybox=\"galery-0\" title=\"\"><br \/>\n\t\t\t\t\t\t\t<img decoding=\"async\" width=\"360\" height=\"270\" src=\"https:\/\/autorai.nl\/wp-content\/uploads\/2023\/12\/KAMM912cCarbon2-360x270.jpg\" class=\"attachment-small size-small\" alt=\"\" loading=\"lazy\"><i class=\"fa fa-search-plus\" aria-hidden=\"true\"><\/i><br \/>\n\t\t\t\t\t\t<\/span><br \/>\n\t\t\t\t\t<\/figure>\n<figure>\n\t\t\t\t\t<span style=\"cursor: pointer\" data-src=\"https:\/\/autorai.nl\/wp-content\/uploads\/2023\/12\/KAMM912cCarbon1-1600x1600.jpg\" data-fancybox=\"galery-0\" title=\"\"><br \/>\n\t\t\t\t\t\t\t<img decoding=\"async\" width=\"360\" height=\"270\" src=\"https:\/\/autorai.nl\/wp-content\/uploads\/2023\/12\/KAMM912cCarbon1-360x270.jpg\" class=\"attachment-small size-small\" alt=\"\" loading=\"lazy\"><i class=\"fa fa-search-plus\" aria-hidden=\"true\"><\/i><br \/>\n\t\t\t\t\t\t<\/span><br \/>\n\t\t\t\t\t<\/figure>\n<div class=\"clear\"><\/div>\n<\/div>\n","protected":false},"excerpt":{"rendered":"KAMM 912c Le KAMM 912c - lanc\u00e9 en 2022 - a re\u00e7u de nombreux \u00e9loges dans le monde entier pour\u2026","protected":false},"author":0,"featured_media":141403,"comment_status":"","ping_status":"open","sticky":false,"template":"","format":"standard","meta":{"footnotes":""},"categories":[127],"tags":[],"class_list":["post-141444","post","type-post","status-publish","format-standard","has-post-thumbnail","hentry","category-nouvelles-de-voiture"],"acf":[],"yoast_head":"<!-- This site is optimized with the Yoast SEO plugin v21.2 - https:\/\/yoast.com\/wordpress\/plugins\/seo\/ -->\n<title>Cette KAMM 912c (Porsche 912) ne p\u00e8se que 699 kilogrammes ! - All cars news<\/title>\n<meta name=\"robots\" content=\"index, follow, max-snippet:-1, max-image-preview:large, max-video-preview:-1\" \/>\n<link rel=\"canonical\" href=\"https:\/\/all-car-news.com\/fr\/cette-kamm-912c-porsche-912-ne-pese-que-699-kilogrammes\/\" \/>\n<meta property=\"og:locale\" content=\"fr_FR\" \/>\n<meta property=\"og:type\" content=\"article\" \/>\n<meta property=\"og:title\" content=\"Cette KAMM 912c (Porsche 912) ne p\u00e8se que 699 kilogrammes ! - All cars news\" \/>\n<meta property=\"og:description\" content=\"KAMM 912c Le KAMM 912c - lanc\u00e9 en 2022 - a re\u00e7u de nombreux \u00e9loges dans le monde entier pour sa combinaison de hautes performances et de faible poids. Le mod\u00e8le r\u00e9siduel de 750 kilogrammes, dont la carrosserie est en fibre de carbone, a conserv\u00e9 son toit en acier et ses panneaux lat\u00e9raux arri\u00e8re d&#039;origine. Mais \u00e0 part cela, il a surtout utilis\u00e9 beaucoup de fibre de carbone [...]\" \/>\n<meta property=\"og:url\" content=\"https:\/\/all-car-news.com\/fr\/cette-kamm-912c-porsche-912-ne-pese-que-699-kilogrammes\/\" \/>\n<meta property=\"og:site_name\" content=\"All cars news\" \/>\n<meta property=\"article:published_time\" content=\"2023-12-18T11:09:01+00:00\" \/>\n<meta property=\"og:image\" content=\"https:\/\/autorai.nl\/wp-content\/uploads\/2023\/12\/KAMM912cCarbon3-1140x1140.jpg\" \/>\n<meta name=\"twitter:card\" content=\"summary_large_image\" \/>\n<meta name=\"twitter:label1\" content=\"Dur\u00e9e de lecture estim\u00e9e\" \/>\n\t<meta name=\"twitter:data1\" content=\"2 minutes\" \/>\n<script type=\"application\/ld+json\" class=\"yoast-schema-graph\">{\"@context\":\"https:\/\/schema.org\",\"@graph\":[{\"@type\":\"Article\",\"@id\":\"https:\/\/all-car-news.com\/fr\/cette-kamm-912c-porsche-912-ne-pese-que-699-kilogrammes\/#article\",\"isPartOf\":{\"@id\":\"https:\/\/all-car-news.com\/fr\/cette-kamm-912c-porsche-912-ne-pese-que-699-kilogrammes\/\"},\"author\":{\"name\":\"\",\"@id\":\"\"},\"headline\":\"Cette KAMM 912c (Porsche 912) ne p\u00e8se que 699 kilogrammes !\",\"datePublished\":\"2023-12-18T11:09:01+00:00\",\"dateModified\":\"2023-12-18T11:09:01+00:00\",\"mainEntityOfPage\":{\"@id\":\"https:\/\/all-car-news.com\/fr\/cette-kamm-912c-porsche-912-ne-pese-que-699-kilogrammes\/\"},\"wordCount\":506,\"publisher\":{\"@id\":\"https:\/\/all-car-news.com\/fr\/#organization\"},\"articleSection\":[\"nouvelles de voiture\"],\"inLanguage\":\"fr-FR\"},{\"@type\":\"WebPage\",\"@id\":\"https:\/\/all-car-news.com\/fr\/cette-kamm-912c-porsche-912-ne-pese-que-699-kilogrammes\/\",\"url\":\"https:\/\/all-car-news.com\/fr\/cette-kamm-912c-porsche-912-ne-pese-que-699-kilogrammes\/\",\"name\":\"Cette KAMM 912c (Porsche 912) ne p\u00e8se que 699 kilogrammes ! - All cars news\",\"isPartOf\":{\"@id\":\"https:\/\/all-car-news.com\/fr\/#website\"},\"datePublished\":\"2023-12-18T11:09:01+00:00\",\"dateModified\":\"2023-12-18T11:09:01+00:00\",\"breadcrumb\":{\"@id\":\"https:\/\/all-car-news.com\/fr\/cette-kamm-912c-porsche-912-ne-pese-que-699-kilogrammes\/#breadcrumb\"},\"inLanguage\":\"fr-FR\",\"potentialAction\":[{\"@type\":\"ReadAction\",\"target\":[\"https:\/\/all-car-news.com\/fr\/cette-kamm-912c-porsche-912-ne-pese-que-699-kilogrammes\/\"]}]},{\"@type\":\"BreadcrumbList\",\"@id\":\"https:\/\/all-car-news.com\/fr\/cette-kamm-912c-porsche-912-ne-pese-que-699-kilogrammes\/#breadcrumb\",\"itemListElement\":[{\"@type\":\"ListItem\",\"position\":1,\"name\":\"Home\",\"item\":\"https:\/\/all-car-news.com\/fr\/\"},{\"@type\":\"ListItem\",\"position\":2,\"name\":\"Cette KAMM 912c (Porsche 912) ne p\u00e8se que 699 kilogrammes !\"}]},{\"@type\":\"WebSite\",\"@id\":\"https:\/\/all-car-news.com\/fr\/#website\",\"url\":\"https:\/\/all-car-news.com\/fr\/\",\"name\":\"All cars news\",\"description\":\"\",\"publisher\":{\"@id\":\"https:\/\/all-car-news.com\/fr\/#organization\"},\"potentialAction\":[{\"@type\":\"SearchAction\",\"target\":{\"@type\":\"EntryPoint\",\"urlTemplate\":\"https:\/\/all-car-news.com\/fr\/?s={search_term_string}\"},\"query-input\":\"required name=search_term_string\"}],\"inLanguage\":\"fr-FR\"},{\"@type\":\"Organization\",\"@id\":\"https:\/\/all-car-news.com\/fr\/#organization\",\"name\":\"All cars news\",\"url\":\"https:\/\/all-car-news.com\/fr\/\",\"logo\":{\"@type\":\"ImageObject\",\"inLanguage\":\"fr-FR\",\"@id\":\"https:\/\/all-car-news.com\/fr\/#\/schema\/logo\/image\/\",\"url\":\"https:\/\/all-car-news.com\/wp-content\/uploads\/2022\/02\/CMYK-AllCarNews_LANDSCAPE_300px-1.png\",\"contentUrl\":\"https:\/\/all-car-news.com\/wp-content\/uploads\/2022\/02\/CMYK-AllCarNews_LANDSCAPE_300px-1.png\",\"width\":300,\"height\":100,\"caption\":\"All cars news\"},\"image\":{\"@id\":\"https:\/\/all-car-news.com\/fr\/#\/schema\/logo\/image\/\"}}]}<\/script>\n<!-- \/ Yoast SEO plugin. -->","yoast_head_json":{"title":"Cette KAMM 912c (Porsche 912) ne p\u00e8se que 699 kilogrammes ! - All cars news","robots":{"index":"index","follow":"follow","max-snippet":"max-snippet:-1","max-image-preview":"max-image-preview:large","max-video-preview":"max-video-preview:-1"},"canonical":"https:\/\/all-car-news.com\/fr\/cette-kamm-912c-porsche-912-ne-pese-que-699-kilogrammes\/","og_locale":"fr_FR","og_type":"article","og_title":"Cette KAMM 912c (Porsche 912) ne p\u00e8se que 699 kilogrammes ! - All cars news","og_description":"KAMM 912c Le KAMM 912c - lanc\u00e9 en 2022 - a re\u00e7u de nombreux \u00e9loges dans le monde entier pour sa combinaison de hautes performances et de faible poids. Le mod\u00e8le r\u00e9siduel de 750 kilogrammes, dont la carrosserie est en fibre de carbone, a conserv\u00e9 son toit en acier et ses panneaux lat\u00e9raux arri\u00e8re d'origine. Mais \u00e0 part cela, il a surtout utilis\u00e9 beaucoup de fibre de carbone [...]","og_url":"https:\/\/all-car-news.com\/fr\/cette-kamm-912c-porsche-912-ne-pese-que-699-kilogrammes\/","og_site_name":"All cars news","article_published_time":"2023-12-18T11:09:01+00:00","og_image":[{"url":"https:\/\/autorai.nl\/wp-content\/uploads\/2023\/12\/KAMM912cCarbon3-1140x1140.jpg"}],"twitter_card":"summary_large_image","twitter_misc":{"Dur\u00e9e de lecture estim\u00e9e":"2 minutes"},"schema":{"@context":"https:\/\/schema.org","@graph":[{"@type":"Article","@id":"https:\/\/all-car-news.com\/fr\/cette-kamm-912c-porsche-912-ne-pese-que-699-kilogrammes\/#article","isPartOf":{"@id":"https:\/\/all-car-news.com\/fr\/cette-kamm-912c-porsche-912-ne-pese-que-699-kilogrammes\/"},"author":{"name":"","@id":""},"headline":"Cette KAMM 912c (Porsche 912) ne p\u00e8se que 699 kilogrammes !","datePublished":"2023-12-18T11:09:01+00:00","dateModified":"2023-12-18T11:09:01+00:00","mainEntityOfPage":{"@id":"https:\/\/all-car-news.com\/fr\/cette-kamm-912c-porsche-912-ne-pese-que-699-kilogrammes\/"},"wordCount":506,"publisher":{"@id":"https:\/\/all-car-news.com\/fr\/#organization"},"articleSection":["nouvelles de voiture"],"inLanguage":"fr-FR"},{"@type":"WebPage","@id":"https:\/\/all-car-news.com\/fr\/cette-kamm-912c-porsche-912-ne-pese-que-699-kilogrammes\/","url":"https:\/\/all-car-news.com\/fr\/cette-kamm-912c-porsche-912-ne-pese-que-699-kilogrammes\/","name":"Cette KAMM 912c (Porsche 912) ne p\u00e8se que 699 kilogrammes ! - All cars news","isPartOf":{"@id":"https:\/\/all-car-news.com\/fr\/#website"},"datePublished":"2023-12-18T11:09:01+00:00","dateModified":"2023-12-18T11:09:01+00:00","breadcrumb":{"@id":"https:\/\/all-car-news.com\/fr\/cette-kamm-912c-porsche-912-ne-pese-que-699-kilogrammes\/#breadcrumb"},"inLanguage":"fr-FR","potentialAction":[{"@type":"ReadAction","target":["https:\/\/all-car-news.com\/fr\/cette-kamm-912c-porsche-912-ne-pese-que-699-kilogrammes\/"]}]},{"@type":"BreadcrumbList","@id":"https:\/\/all-car-news.com\/fr\/cette-kamm-912c-porsche-912-ne-pese-que-699-kilogrammes\/#breadcrumb","itemListElement":[{"@type":"ListItem","position":1,"name":"Home","item":"https:\/\/all-car-news.com\/fr\/"},{"@type":"ListItem","position":2,"name":"Cette KAMM 912c (Porsche 912) ne p\u00e8se que 699 kilogrammes !"}]},{"@type":"WebSite","@id":"https:\/\/all-car-news.com\/fr\/#website","url":"https:\/\/all-car-news.com\/fr\/","name":"All cars news","description":"","publisher":{"@id":"https:\/\/all-car-news.com\/fr\/#organization"},"potentialAction":[{"@type":"SearchAction","target":{"@type":"EntryPoint","urlTemplate":"https:\/\/all-car-news.com\/fr\/?s={search_term_string}"},"query-input":"required name=search_term_string"}],"inLanguage":"fr-FR"},{"@type":"Organization","@id":"https:\/\/all-car-news.com\/fr\/#organization","name":"All cars news","url":"https:\/\/all-car-news.com\/fr\/","logo":{"@type":"ImageObject","inLanguage":"fr-FR","@id":"https:\/\/all-car-news.com\/fr\/#\/schema\/logo\/image\/","url":"https:\/\/all-car-news.com\/wp-content\/uploads\/2022\/02\/CMYK-AllCarNews_LANDSCAPE_300px-1.png","contentUrl":"https:\/\/all-car-news.com\/wp-content\/uploads\/2022\/02\/CMYK-AllCarNews_LANDSCAPE_300px-1.png","width":300,"height":100,"caption":"All cars news"},"image":{"@id":"https:\/\/all-car-news.com\/fr\/#\/schema\/logo\/image\/"}}]}},"_links":{"self":[{"href":"https:\/\/all-car-news.com\/fr\/wp-json\/wp\/v2\/posts\/141444","targetHints":{"allow":["GET"]}}],"collection":[{"href":"https:\/\/all-car-news.com\/fr\/wp-json\/wp\/v2\/posts"}],"about":[{"href":"https:\/\/all-car-news.com\/fr\/wp-json\/wp\/v2\/types\/post"}],"replies":[{"embeddable":true,"href":"https:\/\/all-car-news.com\/fr\/wp-json\/wp\/v2\/comments?post=141444"}],"version-history":[{"count":0,"href":"https:\/\/all-car-news.com\/fr\/wp-json\/wp\/v2\/posts\/141444\/revisions"}],"wp:featuredmedia":[{"embeddable":true,"href":"https:\/\/all-car-news.com\/fr\/wp-json\/wp\/v2\/media\/141403"}],"wp:attachment":[{"href":"https:\/\/all-car-news.com\/fr\/wp-json\/wp\/v2\/media?parent=141444"}],"wp:term":[{"taxonomy":"category","embeddable":true,"href":"https:\/\/all-car-news.com\/fr\/wp-json\/wp\/v2\/categories?post=141444"},{"taxonomy":"post_tag","embeddable":true,"href":"https:\/\/all-car-news.com\/fr\/wp-json\/wp\/v2\/tags?post=141444"}],"curies":[{"name":"wp","href":"https:\/\/api.w.org\/{rel}","templated":true}]}}