{"id":141253,"date":"2023-12-11T13:00:00","date_gmt":"2023-12-11T13:00:00","guid":{"rendered":"https:\/\/all-car-news.com\/fin-dune-epoque-la-derniere-chrysler-300\/"},"modified":"2023-12-11T13:00:00","modified_gmt":"2023-12-11T13:00:00","slug":"fin-dune-epoque-la-derniere-chrysler-300","status":"publish","type":"post","link":"https:\/\/all-car-news.com\/fr\/fin-dune-epoque-la-derniere-chrysler-300\/","title":{"rendered":"Fin d&rsquo;une \u00e9poque : la derni\u00e8re Chrysler 300"},"content":{"rendered":"<h2>Chrysler 300<\/h2>\n<p>La marque am\u00e9ricaine Chrysler commercialise depuis de nombreuses ann\u00e9es des voitures portant le num\u00e9ro 300 dans leur nom de mod\u00e8le. Ils ont commenc\u00e9 \u00e0 le faire dans les ann\u00e9es 1950 avec la Chrysler 300. Elle a \u00e9t\u00e9 suivie par la 300M au d\u00e9but des ann\u00e9es 2000. Cette voiture a \u00e9t\u00e9 remplac\u00e9e par la premi\u00e8re g\u00e9n\u00e9ration de la 300 moderne, qui partageait une grande partie de sa technologie avec les voitures Mercedes-Benz. La voiture est devenue plus connue sous le nom de Chrysler 300C, la version la plus courante de la 300. En Europe, le mod\u00e8le est commercialis\u00e9 exclusivement sous le nom de 300C.<\/p>\n<figure class=\"wp-block-image size-content\"><img decoding=\"async\" loading=\"lazy\" width=\"1140\" height=\"843\" src=\"https:\/\/autorai.nl\/wp-content\/uploads\/2022\/09\/chrysler_300c_3-1140x843.jpg\" alt=\"\" class=\"wp-image-131986\"><figcaption> <\/figcaption><\/figure>\n<h2>Europe<\/h2>\n<p>En Am\u00e9rique, la Chrysler 300 moderne a connu un \u00e9norme succ\u00e8s, et on la voit aussi de temps en temps rouler aux Pays-Bas. Entre 2004 et 2010, 2 717 exemplaires ont \u00e9t\u00e9 vendus dans notre pays. Tous les mod\u00e8les 300C europ\u00e9ens ont \u00e9t\u00e9 construits par Magna Steyr \u00e0 Graz, en Autriche, jusqu&rsquo;en 2010. La deuxi\u00e8me g\u00e9n\u00e9ration, \u00e0 partir de 2011, a \u00e9t\u00e9 livr\u00e9e aux Pays-Bas sous le nom de Lancia Thema jusqu&rsquo;en 2014. Parmi eux, seuls 108 sont pass\u00e9s \u00e0 l&rsquo;enregistrement jaune.  <\/p>\n<figure class=\"wp-block-image size-content\"><img decoding=\"async\" loading=\"lazy\" width=\"1140\" height=\"847\" src=\"https:\/\/autorai.nl\/wp-content\/uploads\/2022\/09\/chrysler_300c_184_04d401fe041b030d-1140x847.jpg\" alt=\"\" class=\"wp-image-131987\"><\/figure>\n<h2><strong>Limit\u00e9 \u00e0 2 200 unit\u00e9s<\/strong><\/h2>\n<p>En Europe, la f\u00eate est termin\u00e9e depuis longtemps pour la <a href=\"https:\/\/www.youtube.com\/watch?v=OlDwVnroPjs&amp;ab_channel=StellantisNorthAmerica\" target=\"_blank\" rel=\"noreferrer noopener\">300C<\/a>, mais en Am\u00e9rique, le mod\u00e8le est rest\u00e9 en production pendant longtemps. Mais aujourd&rsquo;hui, elle est vraiment pr\u00eate pour la berline am\u00e9ricaine. Le 31 d\u00e9cembre, la toute derni\u00e8re voiture sort de la cha\u00eene de montage. Avec un mod\u00e8le sp\u00e9cial d&rsquo;adieu, la <a href=\"https:\/\/autorai.nl\/eigenzinnige-mpv-met-onverwachts-succes\/\" target=\"_blank\" rel=\"noreferrer noopener\">Chrysler<\/a> 300C, <a href=\"https:\/\/autorai.nl\/eigenzinnige-mpv-met-onverwachts-succes\/\" target=\"_blank\" rel=\"noreferrer noopener\">Chrysler<\/a> cl\u00f4t le chapitre 300 avec style. \u00c0 l&rsquo;avant se trouve un V8 Hemi monstrueusement \u00e9pais, d\u00e9veloppant 492 ch et 644 Nm. Il s&rsquo;agit d&rsquo;une s\u00e9rie sp\u00e9ciale limit\u00e9e \u00e0 seulement 2 200 exemplaires.  <\/p>\n<figure class=\"wp-block-image size-content\"><img decoding=\"async\" loading=\"lazy\" width=\"1140\" height=\"854\" src=\"https:\/\/autorai.nl\/wp-content\/uploads\/2022\/09\/chrysler-300c-1140x854.jpg\" alt=\"\" class=\"wp-image-171019\"><\/figure>\n<h2>La violence du V8<\/h2>\n<p>Le sprint \u00e0 100 km\/h se fait en 4,3 secondes et la violence du V8 ne s&rsquo;arr\u00eate qu&rsquo;\u00e0 257 km\/h. Si les propri\u00e9taires am\u00e9ricains se lassent du bruit de l&rsquo;\u00e9chappement pendant un certain temps, ils peuvent utiliser le syst\u00e8me d&rsquo;amortissement int\u00e9gr\u00e9 pour att\u00e9nuer le son. Comme les versions pr\u00e9c\u00e9dentes, la derni\u00e8re 300C est \u00e9quip\u00e9e d&rsquo;une transmission automatique et d&rsquo;une propulsion arri\u00e8re.  <\/p>\n<h2>Du vieux vin dans de nouvelles bouteilles<\/h2>\n<p>La deuxi\u00e8me g\u00e9n\u00e9ration actuelle a \u00e9t\u00e9 introduite en 2011 et contient en grande partie la m\u00eame technologie que la premi\u00e8re g\u00e9n\u00e9ration datant de 2005. Vous pouvez le constater imm\u00e9diatement en observant l&rsquo;int\u00e9rieur de l&rsquo;actuelle 300 sur la photo ci-dessous, qui semble dater de 2005.  <\/p>\n<figure class=\"wp-block-image size-content\"><img decoding=\"async\" loading=\"lazy\" width=\"1140\" height=\"709\" src=\"https:\/\/autorai.nl\/wp-content\/uploads\/2022\/09\/chrysler_300c_8384-1140x709.jpg\" alt=\"\" class=\"wp-image-131989\"><\/figure><\/p>\n","protected":false},"excerpt":{"rendered":"Chrysler 300 La marque am\u00e9ricaine Chrysler commercialise depuis de nombreuses ann\u00e9es des voitures portant le num\u00e9ro 300 dans leur nom\u2026","protected":false},"author":0,"featured_media":141179,"comment_status":"","ping_status":"open","sticky":false,"template":"","format":"standard","meta":{"footnotes":""},"categories":[127],"tags":[],"class_list":["post-141253","post","type-post","status-publish","format-standard","has-post-thumbnail","hentry","category-nouvelles-de-voiture"],"acf":[],"yoast_head":"<!-- This site is optimized with the Yoast SEO plugin v21.2 - https:\/\/yoast.com\/wordpress\/plugins\/seo\/ -->\n<title>Fin d&#039;une \u00e9poque : la derni\u00e8re Chrysler 300 - All cars news<\/title>\n<meta name=\"robots\" content=\"index, follow, max-snippet:-1, max-image-preview:large, max-video-preview:-1\" \/>\n<link rel=\"canonical\" href=\"https:\/\/all-car-news.com\/fr\/fin-dune-epoque-la-derniere-chrysler-300\/\" \/>\n<meta property=\"og:locale\" content=\"fr_FR\" \/>\n<meta property=\"og:type\" content=\"article\" \/>\n<meta property=\"og:title\" content=\"Fin d&#039;une \u00e9poque : la derni\u00e8re Chrysler 300 - All cars news\" \/>\n<meta property=\"og:description\" content=\"Chrysler 300 La marque am\u00e9ricaine Chrysler commercialise depuis de nombreuses ann\u00e9es des voitures portant le num\u00e9ro 300 dans leur nom de mod\u00e8le. Ils ont commenc\u00e9 \u00e0 le faire dans les ann\u00e9es 1950 avec la Chrysler 300. Elle a \u00e9t\u00e9 suivie par la 300M au d\u00e9but des ann\u00e9es 2000. Cette voiture a \u00e9t\u00e9 remplac\u00e9e par la premi\u00e8re g\u00e9n\u00e9ration de [...]\" \/>\n<meta property=\"og:url\" content=\"https:\/\/all-car-news.com\/fr\/fin-dune-epoque-la-derniere-chrysler-300\/\" \/>\n<meta property=\"og:site_name\" content=\"All cars news\" \/>\n<meta property=\"article:published_time\" content=\"2023-12-11T13:00:00+00:00\" \/>\n<meta property=\"og:image\" content=\"https:\/\/autorai.nl\/wp-content\/uploads\/2022\/09\/chrysler_300c_3-1140x843.jpg\" \/>\n<meta name=\"twitter:card\" content=\"summary_large_image\" \/>\n<meta name=\"twitter:label1\" content=\"Dur\u00e9e de lecture estim\u00e9e\" \/>\n\t<meta name=\"twitter:data1\" content=\"2 minutes\" \/>\n<script type=\"application\/ld+json\" class=\"yoast-schema-graph\">{\"@context\":\"https:\/\/schema.org\",\"@graph\":[{\"@type\":\"Article\",\"@id\":\"https:\/\/all-car-news.com\/fr\/fin-dune-epoque-la-derniere-chrysler-300\/#article\",\"isPartOf\":{\"@id\":\"https:\/\/all-car-news.com\/fr\/fin-dune-epoque-la-derniere-chrysler-300\/\"},\"author\":{\"name\":\"\",\"@id\":\"\"},\"headline\":\"Fin d&rsquo;une \u00e9poque : la derni\u00e8re Chrysler 300\",\"datePublished\":\"2023-12-11T13:00:00+00:00\",\"dateModified\":\"2023-12-11T13:00:00+00:00\",\"mainEntityOfPage\":{\"@id\":\"https:\/\/all-car-news.com\/fr\/fin-dune-epoque-la-derniere-chrysler-300\/\"},\"wordCount\":424,\"publisher\":{\"@id\":\"https:\/\/all-car-news.com\/fr\/#organization\"},\"articleSection\":[\"nouvelles de voiture\"],\"inLanguage\":\"fr-FR\"},{\"@type\":\"WebPage\",\"@id\":\"https:\/\/all-car-news.com\/fr\/fin-dune-epoque-la-derniere-chrysler-300\/\",\"url\":\"https:\/\/all-car-news.com\/fr\/fin-dune-epoque-la-derniere-chrysler-300\/\",\"name\":\"Fin d'une \u00e9poque : la derni\u00e8re Chrysler 300 - All cars news\",\"isPartOf\":{\"@id\":\"https:\/\/all-car-news.com\/fr\/#website\"},\"datePublished\":\"2023-12-11T13:00:00+00:00\",\"dateModified\":\"2023-12-11T13:00:00+00:00\",\"breadcrumb\":{\"@id\":\"https:\/\/all-car-news.com\/fr\/fin-dune-epoque-la-derniere-chrysler-300\/#breadcrumb\"},\"inLanguage\":\"fr-FR\",\"potentialAction\":[{\"@type\":\"ReadAction\",\"target\":[\"https:\/\/all-car-news.com\/fr\/fin-dune-epoque-la-derniere-chrysler-300\/\"]}]},{\"@type\":\"BreadcrumbList\",\"@id\":\"https:\/\/all-car-news.com\/fr\/fin-dune-epoque-la-derniere-chrysler-300\/#breadcrumb\",\"itemListElement\":[{\"@type\":\"ListItem\",\"position\":1,\"name\":\"Home\",\"item\":\"https:\/\/all-car-news.com\/fr\/\"},{\"@type\":\"ListItem\",\"position\":2,\"name\":\"Fin d&rsquo;une \u00e9poque : la derni\u00e8re Chrysler 300\"}]},{\"@type\":\"WebSite\",\"@id\":\"https:\/\/all-car-news.com\/fr\/#website\",\"url\":\"https:\/\/all-car-news.com\/fr\/\",\"name\":\"All cars news\",\"description\":\"\",\"publisher\":{\"@id\":\"https:\/\/all-car-news.com\/fr\/#organization\"},\"potentialAction\":[{\"@type\":\"SearchAction\",\"target\":{\"@type\":\"EntryPoint\",\"urlTemplate\":\"https:\/\/all-car-news.com\/fr\/?s={search_term_string}\"},\"query-input\":\"required name=search_term_string\"}],\"inLanguage\":\"fr-FR\"},{\"@type\":\"Organization\",\"@id\":\"https:\/\/all-car-news.com\/fr\/#organization\",\"name\":\"All cars news\",\"url\":\"https:\/\/all-car-news.com\/fr\/\",\"logo\":{\"@type\":\"ImageObject\",\"inLanguage\":\"fr-FR\",\"@id\":\"https:\/\/all-car-news.com\/fr\/#\/schema\/logo\/image\/\",\"url\":\"https:\/\/all-car-news.com\/wp-content\/uploads\/2022\/02\/CMYK-AllCarNews_LANDSCAPE_300px-1.png\",\"contentUrl\":\"https:\/\/all-car-news.com\/wp-content\/uploads\/2022\/02\/CMYK-AllCarNews_LANDSCAPE_300px-1.png\",\"width\":300,\"height\":100,\"caption\":\"All cars news\"},\"image\":{\"@id\":\"https:\/\/all-car-news.com\/fr\/#\/schema\/logo\/image\/\"}}]}<\/script>\n<!-- \/ Yoast SEO plugin. -->","yoast_head_json":{"title":"Fin d'une \u00e9poque : la derni\u00e8re Chrysler 300 - All cars news","robots":{"index":"index","follow":"follow","max-snippet":"max-snippet:-1","max-image-preview":"max-image-preview:large","max-video-preview":"max-video-preview:-1"},"canonical":"https:\/\/all-car-news.com\/fr\/fin-dune-epoque-la-derniere-chrysler-300\/","og_locale":"fr_FR","og_type":"article","og_title":"Fin d'une \u00e9poque : la derni\u00e8re Chrysler 300 - All cars news","og_description":"Chrysler 300 La marque am\u00e9ricaine Chrysler commercialise depuis de nombreuses ann\u00e9es des voitures portant le num\u00e9ro 300 dans leur nom de mod\u00e8le. Ils ont commenc\u00e9 \u00e0 le faire dans les ann\u00e9es 1950 avec la Chrysler 300. Elle a \u00e9t\u00e9 suivie par la 300M au d\u00e9but des ann\u00e9es 2000. Cette voiture a \u00e9t\u00e9 remplac\u00e9e par la premi\u00e8re g\u00e9n\u00e9ration de [...]","og_url":"https:\/\/all-car-news.com\/fr\/fin-dune-epoque-la-derniere-chrysler-300\/","og_site_name":"All cars news","article_published_time":"2023-12-11T13:00:00+00:00","og_image":[{"url":"https:\/\/autorai.nl\/wp-content\/uploads\/2022\/09\/chrysler_300c_3-1140x843.jpg"}],"twitter_card":"summary_large_image","twitter_misc":{"Dur\u00e9e de lecture estim\u00e9e":"2 minutes"},"schema":{"@context":"https:\/\/schema.org","@graph":[{"@type":"Article","@id":"https:\/\/all-car-news.com\/fr\/fin-dune-epoque-la-derniere-chrysler-300\/#article","isPartOf":{"@id":"https:\/\/all-car-news.com\/fr\/fin-dune-epoque-la-derniere-chrysler-300\/"},"author":{"name":"","@id":""},"headline":"Fin d&rsquo;une \u00e9poque : la derni\u00e8re Chrysler 300","datePublished":"2023-12-11T13:00:00+00:00","dateModified":"2023-12-11T13:00:00+00:00","mainEntityOfPage":{"@id":"https:\/\/all-car-news.com\/fr\/fin-dune-epoque-la-derniere-chrysler-300\/"},"wordCount":424,"publisher":{"@id":"https:\/\/all-car-news.com\/fr\/#organization"},"articleSection":["nouvelles de voiture"],"inLanguage":"fr-FR"},{"@type":"WebPage","@id":"https:\/\/all-car-news.com\/fr\/fin-dune-epoque-la-derniere-chrysler-300\/","url":"https:\/\/all-car-news.com\/fr\/fin-dune-epoque-la-derniere-chrysler-300\/","name":"Fin d'une \u00e9poque : la derni\u00e8re Chrysler 300 - All cars news","isPartOf":{"@id":"https:\/\/all-car-news.com\/fr\/#website"},"datePublished":"2023-12-11T13:00:00+00:00","dateModified":"2023-12-11T13:00:00+00:00","breadcrumb":{"@id":"https:\/\/all-car-news.com\/fr\/fin-dune-epoque-la-derniere-chrysler-300\/#breadcrumb"},"inLanguage":"fr-FR","potentialAction":[{"@type":"ReadAction","target":["https:\/\/all-car-news.com\/fr\/fin-dune-epoque-la-derniere-chrysler-300\/"]}]},{"@type":"BreadcrumbList","@id":"https:\/\/all-car-news.com\/fr\/fin-dune-epoque-la-derniere-chrysler-300\/#breadcrumb","itemListElement":[{"@type":"ListItem","position":1,"name":"Home","item":"https:\/\/all-car-news.com\/fr\/"},{"@type":"ListItem","position":2,"name":"Fin d&rsquo;une \u00e9poque : la derni\u00e8re Chrysler 300"}]},{"@type":"WebSite","@id":"https:\/\/all-car-news.com\/fr\/#website","url":"https:\/\/all-car-news.com\/fr\/","name":"All cars news","description":"","publisher":{"@id":"https:\/\/all-car-news.com\/fr\/#organization"},"potentialAction":[{"@type":"SearchAction","target":{"@type":"EntryPoint","urlTemplate":"https:\/\/all-car-news.com\/fr\/?s={search_term_string}"},"query-input":"required name=search_term_string"}],"inLanguage":"fr-FR"},{"@type":"Organization","@id":"https:\/\/all-car-news.com\/fr\/#organization","name":"All cars news","url":"https:\/\/all-car-news.com\/fr\/","logo":{"@type":"ImageObject","inLanguage":"fr-FR","@id":"https:\/\/all-car-news.com\/fr\/#\/schema\/logo\/image\/","url":"https:\/\/all-car-news.com\/wp-content\/uploads\/2022\/02\/CMYK-AllCarNews_LANDSCAPE_300px-1.png","contentUrl":"https:\/\/all-car-news.com\/wp-content\/uploads\/2022\/02\/CMYK-AllCarNews_LANDSCAPE_300px-1.png","width":300,"height":100,"caption":"All cars news"},"image":{"@id":"https:\/\/all-car-news.com\/fr\/#\/schema\/logo\/image\/"}}]}},"_links":{"self":[{"href":"https:\/\/all-car-news.com\/fr\/wp-json\/wp\/v2\/posts\/141253","targetHints":{"allow":["GET"]}}],"collection":[{"href":"https:\/\/all-car-news.com\/fr\/wp-json\/wp\/v2\/posts"}],"about":[{"href":"https:\/\/all-car-news.com\/fr\/wp-json\/wp\/v2\/types\/post"}],"replies":[{"embeddable":true,"href":"https:\/\/all-car-news.com\/fr\/wp-json\/wp\/v2\/comments?post=141253"}],"version-history":[{"count":0,"href":"https:\/\/all-car-news.com\/fr\/wp-json\/wp\/v2\/posts\/141253\/revisions"}],"wp:featuredmedia":[{"embeddable":true,"href":"https:\/\/all-car-news.com\/fr\/wp-json\/wp\/v2\/media\/141179"}],"wp:attachment":[{"href":"https:\/\/all-car-news.com\/fr\/wp-json\/wp\/v2\/media?parent=141253"}],"wp:term":[{"taxonomy":"category","embeddable":true,"href":"https:\/\/all-car-news.com\/fr\/wp-json\/wp\/v2\/categories?post=141253"},{"taxonomy":"post_tag","embeddable":true,"href":"https:\/\/all-car-news.com\/fr\/wp-json\/wp\/v2\/tags?post=141253"}],"curies":[{"name":"wp","href":"https:\/\/api.w.org\/{rel}","templated":true}]}}