{"id":140868,"date":"2023-11-28T08:48:04","date_gmt":"2023-11-28T08:48:04","guid":{"rendered":"https:\/\/all-car-news.com\/cette-porsche-911-carrera-4s-est-tres-speciale-mais-pourquoi\/"},"modified":"2023-11-28T08:48:04","modified_gmt":"2023-11-28T08:48:04","slug":"cette-porsche-911-carrera-4s-est-tres-speciale-mais-pourquoi","status":"publish","type":"post","link":"https:\/\/all-car-news.com\/fr\/cette-porsche-911-carrera-4s-est-tres-speciale-mais-pourquoi\/","title":{"rendered":"Cette Porsche 911 Carrera 4S est tr\u00e8s sp\u00e9ciale, mais pourquoi ?"},"content":{"rendered":"<h2>Porsche 911 Carrera 4S bleue<\/h2>\n<p>Une Porsche 911 Carrera 4S bleue. C&rsquo;est une belle chose, mais qui n&rsquo;a rien de sp\u00e9cial, n&rsquo;est-ce pas ? En y regardant de plus pr\u00e8s, on se rend compte que cette Porsche est tr\u00e8s sp\u00e9ciale. Jetez un coup d&rsquo;\u0153il \u00e0 l&rsquo;int\u00e9rieur ! Nous nous ferons un plaisir de vous expliquer.<\/p>\n<h2><em>Mauvais gar\u00e7ons<\/em><\/h2>\n<p>Lorsque le troisi\u00e8me volet de la s\u00e9rie de films hollywoodiens <em>Bad Boys<\/em> &#8211; intitul\u00e9 <em>Bad Boys for Life<\/em> &#8211; sortira en salles d\u00e9but 2020, les personnages principaux Will Smith et Martin Lawrence seront accompagn\u00e9s d&rsquo;une 911 Carrera 4S, la bleue en l&rsquo;occurrence. Dans le film, les deux hommes poursuivent des criminels en tant que d\u00e9tectives Mike Lowrey et Marcus Burnett.<\/p>\n<div class=\"galery shuffle galery-0\">\n<figure>\n\t\t\t\t\t<span style=\"cursor: pointer\" data-src=\"https:\/\/autorai.nl\/wp-content\/uploads\/2023\/11\/porsche-911-carrera-4s-bad-boys-3-porsche-museum-stuttgart-foto7-1600x1200.jpg\" data-fancybox=\"galery-0\" title=\"\"><br \/>\n\t\t\t\t\t\t\t<img decoding=\"async\" width=\"640\" height=\"480\" src=\"https:\/\/autorai.nl\/wp-content\/uploads\/2023\/11\/porsche-911-carrera-4s-bad-boys-3-porsche-museum-stuttgart-foto7-640x480.jpg\" class=\"attachment-medium size-medium\" alt=\"\" loading=\"lazy\"><i class=\"fa fa-search-plus\" aria-hidden=\"true\"><\/i><br \/>\n\t\t\t\t\t\t<\/span><br \/>\n\t\t\t\t\t<\/figure>\n<figure>\n\t\t\t\t\t<span style=\"cursor: pointer\" data-src=\"https:\/\/autorai.nl\/wp-content\/uploads\/2023\/11\/porsche-911-carrera-4s-bad-boys-3-porsche-museum-stuttgart-foto1-1600x1200.jpg\" data-fancybox=\"galery-0\" title=\"\"><br \/>\n\t\t\t\t\t\t\t<img decoding=\"async\" width=\"360\" height=\"270\" src=\"https:\/\/autorai.nl\/wp-content\/uploads\/2023\/11\/porsche-911-carrera-4s-bad-boys-3-porsche-museum-stuttgart-foto1-360x270.jpg\" class=\"attachment-small size-small\" alt=\"\" loading=\"lazy\"><i class=\"fa fa-search-plus\" aria-hidden=\"true\"><\/i><br \/>\n\t\t\t\t\t\t<\/span><br \/>\n\t\t\t\t\t<\/figure>\n<figure>\n\t\t\t\t\t<span style=\"cursor: pointer\" data-src=\"https:\/\/autorai.nl\/wp-content\/uploads\/2023\/11\/porsche-911-carrera-4s-bad-boys-3-porsche-museum-stuttgart-foto5-1600x1200.jpg\" data-fancybox=\"galery-0\" title=\"\"><br \/>\n\t\t\t\t\t\t\t<img decoding=\"async\" width=\"360\" height=\"270\" src=\"https:\/\/autorai.nl\/wp-content\/uploads\/2023\/11\/porsche-911-carrera-4s-bad-boys-3-porsche-museum-stuttgart-foto5-360x270.jpg\" class=\"attachment-small size-small\" alt=\"Porsche 911 Carrera 4S - Bad Boys 3\" loading=\"lazy\"><i class=\"fa fa-search-plus\" aria-hidden=\"true\"><\/i><br \/>\n\t\t\t\t\t\t<\/span><br \/>\n\t\t\t\t\t<\/figure>\n<figure>\n\t\t\t\t\t<span style=\"cursor: pointer\" data-src=\"https:\/\/autorai.nl\/wp-content\/uploads\/2023\/11\/porsche-911-carrera-4s-bad-boys-3-porsche-museum-stuttgart-foto6-1600x1200.jpg\" data-fancybox=\"galery-0\" title=\"\"><br \/>\n\t\t\t\t\t\t\t<img decoding=\"async\" width=\"640\" height=\"480\" src=\"https:\/\/autorai.nl\/wp-content\/uploads\/2023\/11\/porsche-911-carrera-4s-bad-boys-3-porsche-museum-stuttgart-foto6-640x480.jpg\" class=\"attachment-medium size-medium\" alt=\"\" loading=\"lazy\"><i class=\"fa fa-search-plus\" aria-hidden=\"true\"><\/i><br \/>\n\t\t\t\t\t\t<\/span><br \/>\n\t\t\t\t\t<\/figure>\n<figure>\n\t\t\t\t\t<span style=\"cursor: pointer\" data-src=\"https:\/\/autorai.nl\/wp-content\/uploads\/2023\/11\/porsche-911-carrera-4s-bad-boys-3-porsche-museum-stuttgart-foto3-1600x1200.jpg\" data-fancybox=\"galery-0\" title=\"\"><br \/>\n\t\t\t\t\t\t\t<img decoding=\"async\" width=\"360\" height=\"270\" src=\"https:\/\/autorai.nl\/wp-content\/uploads\/2023\/11\/porsche-911-carrera-4s-bad-boys-3-porsche-museum-stuttgart-foto3-360x270.jpg\" class=\"attachment-small size-small\" alt=\"\" loading=\"lazy\"><i class=\"fa fa-search-plus\" aria-hidden=\"true\"><\/i><br \/>\n\t\t\t\t\t\t<\/span><br \/>\n\t\t\t\t\t<\/figure>\n<figure>\n\t\t\t\t\t<span style=\"cursor: pointer\" data-src=\"https:\/\/autorai.nl\/wp-content\/uploads\/2023\/11\/porsche-911-carrera-4s-bad-boys-3-porsche-museum-stuttgart-foto2-1600x1200.jpg\" data-fancybox=\"galery-0\" title=\"\"><br \/>\n\t\t\t\t\t\t\t<img decoding=\"async\" width=\"360\" height=\"270\" src=\"https:\/\/autorai.nl\/wp-content\/uploads\/2023\/11\/porsche-911-carrera-4s-bad-boys-3-porsche-museum-stuttgart-foto2-360x270.jpg\" class=\"attachment-small size-small\" alt=\"\" loading=\"lazy\"><i class=\"fa fa-search-plus\" aria-hidden=\"true\"><\/i><br \/>\n\t\t\t\t\t\t<\/span><br \/>\n\t\t\t\t\t<\/figure>\n<div class=\"clear\"><\/div>\n<\/div>\n<h2>Frein \u00e0 main hydraulique<\/h2>\n<p>Pour les cascades, la voiture \u00e9tait \u00e9quip\u00e9e d&rsquo;un frein \u00e0 main hydraulique, mais pour le reste, elle \u00e9tait tout \u00e0 fait standard. La voiture en question &#8211; construite en 2018 &#8211; est donc \u00e9quip\u00e9e d&rsquo;un moteur boxer biturbo \u00e0 six cylindres de 3,0 litres, d&rsquo;une puissance de 331 kW (450 ch) et d&rsquo;une vitesse de pointe de 306 km\/h.<\/p>\n<h2>Une autre performance<\/h2>\n<p>Le tournage de la prochaine apparition vid\u00e9o de cette Porsche a \u00e9t\u00e9 achev\u00e9 avant qu&rsquo;elle n&rsquo;apparaisse sur le grand \u00e9cran dans le <em>film Bad Boys<\/em>. En fait, cette 911 a \u00e9t\u00e9 utilis\u00e9e dans le spot publicitaire embl\u00e9matique de Porsche, <em>The Heist<\/em>, cr\u00e9\u00e9 sp\u00e9cialement pour le Big Game lors du Super Bowl 2020.<\/p>\n<h2>Trailer <em>Bad Boys for Life<\/em><\/h2>\n<\/p>\n<figure class=\"wp-block-embed is-type-video is-provider-youtube wp-block-embed-youtube wp-embed-aspect-16-9 wp-has-aspect-ratio\">\n<div class=\"wp-block-embed__wrapper\">\n<\/div>\n<\/figure>\n<h2>Publicit\u00e9 Porsche Super Bowl &#8211; <em>Le vol<\/em><\/h2>\n<\/p>\n<figure class=\"wp-block-embed is-type-video is-provider-youtube wp-block-embed-youtube wp-embed-aspect-16-9 wp-has-aspect-ratio\">\n<div class=\"wp-block-embed__wrapper\">\n<\/div>\n<\/figure>\n","protected":false},"excerpt":{"rendered":"Porsche 911 Carrera 4S bleue Une Porsche 911 Carrera 4S bleue. C'est une belle chose, mais qui n'a rien de\u2026","protected":false},"author":0,"featured_media":140856,"comment_status":"","ping_status":"open","sticky":false,"template":"","format":"standard","meta":{"footnotes":""},"categories":[131,127],"tags":[],"class_list":["post-140868","post","type-post","status-publish","format-standard","has-post-thumbnail","hentry","category-fond","category-nouvelles-de-voiture"],"acf":[],"yoast_head":"<!-- This site is optimized with the Yoast SEO plugin v21.2 - https:\/\/yoast.com\/wordpress\/plugins\/seo\/ -->\n<title>Cette Porsche 911 Carrera 4S est tr\u00e8s sp\u00e9ciale, mais pourquoi ? - All cars news<\/title>\n<meta name=\"robots\" content=\"index, follow, max-snippet:-1, max-image-preview:large, max-video-preview:-1\" \/>\n<link rel=\"canonical\" href=\"https:\/\/all-car-news.com\/fr\/cette-porsche-911-carrera-4s-est-tres-speciale-mais-pourquoi\/\" \/>\n<meta property=\"og:locale\" content=\"fr_FR\" \/>\n<meta property=\"og:type\" content=\"article\" \/>\n<meta property=\"og:title\" content=\"Cette Porsche 911 Carrera 4S est tr\u00e8s sp\u00e9ciale, mais pourquoi ? - All cars news\" \/>\n<meta property=\"og:description\" content=\"Porsche 911 Carrera 4S bleue Une Porsche 911 Carrera 4S bleue. C&#039;est une belle chose, mais qui n&#039;a rien de sp\u00e9cial, n&#039;est-ce pas ? En y regardant de plus pr\u00e8s, on se rend compte que cette Porsche est tr\u00e8s sp\u00e9ciale. Jetez un coup d&#039;\u0153il \u00e0 l&#039;int\u00e9rieur ! Nous nous ferons un plaisir de vous expliquer. Bad Boys D\u00e9but 2020 [...]\" \/>\n<meta property=\"og:url\" content=\"https:\/\/all-car-news.com\/fr\/cette-porsche-911-carrera-4s-est-tres-speciale-mais-pourquoi\/\" \/>\n<meta property=\"og:site_name\" content=\"All cars news\" \/>\n<meta property=\"article:published_time\" content=\"2023-11-28T08:48:04+00:00\" \/>\n<meta property=\"og:image\" content=\"https:\/\/autorai.nl\/wp-content\/uploads\/2023\/11\/porsche-911-carrera-4s-bad-boys-3-porsche-museum-stuttgart-foto7-640x480.jpg\" \/>\n<meta name=\"twitter:card\" content=\"summary_large_image\" \/>\n<meta name=\"twitter:label1\" content=\"Dur\u00e9e de lecture estim\u00e9e\" \/>\n\t<meta name=\"twitter:data1\" content=\"1 minute\" \/>\n<script type=\"application\/ld+json\" class=\"yoast-schema-graph\">{\"@context\":\"https:\/\/schema.org\",\"@graph\":[{\"@type\":\"Article\",\"@id\":\"https:\/\/all-car-news.com\/fr\/cette-porsche-911-carrera-4s-est-tres-speciale-mais-pourquoi\/#article\",\"isPartOf\":{\"@id\":\"https:\/\/all-car-news.com\/fr\/cette-porsche-911-carrera-4s-est-tres-speciale-mais-pourquoi\/\"},\"author\":{\"name\":\"\",\"@id\":\"\"},\"headline\":\"Cette Porsche 911 Carrera 4S est tr\u00e8s sp\u00e9ciale, mais pourquoi ?\",\"datePublished\":\"2023-11-28T08:48:04+00:00\",\"dateModified\":\"2023-11-28T08:48:04+00:00\",\"mainEntityOfPage\":{\"@id\":\"https:\/\/all-car-news.com\/fr\/cette-porsche-911-carrera-4s-est-tres-speciale-mais-pourquoi\/\"},\"wordCount\":259,\"publisher\":{\"@id\":\"https:\/\/all-car-news.com\/fr\/#organization\"},\"articleSection\":[\"Fond\",\"nouvelles de voiture\"],\"inLanguage\":\"fr-FR\"},{\"@type\":\"WebPage\",\"@id\":\"https:\/\/all-car-news.com\/fr\/cette-porsche-911-carrera-4s-est-tres-speciale-mais-pourquoi\/\",\"url\":\"https:\/\/all-car-news.com\/fr\/cette-porsche-911-carrera-4s-est-tres-speciale-mais-pourquoi\/\",\"name\":\"Cette Porsche 911 Carrera 4S est tr\u00e8s sp\u00e9ciale, mais pourquoi ? - All cars news\",\"isPartOf\":{\"@id\":\"https:\/\/all-car-news.com\/fr\/#website\"},\"datePublished\":\"2023-11-28T08:48:04+00:00\",\"dateModified\":\"2023-11-28T08:48:04+00:00\",\"breadcrumb\":{\"@id\":\"https:\/\/all-car-news.com\/fr\/cette-porsche-911-carrera-4s-est-tres-speciale-mais-pourquoi\/#breadcrumb\"},\"inLanguage\":\"fr-FR\",\"potentialAction\":[{\"@type\":\"ReadAction\",\"target\":[\"https:\/\/all-car-news.com\/fr\/cette-porsche-911-carrera-4s-est-tres-speciale-mais-pourquoi\/\"]}]},{\"@type\":\"BreadcrumbList\",\"@id\":\"https:\/\/all-car-news.com\/fr\/cette-porsche-911-carrera-4s-est-tres-speciale-mais-pourquoi\/#breadcrumb\",\"itemListElement\":[{\"@type\":\"ListItem\",\"position\":1,\"name\":\"Home\",\"item\":\"https:\/\/all-car-news.com\/fr\/\"},{\"@type\":\"ListItem\",\"position\":2,\"name\":\"Cette Porsche 911 Carrera 4S est tr\u00e8s sp\u00e9ciale, mais pourquoi ?\"}]},{\"@type\":\"WebSite\",\"@id\":\"https:\/\/all-car-news.com\/fr\/#website\",\"url\":\"https:\/\/all-car-news.com\/fr\/\",\"name\":\"All cars news\",\"description\":\"\",\"publisher\":{\"@id\":\"https:\/\/all-car-news.com\/fr\/#organization\"},\"potentialAction\":[{\"@type\":\"SearchAction\",\"target\":{\"@type\":\"EntryPoint\",\"urlTemplate\":\"https:\/\/all-car-news.com\/fr\/?s={search_term_string}\"},\"query-input\":\"required name=search_term_string\"}],\"inLanguage\":\"fr-FR\"},{\"@type\":\"Organization\",\"@id\":\"https:\/\/all-car-news.com\/fr\/#organization\",\"name\":\"All cars news\",\"url\":\"https:\/\/all-car-news.com\/fr\/\",\"logo\":{\"@type\":\"ImageObject\",\"inLanguage\":\"fr-FR\",\"@id\":\"https:\/\/all-car-news.com\/fr\/#\/schema\/logo\/image\/\",\"url\":\"https:\/\/all-car-news.com\/wp-content\/uploads\/2022\/02\/CMYK-AllCarNews_LANDSCAPE_300px-1.png\",\"contentUrl\":\"https:\/\/all-car-news.com\/wp-content\/uploads\/2022\/02\/CMYK-AllCarNews_LANDSCAPE_300px-1.png\",\"width\":300,\"height\":100,\"caption\":\"All cars news\"},\"image\":{\"@id\":\"https:\/\/all-car-news.com\/fr\/#\/schema\/logo\/image\/\"}}]}<\/script>\n<!-- \/ Yoast SEO plugin. -->","yoast_head_json":{"title":"Cette Porsche 911 Carrera 4S est tr\u00e8s sp\u00e9ciale, mais pourquoi ? - All cars news","robots":{"index":"index","follow":"follow","max-snippet":"max-snippet:-1","max-image-preview":"max-image-preview:large","max-video-preview":"max-video-preview:-1"},"canonical":"https:\/\/all-car-news.com\/fr\/cette-porsche-911-carrera-4s-est-tres-speciale-mais-pourquoi\/","og_locale":"fr_FR","og_type":"article","og_title":"Cette Porsche 911 Carrera 4S est tr\u00e8s sp\u00e9ciale, mais pourquoi ? - All cars news","og_description":"Porsche 911 Carrera 4S bleue Une Porsche 911 Carrera 4S bleue. C'est une belle chose, mais qui n'a rien de sp\u00e9cial, n'est-ce pas ? En y regardant de plus pr\u00e8s, on se rend compte que cette Porsche est tr\u00e8s sp\u00e9ciale. Jetez un coup d'\u0153il \u00e0 l'int\u00e9rieur ! Nous nous ferons un plaisir de vous expliquer. Bad Boys D\u00e9but 2020 [...]","og_url":"https:\/\/all-car-news.com\/fr\/cette-porsche-911-carrera-4s-est-tres-speciale-mais-pourquoi\/","og_site_name":"All cars news","article_published_time":"2023-11-28T08:48:04+00:00","og_image":[{"url":"https:\/\/autorai.nl\/wp-content\/uploads\/2023\/11\/porsche-911-carrera-4s-bad-boys-3-porsche-museum-stuttgart-foto7-640x480.jpg"}],"twitter_card":"summary_large_image","twitter_misc":{"Dur\u00e9e de lecture estim\u00e9e":"1 minute"},"schema":{"@context":"https:\/\/schema.org","@graph":[{"@type":"Article","@id":"https:\/\/all-car-news.com\/fr\/cette-porsche-911-carrera-4s-est-tres-speciale-mais-pourquoi\/#article","isPartOf":{"@id":"https:\/\/all-car-news.com\/fr\/cette-porsche-911-carrera-4s-est-tres-speciale-mais-pourquoi\/"},"author":{"name":"","@id":""},"headline":"Cette Porsche 911 Carrera 4S est tr\u00e8s sp\u00e9ciale, mais pourquoi ?","datePublished":"2023-11-28T08:48:04+00:00","dateModified":"2023-11-28T08:48:04+00:00","mainEntityOfPage":{"@id":"https:\/\/all-car-news.com\/fr\/cette-porsche-911-carrera-4s-est-tres-speciale-mais-pourquoi\/"},"wordCount":259,"publisher":{"@id":"https:\/\/all-car-news.com\/fr\/#organization"},"articleSection":["Fond","nouvelles de voiture"],"inLanguage":"fr-FR"},{"@type":"WebPage","@id":"https:\/\/all-car-news.com\/fr\/cette-porsche-911-carrera-4s-est-tres-speciale-mais-pourquoi\/","url":"https:\/\/all-car-news.com\/fr\/cette-porsche-911-carrera-4s-est-tres-speciale-mais-pourquoi\/","name":"Cette Porsche 911 Carrera 4S est tr\u00e8s sp\u00e9ciale, mais pourquoi ? - All cars news","isPartOf":{"@id":"https:\/\/all-car-news.com\/fr\/#website"},"datePublished":"2023-11-28T08:48:04+00:00","dateModified":"2023-11-28T08:48:04+00:00","breadcrumb":{"@id":"https:\/\/all-car-news.com\/fr\/cette-porsche-911-carrera-4s-est-tres-speciale-mais-pourquoi\/#breadcrumb"},"inLanguage":"fr-FR","potentialAction":[{"@type":"ReadAction","target":["https:\/\/all-car-news.com\/fr\/cette-porsche-911-carrera-4s-est-tres-speciale-mais-pourquoi\/"]}]},{"@type":"BreadcrumbList","@id":"https:\/\/all-car-news.com\/fr\/cette-porsche-911-carrera-4s-est-tres-speciale-mais-pourquoi\/#breadcrumb","itemListElement":[{"@type":"ListItem","position":1,"name":"Home","item":"https:\/\/all-car-news.com\/fr\/"},{"@type":"ListItem","position":2,"name":"Cette Porsche 911 Carrera 4S est tr\u00e8s sp\u00e9ciale, mais pourquoi ?"}]},{"@type":"WebSite","@id":"https:\/\/all-car-news.com\/fr\/#website","url":"https:\/\/all-car-news.com\/fr\/","name":"All cars news","description":"","publisher":{"@id":"https:\/\/all-car-news.com\/fr\/#organization"},"potentialAction":[{"@type":"SearchAction","target":{"@type":"EntryPoint","urlTemplate":"https:\/\/all-car-news.com\/fr\/?s={search_term_string}"},"query-input":"required name=search_term_string"}],"inLanguage":"fr-FR"},{"@type":"Organization","@id":"https:\/\/all-car-news.com\/fr\/#organization","name":"All cars news","url":"https:\/\/all-car-news.com\/fr\/","logo":{"@type":"ImageObject","inLanguage":"fr-FR","@id":"https:\/\/all-car-news.com\/fr\/#\/schema\/logo\/image\/","url":"https:\/\/all-car-news.com\/wp-content\/uploads\/2022\/02\/CMYK-AllCarNews_LANDSCAPE_300px-1.png","contentUrl":"https:\/\/all-car-news.com\/wp-content\/uploads\/2022\/02\/CMYK-AllCarNews_LANDSCAPE_300px-1.png","width":300,"height":100,"caption":"All cars news"},"image":{"@id":"https:\/\/all-car-news.com\/fr\/#\/schema\/logo\/image\/"}}]}},"_links":{"self":[{"href":"https:\/\/all-car-news.com\/fr\/wp-json\/wp\/v2\/posts\/140868","targetHints":{"allow":["GET"]}}],"collection":[{"href":"https:\/\/all-car-news.com\/fr\/wp-json\/wp\/v2\/posts"}],"about":[{"href":"https:\/\/all-car-news.com\/fr\/wp-json\/wp\/v2\/types\/post"}],"replies":[{"embeddable":true,"href":"https:\/\/all-car-news.com\/fr\/wp-json\/wp\/v2\/comments?post=140868"}],"version-history":[{"count":0,"href":"https:\/\/all-car-news.com\/fr\/wp-json\/wp\/v2\/posts\/140868\/revisions"}],"wp:featuredmedia":[{"embeddable":true,"href":"https:\/\/all-car-news.com\/fr\/wp-json\/wp\/v2\/media\/140856"}],"wp:attachment":[{"href":"https:\/\/all-car-news.com\/fr\/wp-json\/wp\/v2\/media?parent=140868"}],"wp:term":[{"taxonomy":"category","embeddable":true,"href":"https:\/\/all-car-news.com\/fr\/wp-json\/wp\/v2\/categories?post=140868"},{"taxonomy":"post_tag","embeddable":true,"href":"https:\/\/all-car-news.com\/fr\/wp-json\/wp\/v2\/tags?post=140868"}],"curies":[{"name":"wp","href":"https:\/\/api.w.org\/{rel}","templated":true}]}}