{"id":140826,"date":"2023-11-27T11:31:45","date_gmt":"2023-11-27T11:31:45","guid":{"rendered":"https:\/\/all-car-news.com\/ces-7-voitures-ont-une-chance-detre-elues-voiture-de-lannee-2024\/"},"modified":"2023-11-27T11:31:45","modified_gmt":"2023-11-27T11:31:45","slug":"ces-7-voitures-ont-une-chance-detre-elues-voiture-de-lannee-2024","status":"publish","type":"post","link":"https:\/\/all-car-news.com\/fr\/ces-7-voitures-ont-une-chance-detre-elues-voiture-de-lannee-2024\/","title":{"rendered":"Ces 7 voitures ont une chance d&rsquo;\u00eatre \u00e9lues Voiture de l&rsquo;ann\u00e9e 2024"},"content":{"rendered":"<p>L&rsquo;\u00e9lection europ\u00e9enne de la \u00ab\u00a0Voiture de l&rsquo;ann\u00e9e\u00a0\u00bb existe depuis 1964 et constitue le prix automobile le plus important en Europe. En 2021, c&rsquo;est la <a href=\"https:\/\/autorai.nl\/toyota-yaris-auto-van-het-jaar-2021\/\" target=\"_blank\" rel=\"noreferrer noopener\">Toyota Yaris<\/a> qui a remport\u00e9 la victoire. En 2022, il s&rsquo;agissait encore de la <a href=\"https:\/\/autorai.nl\/kia-ev6-is-auto-van-het-jaar-2022\/\" target=\"_blank\" rel=\"noreferrer noopener\">Kia EV6<\/a>. En 2023, la <a href=\"https:\/\/autorai.nl\/review-jeep-avenger-full-electric-summit-2023-de-nieuwe-verkooptopper\/\" target=\"_blank\" rel=\"noreferrer noopener\">Jeep Avenger<\/a> a \u00e9t\u00e9 \u00e9lue Voiture de l&rsquo;ann\u00e9e. En 2024, la bataille porte sur les mod\u00e8les suivants :<\/p>\n<ul>\n<li>BMW S\u00e9rie 5<\/li>\n<li>Sceau BYD<\/li>\n<li>Kia EV9<\/li>\n<li>Peugeot e-3008\/3008<\/li>\n<li>Renault Sc\u00e9nic<\/li>\n<li>Toyota C-HR<\/li>\n<li>Volvo EX30<\/li>\n<\/ul>\n<p>Le gagnant de l&rsquo;\u00e9lection de la voiture de l&rsquo;ann\u00e9e 2024 sera annonc\u00e9 le lundi 26 f\u00e9vrier.<\/p>\n<h2>Votez pour votre favori !<\/h2>\n<\/p>\n<h2>Les sept finalistes d&rsquo;affil\u00e9e<\/h2>\n<div class=\"galery galery-0\">\n<figure>\n\t\t\t\t\t<span style=\"cursor: pointer\" data-src=\"https:\/\/autorai.nl\/wp-content\/uploads\/2023\/11\/BMW-5-series-1600x1070.jpg\" data-fancybox=\"galery-0\" title=\"\"><br \/>\n\t\t\t\t\t\t\t<img decoding=\"async\" width=\"360\" height=\"270\" src=\"https:\/\/autorai.nl\/wp-content\/uploads\/2023\/11\/BMW-5-series-360x270.jpg\" class=\"attachment-small size-small\" alt=\"\" loading=\"lazy\"><i class=\"fa fa-search-plus\" aria-hidden=\"true\"><\/i><br \/>\n\t\t\t\t\t\t<\/span><br \/>\n\t\t\t\t\t<\/figure>\n<figure>\n\t\t\t\t\t<span style=\"cursor: pointer\" data-src=\"https:\/\/autorai.nl\/wp-content\/uploads\/2023\/11\/BYD-SEAL-1600x1070.jpg\" data-fancybox=\"galery-0\" title=\"\"><br \/>\n\t\t\t\t\t\t\t<img decoding=\"async\" width=\"360\" height=\"270\" src=\"https:\/\/autorai.nl\/wp-content\/uploads\/2023\/11\/BYD-SEAL-360x270.jpg\" class=\"attachment-small size-small\" alt=\"\" loading=\"lazy\"><i class=\"fa fa-search-plus\" aria-hidden=\"true\"><\/i><br \/>\n\t\t\t\t\t\t<\/span><br \/>\n\t\t\t\t\t<\/figure>\n<figure>\n\t\t\t\t\t<span style=\"cursor: pointer\" data-src=\"https:\/\/autorai.nl\/wp-content\/uploads\/2023\/11\/Kia-EV9-1600x1070.jpg\" data-fancybox=\"galery-0\" title=\"\"><br \/>\n\t\t\t\t\t\t\t<img decoding=\"async\" width=\"360\" height=\"270\" src=\"https:\/\/autorai.nl\/wp-content\/uploads\/2023\/11\/Kia-EV9-360x270.jpg\" class=\"attachment-small size-small\" alt=\"\" loading=\"lazy\"><i class=\"fa fa-search-plus\" aria-hidden=\"true\"><\/i><br \/>\n\t\t\t\t\t\t<\/span><br \/>\n\t\t\t\t\t<\/figure>\n<figure>\n\t\t\t\t\t<span style=\"cursor: pointer\" data-src=\"https:\/\/autorai.nl\/wp-content\/uploads\/2023\/11\/Peugeot-e3008-1600x1070.jpg\" data-fancybox=\"galery-0\" title=\"\"><br \/>\n\t\t\t\t\t\t\t<img decoding=\"async\" width=\"360\" height=\"270\" src=\"https:\/\/autorai.nl\/wp-content\/uploads\/2023\/11\/Peugeot-e3008-360x270.jpg\" class=\"attachment-small size-small\" alt=\"\" loading=\"lazy\"><i class=\"fa fa-search-plus\" aria-hidden=\"true\"><\/i><br \/>\n\t\t\t\t\t\t<\/span><br \/>\n\t\t\t\t\t<\/figure>\n<figure>\n\t\t\t\t\t<span style=\"cursor: pointer\" data-src=\"https:\/\/autorai.nl\/wp-content\/uploads\/2023\/11\/Renault-Scenic-1600x1070.jpg\" data-fancybox=\"galery-0\" title=\"\"><br \/>\n\t\t\t\t\t\t\t<img decoding=\"async\" width=\"360\" height=\"270\" src=\"https:\/\/autorai.nl\/wp-content\/uploads\/2023\/11\/Renault-Scenic-360x270.jpg\" class=\"attachment-small size-small\" alt=\"\" loading=\"lazy\"><i class=\"fa fa-search-plus\" aria-hidden=\"true\"><\/i><br \/>\n\t\t\t\t\t\t<\/span><br \/>\n\t\t\t\t\t<\/figure>\n<figure>\n\t\t\t\t\t<span style=\"cursor: pointer\" data-src=\"https:\/\/autorai.nl\/wp-content\/uploads\/2023\/11\/Toyota-c-hr--1600x1070.jpg\" data-fancybox=\"galery-0\" title=\"\"><br \/>\n\t\t\t\t\t\t\t<img decoding=\"async\" width=\"360\" height=\"270\" src=\"https:\/\/autorai.nl\/wp-content\/uploads\/2023\/11\/Toyota-c-hr--360x270.jpg\" class=\"attachment-small size-small\" alt=\"\" loading=\"lazy\"><i class=\"fa fa-search-plus\" aria-hidden=\"true\"><\/i><br \/>\n\t\t\t\t\t\t<\/span><br \/>\n\t\t\t\t\t<\/figure>\n<figure>\n\t\t\t\t\t<span style=\"cursor: pointer\" data-src=\"https:\/\/autorai.nl\/wp-content\/uploads\/2023\/11\/Volvo_EX30-1600x1070.jpg\" data-fancybox=\"galery-0\" title=\"\"><br \/>\n\t\t\t\t\t\t\t<img decoding=\"async\" width=\"360\" height=\"270\" src=\"https:\/\/autorai.nl\/wp-content\/uploads\/2023\/11\/Volvo_EX30-360x270.jpg\" class=\"attachment-small size-small\" alt=\"\" loading=\"lazy\"><i class=\"fa fa-search-plus\" aria-hidden=\"true\"><\/i><br \/>\n\t\t\t\t\t\t<\/span><br \/>\n\t\t\t\t\t<\/figure>\n<div class=\"clear\"><\/div>\n<\/div>\n","protected":false},"excerpt":{"rendered":"L'\u00e9lection europ\u00e9enne de la \"Voiture de l'ann\u00e9e\" existe depuis 1964 et constitue le prix automobile le plus important en Europe.\u2026","protected":false},"author":0,"featured_media":140801,"comment_status":"","ping_status":"open","sticky":false,"template":"","format":"standard","meta":{"footnotes":""},"categories":[127],"tags":[],"class_list":["post-140826","post","type-post","status-publish","format-standard","has-post-thumbnail","hentry","category-nouvelles-de-voiture"],"acf":[],"yoast_head":"<!-- This site is optimized with the Yoast SEO plugin v21.2 - https:\/\/yoast.com\/wordpress\/plugins\/seo\/ -->\n<title>Ces 7 voitures ont une chance d&#039;\u00eatre \u00e9lues Voiture de l&#039;ann\u00e9e 2024 - All cars news<\/title>\n<meta name=\"robots\" content=\"index, follow, max-snippet:-1, max-image-preview:large, max-video-preview:-1\" \/>\n<link rel=\"canonical\" href=\"https:\/\/all-car-news.com\/fr\/ces-7-voitures-ont-une-chance-detre-elues-voiture-de-lannee-2024\/\" \/>\n<meta property=\"og:locale\" content=\"fr_FR\" \/>\n<meta property=\"og:type\" content=\"article\" \/>\n<meta property=\"og:title\" content=\"Ces 7 voitures ont une chance d&#039;\u00eatre \u00e9lues Voiture de l&#039;ann\u00e9e 2024 - All cars news\" \/>\n<meta property=\"og:description\" content=\"L&#039;\u00e9lection europ\u00e9enne de la &quot;Voiture de l&#039;ann\u00e9e&quot; existe depuis 1964 et constitue le prix automobile le plus important en Europe. En 2021, c&#039;est la Toyota Yaris qui a remport\u00e9 la victoire. En 2022, il s&#039;agissait encore de la Kia EV6. En 2023, la Jeep Avenger a \u00e9t\u00e9 \u00e9lue Voiture de l&#039;ann\u00e9e. En 2024, la bataille porte sur les mod\u00e8les suivants : [...]\" \/>\n<meta property=\"og:url\" content=\"https:\/\/all-car-news.com\/fr\/ces-7-voitures-ont-une-chance-detre-elues-voiture-de-lannee-2024\/\" \/>\n<meta property=\"og:site_name\" content=\"All cars news\" \/>\n<meta property=\"article:published_time\" content=\"2023-11-27T11:31:45+00:00\" \/>\n<meta property=\"og:image\" content=\"https:\/\/autorai.nl\/wp-content\/uploads\/2023\/11\/BMW-5-series-360x270.jpg\" \/>\n<meta name=\"twitter:card\" content=\"summary_large_image\" \/>\n<script type=\"application\/ld+json\" class=\"yoast-schema-graph\">{\"@context\":\"https:\/\/schema.org\",\"@graph\":[{\"@type\":\"Article\",\"@id\":\"https:\/\/all-car-news.com\/fr\/ces-7-voitures-ont-une-chance-detre-elues-voiture-de-lannee-2024\/#article\",\"isPartOf\":{\"@id\":\"https:\/\/all-car-news.com\/fr\/ces-7-voitures-ont-une-chance-detre-elues-voiture-de-lannee-2024\/\"},\"author\":{\"name\":\"\",\"@id\":\"\"},\"headline\":\"Ces 7 voitures ont une chance d&rsquo;\u00eatre \u00e9lues Voiture de l&rsquo;ann\u00e9e 2024\",\"datePublished\":\"2023-11-27T11:31:45+00:00\",\"dateModified\":\"2023-11-27T11:31:45+00:00\",\"mainEntityOfPage\":{\"@id\":\"https:\/\/all-car-news.com\/fr\/ces-7-voitures-ont-une-chance-detre-elues-voiture-de-lannee-2024\/\"},\"wordCount\":114,\"publisher\":{\"@id\":\"https:\/\/all-car-news.com\/fr\/#organization\"},\"articleSection\":[\"nouvelles de voiture\"],\"inLanguage\":\"fr-FR\"},{\"@type\":\"WebPage\",\"@id\":\"https:\/\/all-car-news.com\/fr\/ces-7-voitures-ont-une-chance-detre-elues-voiture-de-lannee-2024\/\",\"url\":\"https:\/\/all-car-news.com\/fr\/ces-7-voitures-ont-une-chance-detre-elues-voiture-de-lannee-2024\/\",\"name\":\"Ces 7 voitures ont une chance d'\u00eatre \u00e9lues Voiture de l'ann\u00e9e 2024 - All cars news\",\"isPartOf\":{\"@id\":\"https:\/\/all-car-news.com\/fr\/#website\"},\"datePublished\":\"2023-11-27T11:31:45+00:00\",\"dateModified\":\"2023-11-27T11:31:45+00:00\",\"breadcrumb\":{\"@id\":\"https:\/\/all-car-news.com\/fr\/ces-7-voitures-ont-une-chance-detre-elues-voiture-de-lannee-2024\/#breadcrumb\"},\"inLanguage\":\"fr-FR\",\"potentialAction\":[{\"@type\":\"ReadAction\",\"target\":[\"https:\/\/all-car-news.com\/fr\/ces-7-voitures-ont-une-chance-detre-elues-voiture-de-lannee-2024\/\"]}]},{\"@type\":\"BreadcrumbList\",\"@id\":\"https:\/\/all-car-news.com\/fr\/ces-7-voitures-ont-une-chance-detre-elues-voiture-de-lannee-2024\/#breadcrumb\",\"itemListElement\":[{\"@type\":\"ListItem\",\"position\":1,\"name\":\"Home\",\"item\":\"https:\/\/all-car-news.com\/fr\/\"},{\"@type\":\"ListItem\",\"position\":2,\"name\":\"Ces 7 voitures ont une chance d&rsquo;\u00eatre \u00e9lues Voiture de l&rsquo;ann\u00e9e 2024\"}]},{\"@type\":\"WebSite\",\"@id\":\"https:\/\/all-car-news.com\/fr\/#website\",\"url\":\"https:\/\/all-car-news.com\/fr\/\",\"name\":\"All cars news\",\"description\":\"\",\"publisher\":{\"@id\":\"https:\/\/all-car-news.com\/fr\/#organization\"},\"potentialAction\":[{\"@type\":\"SearchAction\",\"target\":{\"@type\":\"EntryPoint\",\"urlTemplate\":\"https:\/\/all-car-news.com\/fr\/?s={search_term_string}\"},\"query-input\":\"required name=search_term_string\"}],\"inLanguage\":\"fr-FR\"},{\"@type\":\"Organization\",\"@id\":\"https:\/\/all-car-news.com\/fr\/#organization\",\"name\":\"All cars news\",\"url\":\"https:\/\/all-car-news.com\/fr\/\",\"logo\":{\"@type\":\"ImageObject\",\"inLanguage\":\"fr-FR\",\"@id\":\"https:\/\/all-car-news.com\/fr\/#\/schema\/logo\/image\/\",\"url\":\"https:\/\/all-car-news.com\/wp-content\/uploads\/2022\/02\/CMYK-AllCarNews_LANDSCAPE_300px-1.png\",\"contentUrl\":\"https:\/\/all-car-news.com\/wp-content\/uploads\/2022\/02\/CMYK-AllCarNews_LANDSCAPE_300px-1.png\",\"width\":300,\"height\":100,\"caption\":\"All cars news\"},\"image\":{\"@id\":\"https:\/\/all-car-news.com\/fr\/#\/schema\/logo\/image\/\"}}]}<\/script>\n<!-- \/ Yoast SEO plugin. -->","yoast_head_json":{"title":"Ces 7 voitures ont une chance d'\u00eatre \u00e9lues Voiture de l'ann\u00e9e 2024 - All cars news","robots":{"index":"index","follow":"follow","max-snippet":"max-snippet:-1","max-image-preview":"max-image-preview:large","max-video-preview":"max-video-preview:-1"},"canonical":"https:\/\/all-car-news.com\/fr\/ces-7-voitures-ont-une-chance-detre-elues-voiture-de-lannee-2024\/","og_locale":"fr_FR","og_type":"article","og_title":"Ces 7 voitures ont une chance d'\u00eatre \u00e9lues Voiture de l'ann\u00e9e 2024 - All cars news","og_description":"L'\u00e9lection europ\u00e9enne de la \"Voiture de l'ann\u00e9e\" existe depuis 1964 et constitue le prix automobile le plus important en Europe. En 2021, c'est la Toyota Yaris qui a remport\u00e9 la victoire. En 2022, il s'agissait encore de la Kia EV6. En 2023, la Jeep Avenger a \u00e9t\u00e9 \u00e9lue Voiture de l'ann\u00e9e. En 2024, la bataille porte sur les mod\u00e8les suivants : [...]","og_url":"https:\/\/all-car-news.com\/fr\/ces-7-voitures-ont-une-chance-detre-elues-voiture-de-lannee-2024\/","og_site_name":"All cars news","article_published_time":"2023-11-27T11:31:45+00:00","og_image":[{"url":"https:\/\/autorai.nl\/wp-content\/uploads\/2023\/11\/BMW-5-series-360x270.jpg"}],"twitter_card":"summary_large_image","schema":{"@context":"https:\/\/schema.org","@graph":[{"@type":"Article","@id":"https:\/\/all-car-news.com\/fr\/ces-7-voitures-ont-une-chance-detre-elues-voiture-de-lannee-2024\/#article","isPartOf":{"@id":"https:\/\/all-car-news.com\/fr\/ces-7-voitures-ont-une-chance-detre-elues-voiture-de-lannee-2024\/"},"author":{"name":"","@id":""},"headline":"Ces 7 voitures ont une chance d&rsquo;\u00eatre \u00e9lues Voiture de l&rsquo;ann\u00e9e 2024","datePublished":"2023-11-27T11:31:45+00:00","dateModified":"2023-11-27T11:31:45+00:00","mainEntityOfPage":{"@id":"https:\/\/all-car-news.com\/fr\/ces-7-voitures-ont-une-chance-detre-elues-voiture-de-lannee-2024\/"},"wordCount":114,"publisher":{"@id":"https:\/\/all-car-news.com\/fr\/#organization"},"articleSection":["nouvelles de voiture"],"inLanguage":"fr-FR"},{"@type":"WebPage","@id":"https:\/\/all-car-news.com\/fr\/ces-7-voitures-ont-une-chance-detre-elues-voiture-de-lannee-2024\/","url":"https:\/\/all-car-news.com\/fr\/ces-7-voitures-ont-une-chance-detre-elues-voiture-de-lannee-2024\/","name":"Ces 7 voitures ont une chance d'\u00eatre \u00e9lues Voiture de l'ann\u00e9e 2024 - All cars news","isPartOf":{"@id":"https:\/\/all-car-news.com\/fr\/#website"},"datePublished":"2023-11-27T11:31:45+00:00","dateModified":"2023-11-27T11:31:45+00:00","breadcrumb":{"@id":"https:\/\/all-car-news.com\/fr\/ces-7-voitures-ont-une-chance-detre-elues-voiture-de-lannee-2024\/#breadcrumb"},"inLanguage":"fr-FR","potentialAction":[{"@type":"ReadAction","target":["https:\/\/all-car-news.com\/fr\/ces-7-voitures-ont-une-chance-detre-elues-voiture-de-lannee-2024\/"]}]},{"@type":"BreadcrumbList","@id":"https:\/\/all-car-news.com\/fr\/ces-7-voitures-ont-une-chance-detre-elues-voiture-de-lannee-2024\/#breadcrumb","itemListElement":[{"@type":"ListItem","position":1,"name":"Home","item":"https:\/\/all-car-news.com\/fr\/"},{"@type":"ListItem","position":2,"name":"Ces 7 voitures ont une chance d&rsquo;\u00eatre \u00e9lues Voiture de l&rsquo;ann\u00e9e 2024"}]},{"@type":"WebSite","@id":"https:\/\/all-car-news.com\/fr\/#website","url":"https:\/\/all-car-news.com\/fr\/","name":"All cars news","description":"","publisher":{"@id":"https:\/\/all-car-news.com\/fr\/#organization"},"potentialAction":[{"@type":"SearchAction","target":{"@type":"EntryPoint","urlTemplate":"https:\/\/all-car-news.com\/fr\/?s={search_term_string}"},"query-input":"required name=search_term_string"}],"inLanguage":"fr-FR"},{"@type":"Organization","@id":"https:\/\/all-car-news.com\/fr\/#organization","name":"All cars news","url":"https:\/\/all-car-news.com\/fr\/","logo":{"@type":"ImageObject","inLanguage":"fr-FR","@id":"https:\/\/all-car-news.com\/fr\/#\/schema\/logo\/image\/","url":"https:\/\/all-car-news.com\/wp-content\/uploads\/2022\/02\/CMYK-AllCarNews_LANDSCAPE_300px-1.png","contentUrl":"https:\/\/all-car-news.com\/wp-content\/uploads\/2022\/02\/CMYK-AllCarNews_LANDSCAPE_300px-1.png","width":300,"height":100,"caption":"All cars news"},"image":{"@id":"https:\/\/all-car-news.com\/fr\/#\/schema\/logo\/image\/"}}]}},"_links":{"self":[{"href":"https:\/\/all-car-news.com\/fr\/wp-json\/wp\/v2\/posts\/140826","targetHints":{"allow":["GET"]}}],"collection":[{"href":"https:\/\/all-car-news.com\/fr\/wp-json\/wp\/v2\/posts"}],"about":[{"href":"https:\/\/all-car-news.com\/fr\/wp-json\/wp\/v2\/types\/post"}],"replies":[{"embeddable":true,"href":"https:\/\/all-car-news.com\/fr\/wp-json\/wp\/v2\/comments?post=140826"}],"version-history":[{"count":0,"href":"https:\/\/all-car-news.com\/fr\/wp-json\/wp\/v2\/posts\/140826\/revisions"}],"wp:featuredmedia":[{"embeddable":true,"href":"https:\/\/all-car-news.com\/fr\/wp-json\/wp\/v2\/media\/140801"}],"wp:attachment":[{"href":"https:\/\/all-car-news.com\/fr\/wp-json\/wp\/v2\/media?parent=140826"}],"wp:term":[{"taxonomy":"category","embeddable":true,"href":"https:\/\/all-car-news.com\/fr\/wp-json\/wp\/v2\/categories?post=140826"},{"taxonomy":"post_tag","embeddable":true,"href":"https:\/\/all-car-news.com\/fr\/wp-json\/wp\/v2\/tags?post=140826"}],"curies":[{"name":"wp","href":"https:\/\/api.w.org\/{rel}","templated":true}]}}