{"id":140781,"date":"2023-11-23T14:56:16","date_gmt":"2023-11-23T14:56:16","guid":{"rendered":"https:\/\/all-car-news.com\/portrait-de-voiture-la-bmw-m2-de-reneau\/"},"modified":"2023-11-23T14:56:16","modified_gmt":"2023-11-23T14:56:16","slug":"portrait-de-voiture-la-bmw-m2-de-reneau","status":"publish","type":"post","link":"https:\/\/all-car-news.com\/fr\/portrait-de-voiture-la-bmw-m2-de-reneau\/","title":{"rendered":"Portrait de voiture : La BMW M2 de R\u00e9neau"},"content":{"rendered":"<h2>Pourquoi avez-vous choisi une BMW M2 et quelles voitures poss\u00e9diez-vous auparavant ?<\/h2>\n<p>\u00ab\u00a0J&rsquo;avais 15 voitures avant celle-ci. La M2 a succ\u00e9d\u00e9 \u00e0 une E36 325i que j&rsquo;avais transform\u00e9e en voiture de piste. C&rsquo;\u00e9tait une voiture automatique, mais nous avons remplac\u00e9 la bo\u00eete de vitesses par une bo\u00eete manuelle. Avant cela, j&rsquo;avais une MINI Cooper S R53 comme voiture de tous les jours, ainsi qu&rsquo;une E92 335i de 480 ch. Dans cette derni\u00e8re, j&rsquo;avais remplac\u00e9 le turbo. Cette voiture avait une bo\u00eete de vitesses DCT. On ne voyait pas \u00e7a tr\u00e8s souvent. C&rsquo;est avec la E92 que j&rsquo;ai commenc\u00e9 \u00e0 perdre le contr\u00f4le des voitures rapides. La M2 est arriv\u00e9e parce que je l&rsquo;ai vue chez le concessionnaire en 2016, et je suis imm\u00e9diatement tomb\u00e9 amoureux. La couleur de sortie \u00e9tait le Long Beach Blue, comme je l&rsquo;ai maintenant. En mars 2022, je l&rsquo;ai vue sur les m\u00e9dias sociaux chez un concessionnaire automobile et j&rsquo;ai \u00e9t\u00e9 imm\u00e9diatement vendu. La voiture n&rsquo;\u00e9tait m\u00eame pas encore en vente, mais j&rsquo;ai tout de suite envoy\u00e9 un message pour savoir si je pouvais venir la voir et, apr\u00e8s un essai, j&rsquo;ai pris la d\u00e9cision de l&rsquo;acheter.\u00a0\u00bb<\/p>\n<figure class=\"wp-block-image size-content\"><img decoding=\"async\" loading=\"lazy\" width=\"1140\" height=\"760\" src=\"https:\/\/autorai.nl\/wp-content\/uploads\/2023\/11\/IMG_1142-1140x760.jpg\" alt=\"\" class=\"wp-image-169791\"><\/figure>\n<h2>Qu&rsquo;avez-vous fait \u00e0 votre voiture ?<\/h2>\n<p>\u00ab\u00a0En fait, ce n&rsquo;est pas le cas. J&rsquo;ai commenc\u00e9 par les pi\u00e8ces qui se cassent souvent. Il s&rsquo;agit de pi\u00e8ces en plastique, que j&rsquo;ai remplac\u00e9es par des pi\u00e8ces en aluminium. Malheureusement, sur une voiture pr\u00e9c\u00e9dente, j&rsquo;ai fait l&rsquo;exp\u00e9rience douloureuse de cette rupture lorsque nous avons commenc\u00e9 \u00e0 augmenter la pression du turbo. J&rsquo;ai donc imm\u00e9diatement install\u00e9 un refroidisseur interm\u00e9diaire plus grand et un syst\u00e8me d&rsquo;\u00e9chappement complet de TeamRPM. Mais cela ne s&rsquo;est pas arr\u00eat\u00e9 l\u00e0, puisque le convertisseur catalytique a \u00e9t\u00e9 enlev\u00e9 et qu&rsquo;une admission en carbone Eventuri a \u00e9t\u00e9 install\u00e9e.<\/p>\n<\/p>\n<figure class=\"wp-block-image size-content\"><img decoding=\"async\" loading=\"lazy\" width=\"1140\" height=\"760\" src=\"https:\/\/autorai.nl\/wp-content\/uploads\/2023\/11\/IMG_1124-1140x760.jpg\" alt=\"\" class=\"wp-image-169794\"><\/figure>\n<p>\u00ab\u00a0Il y a \u00e9galement eu des modifications au niveau du logiciel et la voiture en est \u00e0 l&rsquo;\u00e9tape 2. J&rsquo;ai ensuite commenc\u00e9 \u00e0 travailler sur l&rsquo;ext\u00e9rieur de la voiture, en cherchant \u00e0 apporter des modifications subtiles. De pr\u00e9f\u00e9rence des BMW d&rsquo;origine. J&rsquo;ai mont\u00e9 les jantes d&rsquo;une BMW 1M, puis j&rsquo;ai achet\u00e9 le diffuseur et l&rsquo;aileron en carbone d&rsquo;origine de la M2CS et je les ai mont\u00e9s.<\/p>\n<figure class=\"wp-block-image size-content\"><img decoding=\"async\" loading=\"lazy\" width=\"1140\" height=\"760\" src=\"https:\/\/autorai.nl\/wp-content\/uploads\/2023\/11\/IMG_1031-1140x760.jpg\" alt=\"\" class=\"wp-image-169793\"><\/figure>\n<figure class=\"wp-block-image size-content\"><img decoding=\"async\" loading=\"lazy\" width=\"1140\" height=\"814\" src=\"https:\/\/autorai.nl\/wp-content\/uploads\/2023\/11\/IMG_1023-1140x814.jpg\" alt=\"\" class=\"wp-image-169802\"><\/figure>\n<h2>Je vois une nuance de bleu diff\u00e9rente sous le capot, votre voiture est-elle emball\u00e9e ?<\/h2>\n<p>\u00ab\u00a0La voiture a en effet \u00e9t\u00e9 emball\u00e9e. \u00c0 l&rsquo;origine, elle est bleue Long Beach, mais j&rsquo;ai d\u00e9cid\u00e9 de l&#8217;emballer dans une autre nuance de bleu. La raison en est que la premi\u00e8re voiture de mon p\u00e8re, une BMW 1602, \u00e9tait peinte \u00e0 peu pr\u00e8s dans la m\u00eame couleur. L&rsquo;habillage est une sorte d&rsquo;hommage \u00e0 mon p\u00e8re, qui est d\u00e9c\u00e9d\u00e9 en 2020\u00a0\u00bb.<\/p>\n<figure class=\"wp-block-image size-content\"><img decoding=\"async\" loading=\"lazy\" width=\"1140\" height=\"760\" src=\"https:\/\/autorai.nl\/wp-content\/uploads\/2023\/11\/IMG_1160-1140x760.jpg\" alt=\"\" class=\"wp-image-169795\"><\/figure>\n<h2>Quel est le meilleur souvenir que vous gardez de votre voiture ?<\/h2>\n<p>\u00ab\u00a0J&rsquo;ai beaucoup de bons souvenirs avec cette voiture. J&rsquo;ai fait un assez grand voyage en voiture, des Pays-Bas \u00e0 Munich, en passant par la Belgique, la France et les cols de montagne suisses, o\u00f9 la visite du mus\u00e9e BMW \u00e9tait \u00e9videmment incontournable. Nous sommes ensuite pass\u00e9s de l&rsquo;Allemagne \u00e0 la R\u00e9publique tch\u00e8que, puis nous avons travers\u00e9 l&rsquo;Allemagne pour revenir aux Pays-Bas. Ce voyage a totalis\u00e9 2 855 kilom\u00e8tres. De plus, conduire la voiture sur le N\u00fcrburgring pour la premi\u00e8re fois a \u00e9t\u00e9 une exp\u00e9rience tr\u00e8s sp\u00e9ciale\u00a0\u00bb.<\/p>\n<figure class=\"wp-block-image size-content\"><img decoding=\"async\" loading=\"lazy\" width=\"1140\" height=\"760\" src=\"https:\/\/autorai.nl\/wp-content\/uploads\/2023\/11\/IMG_1016-1140x760.jpg\" alt=\"\" class=\"wp-image-169796\"><\/figure>\n<figure class=\"wp-block-image size-content\"><img decoding=\"async\" loading=\"lazy\" width=\"1140\" height=\"760\" src=\"https:\/\/autorai.nl\/wp-content\/uploads\/2023\/11\/IMG_1157-1140x760.jpg\" alt=\"\" class=\"wp-image-169801\"><\/figure>\n<h2>Qu&rsquo;allez-vous faire (ou faire faire) d&rsquo;autre \u00e0 votre voiture ?<\/h2>\n<p>\u00ab\u00a0Je vais abaisser la voiture \u00e0 un moment ou \u00e0 un autre, bien s\u00fbr. Je pense qu&rsquo;elle est un peu trop haute en ce moment. Je vais \u00e9galement apporter quelques modifications au moteur, en rempla\u00e7ant des pi\u00e8ces internes comme les arbres \u00e0 cames. Lorsque j&rsquo;aurai termin\u00e9, je veux atteindre 480-500 ch. Je pense que c&rsquo;est \u00e0 peu pr\u00e8s tout. Oh, et il y aura toujours une livr\u00e9e sur le v\u00e9hicule. Ce sera une livr\u00e9e inspir\u00e9e du DTM, des voitures de course J\u00e4germeister de BMW pour \u00eatre pr\u00e9cis\u00a0\u00bb.<\/p>\n<figure class=\"wp-block-image size-content\"><img decoding=\"async\" loading=\"lazy\" width=\"1140\" height=\"760\" src=\"https:\/\/autorai.nl\/wp-content\/uploads\/2023\/11\/IMG_1040-1140x760.jpg\" alt=\"\" class=\"wp-image-169797\"><\/figure>\n<h2>Y aura-t-il un jour un successeur ?<\/h2>\n<p>\u00ab\u00a0Il y aura un successeur \u00e0 un moment donn\u00e9, bien s\u00fbr. Si le budget le permet, bien s\u00fbr. Il y a alors deux possibilit\u00e9s r\u00e9alistes qui me viennent imm\u00e9diatement \u00e0 l&rsquo;esprit. Je penche pour une Porsche 718, de pr\u00e9f\u00e9rence la GT4 ou la GTS. Je les ai conduites, ce sont de tr\u00e8s belles voitures. En termes de maniabilit\u00e9 et d&rsquo;exp\u00e9rience de conduite, la voiture est tr\u00e8s similaire \u00e0 ma M2. Je regarde aussi r\u00e9guli\u00e8rement la M3 Touring, mais c&rsquo;est irr\u00e9alisable pour l&rsquo;instant. Un autre successeur r\u00e9aliste serait un X3 M.\u00a0\u00bb<\/p>\n<figure class=\"wp-block-image size-content\"><img decoding=\"async\" loading=\"lazy\" width=\"1140\" height=\"760\" src=\"https:\/\/autorai.nl\/wp-content\/uploads\/2023\/11\/IMG_1178-1140x760.jpg\" alt=\"\" class=\"wp-image-169798\"><\/figure>\n<figure class=\"wp-block-gallery has-nested-images columns-default is-cropped\">\n<figure class=\"wp-block-image size-large\"><img decoding=\"async\" loading=\"lazy\" width=\"1140\" height=\"760\" data-id=\"169800\" src=\"https:\/\/autorai.nl\/wp-content\/uploads\/2023\/11\/IMG_1180-1140x760.jpg\" alt=\"\" class=\"wp-image-169800\"><\/figure>\n<figure class=\"wp-block-image size-large\"><img decoding=\"async\" loading=\"lazy\" width=\"1140\" height=\"760\" data-id=\"169799\" src=\"https:\/\/autorai.nl\/wp-content\/uploads\/2023\/11\/IMG_1165-1140x760.jpg\" alt=\"\" class=\"wp-image-169799\"><\/figure>\n<\/figure>\n<h2>D&rsquo;o\u00f9 vient votre passion pour l&rsquo;automobile ?<\/h2>\n<p>\u00ab\u00a0Ugh, c&rsquo;est une bonne question. En fait, je pense surtout \u00e0 mon p\u00e8re. Il \u00e9tait \u00e9galement un amateur de voitures, en particulier de BMW. C&rsquo;est \u00e0 partir de l\u00e0 que j&rsquo;ai pris le relais. J&rsquo;ai \u00e9galement assist\u00e9 \u00e0 de nombreux \u00e9v\u00e9nements automobiles et \u00e0 des courses sur le circuit de Zandvoort. Dans ma jeunesse, vous avez eu <em>Top Gear<\/em>, bien s\u00fbr, avec Jeremy Clarkson, James May et Richard Hammond. Je l&rsquo;ai beaucoup regard\u00e9. J&rsquo;ai aussi fait beaucoup de jeux de course comme <em>Need for Speed<\/em>\u00ab\u00a0.<\/p>\n<p><a href=\"https:\/\/autorai.nl\/autoportret-de-fabelachtige-supercar-collectie-van-freerk\/\">A lire aussi :<\/a><\/p>\n<figure class=\"wp-block-embed is-type-wp-embed is-provider-autorai-nl wp-block-embed-autorai-nl\">\n<div class=\"wp-block-embed__wrapper\">\n<blockquote class=\"wp-embedded-content\" data-secret=\"I2RL3qW9K1\"><p><a href=\"https:\/\/autorai.nl\/autoportret-de-fabelachtige-supercar-collectie-van-freerk\/\">Portrait d&rsquo;une voiture : la fabuleuse collection de supercars de Freerk<\/a><\/p><\/blockquote>\n<\/div>\n<\/figure>\n","protected":false},"excerpt":{"rendered":"Pourquoi avez-vous choisi une BMW M2 et quelles voitures poss\u00e9diez-vous auparavant ? \"J'avais 15 voitures avant cela. La M2 succ\u00e9dait\u2026","protected":false},"author":0,"featured_media":140767,"comment_status":"","ping_status":"open","sticky":false,"template":"","format":"standard","meta":{"footnotes":""},"categories":[131,127],"tags":[],"class_list":["post-140781","post","type-post","status-publish","format-standard","has-post-thumbnail","hentry","category-fond","category-nouvelles-de-voiture"],"acf":[],"yoast_head":"<!-- This site is optimized with the Yoast SEO plugin v21.2 - https:\/\/yoast.com\/wordpress\/plugins\/seo\/ -->\n<title>Portrait de voiture : La BMW M2 de R\u00e9neau - All cars news<\/title>\n<meta name=\"robots\" content=\"index, follow, max-snippet:-1, max-image-preview:large, max-video-preview:-1\" \/>\n<link rel=\"canonical\" href=\"https:\/\/all-car-news.com\/fr\/portrait-de-voiture-la-bmw-m2-de-reneau\/\" \/>\n<meta property=\"og:locale\" content=\"fr_FR\" \/>\n<meta property=\"og:type\" content=\"article\" \/>\n<meta property=\"og:title\" content=\"Portrait de voiture : La BMW M2 de R\u00e9neau - All cars news\" \/>\n<meta property=\"og:description\" content=\"Pourquoi avez-vous choisi une BMW M2 et quelles voitures poss\u00e9diez-vous auparavant ? &quot;J&#039;avais 15 voitures avant cela. La M2 succ\u00e9dait \u00e0 une E36 325i que j&#039;avais transform\u00e9e en voiture de piste. Il s&#039;agissait d&#039;une bo\u00eete de vitesses automatique, mais nous l&#039;avons remplac\u00e9e par une bo\u00eete de vitesses manuelle. Avant cela, j&#039;avais une MINI [...]\" \/>\n<meta property=\"og:url\" content=\"https:\/\/all-car-news.com\/fr\/portrait-de-voiture-la-bmw-m2-de-reneau\/\" \/>\n<meta property=\"og:site_name\" content=\"All cars news\" \/>\n<meta property=\"article:published_time\" content=\"2023-11-23T14:56:16+00:00\" \/>\n<meta property=\"og:image\" content=\"https:\/\/autorai.nl\/wp-content\/uploads\/2023\/11\/IMG_1142-1140x760.jpg\" \/>\n<meta name=\"twitter:card\" content=\"summary_large_image\" \/>\n<meta name=\"twitter:label1\" content=\"Dur\u00e9e de lecture estim\u00e9e\" \/>\n\t<meta name=\"twitter:data1\" content=\"4 minutes\" \/>\n<script type=\"application\/ld+json\" class=\"yoast-schema-graph\">{\"@context\":\"https:\/\/schema.org\",\"@graph\":[{\"@type\":\"Article\",\"@id\":\"https:\/\/all-car-news.com\/fr\/portrait-de-voiture-la-bmw-m2-de-reneau\/#article\",\"isPartOf\":{\"@id\":\"https:\/\/all-car-news.com\/fr\/portrait-de-voiture-la-bmw-m2-de-reneau\/\"},\"author\":{\"name\":\"\",\"@id\":\"\"},\"headline\":\"Portrait de voiture : La BMW M2 de R\u00e9neau\",\"datePublished\":\"2023-11-23T14:56:16+00:00\",\"dateModified\":\"2023-11-23T14:56:16+00:00\",\"mainEntityOfPage\":{\"@id\":\"https:\/\/all-car-news.com\/fr\/portrait-de-voiture-la-bmw-m2-de-reneau\/\"},\"wordCount\":880,\"publisher\":{\"@id\":\"https:\/\/all-car-news.com\/fr\/#organization\"},\"articleSection\":[\"Fond\",\"nouvelles de voiture\"],\"inLanguage\":\"fr-FR\"},{\"@type\":\"WebPage\",\"@id\":\"https:\/\/all-car-news.com\/fr\/portrait-de-voiture-la-bmw-m2-de-reneau\/\",\"url\":\"https:\/\/all-car-news.com\/fr\/portrait-de-voiture-la-bmw-m2-de-reneau\/\",\"name\":\"Portrait de voiture : La BMW M2 de R\u00e9neau - All cars news\",\"isPartOf\":{\"@id\":\"https:\/\/all-car-news.com\/fr\/#website\"},\"datePublished\":\"2023-11-23T14:56:16+00:00\",\"dateModified\":\"2023-11-23T14:56:16+00:00\",\"breadcrumb\":{\"@id\":\"https:\/\/all-car-news.com\/fr\/portrait-de-voiture-la-bmw-m2-de-reneau\/#breadcrumb\"},\"inLanguage\":\"fr-FR\",\"potentialAction\":[{\"@type\":\"ReadAction\",\"target\":[\"https:\/\/all-car-news.com\/fr\/portrait-de-voiture-la-bmw-m2-de-reneau\/\"]}]},{\"@type\":\"BreadcrumbList\",\"@id\":\"https:\/\/all-car-news.com\/fr\/portrait-de-voiture-la-bmw-m2-de-reneau\/#breadcrumb\",\"itemListElement\":[{\"@type\":\"ListItem\",\"position\":1,\"name\":\"Home\",\"item\":\"https:\/\/all-car-news.com\/fr\/\"},{\"@type\":\"ListItem\",\"position\":2,\"name\":\"Portrait de voiture : La BMW M2 de R\u00e9neau\"}]},{\"@type\":\"WebSite\",\"@id\":\"https:\/\/all-car-news.com\/fr\/#website\",\"url\":\"https:\/\/all-car-news.com\/fr\/\",\"name\":\"All cars news\",\"description\":\"\",\"publisher\":{\"@id\":\"https:\/\/all-car-news.com\/fr\/#organization\"},\"potentialAction\":[{\"@type\":\"SearchAction\",\"target\":{\"@type\":\"EntryPoint\",\"urlTemplate\":\"https:\/\/all-car-news.com\/fr\/?s={search_term_string}\"},\"query-input\":\"required name=search_term_string\"}],\"inLanguage\":\"fr-FR\"},{\"@type\":\"Organization\",\"@id\":\"https:\/\/all-car-news.com\/fr\/#organization\",\"name\":\"All cars news\",\"url\":\"https:\/\/all-car-news.com\/fr\/\",\"logo\":{\"@type\":\"ImageObject\",\"inLanguage\":\"fr-FR\",\"@id\":\"https:\/\/all-car-news.com\/fr\/#\/schema\/logo\/image\/\",\"url\":\"https:\/\/all-car-news.com\/wp-content\/uploads\/2022\/02\/CMYK-AllCarNews_LANDSCAPE_300px-1.png\",\"contentUrl\":\"https:\/\/all-car-news.com\/wp-content\/uploads\/2022\/02\/CMYK-AllCarNews_LANDSCAPE_300px-1.png\",\"width\":300,\"height\":100,\"caption\":\"All cars news\"},\"image\":{\"@id\":\"https:\/\/all-car-news.com\/fr\/#\/schema\/logo\/image\/\"}}]}<\/script>\n<!-- \/ Yoast SEO plugin. -->","yoast_head_json":{"title":"Portrait de voiture : La BMW M2 de R\u00e9neau - All cars news","robots":{"index":"index","follow":"follow","max-snippet":"max-snippet:-1","max-image-preview":"max-image-preview:large","max-video-preview":"max-video-preview:-1"},"canonical":"https:\/\/all-car-news.com\/fr\/portrait-de-voiture-la-bmw-m2-de-reneau\/","og_locale":"fr_FR","og_type":"article","og_title":"Portrait de voiture : La BMW M2 de R\u00e9neau - All cars news","og_description":"Pourquoi avez-vous choisi une BMW M2 et quelles voitures poss\u00e9diez-vous auparavant ? \"J'avais 15 voitures avant cela. La M2 succ\u00e9dait \u00e0 une E36 325i que j'avais transform\u00e9e en voiture de piste. Il s'agissait d'une bo\u00eete de vitesses automatique, mais nous l'avons remplac\u00e9e par une bo\u00eete de vitesses manuelle. Avant cela, j'avais une MINI [...]","og_url":"https:\/\/all-car-news.com\/fr\/portrait-de-voiture-la-bmw-m2-de-reneau\/","og_site_name":"All cars news","article_published_time":"2023-11-23T14:56:16+00:00","og_image":[{"url":"https:\/\/autorai.nl\/wp-content\/uploads\/2023\/11\/IMG_1142-1140x760.jpg"}],"twitter_card":"summary_large_image","twitter_misc":{"Dur\u00e9e de lecture estim\u00e9e":"4 minutes"},"schema":{"@context":"https:\/\/schema.org","@graph":[{"@type":"Article","@id":"https:\/\/all-car-news.com\/fr\/portrait-de-voiture-la-bmw-m2-de-reneau\/#article","isPartOf":{"@id":"https:\/\/all-car-news.com\/fr\/portrait-de-voiture-la-bmw-m2-de-reneau\/"},"author":{"name":"","@id":""},"headline":"Portrait de voiture : La BMW M2 de R\u00e9neau","datePublished":"2023-11-23T14:56:16+00:00","dateModified":"2023-11-23T14:56:16+00:00","mainEntityOfPage":{"@id":"https:\/\/all-car-news.com\/fr\/portrait-de-voiture-la-bmw-m2-de-reneau\/"},"wordCount":880,"publisher":{"@id":"https:\/\/all-car-news.com\/fr\/#organization"},"articleSection":["Fond","nouvelles de voiture"],"inLanguage":"fr-FR"},{"@type":"WebPage","@id":"https:\/\/all-car-news.com\/fr\/portrait-de-voiture-la-bmw-m2-de-reneau\/","url":"https:\/\/all-car-news.com\/fr\/portrait-de-voiture-la-bmw-m2-de-reneau\/","name":"Portrait de voiture : La BMW M2 de R\u00e9neau - All cars news","isPartOf":{"@id":"https:\/\/all-car-news.com\/fr\/#website"},"datePublished":"2023-11-23T14:56:16+00:00","dateModified":"2023-11-23T14:56:16+00:00","breadcrumb":{"@id":"https:\/\/all-car-news.com\/fr\/portrait-de-voiture-la-bmw-m2-de-reneau\/#breadcrumb"},"inLanguage":"fr-FR","potentialAction":[{"@type":"ReadAction","target":["https:\/\/all-car-news.com\/fr\/portrait-de-voiture-la-bmw-m2-de-reneau\/"]}]},{"@type":"BreadcrumbList","@id":"https:\/\/all-car-news.com\/fr\/portrait-de-voiture-la-bmw-m2-de-reneau\/#breadcrumb","itemListElement":[{"@type":"ListItem","position":1,"name":"Home","item":"https:\/\/all-car-news.com\/fr\/"},{"@type":"ListItem","position":2,"name":"Portrait de voiture : La BMW M2 de R\u00e9neau"}]},{"@type":"WebSite","@id":"https:\/\/all-car-news.com\/fr\/#website","url":"https:\/\/all-car-news.com\/fr\/","name":"All cars news","description":"","publisher":{"@id":"https:\/\/all-car-news.com\/fr\/#organization"},"potentialAction":[{"@type":"SearchAction","target":{"@type":"EntryPoint","urlTemplate":"https:\/\/all-car-news.com\/fr\/?s={search_term_string}"},"query-input":"required name=search_term_string"}],"inLanguage":"fr-FR"},{"@type":"Organization","@id":"https:\/\/all-car-news.com\/fr\/#organization","name":"All cars news","url":"https:\/\/all-car-news.com\/fr\/","logo":{"@type":"ImageObject","inLanguage":"fr-FR","@id":"https:\/\/all-car-news.com\/fr\/#\/schema\/logo\/image\/","url":"https:\/\/all-car-news.com\/wp-content\/uploads\/2022\/02\/CMYK-AllCarNews_LANDSCAPE_300px-1.png","contentUrl":"https:\/\/all-car-news.com\/wp-content\/uploads\/2022\/02\/CMYK-AllCarNews_LANDSCAPE_300px-1.png","width":300,"height":100,"caption":"All cars news"},"image":{"@id":"https:\/\/all-car-news.com\/fr\/#\/schema\/logo\/image\/"}}]}},"_links":{"self":[{"href":"https:\/\/all-car-news.com\/fr\/wp-json\/wp\/v2\/posts\/140781","targetHints":{"allow":["GET"]}}],"collection":[{"href":"https:\/\/all-car-news.com\/fr\/wp-json\/wp\/v2\/posts"}],"about":[{"href":"https:\/\/all-car-news.com\/fr\/wp-json\/wp\/v2\/types\/post"}],"replies":[{"embeddable":true,"href":"https:\/\/all-car-news.com\/fr\/wp-json\/wp\/v2\/comments?post=140781"}],"version-history":[{"count":0,"href":"https:\/\/all-car-news.com\/fr\/wp-json\/wp\/v2\/posts\/140781\/revisions"}],"wp:featuredmedia":[{"embeddable":true,"href":"https:\/\/all-car-news.com\/fr\/wp-json\/wp\/v2\/media\/140767"}],"wp:attachment":[{"href":"https:\/\/all-car-news.com\/fr\/wp-json\/wp\/v2\/media?parent=140781"}],"wp:term":[{"taxonomy":"category","embeddable":true,"href":"https:\/\/all-car-news.com\/fr\/wp-json\/wp\/v2\/categories?post=140781"},{"taxonomy":"post_tag","embeddable":true,"href":"https:\/\/all-car-news.com\/fr\/wp-json\/wp\/v2\/tags?post=140781"}],"curies":[{"name":"wp","href":"https:\/\/api.w.org\/{rel}","templated":true}]}}