{"id":140640,"date":"2023-11-17T15:45:00","date_gmt":"2023-11-17T15:45:00","guid":{"rendered":"https:\/\/all-car-news.com\/repere-pas-de-mercedes-benz-classe-g\/"},"modified":"2023-11-17T15:45:00","modified_gmt":"2023-11-17T15:45:00","slug":"repere-pas-de-mercedes-benz-classe-g","status":"publish","type":"post","link":"https:\/\/all-car-news.com\/fr\/repere-pas-de-mercedes-benz-classe-g\/","title":{"rendered":"Rep\u00e9r\u00e9 : pas de Mercedes-Benz Classe G"},"content":{"rendered":"<p>Dans un parc d&rsquo;activit\u00e9s \u00e0 Purmerend, nous avons vu ce vieux v\u00e9hicule tout-terrain. Bien s\u00fbr, vous reconnaissez imm\u00e9diatement cette voiture comme \u00e9tant une Mercedes-Benz Classe G. On en voit assez souvent, mais celle-ci est pr\u00e9coce, pour une fois, et pourrait donc \u00eatre photographi\u00e9e comme une tache de voiture. En y regardant de plus pr\u00e8s, celui-ci est tr\u00e8s sp\u00e9cial car il ne s&rsquo;agit pas du tout d&rsquo;une Mercedes-Benz Classe G ! Mais que se passera-t-il ensuite ?<\/p>\n<figure class=\"wp-block-image size-content\"><img decoding=\"async\" loading=\"lazy\" width=\"1140\" height=\"641\" src=\"https:\/\/autorai.nl\/wp-content\/uploads\/2023\/11\/AutoRAI-Gespot-Puch-300GD-1140x641.jpg\" alt=\"\" class=\"wp-image-169449\"><\/figure>\n<h2><strong>La Mercedes-Benz Classe G a \u00e9galement \u00e9t\u00e9 vendue en tant que&#8230;<\/strong><\/h2>\n<p>En soi, la Mercedes-Benz Classe G n&rsquo;a pas besoin d&rsquo;\u00eatre pr\u00e9sent\u00e9e. Mais saviez-vous que ce mod\u00e8le embl\u00e9matique a \u00e9galement \u00e9t\u00e9 vendu sous plusieurs marques ? La Classe G a \u00e9t\u00e9 produite par la soci\u00e9t\u00e9 autrichienne Magna-Steyr, qui s&rsquo;appelait encore \u00e0 l&rsquo;origine Steyr-Daimler-Puch. En principe, le mod\u00e8le a \u00e9t\u00e9 vendu partout comme une Mercedes-Benz, mais dans certains pays, Magna-Steyr a \u00e9galement commercialis\u00e9 le mod\u00e8le sous son propre nom, en tant que Puch G-Series.<\/p>\n<p>Le nom Puch a \u00e9t\u00e9 utilis\u00e9 en Autriche, en Suisse, au Liechtenstein, en Yougoslavie (et plus tard dans les pays qui lui ont succ\u00e9d\u00e9), en Mongolie et dans les pays du COMECON dits d&rsquo;Europe de l&rsquo;Est. Sur tous les autres march\u00e9s, la voiture s&rsquo;appelle simplement Mercedes-Benz Classe G. La raison de cette transaction \u00e9tait la forte r\u00e9putation de Puch pour les v\u00e9hicules tout-terrain, en particulier dans ces r\u00e9gions. En 2000, l&rsquo;accord a expir\u00e9 et le mod\u00e8le est devenu une Mercedes dans ces r\u00e9gions \u00e9galement.<\/p>\n<div class=\"galery shuffle galery-0\">\n<figure>\n\t\t\t\t\t<span style=\"cursor: pointer\" data-src=\"https:\/\/autorai.nl\/wp-content\/uploads\/2023\/11\/Puch-G-1.jpg\" data-fancybox=\"galery-0\" title=\"\"><br \/>\n\t\t\t\t\t\t\t<img decoding=\"async\" width=\"640\" height=\"480\" src=\"https:\/\/autorai.nl\/wp-content\/uploads\/2023\/11\/Puch-G-1-640x480.jpg\" class=\"attachment-medium size-medium\" alt=\"\" loading=\"lazy\"><i class=\"fa fa-search-plus\" aria-hidden=\"true\"><\/i><br \/>\n\t\t\t\t\t\t<\/span><br \/>\n\t\t\t\t\t<\/figure>\n<figure>\n\t\t\t\t\t<span style=\"cursor: pointer\" data-src=\"https:\/\/autorai.nl\/wp-content\/uploads\/2023\/11\/Puch-G-2.jpg\" data-fancybox=\"galery-0\" title=\"\"><br \/>\n\t\t\t\t\t\t\t<img decoding=\"async\" width=\"360\" height=\"270\" src=\"https:\/\/autorai.nl\/wp-content\/uploads\/2023\/11\/Puch-G-2-360x270.jpg\" class=\"attachment-small size-small\" alt=\"\" loading=\"lazy\"><i class=\"fa fa-search-plus\" aria-hidden=\"true\"><\/i><br \/>\n\t\t\t\t\t\t<\/span><br \/>\n\t\t\t\t\t<\/figure>\n<figure>\n\t\t\t\t\t<span style=\"cursor: pointer\" data-src=\"https:\/\/autorai.nl\/wp-content\/uploads\/2023\/11\/Puch-G-4.jpg\" data-fancybox=\"galery-0\" title=\"\"><br \/>\n\t\t\t\t\t\t\t<img decoding=\"async\" width=\"360\" height=\"270\" src=\"https:\/\/autorai.nl\/wp-content\/uploads\/2023\/11\/Puch-G-4-360x270.jpg\" class=\"attachment-small size-small\" alt=\"\" loading=\"lazy\"><i class=\"fa fa-search-plus\" aria-hidden=\"true\"><\/i><br \/>\n\t\t\t\t\t\t<\/span><br \/>\n\t\t\t\t\t<\/figure>\n<div class=\"clear\"><\/div>\n<\/div>\n<h2><strong>Astuce de commutation<\/strong><\/h2>\n<p>Preuve de la popularit\u00e9 de Puch, des kits permettant d&rsquo;ajouter des logos Puch \u00e0 la version Mercedes plus r\u00e9cente ont rapidement \u00e9t\u00e9 mis sur le march\u00e9. Lors de la visite du pape Jean-Paul II en Autriche en 1983, la c\u00e9l\u00e8bre classe G de la Popemobile a m\u00eame \u00e9t\u00e9 temporairement marqu\u00e9e de logos Puch. D&rsquo;ailleurs, l&rsquo;inverse s&rsquo;est \u00e9galement produit : beaucoup de Puchs ont re\u00e7u une \u00e9toile Mercedes sur la calandre de la part de leur propri\u00e9taire. Le logo est \u00e9galement la seule diff\u00e9rence entre les versions Mercedes et Puch.<\/p>\n<div class=\"galery shuffle galery-1\">\n<figure>\n\t\t\t\t\t<span style=\"cursor: pointer\" data-src=\"https:\/\/autorai.nl\/wp-content\/uploads\/2023\/11\/Puch-G-3.jpg\" data-fancybox=\"galery-1\" title=\"\"><br \/>\n\t\t\t\t\t\t\t<img decoding=\"async\" width=\"640\" height=\"480\" src=\"https:\/\/autorai.nl\/wp-content\/uploads\/2023\/11\/Puch-G-3-640x480.jpg\" class=\"attachment-medium size-medium\" alt=\"\" loading=\"lazy\"><i class=\"fa fa-search-plus\" aria-hidden=\"true\"><\/i><br \/>\n\t\t\t\t\t\t<\/span><br \/>\n\t\t\t\t\t<\/figure>\n<figure>\n\t\t\t\t\t<span style=\"cursor: pointer\" data-src=\"https:\/\/autorai.nl\/wp-content\/uploads\/2023\/11\/Puch-G-5-1600x1200.jpg\" data-fancybox=\"galery-1\" title=\"\"><br \/>\n\t\t\t\t\t\t\t<img decoding=\"async\" width=\"360\" height=\"270\" src=\"https:\/\/autorai.nl\/wp-content\/uploads\/2023\/11\/Puch-G-5-360x270.jpg\" class=\"attachment-small size-small\" alt=\"\" loading=\"lazy\"><i class=\"fa fa-search-plus\" aria-hidden=\"true\"><\/i><br \/>\n\t\t\t\t\t\t<\/span><br \/>\n\t\t\t\t\t<\/figure>\n<figure>\n\t\t\t\t\t<span style=\"cursor: pointer\" data-src=\"https:\/\/autorai.nl\/wp-content\/uploads\/2023\/11\/Puch-G-6.jpg\" data-fancybox=\"galery-1\" title=\"\"><br \/>\n\t\t\t\t\t\t\t<img decoding=\"async\" width=\"360\" height=\"270\" src=\"https:\/\/autorai.nl\/wp-content\/uploads\/2023\/11\/Puch-G-6-360x270.jpg\" class=\"attachment-small size-small\" alt=\"\" loading=\"lazy\"><i class=\"fa fa-search-plus\" aria-hidden=\"true\"><\/i><br \/>\n\t\t\t\t\t\t<\/span><br \/>\n\t\t\t\t\t<\/figure>\n<div class=\"clear\"><\/div>\n<\/div>\n<h2><strong>Une nouvelle variante de la Mercedes-Benz Classe G<\/strong><\/h2>\n<p>Saviez-vous qu&rsquo;il existe une autre variante de la Mercedes-Benz Classe G ? Non, il ne s&rsquo;agit pas de mod\u00e8les tuner comme ceux de Brabus, mais de quelque chose d&rsquo;inattendu. En effet, la Classe G a \u00e9galement \u00e9t\u00e9 livr\u00e9e pendant un certain temps sous la forme d&rsquo;une Peugeot P4. La version Peugeot a \u00e9t\u00e9 principalement produite pour l&rsquo;arm\u00e9e fran\u00e7aise. Le moteur, la transmission, le syst\u00e8me \u00e9lectrique et l&rsquo;assemblage final ont \u00e9t\u00e9 fournis par Peugeot, le reste provenant de Mercedes-Benz. Plus tard dans la production, une version civile de la Peugeot P4 a \u00e9galement \u00e9t\u00e9 livr\u00e9e, mais elle n&rsquo;a pas \u00e9t\u00e9 populaire.<\/p>\n<figure class=\"wp-block-image size-full\"><img decoding=\"async\" loading=\"lazy\" width=\"1024\" height=\"576\" src=\"https:\/\/autorai.nl\/wp-content\/uploads\/2023\/11\/Peugeot-P4-1.jpg\" alt=\"\" class=\"wp-image-169457\"><\/figure>\n<h2><strong>Le sp\u00e9cimen tachet\u00e9<\/strong><\/h2>\n<p>Pour \u00eatre complet : celui que nous avons rep\u00e9r\u00e9 \u00e0 Purmerend est, pour \u00eatre pr\u00e9cis, une Puch 300GD de 1982, qui se trouve aux Pays-Bas depuis 2010. Le Puch a encore l&rsquo;air tr\u00e8s propre et les r\u00e9sidus de sable sugg\u00e8rent que le v\u00e9hicule tout-terrain est encore utilis\u00e9 pour l&rsquo;usage auquel il est destin\u00e9. Dites-moi, c&rsquo;est beaucoup plus beau qu&rsquo;une de ces \u00ab\u00a0grosses classes G\u00a0\u00bb modernes, n&rsquo;est-ce pas ?<\/p>\n<figure class=\"wp-block-image size-content\"><img decoding=\"async\" loading=\"lazy\" width=\"1140\" height=\"641\" src=\"https:\/\/autorai.nl\/wp-content\/uploads\/2023\/11\/AutoRAI-Gespot-Puch-300GD-1140x641.jpg\" alt=\"\" class=\"wp-image-169449\"><\/figure>\n","protected":false},"excerpt":{"rendered":"Dans un parc d'activit\u00e9s \u00e0 Purmerend, nous avons vu ce vieux v\u00e9hicule tout-terrain. Bien s\u00fbr, vous reconnaissez imm\u00e9diatement cette voiture\u2026","protected":false},"author":0,"featured_media":140620,"comment_status":"","ping_status":"open","sticky":false,"template":"","format":"standard","meta":{"footnotes":""},"categories":[177,127],"tags":[],"class_list":["post-140640","post","type-post","status-publish","format-standard","has-post-thumbnail","hentry","category-fun-fr","category-nouvelles-de-voiture"],"acf":[],"yoast_head":"<!-- This site is optimized with the Yoast SEO plugin v21.2 - https:\/\/yoast.com\/wordpress\/plugins\/seo\/ -->\n<title>Rep\u00e9r\u00e9 : pas de Mercedes-Benz Classe G - All cars news<\/title>\n<meta name=\"robots\" content=\"index, follow, max-snippet:-1, max-image-preview:large, max-video-preview:-1\" \/>\n<link rel=\"canonical\" href=\"https:\/\/all-car-news.com\/fr\/repere-pas-de-mercedes-benz-classe-g\/\" \/>\n<meta property=\"og:locale\" content=\"fr_FR\" \/>\n<meta property=\"og:type\" content=\"article\" \/>\n<meta property=\"og:title\" content=\"Rep\u00e9r\u00e9 : pas de Mercedes-Benz Classe G - All cars news\" \/>\n<meta property=\"og:description\" content=\"Dans un parc d&#039;activit\u00e9s \u00e0 Purmerend, nous avons vu ce vieux v\u00e9hicule tout-terrain. Bien s\u00fbr, vous reconnaissez imm\u00e9diatement cette voiture comme \u00e9tant une Mercedes-Benz Classe G. On en voit assez souvent, mais celle-ci est pr\u00e9coce, pour une fois, et pourrait donc \u00eatre photographi\u00e9e comme une tache de voiture. \u00c0 la r\u00e9flexion, celle-ci est particuli\u00e8rement sp\u00e9ciale, car cette [...]\" \/>\n<meta property=\"og:url\" content=\"https:\/\/all-car-news.com\/fr\/repere-pas-de-mercedes-benz-classe-g\/\" \/>\n<meta property=\"og:site_name\" content=\"All cars news\" \/>\n<meta property=\"article:published_time\" content=\"2023-11-17T15:45:00+00:00\" \/>\n<meta property=\"og:image\" content=\"https:\/\/autorai.nl\/wp-content\/uploads\/2023\/11\/AutoRAI-Gespot-Puch-300GD-1140x641.jpg\" \/>\n<meta name=\"twitter:card\" content=\"summary_large_image\" \/>\n<meta name=\"twitter:label1\" content=\"Dur\u00e9e de lecture estim\u00e9e\" \/>\n\t<meta name=\"twitter:data1\" content=\"3 minutes\" \/>\n<script type=\"application\/ld+json\" class=\"yoast-schema-graph\">{\"@context\":\"https:\/\/schema.org\",\"@graph\":[{\"@type\":\"Article\",\"@id\":\"https:\/\/all-car-news.com\/fr\/repere-pas-de-mercedes-benz-classe-g\/#article\",\"isPartOf\":{\"@id\":\"https:\/\/all-car-news.com\/fr\/repere-pas-de-mercedes-benz-classe-g\/\"},\"author\":{\"name\":\"\",\"@id\":\"\"},\"headline\":\"Rep\u00e9r\u00e9 : pas de Mercedes-Benz Classe G\",\"datePublished\":\"2023-11-17T15:45:00+00:00\",\"dateModified\":\"2023-11-17T15:45:00+00:00\",\"mainEntityOfPage\":{\"@id\":\"https:\/\/all-car-news.com\/fr\/repere-pas-de-mercedes-benz-classe-g\/\"},\"wordCount\":551,\"publisher\":{\"@id\":\"https:\/\/all-car-news.com\/fr\/#organization\"},\"articleSection\":[\"Fun\",\"nouvelles de voiture\"],\"inLanguage\":\"fr-FR\"},{\"@type\":\"WebPage\",\"@id\":\"https:\/\/all-car-news.com\/fr\/repere-pas-de-mercedes-benz-classe-g\/\",\"url\":\"https:\/\/all-car-news.com\/fr\/repere-pas-de-mercedes-benz-classe-g\/\",\"name\":\"Rep\u00e9r\u00e9 : pas de Mercedes-Benz Classe G - All cars news\",\"isPartOf\":{\"@id\":\"https:\/\/all-car-news.com\/fr\/#website\"},\"datePublished\":\"2023-11-17T15:45:00+00:00\",\"dateModified\":\"2023-11-17T15:45:00+00:00\",\"breadcrumb\":{\"@id\":\"https:\/\/all-car-news.com\/fr\/repere-pas-de-mercedes-benz-classe-g\/#breadcrumb\"},\"inLanguage\":\"fr-FR\",\"potentialAction\":[{\"@type\":\"ReadAction\",\"target\":[\"https:\/\/all-car-news.com\/fr\/repere-pas-de-mercedes-benz-classe-g\/\"]}]},{\"@type\":\"BreadcrumbList\",\"@id\":\"https:\/\/all-car-news.com\/fr\/repere-pas-de-mercedes-benz-classe-g\/#breadcrumb\",\"itemListElement\":[{\"@type\":\"ListItem\",\"position\":1,\"name\":\"Home\",\"item\":\"https:\/\/all-car-news.com\/fr\/\"},{\"@type\":\"ListItem\",\"position\":2,\"name\":\"Rep\u00e9r\u00e9 : pas de Mercedes-Benz Classe G\"}]},{\"@type\":\"WebSite\",\"@id\":\"https:\/\/all-car-news.com\/fr\/#website\",\"url\":\"https:\/\/all-car-news.com\/fr\/\",\"name\":\"All cars news\",\"description\":\"\",\"publisher\":{\"@id\":\"https:\/\/all-car-news.com\/fr\/#organization\"},\"potentialAction\":[{\"@type\":\"SearchAction\",\"target\":{\"@type\":\"EntryPoint\",\"urlTemplate\":\"https:\/\/all-car-news.com\/fr\/?s={search_term_string}\"},\"query-input\":\"required name=search_term_string\"}],\"inLanguage\":\"fr-FR\"},{\"@type\":\"Organization\",\"@id\":\"https:\/\/all-car-news.com\/fr\/#organization\",\"name\":\"All cars news\",\"url\":\"https:\/\/all-car-news.com\/fr\/\",\"logo\":{\"@type\":\"ImageObject\",\"inLanguage\":\"fr-FR\",\"@id\":\"https:\/\/all-car-news.com\/fr\/#\/schema\/logo\/image\/\",\"url\":\"https:\/\/all-car-news.com\/wp-content\/uploads\/2022\/02\/CMYK-AllCarNews_LANDSCAPE_300px-1.png\",\"contentUrl\":\"https:\/\/all-car-news.com\/wp-content\/uploads\/2022\/02\/CMYK-AllCarNews_LANDSCAPE_300px-1.png\",\"width\":300,\"height\":100,\"caption\":\"All cars news\"},\"image\":{\"@id\":\"https:\/\/all-car-news.com\/fr\/#\/schema\/logo\/image\/\"}}]}<\/script>\n<!-- \/ Yoast SEO plugin. -->","yoast_head_json":{"title":"Rep\u00e9r\u00e9 : pas de Mercedes-Benz Classe G - All cars news","robots":{"index":"index","follow":"follow","max-snippet":"max-snippet:-1","max-image-preview":"max-image-preview:large","max-video-preview":"max-video-preview:-1"},"canonical":"https:\/\/all-car-news.com\/fr\/repere-pas-de-mercedes-benz-classe-g\/","og_locale":"fr_FR","og_type":"article","og_title":"Rep\u00e9r\u00e9 : pas de Mercedes-Benz Classe G - All cars news","og_description":"Dans un parc d'activit\u00e9s \u00e0 Purmerend, nous avons vu ce vieux v\u00e9hicule tout-terrain. Bien s\u00fbr, vous reconnaissez imm\u00e9diatement cette voiture comme \u00e9tant une Mercedes-Benz Classe G. On en voit assez souvent, mais celle-ci est pr\u00e9coce, pour une fois, et pourrait donc \u00eatre photographi\u00e9e comme une tache de voiture. \u00c0 la r\u00e9flexion, celle-ci est particuli\u00e8rement sp\u00e9ciale, car cette [...]","og_url":"https:\/\/all-car-news.com\/fr\/repere-pas-de-mercedes-benz-classe-g\/","og_site_name":"All cars news","article_published_time":"2023-11-17T15:45:00+00:00","og_image":[{"url":"https:\/\/autorai.nl\/wp-content\/uploads\/2023\/11\/AutoRAI-Gespot-Puch-300GD-1140x641.jpg"}],"twitter_card":"summary_large_image","twitter_misc":{"Dur\u00e9e de lecture estim\u00e9e":"3 minutes"},"schema":{"@context":"https:\/\/schema.org","@graph":[{"@type":"Article","@id":"https:\/\/all-car-news.com\/fr\/repere-pas-de-mercedes-benz-classe-g\/#article","isPartOf":{"@id":"https:\/\/all-car-news.com\/fr\/repere-pas-de-mercedes-benz-classe-g\/"},"author":{"name":"","@id":""},"headline":"Rep\u00e9r\u00e9 : pas de Mercedes-Benz Classe G","datePublished":"2023-11-17T15:45:00+00:00","dateModified":"2023-11-17T15:45:00+00:00","mainEntityOfPage":{"@id":"https:\/\/all-car-news.com\/fr\/repere-pas-de-mercedes-benz-classe-g\/"},"wordCount":551,"publisher":{"@id":"https:\/\/all-car-news.com\/fr\/#organization"},"articleSection":["Fun","nouvelles de voiture"],"inLanguage":"fr-FR"},{"@type":"WebPage","@id":"https:\/\/all-car-news.com\/fr\/repere-pas-de-mercedes-benz-classe-g\/","url":"https:\/\/all-car-news.com\/fr\/repere-pas-de-mercedes-benz-classe-g\/","name":"Rep\u00e9r\u00e9 : pas de Mercedes-Benz Classe G - All cars news","isPartOf":{"@id":"https:\/\/all-car-news.com\/fr\/#website"},"datePublished":"2023-11-17T15:45:00+00:00","dateModified":"2023-11-17T15:45:00+00:00","breadcrumb":{"@id":"https:\/\/all-car-news.com\/fr\/repere-pas-de-mercedes-benz-classe-g\/#breadcrumb"},"inLanguage":"fr-FR","potentialAction":[{"@type":"ReadAction","target":["https:\/\/all-car-news.com\/fr\/repere-pas-de-mercedes-benz-classe-g\/"]}]},{"@type":"BreadcrumbList","@id":"https:\/\/all-car-news.com\/fr\/repere-pas-de-mercedes-benz-classe-g\/#breadcrumb","itemListElement":[{"@type":"ListItem","position":1,"name":"Home","item":"https:\/\/all-car-news.com\/fr\/"},{"@type":"ListItem","position":2,"name":"Rep\u00e9r\u00e9 : pas de Mercedes-Benz Classe G"}]},{"@type":"WebSite","@id":"https:\/\/all-car-news.com\/fr\/#website","url":"https:\/\/all-car-news.com\/fr\/","name":"All cars news","description":"","publisher":{"@id":"https:\/\/all-car-news.com\/fr\/#organization"},"potentialAction":[{"@type":"SearchAction","target":{"@type":"EntryPoint","urlTemplate":"https:\/\/all-car-news.com\/fr\/?s={search_term_string}"},"query-input":"required name=search_term_string"}],"inLanguage":"fr-FR"},{"@type":"Organization","@id":"https:\/\/all-car-news.com\/fr\/#organization","name":"All cars news","url":"https:\/\/all-car-news.com\/fr\/","logo":{"@type":"ImageObject","inLanguage":"fr-FR","@id":"https:\/\/all-car-news.com\/fr\/#\/schema\/logo\/image\/","url":"https:\/\/all-car-news.com\/wp-content\/uploads\/2022\/02\/CMYK-AllCarNews_LANDSCAPE_300px-1.png","contentUrl":"https:\/\/all-car-news.com\/wp-content\/uploads\/2022\/02\/CMYK-AllCarNews_LANDSCAPE_300px-1.png","width":300,"height":100,"caption":"All cars news"},"image":{"@id":"https:\/\/all-car-news.com\/fr\/#\/schema\/logo\/image\/"}}]}},"_links":{"self":[{"href":"https:\/\/all-car-news.com\/fr\/wp-json\/wp\/v2\/posts\/140640","targetHints":{"allow":["GET"]}}],"collection":[{"href":"https:\/\/all-car-news.com\/fr\/wp-json\/wp\/v2\/posts"}],"about":[{"href":"https:\/\/all-car-news.com\/fr\/wp-json\/wp\/v2\/types\/post"}],"replies":[{"embeddable":true,"href":"https:\/\/all-car-news.com\/fr\/wp-json\/wp\/v2\/comments?post=140640"}],"version-history":[{"count":0,"href":"https:\/\/all-car-news.com\/fr\/wp-json\/wp\/v2\/posts\/140640\/revisions"}],"wp:featuredmedia":[{"embeddable":true,"href":"https:\/\/all-car-news.com\/fr\/wp-json\/wp\/v2\/media\/140620"}],"wp:attachment":[{"href":"https:\/\/all-car-news.com\/fr\/wp-json\/wp\/v2\/media?parent=140640"}],"wp:term":[{"taxonomy":"category","embeddable":true,"href":"https:\/\/all-car-news.com\/fr\/wp-json\/wp\/v2\/categories?post=140640"},{"taxonomy":"post_tag","embeddable":true,"href":"https:\/\/all-car-news.com\/fr\/wp-json\/wp\/v2\/tags?post=140640"}],"curies":[{"name":"wp","href":"https:\/\/api.w.org\/{rel}","templated":true}]}}