{"id":140551,"date":"2023-11-15T07:26:00","date_gmt":"2023-11-15T07:26:00","guid":{"rendered":"https:\/\/all-car-news.com\/les-neerlandais-optent-massivement-pour-les-voyages-en-voiture\/"},"modified":"2023-11-15T07:26:00","modified_gmt":"2023-11-15T07:26:00","slug":"les-neerlandais-optent-massivement-pour-les-voyages-en-voiture","status":"publish","type":"post","link":"https:\/\/all-car-news.com\/fr\/les-neerlandais-optent-massivement-pour-les-voyages-en-voiture\/","title":{"rendered":"Les N\u00e9erlandais optent massivement pour les voyages en voiture"},"content":{"rendered":"<h2>Un avion perd sa place dans une voiture<\/h2>\n<p>En 2022, 4,2 millions de vacances d&rsquo;\u00e9t\u00e9 (35 %) ont pris l&rsquo;avion, soit une baisse d&rsquo;un million de vols par rapport \u00e0 2019, o\u00f9 ce pourcentage \u00e9tait de 44 %. La raison pour laquelle cette voiture est si populaire ? Une voiture offre le sentiment ultime de libert\u00e9. En outre, il n&rsquo;est pas n\u00e9cessaire de traverser la moiti\u00e9 du monde pour voir de belles choses en premier. Il vous suffit d&rsquo;entrer et les vacances ont d\u00e9j\u00e0 commenc\u00e9.<\/p>\n<h2>Voyage en voiture<\/h2>\n<p>Il y a aussi beaucoup de choses \u00e0 d\u00e9couvrir en voiture en Europe et m\u00eame aux Pays-Bas. C&rsquo;est la raison pour laquelle le voyage en voiture est particuli\u00e8rement populaire. Rouler sur une belle route avec un groupe sympathique, \u00e0 deux ou seul, c&rsquo;est bien s\u00fbr tr\u00e8s amusant. Mais un road trip n&rsquo;est pas seulement possible \u00e0 l&rsquo;\u00e9tranger. Les Pays-Bas offrent \u00e9galement un grand nombre d&rsquo;itin\u00e9raires amusants. Pensez \u00e0 un circuit \u00e0 travers la Frise, \u00e0 une excursion sur l&rsquo;Utrechtse Heuvelrug ou \u00e0 un voyage agr\u00e9able \u00e0 travers l&rsquo;Overijssel et la Drenthe.<\/p>\n<h2>Bonne entreprise<\/h2>\n<p>La dur\u00e9e d&rsquo;un voyage n&rsquo;a pas d&rsquo;importance. Il s&rsquo;agit de l&rsquo;id\u00e9e de n&rsquo;avoir rien \u00e0 faire pendant un certain temps, mais de se contenter de faire du tourisme tout en profitant d&rsquo;une bonne compagnie ou d&rsquo;une musique agr\u00e9able. De temps en temps, une pause pour une collation savoureuse avant de reprendre la route, vers l&rsquo;inconnu. Si vous manquez d&rsquo;inspiration pour un road trip, vous pouvez toujours envisager de participer aux <a href=\"https:\/\/www.fancycartours.com\/\" target=\"_blank\" rel=\"noreferrer noopener\">\u00e9v\u00e9nements automobiles de<\/a> FancyCarTours, o\u00f9 vous prenez la route avec un groupe plus important de passionn\u00e9s de voitures. Dans ce cadre, plusieurs \u00e9v\u00e9nements sont organis\u00e9s chaque ann\u00e9e, tels qu&rsquo;une visite de toutes les digues de Z\u00e9lande, une randonn\u00e9e du Nouvel An ou un voyage au Benelux.<\/p>\n<h2>Automatiquement<\/h2>\n<p>Peut-on \u00eatre un peu plus loin de chez soi ? R\u00e9guli\u00e8rement, un rallye automobile a lieu en \u00c9cosse, en France, en Autriche, en Allemagne ou dans une r\u00e9gion encore peu connue, la Slov\u00e9nie, par exemple. Dans tous ces pays, vous trouverez de belles routes et des itin\u00e9raires pittoresques que vous pourrez explorer seul, avec un groupe d&rsquo;amis ou avec une plus grande entreprise. Si vous partez seul ou avec un groupe d&rsquo;amis, vous d\u00e9cidez seul du rythme et du lieu de votre s\u00e9jour. Si vous optez pour un voyage organis\u00e9, il vous suffit de suivre l&rsquo;itin\u00e9raire et de monter \u00e0 bord. En r\u00e9sum\u00e9, le choix est vaste en mati\u00e8re de vacances en voiture.<\/p>\n","protected":false},"excerpt":{"rendered":"L'avion perd face \u00e0 la voiture En 2022, 4,2 millions de vacances d'\u00e9t\u00e9 (35 %) se feront en avion, soit\u2026","protected":false},"author":0,"featured_media":140539,"comment_status":"","ping_status":"open","sticky":false,"template":"","format":"standard","meta":{"footnotes":""},"categories":[127],"tags":[],"class_list":["post-140551","post","type-post","status-publish","format-standard","has-post-thumbnail","hentry","category-nouvelles-de-voiture"],"acf":[],"yoast_head":"<!-- This site is optimized with the Yoast SEO plugin v21.2 - https:\/\/yoast.com\/wordpress\/plugins\/seo\/ -->\n<title>Les N\u00e9erlandais optent massivement pour les voyages en voiture - All cars news<\/title>\n<meta name=\"robots\" content=\"index, follow, max-snippet:-1, max-image-preview:large, max-video-preview:-1\" \/>\n<link rel=\"canonical\" href=\"https:\/\/all-car-news.com\/fr\/les-neerlandais-optent-massivement-pour-les-voyages-en-voiture\/\" \/>\n<meta property=\"og:locale\" content=\"fr_FR\" \/>\n<meta property=\"og:type\" content=\"article\" \/>\n<meta property=\"og:title\" content=\"Les N\u00e9erlandais optent massivement pour les voyages en voiture - All cars news\" \/>\n<meta property=\"og:description\" content=\"L&#039;avion perd face \u00e0 la voiture En 2022, 4,2 millions de vacances d&#039;\u00e9t\u00e9 (35 %) se feront en avion, soit une baisse d&#039;un million de vols par rapport \u00e0 2019 (44 %). La raison pour laquelle cette voiture est si populaire ? Une voiture offre un sentiment ultime de libert\u00e9. En outre, il n&#039;est pas n\u00e9cessaire de voyager \u00e0 l&#039;autre bout du monde pour commencer [...]\" \/>\n<meta property=\"og:url\" content=\"https:\/\/all-car-news.com\/fr\/les-neerlandais-optent-massivement-pour-les-voyages-en-voiture\/\" \/>\n<meta property=\"og:site_name\" content=\"All cars news\" \/>\n<meta property=\"article:published_time\" content=\"2023-11-15T07:26:00+00:00\" \/>\n<meta name=\"twitter:card\" content=\"summary_large_image\" \/>\n<meta name=\"twitter:label1\" content=\"Dur\u00e9e de lecture estim\u00e9e\" \/>\n\t<meta name=\"twitter:data1\" content=\"2 minutes\" \/>\n<script type=\"application\/ld+json\" class=\"yoast-schema-graph\">{\"@context\":\"https:\/\/schema.org\",\"@graph\":[{\"@type\":\"Article\",\"@id\":\"https:\/\/all-car-news.com\/fr\/les-neerlandais-optent-massivement-pour-les-voyages-en-voiture\/#article\",\"isPartOf\":{\"@id\":\"https:\/\/all-car-news.com\/fr\/les-neerlandais-optent-massivement-pour-les-voyages-en-voiture\/\"},\"author\":{\"name\":\"\",\"@id\":\"\"},\"headline\":\"Les N\u00e9erlandais optent massivement pour les voyages en voiture\",\"datePublished\":\"2023-11-15T07:26:00+00:00\",\"dateModified\":\"2023-11-15T07:26:00+00:00\",\"mainEntityOfPage\":{\"@id\":\"https:\/\/all-car-news.com\/fr\/les-neerlandais-optent-massivement-pour-les-voyages-en-voiture\/\"},\"wordCount\":432,\"publisher\":{\"@id\":\"https:\/\/all-car-news.com\/fr\/#organization\"},\"articleSection\":[\"nouvelles de voiture\"],\"inLanguage\":\"fr-FR\"},{\"@type\":\"WebPage\",\"@id\":\"https:\/\/all-car-news.com\/fr\/les-neerlandais-optent-massivement-pour-les-voyages-en-voiture\/\",\"url\":\"https:\/\/all-car-news.com\/fr\/les-neerlandais-optent-massivement-pour-les-voyages-en-voiture\/\",\"name\":\"Les N\u00e9erlandais optent massivement pour les voyages en voiture - All cars news\",\"isPartOf\":{\"@id\":\"https:\/\/all-car-news.com\/fr\/#website\"},\"datePublished\":\"2023-11-15T07:26:00+00:00\",\"dateModified\":\"2023-11-15T07:26:00+00:00\",\"breadcrumb\":{\"@id\":\"https:\/\/all-car-news.com\/fr\/les-neerlandais-optent-massivement-pour-les-voyages-en-voiture\/#breadcrumb\"},\"inLanguage\":\"fr-FR\",\"potentialAction\":[{\"@type\":\"ReadAction\",\"target\":[\"https:\/\/all-car-news.com\/fr\/les-neerlandais-optent-massivement-pour-les-voyages-en-voiture\/\"]}]},{\"@type\":\"BreadcrumbList\",\"@id\":\"https:\/\/all-car-news.com\/fr\/les-neerlandais-optent-massivement-pour-les-voyages-en-voiture\/#breadcrumb\",\"itemListElement\":[{\"@type\":\"ListItem\",\"position\":1,\"name\":\"Home\",\"item\":\"https:\/\/all-car-news.com\/fr\/\"},{\"@type\":\"ListItem\",\"position\":2,\"name\":\"Les N\u00e9erlandais optent massivement pour les voyages en voiture\"}]},{\"@type\":\"WebSite\",\"@id\":\"https:\/\/all-car-news.com\/fr\/#website\",\"url\":\"https:\/\/all-car-news.com\/fr\/\",\"name\":\"All cars news\",\"description\":\"\",\"publisher\":{\"@id\":\"https:\/\/all-car-news.com\/fr\/#organization\"},\"potentialAction\":[{\"@type\":\"SearchAction\",\"target\":{\"@type\":\"EntryPoint\",\"urlTemplate\":\"https:\/\/all-car-news.com\/fr\/?s={search_term_string}\"},\"query-input\":\"required name=search_term_string\"}],\"inLanguage\":\"fr-FR\"},{\"@type\":\"Organization\",\"@id\":\"https:\/\/all-car-news.com\/fr\/#organization\",\"name\":\"All cars news\",\"url\":\"https:\/\/all-car-news.com\/fr\/\",\"logo\":{\"@type\":\"ImageObject\",\"inLanguage\":\"fr-FR\",\"@id\":\"https:\/\/all-car-news.com\/fr\/#\/schema\/logo\/image\/\",\"url\":\"https:\/\/all-car-news.com\/wp-content\/uploads\/2022\/02\/CMYK-AllCarNews_LANDSCAPE_300px-1.png\",\"contentUrl\":\"https:\/\/all-car-news.com\/wp-content\/uploads\/2022\/02\/CMYK-AllCarNews_LANDSCAPE_300px-1.png\",\"width\":300,\"height\":100,\"caption\":\"All cars news\"},\"image\":{\"@id\":\"https:\/\/all-car-news.com\/fr\/#\/schema\/logo\/image\/\"}}]}<\/script>\n<!-- \/ Yoast SEO plugin. -->","yoast_head_json":{"title":"Les N\u00e9erlandais optent massivement pour les voyages en voiture - All cars news","robots":{"index":"index","follow":"follow","max-snippet":"max-snippet:-1","max-image-preview":"max-image-preview:large","max-video-preview":"max-video-preview:-1"},"canonical":"https:\/\/all-car-news.com\/fr\/les-neerlandais-optent-massivement-pour-les-voyages-en-voiture\/","og_locale":"fr_FR","og_type":"article","og_title":"Les N\u00e9erlandais optent massivement pour les voyages en voiture - All cars news","og_description":"L'avion perd face \u00e0 la voiture En 2022, 4,2 millions de vacances d'\u00e9t\u00e9 (35 %) se feront en avion, soit une baisse d'un million de vols par rapport \u00e0 2019 (44 %). La raison pour laquelle cette voiture est si populaire ? Une voiture offre un sentiment ultime de libert\u00e9. En outre, il n'est pas n\u00e9cessaire de voyager \u00e0 l'autre bout du monde pour commencer [...]","og_url":"https:\/\/all-car-news.com\/fr\/les-neerlandais-optent-massivement-pour-les-voyages-en-voiture\/","og_site_name":"All cars news","article_published_time":"2023-11-15T07:26:00+00:00","twitter_card":"summary_large_image","twitter_misc":{"Dur\u00e9e de lecture estim\u00e9e":"2 minutes"},"schema":{"@context":"https:\/\/schema.org","@graph":[{"@type":"Article","@id":"https:\/\/all-car-news.com\/fr\/les-neerlandais-optent-massivement-pour-les-voyages-en-voiture\/#article","isPartOf":{"@id":"https:\/\/all-car-news.com\/fr\/les-neerlandais-optent-massivement-pour-les-voyages-en-voiture\/"},"author":{"name":"","@id":""},"headline":"Les N\u00e9erlandais optent massivement pour les voyages en voiture","datePublished":"2023-11-15T07:26:00+00:00","dateModified":"2023-11-15T07:26:00+00:00","mainEntityOfPage":{"@id":"https:\/\/all-car-news.com\/fr\/les-neerlandais-optent-massivement-pour-les-voyages-en-voiture\/"},"wordCount":432,"publisher":{"@id":"https:\/\/all-car-news.com\/fr\/#organization"},"articleSection":["nouvelles de voiture"],"inLanguage":"fr-FR"},{"@type":"WebPage","@id":"https:\/\/all-car-news.com\/fr\/les-neerlandais-optent-massivement-pour-les-voyages-en-voiture\/","url":"https:\/\/all-car-news.com\/fr\/les-neerlandais-optent-massivement-pour-les-voyages-en-voiture\/","name":"Les N\u00e9erlandais optent massivement pour les voyages en voiture - All cars news","isPartOf":{"@id":"https:\/\/all-car-news.com\/fr\/#website"},"datePublished":"2023-11-15T07:26:00+00:00","dateModified":"2023-11-15T07:26:00+00:00","breadcrumb":{"@id":"https:\/\/all-car-news.com\/fr\/les-neerlandais-optent-massivement-pour-les-voyages-en-voiture\/#breadcrumb"},"inLanguage":"fr-FR","potentialAction":[{"@type":"ReadAction","target":["https:\/\/all-car-news.com\/fr\/les-neerlandais-optent-massivement-pour-les-voyages-en-voiture\/"]}]},{"@type":"BreadcrumbList","@id":"https:\/\/all-car-news.com\/fr\/les-neerlandais-optent-massivement-pour-les-voyages-en-voiture\/#breadcrumb","itemListElement":[{"@type":"ListItem","position":1,"name":"Home","item":"https:\/\/all-car-news.com\/fr\/"},{"@type":"ListItem","position":2,"name":"Les N\u00e9erlandais optent massivement pour les voyages en voiture"}]},{"@type":"WebSite","@id":"https:\/\/all-car-news.com\/fr\/#website","url":"https:\/\/all-car-news.com\/fr\/","name":"All cars news","description":"","publisher":{"@id":"https:\/\/all-car-news.com\/fr\/#organization"},"potentialAction":[{"@type":"SearchAction","target":{"@type":"EntryPoint","urlTemplate":"https:\/\/all-car-news.com\/fr\/?s={search_term_string}"},"query-input":"required name=search_term_string"}],"inLanguage":"fr-FR"},{"@type":"Organization","@id":"https:\/\/all-car-news.com\/fr\/#organization","name":"All cars news","url":"https:\/\/all-car-news.com\/fr\/","logo":{"@type":"ImageObject","inLanguage":"fr-FR","@id":"https:\/\/all-car-news.com\/fr\/#\/schema\/logo\/image\/","url":"https:\/\/all-car-news.com\/wp-content\/uploads\/2022\/02\/CMYK-AllCarNews_LANDSCAPE_300px-1.png","contentUrl":"https:\/\/all-car-news.com\/wp-content\/uploads\/2022\/02\/CMYK-AllCarNews_LANDSCAPE_300px-1.png","width":300,"height":100,"caption":"All cars news"},"image":{"@id":"https:\/\/all-car-news.com\/fr\/#\/schema\/logo\/image\/"}}]}},"_links":{"self":[{"href":"https:\/\/all-car-news.com\/fr\/wp-json\/wp\/v2\/posts\/140551","targetHints":{"allow":["GET"]}}],"collection":[{"href":"https:\/\/all-car-news.com\/fr\/wp-json\/wp\/v2\/posts"}],"about":[{"href":"https:\/\/all-car-news.com\/fr\/wp-json\/wp\/v2\/types\/post"}],"replies":[{"embeddable":true,"href":"https:\/\/all-car-news.com\/fr\/wp-json\/wp\/v2\/comments?post=140551"}],"version-history":[{"count":0,"href":"https:\/\/all-car-news.com\/fr\/wp-json\/wp\/v2\/posts\/140551\/revisions"}],"wp:featuredmedia":[{"embeddable":true,"href":"https:\/\/all-car-news.com\/fr\/wp-json\/wp\/v2\/media\/140539"}],"wp:attachment":[{"href":"https:\/\/all-car-news.com\/fr\/wp-json\/wp\/v2\/media?parent=140551"}],"wp:term":[{"taxonomy":"category","embeddable":true,"href":"https:\/\/all-car-news.com\/fr\/wp-json\/wp\/v2\/categories?post=140551"},{"taxonomy":"post_tag","embeddable":true,"href":"https:\/\/all-car-news.com\/fr\/wp-json\/wp\/v2\/tags?post=140551"}],"curies":[{"name":"wp","href":"https:\/\/api.w.org\/{rel}","templated":true}]}}