{"id":140292,"date":"2023-11-03T08:18:36","date_gmt":"2023-11-03T08:18:36","guid":{"rendered":"https:\/\/all-car-news.com\/la-quatrieme-generation-de-la-skoda-superb-toujours-hybride-encore-plus-grande-et-plus-intelligente\/"},"modified":"2023-11-03T08:18:36","modified_gmt":"2023-11-03T08:18:36","slug":"la-quatrieme-generation-de-la-skoda-superb-toujours-hybride-encore-plus-grande-et-plus-intelligente","status":"publish","type":"post","link":"https:\/\/all-car-news.com\/fr\/la-quatrieme-generation-de-la-skoda-superb-toujours-hybride-encore-plus-grande-et-plus-intelligente\/","title":{"rendered":"La quatri\u00e8me g\u00e9n\u00e9ration de la Skoda Superb : toujours hybride, encore plus grande et plus intelligente"},"content":{"rendered":"<h2>Dimensions de la Skoda Superb<\/h2>\n<p>La quatri\u00e8me g\u00e9n\u00e9ration de Skoda Superb est l\u00e9g\u00e8rement plus longue que la g\u00e9n\u00e9ration III. La Hatchback mesure d\u00e9sormais 4,91 m\u00e8tres (+4,0 cm) et le Combi 4,90 m\u00e8tres (+4,3 cm). La largeur est de 1,85 m\u00e8tre (-1,5 cm). La Hatchback et le Combi mesurent tous deux 1,48 m\u00e8tre de haut et l&#8217;empattement est g\u00e9n\u00e9reux (2,84 m\u00e8tres). Gr\u00e2ce \u00e0 cet empattement important, les occupants b\u00e9n\u00e9ficient d&rsquo;un grand espace int\u00e9rieur.<\/p>\n<h2>Volume du coffre Skoda Superb<\/h2>\n<p>Ainsi, les nouveaux mod\u00e8les Superb offrent encore plus de place pour la t\u00eate \u00e0 l&rsquo;avant et \u00e0 l&rsquo;arri\u00e8re, et m\u00eame les compartiments \u00e0 bagages ont \u00e9t\u00e9 agrandis. Celui de la Hatchback a d\u00e9sormais une capacit\u00e9 de 645 litres (+20 l) et dans le Combi, le volume disponible est de 690 litres (+30 l). En rabattant les si\u00e8ges arri\u00e8re du Combi, ce volume passe \u00e0 1 920 litres.&nbsp;<\/p>\n<h2>\u00c9l\u00e9ments a\u00e9rodynamiques actifs<\/h2>\n<p>Le design de la Skoda Superb est une \u00e9volution par rapport au mod\u00e8le sortant. Gr\u00e2ce \u00e0 des \u00e9l\u00e9ments a\u00e9rodynamiques actifs tels qu&rsquo;une prise d&rsquo;air centrale verrouillable et un flux d&rsquo;air r\u00e9gul\u00e9 entre le ventilateur du radiateur et les freins, la ligne a\u00e9rodynamique est tr\u00e8s favorable : la Superb Hatchback a une valeur Cw de seulement 0,23 (Combi 0,25).<\/p>\n<figure class=\"wp-block-image size-content\"><img decoding=\"async\" loading=\"lazy\" width=\"1140\" height=\"761\" src=\"https:\/\/autorai.nl\/wp-content\/uploads\/2023\/11\/skoda-superb-vierde-generatie-foto-23-1140x761.jpg\" alt=\"Skoda Superb Combi\" class=\"wp-image-168947\"><\/figure>\n<h2>Nouveau langage stylistique de Skoda<\/h2>\n<p>La nouvelle Superb est \u00e9galement dot\u00e9e du nouveau langage stylistique de Skoda. La calandre octogonale attire tous les regards, surtout lorsqu&rsquo;elle est associ\u00e9e aux nouveaux phares matriciels \u00e0 LED. Les unit\u00e9s d&rsquo;\u00e9clairage minces comportent des modules LED s\u00e9par\u00e9s avec un total de 36 segments de matrice pour les feux de croisement et les feux de route. Entre les deux se trouve un feu de jour en forme de cristal. Une bande lumineuse relie les feux arri\u00e8re en forme de C. En fonction de la version choisie (extra), la nouvelle Superb est \u00e9quip\u00e9e de jantes de 16 \u00e0 19 pouces.<\/p>\n<h2>Int\u00e9rieur de la Skoda Superb de quatri\u00e8me g\u00e9n\u00e9ration<\/h2>\n<p>De s\u00e9rie, chaque Skoda Superb est \u00e9quip\u00e9e du Virtual Cockpit de 10 pouces. Pour la premi\u00e8re fois, le mod\u00e8le haut de gamme est \u00e9quip\u00e9 de s\u00e9rie d&rsquo;un \u00e9cran d&rsquo;infodivertissement autonome de 13 pouces avec commandes vocales et gestuelles. Les mises \u00e0 jour du syst\u00e8me d&rsquo;infodivertissement sont possibles parce que la voiture est toujours en ligne. Un affichage t\u00eate haute est propos\u00e9 en option. La console centrale fait bonne impression, le s\u00e9lecteur de la transmission DSG de s\u00e9rie \u00e9tant d\u00e9sormais plac\u00e9 sur la colonne de direction. La transmission manuelle n&rsquo;est plus disponible.<\/p>\n<h2>Cadrans intelligents<\/h2>\n<p>Les cadrans intelligents contribuent \u00e0 la facilit\u00e9 d&rsquo;utilisation. Le conducteur peut configurer ces boutons rotatifs et poussoirs \u00e0 l&rsquo;aide d&rsquo;un \u00e9cran couleur int\u00e9gr\u00e9 (32 mm). Il s&rsquo;agit notamment de contr\u00f4ler le volume sonore, le d\u00e9bit de ventilation et la climatisation intelligente, et de s\u00e9lectionner les modes de conduite. Un cadran intelligent peut \u00e9galement \u00eatre utilis\u00e9 pour zoomer sur la carte de navigation. En outre, des boutons physiques permettent d&rsquo;activer les fonctions de ventilation des vitres, de chauffage de la lunette arri\u00e8re, de recirculation de l&rsquo;air et de climatisation automatique.<\/p>\n<figure class=\"wp-block-image size-content\"><img decoding=\"async\" loading=\"lazy\" width=\"1140\" height=\"760\" src=\"https:\/\/autorai.nl\/wp-content\/uploads\/2023\/11\/skoda-superb-vierde-generatie-foto-9-1140x760.jpg\" alt=\"Skoda Superb Hatchback 2024\" class=\"wp-image-168935\"><\/figure>\n<h2>Menu Climatisation<\/h2>\n<p>Le bouton \u00ab\u00a0Climate Control Menu\u00a0\u00bb permet de contr\u00f4ler facilement le chauffage des si\u00e8ges, du volant et des vitres avant et arri\u00e8re. Dans la nouvelle Phonebox, deux t\u00e9l\u00e9phones peuvent \u00eatre rapidement recharg\u00e9s sans fil (15 W) et l&rsquo;int\u00e9rieur comporte plusieurs ports USB-C de 45 W, qui peuvent \u00eatre utilis\u00e9s pour charger des ordinateurs portables et des tablettes, par exemple.<\/p>\n<h2>Confort durable<\/h2>\n<p>La Superb peut \u00eatre command\u00e9e en option avec des si\u00e8ges Ergo recouverts de cuir perfor\u00e9 et dot\u00e9s de fonctions de chauffage\/ventilation, de massage et de m\u00e9moire, y compris le syst\u00e8me Smart Comfort Entry. Dans tous les mod\u00e8les, les tissus d&rsquo;ameublement, y compris ceux de la garniture de toit, sont compos\u00e9s \u00e0 100 % de mat\u00e9riaux recycl\u00e9s.&nbsp;<\/p>\n<h2>Qu&rsquo;est-ce que Simply Clever ?<\/h2>\n<p>Une nouvelle Superb signifie \u00e9galement de nouvelles caract\u00e9ristiques Simply Clever. Par exemple, la Skoda Superb Combi dispose d\u00e9sormais d&rsquo;un cache-bagages \u00e9lectrique. Le Jumbo Box situ\u00e9 sous l&rsquo;accoudoir central a une capacit\u00e9 de pas moins de 5,5 litres. La bo\u00eete comprend une prise 12V, un compartiment \u00e0 lunettes amovible et un support pour les nettoyeurs de vitrines. Les supports pour smartphones int\u00e9gr\u00e9s \u00e0 l&rsquo;arri\u00e8re des dossiers des si\u00e8ges et l&rsquo;accoudoir central arri\u00e8re coulissant avec porte-gobelets et espace de rangement pour les tablettes sont \u00e9galement nouveaux.<\/p>\n<figure class=\"wp-block-image size-content\"><img decoding=\"async\" loading=\"lazy\" width=\"1140\" height=\"761\" src=\"https:\/\/autorai.nl\/wp-content\/uploads\/2023\/11\/skoda-superb-vierde-generatie-foto-6-1140x761.jpg\" alt=\"Int\u00e9rieur de la Skoda Superb\" class=\"wp-image-168933\"><\/figure>\n<h2>Les groupes motopropulseurs : toujours un hybride<\/h2>\n<p>Aux Pays-Bas, la nouvelle Superb est propos\u00e9e avec un choix de groupes motopropulseurs mild-hybrid et plug-in hybrid. La Skoda Superb Combi Plug-In Hybrid a une puissance de 150 kW (204 ch). Cette voiture est \u00e9quip\u00e9e d&rsquo;une batterie de 25,7 kWh qui permet une autonomie de 100 kilom\u00e8tres en mode \u00e9lectrique (WLTP). La recharge peut se faire \u00e0 11 kW (wallbox, bornes de recharge publiques) et encore plus rapidement avec la recharge rapide \u00e0 50 kW (25 minutes de 10 \u00e0 80 %). Ce sont des chiffres int\u00e9ressants !<\/p>\n<p>La Skoda Superb 1.5 TSI e-TEC de 110 kW (150 ch) est dot\u00e9e de la technologie mild-hybrid avec un g\u00e9n\u00e9rateur de d\u00e9marrage de 48 volts entra\u00een\u00e9 par courroie, une batterie lithium-ion et la derni\u00e8re g\u00e9n\u00e9ration de d\u00e9sactivation des cylindres (ACT+). L&rsquo;\u00e9lectricit\u00e9 r\u00e9cup\u00e9r\u00e9e lors du freinage peut fournir un surcro\u00eet de puissance, mais peut \u00e9galement \u00eatre utilis\u00e9e pour \u00ab\u00a0naviguer\u00a0\u00bb lorsque le moteur \u00e0 essence est \u00e9teint. De plus amples informations sur la gamme, les sp\u00e9cifications exactes et les prix seront annonc\u00e9es avant le lancement sur le march\u00e9.<\/p>\n<h2>Syst\u00e8mes d&rsquo;aide \u00e0 la conduite<\/h2>\n<p>La nouvelle g\u00e9n\u00e9ration de Skoda Superb est disponible avec plusieurs syst\u00e8mes d&rsquo;aide \u00e0 la conduite. Pour la premi\u00e8re fois, il est \u00e9quip\u00e9 d&rsquo;un syst\u00e8me d&rsquo;aide au changement de direction, qui avertit les v\u00e9hicules venant en sens inverse lorsqu&rsquo;ils tournent. Pour \u00e9viter une collision, un freinage automatique peut s&rsquo;ensuivre. L&rsquo;assistance au pilotage d&rsquo;urgence amplifie les interventions de pilotage con\u00e7ues pour faire une embard\u00e9e \u00e0 des vitesses comprises entre 30 et 150 km\/h. L&rsquo;ESC intervient \u00e9galement pour \u00e9viter le sous-virage ou le survirage. Le Crossroad Assist utilise des capteurs radar et une cam\u00e9ra pour avertir les usagers de la route qui s&rsquo;approchent par la gauche ou la droite. Si le conducteur ne r\u00e9agit pas aux signaux d&rsquo;avertissement, le freinage s&rsquo;ensuit. Lorsque la porte est ouverte, l&rsquo;avertisseur de sortie pr\u00e9vient de l&rsquo;approche d&rsquo;un v\u00e9hicule par l&rsquo;arri\u00e8re. La port\u00e9e est de 35 m\u00e8tres et le syst\u00e8me couvre un angle de 120 degr\u00e9s. L&rsquo;assistance intelligente au stationnement permet de se garer automatiquement.&nbsp;<\/p>\n<p>De nombreux syst\u00e8mes d&rsquo;aide \u00e0 la conduite existants ont \u00e9t\u00e9 perfectionn\u00e9s gr\u00e2ce \u00e0 de meilleurs capteurs et cam\u00e9ras. Par exemple, l&rsquo;assistant de voyage rend les v\u00e9hicules situ\u00e9s \u00e0 proximit\u00e9 encore plus visibles dans le cockpit virtuel. Dans le pack Assisted Drive Basic, l&rsquo;Adaptive Lane Assist et l&rsquo;Adaptive Cruise Control travaillent de concert avec la navigation pour ajuster la vitesse dans les virages, les intersections et les ronds-points.<\/p>\n<p>L&rsquo;assistance embouteillage utilise les fonctions du r\u00e9gulateur de vitesse adaptatif et de l&rsquo;assistance de trajectoire adaptative pour permettre une conduite partiellement automatis\u00e9e dans une circulation dense (jusqu&rsquo;\u00e0 60 km\/h). L&rsquo;assistance lat\u00e9rale voit d\u00e9sormais les v\u00e9hicules arrivant par l&rsquo;arri\u00e8re \u00e0 une distance de 90 m\u00e8tres (contre 70 m\u00e8tres auparavant) et l&rsquo;assistance frontale reconna\u00eet \u00e9galement les cyclistes.<\/p>\n<p>Si l&rsquo;assistant d&rsquo;attention et de somnolence d\u00e9tecte de la fatigue, il en avertit le conducteur. Le syst\u00e8me Crew Protect Assist entre en action en cas de freinage d&rsquo;urgence et\/ou de collision imminente. Le syst\u00e8me ferme automatiquement les fen\u00eatres ouvertes et le toit panoramique, resserre les ceintures de s\u00e9curit\u00e9 et active les voyants d&rsquo;alarme.<\/p>\n<p>L&rsquo;Emergency Assist peut arr\u00eater automatiquement la Superb en cas d&rsquo;urgence (m\u00e9dicale) et envoyer un appel d&rsquo;urgence. Les portes sont d\u00e9verrouill\u00e9es \u00e0 l&rsquo;intention des services d&rsquo;urgence et les lumi\u00e8res int\u00e9rieures sont allum\u00e9es.&nbsp;<\/p>\n<div class=\"galery shuffle galery-0\">\n<figure>\n\t\t\t\t\t<span style=\"cursor: pointer\" data-src=\"https:\/\/autorai.nl\/wp-content\/uploads\/2023\/11\/skoda-superb-vierde-generatie-foto-25-1600x900.jpg\" data-fancybox=\"galery-0\" title=\"\"><br \/>\n\t\t\t\t\t\t\t<img decoding=\"async\" width=\"640\" height=\"480\" src=\"https:\/\/autorai.nl\/wp-content\/uploads\/2023\/11\/skoda-superb-vierde-generatie-foto-25-640x480.jpg\" class=\"attachment-medium size-medium\" alt=\"\" loading=\"lazy\"><i class=\"fa fa-search-plus\" aria-hidden=\"true\"><\/i><br \/>\n\t\t\t\t\t\t<\/span><br \/>\n\t\t\t\t\t<\/figure>\n<figure>\n\t\t\t\t\t<span style=\"cursor: pointer\" data-src=\"https:\/\/autorai.nl\/wp-content\/uploads\/2023\/11\/skoda-superb-vierde-generatie-foto-23-1600x1068.jpg\" data-fancybox=\"galery-0\" title=\"\"><br \/>\n\t\t\t\t\t\t\t<img decoding=\"async\" width=\"360\" height=\"270\" src=\"https:\/\/autorai.nl\/wp-content\/uploads\/2023\/11\/skoda-superb-vierde-generatie-foto-23-360x270.jpg\" class=\"attachment-small size-small\" alt=\"Skoda Superb Combi\" loading=\"lazy\"><i class=\"fa fa-search-plus\" aria-hidden=\"true\"><\/i><br \/>\n\t\t\t\t\t\t<\/span><br \/>\n\t\t\t\t\t<\/figure>\n<figure>\n\t\t\t\t\t<span style=\"cursor: pointer\" data-src=\"https:\/\/autorai.nl\/wp-content\/uploads\/2023\/11\/skoda-superb-vierde-generatie-foto-22-1600x1068.jpg\" data-fancybox=\"galery-0\" title=\"\"><br \/>\n\t\t\t\t\t\t\t<img decoding=\"async\" width=\"360\" height=\"270\" src=\"https:\/\/autorai.nl\/wp-content\/uploads\/2023\/11\/skoda-superb-vierde-generatie-foto-22-360x270.jpg\" class=\"attachment-small size-small\" alt=\"\" loading=\"lazy\"><i class=\"fa fa-search-plus\" aria-hidden=\"true\"><\/i><br \/>\n\t\t\t\t\t\t<\/span><br \/>\n\t\t\t\t\t<\/figure>\n<figure>\n\t\t\t\t\t<span style=\"cursor: pointer\" data-src=\"https:\/\/autorai.nl\/wp-content\/uploads\/2023\/11\/skoda-superb-vierde-generatie-foto-21-1600x1068.jpg\" data-fancybox=\"galery-0\" title=\"\"><br \/>\n\t\t\t\t\t\t\t<img decoding=\"async\" width=\"640\" height=\"480\" src=\"https:\/\/autorai.nl\/wp-content\/uploads\/2023\/11\/skoda-superb-vierde-generatie-foto-21-640x480.jpg\" class=\"attachment-medium size-medium\" alt=\"\" loading=\"lazy\"><i class=\"fa fa-search-plus\" aria-hidden=\"true\"><\/i><br \/>\n\t\t\t\t\t\t<\/span><br \/>\n\t\t\t\t\t<\/figure>\n<figure>\n\t\t\t\t\t<span style=\"cursor: pointer\" data-src=\"https:\/\/autorai.nl\/wp-content\/uploads\/2023\/11\/skoda-superb-vierde-generatie-foto-20-1600x1068.jpg\" data-fancybox=\"galery-0\" title=\"\"><br \/>\n\t\t\t\t\t\t\t<img decoding=\"async\" width=\"360\" height=\"270\" src=\"https:\/\/autorai.nl\/wp-content\/uploads\/2023\/11\/skoda-superb-vierde-generatie-foto-20-360x270.jpg\" class=\"attachment-small size-small\" alt=\"\" loading=\"lazy\"><i class=\"fa fa-search-plus\" aria-hidden=\"true\"><\/i><br \/>\n\t\t\t\t\t\t<\/span><br \/>\n\t\t\t\t\t<\/figure>\n<figure>\n\t\t\t\t\t<span style=\"cursor: pointer\" data-src=\"https:\/\/autorai.nl\/wp-content\/uploads\/2023\/11\/skoda-superb-vierde-generatie-foto-19-1600x1068.jpg\" data-fancybox=\"galery-0\" title=\"\"><br \/>\n\t\t\t\t\t\t\t<img decoding=\"async\" width=\"360\" height=\"270\" src=\"https:\/\/autorai.nl\/wp-content\/uploads\/2023\/11\/skoda-superb-vierde-generatie-foto-19-360x270.jpg\" class=\"attachment-small size-small\" alt=\"\" loading=\"lazy\"><i class=\"fa fa-search-plus\" aria-hidden=\"true\"><\/i><br \/>\n\t\t\t\t\t\t<\/span><br \/>\n\t\t\t\t\t<\/figure>\n<figure>\n\t\t\t\t\t<span style=\"cursor: pointer\" data-src=\"https:\/\/autorai.nl\/wp-content\/uploads\/2023\/11\/skoda-superb-vierde-generatie-foto-18-1600x1068.jpg\" data-fancybox=\"galery-0\" title=\"\"><br \/>\n\t\t\t\t\t\t\t<img decoding=\"async\" width=\"640\" height=\"480\" src=\"https:\/\/autorai.nl\/wp-content\/uploads\/2023\/11\/skoda-superb-vierde-generatie-foto-18-640x480.jpg\" class=\"attachment-medium size-medium\" alt=\"\" loading=\"lazy\"><i class=\"fa fa-search-plus\" aria-hidden=\"true\"><\/i><br \/>\n\t\t\t\t\t\t<\/span><br \/>\n\t\t\t\t\t<\/figure>\n<figure>\n\t\t\t\t\t<span style=\"cursor: pointer\" data-src=\"https:\/\/autorai.nl\/wp-content\/uploads\/2023\/11\/skoda-superb-vierde-generatie-foto-17-1600x1068.jpg\" data-fancybox=\"galery-0\" title=\"\"><br \/>\n\t\t\t\t\t\t\t<img decoding=\"async\" width=\"360\" height=\"270\" src=\"https:\/\/autorai.nl\/wp-content\/uploads\/2023\/11\/skoda-superb-vierde-generatie-foto-17-360x270.jpg\" class=\"attachment-small size-small\" alt=\"\" loading=\"lazy\"><i class=\"fa fa-search-plus\" aria-hidden=\"true\"><\/i><br \/>\n\t\t\t\t\t\t<\/span><br \/>\n\t\t\t\t\t<\/figure>\n<figure>\n\t\t\t\t\t<span style=\"cursor: pointer\" data-src=\"https:\/\/autorai.nl\/wp-content\/uploads\/2023\/11\/skoda-superb-vierde-generatie-foto-16-1600x1068.jpg\" data-fancybox=\"galery-0\" title=\"\"><br \/>\n\t\t\t\t\t\t\t<img decoding=\"async\" width=\"360\" height=\"270\" src=\"https:\/\/autorai.nl\/wp-content\/uploads\/2023\/11\/skoda-superb-vierde-generatie-foto-16-360x270.jpg\" class=\"attachment-small size-small\" alt=\"Skoda Superb Combi 2024\" loading=\"lazy\"><i class=\"fa fa-search-plus\" aria-hidden=\"true\"><\/i><br \/>\n\t\t\t\t\t\t<\/span><br \/>\n\t\t\t\t\t<\/figure>\n<figure>\n\t\t\t\t\t<span style=\"cursor: pointer\" data-src=\"https:\/\/autorai.nl\/wp-content\/uploads\/2023\/11\/skoda-superb-vierde-generatie-foto-14-1600x1068.jpg\" data-fancybox=\"galery-0\" title=\"\"><br \/>\n\t\t\t\t\t\t\t<img decoding=\"async\" width=\"640\" height=\"480\" src=\"https:\/\/autorai.nl\/wp-content\/uploads\/2023\/11\/skoda-superb-vierde-generatie-foto-14-640x480.jpg\" class=\"attachment-medium size-medium\" alt=\"\" loading=\"lazy\"><i class=\"fa fa-search-plus\" aria-hidden=\"true\"><\/i><br \/>\n\t\t\t\t\t\t<\/span><br \/>\n\t\t\t\t\t<\/figure>\n<figure>\n\t\t\t\t\t<span style=\"cursor: pointer\" data-src=\"https:\/\/autorai.nl\/wp-content\/uploads\/2023\/11\/skoda-superb-vierde-generatie-foto-12-1600x1068.jpg\" data-fancybox=\"galery-0\" title=\"\"><br \/>\n\t\t\t\t\t\t\t<img decoding=\"async\" width=\"360\" height=\"270\" src=\"https:\/\/autorai.nl\/wp-content\/uploads\/2023\/11\/skoda-superb-vierde-generatie-foto-12-360x270.jpg\" class=\"attachment-small size-small\" alt=\"\" loading=\"lazy\"><i class=\"fa fa-search-plus\" aria-hidden=\"true\"><\/i><br \/>\n\t\t\t\t\t\t<\/span><br \/>\n\t\t\t\t\t<\/figure>\n<figure>\n\t\t\t\t\t<span style=\"cursor: pointer\" data-src=\"https:\/\/autorai.nl\/wp-content\/uploads\/2023\/11\/skoda-superb-vierde-generatie-foto-11-1600x1068.jpg\" data-fancybox=\"galery-0\" title=\"\"><br \/>\n\t\t\t\t\t\t\t<img decoding=\"async\" width=\"360\" height=\"270\" src=\"https:\/\/autorai.nl\/wp-content\/uploads\/2023\/11\/skoda-superb-vierde-generatie-foto-11-360x270.jpg\" class=\"attachment-small size-small\" alt=\"\" loading=\"lazy\"><i class=\"fa fa-search-plus\" aria-hidden=\"true\"><\/i><br \/>\n\t\t\t\t\t\t<\/span><br \/>\n\t\t\t\t\t<\/figure>\n<figure>\n\t\t\t\t\t<span style=\"cursor: pointer\" data-src=\"https:\/\/autorai.nl\/wp-content\/uploads\/2023\/11\/skoda-superb-vierde-generatie-foto-10-1600x1068.jpg\" data-fancybox=\"galery-0\" title=\"\"><br \/>\n\t\t\t\t\t\t\t<img decoding=\"async\" width=\"640\" height=\"480\" src=\"https:\/\/autorai.nl\/wp-content\/uploads\/2023\/11\/skoda-superb-vierde-generatie-foto-10-640x480.jpg\" class=\"attachment-medium size-medium\" alt=\"\" loading=\"lazy\"><i class=\"fa fa-search-plus\" aria-hidden=\"true\"><\/i><br \/>\n\t\t\t\t\t\t<\/span><br \/>\n\t\t\t\t\t<\/figure>\n<figure>\n\t\t\t\t\t<span style=\"cursor: pointer\" data-src=\"https:\/\/autorai.nl\/wp-content\/uploads\/2023\/11\/skoda-superb-vierde-generatie-foto-9-1600x1067.jpg\" data-fancybox=\"galery-0\" title=\"\"><br \/>\n\t\t\t\t\t\t\t<img decoding=\"async\" width=\"360\" height=\"270\" src=\"https:\/\/autorai.nl\/wp-content\/uploads\/2023\/11\/skoda-superb-vierde-generatie-foto-9-360x270.jpg\" class=\"attachment-small size-small\" alt=\"Skoda Superb Hatchback 2024\" loading=\"lazy\"><i class=\"fa fa-search-plus\" aria-hidden=\"true\"><\/i><br \/>\n\t\t\t\t\t\t<\/span><br \/>\n\t\t\t\t\t<\/figure>\n<figure>\n\t\t\t\t\t<span style=\"cursor: pointer\" data-src=\"https:\/\/autorai.nl\/wp-content\/uploads\/2023\/11\/skoda-superb-vierde-generatie-foto-7-1600x1068.jpg\" data-fancybox=\"galery-0\" title=\"\"><br \/>\n\t\t\t\t\t\t\t<img decoding=\"async\" width=\"360\" height=\"270\" src=\"https:\/\/autorai.nl\/wp-content\/uploads\/2023\/11\/skoda-superb-vierde-generatie-foto-7-360x270.jpg\" class=\"attachment-small size-small\" alt=\"\" loading=\"lazy\"><i class=\"fa fa-search-plus\" aria-hidden=\"true\"><\/i><br \/>\n\t\t\t\t\t\t<\/span><br \/>\n\t\t\t\t\t<\/figure>\n<figure>\n\t\t\t\t\t<span style=\"cursor: pointer\" data-src=\"https:\/\/autorai.nl\/wp-content\/uploads\/2023\/11\/skoda-superb-vierde-generatie-foto-6-1600x1068.jpg\" data-fancybox=\"galery-0\" title=\"\"><br \/>\n\t\t\t\t\t\t\t<img decoding=\"async\" width=\"640\" height=\"480\" src=\"https:\/\/autorai.nl\/wp-content\/uploads\/2023\/11\/skoda-superb-vierde-generatie-foto-6-640x480.jpg\" class=\"attachment-medium size-medium\" alt=\"Int\u00e9rieur de la Skoda Superb\" loading=\"lazy\"><i class=\"fa fa-search-plus\" aria-hidden=\"true\"><\/i><br \/>\n\t\t\t\t\t\t<\/span><br \/>\n\t\t\t\t\t<\/figure>\n<figure>\n\t\t\t\t\t<span style=\"cursor: pointer\" data-src=\"https:\/\/autorai.nl\/wp-content\/uploads\/2023\/11\/skoda-superb-vierde-generatie-foto-5-1600x900.jpg\" data-fancybox=\"galery-0\" title=\"\"><br \/>\n\t\t\t\t\t\t\t<img decoding=\"async\" width=\"360\" height=\"270\" src=\"https:\/\/autorai.nl\/wp-content\/uploads\/2023\/11\/skoda-superb-vierde-generatie-foto-5-360x270.jpg\" class=\"attachment-small size-small\" alt=\"\" loading=\"lazy\"><i class=\"fa fa-search-plus\" aria-hidden=\"true\"><\/i><br \/>\n\t\t\t\t\t\t<\/span><br \/>\n\t\t\t\t\t<\/figure>\n<figure>\n\t\t\t\t\t<span style=\"cursor: pointer\" data-src=\"https:\/\/autorai.nl\/wp-content\/uploads\/2023\/11\/skoda-superb-vierde-generatie-foto-4-1600x900.jpg\" data-fancybox=\"galery-0\" title=\"\"><br \/>\n\t\t\t\t\t\t\t<img decoding=\"async\" width=\"360\" height=\"270\" src=\"https:\/\/autorai.nl\/wp-content\/uploads\/2023\/11\/skoda-superb-vierde-generatie-foto-4-360x270.jpg\" class=\"attachment-small size-small\" alt=\"\" loading=\"lazy\"><i class=\"fa fa-search-plus\" aria-hidden=\"true\"><\/i><br \/>\n\t\t\t\t\t\t<\/span><br \/>\n\t\t\t\t\t<\/figure>\n<figure>\n\t\t\t\t\t<span style=\"cursor: pointer\" data-src=\"https:\/\/autorai.nl\/wp-content\/uploads\/2023\/11\/skoda-superb-vierde-generatie-foto-3-1600x900.jpg\" data-fancybox=\"galery-0\" title=\"\"><br \/>\n\t\t\t\t\t\t\t<img decoding=\"async\" width=\"640\" height=\"480\" src=\"https:\/\/autorai.nl\/wp-content\/uploads\/2023\/11\/skoda-superb-vierde-generatie-foto-3-640x480.jpg\" class=\"attachment-medium size-medium\" alt=\"\" loading=\"lazy\"><i class=\"fa fa-search-plus\" aria-hidden=\"true\"><\/i><br \/>\n\t\t\t\t\t\t<\/span><br \/>\n\t\t\t\t\t<\/figure>\n<figure>\n\t\t\t\t\t<span style=\"cursor: pointer\" data-src=\"https:\/\/autorai.nl\/wp-content\/uploads\/2023\/11\/skoda-superb-vierde-generatie-foto-2-1600x900.jpg\" data-fancybox=\"galery-0\" title=\"\"><br \/>\n\t\t\t\t\t\t\t<img decoding=\"async\" width=\"360\" height=\"270\" src=\"https:\/\/autorai.nl\/wp-content\/uploads\/2023\/11\/skoda-superb-vierde-generatie-foto-2-360x270.jpg\" class=\"attachment-small size-small\" alt=\"\" loading=\"lazy\"><i class=\"fa fa-search-plus\" aria-hidden=\"true\"><\/i><br \/>\n\t\t\t\t\t\t<\/span><br \/>\n\t\t\t\t\t<\/figure>\n<figure>\n\t\t\t\t\t<span style=\"cursor: pointer\" data-src=\"https:\/\/autorai.nl\/wp-content\/uploads\/2023\/11\/skoda-superb-vierde-generatie-foto-1-1600x900.jpg\" data-fancybox=\"galery-0\" title=\"\"><br \/>\n\t\t\t\t\t\t\t<img decoding=\"async\" width=\"360\" height=\"270\" src=\"https:\/\/autorai.nl\/wp-content\/uploads\/2023\/11\/skoda-superb-vierde-generatie-foto-1-360x270.jpg\" class=\"attachment-small size-small\" alt=\"\" loading=\"lazy\"><i class=\"fa fa-search-plus\" aria-hidden=\"true\"><\/i><br \/>\n\t\t\t\t\t\t<\/span><br \/>\n\t\t\t\t\t<\/figure>\n<div class=\"clear\"><\/div>\n<\/div>\n","protected":false},"excerpt":{"rendered":"Dimensions de la Skoda Superb La quatri\u00e8me g\u00e9n\u00e9ration de la Skoda Superb est l\u00e9g\u00e8rement plus longue que la g\u00e9n\u00e9ration III.\u2026","protected":false},"author":0,"featured_media":140268,"comment_status":"","ping_status":"open","sticky":false,"template":"","format":"standard","meta":{"footnotes":""},"categories":[127],"tags":[],"class_list":["post-140292","post","type-post","status-publish","format-standard","has-post-thumbnail","hentry","category-nouvelles-de-voiture"],"acf":[],"yoast_head":"<!-- This site is optimized with the Yoast SEO plugin v21.2 - https:\/\/yoast.com\/wordpress\/plugins\/seo\/ -->\n<title>La quatri\u00e8me g\u00e9n\u00e9ration de la Skoda Superb : toujours hybride, encore plus grande et plus intelligente - All cars news<\/title>\n<meta name=\"robots\" content=\"index, follow, max-snippet:-1, max-image-preview:large, max-video-preview:-1\" \/>\n<link rel=\"canonical\" href=\"https:\/\/all-car-news.com\/fr\/la-quatrieme-generation-de-la-skoda-superb-toujours-hybride-encore-plus-grande-et-plus-intelligente\/\" \/>\n<meta property=\"og:locale\" content=\"fr_FR\" \/>\n<meta property=\"og:type\" content=\"article\" \/>\n<meta property=\"og:title\" content=\"La quatri\u00e8me g\u00e9n\u00e9ration de la Skoda Superb : toujours hybride, encore plus grande et plus intelligente - All cars news\" \/>\n<meta property=\"og:description\" content=\"Dimensions de la Skoda Superb La quatri\u00e8me g\u00e9n\u00e9ration de la Skoda Superb est l\u00e9g\u00e8rement plus longue que la g\u00e9n\u00e9ration III. La Hatchback mesure d\u00e9sormais 4,91 m\u00e8tres (+4,0 cm) et le Combi 4,90 m\u00e8tres (+4,3 cm). La largeur est de 1,85 m\u00e8tre (-1,5 cm). La Hatchback et le Combi mesurent tous deux 1,48 m\u00e8tre de haut et l&#039;empattement est g\u00e9n\u00e9reux (2,84 m\u00e8tres). Gr\u00e2ce \u00e0 [...]\" \/>\n<meta property=\"og:url\" content=\"https:\/\/all-car-news.com\/fr\/la-quatrieme-generation-de-la-skoda-superb-toujours-hybride-encore-plus-grande-et-plus-intelligente\/\" \/>\n<meta property=\"og:site_name\" content=\"All cars news\" \/>\n<meta property=\"article:published_time\" content=\"2023-11-03T08:18:36+00:00\" \/>\n<meta property=\"og:image\" content=\"https:\/\/autorai.nl\/wp-content\/uploads\/2023\/11\/skoda-superb-vierde-generatie-foto-23-1140x761.jpg\" \/>\n<meta name=\"twitter:card\" content=\"summary_large_image\" \/>\n<meta name=\"twitter:label1\" content=\"Dur\u00e9e de lecture estim\u00e9e\" \/>\n\t<meta name=\"twitter:data1\" content=\"7 minutes\" \/>\n<script type=\"application\/ld+json\" class=\"yoast-schema-graph\">{\"@context\":\"https:\/\/schema.org\",\"@graph\":[{\"@type\":\"Article\",\"@id\":\"https:\/\/all-car-news.com\/fr\/la-quatrieme-generation-de-la-skoda-superb-toujours-hybride-encore-plus-grande-et-plus-intelligente\/#article\",\"isPartOf\":{\"@id\":\"https:\/\/all-car-news.com\/fr\/la-quatrieme-generation-de-la-skoda-superb-toujours-hybride-encore-plus-grande-et-plus-intelligente\/\"},\"author\":{\"name\":\"\",\"@id\":\"\"},\"headline\":\"La quatri\u00e8me g\u00e9n\u00e9ration de la Skoda Superb : toujours hybride, encore plus grande et plus intelligente\",\"datePublished\":\"2023-11-03T08:18:36+00:00\",\"dateModified\":\"2023-11-03T08:18:36+00:00\",\"mainEntityOfPage\":{\"@id\":\"https:\/\/all-car-news.com\/fr\/la-quatrieme-generation-de-la-skoda-superb-toujours-hybride-encore-plus-grande-et-plus-intelligente\/\"},\"wordCount\":1357,\"publisher\":{\"@id\":\"https:\/\/all-car-news.com\/fr\/#organization\"},\"articleSection\":[\"nouvelles de voiture\"],\"inLanguage\":\"fr-FR\"},{\"@type\":\"WebPage\",\"@id\":\"https:\/\/all-car-news.com\/fr\/la-quatrieme-generation-de-la-skoda-superb-toujours-hybride-encore-plus-grande-et-plus-intelligente\/\",\"url\":\"https:\/\/all-car-news.com\/fr\/la-quatrieme-generation-de-la-skoda-superb-toujours-hybride-encore-plus-grande-et-plus-intelligente\/\",\"name\":\"La quatri\u00e8me g\u00e9n\u00e9ration de la Skoda Superb : toujours hybride, encore plus grande et plus intelligente - All cars news\",\"isPartOf\":{\"@id\":\"https:\/\/all-car-news.com\/fr\/#website\"},\"datePublished\":\"2023-11-03T08:18:36+00:00\",\"dateModified\":\"2023-11-03T08:18:36+00:00\",\"breadcrumb\":{\"@id\":\"https:\/\/all-car-news.com\/fr\/la-quatrieme-generation-de-la-skoda-superb-toujours-hybride-encore-plus-grande-et-plus-intelligente\/#breadcrumb\"},\"inLanguage\":\"fr-FR\",\"potentialAction\":[{\"@type\":\"ReadAction\",\"target\":[\"https:\/\/all-car-news.com\/fr\/la-quatrieme-generation-de-la-skoda-superb-toujours-hybride-encore-plus-grande-et-plus-intelligente\/\"]}]},{\"@type\":\"BreadcrumbList\",\"@id\":\"https:\/\/all-car-news.com\/fr\/la-quatrieme-generation-de-la-skoda-superb-toujours-hybride-encore-plus-grande-et-plus-intelligente\/#breadcrumb\",\"itemListElement\":[{\"@type\":\"ListItem\",\"position\":1,\"name\":\"Home\",\"item\":\"https:\/\/all-car-news.com\/fr\/\"},{\"@type\":\"ListItem\",\"position\":2,\"name\":\"La quatri\u00e8me g\u00e9n\u00e9ration de la Skoda Superb : toujours hybride, encore plus grande et plus intelligente\"}]},{\"@type\":\"WebSite\",\"@id\":\"https:\/\/all-car-news.com\/fr\/#website\",\"url\":\"https:\/\/all-car-news.com\/fr\/\",\"name\":\"All cars news\",\"description\":\"\",\"publisher\":{\"@id\":\"https:\/\/all-car-news.com\/fr\/#organization\"},\"potentialAction\":[{\"@type\":\"SearchAction\",\"target\":{\"@type\":\"EntryPoint\",\"urlTemplate\":\"https:\/\/all-car-news.com\/fr\/?s={search_term_string}\"},\"query-input\":\"required name=search_term_string\"}],\"inLanguage\":\"fr-FR\"},{\"@type\":\"Organization\",\"@id\":\"https:\/\/all-car-news.com\/fr\/#organization\",\"name\":\"All cars news\",\"url\":\"https:\/\/all-car-news.com\/fr\/\",\"logo\":{\"@type\":\"ImageObject\",\"inLanguage\":\"fr-FR\",\"@id\":\"https:\/\/all-car-news.com\/fr\/#\/schema\/logo\/image\/\",\"url\":\"https:\/\/all-car-news.com\/wp-content\/uploads\/2022\/02\/CMYK-AllCarNews_LANDSCAPE_300px-1.png\",\"contentUrl\":\"https:\/\/all-car-news.com\/wp-content\/uploads\/2022\/02\/CMYK-AllCarNews_LANDSCAPE_300px-1.png\",\"width\":300,\"height\":100,\"caption\":\"All cars news\"},\"image\":{\"@id\":\"https:\/\/all-car-news.com\/fr\/#\/schema\/logo\/image\/\"}}]}<\/script>\n<!-- \/ Yoast SEO plugin. -->","yoast_head_json":{"title":"La quatri\u00e8me g\u00e9n\u00e9ration de la Skoda Superb : toujours hybride, encore plus grande et plus intelligente - All cars news","robots":{"index":"index","follow":"follow","max-snippet":"max-snippet:-1","max-image-preview":"max-image-preview:large","max-video-preview":"max-video-preview:-1"},"canonical":"https:\/\/all-car-news.com\/fr\/la-quatrieme-generation-de-la-skoda-superb-toujours-hybride-encore-plus-grande-et-plus-intelligente\/","og_locale":"fr_FR","og_type":"article","og_title":"La quatri\u00e8me g\u00e9n\u00e9ration de la Skoda Superb : toujours hybride, encore plus grande et plus intelligente - All cars news","og_description":"Dimensions de la Skoda Superb La quatri\u00e8me g\u00e9n\u00e9ration de la Skoda Superb est l\u00e9g\u00e8rement plus longue que la g\u00e9n\u00e9ration III. La Hatchback mesure d\u00e9sormais 4,91 m\u00e8tres (+4,0 cm) et le Combi 4,90 m\u00e8tres (+4,3 cm). La largeur est de 1,85 m\u00e8tre (-1,5 cm). La Hatchback et le Combi mesurent tous deux 1,48 m\u00e8tre de haut et l'empattement est g\u00e9n\u00e9reux (2,84 m\u00e8tres). Gr\u00e2ce \u00e0 [...]","og_url":"https:\/\/all-car-news.com\/fr\/la-quatrieme-generation-de-la-skoda-superb-toujours-hybride-encore-plus-grande-et-plus-intelligente\/","og_site_name":"All cars news","article_published_time":"2023-11-03T08:18:36+00:00","og_image":[{"url":"https:\/\/autorai.nl\/wp-content\/uploads\/2023\/11\/skoda-superb-vierde-generatie-foto-23-1140x761.jpg"}],"twitter_card":"summary_large_image","twitter_misc":{"Dur\u00e9e de lecture estim\u00e9e":"7 minutes"},"schema":{"@context":"https:\/\/schema.org","@graph":[{"@type":"Article","@id":"https:\/\/all-car-news.com\/fr\/la-quatrieme-generation-de-la-skoda-superb-toujours-hybride-encore-plus-grande-et-plus-intelligente\/#article","isPartOf":{"@id":"https:\/\/all-car-news.com\/fr\/la-quatrieme-generation-de-la-skoda-superb-toujours-hybride-encore-plus-grande-et-plus-intelligente\/"},"author":{"name":"","@id":""},"headline":"La quatri\u00e8me g\u00e9n\u00e9ration de la Skoda Superb : toujours hybride, encore plus grande et plus intelligente","datePublished":"2023-11-03T08:18:36+00:00","dateModified":"2023-11-03T08:18:36+00:00","mainEntityOfPage":{"@id":"https:\/\/all-car-news.com\/fr\/la-quatrieme-generation-de-la-skoda-superb-toujours-hybride-encore-plus-grande-et-plus-intelligente\/"},"wordCount":1357,"publisher":{"@id":"https:\/\/all-car-news.com\/fr\/#organization"},"articleSection":["nouvelles de voiture"],"inLanguage":"fr-FR"},{"@type":"WebPage","@id":"https:\/\/all-car-news.com\/fr\/la-quatrieme-generation-de-la-skoda-superb-toujours-hybride-encore-plus-grande-et-plus-intelligente\/","url":"https:\/\/all-car-news.com\/fr\/la-quatrieme-generation-de-la-skoda-superb-toujours-hybride-encore-plus-grande-et-plus-intelligente\/","name":"La quatri\u00e8me g\u00e9n\u00e9ration de la Skoda Superb : toujours hybride, encore plus grande et plus intelligente - All cars news","isPartOf":{"@id":"https:\/\/all-car-news.com\/fr\/#website"},"datePublished":"2023-11-03T08:18:36+00:00","dateModified":"2023-11-03T08:18:36+00:00","breadcrumb":{"@id":"https:\/\/all-car-news.com\/fr\/la-quatrieme-generation-de-la-skoda-superb-toujours-hybride-encore-plus-grande-et-plus-intelligente\/#breadcrumb"},"inLanguage":"fr-FR","potentialAction":[{"@type":"ReadAction","target":["https:\/\/all-car-news.com\/fr\/la-quatrieme-generation-de-la-skoda-superb-toujours-hybride-encore-plus-grande-et-plus-intelligente\/"]}]},{"@type":"BreadcrumbList","@id":"https:\/\/all-car-news.com\/fr\/la-quatrieme-generation-de-la-skoda-superb-toujours-hybride-encore-plus-grande-et-plus-intelligente\/#breadcrumb","itemListElement":[{"@type":"ListItem","position":1,"name":"Home","item":"https:\/\/all-car-news.com\/fr\/"},{"@type":"ListItem","position":2,"name":"La quatri\u00e8me g\u00e9n\u00e9ration de la Skoda Superb : toujours hybride, encore plus grande et plus intelligente"}]},{"@type":"WebSite","@id":"https:\/\/all-car-news.com\/fr\/#website","url":"https:\/\/all-car-news.com\/fr\/","name":"All cars news","description":"","publisher":{"@id":"https:\/\/all-car-news.com\/fr\/#organization"},"potentialAction":[{"@type":"SearchAction","target":{"@type":"EntryPoint","urlTemplate":"https:\/\/all-car-news.com\/fr\/?s={search_term_string}"},"query-input":"required name=search_term_string"}],"inLanguage":"fr-FR"},{"@type":"Organization","@id":"https:\/\/all-car-news.com\/fr\/#organization","name":"All cars news","url":"https:\/\/all-car-news.com\/fr\/","logo":{"@type":"ImageObject","inLanguage":"fr-FR","@id":"https:\/\/all-car-news.com\/fr\/#\/schema\/logo\/image\/","url":"https:\/\/all-car-news.com\/wp-content\/uploads\/2022\/02\/CMYK-AllCarNews_LANDSCAPE_300px-1.png","contentUrl":"https:\/\/all-car-news.com\/wp-content\/uploads\/2022\/02\/CMYK-AllCarNews_LANDSCAPE_300px-1.png","width":300,"height":100,"caption":"All cars news"},"image":{"@id":"https:\/\/all-car-news.com\/fr\/#\/schema\/logo\/image\/"}}]}},"_links":{"self":[{"href":"https:\/\/all-car-news.com\/fr\/wp-json\/wp\/v2\/posts\/140292","targetHints":{"allow":["GET"]}}],"collection":[{"href":"https:\/\/all-car-news.com\/fr\/wp-json\/wp\/v2\/posts"}],"about":[{"href":"https:\/\/all-car-news.com\/fr\/wp-json\/wp\/v2\/types\/post"}],"replies":[{"embeddable":true,"href":"https:\/\/all-car-news.com\/fr\/wp-json\/wp\/v2\/comments?post=140292"}],"version-history":[{"count":0,"href":"https:\/\/all-car-news.com\/fr\/wp-json\/wp\/v2\/posts\/140292\/revisions"}],"wp:featuredmedia":[{"embeddable":true,"href":"https:\/\/all-car-news.com\/fr\/wp-json\/wp\/v2\/media\/140268"}],"wp:attachment":[{"href":"https:\/\/all-car-news.com\/fr\/wp-json\/wp\/v2\/media?parent=140292"}],"wp:term":[{"taxonomy":"category","embeddable":true,"href":"https:\/\/all-car-news.com\/fr\/wp-json\/wp\/v2\/categories?post=140292"},{"taxonomy":"post_tag","embeddable":true,"href":"https:\/\/all-car-news.com\/fr\/wp-json\/wp\/v2\/tags?post=140292"}],"curies":[{"name":"wp","href":"https:\/\/api.w.org\/{rel}","templated":true}]}}