{"id":140287,"date":"2023-11-02T14:59:16","date_gmt":"2023-11-02T14:59:16","guid":{"rendered":"https:\/\/all-car-news.com\/la-bmw-i7-m70-xdrive-est-super-puissante\/"},"modified":"2023-11-02T14:59:16","modified_gmt":"2023-11-02T14:59:16","slug":"la-bmw-i7-m70-xdrive-est-super-puissante","status":"publish","type":"post","link":"https:\/\/all-car-news.com\/fr\/la-bmw-i7-m70-xdrive-est-super-puissante\/","title":{"rendered":"La BMW i7 M70 xDrive est super puissante"},"content":{"rendered":"<h2>Puissance maximale du syst\u00e8me<\/h2>\n<p>La BMW i7 M70 xDrive offre la puissance syst\u00e8me la plus \u00e9lev\u00e9e jamais atteinte par un v\u00e9hicule tout \u00e9lectrique de BMW Group et marque une nouvelle \u00e9tape pour BMW M GmbH dans sa transformation de la mobilit\u00e9 \u00e9lectrique. Apr\u00e8s le lancement de la BMW i4 M50 &#8211; le mod\u00e8le BMW M GmbH le plus vendu au monde en 2022 &#8211; et de la BMW iX M60, il s&rsquo;agit maintenant du troisi\u00e8me mod\u00e8le haute performance de la soci\u00e9t\u00e9 dot\u00e9 d&rsquo;un groupe motopropulseur enti\u00e8rement \u00e9lectrique.  <\/p>\n<h2>660 ch et 1 100 Nm !<\/h2>\n<p>La BMW i7 M70 xDrive est propuls\u00e9e par deux moteurs \u00e9lectriques, chacun sur son propre essieu, d\u00e9livrant une puissance maximale de 485 kW (660 ch) et acc\u00e9l\u00e9rant de 100 km\/h en seulement 3,7 secondes. Les \u00e9l\u00e9ments de design sp\u00e9cifiques \u00e0 M sur les flancs et \u00e0 l&rsquo;arri\u00e8re de la BMW i7 M70 xDrive mettent clairement en \u00e9vidence le caract\u00e8re performant de la variante du mod\u00e8le sup\u00e9rieur. Le couple du syst\u00e8me du mod\u00e8le s&rsquo;\u00e9l\u00e8ve \u00e0 1 100 Nm. La voiture n&rsquo;est pas bon march\u00e9, puisqu&rsquo;aux Pays-Bas, le mod\u00e8le co\u00fbte au minimum 191 875 euros.<\/p>\n<h2>Cuisini\u00e8re \u00e9lectrique<\/h2>\n<p>L&rsquo;autonomie \u00e9lectrique de la BMW i7 M70 xDrive est comprise entre 538 et 559 kilom\u00e8tres, selon l&rsquo;\u00e9quipement. La batterie a une capacit\u00e9 brute de 105,7 kWh, dont 101,7 kWh nets. La charge peut \u00eatre effectu\u00e9e sur un chargeur rapide d&rsquo;une puissance de 195 kW. Le chargement de 10 \u00e0 80 % prend alors 34 minutes.<\/p>\n<div class=\"galery shuffle galery-0\">\n<figure>\n\t\t\t\t\t<span style=\"cursor: pointer\" data-src=\"https:\/\/autorai.nl\/wp-content\/uploads\/2023\/11\/BMW-i7-M70-xDrive-foto-15-1600x1067.jpg\" data-fancybox=\"galery-0\" title=\"\"><br \/>\n\t\t\t\t\t\t\t<img decoding=\"async\" width=\"640\" height=\"480\" src=\"https:\/\/autorai.nl\/wp-content\/uploads\/2023\/11\/BMW-i7-M70-xDrive-foto-15-640x480.jpg\" class=\"attachment-medium size-medium\" alt=\"\" loading=\"lazy\"><i class=\"fa fa-search-plus\" aria-hidden=\"true\"><\/i><br \/>\n\t\t\t\t\t\t<\/span><br \/>\n\t\t\t\t\t<\/figure>\n<figure>\n\t\t\t\t\t<span style=\"cursor: pointer\" data-src=\"https:\/\/autorai.nl\/wp-content\/uploads\/2023\/11\/BMW-i7-M70-xDrive-foto-14-1600x1067.jpg\" data-fancybox=\"galery-0\" title=\"\"><br \/>\n\t\t\t\t\t\t\t<img decoding=\"async\" width=\"360\" height=\"270\" src=\"https:\/\/autorai.nl\/wp-content\/uploads\/2023\/11\/BMW-i7-M70-xDrive-foto-14-360x270.jpg\" class=\"attachment-small size-small\" alt=\"BMW i7 M70 xDrive\" loading=\"lazy\"><i class=\"fa fa-search-plus\" aria-hidden=\"true\"><\/i><br \/>\n\t\t\t\t\t\t<\/span><br \/>\n\t\t\t\t\t<\/figure>\n<figure>\n\t\t\t\t\t<span style=\"cursor: pointer\" data-src=\"https:\/\/autorai.nl\/wp-content\/uploads\/2023\/11\/BMW-i7-M70-xDrive-foto-13-1600x1067.jpg\" data-fancybox=\"galery-0\" title=\"\"><br \/>\n\t\t\t\t\t\t\t<img decoding=\"async\" width=\"360\" height=\"270\" src=\"https:\/\/autorai.nl\/wp-content\/uploads\/2023\/11\/BMW-i7-M70-xDrive-foto-13-360x270.jpg\" class=\"attachment-small size-small\" alt=\"\" loading=\"lazy\"><i class=\"fa fa-search-plus\" aria-hidden=\"true\"><\/i><br \/>\n\t\t\t\t\t\t<\/span><br \/>\n\t\t\t\t\t<\/figure>\n<figure>\n\t\t\t\t\t<span style=\"cursor: pointer\" data-src=\"https:\/\/autorai.nl\/wp-content\/uploads\/2023\/11\/BMW-i7-M70-xDrive-foto-12-1600x1067.jpg\" data-fancybox=\"galery-0\" title=\"\"><br \/>\n\t\t\t\t\t\t\t<img decoding=\"async\" width=\"640\" height=\"480\" src=\"https:\/\/autorai.nl\/wp-content\/uploads\/2023\/11\/BMW-i7-M70-xDrive-foto-12-640x480.jpg\" class=\"attachment-medium size-medium\" alt=\"\" loading=\"lazy\"><i class=\"fa fa-search-plus\" aria-hidden=\"true\"><\/i><br \/>\n\t\t\t\t\t\t<\/span><br \/>\n\t\t\t\t\t<\/figure>\n<figure>\n\t\t\t\t\t<span style=\"cursor: pointer\" data-src=\"https:\/\/autorai.nl\/wp-content\/uploads\/2023\/11\/BMW-i7-M70-xDrive-foto-11-1600x1067.jpg\" data-fancybox=\"galery-0\" title=\"\"><br \/>\n\t\t\t\t\t\t\t<img decoding=\"async\" width=\"360\" height=\"270\" src=\"https:\/\/autorai.nl\/wp-content\/uploads\/2023\/11\/BMW-i7-M70-xDrive-foto-11-360x270.jpg\" class=\"attachment-small size-small\" alt=\"\" loading=\"lazy\"><i class=\"fa fa-search-plus\" aria-hidden=\"true\"><\/i><br \/>\n\t\t\t\t\t\t<\/span><br \/>\n\t\t\t\t\t<\/figure>\n<figure>\n\t\t\t\t\t<span style=\"cursor: pointer\" data-src=\"https:\/\/autorai.nl\/wp-content\/uploads\/2023\/11\/BMW-i7-M70-xDrive-foto-10-1600x1067.jpg\" data-fancybox=\"galery-0\" title=\"\"><br \/>\n\t\t\t\t\t\t\t<img decoding=\"async\" width=\"360\" height=\"270\" src=\"https:\/\/autorai.nl\/wp-content\/uploads\/2023\/11\/BMW-i7-M70-xDrive-foto-10-360x270.jpg\" class=\"attachment-small size-small\" alt=\"\" loading=\"lazy\"><i class=\"fa fa-search-plus\" aria-hidden=\"true\"><\/i><br \/>\n\t\t\t\t\t\t<\/span><br \/>\n\t\t\t\t\t<\/figure>\n<figure>\n\t\t\t\t\t<span style=\"cursor: pointer\" data-src=\"https:\/\/autorai.nl\/wp-content\/uploads\/2023\/11\/BMW-i7-M70-xDrive-foto-9-1600x1067.jpg\" data-fancybox=\"galery-0\" title=\"\"><br \/>\n\t\t\t\t\t\t\t<img decoding=\"async\" width=\"640\" height=\"480\" src=\"https:\/\/autorai.nl\/wp-content\/uploads\/2023\/11\/BMW-i7-M70-xDrive-foto-9-640x480.jpg\" class=\"attachment-medium size-medium\" alt=\"\" loading=\"lazy\"><i class=\"fa fa-search-plus\" aria-hidden=\"true\"><\/i><br \/>\n\t\t\t\t\t\t<\/span><br \/>\n\t\t\t\t\t<\/figure>\n<figure>\n\t\t\t\t\t<span style=\"cursor: pointer\" data-src=\"https:\/\/autorai.nl\/wp-content\/uploads\/2023\/11\/BMW-i7-M70-xDrive-foto-8-1600x1067.jpg\" data-fancybox=\"galery-0\" title=\"\"><br \/>\n\t\t\t\t\t\t\t<img decoding=\"async\" width=\"360\" height=\"270\" src=\"https:\/\/autorai.nl\/wp-content\/uploads\/2023\/11\/BMW-i7-M70-xDrive-foto-8-360x270.jpg\" class=\"attachment-small size-small\" alt=\"\" loading=\"lazy\"><i class=\"fa fa-search-plus\" aria-hidden=\"true\"><\/i><br \/>\n\t\t\t\t\t\t<\/span><br \/>\n\t\t\t\t\t<\/figure>\n<figure>\n\t\t\t\t\t<span style=\"cursor: pointer\" data-src=\"https:\/\/autorai.nl\/wp-content\/uploads\/2023\/11\/BMW-i7-M70-xDrive-foto-7-1600x1067.jpg\" data-fancybox=\"galery-0\" title=\"\"><br \/>\n\t\t\t\t\t\t\t<img decoding=\"async\" width=\"360\" height=\"270\" src=\"https:\/\/autorai.nl\/wp-content\/uploads\/2023\/11\/BMW-i7-M70-xDrive-foto-7-360x270.jpg\" class=\"attachment-small size-small\" alt=\"\" loading=\"lazy\"><i class=\"fa fa-search-plus\" aria-hidden=\"true\"><\/i><br \/>\n\t\t\t\t\t\t<\/span><br \/>\n\t\t\t\t\t<\/figure>\n<figure>\n\t\t\t\t\t<span style=\"cursor: pointer\" data-src=\"https:\/\/autorai.nl\/wp-content\/uploads\/2023\/11\/BMW-i7-M70-xDrive-foto-6-1600x1067.jpg\" data-fancybox=\"galery-0\" title=\"\"><br \/>\n\t\t\t\t\t\t\t<img decoding=\"async\" width=\"640\" height=\"480\" src=\"https:\/\/autorai.nl\/wp-content\/uploads\/2023\/11\/BMW-i7-M70-xDrive-foto-6-640x480.jpg\" class=\"attachment-medium size-medium\" alt=\"\" loading=\"lazy\"><i class=\"fa fa-search-plus\" aria-hidden=\"true\"><\/i><br \/>\n\t\t\t\t\t\t<\/span><br \/>\n\t\t\t\t\t<\/figure>\n<figure>\n\t\t\t\t\t<span style=\"cursor: pointer\" data-src=\"https:\/\/autorai.nl\/wp-content\/uploads\/2023\/11\/BMW-i7-M70-xDrive-foto-5-1600x1067.jpg\" data-fancybox=\"galery-0\" title=\"\"><br \/>\n\t\t\t\t\t\t\t<img decoding=\"async\" width=\"360\" height=\"270\" src=\"https:\/\/autorai.nl\/wp-content\/uploads\/2023\/11\/BMW-i7-M70-xDrive-foto-5-360x270.jpg\" class=\"attachment-small size-small\" alt=\"\" loading=\"lazy\"><i class=\"fa fa-search-plus\" aria-hidden=\"true\"><\/i><br \/>\n\t\t\t\t\t\t<\/span><br \/>\n\t\t\t\t\t<\/figure>\n<figure>\n\t\t\t\t\t<span style=\"cursor: pointer\" data-src=\"https:\/\/autorai.nl\/wp-content\/uploads\/2023\/11\/BMW-i7-M70-xDrive-foto-4-1600x1067.jpg\" data-fancybox=\"galery-0\" title=\"\"><br \/>\n\t\t\t\t\t\t\t<img decoding=\"async\" width=\"360\" height=\"270\" src=\"https:\/\/autorai.nl\/wp-content\/uploads\/2023\/11\/BMW-i7-M70-xDrive-foto-4-360x270.jpg\" class=\"attachment-small size-small\" alt=\"\" loading=\"lazy\"><i class=\"fa fa-search-plus\" aria-hidden=\"true\"><\/i><br \/>\n\t\t\t\t\t\t<\/span><br \/>\n\t\t\t\t\t<\/figure>\n<figure>\n\t\t\t\t\t<span style=\"cursor: pointer\" data-src=\"https:\/\/autorai.nl\/wp-content\/uploads\/2023\/11\/BMW-i7-M70-xDrive-foto-3-1600x1067.jpg\" data-fancybox=\"galery-0\" title=\"\"><br \/>\n\t\t\t\t\t\t\t<img decoding=\"async\" width=\"640\" height=\"480\" src=\"https:\/\/autorai.nl\/wp-content\/uploads\/2023\/11\/BMW-i7-M70-xDrive-foto-3-640x480.jpg\" class=\"attachment-medium size-medium\" alt=\"\" loading=\"lazy\"><i class=\"fa fa-search-plus\" aria-hidden=\"true\"><\/i><br \/>\n\t\t\t\t\t\t<\/span><br \/>\n\t\t\t\t\t<\/figure>\n<figure>\n\t\t\t\t\t<span style=\"cursor: pointer\" data-src=\"https:\/\/autorai.nl\/wp-content\/uploads\/2023\/11\/BMW-i7-M70-xDrive-foto-2-1600x1067.jpg\" data-fancybox=\"galery-0\" title=\"\"><br \/>\n\t\t\t\t\t\t\t<img decoding=\"async\" width=\"360\" height=\"270\" src=\"https:\/\/autorai.nl\/wp-content\/uploads\/2023\/11\/BMW-i7-M70-xDrive-foto-2-360x270.jpg\" class=\"attachment-small size-small\" alt=\"\" loading=\"lazy\"><i class=\"fa fa-search-plus\" aria-hidden=\"true\"><\/i><br \/>\n\t\t\t\t\t\t<\/span><br \/>\n\t\t\t\t\t<\/figure>\n<figure>\n\t\t\t\t\t<span style=\"cursor: pointer\" data-src=\"https:\/\/autorai.nl\/wp-content\/uploads\/2023\/11\/BMW-i7-M70-xDrive-foto-1-1600x1067.jpg\" data-fancybox=\"galery-0\" title=\"\"><br \/>\n\t\t\t\t\t\t\t<img decoding=\"async\" width=\"360\" height=\"270\" src=\"https:\/\/autorai.nl\/wp-content\/uploads\/2023\/11\/BMW-i7-M70-xDrive-foto-1-360x270.jpg\" class=\"attachment-small size-small\" alt=\"\" loading=\"lazy\"><i class=\"fa fa-search-plus\" aria-hidden=\"true\"><\/i><br \/>\n\t\t\t\t\t\t<\/span><br \/>\n\t\t\t\t\t<\/figure>\n<div class=\"clear\"><\/div>\n<\/div>\n","protected":false},"excerpt":{"rendered":"La puissance syst\u00e8me la plus \u00e9lev\u00e9e La BMW i7 M70 xDrive offre la puissance syst\u00e8me la plus \u00e9lev\u00e9e jamais atteinte\u2026","protected":false},"author":0,"featured_media":140280,"comment_status":"","ping_status":"open","sticky":false,"template":"","format":"standard","meta":{"footnotes":""},"categories":[127],"tags":[],"class_list":["post-140287","post","type-post","status-publish","format-standard","has-post-thumbnail","hentry","category-nouvelles-de-voiture"],"acf":[],"yoast_head":"<!-- This site is optimized with the Yoast SEO plugin v21.2 - https:\/\/yoast.com\/wordpress\/plugins\/seo\/ -->\n<title>La BMW i7 M70 xDrive est super puissante - All cars news<\/title>\n<meta name=\"robots\" content=\"index, follow, max-snippet:-1, max-image-preview:large, max-video-preview:-1\" \/>\n<link rel=\"canonical\" href=\"https:\/\/all-car-news.com\/fr\/la-bmw-i7-m70-xdrive-est-super-puissante\/\" \/>\n<meta property=\"og:locale\" content=\"fr_FR\" \/>\n<meta property=\"og:type\" content=\"article\" \/>\n<meta property=\"og:title\" content=\"La BMW i7 M70 xDrive est super puissante - All cars news\" \/>\n<meta property=\"og:description\" content=\"La puissance syst\u00e8me la plus \u00e9lev\u00e9e La BMW i7 M70 xDrive offre la puissance syst\u00e8me la plus \u00e9lev\u00e9e jamais atteinte par un v\u00e9hicule tout \u00e9lectrique de BMW Group et marque une nouvelle \u00e9tape pour BMW M GmbH dans sa transformation de la mobilit\u00e9 \u00e9lectrique. Apr\u00e8s le lancement de la BMW i4 M50 - le mod\u00e8le BMW M GmbH le plus vendu au monde en 2022 - et la [...]\" \/>\n<meta property=\"og:url\" content=\"https:\/\/all-car-news.com\/fr\/la-bmw-i7-m70-xdrive-est-super-puissante\/\" \/>\n<meta property=\"og:site_name\" content=\"All cars news\" \/>\n<meta property=\"article:published_time\" content=\"2023-11-02T14:59:16+00:00\" \/>\n<meta property=\"og:image\" content=\"https:\/\/autorai.nl\/wp-content\/uploads\/2023\/11\/BMW-i7-M70-xDrive-foto-15-640x480.jpg\" \/>\n<meta name=\"twitter:card\" content=\"summary_large_image\" \/>\n<meta name=\"twitter:label1\" content=\"Dur\u00e9e de lecture estim\u00e9e\" \/>\n\t<meta name=\"twitter:data1\" content=\"1 minute\" \/>\n<script type=\"application\/ld+json\" class=\"yoast-schema-graph\">{\"@context\":\"https:\/\/schema.org\",\"@graph\":[{\"@type\":\"Article\",\"@id\":\"https:\/\/all-car-news.com\/fr\/la-bmw-i7-m70-xdrive-est-super-puissante\/#article\",\"isPartOf\":{\"@id\":\"https:\/\/all-car-news.com\/fr\/la-bmw-i7-m70-xdrive-est-super-puissante\/\"},\"author\":{\"name\":\"\",\"@id\":\"\"},\"headline\":\"La BMW i7 M70 xDrive est super puissante\",\"datePublished\":\"2023-11-02T14:59:16+00:00\",\"dateModified\":\"2023-11-02T14:59:16+00:00\",\"mainEntityOfPage\":{\"@id\":\"https:\/\/all-car-news.com\/fr\/la-bmw-i7-m70-xdrive-est-super-puissante\/\"},\"wordCount\":257,\"publisher\":{\"@id\":\"https:\/\/all-car-news.com\/fr\/#organization\"},\"articleSection\":[\"nouvelles de voiture\"],\"inLanguage\":\"fr-FR\"},{\"@type\":\"WebPage\",\"@id\":\"https:\/\/all-car-news.com\/fr\/la-bmw-i7-m70-xdrive-est-super-puissante\/\",\"url\":\"https:\/\/all-car-news.com\/fr\/la-bmw-i7-m70-xdrive-est-super-puissante\/\",\"name\":\"La BMW i7 M70 xDrive est super puissante - All cars news\",\"isPartOf\":{\"@id\":\"https:\/\/all-car-news.com\/fr\/#website\"},\"datePublished\":\"2023-11-02T14:59:16+00:00\",\"dateModified\":\"2023-11-02T14:59:16+00:00\",\"breadcrumb\":{\"@id\":\"https:\/\/all-car-news.com\/fr\/la-bmw-i7-m70-xdrive-est-super-puissante\/#breadcrumb\"},\"inLanguage\":\"fr-FR\",\"potentialAction\":[{\"@type\":\"ReadAction\",\"target\":[\"https:\/\/all-car-news.com\/fr\/la-bmw-i7-m70-xdrive-est-super-puissante\/\"]}]},{\"@type\":\"BreadcrumbList\",\"@id\":\"https:\/\/all-car-news.com\/fr\/la-bmw-i7-m70-xdrive-est-super-puissante\/#breadcrumb\",\"itemListElement\":[{\"@type\":\"ListItem\",\"position\":1,\"name\":\"Home\",\"item\":\"https:\/\/all-car-news.com\/fr\/\"},{\"@type\":\"ListItem\",\"position\":2,\"name\":\"La BMW i7 M70 xDrive est super puissante\"}]},{\"@type\":\"WebSite\",\"@id\":\"https:\/\/all-car-news.com\/fr\/#website\",\"url\":\"https:\/\/all-car-news.com\/fr\/\",\"name\":\"All cars news\",\"description\":\"\",\"publisher\":{\"@id\":\"https:\/\/all-car-news.com\/fr\/#organization\"},\"potentialAction\":[{\"@type\":\"SearchAction\",\"target\":{\"@type\":\"EntryPoint\",\"urlTemplate\":\"https:\/\/all-car-news.com\/fr\/?s={search_term_string}\"},\"query-input\":\"required name=search_term_string\"}],\"inLanguage\":\"fr-FR\"},{\"@type\":\"Organization\",\"@id\":\"https:\/\/all-car-news.com\/fr\/#organization\",\"name\":\"All cars news\",\"url\":\"https:\/\/all-car-news.com\/fr\/\",\"logo\":{\"@type\":\"ImageObject\",\"inLanguage\":\"fr-FR\",\"@id\":\"https:\/\/all-car-news.com\/fr\/#\/schema\/logo\/image\/\",\"url\":\"https:\/\/all-car-news.com\/wp-content\/uploads\/2022\/02\/CMYK-AllCarNews_LANDSCAPE_300px-1.png\",\"contentUrl\":\"https:\/\/all-car-news.com\/wp-content\/uploads\/2022\/02\/CMYK-AllCarNews_LANDSCAPE_300px-1.png\",\"width\":300,\"height\":100,\"caption\":\"All cars news\"},\"image\":{\"@id\":\"https:\/\/all-car-news.com\/fr\/#\/schema\/logo\/image\/\"}}]}<\/script>\n<!-- \/ Yoast SEO plugin. -->","yoast_head_json":{"title":"La BMW i7 M70 xDrive est super puissante - All cars news","robots":{"index":"index","follow":"follow","max-snippet":"max-snippet:-1","max-image-preview":"max-image-preview:large","max-video-preview":"max-video-preview:-1"},"canonical":"https:\/\/all-car-news.com\/fr\/la-bmw-i7-m70-xdrive-est-super-puissante\/","og_locale":"fr_FR","og_type":"article","og_title":"La BMW i7 M70 xDrive est super puissante - All cars news","og_description":"La puissance syst\u00e8me la plus \u00e9lev\u00e9e La BMW i7 M70 xDrive offre la puissance syst\u00e8me la plus \u00e9lev\u00e9e jamais atteinte par un v\u00e9hicule tout \u00e9lectrique de BMW Group et marque une nouvelle \u00e9tape pour BMW M GmbH dans sa transformation de la mobilit\u00e9 \u00e9lectrique. Apr\u00e8s le lancement de la BMW i4 M50 - le mod\u00e8le BMW M GmbH le plus vendu au monde en 2022 - et la [...]","og_url":"https:\/\/all-car-news.com\/fr\/la-bmw-i7-m70-xdrive-est-super-puissante\/","og_site_name":"All cars news","article_published_time":"2023-11-02T14:59:16+00:00","og_image":[{"url":"https:\/\/autorai.nl\/wp-content\/uploads\/2023\/11\/BMW-i7-M70-xDrive-foto-15-640x480.jpg"}],"twitter_card":"summary_large_image","twitter_misc":{"Dur\u00e9e de lecture estim\u00e9e":"1 minute"},"schema":{"@context":"https:\/\/schema.org","@graph":[{"@type":"Article","@id":"https:\/\/all-car-news.com\/fr\/la-bmw-i7-m70-xdrive-est-super-puissante\/#article","isPartOf":{"@id":"https:\/\/all-car-news.com\/fr\/la-bmw-i7-m70-xdrive-est-super-puissante\/"},"author":{"name":"","@id":""},"headline":"La BMW i7 M70 xDrive est super puissante","datePublished":"2023-11-02T14:59:16+00:00","dateModified":"2023-11-02T14:59:16+00:00","mainEntityOfPage":{"@id":"https:\/\/all-car-news.com\/fr\/la-bmw-i7-m70-xdrive-est-super-puissante\/"},"wordCount":257,"publisher":{"@id":"https:\/\/all-car-news.com\/fr\/#organization"},"articleSection":["nouvelles de voiture"],"inLanguage":"fr-FR"},{"@type":"WebPage","@id":"https:\/\/all-car-news.com\/fr\/la-bmw-i7-m70-xdrive-est-super-puissante\/","url":"https:\/\/all-car-news.com\/fr\/la-bmw-i7-m70-xdrive-est-super-puissante\/","name":"La BMW i7 M70 xDrive est super puissante - All cars news","isPartOf":{"@id":"https:\/\/all-car-news.com\/fr\/#website"},"datePublished":"2023-11-02T14:59:16+00:00","dateModified":"2023-11-02T14:59:16+00:00","breadcrumb":{"@id":"https:\/\/all-car-news.com\/fr\/la-bmw-i7-m70-xdrive-est-super-puissante\/#breadcrumb"},"inLanguage":"fr-FR","potentialAction":[{"@type":"ReadAction","target":["https:\/\/all-car-news.com\/fr\/la-bmw-i7-m70-xdrive-est-super-puissante\/"]}]},{"@type":"BreadcrumbList","@id":"https:\/\/all-car-news.com\/fr\/la-bmw-i7-m70-xdrive-est-super-puissante\/#breadcrumb","itemListElement":[{"@type":"ListItem","position":1,"name":"Home","item":"https:\/\/all-car-news.com\/fr\/"},{"@type":"ListItem","position":2,"name":"La BMW i7 M70 xDrive est super puissante"}]},{"@type":"WebSite","@id":"https:\/\/all-car-news.com\/fr\/#website","url":"https:\/\/all-car-news.com\/fr\/","name":"All cars news","description":"","publisher":{"@id":"https:\/\/all-car-news.com\/fr\/#organization"},"potentialAction":[{"@type":"SearchAction","target":{"@type":"EntryPoint","urlTemplate":"https:\/\/all-car-news.com\/fr\/?s={search_term_string}"},"query-input":"required name=search_term_string"}],"inLanguage":"fr-FR"},{"@type":"Organization","@id":"https:\/\/all-car-news.com\/fr\/#organization","name":"All cars news","url":"https:\/\/all-car-news.com\/fr\/","logo":{"@type":"ImageObject","inLanguage":"fr-FR","@id":"https:\/\/all-car-news.com\/fr\/#\/schema\/logo\/image\/","url":"https:\/\/all-car-news.com\/wp-content\/uploads\/2022\/02\/CMYK-AllCarNews_LANDSCAPE_300px-1.png","contentUrl":"https:\/\/all-car-news.com\/wp-content\/uploads\/2022\/02\/CMYK-AllCarNews_LANDSCAPE_300px-1.png","width":300,"height":100,"caption":"All cars news"},"image":{"@id":"https:\/\/all-car-news.com\/fr\/#\/schema\/logo\/image\/"}}]}},"_links":{"self":[{"href":"https:\/\/all-car-news.com\/fr\/wp-json\/wp\/v2\/posts\/140287","targetHints":{"allow":["GET"]}}],"collection":[{"href":"https:\/\/all-car-news.com\/fr\/wp-json\/wp\/v2\/posts"}],"about":[{"href":"https:\/\/all-car-news.com\/fr\/wp-json\/wp\/v2\/types\/post"}],"replies":[{"embeddable":true,"href":"https:\/\/all-car-news.com\/fr\/wp-json\/wp\/v2\/comments?post=140287"}],"version-history":[{"count":0,"href":"https:\/\/all-car-news.com\/fr\/wp-json\/wp\/v2\/posts\/140287\/revisions"}],"wp:featuredmedia":[{"embeddable":true,"href":"https:\/\/all-car-news.com\/fr\/wp-json\/wp\/v2\/media\/140280"}],"wp:attachment":[{"href":"https:\/\/all-car-news.com\/fr\/wp-json\/wp\/v2\/media?parent=140287"}],"wp:term":[{"taxonomy":"category","embeddable":true,"href":"https:\/\/all-car-news.com\/fr\/wp-json\/wp\/v2\/categories?post=140287"},{"taxonomy":"post_tag","embeddable":true,"href":"https:\/\/all-car-news.com\/fr\/wp-json\/wp\/v2\/tags?post=140287"}],"curies":[{"name":"wp","href":"https:\/\/api.w.org\/{rel}","templated":true}]}}