{"id":140224,"date":"2023-10-30T14:51:02","date_gmt":"2023-10-30T14:51:02","guid":{"rendered":"https:\/\/all-car-news.com\/volkswagen-id-7-tourer-un-break-electrique-de-volkswagen\/"},"modified":"2023-10-30T14:51:02","modified_gmt":"2023-10-30T14:51:02","slug":"volkswagen-id-7-tourer-un-break-electrique-de-volkswagen","status":"publish","type":"post","link":"https:\/\/all-car-news.com\/fr\/volkswagen-id-7-tourer-un-break-electrique-de-volkswagen\/","title":{"rendered":"Volkswagen ID.7 Tourer : un break \u00e9lectrique de Volkswagen"},"content":{"rendered":"<h2>Agr\u00e9able, a\u00e9rodynamique et spacieux<\/h2>\n<p>La limousine Volkswagen ID.7 est une Volkswagen tr\u00e8s a\u00e9rodynamique avec une valeur Cw de 0,234. Cette valeur correspond \u00e0 l&rsquo;ID.7 Tourer presque identique : 0,242. L&rsquo;ID.7 Le Tourer offre beaucoup d&rsquo;espace gr\u00e2ce aux porte-\u00e0-faux courts et \u00e0 l&#8217;empattement long. Lorsque cinq personnes sont \u00e0 bord, le volume des bagages peut atteindre 545 litres, mesur\u00e9 \u00e0 la hauteur du dossier de la banquette arri\u00e8re. Lorsque le dossier est rabattu, il cr\u00e9e un espace de chargement de pr\u00e8s de deux m\u00e8tres de long pouvant contenir jusqu&rsquo;\u00e0 1 714 litres.<\/p>\n<h2>Construit sur la plateforme EIA<\/h2>\n<p>Comme tous les mod\u00e8les de la famille ID, l&rsquo;ID.7 Tourer est bas\u00e9 sur la plateforme MEB du groupe Volkswagen. Les avantages du syst\u00e8me modulaire avec des porte-\u00e0-faux courts et un empattement long profitent \u00e0 l&rsquo;int\u00e9rieur. Comme l&rsquo;ID.7 ordinaire, Volkswagen construit l&rsquo;ID.7 Tourer dans l&rsquo;usine Volkswagen d&rsquo;Emden. Apr\u00e8s l&rsquo;ID.4, l&rsquo;ID.7 est le deuxi\u00e8me mod\u00e8le bas\u00e9 sur la plate-forme MEB \u00e0 \u00eatre construit dans le nord-ouest de l&rsquo;Allemagne, juste de l&rsquo;autre c\u00f4t\u00e9 de la fronti\u00e8re, pr\u00e8s de Groningen.<\/p>\n<figure class=\"wp-block-image size-content\"><img decoding=\"async\" loading=\"lazy\" width=\"1140\" height=\"760\" src=\"https:\/\/autorai.nl\/wp-content\/uploads\/2023\/10\/volkswagen-id7-tourer-camouflage-foto2-1140x760.jpg\" alt=\"Volkswagen ID.7 Tourer\" class=\"wp-image-168786\"><\/figure>\n<h2>Variantes du moteur Volkswagen ID.7 Tourer<\/h2>\n<p>Avec quelles variantes de moteur Volkswagen lancera la nouvelle ID.7 Tourer, n&rsquo;est pas encore tout \u00e0 fait claire. On peut supposer que le mod\u00e8le sera \u00e9quip\u00e9 d&rsquo;une batterie de 77 kWh et d&rsquo;un moteur \u00e9lectrique de 210 kW (286 ch). Cette variante permet une charge rapide de 175 kW. Ce groupe motopropulseur permet \u00e0 l&rsquo;ID.7 Limousine avec une autonomie de 599 kilom\u00e8tres (WLTP). Pour le Tourer, comptez environ 580 kilom\u00e8tres.<\/p>\n<p>La variante Pro Business de la berline est \u00e9quip\u00e9e de jantes montr\u00e9alaises de 20 pouces, d&rsquo;un \u00e9clairage matriciel \u00e0 LED (IQ.Light), d&rsquo;une sellerie \u00a0\u00bb ArtVelours \u00ab\u00a0, d&rsquo;un syst\u00e8me de navigation \u00a0\u00bb Discover Pro \u00a0\u00bb (38,1 cm), de 8+1 haut-parleurs, d&rsquo;un syst\u00e8me d&rsquo;aide au voyage (y compris le r\u00e9gulateur de vitesse adaptatif), d&rsquo;un affichage t\u00eate haute en r\u00e9alit\u00e9 augment\u00e9e, d&rsquo;un syst\u00e8me de verrouillage et de d\u00e9marrage sans cl\u00e9 (Keyless Access), d&rsquo;une cam\u00e9ra \u00e0 360 degr\u00e9s (Area View), d&rsquo;une climatisation automatique \u00e0 trois zones, de si\u00e8ges avant Ergo-Active \u00e0 r\u00e9glage \u00e9lectrique avec fonction chauffante de s\u00e9rie. Compter pour l&rsquo;ID.7 Tourer Pro Business sur un \u00e9quipement similaire.<\/p>\n<figure class=\"wp-block-image size-content\"><img decoding=\"async\" loading=\"lazy\" width=\"1140\" height=\"760\" src=\"https:\/\/autorai.nl\/wp-content\/uploads\/2023\/10\/volkswagen-id7-tourer-camouflage-foto1-1140x760.jpg\" alt=\"Volkswagen ID.7 Tourer\" class=\"wp-image-168785\"><\/figure>\n","protected":false},"excerpt":{"rendered":"Belle, a\u00e9rodynamique et spacieuse La limousine Volkswagen ID.7 est une Volkswagen tr\u00e8s a\u00e9rodynamique avec une valeur Cw de 0,234. Cette\u2026","protected":false},"author":0,"featured_media":140220,"comment_status":"","ping_status":"open","sticky":false,"template":"","format":"standard","meta":{"footnotes":""},"categories":[127],"tags":[],"class_list":["post-140224","post","type-post","status-publish","format-standard","has-post-thumbnail","hentry","category-nouvelles-de-voiture"],"acf":[],"yoast_head":"<!-- This site is optimized with the Yoast SEO plugin v21.2 - https:\/\/yoast.com\/wordpress\/plugins\/seo\/ -->\n<title>Volkswagen ID.7 Tourer : un break \u00e9lectrique de Volkswagen - All cars news<\/title>\n<meta name=\"robots\" content=\"index, follow, max-snippet:-1, max-image-preview:large, max-video-preview:-1\" \/>\n<link rel=\"canonical\" href=\"https:\/\/all-car-news.com\/fr\/volkswagen-id-7-tourer-un-break-electrique-de-volkswagen\/\" \/>\n<meta property=\"og:locale\" content=\"fr_FR\" \/>\n<meta property=\"og:type\" content=\"article\" \/>\n<meta property=\"og:title\" content=\"Volkswagen ID.7 Tourer : un break \u00e9lectrique de Volkswagen - All cars news\" \/>\n<meta property=\"og:description\" content=\"Belle, a\u00e9rodynamique et spacieuse La limousine Volkswagen ID.7 est une Volkswagen tr\u00e8s a\u00e9rodynamique avec une valeur Cw de 0,234. Cette valeur correspond \u00e0 l&#039;ID.7 Tourer presque identique : 0,242. L&#039;ID.7 Le Tourer offre beaucoup d&#039;espace gr\u00e2ce aux porte-\u00e0-faux courts et \u00e0 l&#039;empattement long. Si cinq personnes sont \u00e0 bord, un volume de bagages allant jusqu&#039;\u00e0 545 litres est [...]\" \/>\n<meta property=\"og:url\" content=\"https:\/\/all-car-news.com\/fr\/volkswagen-id-7-tourer-un-break-electrique-de-volkswagen\/\" \/>\n<meta property=\"og:site_name\" content=\"All cars news\" \/>\n<meta property=\"article:published_time\" content=\"2023-10-30T14:51:02+00:00\" \/>\n<meta property=\"og:image\" content=\"https:\/\/autorai.nl\/wp-content\/uploads\/2023\/10\/volkswagen-id7-tourer-camouflage-foto2-1140x760.jpg\" \/>\n<meta name=\"twitter:card\" content=\"summary_large_image\" \/>\n<meta name=\"twitter:label1\" content=\"Dur\u00e9e de lecture estim\u00e9e\" \/>\n\t<meta name=\"twitter:data1\" content=\"2 minutes\" \/>\n<script type=\"application\/ld+json\" class=\"yoast-schema-graph\">{\"@context\":\"https:\/\/schema.org\",\"@graph\":[{\"@type\":\"Article\",\"@id\":\"https:\/\/all-car-news.com\/fr\/volkswagen-id-7-tourer-un-break-electrique-de-volkswagen\/#article\",\"isPartOf\":{\"@id\":\"https:\/\/all-car-news.com\/fr\/volkswagen-id-7-tourer-un-break-electrique-de-volkswagen\/\"},\"author\":{\"name\":\"\",\"@id\":\"\"},\"headline\":\"Volkswagen ID.7 Tourer : un break \u00e9lectrique de Volkswagen\",\"datePublished\":\"2023-10-30T14:51:02+00:00\",\"dateModified\":\"2023-10-30T14:51:02+00:00\",\"mainEntityOfPage\":{\"@id\":\"https:\/\/all-car-news.com\/fr\/volkswagen-id-7-tourer-un-break-electrique-de-volkswagen\/\"},\"wordCount\":367,\"publisher\":{\"@id\":\"https:\/\/all-car-news.com\/fr\/#organization\"},\"articleSection\":[\"nouvelles de voiture\"],\"inLanguage\":\"fr-FR\"},{\"@type\":\"WebPage\",\"@id\":\"https:\/\/all-car-news.com\/fr\/volkswagen-id-7-tourer-un-break-electrique-de-volkswagen\/\",\"url\":\"https:\/\/all-car-news.com\/fr\/volkswagen-id-7-tourer-un-break-electrique-de-volkswagen\/\",\"name\":\"Volkswagen ID.7 Tourer : un break \u00e9lectrique de Volkswagen - All cars news\",\"isPartOf\":{\"@id\":\"https:\/\/all-car-news.com\/fr\/#website\"},\"datePublished\":\"2023-10-30T14:51:02+00:00\",\"dateModified\":\"2023-10-30T14:51:02+00:00\",\"breadcrumb\":{\"@id\":\"https:\/\/all-car-news.com\/fr\/volkswagen-id-7-tourer-un-break-electrique-de-volkswagen\/#breadcrumb\"},\"inLanguage\":\"fr-FR\",\"potentialAction\":[{\"@type\":\"ReadAction\",\"target\":[\"https:\/\/all-car-news.com\/fr\/volkswagen-id-7-tourer-un-break-electrique-de-volkswagen\/\"]}]},{\"@type\":\"BreadcrumbList\",\"@id\":\"https:\/\/all-car-news.com\/fr\/volkswagen-id-7-tourer-un-break-electrique-de-volkswagen\/#breadcrumb\",\"itemListElement\":[{\"@type\":\"ListItem\",\"position\":1,\"name\":\"Home\",\"item\":\"https:\/\/all-car-news.com\/fr\/\"},{\"@type\":\"ListItem\",\"position\":2,\"name\":\"Volkswagen ID.7 Tourer : un break \u00e9lectrique de Volkswagen\"}]},{\"@type\":\"WebSite\",\"@id\":\"https:\/\/all-car-news.com\/fr\/#website\",\"url\":\"https:\/\/all-car-news.com\/fr\/\",\"name\":\"All cars news\",\"description\":\"\",\"publisher\":{\"@id\":\"https:\/\/all-car-news.com\/fr\/#organization\"},\"potentialAction\":[{\"@type\":\"SearchAction\",\"target\":{\"@type\":\"EntryPoint\",\"urlTemplate\":\"https:\/\/all-car-news.com\/fr\/?s={search_term_string}\"},\"query-input\":\"required name=search_term_string\"}],\"inLanguage\":\"fr-FR\"},{\"@type\":\"Organization\",\"@id\":\"https:\/\/all-car-news.com\/fr\/#organization\",\"name\":\"All cars news\",\"url\":\"https:\/\/all-car-news.com\/fr\/\",\"logo\":{\"@type\":\"ImageObject\",\"inLanguage\":\"fr-FR\",\"@id\":\"https:\/\/all-car-news.com\/fr\/#\/schema\/logo\/image\/\",\"url\":\"https:\/\/all-car-news.com\/wp-content\/uploads\/2022\/02\/CMYK-AllCarNews_LANDSCAPE_300px-1.png\",\"contentUrl\":\"https:\/\/all-car-news.com\/wp-content\/uploads\/2022\/02\/CMYK-AllCarNews_LANDSCAPE_300px-1.png\",\"width\":300,\"height\":100,\"caption\":\"All cars news\"},\"image\":{\"@id\":\"https:\/\/all-car-news.com\/fr\/#\/schema\/logo\/image\/\"}}]}<\/script>\n<!-- \/ Yoast SEO plugin. -->","yoast_head_json":{"title":"Volkswagen ID.7 Tourer : un break \u00e9lectrique de Volkswagen - All cars news","robots":{"index":"index","follow":"follow","max-snippet":"max-snippet:-1","max-image-preview":"max-image-preview:large","max-video-preview":"max-video-preview:-1"},"canonical":"https:\/\/all-car-news.com\/fr\/volkswagen-id-7-tourer-un-break-electrique-de-volkswagen\/","og_locale":"fr_FR","og_type":"article","og_title":"Volkswagen ID.7 Tourer : un break \u00e9lectrique de Volkswagen - All cars news","og_description":"Belle, a\u00e9rodynamique et spacieuse La limousine Volkswagen ID.7 est une Volkswagen tr\u00e8s a\u00e9rodynamique avec une valeur Cw de 0,234. Cette valeur correspond \u00e0 l'ID.7 Tourer presque identique : 0,242. L'ID.7 Le Tourer offre beaucoup d'espace gr\u00e2ce aux porte-\u00e0-faux courts et \u00e0 l'empattement long. Si cinq personnes sont \u00e0 bord, un volume de bagages allant jusqu'\u00e0 545 litres est [...]","og_url":"https:\/\/all-car-news.com\/fr\/volkswagen-id-7-tourer-un-break-electrique-de-volkswagen\/","og_site_name":"All cars news","article_published_time":"2023-10-30T14:51:02+00:00","og_image":[{"url":"https:\/\/autorai.nl\/wp-content\/uploads\/2023\/10\/volkswagen-id7-tourer-camouflage-foto2-1140x760.jpg"}],"twitter_card":"summary_large_image","twitter_misc":{"Dur\u00e9e de lecture estim\u00e9e":"2 minutes"},"schema":{"@context":"https:\/\/schema.org","@graph":[{"@type":"Article","@id":"https:\/\/all-car-news.com\/fr\/volkswagen-id-7-tourer-un-break-electrique-de-volkswagen\/#article","isPartOf":{"@id":"https:\/\/all-car-news.com\/fr\/volkswagen-id-7-tourer-un-break-electrique-de-volkswagen\/"},"author":{"name":"","@id":""},"headline":"Volkswagen ID.7 Tourer : un break \u00e9lectrique de Volkswagen","datePublished":"2023-10-30T14:51:02+00:00","dateModified":"2023-10-30T14:51:02+00:00","mainEntityOfPage":{"@id":"https:\/\/all-car-news.com\/fr\/volkswagen-id-7-tourer-un-break-electrique-de-volkswagen\/"},"wordCount":367,"publisher":{"@id":"https:\/\/all-car-news.com\/fr\/#organization"},"articleSection":["nouvelles de voiture"],"inLanguage":"fr-FR"},{"@type":"WebPage","@id":"https:\/\/all-car-news.com\/fr\/volkswagen-id-7-tourer-un-break-electrique-de-volkswagen\/","url":"https:\/\/all-car-news.com\/fr\/volkswagen-id-7-tourer-un-break-electrique-de-volkswagen\/","name":"Volkswagen ID.7 Tourer : un break \u00e9lectrique de Volkswagen - All cars news","isPartOf":{"@id":"https:\/\/all-car-news.com\/fr\/#website"},"datePublished":"2023-10-30T14:51:02+00:00","dateModified":"2023-10-30T14:51:02+00:00","breadcrumb":{"@id":"https:\/\/all-car-news.com\/fr\/volkswagen-id-7-tourer-un-break-electrique-de-volkswagen\/#breadcrumb"},"inLanguage":"fr-FR","potentialAction":[{"@type":"ReadAction","target":["https:\/\/all-car-news.com\/fr\/volkswagen-id-7-tourer-un-break-electrique-de-volkswagen\/"]}]},{"@type":"BreadcrumbList","@id":"https:\/\/all-car-news.com\/fr\/volkswagen-id-7-tourer-un-break-electrique-de-volkswagen\/#breadcrumb","itemListElement":[{"@type":"ListItem","position":1,"name":"Home","item":"https:\/\/all-car-news.com\/fr\/"},{"@type":"ListItem","position":2,"name":"Volkswagen ID.7 Tourer : un break \u00e9lectrique de Volkswagen"}]},{"@type":"WebSite","@id":"https:\/\/all-car-news.com\/fr\/#website","url":"https:\/\/all-car-news.com\/fr\/","name":"All cars news","description":"","publisher":{"@id":"https:\/\/all-car-news.com\/fr\/#organization"},"potentialAction":[{"@type":"SearchAction","target":{"@type":"EntryPoint","urlTemplate":"https:\/\/all-car-news.com\/fr\/?s={search_term_string}"},"query-input":"required name=search_term_string"}],"inLanguage":"fr-FR"},{"@type":"Organization","@id":"https:\/\/all-car-news.com\/fr\/#organization","name":"All cars news","url":"https:\/\/all-car-news.com\/fr\/","logo":{"@type":"ImageObject","inLanguage":"fr-FR","@id":"https:\/\/all-car-news.com\/fr\/#\/schema\/logo\/image\/","url":"https:\/\/all-car-news.com\/wp-content\/uploads\/2022\/02\/CMYK-AllCarNews_LANDSCAPE_300px-1.png","contentUrl":"https:\/\/all-car-news.com\/wp-content\/uploads\/2022\/02\/CMYK-AllCarNews_LANDSCAPE_300px-1.png","width":300,"height":100,"caption":"All cars news"},"image":{"@id":"https:\/\/all-car-news.com\/fr\/#\/schema\/logo\/image\/"}}]}},"_links":{"self":[{"href":"https:\/\/all-car-news.com\/fr\/wp-json\/wp\/v2\/posts\/140224","targetHints":{"allow":["GET"]}}],"collection":[{"href":"https:\/\/all-car-news.com\/fr\/wp-json\/wp\/v2\/posts"}],"about":[{"href":"https:\/\/all-car-news.com\/fr\/wp-json\/wp\/v2\/types\/post"}],"replies":[{"embeddable":true,"href":"https:\/\/all-car-news.com\/fr\/wp-json\/wp\/v2\/comments?post=140224"}],"version-history":[{"count":0,"href":"https:\/\/all-car-news.com\/fr\/wp-json\/wp\/v2\/posts\/140224\/revisions"}],"wp:featuredmedia":[{"embeddable":true,"href":"https:\/\/all-car-news.com\/fr\/wp-json\/wp\/v2\/media\/140220"}],"wp:attachment":[{"href":"https:\/\/all-car-news.com\/fr\/wp-json\/wp\/v2\/media?parent=140224"}],"wp:term":[{"taxonomy":"category","embeddable":true,"href":"https:\/\/all-car-news.com\/fr\/wp-json\/wp\/v2\/categories?post=140224"},{"taxonomy":"post_tag","embeddable":true,"href":"https:\/\/all-car-news.com\/fr\/wp-json\/wp\/v2\/tags?post=140224"}],"curies":[{"name":"wp","href":"https:\/\/api.w.org\/{rel}","templated":true}]}}