{"id":139869,"date":"2023-10-17T11:40:52","date_gmt":"2023-10-17T11:40:52","guid":{"rendered":"https:\/\/all-car-news.com\/demarrage-en-fanfare-de-la-nouvelle-bmw-r-1300-gs\/"},"modified":"2023-10-17T11:40:52","modified_gmt":"2023-10-17T11:40:52","slug":"demarrage-en-fanfare-de-la-nouvelle-bmw-r-1300-gs","status":"publish","type":"post","link":"https:\/\/all-car-news.com\/fr\/demarrage-en-fanfare-de-la-nouvelle-bmw-r-1300-gs\/","title":{"rendered":"D\u00e9marrage en fanfare de la nouvelle BMW R 1300 GS"},"content":{"rendered":"<p>Les choses \u00e9voluent rapidement pour la BMW R 1300 GS. Avant m\u00eame qu&rsquo;il ne soit dans la salle d&rsquo;exposition, des dizaines d&rsquo;exemplaires ont d\u00e9j\u00e0 \u00e9t\u00e9 vendus. Les acheteurs seront sans aucun doute des fid\u00e8les de la GS qui font aveugl\u00e9ment confiance aux qualit\u00e9s d&rsquo;une toute nouvelle g\u00e9n\u00e9ration du mod\u00e8le le plus vendu de BMW. En effet, tous les mod\u00e8les pr\u00e9c\u00e9dents, y compris la derni\u00e8re R 1250 GS, ont pu compter sur une attention sans faille de la part des fid\u00e8les de la GS.<\/p>\n<p><img decoding=\"async\" loading=\"lazy\" width=\"1140\" height=\"563\" class=\"alignnone size-medium wp-image-27358\" src=\"https:\/\/motorrai.nl\/wp-content\/uploads\/2023\/09\/image004-1140x563.jpg\" alt=\"\"><\/p>\n<h2>GS, leader du march\u00e9<\/h2>\n<p>Il n&rsquo;en reste pas moins que BMW Motorrad a allum\u00e9 l&rsquo;\u00e9tincelle d&rsquo;un nouveau genre de moto il y a 40 ans avec la R 80 G\/S de l&rsquo;\u00e9poque. \u00c0 l&rsquo;\u00e9poque, nous ignorions totalement que ce genre de motos d&rsquo;aventure deviendrait tr\u00e8s populaire. Que la GS \u00e0 moteur boxer devienne m\u00eame le leader du march\u00e9, non pas pendant un an, mais pendant des ann\u00e9es.<\/p>\n<p><strong>Lire aussi : <a href=\"https:\/\/motorrai.nl\/nieuwe-bmw-r-1300-gs-de-feiten\/\">BMW R 1300 GS, les faits !<\/a><\/strong><\/p>\n<p><img decoding=\"async\" loading=\"lazy\" width=\"1140\" height=\"760\" class=\"alignnone size-medium wp-image-27360\" src=\"https:\/\/motorrai.nl\/wp-content\/uploads\/2023\/09\/image006-1140x760.jpg\" alt=\"\"><\/p>\n<h2>Contr\u00f4le automatique de la hauteur<\/h2>\n<p>Avec la nouvelle R 1300 GS, BMW fait une nouvelle fois parler d&rsquo;elle en mati\u00e8re d&rsquo;inventions intelligentes et innovantes. De l&rsquo;\u00e9clairage matriciel \u00e0 LED au contr\u00f4le automatique de la hauteur en passant par l&rsquo;assistance au maintien de la trajectoire. Nous connaissons ce dernier depuis la Triumph Explorer 1200. Un syst\u00e8me qui ralentit le moteur juste avant l&rsquo;arr\u00eat afin de pouvoir atteindre le sol avec des jambes un peu plus courtes. L&rsquo;Explorer perd deux centim\u00e8tres, la R 1300 GS en gagne trois.<\/p>\n<p><img decoding=\"async\" loading=\"lazy\" width=\"1140\" height=\"760\" class=\"alignnone size-medium wp-image-27458\" src=\"https:\/\/motorrai.nl\/wp-content\/uploads\/2023\/10\/BMW-R-1300-GS-1-min-1140x760.jpg\" alt=\"\"><\/p>\n<p>&nbsp;<\/p>\n<h2>Nouveau set de bagages<\/h2>\n<p>BMW a \u00e9galement con\u00e7u un nouvel ensemble de sacoches dot\u00e9 de gadgets pratiques. C&rsquo;est important parce que presque tous les propri\u00e9taires de GS aiment voyager et partent souvent vers des destinations lointaines, emball\u00e9s et pr\u00eats \u00e0 partir. La plaque de base pour la fixation du top case Vario peut se d\u00e9placer de gauche \u00e0 droite sur environ un pouce. Par cons\u00e9quent, l&rsquo;effet des rafales de vent est moins transmis \u00e0 la moto. Il reste donc plus stable.<\/p>\n<p><img decoding=\"async\" loading=\"lazy\" width=\"1140\" height=\"760\" class=\"alignnone size-medium wp-image-27460\" src=\"https:\/\/motorrai.nl\/wp-content\/uploads\/2023\/10\/BMW-R-1300-GS-3-min-1140x760.jpg\" alt=\"\"><\/p>\n<h2>Connexions USB<\/h2>\n<p>Gr\u00e2ce \u00e0 leur forme, les nouveaux bo\u00eetiers s&rsquo;int\u00e8grent parfaitement au design de la R 1300 GS. Une prise de chargement USB-A se trouve dans le bo\u00eetier gauche du Vario et dans le bo\u00eetier sup\u00e9rieur pour charger un smartphone, par exemple. Les mallettes sont \u00e9galement dot\u00e9es d&rsquo;un \u00e9clairage int\u00e9rieur. Toutes les caisses sont \u00e9quip\u00e9es d&rsquo;un syst\u00e8me de verrouillage central. Vous pouvez donc les verrouiller ou les d\u00e9verrouiller \u00e0 l&rsquo;aide de la t\u00e9l\u00e9commande.<\/p>\n<p><img decoding=\"async\" loading=\"lazy\" width=\"1140\" height=\"641\" class=\"alignnone size-medium wp-image-27462\" src=\"https:\/\/motorrai.nl\/wp-content\/uploads\/2023\/10\/BMW-R-1300-GS-5-min-1140x641.jpg\" alt=\"\"><\/p>\n<h2>Les bo\u00eetiers peuvent \u00eatre plus petits ou plus grands<\/h2>\n<p>Autre ing\u00e9niosit\u00e9 : une molette permet d&rsquo;\u00e9largir les sacoches et de rehausser le top case pour gagner de l&rsquo;espace. Si vous n&rsquo;en avez pas besoin, r\u00e9duisez au maximum la taille des bo\u00eetiers. Utile si vous devez souvent circuler dans les embouteillages. Si tout est r\u00e9gl\u00e9 au maximum, vous disposez d&rsquo;un total de 97 litres. Vous pouvez alors ranger un casque dans la valise gauche et la valise sup\u00e9rieure.<\/p>\n<p><img decoding=\"async\" loading=\"lazy\" width=\"1140\" height=\"641\" class=\"alignnone size-medium wp-image-27463\" src=\"https:\/\/motorrai.nl\/wp-content\/uploads\/2023\/10\/BMW-R-1300-GS-6-min-1140x641.jpg\" alt=\"\"><\/p>\n<h2>\u0152illets d&rsquo;arrimage pour les bagages en vrac<\/h2>\n<p>Les valises sont \u00e9galement dot\u00e9es d&rsquo;\u0153illets d&rsquo;arrimage permettant de fixer des bagages suppl\u00e9mentaires \u00e0 l&rsquo;aide de sangles. Ensuite, vous transformez la R 1300 GS en mule de b\u00e2t jusqu&rsquo;au bout. Une chose cependant : avec des valises, une vitesse maximale de 180 km\/h est recommand\u00e9e. Un maximum de 10 kg est autoris\u00e9 dans les sacoches lat\u00e9rales et la limite de charge dans la sacoche sup\u00e9rieure est de 6 kg.<\/p>\n<div class=\"galery shuffle galery-27449\">\n<figure>\n\t\t\t<a href=\"https:\/\/motorrai.nl\/wp-content\/uploads\/2023\/10\/BMW-R-1300-GS-4-1600x900.jpg\" data-fancybox=\"galery-27449\" title=\"\"><br \/>\n\t\t\t\t<img decoding=\"async\" src=\"https:\/\/motorrai.nl\/wp-content\/uploads\/2023\/10\/BMW-R-1300-GS-4-640x480.jpg\" alt=\"\"><i class=\"fa fa-search-plus\" aria-hidden=\"true\"><\/i><br \/>\n\t\t\t<\/a><br \/>\n\t\t<\/figure>\n<figure>\n\t\t\t<a href=\"https:\/\/motorrai.nl\/wp-content\/uploads\/2023\/10\/BMW-R-1300-GS-2-min-1600x1067.jpg\" data-fancybox=\"galery-27449\" title=\"\"><br \/>\n\t\t\t\t<img decoding=\"async\" src=\"https:\/\/motorrai.nl\/wp-content\/uploads\/2023\/10\/BMW-R-1300-GS-2-min-360x270.jpg\" alt=\"\"><i class=\"fa fa-search-plus\" aria-hidden=\"true\"><\/i><br \/>\n\t\t\t<\/a><br \/>\n\t\t<\/figure>\n<figure>\n\t\t\t<a href=\"https:\/\/motorrai.nl\/wp-content\/uploads\/2023\/10\/BMW-R-1300-GS-7-1600x1067.jpg\" data-fancybox=\"galery-27449\" title=\"\"><br \/>\n\t\t\t\t<img decoding=\"async\" src=\"https:\/\/motorrai.nl\/wp-content\/uploads\/2023\/10\/BMW-R-1300-GS-7-360x270.jpg\" alt=\"\"><i class=\"fa fa-search-plus\" aria-hidden=\"true\"><\/i><br \/>\n\t\t\t<\/a><br \/>\n\t\t<\/figure>\n<div class=\"clear\"><\/div>\n<\/div>\n<p>&nbsp;<\/p>\n<p>&nbsp;<\/p>\n","protected":false},"excerpt":{"rendered":"Les choses \u00e9voluent rapidement pour la BMW R 1300 GS. Avant m\u00eame qu'il ne soit dans la salle d'exposition, des\u2026","protected":false},"author":0,"featured_media":139859,"comment_status":"","ping_status":"open","sticky":false,"template":"","format":"standard","meta":{"footnotes":""},"categories":[127],"tags":[],"class_list":["post-139869","post","type-post","status-publish","format-standard","has-post-thumbnail","hentry","category-nouvelles-de-voiture"],"acf":[],"yoast_head":"<!-- This site is optimized with the Yoast SEO plugin v21.2 - https:\/\/yoast.com\/wordpress\/plugins\/seo\/ -->\n<title>D\u00e9marrage en fanfare de la nouvelle BMW R 1300 GS - All cars news<\/title>\n<meta name=\"robots\" content=\"index, follow, max-snippet:-1, max-image-preview:large, max-video-preview:-1\" \/>\n<link rel=\"canonical\" href=\"https:\/\/all-car-news.com\/fr\/demarrage-en-fanfare-de-la-nouvelle-bmw-r-1300-gs\/\" \/>\n<meta property=\"og:locale\" content=\"fr_FR\" \/>\n<meta property=\"og:type\" content=\"article\" \/>\n<meta property=\"og:title\" content=\"D\u00e9marrage en fanfare de la nouvelle BMW R 1300 GS - All cars news\" \/>\n<meta property=\"og:description\" content=\"Les choses \u00e9voluent rapidement pour la BMW R 1300 GS. Avant m\u00eame qu&#039;il ne soit dans la salle d&#039;exposition, des dizaines d&#039;exemplaires ont d\u00e9j\u00e0 \u00e9t\u00e9 vendus. Les acheteurs seront sans aucun doute des fid\u00e8les de la GS qui font aveugl\u00e9ment confiance aux qualit\u00e9s d&#039;une toute nouvelle g\u00e9n\u00e9ration du mod\u00e8le le plus vendu de BMW. En effet, tous les mod\u00e8les pr\u00e9c\u00e9dents, y compris la derni\u00e8re R 1250 GS, ont pu compter sur [...]\" \/>\n<meta property=\"og:url\" content=\"https:\/\/all-car-news.com\/fr\/demarrage-en-fanfare-de-la-nouvelle-bmw-r-1300-gs\/\" \/>\n<meta property=\"og:site_name\" content=\"All cars news\" \/>\n<meta property=\"article:published_time\" content=\"2023-10-17T11:40:52+00:00\" \/>\n<meta property=\"og:image\" content=\"https:\/\/motorrai.nl\/wp-content\/uploads\/2023\/09\/image004-1140x563.jpg\" \/>\n<meta name=\"twitter:card\" content=\"summary_large_image\" \/>\n<meta name=\"twitter:label1\" content=\"Dur\u00e9e de lecture estim\u00e9e\" \/>\n\t<meta name=\"twitter:data1\" content=\"3 minutes\" \/>\n<script type=\"application\/ld+json\" class=\"yoast-schema-graph\">{\"@context\":\"https:\/\/schema.org\",\"@graph\":[{\"@type\":\"Article\",\"@id\":\"https:\/\/all-car-news.com\/fr\/demarrage-en-fanfare-de-la-nouvelle-bmw-r-1300-gs\/#article\",\"isPartOf\":{\"@id\":\"https:\/\/all-car-news.com\/fr\/demarrage-en-fanfare-de-la-nouvelle-bmw-r-1300-gs\/\"},\"author\":{\"name\":\"\",\"@id\":\"\"},\"headline\":\"D\u00e9marrage en fanfare de la nouvelle BMW R 1300 GS\",\"datePublished\":\"2023-10-17T11:40:52+00:00\",\"dateModified\":\"2023-10-17T11:40:52+00:00\",\"mainEntityOfPage\":{\"@id\":\"https:\/\/all-car-news.com\/fr\/demarrage-en-fanfare-de-la-nouvelle-bmw-r-1300-gs\/\"},\"wordCount\":600,\"publisher\":{\"@id\":\"https:\/\/all-car-news.com\/fr\/#organization\"},\"articleSection\":[\"nouvelles de voiture\"],\"inLanguage\":\"fr-FR\"},{\"@type\":\"WebPage\",\"@id\":\"https:\/\/all-car-news.com\/fr\/demarrage-en-fanfare-de-la-nouvelle-bmw-r-1300-gs\/\",\"url\":\"https:\/\/all-car-news.com\/fr\/demarrage-en-fanfare-de-la-nouvelle-bmw-r-1300-gs\/\",\"name\":\"D\u00e9marrage en fanfare de la nouvelle BMW R 1300 GS - All cars news\",\"isPartOf\":{\"@id\":\"https:\/\/all-car-news.com\/fr\/#website\"},\"datePublished\":\"2023-10-17T11:40:52+00:00\",\"dateModified\":\"2023-10-17T11:40:52+00:00\",\"breadcrumb\":{\"@id\":\"https:\/\/all-car-news.com\/fr\/demarrage-en-fanfare-de-la-nouvelle-bmw-r-1300-gs\/#breadcrumb\"},\"inLanguage\":\"fr-FR\",\"potentialAction\":[{\"@type\":\"ReadAction\",\"target\":[\"https:\/\/all-car-news.com\/fr\/demarrage-en-fanfare-de-la-nouvelle-bmw-r-1300-gs\/\"]}]},{\"@type\":\"BreadcrumbList\",\"@id\":\"https:\/\/all-car-news.com\/fr\/demarrage-en-fanfare-de-la-nouvelle-bmw-r-1300-gs\/#breadcrumb\",\"itemListElement\":[{\"@type\":\"ListItem\",\"position\":1,\"name\":\"Home\",\"item\":\"https:\/\/all-car-news.com\/fr\/\"},{\"@type\":\"ListItem\",\"position\":2,\"name\":\"D\u00e9marrage en fanfare de la nouvelle BMW R 1300 GS\"}]},{\"@type\":\"WebSite\",\"@id\":\"https:\/\/all-car-news.com\/fr\/#website\",\"url\":\"https:\/\/all-car-news.com\/fr\/\",\"name\":\"All cars news\",\"description\":\"\",\"publisher\":{\"@id\":\"https:\/\/all-car-news.com\/fr\/#organization\"},\"potentialAction\":[{\"@type\":\"SearchAction\",\"target\":{\"@type\":\"EntryPoint\",\"urlTemplate\":\"https:\/\/all-car-news.com\/fr\/?s={search_term_string}\"},\"query-input\":\"required name=search_term_string\"}],\"inLanguage\":\"fr-FR\"},{\"@type\":\"Organization\",\"@id\":\"https:\/\/all-car-news.com\/fr\/#organization\",\"name\":\"All cars news\",\"url\":\"https:\/\/all-car-news.com\/fr\/\",\"logo\":{\"@type\":\"ImageObject\",\"inLanguage\":\"fr-FR\",\"@id\":\"https:\/\/all-car-news.com\/fr\/#\/schema\/logo\/image\/\",\"url\":\"https:\/\/all-car-news.com\/wp-content\/uploads\/2022\/02\/CMYK-AllCarNews_LANDSCAPE_300px-1.png\",\"contentUrl\":\"https:\/\/all-car-news.com\/wp-content\/uploads\/2022\/02\/CMYK-AllCarNews_LANDSCAPE_300px-1.png\",\"width\":300,\"height\":100,\"caption\":\"All cars news\"},\"image\":{\"@id\":\"https:\/\/all-car-news.com\/fr\/#\/schema\/logo\/image\/\"}}]}<\/script>\n<!-- \/ Yoast SEO plugin. -->","yoast_head_json":{"title":"D\u00e9marrage en fanfare de la nouvelle BMW R 1300 GS - All cars news","robots":{"index":"index","follow":"follow","max-snippet":"max-snippet:-1","max-image-preview":"max-image-preview:large","max-video-preview":"max-video-preview:-1"},"canonical":"https:\/\/all-car-news.com\/fr\/demarrage-en-fanfare-de-la-nouvelle-bmw-r-1300-gs\/","og_locale":"fr_FR","og_type":"article","og_title":"D\u00e9marrage en fanfare de la nouvelle BMW R 1300 GS - All cars news","og_description":"Les choses \u00e9voluent rapidement pour la BMW R 1300 GS. Avant m\u00eame qu'il ne soit dans la salle d'exposition, des dizaines d'exemplaires ont d\u00e9j\u00e0 \u00e9t\u00e9 vendus. Les acheteurs seront sans aucun doute des fid\u00e8les de la GS qui font aveugl\u00e9ment confiance aux qualit\u00e9s d'une toute nouvelle g\u00e9n\u00e9ration du mod\u00e8le le plus vendu de BMW. En effet, tous les mod\u00e8les pr\u00e9c\u00e9dents, y compris la derni\u00e8re R 1250 GS, ont pu compter sur [...]","og_url":"https:\/\/all-car-news.com\/fr\/demarrage-en-fanfare-de-la-nouvelle-bmw-r-1300-gs\/","og_site_name":"All cars news","article_published_time":"2023-10-17T11:40:52+00:00","og_image":[{"url":"https:\/\/motorrai.nl\/wp-content\/uploads\/2023\/09\/image004-1140x563.jpg"}],"twitter_card":"summary_large_image","twitter_misc":{"Dur\u00e9e de lecture estim\u00e9e":"3 minutes"},"schema":{"@context":"https:\/\/schema.org","@graph":[{"@type":"Article","@id":"https:\/\/all-car-news.com\/fr\/demarrage-en-fanfare-de-la-nouvelle-bmw-r-1300-gs\/#article","isPartOf":{"@id":"https:\/\/all-car-news.com\/fr\/demarrage-en-fanfare-de-la-nouvelle-bmw-r-1300-gs\/"},"author":{"name":"","@id":""},"headline":"D\u00e9marrage en fanfare de la nouvelle BMW R 1300 GS","datePublished":"2023-10-17T11:40:52+00:00","dateModified":"2023-10-17T11:40:52+00:00","mainEntityOfPage":{"@id":"https:\/\/all-car-news.com\/fr\/demarrage-en-fanfare-de-la-nouvelle-bmw-r-1300-gs\/"},"wordCount":600,"publisher":{"@id":"https:\/\/all-car-news.com\/fr\/#organization"},"articleSection":["nouvelles de voiture"],"inLanguage":"fr-FR"},{"@type":"WebPage","@id":"https:\/\/all-car-news.com\/fr\/demarrage-en-fanfare-de-la-nouvelle-bmw-r-1300-gs\/","url":"https:\/\/all-car-news.com\/fr\/demarrage-en-fanfare-de-la-nouvelle-bmw-r-1300-gs\/","name":"D\u00e9marrage en fanfare de la nouvelle BMW R 1300 GS - All cars news","isPartOf":{"@id":"https:\/\/all-car-news.com\/fr\/#website"},"datePublished":"2023-10-17T11:40:52+00:00","dateModified":"2023-10-17T11:40:52+00:00","breadcrumb":{"@id":"https:\/\/all-car-news.com\/fr\/demarrage-en-fanfare-de-la-nouvelle-bmw-r-1300-gs\/#breadcrumb"},"inLanguage":"fr-FR","potentialAction":[{"@type":"ReadAction","target":["https:\/\/all-car-news.com\/fr\/demarrage-en-fanfare-de-la-nouvelle-bmw-r-1300-gs\/"]}]},{"@type":"BreadcrumbList","@id":"https:\/\/all-car-news.com\/fr\/demarrage-en-fanfare-de-la-nouvelle-bmw-r-1300-gs\/#breadcrumb","itemListElement":[{"@type":"ListItem","position":1,"name":"Home","item":"https:\/\/all-car-news.com\/fr\/"},{"@type":"ListItem","position":2,"name":"D\u00e9marrage en fanfare de la nouvelle BMW R 1300 GS"}]},{"@type":"WebSite","@id":"https:\/\/all-car-news.com\/fr\/#website","url":"https:\/\/all-car-news.com\/fr\/","name":"All cars news","description":"","publisher":{"@id":"https:\/\/all-car-news.com\/fr\/#organization"},"potentialAction":[{"@type":"SearchAction","target":{"@type":"EntryPoint","urlTemplate":"https:\/\/all-car-news.com\/fr\/?s={search_term_string}"},"query-input":"required name=search_term_string"}],"inLanguage":"fr-FR"},{"@type":"Organization","@id":"https:\/\/all-car-news.com\/fr\/#organization","name":"All cars news","url":"https:\/\/all-car-news.com\/fr\/","logo":{"@type":"ImageObject","inLanguage":"fr-FR","@id":"https:\/\/all-car-news.com\/fr\/#\/schema\/logo\/image\/","url":"https:\/\/all-car-news.com\/wp-content\/uploads\/2022\/02\/CMYK-AllCarNews_LANDSCAPE_300px-1.png","contentUrl":"https:\/\/all-car-news.com\/wp-content\/uploads\/2022\/02\/CMYK-AllCarNews_LANDSCAPE_300px-1.png","width":300,"height":100,"caption":"All cars news"},"image":{"@id":"https:\/\/all-car-news.com\/fr\/#\/schema\/logo\/image\/"}}]}},"_links":{"self":[{"href":"https:\/\/all-car-news.com\/fr\/wp-json\/wp\/v2\/posts\/139869","targetHints":{"allow":["GET"]}}],"collection":[{"href":"https:\/\/all-car-news.com\/fr\/wp-json\/wp\/v2\/posts"}],"about":[{"href":"https:\/\/all-car-news.com\/fr\/wp-json\/wp\/v2\/types\/post"}],"replies":[{"embeddable":true,"href":"https:\/\/all-car-news.com\/fr\/wp-json\/wp\/v2\/comments?post=139869"}],"version-history":[{"count":0,"href":"https:\/\/all-car-news.com\/fr\/wp-json\/wp\/v2\/posts\/139869\/revisions"}],"wp:featuredmedia":[{"embeddable":true,"href":"https:\/\/all-car-news.com\/fr\/wp-json\/wp\/v2\/media\/139859"}],"wp:attachment":[{"href":"https:\/\/all-car-news.com\/fr\/wp-json\/wp\/v2\/media?parent=139869"}],"wp:term":[{"taxonomy":"category","embeddable":true,"href":"https:\/\/all-car-news.com\/fr\/wp-json\/wp\/v2\/categories?post=139869"},{"taxonomy":"post_tag","embeddable":true,"href":"https:\/\/all-car-news.com\/fr\/wp-json\/wp\/v2\/tags?post=139869"}],"curies":[{"name":"wp","href":"https:\/\/api.w.org\/{rel}","templated":true}]}}