{"id":139868,"date":"2023-10-17T13:15:00","date_gmt":"2023-10-17T13:15:00","guid":{"rendered":"https:\/\/all-car-news.com\/la-nouvelle-citroen-e-c3-est-un-vehicule-electrique-a-moins-de-25-000-euros\/"},"modified":"2023-10-17T13:15:00","modified_gmt":"2023-10-17T13:15:00","slug":"la-nouvelle-citroen-e-c3-est-un-vehicule-electrique-a-moins-de-25-000-euros","status":"publish","type":"post","link":"https:\/\/all-car-news.com\/fr\/la-nouvelle-citroen-e-c3-est-un-vehicule-electrique-a-moins-de-25-000-euros\/","title":{"rendered":"La nouvelle Citro\u00ebn \u00eb-C3 est un v\u00e9hicule \u00e9lectrique \u00e0 moins de 25 000 euros !"},"content":{"rendered":"<h2>Citro\u00ebn C3, une r\u00e9ussite<\/h2>\n<p>Plus de 5,6 millions d&rsquo;unit\u00e9s de la Citro\u00ebn C3 de premi\u00e8re g\u00e9n\u00e9ration ont \u00e9t\u00e9 vendues depuis son lancement en 2002. Cette voiture est le mod\u00e8le le plus populaire de la marque et repr\u00e9sente 29 % des ventes europ\u00e9ennes de Citro\u00ebn. En 2022, la C3 occupera 11 % du march\u00e9 europ\u00e9en du segment B dans son ensemble. En bref : la nouvelle C3 a de grandes responsabilit\u00e9s \u00e0 assumer.<\/p>\n<h2>Maintenant un crossover<\/h2>\n<p>Une grande diff\u00e9rence par rapport \u00e0 la C3 pr\u00e9c\u00e9dente : la nouvelle g\u00e9n\u00e9ration est toujours une voiture \u00e0 hayon, mais un peu plus haute et nettement plus proche d&rsquo;un SUV que la g\u00e9n\u00e9ration pr\u00e9c\u00e9dente. Thiery Koskas, PDG de Citro\u00ebn, d\u00e9clare : \u00ab\u00a0Les attentes des clients du segment B ont chang\u00e9. En particulier, avec la popularit\u00e9 croissante des SUV et le d\u00e9sir grandissant de rouler \u00e0 l&rsquo;\u00e9lectricit\u00e9, il est devenu de plus en plus difficile pour les constructeurs automobiles europ\u00e9ens de r\u00e9pondre aux attentes des clients.\u00a0\u00bb<\/p>\n<figure class=\"wp-block-image size-content\"><img decoding=\"async\" loading=\"lazy\" width=\"1140\" height=\"570\" src=\"https:\/\/autorai.nl\/wp-content\/uploads\/2023\/10\/citroen-e-c3-2024-elektrische-crossover-foto7-1140x570.jpg\" alt=\"Citro\u00ebn \u00eb-C3 2024\" class=\"wp-image-168011\"><figcaption>Citro\u00ebn \u00eb-C3 2024<\/figcaption><\/figure>\n<h2>Plate-forme \u00ab\u00a0Smart Car<\/h2>\n<p>La Citro\u00ebn \u00eb-C3 est construite sur la plateforme \u00ab\u00a0Smart Car\u00a0\u00bb de Stellantis, d\u00e9velopp\u00e9e sp\u00e9cifiquement pour les mod\u00e8les BEV. Cette plateforme a permis \u00e0 la marque de r\u00e9duire ses co\u00fbts. Cela se refl\u00e8te dans le prix du mod\u00e8le. La variante \u00e9lectrique est propos\u00e9e au prix de 24 290 euros, taxes et frais de pr\u00e9paration de la route inclus (valeur fiscale 23 300 euros). Plus int\u00e9ressant encore : en 2025, Citro\u00ebn proposera une \u00eb-C3 d&rsquo;une autonomie de 200 km \u00e0 partir de 20 980 euros, taxes et frais d&rsquo;exploitation inclus, mais hors subventions. Ainsi, en incluant pr\u00e8s de 3 000 euros de subvention SEPP, vous pourriez conduire une voiture \u00e9lectrique \u00e0 batterie avec une autonomie d\u00e9cente pour seulement 18 000 euros. La valeur fiscale de ce mod\u00e8le est de 19 990 euros.<\/p>\n<h2>Le groupe motopropulseur de la Citro\u00ebn \u00eb-C3<\/h2>\n<p>Les caract\u00e9ristiques de la \u00eb-C3, moins ch\u00e8re et dot\u00e9e d&rsquo;une autonomie de 200 kilom\u00e8tres, ne sont pas encore connues. Au moins, pour moins de 25 000 euros, vous b\u00e9n\u00e9ficiez d&rsquo;un moteur \u00e9lectrique de 83 kW (113 ch). La voiture passe ainsi de 0 \u00e0 100 km\/h en 11 secondes environ. La vitesse maximale est fix\u00e9e \u00e0 135 km\/h. La batterie au phosphate de fer lithi\u00e9 (LFP &#8211; Lithium Ferro Phosphate) a une capacit\u00e9 de 44 kWh, ce qui permet une autonomie WLTP de 320 kilom\u00e8tres.<\/p>\n<p>La charge rapide peut \u00eatre r\u00e9alis\u00e9e avec 100 kW. Cela permet de recharger la batterie de 20 \u00e0 80 % en 26 minutes. Le \u00eb-C3 est \u00e9quip\u00e9 de s\u00e9rie d&rsquo;un chargeur triphas\u00e9 de 11 kW, id\u00e9al pour la recharge \u00e0 une station de recharge publique en courant alternatif ou \u00e0 l&rsquo;aide d&rsquo;une wallbox \u00e0 domicile. La charge de 20 \u00e0 80 % de la capacit\u00e9 prend 2 heures et 50 minutes avec 11 kW et environ 4 heures et 10 minutes avec 7 kW AC.<\/p>\n<figure class=\"wp-block-image size-content\"><img decoding=\"async\" loading=\"lazy\" width=\"1140\" height=\"570\" src=\"https:\/\/autorai.nl\/wp-content\/uploads\/2023\/10\/citroen-e-c3-2024-elektrische-crossover-foto17-1140x570.jpg\" alt=\"Citro\u00ebn \u00eb-C3 2024\" class=\"wp-image-168021\"><figcaption>Citro\u00ebn \u00eb-C3 2024<\/figcaption><\/figure>\n<h2>Confort avanc\u00e9<\/h2>\n<p>La grande question : la nouvelle \u00eb-C3 est-elle vraiment une vraie Citro\u00ebn ? Oui, car la marque a pens\u00e9 \u00e0 divers \u00e9l\u00e9ments de confort, tels que la suspension Advanced Comfort et les si\u00e8ges Advanced Comfort. La suspension Citro\u00ebn Advanced Comfort fonctionne avec des coussins hydrauliques progressifs. Pour une l\u00e9g\u00e8re (d\u00e9)compression, le ressort et l&rsquo;amortisseur contr\u00f4lent ensemble les mouvements verticaux, sans l&rsquo;aide des but\u00e9es hydrauliques. En cas d&rsquo;impact important, le ressort et l&rsquo;amortisseur travaillent ensemble avec les but\u00e9es hydrauliques pour ralentir progressivement les mouvements du corps et \u00e9liminer les chocs \u00e0 la fin de la plage de suspension. Cela apporte un confort suppl\u00e9mentaire.<\/p>\n<h2>Logo ovale \u00e0 chevron<\/h2>\n<p>En termes de design, ce \u00eb-C3 se situe \u00e9galement \u00e0 un niveau sup\u00e9rieur. Par exemple, ce mod\u00e8le est la premi\u00e8re Citro\u00ebn \u00e0 arborer un logo ovale en forme de chevron et le nouveau langage stylistique de la marque. Ici et l\u00e0, on d\u00e9c\u00e8le quelques \u00e9l\u00e9ments de l&rsquo;Oli (all-\u00eb). Par rapport \u00e0 la g\u00e9n\u00e9ration pr\u00e9c\u00e9dente de C3, le mod\u00e8le offre une garde au sol plus \u00e9lev\u00e9e et, surtout, beaucoup plus d&rsquo;espace int\u00e9rieur. L&rsquo;int\u00e9rieur regorge \u00e9galement d&rsquo;options de rangement pratiques et astucieuses dans les portes, la console centrale et sous l&rsquo;accoudoir central, entre autres. De plus, la console centrale est \u00e9quip\u00e9e d&rsquo;un chargeur \u00e0 induction (de s\u00e9rie sur la version Max) qui permet de recharger un smartphone sans fil. Les si\u00e8ges arri\u00e8re se rabattent dans un rapport 60-40 (de s\u00e9rie sur la version Max). La largeur de 1 015 mm entre les passages de roue arri\u00e8re permet de transporter des objets plus volumineux dans le \u00eb-C3. Le volume du coffre derri\u00e8re les si\u00e8ges arri\u00e8re est de 310 litres.<\/p>\n<figure class=\"wp-block-image size-content\"><img decoding=\"async\" loading=\"lazy\" width=\"1140\" height=\"778\" src=\"https:\/\/autorai.nl\/wp-content\/uploads\/2023\/10\/citroen-e-c3-2024-elektrische-crossover-foto3-1140x778.jpg\" alt=\"Citro\u00ebn \u00eb-C3 2024\" class=\"wp-image-168007\"><figcaption>Citro\u00ebn \u00eb-C3 2024<\/figcaption><\/figure>\n<h2>Vous et Max<\/h2>\n<p>La Citro\u00ebn \u00eb-C3, d&rsquo;une longueur de 4,01 m\u00e8tres et d&rsquo;une largeur de 1,76 m\u00e8tre, est disponible en Europe en deux versions, You et Max. Quelles sont les diff\u00e9rences ? La version You &#8211; la version d&rsquo;entr\u00e9e de gamme de la \u00eb-C3 &#8211; est \u00e9quip\u00e9e de s\u00e9rie de phares LED, de la suspension Citro\u00ebn Advanced Comfort, de l&rsquo;Active Safety Brake (syst\u00e8me de freinage d&rsquo;urgence), d&rsquo;un syst\u00e8me d&rsquo;affichage t\u00eate haute, du syst\u00e8me d&rsquo;infodivertissement \u00ab\u00a0My Citroen Play with Smartphone Station\u00a0\u00bb, de r\u00e9troviseurs ext\u00e9rieurs \u00e9lectriques, de l&rsquo;\u00e9clairage automatique, de capteurs de stationnement arri\u00e8re, d&rsquo;un becquet de hayon, d&rsquo;un r\u00e9gulateur de vitesse, d&rsquo;une climatisation manuelle et de six airbags.<\/p>\n<h2>Le Max, le mod\u00e8le haut de gamme<\/h2>\n<p>Le mod\u00e8le haut de gamme est la finition Max avec des jantes en alliage diamant\u00e9es de 17 pouces, la peinture bicolore Citro\u00ebn avec toit contrast\u00e9, des barres de toit d\u00e9coratives, des plaques de protection avant et arri\u00e8re, un \u00e9cran couleur de 10,25 pouces avec \u00e9cran tactile et fonction miroir pour smartphone, des si\u00e8ges Citro\u00ebn Advanced Comfort, des essuie-glaces automatiques, des r\u00e9troviseurs ext\u00e9rieurs rabattables \u00e9lectriquement et chauffants un volant en cuir, une banquette arri\u00e8re rabattable 60\/40 et un si\u00e8ge conducteur r\u00e9glable, des feux arri\u00e8re \u00e0 LED, une vitre d&rsquo;intimit\u00e9 \u00e0 l&rsquo;arri\u00e8re, une sellerie TEP\/tissu, la climatisation automatique, la navigation 3D, la recharge sans fil, une cam\u00e9ra de recul, un r\u00e9troviseur \u00e0 gradation automatique et des l\u00e8ve-vitres \u00e9lectriques \u00e0 l&rsquo;arri\u00e8re.<\/p>\n<h2>Cinq couleurs<\/h2>\n<p>Cinq couleurs sont disponibles : blanc polaire, bleu Montecarlo, rouge Elixir, gris Mercure et noir Perla Nera. La couleur contrast\u00e9e du toit, caract\u00e9ristique de la Citro\u00ebn C3, est propos\u00e9e en noir ou en blanc de s\u00e9rie sur la version Max, la s\u00e9paration sur le montant C \u00e9pousant parfaitement la ligne vive de la t\u00f4le.<\/p>\n<figure class=\"wp-block-image size-content\"><img decoding=\"async\" loading=\"lazy\" width=\"1140\" height=\"570\" src=\"https:\/\/autorai.nl\/wp-content\/uploads\/2023\/10\/citroen-e-c3-2024-elektrische-crossover-foto18-1140x570.jpg\" alt=\"Citro\u00ebn \u00eb-C3 2024\" class=\"wp-image-168022\"><figcaption>Citro\u00ebn \u00eb-C3 2024<\/figcaption><\/figure>\n<h2>Ma Citro\u00ebn Play avec station Smartphone<\/h2>\n<p>Pour en revenir \u00e0 la station \u00ab\u00a0My Citroen Play with Smartphone Station\u00a0\u00bb, qu&rsquo;est-ce que c&rsquo;est ? Expliquer. Un support int\u00e9gr\u00e9 pour smartphone permet de connecter facilement le t\u00e9l\u00e9phone portable \u00e0 la voiture. Gr\u00e2ce \u00e0 la NFC (Near Field Communication), une nouvelle application sp\u00e9ciale se lance automatiquement, permettant aux propri\u00e9taires d&rsquo;utiliser leur appareil pour cr\u00e9er des raccourcis vers les services de t\u00e9l\u00e9phone, de radio, de navigation et d&rsquo;applications musicales. Les commandes au volant du \u00eb-C3 permettent au conducteur de garder les mains sur le volant. Le bouton \u00ab\u00a0Accueil\u00a0\u00bb permet de revenir facilement \u00e0 la page d&rsquo;accueil de l&rsquo;application. Dans ce cas, votre smartphone fait office de syst\u00e8me d&rsquo;infodivertissement.<\/p>\n<h2>Syst\u00e8mes d&rsquo;aide \u00e0 la conduite Citro\u00ebn \u00eb-C3<\/h2>\n<p>Plusieurs syst\u00e8mes d&rsquo;aide \u00e0 la conduite sont \u00e9galement pr\u00e9sents sur la nouvelle Citro\u00ebn \u00eb-C3. Il s&rsquo;agit notamment d&rsquo;un syst\u00e8me de pr\u00e9vention des collisions, d&rsquo;une assistance au maintien de la trajectoire, de la reconnaissance de la fatigue, de la reconnaissance des panneaux de signalisation, d&rsquo;un frein de stationnement \u00e9lectronique, de phares intelligents, de capteurs de stationnement et d&rsquo;une cam\u00e9ra de recul.<\/p>\n<h2>Citro\u00ebn \u00eb-C3 construite en Europe<\/h2>\n<p>La toute nouvelle \u00eb-C3 est la premi\u00e8re voiture du segment B enti\u00e8rement \u00e9lectrique con\u00e7ue, produite et propos\u00e9e par un constructeur europ\u00e9en en Europe dans cette gamme de prix. Il a \u00e9t\u00e9 con\u00e7u dans le studio de design de Citro\u00ebn sur le site de Stellantis Automotive Design Network \u00e0 Velizy-Villacoublay, pr\u00e8s de Paris, et sera produit en Europe dans l&rsquo;usine Stellantis de Trnava, en Slovaquie.<\/p>\n<p>Citro\u00ebn s&rsquo;attend \u00e0 ce que la nouvelle \u00eb-C3 donne le ton sur le march\u00e9 des voitures \u00e0 hayon du segment B con\u00e7ues et fabriqu\u00e9es en Europe, notamment en ce qui concerne l&rsquo;offre de mod\u00e8les \u00e9lectriques abordables. \u00c0 cet \u00e9gard, l&rsquo;arriv\u00e9e en 2025 de la version \u00e0 200 km d&rsquo;autonomie est une excellente nouvelle pour les acheteurs qui souhaitent rouler \u00e0 l&rsquo;\u00e9lectricit\u00e9 \u00e0 un prix encore plus bas.<\/p>\n<p>Thiery Koskas, PDG de Citro\u00ebn : \u00ab\u00a0Notre mission est de porter la part de march\u00e9 de Citro\u00ebn en Europe \u00e0 au moins 5 %. L&rsquo;arriv\u00e9e de la nouvelle \u00eb-C3 enti\u00e8rement \u00e9lectrique et abordable dans notre gamme est un atout important pour atteindre cet objectif. La toute nouvelle \u00eb-C3 joue \u00e9galement un r\u00f4le important dans le renforcement du programme d&rsquo;\u00e9lectrification de Citro\u00ebn, en compl\u00e9tant l&rsquo;arriv\u00e9e de nos nouveaux mod\u00e8les \u00e9tendus \u00eb-C4 et \u00eb-C4X, ainsi que la solution de mobilit\u00e9 unique qu&rsquo;est la Citro\u00ebn Ami.\u00a0\u00bb<\/p>\n<p>La toute nouvelle Citro\u00ebn \u00eb-C3 sera dans les salles d&rsquo;exposition au deuxi\u00e8me trimestre 2024.<\/p>\n<div class=\"galery galery-0\">\n<figure>\n\t\t\t\t\t<span style=\"cursor: pointer\" data-src=\"https:\/\/autorai.nl\/wp-content\/uploads\/2023\/10\/citroen-e-c3-2024-elektrische-crossover-foto1-1600x1024.jpg\" data-fancybox=\"galery-0\" title=\"Copyright William Crozes @ Continental Productions\"><br \/>\n\t\t\t\t\t\t\t<img decoding=\"async\" width=\"360\" height=\"270\" src=\"https:\/\/autorai.nl\/wp-content\/uploads\/2023\/10\/citroen-e-c3-2024-elektrische-crossover-foto1-360x270.jpg\" class=\"attachment-small size-small\" alt=\"\" loading=\"lazy\"><i class=\"fa fa-search-plus\" aria-hidden=\"true\"><\/i><br \/>\n\t\t\t\t\t\t<\/span><br \/>\n\t\t\t\t\t<\/figure>\n<figure>\n\t\t\t\t\t<span style=\"cursor: pointer\" data-src=\"https:\/\/autorai.nl\/wp-content\/uploads\/2023\/10\/citroen-e-c3-2024-elektrische-crossover-foto23-1600x1067.jpg\" data-fancybox=\"galery-0\" title=\"Copyright Dave Hill @ Continental Productions\"><br \/>\n\t\t\t\t\t\t\t<img decoding=\"async\" width=\"360\" height=\"270\" src=\"https:\/\/autorai.nl\/wp-content\/uploads\/2023\/10\/citroen-e-c3-2024-elektrische-crossover-foto23-360x270.jpg\" class=\"attachment-small size-small\" alt=\"\" loading=\"lazy\"><i class=\"fa fa-search-plus\" aria-hidden=\"true\"><\/i><br \/>\n\t\t\t\t\t\t<\/span><br \/>\n\t\t\t\t\t<\/figure>\n<figure>\n\t\t\t\t\t<span style=\"cursor: pointer\" data-src=\"https:\/\/autorai.nl\/wp-content\/uploads\/2023\/10\/citroen-e-c3-2024-elektrische-crossover-foto22-1600x1067.jpg\" data-fancybox=\"galery-0\" title=\"Copyright Dave Hill @ Continental Productions\"><br \/>\n\t\t\t\t\t\t\t<img decoding=\"async\" width=\"360\" height=\"270\" src=\"https:\/\/autorai.nl\/wp-content\/uploads\/2023\/10\/citroen-e-c3-2024-elektrische-crossover-foto22-360x270.jpg\" class=\"attachment-small size-small\" alt=\"\" loading=\"lazy\"><i class=\"fa fa-search-plus\" aria-hidden=\"true\"><\/i><br \/>\n\t\t\t\t\t\t<\/span><br \/>\n\t\t\t\t\t<\/figure>\n<figure>\n\t\t\t\t\t<span style=\"cursor: pointer\" data-src=\"https:\/\/autorai.nl\/wp-content\/uploads\/2023\/10\/citroen-e-c3-2024-elektrische-crossover-foto21-1600x1014.jpg\" data-fancybox=\"galery-0\" title=\"Copyright William Crozes @ Continental Productions\"><br \/>\n\t\t\t\t\t\t\t<img decoding=\"async\" width=\"360\" height=\"270\" src=\"https:\/\/autorai.nl\/wp-content\/uploads\/2023\/10\/citroen-e-c3-2024-elektrische-crossover-foto21-360x270.jpg\" class=\"attachment-small size-small\" alt=\"\" loading=\"lazy\"><i class=\"fa fa-search-plus\" aria-hidden=\"true\"><\/i><br \/>\n\t\t\t\t\t\t<\/span><br \/>\n\t\t\t\t\t<\/figure>\n<figure>\n\t\t\t\t\t<span style=\"cursor: pointer\" data-src=\"https:\/\/autorai.nl\/wp-content\/uploads\/2023\/10\/citroen-e-c3-2024-elektrische-crossover-foto20-1600x1200.jpg\" data-fancybox=\"galery-0\" title=\"Copyright William Crozes @ Continental Productions\"><br \/>\n\t\t\t\t\t\t\t<img decoding=\"async\" width=\"360\" height=\"270\" src=\"https:\/\/autorai.nl\/wp-content\/uploads\/2023\/10\/citroen-e-c3-2024-elektrische-crossover-foto20-360x270.jpg\" class=\"attachment-small size-small\" alt=\"\" loading=\"lazy\"><i class=\"fa fa-search-plus\" aria-hidden=\"true\"><\/i><br \/>\n\t\t\t\t\t\t<\/span><br \/>\n\t\t\t\t\t<\/figure>\n<figure>\n\t\t\t\t\t<span style=\"cursor: pointer\" data-src=\"https:\/\/autorai.nl\/wp-content\/uploads\/2023\/10\/citroen-e-c3-2024-elektrische-crossover-foto19-1600x1200.jpg\" data-fancybox=\"galery-0\" title=\"Copyright William Crozes @ Continental Productions\"><br \/>\n\t\t\t\t\t\t\t<img decoding=\"async\" width=\"360\" height=\"270\" src=\"https:\/\/autorai.nl\/wp-content\/uploads\/2023\/10\/citroen-e-c3-2024-elektrische-crossover-foto19-360x270.jpg\" class=\"attachment-small size-small\" alt=\"\" loading=\"lazy\"><i class=\"fa fa-search-plus\" aria-hidden=\"true\"><\/i><br \/>\n\t\t\t\t\t\t<\/span><br \/>\n\t\t\t\t\t<\/figure>\n<figure>\n\t\t\t\t\t<span style=\"cursor: pointer\" data-src=\"https:\/\/autorai.nl\/wp-content\/uploads\/2023\/10\/citroen-e-c3-2024-elektrische-crossover-foto18-1600x800.jpg\" data-fancybox=\"galery-0\" title=\"Citro\u00ebn \u00eb-C3 2024\"><br \/>\n\t\t\t\t\t\t\t<img decoding=\"async\" width=\"360\" height=\"270\" src=\"https:\/\/autorai.nl\/wp-content\/uploads\/2023\/10\/citroen-e-c3-2024-elektrische-crossover-foto18-360x270.jpg\" class=\"attachment-small size-small\" alt=\"Citro\u00ebn \u00eb-C3 2024\" loading=\"lazy\"><i class=\"fa fa-search-plus\" aria-hidden=\"true\"><\/i><br \/>\n\t\t\t\t\t\t<\/span><br \/>\n\t\t\t\t\t<\/figure>\n<figure>\n\t\t\t\t\t<span style=\"cursor: pointer\" data-src=\"https:\/\/autorai.nl\/wp-content\/uploads\/2023\/10\/citroen-e-c3-2024-elektrische-crossover-foto16-1600x800.jpg\" data-fancybox=\"galery-0\" title=\"Copyright William Crozes @ Continental Productions\"><br \/>\n\t\t\t\t\t\t\t<img decoding=\"async\" width=\"360\" height=\"270\" src=\"https:\/\/autorai.nl\/wp-content\/uploads\/2023\/10\/citroen-e-c3-2024-elektrische-crossover-foto16-360x270.jpg\" class=\"attachment-small size-small\" alt=\"\" loading=\"lazy\"><i class=\"fa fa-search-plus\" aria-hidden=\"true\"><\/i><br \/>\n\t\t\t\t\t\t<\/span><br \/>\n\t\t\t\t\t<\/figure>\n<figure>\n\t\t\t\t\t<span style=\"cursor: pointer\" data-src=\"https:\/\/autorai.nl\/wp-content\/uploads\/2023\/10\/citroen-e-c3-2024-elektrische-crossover-foto15-1200x1600.jpg\" data-fancybox=\"galery-0\" title=\"Copyright William Crozes @ Continental Productions\"><br \/>\n\t\t\t\t\t\t\t<img decoding=\"async\" width=\"360\" height=\"270\" src=\"https:\/\/autorai.nl\/wp-content\/uploads\/2023\/10\/citroen-e-c3-2024-elektrische-crossover-foto15-360x270.jpg\" class=\"attachment-small size-small\" alt=\"\" loading=\"lazy\"><i class=\"fa fa-search-plus\" aria-hidden=\"true\"><\/i><br \/>\n\t\t\t\t\t\t<\/span><br \/>\n\t\t\t\t\t<\/figure>\n<figure>\n\t\t\t\t\t<span style=\"cursor: pointer\" data-src=\"https:\/\/autorai.nl\/wp-content\/uploads\/2023\/10\/citroen-e-c3-2024-elektrische-crossover-foto14-1600x1071.jpg\" data-fancybox=\"galery-0\" title=\"Copyright William Crozes @ Continental Productions\"><br \/>\n\t\t\t\t\t\t\t<img decoding=\"async\" width=\"360\" height=\"270\" src=\"https:\/\/autorai.nl\/wp-content\/uploads\/2023\/10\/citroen-e-c3-2024-elektrische-crossover-foto14-360x270.jpg\" class=\"attachment-small size-small\" alt=\"\" loading=\"lazy\"><i class=\"fa fa-search-plus\" aria-hidden=\"true\"><\/i><br \/>\n\t\t\t\t\t\t<\/span><br \/>\n\t\t\t\t\t<\/figure>\n<figure>\n\t\t\t\t\t<span style=\"cursor: pointer\" data-src=\"https:\/\/autorai.nl\/wp-content\/uploads\/2023\/10\/citroen-e-c3-2024-elektrische-crossover-foto13-1200x1600.jpg\" data-fancybox=\"galery-0\" title=\"Copyright William Crozes @ Continental Productions\"><br \/>\n\t\t\t\t\t\t\t<img decoding=\"async\" width=\"360\" height=\"270\" src=\"https:\/\/autorai.nl\/wp-content\/uploads\/2023\/10\/citroen-e-c3-2024-elektrische-crossover-foto13-360x270.jpg\" class=\"attachment-small size-small\" alt=\"\" loading=\"lazy\"><i class=\"fa fa-search-plus\" aria-hidden=\"true\"><\/i><br \/>\n\t\t\t\t\t\t<\/span><br \/>\n\t\t\t\t\t<\/figure>\n<figure>\n\t\t\t\t\t<span style=\"cursor: pointer\" data-src=\"https:\/\/autorai.nl\/wp-content\/uploads\/2023\/10\/citroen-e-c3-2024-elektrische-crossover-foto12-1600x1200.jpg\" data-fancybox=\"galery-0\" title=\"Copyright William Crozes @ Continental Productions\"><br \/>\n\t\t\t\t\t\t\t<img decoding=\"async\" width=\"360\" height=\"270\" src=\"https:\/\/autorai.nl\/wp-content\/uploads\/2023\/10\/citroen-e-c3-2024-elektrische-crossover-foto12-360x270.jpg\" class=\"attachment-small size-small\" alt=\"\" loading=\"lazy\"><i class=\"fa fa-search-plus\" aria-hidden=\"true\"><\/i><br \/>\n\t\t\t\t\t\t<\/span><br \/>\n\t\t\t\t\t<\/figure>\n<figure>\n\t\t\t\t\t<span style=\"cursor: pointer\" data-src=\"https:\/\/autorai.nl\/wp-content\/uploads\/2023\/10\/citroen-e-c3-2024-elektrische-crossover-foto11-1200x1600.jpg\" data-fancybox=\"galery-0\" title=\"Copyright William Crozes @ Continental Productions\"><br \/>\n\t\t\t\t\t\t\t<img decoding=\"async\" width=\"360\" height=\"270\" src=\"https:\/\/autorai.nl\/wp-content\/uploads\/2023\/10\/citroen-e-c3-2024-elektrische-crossover-foto11-360x270.jpg\" class=\"attachment-small size-small\" alt=\"\" loading=\"lazy\"><i class=\"fa fa-search-plus\" aria-hidden=\"true\"><\/i><br \/>\n\t\t\t\t\t\t<\/span><br \/>\n\t\t\t\t\t<\/figure>\n<figure>\n\t\t\t\t\t<span style=\"cursor: pointer\" data-src=\"https:\/\/autorai.nl\/wp-content\/uploads\/2023\/10\/citroen-e-c3-2024-elektrische-crossover-foto10-1600x938.jpg\" data-fancybox=\"galery-0\" title=\"Copyright William Crozes @ Continental Productions\"><br \/>\n\t\t\t\t\t\t\t<img decoding=\"async\" width=\"360\" height=\"270\" src=\"https:\/\/autorai.nl\/wp-content\/uploads\/2023\/10\/citroen-e-c3-2024-elektrische-crossover-foto10-360x270.jpg\" class=\"attachment-small size-small\" alt=\"\" loading=\"lazy\"><i class=\"fa fa-search-plus\" aria-hidden=\"true\"><\/i><br \/>\n\t\t\t\t\t\t<\/span><br \/>\n\t\t\t\t\t<\/figure>\n<figure>\n\t\t\t\t\t<span style=\"cursor: pointer\" data-src=\"https:\/\/autorai.nl\/wp-content\/uploads\/2023\/10\/citroen-e-c3-2024-elektrische-crossover-foto9-1600x800.jpg\" data-fancybox=\"galery-0\" title=\"Copyright William Crozes @ Continental Productions\"><br \/>\n\t\t\t\t\t\t\t<img decoding=\"async\" width=\"360\" height=\"270\" src=\"https:\/\/autorai.nl\/wp-content\/uploads\/2023\/10\/citroen-e-c3-2024-elektrische-crossover-foto9-360x270.jpg\" class=\"attachment-small size-small\" alt=\"\" loading=\"lazy\"><i class=\"fa fa-search-plus\" aria-hidden=\"true\"><\/i><br \/>\n\t\t\t\t\t\t<\/span><br \/>\n\t\t\t\t\t<\/figure>\n<figure>\n\t\t\t\t\t<span style=\"cursor: pointer\" data-src=\"https:\/\/autorai.nl\/wp-content\/uploads\/2023\/10\/citroen-e-c3-2024-elektrische-crossover-foto8-1600x800.jpg\" data-fancybox=\"galery-0\" title=\"Copyright William Crozes @ Continental Productions\"><br \/>\n\t\t\t\t\t\t\t<img decoding=\"async\" width=\"360\" height=\"270\" src=\"https:\/\/autorai.nl\/wp-content\/uploads\/2023\/10\/citroen-e-c3-2024-elektrische-crossover-foto8-360x270.jpg\" class=\"attachment-small size-small\" alt=\"\" loading=\"lazy\"><i class=\"fa fa-search-plus\" aria-hidden=\"true\"><\/i><br \/>\n\t\t\t\t\t\t<\/span><br \/>\n\t\t\t\t\t<\/figure>\n<figure>\n\t\t\t\t\t<span style=\"cursor: pointer\" data-src=\"https:\/\/autorai.nl\/wp-content\/uploads\/2023\/10\/citroen-e-c3-2024-elektrische-crossover-foto7-1600x800.jpg\" data-fancybox=\"galery-0\" title=\"Citro\u00ebn \u00eb-C3 2024\"><br \/>\n\t\t\t\t\t\t\t<img decoding=\"async\" width=\"360\" height=\"270\" src=\"https:\/\/autorai.nl\/wp-content\/uploads\/2023\/10\/citroen-e-c3-2024-elektrische-crossover-foto7-360x270.jpg\" class=\"attachment-small size-small\" alt=\"Citro\u00ebn \u00eb-C3 2024\" loading=\"lazy\"><i class=\"fa fa-search-plus\" aria-hidden=\"true\"><\/i><br \/>\n\t\t\t\t\t\t<\/span><br \/>\n\t\t\t\t\t<\/figure>\n<figure>\n\t\t\t\t\t<span style=\"cursor: pointer\" data-src=\"https:\/\/autorai.nl\/wp-content\/uploads\/2023\/10\/citroen-e-c3-2024-elektrische-crossover-foto6-1600x800.jpg\" data-fancybox=\"galery-0\" title=\"Copyright William Crozes @ Continental Productions\"><br \/>\n\t\t\t\t\t\t\t<img decoding=\"async\" width=\"360\" height=\"270\" src=\"https:\/\/autorai.nl\/wp-content\/uploads\/2023\/10\/citroen-e-c3-2024-elektrische-crossover-foto6-360x270.jpg\" class=\"attachment-small size-small\" alt=\"\" loading=\"lazy\"><i class=\"fa fa-search-plus\" aria-hidden=\"true\"><\/i><br \/>\n\t\t\t\t\t\t<\/span><br \/>\n\t\t\t\t\t<\/figure>\n<figure>\n\t\t\t\t\t<span style=\"cursor: pointer\" data-src=\"https:\/\/autorai.nl\/wp-content\/uploads\/2023\/10\/citroen-e-c3-2024-elektrische-crossover-foto5-1600x1078.jpg\" data-fancybox=\"galery-0\" title=\"Copyright William Crozes @ Continental Productions\"><br \/>\n\t\t\t\t\t\t\t<img decoding=\"async\" width=\"360\" height=\"270\" src=\"https:\/\/autorai.nl\/wp-content\/uploads\/2023\/10\/citroen-e-c3-2024-elektrische-crossover-foto5-360x270.jpg\" class=\"attachment-small size-small\" alt=\"\" loading=\"lazy\"><i class=\"fa fa-search-plus\" aria-hidden=\"true\"><\/i><br \/>\n\t\t\t\t\t\t<\/span><br \/>\n\t\t\t\t\t<\/figure>\n<figure>\n\t\t\t\t\t<span style=\"cursor: pointer\" data-src=\"https:\/\/autorai.nl\/wp-content\/uploads\/2023\/10\/citroen-e-c3-2024-elektrische-crossover-foto4-1600x1150.jpg\" data-fancybox=\"galery-0\" title=\"Citro\u00ebn \u00eb-C3 2024\"><br \/>\n\t\t\t\t\t\t\t<img decoding=\"async\" width=\"360\" height=\"270\" src=\"https:\/\/autorai.nl\/wp-content\/uploads\/2023\/10\/citroen-e-c3-2024-elektrische-crossover-foto4-360x270.jpg\" class=\"attachment-small size-small\" alt=\"Citro\u00ebn \u00eb-C3 2024\" loading=\"lazy\"><i class=\"fa fa-search-plus\" aria-hidden=\"true\"><\/i><br \/>\n\t\t\t\t\t\t<\/span><br \/>\n\t\t\t\t\t<\/figure>\n<figure>\n\t\t\t\t\t<span style=\"cursor: pointer\" data-src=\"https:\/\/autorai.nl\/wp-content\/uploads\/2023\/10\/citroen-e-c3-2024-elektrische-crossover-foto3-1600x1093.jpg\" data-fancybox=\"galery-0\" title=\"Citro\u00ebn \u00eb-C3 2024\"><br \/>\n\t\t\t\t\t\t\t<img decoding=\"async\" width=\"360\" height=\"270\" src=\"https:\/\/autorai.nl\/wp-content\/uploads\/2023\/10\/citroen-e-c3-2024-elektrische-crossover-foto3-360x270.jpg\" class=\"attachment-small size-small\" alt=\"Citro\u00ebn \u00eb-C3 2024\" loading=\"lazy\"><i class=\"fa fa-search-plus\" aria-hidden=\"true\"><\/i><br \/>\n\t\t\t\t\t\t<\/span><br \/>\n\t\t\t\t\t<\/figure>\n<figure>\n\t\t\t\t\t<span style=\"cursor: pointer\" data-src=\"https:\/\/autorai.nl\/wp-content\/uploads\/2023\/10\/citroen-e-c3-2024-elektrische-crossover-foto2-1600x1200.jpg\" data-fancybox=\"galery-0\" title=\"Copyright William Crozes @ Continental Productions\"><br \/>\n\t\t\t\t\t\t\t<img decoding=\"async\" width=\"360\" height=\"270\" src=\"https:\/\/autorai.nl\/wp-content\/uploads\/2023\/10\/citroen-e-c3-2024-elektrische-crossover-foto2-360x270.jpg\" class=\"attachment-small size-small\" alt=\"\" loading=\"lazy\"><i class=\"fa fa-search-plus\" aria-hidden=\"true\"><\/i><br \/>\n\t\t\t\t\t\t<\/span><br \/>\n\t\t\t\t\t<\/figure>\n<div class=\"clear\"><\/div>\n<\/div>\n","protected":false},"excerpt":{"rendered":"Citro\u00ebn C3, une success story Depuis son lancement en 2002, la Citro\u00ebn C3 de premi\u00e8re g\u00e9n\u00e9ration s'est vendue \u00e0 plus\u2026","protected":false},"author":0,"featured_media":143835,"comment_status":"","ping_status":"open","sticky":false,"template":"","format":"standard","meta":{"footnotes":""},"categories":[127],"tags":[],"class_list":["post-139868","post","type-post","status-publish","format-standard","has-post-thumbnail","hentry","category-nouvelles-de-voiture"],"acf":[],"yoast_head":"<!-- This site is optimized with the Yoast SEO plugin v21.2 - https:\/\/yoast.com\/wordpress\/plugins\/seo\/ -->\n<title>La nouvelle Citro\u00ebn \u00eb-C3 est un v\u00e9hicule \u00e9lectrique \u00e0 moins de 25 000 euros ! - All cars news<\/title>\n<meta name=\"robots\" content=\"index, follow, max-snippet:-1, max-image-preview:large, max-video-preview:-1\" \/>\n<link rel=\"canonical\" href=\"https:\/\/all-car-news.com\/fr\/la-nouvelle-citroen-e-c3-est-un-vehicule-electrique-a-moins-de-25-000-euros\/\" \/>\n<meta property=\"og:locale\" content=\"fr_FR\" \/>\n<meta property=\"og:type\" content=\"article\" \/>\n<meta property=\"og:title\" content=\"La nouvelle Citro\u00ebn \u00eb-C3 est un v\u00e9hicule \u00e9lectrique \u00e0 moins de 25 000 euros ! - All cars news\" \/>\n<meta property=\"og:description\" content=\"Citro\u00ebn C3, une success story Depuis son lancement en 2002, la Citro\u00ebn C3 de premi\u00e8re g\u00e9n\u00e9ration s&#039;est vendue \u00e0 plus de 5,6 millions d&#039;exemplaires. Cette voiture est le mod\u00e8le le plus populaire de la marque et repr\u00e9sente 29 % des ventes europ\u00e9ennes de Citro\u00ebn. En 2022, le C3 s&#039;est empar\u00e9 de 11 % des [...]\" \/>\n<meta property=\"og:url\" content=\"https:\/\/all-car-news.com\/fr\/la-nouvelle-citroen-e-c3-est-un-vehicule-electrique-a-moins-de-25-000-euros\/\" \/>\n<meta property=\"og:site_name\" content=\"All cars news\" \/>\n<meta property=\"article:published_time\" content=\"2023-10-17T13:15:00+00:00\" \/>\n<meta property=\"og:image\" content=\"https:\/\/autorai.nl\/wp-content\/uploads\/2023\/10\/citroen-e-c3-2024-elektrische-crossover-foto7-1140x570.jpg\" \/>\n<meta name=\"twitter:card\" content=\"summary_large_image\" \/>\n<meta name=\"twitter:label1\" content=\"Dur\u00e9e de lecture estim\u00e9e\" \/>\n\t<meta name=\"twitter:data1\" content=\"8 minutes\" \/>\n<script type=\"application\/ld+json\" class=\"yoast-schema-graph\">{\"@context\":\"https:\/\/schema.org\",\"@graph\":[{\"@type\":\"Article\",\"@id\":\"https:\/\/all-car-news.com\/fr\/la-nouvelle-citroen-e-c3-est-un-vehicule-electrique-a-moins-de-25-000-euros\/#article\",\"isPartOf\":{\"@id\":\"https:\/\/all-car-news.com\/fr\/la-nouvelle-citroen-e-c3-est-un-vehicule-electrique-a-moins-de-25-000-euros\/\"},\"author\":{\"name\":\"\",\"@id\":\"\"},\"headline\":\"La nouvelle Citro\u00ebn \u00eb-C3 est un v\u00e9hicule \u00e9lectrique \u00e0 moins de 25 000 euros !\",\"datePublished\":\"2023-10-17T13:15:00+00:00\",\"dateModified\":\"2023-10-17T13:15:00+00:00\",\"mainEntityOfPage\":{\"@id\":\"https:\/\/all-car-news.com\/fr\/la-nouvelle-citroen-e-c3-est-un-vehicule-electrique-a-moins-de-25-000-euros\/\"},\"wordCount\":1547,\"publisher\":{\"@id\":\"https:\/\/all-car-news.com\/fr\/#organization\"},\"articleSection\":[\"nouvelles de voiture\"],\"inLanguage\":\"fr-FR\"},{\"@type\":\"WebPage\",\"@id\":\"https:\/\/all-car-news.com\/fr\/la-nouvelle-citroen-e-c3-est-un-vehicule-electrique-a-moins-de-25-000-euros\/\",\"url\":\"https:\/\/all-car-news.com\/fr\/la-nouvelle-citroen-e-c3-est-un-vehicule-electrique-a-moins-de-25-000-euros\/\",\"name\":\"La nouvelle Citro\u00ebn \u00eb-C3 est un v\u00e9hicule \u00e9lectrique \u00e0 moins de 25 000 euros ! - All cars news\",\"isPartOf\":{\"@id\":\"https:\/\/all-car-news.com\/fr\/#website\"},\"datePublished\":\"2023-10-17T13:15:00+00:00\",\"dateModified\":\"2023-10-17T13:15:00+00:00\",\"breadcrumb\":{\"@id\":\"https:\/\/all-car-news.com\/fr\/la-nouvelle-citroen-e-c3-est-un-vehicule-electrique-a-moins-de-25-000-euros\/#breadcrumb\"},\"inLanguage\":\"fr-FR\",\"potentialAction\":[{\"@type\":\"ReadAction\",\"target\":[\"https:\/\/all-car-news.com\/fr\/la-nouvelle-citroen-e-c3-est-un-vehicule-electrique-a-moins-de-25-000-euros\/\"]}]},{\"@type\":\"BreadcrumbList\",\"@id\":\"https:\/\/all-car-news.com\/fr\/la-nouvelle-citroen-e-c3-est-un-vehicule-electrique-a-moins-de-25-000-euros\/#breadcrumb\",\"itemListElement\":[{\"@type\":\"ListItem\",\"position\":1,\"name\":\"Home\",\"item\":\"https:\/\/all-car-news.com\/fr\/\"},{\"@type\":\"ListItem\",\"position\":2,\"name\":\"La nouvelle Citro\u00ebn \u00eb-C3 est un v\u00e9hicule \u00e9lectrique \u00e0 moins de 25 000 euros !\"}]},{\"@type\":\"WebSite\",\"@id\":\"https:\/\/all-car-news.com\/fr\/#website\",\"url\":\"https:\/\/all-car-news.com\/fr\/\",\"name\":\"All cars news\",\"description\":\"\",\"publisher\":{\"@id\":\"https:\/\/all-car-news.com\/fr\/#organization\"},\"potentialAction\":[{\"@type\":\"SearchAction\",\"target\":{\"@type\":\"EntryPoint\",\"urlTemplate\":\"https:\/\/all-car-news.com\/fr\/?s={search_term_string}\"},\"query-input\":\"required name=search_term_string\"}],\"inLanguage\":\"fr-FR\"},{\"@type\":\"Organization\",\"@id\":\"https:\/\/all-car-news.com\/fr\/#organization\",\"name\":\"All cars news\",\"url\":\"https:\/\/all-car-news.com\/fr\/\",\"logo\":{\"@type\":\"ImageObject\",\"inLanguage\":\"fr-FR\",\"@id\":\"https:\/\/all-car-news.com\/fr\/#\/schema\/logo\/image\/\",\"url\":\"https:\/\/all-car-news.com\/wp-content\/uploads\/2022\/02\/CMYK-AllCarNews_LANDSCAPE_300px-1.png\",\"contentUrl\":\"https:\/\/all-car-news.com\/wp-content\/uploads\/2022\/02\/CMYK-AllCarNews_LANDSCAPE_300px-1.png\",\"width\":300,\"height\":100,\"caption\":\"All cars news\"},\"image\":{\"@id\":\"https:\/\/all-car-news.com\/fr\/#\/schema\/logo\/image\/\"}}]}<\/script>\n<!-- \/ Yoast SEO plugin. -->","yoast_head_json":{"title":"La nouvelle Citro\u00ebn \u00eb-C3 est un v\u00e9hicule \u00e9lectrique \u00e0 moins de 25 000 euros ! - All cars news","robots":{"index":"index","follow":"follow","max-snippet":"max-snippet:-1","max-image-preview":"max-image-preview:large","max-video-preview":"max-video-preview:-1"},"canonical":"https:\/\/all-car-news.com\/fr\/la-nouvelle-citroen-e-c3-est-un-vehicule-electrique-a-moins-de-25-000-euros\/","og_locale":"fr_FR","og_type":"article","og_title":"La nouvelle Citro\u00ebn \u00eb-C3 est un v\u00e9hicule \u00e9lectrique \u00e0 moins de 25 000 euros ! - All cars news","og_description":"Citro\u00ebn C3, une success story Depuis son lancement en 2002, la Citro\u00ebn C3 de premi\u00e8re g\u00e9n\u00e9ration s'est vendue \u00e0 plus de 5,6 millions d'exemplaires. Cette voiture est le mod\u00e8le le plus populaire de la marque et repr\u00e9sente 29 % des ventes europ\u00e9ennes de Citro\u00ebn. En 2022, le C3 s'est empar\u00e9 de 11 % des [...]","og_url":"https:\/\/all-car-news.com\/fr\/la-nouvelle-citroen-e-c3-est-un-vehicule-electrique-a-moins-de-25-000-euros\/","og_site_name":"All cars news","article_published_time":"2023-10-17T13:15:00+00:00","og_image":[{"url":"https:\/\/autorai.nl\/wp-content\/uploads\/2023\/10\/citroen-e-c3-2024-elektrische-crossover-foto7-1140x570.jpg"}],"twitter_card":"summary_large_image","twitter_misc":{"Dur\u00e9e de lecture estim\u00e9e":"8 minutes"},"schema":{"@context":"https:\/\/schema.org","@graph":[{"@type":"Article","@id":"https:\/\/all-car-news.com\/fr\/la-nouvelle-citroen-e-c3-est-un-vehicule-electrique-a-moins-de-25-000-euros\/#article","isPartOf":{"@id":"https:\/\/all-car-news.com\/fr\/la-nouvelle-citroen-e-c3-est-un-vehicule-electrique-a-moins-de-25-000-euros\/"},"author":{"name":"","@id":""},"headline":"La nouvelle Citro\u00ebn \u00eb-C3 est un v\u00e9hicule \u00e9lectrique \u00e0 moins de 25 000 euros !","datePublished":"2023-10-17T13:15:00+00:00","dateModified":"2023-10-17T13:15:00+00:00","mainEntityOfPage":{"@id":"https:\/\/all-car-news.com\/fr\/la-nouvelle-citroen-e-c3-est-un-vehicule-electrique-a-moins-de-25-000-euros\/"},"wordCount":1547,"publisher":{"@id":"https:\/\/all-car-news.com\/fr\/#organization"},"articleSection":["nouvelles de voiture"],"inLanguage":"fr-FR"},{"@type":"WebPage","@id":"https:\/\/all-car-news.com\/fr\/la-nouvelle-citroen-e-c3-est-un-vehicule-electrique-a-moins-de-25-000-euros\/","url":"https:\/\/all-car-news.com\/fr\/la-nouvelle-citroen-e-c3-est-un-vehicule-electrique-a-moins-de-25-000-euros\/","name":"La nouvelle Citro\u00ebn \u00eb-C3 est un v\u00e9hicule \u00e9lectrique \u00e0 moins de 25 000 euros ! - All cars news","isPartOf":{"@id":"https:\/\/all-car-news.com\/fr\/#website"},"datePublished":"2023-10-17T13:15:00+00:00","dateModified":"2023-10-17T13:15:00+00:00","breadcrumb":{"@id":"https:\/\/all-car-news.com\/fr\/la-nouvelle-citroen-e-c3-est-un-vehicule-electrique-a-moins-de-25-000-euros\/#breadcrumb"},"inLanguage":"fr-FR","potentialAction":[{"@type":"ReadAction","target":["https:\/\/all-car-news.com\/fr\/la-nouvelle-citroen-e-c3-est-un-vehicule-electrique-a-moins-de-25-000-euros\/"]}]},{"@type":"BreadcrumbList","@id":"https:\/\/all-car-news.com\/fr\/la-nouvelle-citroen-e-c3-est-un-vehicule-electrique-a-moins-de-25-000-euros\/#breadcrumb","itemListElement":[{"@type":"ListItem","position":1,"name":"Home","item":"https:\/\/all-car-news.com\/fr\/"},{"@type":"ListItem","position":2,"name":"La nouvelle Citro\u00ebn \u00eb-C3 est un v\u00e9hicule \u00e9lectrique \u00e0 moins de 25 000 euros !"}]},{"@type":"WebSite","@id":"https:\/\/all-car-news.com\/fr\/#website","url":"https:\/\/all-car-news.com\/fr\/","name":"All cars news","description":"","publisher":{"@id":"https:\/\/all-car-news.com\/fr\/#organization"},"potentialAction":[{"@type":"SearchAction","target":{"@type":"EntryPoint","urlTemplate":"https:\/\/all-car-news.com\/fr\/?s={search_term_string}"},"query-input":"required name=search_term_string"}],"inLanguage":"fr-FR"},{"@type":"Organization","@id":"https:\/\/all-car-news.com\/fr\/#organization","name":"All cars news","url":"https:\/\/all-car-news.com\/fr\/","logo":{"@type":"ImageObject","inLanguage":"fr-FR","@id":"https:\/\/all-car-news.com\/fr\/#\/schema\/logo\/image\/","url":"https:\/\/all-car-news.com\/wp-content\/uploads\/2022\/02\/CMYK-AllCarNews_LANDSCAPE_300px-1.png","contentUrl":"https:\/\/all-car-news.com\/wp-content\/uploads\/2022\/02\/CMYK-AllCarNews_LANDSCAPE_300px-1.png","width":300,"height":100,"caption":"All cars news"},"image":{"@id":"https:\/\/all-car-news.com\/fr\/#\/schema\/logo\/image\/"}}]}},"_links":{"self":[{"href":"https:\/\/all-car-news.com\/fr\/wp-json\/wp\/v2\/posts\/139868","targetHints":{"allow":["GET"]}}],"collection":[{"href":"https:\/\/all-car-news.com\/fr\/wp-json\/wp\/v2\/posts"}],"about":[{"href":"https:\/\/all-car-news.com\/fr\/wp-json\/wp\/v2\/types\/post"}],"replies":[{"embeddable":true,"href":"https:\/\/all-car-news.com\/fr\/wp-json\/wp\/v2\/comments?post=139868"}],"version-history":[{"count":0,"href":"https:\/\/all-car-news.com\/fr\/wp-json\/wp\/v2\/posts\/139868\/revisions"}],"wp:featuredmedia":[{"embeddable":true,"href":"https:\/\/all-car-news.com\/fr\/wp-json\/wp\/v2\/media\/143835"}],"wp:attachment":[{"href":"https:\/\/all-car-news.com\/fr\/wp-json\/wp\/v2\/media?parent=139868"}],"wp:term":[{"taxonomy":"category","embeddable":true,"href":"https:\/\/all-car-news.com\/fr\/wp-json\/wp\/v2\/categories?post=139868"},{"taxonomy":"post_tag","embeddable":true,"href":"https:\/\/all-car-news.com\/fr\/wp-json\/wp\/v2\/tags?post=139868"}],"curies":[{"name":"wp","href":"https:\/\/api.w.org\/{rel}","templated":true}]}}