{"id":139758,"date":"2023-10-12T12:38:08","date_gmt":"2023-10-12T12:38:08","guid":{"rendered":"https:\/\/all-car-news.com\/kia-presente-trois-nouveaux-vehicules-electriques\/"},"modified":"2023-10-12T12:38:08","modified_gmt":"2023-10-12T12:38:08","slug":"kia-presente-trois-nouveaux-vehicules-electriques","status":"publish","type":"post","link":"https:\/\/all-car-news.com\/fr\/kia-presente-trois-nouveaux-vehicules-electriques\/","title":{"rendered":"Kia pr\u00e9sente trois nouveaux v\u00e9hicules \u00e9lectriques"},"content":{"rendered":"<h2>Kia EV3<\/h2>\n<p>Sur les trois mod\u00e8les r\u00e9cemment d\u00e9voil\u00e9s, deux sont encore en phase de conception. Le Kia Concept EV3 est l&rsquo;un d&rsquo;entre eux. Il s&rsquo;agit d&rsquo;un crossover \u00e9lectrique compact, qui peut \u00eatre consid\u00e9r\u00e9 comme une version r\u00e9duite de l&rsquo;EV9. La voiture est dot\u00e9e d&rsquo;un pare-brise orient\u00e9 vers l&rsquo;avant et d&rsquo;un toit inclin\u00e9. Les sp\u00e9cifications techniques n&rsquo;ont pas encore \u00e9t\u00e9 communiqu\u00e9es par la marque. L&rsquo;int\u00e9rieur offre un \u00e9clairage d&rsquo;ambiance subtil et un tableau de bord d\u00e9licatement dessin\u00e9. Selon Kia, les si\u00e8ges sont avanc\u00e9s, ergonomiques et fabriqu\u00e9s \u00e0 partir de mat\u00e9riaux \u00e9cologiques.<\/p>\n<figure class=\"wp-block-image size-content\"><img decoding=\"async\" loading=\"lazy\" width=\"1140\" height=\"641\" src=\"https:\/\/autorai.nl\/wp-content\/uploads\/2023\/10\/9conceptev3-ext3-1140x641.jpg\" alt=\"\" class=\"wp-image-167777\"><\/figure>\n<figure class=\"wp-block-image size-content\"><img decoding=\"async\" loading=\"lazy\" width=\"1140\" height=\"641\" src=\"https:\/\/autorai.nl\/wp-content\/uploads\/2023\/10\/8conceptev3-ext2-1140x641.jpg\" alt=\"\" class=\"wp-image-167778\"><\/figure>\n<figure class=\"wp-block-image size-content\"><img decoding=\"async\" loading=\"lazy\" width=\"1140\" height=\"749\" src=\"https:\/\/autorai.nl\/wp-content\/uploads\/2023\/10\/8conceptev3-int1-1140x749.jpg\" alt=\"\" class=\"wp-image-167779\"><\/figure>\n<h2>Kia EV4<\/h2>\n<p>La Kia Concept EV4 a est une berline \u00e9lectrique sportive. Selon la marque, ce mod\u00e8le repr\u00e9sente l&rsquo;innovation. Il pr\u00e9sente des lignes marquantes et une allure sportive, avec un avant profil\u00e9 et une silhouette dynamique. L&rsquo;int\u00e9rieur de la voiture est \u00e9l\u00e9gant et spacieux, avec une attention particuli\u00e8re pour le conducteur. Les commandes peuvent \u00eatre cach\u00e9es lorsqu&rsquo;elles ne sont pas utilis\u00e9es.  <\/p>\n<figure class=\"wp-block-image size-content\"><img decoding=\"async\" loading=\"lazy\" width=\"1140\" height=\"707\" src=\"https:\/\/autorai.nl\/wp-content\/uploads\/2023\/10\/12conceptev4-ext3-1140x707.jpg\" alt=\"\" class=\"wp-image-167776\"><\/figure>\n<figure class=\"wp-block-image size-content\"><img decoding=\"async\" loading=\"lazy\" width=\"1140\" height=\"707\" src=\"https:\/\/autorai.nl\/wp-content\/uploads\/2023\/10\/10conceptev4-ext1-1140x707.jpg\" alt=\"\" class=\"wp-image-167775\"><\/figure>\n<figure class=\"wp-block-image size-content\"><img decoding=\"async\" loading=\"lazy\" width=\"1140\" height=\"758\" src=\"https:\/\/autorai.nl\/wp-content\/uploads\/2023\/10\/14conceptev4-int2-1140x758.jpg\" alt=\"\" class=\"wp-image-167780\"><\/figure>\n<h2>Kia EV5<\/h2>\n<p>Le Kia EV5 est un SUV \u00e9lectrique qui a d\u00e9pass\u00e9 le stade du concept. Les photos le montrent sous sa forme de production. Ce mod\u00e8le s&rsquo;appuie \u00e9galement sur le design de l&rsquo;EV9. Il est con\u00e7u sp\u00e9cialement pour les familles du mill\u00e9naire, selon Kia. Le v\u00e9hicule est bas\u00e9 sur la plateforme EV d\u00e9di\u00e9e de Kia, appel\u00e9e E-GMP, et est disponible dans diff\u00e9rentes configurations, avec des packs de batteries allant de 64 kWh \u00e0 88 kWh. La puissance varie de 218 \u00e0 313 ch. La port\u00e9e n&rsquo;est pas encore connue.<\/p>\n<figure class=\"wp-block-image size-content\"><img decoding=\"async\" loading=\"lazy\" width=\"1140\" height=\"707\" src=\"https:\/\/autorai.nl\/wp-content\/uploads\/2023\/10\/1ev5-ext1-1140x707.jpg\" alt=\"\" class=\"wp-image-167772\"><\/figure>\n<figure class=\"wp-block-image size-content\"><img decoding=\"async\" loading=\"lazy\" width=\"1140\" height=\"707\" src=\"https:\/\/autorai.nl\/wp-content\/uploads\/2023\/10\/3ev5-ext3-1-1140x707.jpg\" alt=\"\" class=\"wp-image-167773\"><\/figure>\n<p>\u00c0 l&rsquo;int\u00e9rieur de l&rsquo;EV5, un tableau de bord soign\u00e9 avec un grand \u00e9cran. Selon la marque, l&rsquo;int\u00e9rieur est con\u00e7u pour le confort et la praticit\u00e9, avec des si\u00e8ges r\u00e9glables et des fonctions de massage et de confort. La banquette arri\u00e8re peut \u00eatre compl\u00e8tement rabattue pour cr\u00e9er un espace de couchage, et il y a m\u00eame une unit\u00e9 de refroidissement et de chauffage pour les boissons et les en-cas. Polyvalente, l&rsquo;\u00e9tag\u00e8re \u00e0 chapeau dite Multi Table peut \u00eatre convertie en table pour plus de commodit\u00e9.<\/p>\n<figure class=\"wp-block-image size-content\"><img decoding=\"async\" loading=\"lazy\" width=\"1140\" height=\"679\" src=\"https:\/\/autorai.nl\/wp-content\/uploads\/2023\/10\/6ev5-int2-1140x679.jpg\" alt=\"\" class=\"wp-image-167774\"><\/figure><\/p>\n","protected":false},"excerpt":{"rendered":"Kia EV3 Parmi les trois mod\u00e8les r\u00e9cemment d\u00e9voil\u00e9s, deux sont encore en phase de concept. Le Kia Concept EV3 est\u2026","protected":false},"author":0,"featured_media":139736,"comment_status":"","ping_status":"open","sticky":false,"template":"","format":"standard","meta":{"footnotes":""},"categories":[127],"tags":[],"class_list":["post-139758","post","type-post","status-publish","format-standard","has-post-thumbnail","hentry","category-nouvelles-de-voiture"],"acf":[],"yoast_head":"<!-- This site is optimized with the Yoast SEO plugin v21.2 - https:\/\/yoast.com\/wordpress\/plugins\/seo\/ -->\n<title>Kia pr\u00e9sente trois nouveaux v\u00e9hicules \u00e9lectriques - All cars news<\/title>\n<meta name=\"robots\" content=\"index, follow, max-snippet:-1, max-image-preview:large, max-video-preview:-1\" \/>\n<link rel=\"canonical\" href=\"https:\/\/all-car-news.com\/fr\/kia-presente-trois-nouveaux-vehicules-electriques\/\" \/>\n<meta property=\"og:locale\" content=\"fr_FR\" \/>\n<meta property=\"og:type\" content=\"article\" \/>\n<meta property=\"og:title\" content=\"Kia pr\u00e9sente trois nouveaux v\u00e9hicules \u00e9lectriques - All cars news\" \/>\n<meta property=\"og:description\" content=\"Kia EV3 Parmi les trois mod\u00e8les r\u00e9cemment d\u00e9voil\u00e9s, deux sont encore en phase de concept. Le Kia Concept EV3 est l&#039;un d&#039;entre eux. Il s&#039;agit d&#039;un crossover \u00e9lectrique compact, qui peut \u00eatre consid\u00e9r\u00e9 comme une version r\u00e9duite de l&#039;EV9. La voiture se caract\u00e9rise par un pare-brise orient\u00e9 vers l&#039;avant et un toit inclin\u00e9. Le [\u2026]\" \/>\n<meta property=\"og:url\" content=\"https:\/\/all-car-news.com\/fr\/kia-presente-trois-nouveaux-vehicules-electriques\/\" \/>\n<meta property=\"og:site_name\" content=\"All cars news\" \/>\n<meta property=\"article:published_time\" content=\"2023-10-12T12:38:08+00:00\" \/>\n<meta property=\"og:image\" content=\"https:\/\/autorai.nl\/wp-content\/uploads\/2023\/10\/9conceptev3-ext3-1140x641.jpg\" \/>\n<meta name=\"twitter:card\" content=\"summary_large_image\" \/>\n<meta name=\"twitter:label1\" content=\"Dur\u00e9e de lecture estim\u00e9e\" \/>\n\t<meta name=\"twitter:data1\" content=\"2 minutes\" \/>\n<script type=\"application\/ld+json\" class=\"yoast-schema-graph\">{\"@context\":\"https:\/\/schema.org\",\"@graph\":[{\"@type\":\"Article\",\"@id\":\"https:\/\/all-car-news.com\/fr\/kia-presente-trois-nouveaux-vehicules-electriques\/#article\",\"isPartOf\":{\"@id\":\"https:\/\/all-car-news.com\/fr\/kia-presente-trois-nouveaux-vehicules-electriques\/\"},\"author\":{\"name\":\"\",\"@id\":\"\"},\"headline\":\"Kia pr\u00e9sente trois nouveaux v\u00e9hicules \u00e9lectriques\",\"datePublished\":\"2023-10-12T12:38:08+00:00\",\"dateModified\":\"2023-10-12T12:38:08+00:00\",\"mainEntityOfPage\":{\"@id\":\"https:\/\/all-car-news.com\/fr\/kia-presente-trois-nouveaux-vehicules-electriques\/\"},\"wordCount\":369,\"publisher\":{\"@id\":\"https:\/\/all-car-news.com\/fr\/#organization\"},\"articleSection\":[\"nouvelles de voiture\"],\"inLanguage\":\"fr-FR\"},{\"@type\":\"WebPage\",\"@id\":\"https:\/\/all-car-news.com\/fr\/kia-presente-trois-nouveaux-vehicules-electriques\/\",\"url\":\"https:\/\/all-car-news.com\/fr\/kia-presente-trois-nouveaux-vehicules-electriques\/\",\"name\":\"Kia pr\u00e9sente trois nouveaux v\u00e9hicules \u00e9lectriques - All cars news\",\"isPartOf\":{\"@id\":\"https:\/\/all-car-news.com\/fr\/#website\"},\"datePublished\":\"2023-10-12T12:38:08+00:00\",\"dateModified\":\"2023-10-12T12:38:08+00:00\",\"breadcrumb\":{\"@id\":\"https:\/\/all-car-news.com\/fr\/kia-presente-trois-nouveaux-vehicules-electriques\/#breadcrumb\"},\"inLanguage\":\"fr-FR\",\"potentialAction\":[{\"@type\":\"ReadAction\",\"target\":[\"https:\/\/all-car-news.com\/fr\/kia-presente-trois-nouveaux-vehicules-electriques\/\"]}]},{\"@type\":\"BreadcrumbList\",\"@id\":\"https:\/\/all-car-news.com\/fr\/kia-presente-trois-nouveaux-vehicules-electriques\/#breadcrumb\",\"itemListElement\":[{\"@type\":\"ListItem\",\"position\":1,\"name\":\"Home\",\"item\":\"https:\/\/all-car-news.com\/fr\/\"},{\"@type\":\"ListItem\",\"position\":2,\"name\":\"Kia pr\u00e9sente trois nouveaux v\u00e9hicules \u00e9lectriques\"}]},{\"@type\":\"WebSite\",\"@id\":\"https:\/\/all-car-news.com\/fr\/#website\",\"url\":\"https:\/\/all-car-news.com\/fr\/\",\"name\":\"All cars news\",\"description\":\"\",\"publisher\":{\"@id\":\"https:\/\/all-car-news.com\/fr\/#organization\"},\"potentialAction\":[{\"@type\":\"SearchAction\",\"target\":{\"@type\":\"EntryPoint\",\"urlTemplate\":\"https:\/\/all-car-news.com\/fr\/?s={search_term_string}\"},\"query-input\":\"required name=search_term_string\"}],\"inLanguage\":\"fr-FR\"},{\"@type\":\"Organization\",\"@id\":\"https:\/\/all-car-news.com\/fr\/#organization\",\"name\":\"All cars news\",\"url\":\"https:\/\/all-car-news.com\/fr\/\",\"logo\":{\"@type\":\"ImageObject\",\"inLanguage\":\"fr-FR\",\"@id\":\"https:\/\/all-car-news.com\/fr\/#\/schema\/logo\/image\/\",\"url\":\"https:\/\/all-car-news.com\/wp-content\/uploads\/2022\/02\/CMYK-AllCarNews_LANDSCAPE_300px-1.png\",\"contentUrl\":\"https:\/\/all-car-news.com\/wp-content\/uploads\/2022\/02\/CMYK-AllCarNews_LANDSCAPE_300px-1.png\",\"width\":300,\"height\":100,\"caption\":\"All cars news\"},\"image\":{\"@id\":\"https:\/\/all-car-news.com\/fr\/#\/schema\/logo\/image\/\"}}]}<\/script>\n<!-- \/ Yoast SEO plugin. -->","yoast_head_json":{"title":"Kia pr\u00e9sente trois nouveaux v\u00e9hicules \u00e9lectriques - All cars news","robots":{"index":"index","follow":"follow","max-snippet":"max-snippet:-1","max-image-preview":"max-image-preview:large","max-video-preview":"max-video-preview:-1"},"canonical":"https:\/\/all-car-news.com\/fr\/kia-presente-trois-nouveaux-vehicules-electriques\/","og_locale":"fr_FR","og_type":"article","og_title":"Kia pr\u00e9sente trois nouveaux v\u00e9hicules \u00e9lectriques - All cars news","og_description":"Kia EV3 Parmi les trois mod\u00e8les r\u00e9cemment d\u00e9voil\u00e9s, deux sont encore en phase de concept. Le Kia Concept EV3 est l'un d'entre eux. Il s'agit d'un crossover \u00e9lectrique compact, qui peut \u00eatre consid\u00e9r\u00e9 comme une version r\u00e9duite de l'EV9. La voiture se caract\u00e9rise par un pare-brise orient\u00e9 vers l'avant et un toit inclin\u00e9. Le [\u2026]","og_url":"https:\/\/all-car-news.com\/fr\/kia-presente-trois-nouveaux-vehicules-electriques\/","og_site_name":"All cars news","article_published_time":"2023-10-12T12:38:08+00:00","og_image":[{"url":"https:\/\/autorai.nl\/wp-content\/uploads\/2023\/10\/9conceptev3-ext3-1140x641.jpg"}],"twitter_card":"summary_large_image","twitter_misc":{"Dur\u00e9e de lecture estim\u00e9e":"2 minutes"},"schema":{"@context":"https:\/\/schema.org","@graph":[{"@type":"Article","@id":"https:\/\/all-car-news.com\/fr\/kia-presente-trois-nouveaux-vehicules-electriques\/#article","isPartOf":{"@id":"https:\/\/all-car-news.com\/fr\/kia-presente-trois-nouveaux-vehicules-electriques\/"},"author":{"name":"","@id":""},"headline":"Kia pr\u00e9sente trois nouveaux v\u00e9hicules \u00e9lectriques","datePublished":"2023-10-12T12:38:08+00:00","dateModified":"2023-10-12T12:38:08+00:00","mainEntityOfPage":{"@id":"https:\/\/all-car-news.com\/fr\/kia-presente-trois-nouveaux-vehicules-electriques\/"},"wordCount":369,"publisher":{"@id":"https:\/\/all-car-news.com\/fr\/#organization"},"articleSection":["nouvelles de voiture"],"inLanguage":"fr-FR"},{"@type":"WebPage","@id":"https:\/\/all-car-news.com\/fr\/kia-presente-trois-nouveaux-vehicules-electriques\/","url":"https:\/\/all-car-news.com\/fr\/kia-presente-trois-nouveaux-vehicules-electriques\/","name":"Kia pr\u00e9sente trois nouveaux v\u00e9hicules \u00e9lectriques - All cars news","isPartOf":{"@id":"https:\/\/all-car-news.com\/fr\/#website"},"datePublished":"2023-10-12T12:38:08+00:00","dateModified":"2023-10-12T12:38:08+00:00","breadcrumb":{"@id":"https:\/\/all-car-news.com\/fr\/kia-presente-trois-nouveaux-vehicules-electriques\/#breadcrumb"},"inLanguage":"fr-FR","potentialAction":[{"@type":"ReadAction","target":["https:\/\/all-car-news.com\/fr\/kia-presente-trois-nouveaux-vehicules-electriques\/"]}]},{"@type":"BreadcrumbList","@id":"https:\/\/all-car-news.com\/fr\/kia-presente-trois-nouveaux-vehicules-electriques\/#breadcrumb","itemListElement":[{"@type":"ListItem","position":1,"name":"Home","item":"https:\/\/all-car-news.com\/fr\/"},{"@type":"ListItem","position":2,"name":"Kia pr\u00e9sente trois nouveaux v\u00e9hicules \u00e9lectriques"}]},{"@type":"WebSite","@id":"https:\/\/all-car-news.com\/fr\/#website","url":"https:\/\/all-car-news.com\/fr\/","name":"All cars news","description":"","publisher":{"@id":"https:\/\/all-car-news.com\/fr\/#organization"},"potentialAction":[{"@type":"SearchAction","target":{"@type":"EntryPoint","urlTemplate":"https:\/\/all-car-news.com\/fr\/?s={search_term_string}"},"query-input":"required name=search_term_string"}],"inLanguage":"fr-FR"},{"@type":"Organization","@id":"https:\/\/all-car-news.com\/fr\/#organization","name":"All cars news","url":"https:\/\/all-car-news.com\/fr\/","logo":{"@type":"ImageObject","inLanguage":"fr-FR","@id":"https:\/\/all-car-news.com\/fr\/#\/schema\/logo\/image\/","url":"https:\/\/all-car-news.com\/wp-content\/uploads\/2022\/02\/CMYK-AllCarNews_LANDSCAPE_300px-1.png","contentUrl":"https:\/\/all-car-news.com\/wp-content\/uploads\/2022\/02\/CMYK-AllCarNews_LANDSCAPE_300px-1.png","width":300,"height":100,"caption":"All cars news"},"image":{"@id":"https:\/\/all-car-news.com\/fr\/#\/schema\/logo\/image\/"}}]}},"_links":{"self":[{"href":"https:\/\/all-car-news.com\/fr\/wp-json\/wp\/v2\/posts\/139758","targetHints":{"allow":["GET"]}}],"collection":[{"href":"https:\/\/all-car-news.com\/fr\/wp-json\/wp\/v2\/posts"}],"about":[{"href":"https:\/\/all-car-news.com\/fr\/wp-json\/wp\/v2\/types\/post"}],"replies":[{"embeddable":true,"href":"https:\/\/all-car-news.com\/fr\/wp-json\/wp\/v2\/comments?post=139758"}],"version-history":[{"count":0,"href":"https:\/\/all-car-news.com\/fr\/wp-json\/wp\/v2\/posts\/139758\/revisions"}],"wp:featuredmedia":[{"embeddable":true,"href":"https:\/\/all-car-news.com\/fr\/wp-json\/wp\/v2\/media\/139736"}],"wp:attachment":[{"href":"https:\/\/all-car-news.com\/fr\/wp-json\/wp\/v2\/media?parent=139758"}],"wp:term":[{"taxonomy":"category","embeddable":true,"href":"https:\/\/all-car-news.com\/fr\/wp-json\/wp\/v2\/categories?post=139758"},{"taxonomy":"post_tag","embeddable":true,"href":"https:\/\/all-car-news.com\/fr\/wp-json\/wp\/v2\/tags?post=139758"}],"curies":[{"name":"wp","href":"https:\/\/api.w.org\/{rel}","templated":true}]}}