{"id":139675,"date":"2023-10-10T12:25:05","date_gmt":"2023-10-10T12:25:05","guid":{"rendered":"https:\/\/all-car-news.com\/cette-ds-7-blindee-peut-en-prendre-pour-son-grade\/"},"modified":"2023-10-10T12:25:05","modified_gmt":"2023-10-10T12:25:05","slug":"cette-ds-7-blindee-peut-en-prendre-pour-son-grade","status":"publish","type":"post","link":"https:\/\/all-car-news.com\/fr\/cette-ds-7-blindee-peut-en-prendre-pour-son-grade\/","title":{"rendered":"Cette DS 7 blind\u00e9e peut en prendre pour son grade"},"content":{"rendered":"<h2>Pr\u00e9sident<\/h2>\n<p>En collaboration avec le groupe WELP, DS a d\u00e9j\u00e0 sorti une DS 7 blind\u00e9e pour le pr\u00e9sident fran\u00e7ais : la DS 7 \u00c9lys\u00e9e. Il est bas\u00e9 sur le mod\u00e8le hybride rechargeable DS 7 E-Tense 4\u00d74 300 et a \u00e9t\u00e9 allong\u00e9 d&rsquo;environ 20 centim\u00e8tres. L&rsquo;enthousiasme suscit\u00e9 par la DS 7 \u00c9lys\u00e9e a ouvert la voie au d\u00e9veloppement d&rsquo;une petite gamme de versions blind\u00e9es.<\/p>\n<h2>Fortifications<\/h2>\n<p>Le Vauban est le fruit d&rsquo;une collaboration renouvel\u00e9e entre DS Automobiles et WELP Group. Le mod\u00e8le sera assembl\u00e9 par WELP France \u00e0 H\u00e9rimoncourt, o\u00f9 la soci\u00e9t\u00e9 a repris une partie d&rsquo;un ancien site de Stellantis. Le nom de la DS 7 Vauban fait r\u00e9f\u00e9rence \u00e0 S\u00e9bastien Le Prestre de Vauban, qui a construit un grand nombre de fortifications en France \u00e0 la fin du XVIIe si\u00e8cle, dont 12 sont class\u00e9es au patrimoine mondial de l&rsquo;UNESCO.<\/p>\n<figure class=\"wp-block-image size-content\"><img decoding=\"async\" loading=\"lazy\" width=\"1140\" height=\"721\" src=\"https:\/\/autorai.nl\/wp-content\/uploads\/2023\/10\/DS-7-vauban-1-1140x721.jpg\" alt=\"\" class=\"wp-image-167576\"><\/figure>\n<h2>Aramide<\/h2>\n<p>La DS 7 Vauban est une forteresse de conduite sp\u00e9cialement con\u00e7ue comme voiture s\u00e9curis\u00e9e sur la base de la DS 7 E-Tense 4\u00d74 300. Le mod\u00e8le est renforc\u00e9 par des mat\u00e9riaux l\u00e9gers, tels que l&rsquo;aramide, qui sont exceptionnellement r\u00e9sistants aux chocs et \u00e0 la chaleur. Pour r\u00e9pondre au niveau de protection VPAM 4, le Vauban est \u00e9galement \u00e9quip\u00e9 d&rsquo;un verre de s\u00e9curit\u00e9.  <\/p>\n<h2>Porte-drapeaux et extincteurs<\/h2>\n<p>En plus de tous les accessoires suppl\u00e9mentaires \u00e9num\u00e9r\u00e9s dans la <a href=\"https:\/\/youtu.be\/da_t-S9gL34?si=suNGR9fC7hnLVTyH\">brochure DS 7<\/a>, des options sp\u00e9cifiques sont disponibles sur demande en termes de s\u00e9curit\u00e9, de protection, de confort et de personnalisation, telles que des extincteurs automatiques, un syst\u00e8me de ventilation ferm\u00e9, une sir\u00e8ne, un interphone, des connexions USB suppl\u00e9mentaires et des lampes de lecture, ainsi que des options de personnalisation des couleurs de la carrosserie, des garnitures int\u00e9rieures, des surpiq\u00fbres et des porte-drapeaux. Les premiers exemplaires de la DS 7 Vauban seront disponibles \u00e0 partir d&rsquo;avril 2024.<\/p>\n<figure class=\"wp-block-embed is-type-video is-provider-youtube wp-block-embed-youtube wp-embed-aspect-16-9 wp-has-aspect-ratio\">\n<div class=\"wp-block-embed__wrapper\">\n<\/div>\n<\/figure>\n","protected":false},"excerpt":{"rendered":"Pr\u00e9sident En collaboration avec le groupe WELP, DS a d\u00e9j\u00e0 sorti une DS 7 blind\u00e9e pour le pr\u00e9sident fran\u00e7ais :\u2026","protected":false},"author":0,"featured_media":145174,"comment_status":"","ping_status":"open","sticky":false,"template":"","format":"standard","meta":{"footnotes":""},"categories":[127],"tags":[],"class_list":["post-139675","post","type-post","status-publish","format-standard","has-post-thumbnail","hentry","category-nouvelles-de-voiture"],"acf":[],"yoast_head":"<!-- This site is optimized with the Yoast SEO plugin v21.2 - https:\/\/yoast.com\/wordpress\/plugins\/seo\/ -->\n<title>Cette DS 7 blind\u00e9e peut en prendre pour son grade - All cars news<\/title>\n<meta name=\"robots\" content=\"index, follow, max-snippet:-1, max-image-preview:large, max-video-preview:-1\" \/>\n<link rel=\"canonical\" href=\"https:\/\/all-car-news.com\/fr\/cette-ds-7-blindee-peut-en-prendre-pour-son-grade\/\" \/>\n<meta property=\"og:locale\" content=\"fr_FR\" \/>\n<meta property=\"og:type\" content=\"article\" \/>\n<meta property=\"og:title\" content=\"Cette DS 7 blind\u00e9e peut en prendre pour son grade - All cars news\" \/>\n<meta property=\"og:description\" content=\"Pr\u00e9sident En collaboration avec le groupe WELP, DS a d\u00e9j\u00e0 sorti une DS 7 blind\u00e9e pour le pr\u00e9sident fran\u00e7ais : la DS 7 \u00c9lys\u00e9e. Il est bas\u00e9 sur le mod\u00e8le hybride rechargeable DS 7 E-Tense 4\u00d74 300 et a \u00e9t\u00e9 allong\u00e9 d&#039;environ 20 centim\u00e8tres. L&#039;enthousiasme suscit\u00e9 par la DS 7 \u00c9lys\u00e9e a ouvert la voie au d\u00e9veloppement [...]\" \/>\n<meta property=\"og:url\" content=\"https:\/\/all-car-news.com\/fr\/cette-ds-7-blindee-peut-en-prendre-pour-son-grade\/\" \/>\n<meta property=\"og:site_name\" content=\"All cars news\" \/>\n<meta property=\"article:published_time\" content=\"2023-10-10T12:25:05+00:00\" \/>\n<meta property=\"og:image\" content=\"https:\/\/autorai.nl\/wp-content\/uploads\/2023\/10\/DS-7-vauban-1-1140x721.jpg\" \/>\n<meta name=\"twitter:card\" content=\"summary_large_image\" \/>\n<meta name=\"twitter:label1\" content=\"Dur\u00e9e de lecture estim\u00e9e\" \/>\n\t<meta name=\"twitter:data1\" content=\"2 minutes\" \/>\n<script type=\"application\/ld+json\" class=\"yoast-schema-graph\">{\"@context\":\"https:\/\/schema.org\",\"@graph\":[{\"@type\":\"Article\",\"@id\":\"https:\/\/all-car-news.com\/fr\/cette-ds-7-blindee-peut-en-prendre-pour-son-grade\/#article\",\"isPartOf\":{\"@id\":\"https:\/\/all-car-news.com\/fr\/cette-ds-7-blindee-peut-en-prendre-pour-son-grade\/\"},\"author\":{\"name\":\"\",\"@id\":\"\"},\"headline\":\"Cette DS 7 blind\u00e9e peut en prendre pour son grade\",\"datePublished\":\"2023-10-10T12:25:05+00:00\",\"dateModified\":\"2023-10-10T12:25:05+00:00\",\"mainEntityOfPage\":{\"@id\":\"https:\/\/all-car-news.com\/fr\/cette-ds-7-blindee-peut-en-prendre-pour-son-grade\/\"},\"wordCount\":319,\"publisher\":{\"@id\":\"https:\/\/all-car-news.com\/fr\/#organization\"},\"articleSection\":[\"nouvelles de voiture\"],\"inLanguage\":\"fr-FR\"},{\"@type\":\"WebPage\",\"@id\":\"https:\/\/all-car-news.com\/fr\/cette-ds-7-blindee-peut-en-prendre-pour-son-grade\/\",\"url\":\"https:\/\/all-car-news.com\/fr\/cette-ds-7-blindee-peut-en-prendre-pour-son-grade\/\",\"name\":\"Cette DS 7 blind\u00e9e peut en prendre pour son grade - All cars news\",\"isPartOf\":{\"@id\":\"https:\/\/all-car-news.com\/fr\/#website\"},\"datePublished\":\"2023-10-10T12:25:05+00:00\",\"dateModified\":\"2023-10-10T12:25:05+00:00\",\"breadcrumb\":{\"@id\":\"https:\/\/all-car-news.com\/fr\/cette-ds-7-blindee-peut-en-prendre-pour-son-grade\/#breadcrumb\"},\"inLanguage\":\"fr-FR\",\"potentialAction\":[{\"@type\":\"ReadAction\",\"target\":[\"https:\/\/all-car-news.com\/fr\/cette-ds-7-blindee-peut-en-prendre-pour-son-grade\/\"]}]},{\"@type\":\"BreadcrumbList\",\"@id\":\"https:\/\/all-car-news.com\/fr\/cette-ds-7-blindee-peut-en-prendre-pour-son-grade\/#breadcrumb\",\"itemListElement\":[{\"@type\":\"ListItem\",\"position\":1,\"name\":\"Home\",\"item\":\"https:\/\/all-car-news.com\/fr\/\"},{\"@type\":\"ListItem\",\"position\":2,\"name\":\"Cette DS 7 blind\u00e9e peut en prendre pour son grade\"}]},{\"@type\":\"WebSite\",\"@id\":\"https:\/\/all-car-news.com\/fr\/#website\",\"url\":\"https:\/\/all-car-news.com\/fr\/\",\"name\":\"All cars news\",\"description\":\"\",\"publisher\":{\"@id\":\"https:\/\/all-car-news.com\/fr\/#organization\"},\"potentialAction\":[{\"@type\":\"SearchAction\",\"target\":{\"@type\":\"EntryPoint\",\"urlTemplate\":\"https:\/\/all-car-news.com\/fr\/?s={search_term_string}\"},\"query-input\":\"required name=search_term_string\"}],\"inLanguage\":\"fr-FR\"},{\"@type\":\"Organization\",\"@id\":\"https:\/\/all-car-news.com\/fr\/#organization\",\"name\":\"All cars news\",\"url\":\"https:\/\/all-car-news.com\/fr\/\",\"logo\":{\"@type\":\"ImageObject\",\"inLanguage\":\"fr-FR\",\"@id\":\"https:\/\/all-car-news.com\/fr\/#\/schema\/logo\/image\/\",\"url\":\"https:\/\/all-car-news.com\/wp-content\/uploads\/2022\/02\/CMYK-AllCarNews_LANDSCAPE_300px-1.png\",\"contentUrl\":\"https:\/\/all-car-news.com\/wp-content\/uploads\/2022\/02\/CMYK-AllCarNews_LANDSCAPE_300px-1.png\",\"width\":300,\"height\":100,\"caption\":\"All cars news\"},\"image\":{\"@id\":\"https:\/\/all-car-news.com\/fr\/#\/schema\/logo\/image\/\"}}]}<\/script>\n<!-- \/ Yoast SEO plugin. -->","yoast_head_json":{"title":"Cette DS 7 blind\u00e9e peut en prendre pour son grade - All cars news","robots":{"index":"index","follow":"follow","max-snippet":"max-snippet:-1","max-image-preview":"max-image-preview:large","max-video-preview":"max-video-preview:-1"},"canonical":"https:\/\/all-car-news.com\/fr\/cette-ds-7-blindee-peut-en-prendre-pour-son-grade\/","og_locale":"fr_FR","og_type":"article","og_title":"Cette DS 7 blind\u00e9e peut en prendre pour son grade - All cars news","og_description":"Pr\u00e9sident En collaboration avec le groupe WELP, DS a d\u00e9j\u00e0 sorti une DS 7 blind\u00e9e pour le pr\u00e9sident fran\u00e7ais : la DS 7 \u00c9lys\u00e9e. Il est bas\u00e9 sur le mod\u00e8le hybride rechargeable DS 7 E-Tense 4\u00d74 300 et a \u00e9t\u00e9 allong\u00e9 d'environ 20 centim\u00e8tres. L'enthousiasme suscit\u00e9 par la DS 7 \u00c9lys\u00e9e a ouvert la voie au d\u00e9veloppement [...]","og_url":"https:\/\/all-car-news.com\/fr\/cette-ds-7-blindee-peut-en-prendre-pour-son-grade\/","og_site_name":"All cars news","article_published_time":"2023-10-10T12:25:05+00:00","og_image":[{"url":"https:\/\/autorai.nl\/wp-content\/uploads\/2023\/10\/DS-7-vauban-1-1140x721.jpg"}],"twitter_card":"summary_large_image","twitter_misc":{"Dur\u00e9e de lecture estim\u00e9e":"2 minutes"},"schema":{"@context":"https:\/\/schema.org","@graph":[{"@type":"Article","@id":"https:\/\/all-car-news.com\/fr\/cette-ds-7-blindee-peut-en-prendre-pour-son-grade\/#article","isPartOf":{"@id":"https:\/\/all-car-news.com\/fr\/cette-ds-7-blindee-peut-en-prendre-pour-son-grade\/"},"author":{"name":"","@id":""},"headline":"Cette DS 7 blind\u00e9e peut en prendre pour son grade","datePublished":"2023-10-10T12:25:05+00:00","dateModified":"2023-10-10T12:25:05+00:00","mainEntityOfPage":{"@id":"https:\/\/all-car-news.com\/fr\/cette-ds-7-blindee-peut-en-prendre-pour-son-grade\/"},"wordCount":319,"publisher":{"@id":"https:\/\/all-car-news.com\/fr\/#organization"},"articleSection":["nouvelles de voiture"],"inLanguage":"fr-FR"},{"@type":"WebPage","@id":"https:\/\/all-car-news.com\/fr\/cette-ds-7-blindee-peut-en-prendre-pour-son-grade\/","url":"https:\/\/all-car-news.com\/fr\/cette-ds-7-blindee-peut-en-prendre-pour-son-grade\/","name":"Cette DS 7 blind\u00e9e peut en prendre pour son grade - All cars news","isPartOf":{"@id":"https:\/\/all-car-news.com\/fr\/#website"},"datePublished":"2023-10-10T12:25:05+00:00","dateModified":"2023-10-10T12:25:05+00:00","breadcrumb":{"@id":"https:\/\/all-car-news.com\/fr\/cette-ds-7-blindee-peut-en-prendre-pour-son-grade\/#breadcrumb"},"inLanguage":"fr-FR","potentialAction":[{"@type":"ReadAction","target":["https:\/\/all-car-news.com\/fr\/cette-ds-7-blindee-peut-en-prendre-pour-son-grade\/"]}]},{"@type":"BreadcrumbList","@id":"https:\/\/all-car-news.com\/fr\/cette-ds-7-blindee-peut-en-prendre-pour-son-grade\/#breadcrumb","itemListElement":[{"@type":"ListItem","position":1,"name":"Home","item":"https:\/\/all-car-news.com\/fr\/"},{"@type":"ListItem","position":2,"name":"Cette DS 7 blind\u00e9e peut en prendre pour son grade"}]},{"@type":"WebSite","@id":"https:\/\/all-car-news.com\/fr\/#website","url":"https:\/\/all-car-news.com\/fr\/","name":"All cars news","description":"","publisher":{"@id":"https:\/\/all-car-news.com\/fr\/#organization"},"potentialAction":[{"@type":"SearchAction","target":{"@type":"EntryPoint","urlTemplate":"https:\/\/all-car-news.com\/fr\/?s={search_term_string}"},"query-input":"required name=search_term_string"}],"inLanguage":"fr-FR"},{"@type":"Organization","@id":"https:\/\/all-car-news.com\/fr\/#organization","name":"All cars news","url":"https:\/\/all-car-news.com\/fr\/","logo":{"@type":"ImageObject","inLanguage":"fr-FR","@id":"https:\/\/all-car-news.com\/fr\/#\/schema\/logo\/image\/","url":"https:\/\/all-car-news.com\/wp-content\/uploads\/2022\/02\/CMYK-AllCarNews_LANDSCAPE_300px-1.png","contentUrl":"https:\/\/all-car-news.com\/wp-content\/uploads\/2022\/02\/CMYK-AllCarNews_LANDSCAPE_300px-1.png","width":300,"height":100,"caption":"All cars news"},"image":{"@id":"https:\/\/all-car-news.com\/fr\/#\/schema\/logo\/image\/"}}]}},"_links":{"self":[{"href":"https:\/\/all-car-news.com\/fr\/wp-json\/wp\/v2\/posts\/139675","targetHints":{"allow":["GET"]}}],"collection":[{"href":"https:\/\/all-car-news.com\/fr\/wp-json\/wp\/v2\/posts"}],"about":[{"href":"https:\/\/all-car-news.com\/fr\/wp-json\/wp\/v2\/types\/post"}],"replies":[{"embeddable":true,"href":"https:\/\/all-car-news.com\/fr\/wp-json\/wp\/v2\/comments?post=139675"}],"version-history":[{"count":0,"href":"https:\/\/all-car-news.com\/fr\/wp-json\/wp\/v2\/posts\/139675\/revisions"}],"wp:featuredmedia":[{"embeddable":true,"href":"https:\/\/all-car-news.com\/fr\/wp-json\/wp\/v2\/media\/145174"}],"wp:attachment":[{"href":"https:\/\/all-car-news.com\/fr\/wp-json\/wp\/v2\/media?parent=139675"}],"wp:term":[{"taxonomy":"category","embeddable":true,"href":"https:\/\/all-car-news.com\/fr\/wp-json\/wp\/v2\/categories?post=139675"},{"taxonomy":"post_tag","embeddable":true,"href":"https:\/\/all-car-news.com\/fr\/wp-json\/wp\/v2\/tags?post=139675"}],"curies":[{"name":"wp","href":"https:\/\/api.w.org\/{rel}","templated":true}]}}