{"id":139667,"date":"2023-10-09T13:18:00","date_gmt":"2023-10-09T13:18:00","guid":{"rendered":"https:\/\/all-car-news.com\/30-ans-de-mini-cabriolets-mini-cooper-s-cabriolet-2023-critique-de-la-mini-cooper-s-cabriolet-2023\/"},"modified":"2023-10-09T13:18:00","modified_gmt":"2023-10-09T13:18:00","slug":"30-ans-de-mini-cabriolets-mini-cooper-s-cabriolet-2023-critique-de-la-mini-cooper-s-cabriolet-2023","status":"publish","type":"post","link":"https:\/\/all-car-news.com\/fr\/30-ans-de-mini-cabriolets-mini-cooper-s-cabriolet-2023-critique-de-la-mini-cooper-s-cabriolet-2023\/","title":{"rendered":"30 ans de mini-cabriolets ! Mini Cooper S Cabriolet (2023) Critique de la Mini Cooper S Cabriolet (2023)"},"content":{"rendered":"<h2>Mini cabriolet<\/h2>\n<p>Le <em>temps passe vite quand on s&rsquo;amuse<\/em>, surtout quand on a le toit baiss\u00e9 et qu&rsquo;on sent le vent dans les cheveux. Le cabriolet compact f\u00eate cette ann\u00e9e son 30e anniversaire. Le tout premier cabriolet officiel de Mini a fait ses d\u00e9buts tant attendus au salon de l&rsquo;automobile de NEC en 1992. En 1993, les automobilistes ont pu la conduire en sortant de la salle d&rsquo;exposition. \u00c0 l&rsquo;\u00e9poque, vous aviez le choix entre deux couleurs : le rouge feu de nuit et le bleu cara\u00efbe. Toutes les voitures \u00e9taient \u00e9quip\u00e9es d&rsquo;un moteur de 1,3 litre, d&rsquo;un luxueux tableau de bord en noyer et de si\u00e8ges sport Cobra.  <\/p>\n<figure class=\"wp-block-image size-content\"><img decoding=\"async\" loading=\"lazy\" width=\"1140\" height=\"760\" src=\"https:\/\/autorai.nl\/wp-content\/uploads\/2023\/10\/P1111773-1140x760.jpg\" alt=\"\" class=\"wp-image-167546\"><\/figure>\n<figure class=\"wp-block-image size-content\"><img decoding=\"async\" loading=\"lazy\" width=\"1140\" height=\"760\" src=\"https:\/\/autorai.nl\/wp-content\/uploads\/2023\/10\/P1111817-1-1140x760.jpg\" alt=\"\" class=\"wp-image-167554\"><\/figure>\n<h2>15 secondes<\/h2>\n<p>Sept ans plus tard, fin septembre 2000, la premi\u00e8re nouvelle Mini est pr\u00e9sent\u00e9e au Mondial de l&rsquo;Automobile \u00e0 Paris. En 2004, la Mini Cabriolet est arriv\u00e9e sur le march\u00e9. Il \u00e9tait \u00e9quip\u00e9 d&rsquo;une paire d&rsquo;arceaux de s\u00e9curit\u00e9 chrom\u00e9s fixes derri\u00e8re lesquels le toit pouvait s&rsquo;ins\u00e9rer. Le toit est quant \u00e0 lui rabattable \u00e9lectroniquement et peut se fermer compl\u00e8tement en 15 secondes seulement. Pratique lorsque la m\u00e9t\u00e9o n\u00e9erlandaise montre ses caprices habituels.  <\/p>\n<figure class=\"wp-block-image size-content\"><img decoding=\"async\" loading=\"lazy\" width=\"1140\" height=\"760\" src=\"https:\/\/autorai.nl\/wp-content\/uploads\/2023\/10\/P1111798-1140x760.jpg\" alt=\"\" class=\"wp-image-167547\"><\/figure>\n<figure class=\"wp-block-image size-content\"><img decoding=\"async\" loading=\"lazy\" width=\"1140\" height=\"760\" src=\"https:\/\/autorai.nl\/wp-content\/uploads\/2023\/10\/P1111712-2-1140x760.jpg\" alt=\"\" class=\"wp-image-167557\"><\/figure>\n<h2>Sensation de karting<\/h2>\n<p>Mini est connue pour son comportement sportif, et le cabriolet ne fait pas exception \u00e0 la r\u00e8gle. Le centre de gravit\u00e9 bas et l&rsquo;agilit\u00e9 de la Mini offrent une exp\u00e9rience de conduite agr\u00e9able, en particulier sur les routes sinueuses. L&rsquo;adh\u00e9rence semble parfois infinie dans la Cooper S Cabriolet que nous avons mise \u00e0 l&rsquo;\u00e9preuve. Le puissant moteur turbo deux litres de 178 ch et le ch\u00e2ssis rigide de la Cabrio vous permettent d&rsquo;appr\u00e9cier les virages serr\u00e9s \u00e0 l&rsquo;infini. Et ce, sans perdre le confort de conduite. Certes, quelques gros dos d&rsquo;\u00e2ne vous obligeront \u00e0 freiner bri\u00e8vement, mais gr\u00e2ce \u00e0 la qualit\u00e9 des routes n\u00e9erlandaises, vous ne souffrirez jamais de maux de dos.<\/p>\n<figure class=\"wp-block-image size-content\"><img decoding=\"async\" loading=\"lazy\" width=\"1140\" height=\"760\" src=\"https:\/\/autorai.nl\/wp-content\/uploads\/2023\/10\/P1111853-1140x760.jpg\" alt=\"\" class=\"wp-image-167548\"><\/figure>\n<figure class=\"wp-block-image size-content\"><img decoding=\"async\" loading=\"lazy\" width=\"1140\" height=\"760\" src=\"https:\/\/autorai.nl\/wp-content\/uploads\/2023\/10\/P1111700-2-1140x760.jpg\" alt=\"\" class=\"wp-image-167556\"><\/figure>\n<h2>Plus d&rsquo;informations<\/h2>\n<p>On n&rsquo;ach\u00e8te pas une Mini pour son c\u00f4t\u00e9 pratique. Le style et l&rsquo;allure, c&rsquo;est ce qui compte. Le design de la Mini Cooper n&rsquo;a cess\u00e9 de s&rsquo;affiner au fil des ans. Il en va de m\u00eame pour le Cabriolet. Le mod\u00e8le a continu\u00e9 \u00e0 \u00eatre habill\u00e9 avec des phares chrom\u00e9s, une calandre hexagonale, des jantes en alliage plus grandes, un int\u00e9rieur plus spacieux, une bo\u00eete \u00e0 gants r\u00e9frig\u00e9r\u00e9e, une cam\u00e9ra de recul et des capteurs de stationnement, ainsi qu&rsquo;un tout nouveau syst\u00e8me d&rsquo;infodivertissement, entre autres. L&rsquo;ensemble John Cooper Works qui \u00e9quipe notre voiture d&rsquo;essai lui conf\u00e8re un caract\u00e8re encore plus tranchant. Il suffit de regarder ce diffuseur. Ces derni\u00e8res ann\u00e9es, la gamme s&rsquo;est enrichie d&rsquo;un nombre croissant d&rsquo;options de couleurs. La voiture d&rsquo;essai est habill\u00e9e d&rsquo;un jaune \u00e9clatant, le Zesty Yellow. C&rsquo;est bien, non ?<\/p>\n<figure class=\"wp-block-image size-content\"><img decoding=\"async\" loading=\"lazy\" width=\"1140\" height=\"760\" src=\"https:\/\/autorai.nl\/wp-content\/uploads\/2023\/10\/P1111765-1140x760.jpg\" alt=\"\" class=\"wp-image-167549\"><\/figure>\n<figure class=\"wp-block-gallery has-nested-images columns-default is-cropped\">\n<figure class=\"wp-block-image size-large\"><img decoding=\"async\" loading=\"lazy\" width=\"1140\" height=\"760\" data-id=\"167558\" src=\"https:\/\/autorai.nl\/wp-content\/uploads\/2023\/10\/P1111715-1140x760.jpg\" alt=\"\" class=\"wp-image-167558\"><\/figure>\n<\/figure>\n<h2>Enti\u00e8rement \u00e9lectrique<\/h2>\n<p>Depuis 2023, Mini vous permet \u00e9galement de profiter d&rsquo;une exp\u00e9rience de conduite ouverte dans un silence presque total &#8211; et sans \u00e9missions nocives. En effet, il existe d\u00e9sormais une Mini Cabriolet enti\u00e8rement \u00e9lectrique : la <a href=\"https:\/\/autorai.nl\/review-mini-electric-cabrio-2023-de-eerste-elektrische-cabrio\/\">Mini Electric Cabrio<\/a>. La marque fait ses adieux \u00e0 la g\u00e9n\u00e9ration actuelle de la Mini Electric avec cette version d\u00e9capotable. En fait, une toute nouvelle g\u00e9n\u00e9ration de Mini sera lanc\u00e9e l&rsquo;ann\u00e9e prochaine : regardez <a href=\"https:\/\/youtu.be\/cI8YZ2-TEbA?feature=shared\">cette vid\u00e9o<\/a>. Qu&rsquo;est-ce que cela fait de conduire une voiture silencieuse sans toit ? Vous pouvez le constater dans la vid\u00e9o ci-dessous :<\/p>\n<figure class=\"wp-block-embed is-type-video is-provider-youtube wp-block-embed-youtube wp-embed-aspect-16-9 wp-has-aspect-ratio\">\n<div class=\"wp-block-embed__wrapper\">\n<\/div>\n<\/figure>\n","protected":false},"excerpt":{"rendered":"Mini cabriolet Le temps passe vite quand on s'amuse, surtout quand on a le toit baiss\u00e9 et qu'on sent le\u2026","protected":false},"author":0,"featured_media":139652,"comment_status":"","ping_status":"open","sticky":false,"template":"","format":"standard","meta":{"footnotes":""},"categories":[147,127],"tags":[],"class_list":["post-139667","post","type-post","status-publish","format-standard","has-post-thumbnail","hentry","category-essais-de-voiture","category-nouvelles-de-voiture"],"acf":[],"yoast_head":"<!-- This site is optimized with the Yoast SEO plugin v21.2 - https:\/\/yoast.com\/wordpress\/plugins\/seo\/ -->\n<title>30 ans de mini-cabriolets ! Mini Cooper S Cabriolet (2023) Critique de la Mini Cooper S Cabriolet (2023) - All cars news<\/title>\n<meta name=\"robots\" content=\"index, follow, max-snippet:-1, max-image-preview:large, max-video-preview:-1\" \/>\n<link rel=\"canonical\" href=\"https:\/\/all-car-news.com\/fr\/30-ans-de-mini-cabriolets-mini-cooper-s-cabriolet-2023-critique-de-la-mini-cooper-s-cabriolet-2023\/\" \/>\n<meta property=\"og:locale\" content=\"fr_FR\" \/>\n<meta property=\"og:type\" content=\"article\" \/>\n<meta property=\"og:title\" content=\"30 ans de mini-cabriolets ! Mini Cooper S Cabriolet (2023) Critique de la Mini Cooper S Cabriolet (2023) - All cars news\" \/>\n<meta property=\"og:description\" content=\"Mini cabriolet Le temps passe vite quand on s&#039;amuse, surtout quand on a le toit baiss\u00e9 et qu&#039;on sent le vent dans les cheveux. Le cabriolet compact f\u00eate cette ann\u00e9e son 30e anniversaire. Le tout premier cabriolet officiel de Mini a fait ses d\u00e9buts tant attendus au salon de l&#039;automobile de NEC en 1992. En 1993, les conducteurs pouvaient l&#039;utiliser pour se rendre [...] \u00e0 la salle d&#039;exposition.\" \/>\n<meta property=\"og:url\" content=\"https:\/\/all-car-news.com\/fr\/30-ans-de-mini-cabriolets-mini-cooper-s-cabriolet-2023-critique-de-la-mini-cooper-s-cabriolet-2023\/\" \/>\n<meta property=\"og:site_name\" content=\"All cars news\" \/>\n<meta property=\"article:published_time\" content=\"2023-10-09T13:18:00+00:00\" \/>\n<meta property=\"og:image\" content=\"https:\/\/autorai.nl\/wp-content\/uploads\/2023\/10\/P1111773-1140x760.jpg\" \/>\n<meta name=\"twitter:card\" content=\"summary_large_image\" \/>\n<meta name=\"twitter:label1\" content=\"Dur\u00e9e de lecture estim\u00e9e\" \/>\n\t<meta name=\"twitter:data1\" content=\"3 minutes\" \/>\n<script type=\"application\/ld+json\" class=\"yoast-schema-graph\">{\"@context\":\"https:\/\/schema.org\",\"@graph\":[{\"@type\":\"Article\",\"@id\":\"https:\/\/all-car-news.com\/fr\/30-ans-de-mini-cabriolets-mini-cooper-s-cabriolet-2023-critique-de-la-mini-cooper-s-cabriolet-2023\/#article\",\"isPartOf\":{\"@id\":\"https:\/\/all-car-news.com\/fr\/30-ans-de-mini-cabriolets-mini-cooper-s-cabriolet-2023-critique-de-la-mini-cooper-s-cabriolet-2023\/\"},\"author\":{\"name\":\"\",\"@id\":\"\"},\"headline\":\"30 ans de mini-cabriolets ! Mini Cooper S Cabriolet (2023) Critique de la Mini Cooper S Cabriolet (2023)\",\"datePublished\":\"2023-10-09T13:18:00+00:00\",\"dateModified\":\"2023-10-09T13:18:00+00:00\",\"mainEntityOfPage\":{\"@id\":\"https:\/\/all-car-news.com\/fr\/30-ans-de-mini-cabriolets-mini-cooper-s-cabriolet-2023-critique-de-la-mini-cooper-s-cabriolet-2023\/\"},\"wordCount\":577,\"publisher\":{\"@id\":\"https:\/\/all-car-news.com\/fr\/#organization\"},\"articleSection\":[\"essais de voiture\",\"nouvelles de voiture\"],\"inLanguage\":\"fr-FR\"},{\"@type\":\"WebPage\",\"@id\":\"https:\/\/all-car-news.com\/fr\/30-ans-de-mini-cabriolets-mini-cooper-s-cabriolet-2023-critique-de-la-mini-cooper-s-cabriolet-2023\/\",\"url\":\"https:\/\/all-car-news.com\/fr\/30-ans-de-mini-cabriolets-mini-cooper-s-cabriolet-2023-critique-de-la-mini-cooper-s-cabriolet-2023\/\",\"name\":\"30 ans de mini-cabriolets ! Mini Cooper S Cabriolet (2023) Critique de la Mini Cooper S Cabriolet (2023) - All cars news\",\"isPartOf\":{\"@id\":\"https:\/\/all-car-news.com\/fr\/#website\"},\"datePublished\":\"2023-10-09T13:18:00+00:00\",\"dateModified\":\"2023-10-09T13:18:00+00:00\",\"breadcrumb\":{\"@id\":\"https:\/\/all-car-news.com\/fr\/30-ans-de-mini-cabriolets-mini-cooper-s-cabriolet-2023-critique-de-la-mini-cooper-s-cabriolet-2023\/#breadcrumb\"},\"inLanguage\":\"fr-FR\",\"potentialAction\":[{\"@type\":\"ReadAction\",\"target\":[\"https:\/\/all-car-news.com\/fr\/30-ans-de-mini-cabriolets-mini-cooper-s-cabriolet-2023-critique-de-la-mini-cooper-s-cabriolet-2023\/\"]}]},{\"@type\":\"BreadcrumbList\",\"@id\":\"https:\/\/all-car-news.com\/fr\/30-ans-de-mini-cabriolets-mini-cooper-s-cabriolet-2023-critique-de-la-mini-cooper-s-cabriolet-2023\/#breadcrumb\",\"itemListElement\":[{\"@type\":\"ListItem\",\"position\":1,\"name\":\"Home\",\"item\":\"https:\/\/all-car-news.com\/fr\/\"},{\"@type\":\"ListItem\",\"position\":2,\"name\":\"30 ans de mini-cabriolets ! Mini Cooper S Cabriolet (2023) Critique de la Mini Cooper S Cabriolet (2023)\"}]},{\"@type\":\"WebSite\",\"@id\":\"https:\/\/all-car-news.com\/fr\/#website\",\"url\":\"https:\/\/all-car-news.com\/fr\/\",\"name\":\"All cars news\",\"description\":\"\",\"publisher\":{\"@id\":\"https:\/\/all-car-news.com\/fr\/#organization\"},\"potentialAction\":[{\"@type\":\"SearchAction\",\"target\":{\"@type\":\"EntryPoint\",\"urlTemplate\":\"https:\/\/all-car-news.com\/fr\/?s={search_term_string}\"},\"query-input\":\"required name=search_term_string\"}],\"inLanguage\":\"fr-FR\"},{\"@type\":\"Organization\",\"@id\":\"https:\/\/all-car-news.com\/fr\/#organization\",\"name\":\"All cars news\",\"url\":\"https:\/\/all-car-news.com\/fr\/\",\"logo\":{\"@type\":\"ImageObject\",\"inLanguage\":\"fr-FR\",\"@id\":\"https:\/\/all-car-news.com\/fr\/#\/schema\/logo\/image\/\",\"url\":\"https:\/\/all-car-news.com\/wp-content\/uploads\/2022\/02\/CMYK-AllCarNews_LANDSCAPE_300px-1.png\",\"contentUrl\":\"https:\/\/all-car-news.com\/wp-content\/uploads\/2022\/02\/CMYK-AllCarNews_LANDSCAPE_300px-1.png\",\"width\":300,\"height\":100,\"caption\":\"All cars news\"},\"image\":{\"@id\":\"https:\/\/all-car-news.com\/fr\/#\/schema\/logo\/image\/\"}}]}<\/script>\n<!-- \/ Yoast SEO plugin. -->","yoast_head_json":{"title":"30 ans de mini-cabriolets ! Mini Cooper S Cabriolet (2023) Critique de la Mini Cooper S Cabriolet (2023) - All cars news","robots":{"index":"index","follow":"follow","max-snippet":"max-snippet:-1","max-image-preview":"max-image-preview:large","max-video-preview":"max-video-preview:-1"},"canonical":"https:\/\/all-car-news.com\/fr\/30-ans-de-mini-cabriolets-mini-cooper-s-cabriolet-2023-critique-de-la-mini-cooper-s-cabriolet-2023\/","og_locale":"fr_FR","og_type":"article","og_title":"30 ans de mini-cabriolets ! Mini Cooper S Cabriolet (2023) Critique de la Mini Cooper S Cabriolet (2023) - All cars news","og_description":"Mini cabriolet Le temps passe vite quand on s'amuse, surtout quand on a le toit baiss\u00e9 et qu'on sent le vent dans les cheveux. Le cabriolet compact f\u00eate cette ann\u00e9e son 30e anniversaire. Le tout premier cabriolet officiel de Mini a fait ses d\u00e9buts tant attendus au salon de l'automobile de NEC en 1992. En 1993, les conducteurs pouvaient l'utiliser pour se rendre [...] \u00e0 la salle d'exposition.","og_url":"https:\/\/all-car-news.com\/fr\/30-ans-de-mini-cabriolets-mini-cooper-s-cabriolet-2023-critique-de-la-mini-cooper-s-cabriolet-2023\/","og_site_name":"All cars news","article_published_time":"2023-10-09T13:18:00+00:00","og_image":[{"url":"https:\/\/autorai.nl\/wp-content\/uploads\/2023\/10\/P1111773-1140x760.jpg"}],"twitter_card":"summary_large_image","twitter_misc":{"Dur\u00e9e de lecture estim\u00e9e":"3 minutes"},"schema":{"@context":"https:\/\/schema.org","@graph":[{"@type":"Article","@id":"https:\/\/all-car-news.com\/fr\/30-ans-de-mini-cabriolets-mini-cooper-s-cabriolet-2023-critique-de-la-mini-cooper-s-cabriolet-2023\/#article","isPartOf":{"@id":"https:\/\/all-car-news.com\/fr\/30-ans-de-mini-cabriolets-mini-cooper-s-cabriolet-2023-critique-de-la-mini-cooper-s-cabriolet-2023\/"},"author":{"name":"","@id":""},"headline":"30 ans de mini-cabriolets ! Mini Cooper S Cabriolet (2023) Critique de la Mini Cooper S Cabriolet (2023)","datePublished":"2023-10-09T13:18:00+00:00","dateModified":"2023-10-09T13:18:00+00:00","mainEntityOfPage":{"@id":"https:\/\/all-car-news.com\/fr\/30-ans-de-mini-cabriolets-mini-cooper-s-cabriolet-2023-critique-de-la-mini-cooper-s-cabriolet-2023\/"},"wordCount":577,"publisher":{"@id":"https:\/\/all-car-news.com\/fr\/#organization"},"articleSection":["essais de voiture","nouvelles de voiture"],"inLanguage":"fr-FR"},{"@type":"WebPage","@id":"https:\/\/all-car-news.com\/fr\/30-ans-de-mini-cabriolets-mini-cooper-s-cabriolet-2023-critique-de-la-mini-cooper-s-cabriolet-2023\/","url":"https:\/\/all-car-news.com\/fr\/30-ans-de-mini-cabriolets-mini-cooper-s-cabriolet-2023-critique-de-la-mini-cooper-s-cabriolet-2023\/","name":"30 ans de mini-cabriolets ! Mini Cooper S Cabriolet (2023) Critique de la Mini Cooper S Cabriolet (2023) - All cars news","isPartOf":{"@id":"https:\/\/all-car-news.com\/fr\/#website"},"datePublished":"2023-10-09T13:18:00+00:00","dateModified":"2023-10-09T13:18:00+00:00","breadcrumb":{"@id":"https:\/\/all-car-news.com\/fr\/30-ans-de-mini-cabriolets-mini-cooper-s-cabriolet-2023-critique-de-la-mini-cooper-s-cabriolet-2023\/#breadcrumb"},"inLanguage":"fr-FR","potentialAction":[{"@type":"ReadAction","target":["https:\/\/all-car-news.com\/fr\/30-ans-de-mini-cabriolets-mini-cooper-s-cabriolet-2023-critique-de-la-mini-cooper-s-cabriolet-2023\/"]}]},{"@type":"BreadcrumbList","@id":"https:\/\/all-car-news.com\/fr\/30-ans-de-mini-cabriolets-mini-cooper-s-cabriolet-2023-critique-de-la-mini-cooper-s-cabriolet-2023\/#breadcrumb","itemListElement":[{"@type":"ListItem","position":1,"name":"Home","item":"https:\/\/all-car-news.com\/fr\/"},{"@type":"ListItem","position":2,"name":"30 ans de mini-cabriolets ! Mini Cooper S Cabriolet (2023) Critique de la Mini Cooper S Cabriolet (2023)"}]},{"@type":"WebSite","@id":"https:\/\/all-car-news.com\/fr\/#website","url":"https:\/\/all-car-news.com\/fr\/","name":"All cars news","description":"","publisher":{"@id":"https:\/\/all-car-news.com\/fr\/#organization"},"potentialAction":[{"@type":"SearchAction","target":{"@type":"EntryPoint","urlTemplate":"https:\/\/all-car-news.com\/fr\/?s={search_term_string}"},"query-input":"required name=search_term_string"}],"inLanguage":"fr-FR"},{"@type":"Organization","@id":"https:\/\/all-car-news.com\/fr\/#organization","name":"All cars news","url":"https:\/\/all-car-news.com\/fr\/","logo":{"@type":"ImageObject","inLanguage":"fr-FR","@id":"https:\/\/all-car-news.com\/fr\/#\/schema\/logo\/image\/","url":"https:\/\/all-car-news.com\/wp-content\/uploads\/2022\/02\/CMYK-AllCarNews_LANDSCAPE_300px-1.png","contentUrl":"https:\/\/all-car-news.com\/wp-content\/uploads\/2022\/02\/CMYK-AllCarNews_LANDSCAPE_300px-1.png","width":300,"height":100,"caption":"All cars news"},"image":{"@id":"https:\/\/all-car-news.com\/fr\/#\/schema\/logo\/image\/"}}]}},"_links":{"self":[{"href":"https:\/\/all-car-news.com\/fr\/wp-json\/wp\/v2\/posts\/139667","targetHints":{"allow":["GET"]}}],"collection":[{"href":"https:\/\/all-car-news.com\/fr\/wp-json\/wp\/v2\/posts"}],"about":[{"href":"https:\/\/all-car-news.com\/fr\/wp-json\/wp\/v2\/types\/post"}],"replies":[{"embeddable":true,"href":"https:\/\/all-car-news.com\/fr\/wp-json\/wp\/v2\/comments?post=139667"}],"version-history":[{"count":0,"href":"https:\/\/all-car-news.com\/fr\/wp-json\/wp\/v2\/posts\/139667\/revisions"}],"wp:featuredmedia":[{"embeddable":true,"href":"https:\/\/all-car-news.com\/fr\/wp-json\/wp\/v2\/media\/139652"}],"wp:attachment":[{"href":"https:\/\/all-car-news.com\/fr\/wp-json\/wp\/v2\/media?parent=139667"}],"wp:term":[{"taxonomy":"category","embeddable":true,"href":"https:\/\/all-car-news.com\/fr\/wp-json\/wp\/v2\/categories?post=139667"},{"taxonomy":"post_tag","embeddable":true,"href":"https:\/\/all-car-news.com\/fr\/wp-json\/wp\/v2\/tags?post=139667"}],"curies":[{"name":"wp","href":"https:\/\/api.w.org\/{rel}","templated":true}]}}