{"id":139638,"date":"2023-10-06T15:03:00","date_gmt":"2023-10-06T15:03:00","guid":{"rendered":"https:\/\/all-car-news.com\/repere-une-nissan-stagea\/"},"modified":"2023-10-06T15:03:00","modified_gmt":"2023-10-06T15:03:00","slug":"repere-une-nissan-stagea","status":"publish","type":"post","link":"https:\/\/all-car-news.com\/fr\/repere-une-nissan-stagea\/","title":{"rendered":"Rep\u00e9r\u00e9 : une Nissan Stagea"},"content":{"rendered":"<p>\u00c0 la fin du mois dernier, AutoRAI.co.uk s&rsquo;est rendu en France pour mettre \u00e0 l&rsquo;\u00e9preuve un <a href=\"https:\/\/autorai.nl\/review-vernieuwde-citroen-e-c4-en-citroen-e-c4-x-2023\/\" target=\"_blank\" rel=\"noreferrer noopener\">mod\u00e8le<\/a><a href=\"https:\/\/autorai.nl\/review-vernieuwde-citroen-e-c4-en-citroen-e-c4-x-2023\/\"> Citro\u00ebn<\/a> \u00e9quip\u00e9 de groupes motopropulseurs \u00e9lectrifi\u00e9s <a href=\"https:\/\/autorai.nl\/review-citroen-c5-x-plug-in-hybrid-180-2023\/\" target=\"_blank\" rel=\"noreferrer noopener\">nouveaux<\/a> et <a href=\"https:\/\/autorai.nl\/review-citroen-c5-x-plug-in-hybrid-180-2023\/\" target=\"_blank\" rel=\"noreferrer noopener\">actualis\u00e9s<\/a>. Nous avons travers\u00e9 la magnifique campagne vallonn\u00e9e au nord-ouest de Paris. Alors que nous conduisions le d\u00e9j\u00e0 exclusif <a href=\"https:\/\/autorai.nl\/review-rijden-met-de-citroen-ami-buggy-ii-2023\/\" target=\"_blank\" rel=\"noreferrer noopener\">Citro\u00ebn Ami Buggy II<\/a>, nous avons vu quelque chose d&rsquo;encore plus sp\u00e9cial (en Europe) dans le village de Maffliers : une Nissan Stagea.<\/p>\n<h2><strong>Nissan Skyline break<\/strong><\/h2>\n<p>Traditionnellement, la Nissan Skyline \u00e9tait \u00e9galement disponible en version break. Cependant, lorsque la g\u00e9n\u00e9ration R31 de 1990 a cess\u00e9 d&rsquo;\u00eatre produite, cette variante de carrosserie n&rsquo;a pas eu de successeur. En 1996, Nissan a lanc\u00e9 le Stagea. Bien que ce break ait \u00e9t\u00e9 positionn\u00e9 comme une ligne de mod\u00e8les distincte, \u00e0 la fois techniquement et en termes de positionnement dans la gamme Nissan, il s&rsquo;agissait en r\u00e9alit\u00e9 d&rsquo;un autre break Skyline.<\/p>\n<p>En tant que ligne de mod\u00e8les distincte, la Nissan Stagea avait son propre design. Les lignes plut\u00f4t arrondies de la Skyline R33 de l&rsquo;\u00e9poque (1993-1998) n&rsquo;\u00e9taient pas vraiment pr\u00e9sentes. Le Stagea \u00e9tait surtout anguleux et pratique. R\u00e9trospectivement, la Stagea s&rsquo;est av\u00e9r\u00e9e \u00eatre un peu le pr\u00e9curseur de la nouvelle Skyline R34 (1998-2001), qui \u00e9tait beaucoup plus anguleuse que son pr\u00e9d\u00e9cesseur.<\/p>\n<div class=\"galery shuffle galery-0\">\n<figure>\n\t\t\t\t\t<span style=\"cursor: pointer\" data-src=\"https:\/\/autorai.nl\/wp-content\/uploads\/2023\/10\/Nissan-Skyline-5-1600x900.jpg\" data-fancybox=\"galery-0\" title=\"\"><br \/>\n\t\t\t\t\t\t\t<img decoding=\"async\" width=\"640\" height=\"480\" src=\"https:\/\/autorai.nl\/wp-content\/uploads\/2023\/10\/Nissan-Skyline-5-640x480.jpg\" class=\"attachment-medium size-medium\" alt=\"\" loading=\"lazy\"><i class=\"fa fa-search-plus\" aria-hidden=\"true\"><\/i><br \/>\n\t\t\t\t\t\t<\/span><br \/>\n\t\t\t\t\t<\/figure>\n<figure>\n\t\t\t\t\t<span style=\"cursor: pointer\" data-src=\"https:\/\/autorai.nl\/wp-content\/uploads\/2023\/10\/Nissan-Skyline-1-1600x900.jpg\" data-fancybox=\"galery-0\" title=\"\"><br \/>\n\t\t\t\t\t\t\t<img decoding=\"async\" width=\"360\" height=\"270\" src=\"https:\/\/autorai.nl\/wp-content\/uploads\/2023\/10\/Nissan-Skyline-1-360x270.jpg\" class=\"attachment-small size-small\" alt=\"\" loading=\"lazy\"><i class=\"fa fa-search-plus\" aria-hidden=\"true\"><\/i><br \/>\n\t\t\t\t\t\t<\/span><br \/>\n\t\t\t\t\t<\/figure>\n<figure>\n\t\t\t\t\t<span style=\"cursor: pointer\" data-src=\"https:\/\/autorai.nl\/wp-content\/uploads\/2023\/10\/Nissan-Skyline-2-1600x900.jpg\" data-fancybox=\"galery-0\" title=\"\"><br \/>\n\t\t\t\t\t\t\t<img decoding=\"async\" width=\"360\" height=\"270\" src=\"https:\/\/autorai.nl\/wp-content\/uploads\/2023\/10\/Nissan-Skyline-2-360x270.jpg\" class=\"attachment-small size-small\" alt=\"\" loading=\"lazy\"><i class=\"fa fa-search-plus\" aria-hidden=\"true\"><\/i><br \/>\n\t\t\t\t\t\t<\/span><br \/>\n\t\t\t\t\t<\/figure>\n<div class=\"clear\"><\/div>\n<\/div>\n<h2><strong>Nissan Stagea : un loup d\u00e9guis\u00e9 en agneau<\/strong><\/h2>\n<p>Techniquement, la Stagea est bas\u00e9e sur la R33, la Skyline de la g\u00e9n\u00e9ration actuelle. La Nissan Stagea a \u00e9galement repris certains \u00e9l\u00e9ments techniques de la Laurel. Comme pour les autres mod\u00e8les, la gamme de moteurs de la Stagea se composait exclusivement de moteurs \u00e0 six cylindres en ligne. Il y avait le choix entre trois types de v\u00e9hicules, d&rsquo;une capacit\u00e9 de 2,0, 2,5 et 2,6 litres. La puissance allait de 96 kW (131 ch) \u00e0 206 kW (280 ch). Ce dernier est le m\u00eame moteur que celui utilis\u00e9 dans la Skyline GT-R. Malgr\u00e9 son caract\u00e8re pratique, la Stagea n&rsquo;a donc pas \u00e0 rougir de ses performances sportives. La transmission est assur\u00e9e de s\u00e9rie par les roues arri\u00e8re, la transmission int\u00e9grale \u00e9tant propos\u00e9e en option. Le passage des vitesses est automatique, avec une bo\u00eete de vitesses automatique \u00e0 quatre rapports.<\/p>\n<p>En 1997, quelques mises \u00e0 jour techniques ont \u00e9t\u00e9 ajout\u00e9es et une version sp\u00e9ciale est apparue en collaboration avec le pr\u00e9parateur Autech, qui \u00e9tait pr\u00e9cis\u00e9ment disponible exclusivement avec une transmission manuelle \u00e0 cinq vitesses (et quatre roues motrices).<\/p>\n<div class=\"galery galery-1\">\n<figure>\n\t\t\t\t\t<span style=\"cursor: pointer\" data-src=\"https:\/\/autorai.nl\/wp-content\/uploads\/2023\/10\/Nissan-Stagea-3-1600x900.jpg\" data-fancybox=\"galery-1\" title=\"\"><br \/>\n\t\t\t\t\t\t\t<img decoding=\"async\" width=\"360\" height=\"270\" src=\"https:\/\/autorai.nl\/wp-content\/uploads\/2023\/10\/Nissan-Stagea-3-360x270.jpg\" class=\"attachment-small size-small\" alt=\"\" loading=\"lazy\"><i class=\"fa fa-search-plus\" aria-hidden=\"true\"><\/i><br \/>\n\t\t\t\t\t\t<\/span><br \/>\n\t\t\t\t\t<\/figure>\n<figure>\n\t\t\t\t\t<span style=\"cursor: pointer\" data-src=\"https:\/\/autorai.nl\/wp-content\/uploads\/2023\/10\/Nissan-Stagea-4-1600x900.jpg\" data-fancybox=\"galery-1\" title=\"\"><br \/>\n\t\t\t\t\t\t\t<img decoding=\"async\" width=\"360\" height=\"270\" src=\"https:\/\/autorai.nl\/wp-content\/uploads\/2023\/10\/Nissan-Stagea-4-360x270.jpg\" class=\"attachment-small size-small\" alt=\"\" loading=\"lazy\"><i class=\"fa fa-search-plus\" aria-hidden=\"true\"><\/i><br \/>\n\t\t\t\t\t\t<\/span><br \/>\n\t\t\t\t\t<\/figure>\n<figure>\n\t\t\t\t\t<span style=\"cursor: pointer\" data-src=\"https:\/\/autorai.nl\/wp-content\/uploads\/2023\/10\/Nissan-Skyline-3-1600x900.jpg\" data-fancybox=\"galery-1\" title=\"\"><br \/>\n\t\t\t\t\t\t\t<img decoding=\"async\" width=\"360\" height=\"270\" src=\"https:\/\/autorai.nl\/wp-content\/uploads\/2023\/10\/Nissan-Skyline-3-360x270.jpg\" class=\"attachment-small size-small\" alt=\"\" loading=\"lazy\"><i class=\"fa fa-search-plus\" aria-hidden=\"true\"><\/i><br \/>\n\t\t\t\t\t\t<\/span><br \/>\n\t\t\t\t\t<\/figure>\n<figure>\n\t\t\t\t\t<span style=\"cursor: pointer\" data-src=\"https:\/\/autorai.nl\/wp-content\/uploads\/2023\/10\/Nissan-Skyline-4-1600x900.jpg\" data-fancybox=\"galery-1\" title=\"\"><br \/>\n\t\t\t\t\t\t\t<img decoding=\"async\" width=\"360\" height=\"270\" src=\"https:\/\/autorai.nl\/wp-content\/uploads\/2023\/10\/Nissan-Skyline-4-360x270.jpg\" class=\"attachment-small size-small\" alt=\"\" loading=\"lazy\"><i class=\"fa fa-search-plus\" aria-hidden=\"true\"><\/i><br \/>\n\t\t\t\t\t\t<\/span><br \/>\n\t\t\t\t\t<\/figure>\n<div class=\"clear\"><\/div>\n<\/div>\n<h2><strong>Un lifting pour la Nissan Stagea<\/strong><\/h2>\n<p>En 1998, le Stagea a subi un subtil lifting. Sur le plan visuel, la principale nouveaut\u00e9 concerne les phares redessin\u00e9s avec des spots dans la calandre. Sur le plan technique, les moteurs ont \u00e9t\u00e9 mis \u00e0 jour et offrent d\u00e9sormais une gamme de puissance allant de 114 kW (155 ch) \u00e0 206 kW (280 ch). D\u00e9sormais, la bo\u00eete de vitesses manuelle est \u00e9galement disponible en option, mais pour certaines versions sp\u00e9cifiques.<\/p>\n<p>La Nissan Stagea de premi\u00e8re g\u00e9n\u00e9ration est rest\u00e9e en production jusqu&rsquo;en 2001. Cette ann\u00e9e-l\u00e0, la toute nouvelle deuxi\u00e8me g\u00e9n\u00e9ration est apparue, avec une partie arri\u00e8re remarquablement semblable \u00e0 celle de la Volvo.<\/p>\n<div class=\"galery shuffle galery-2\">\n<figure>\n\t\t\t\t\t<span style=\"cursor: pointer\" data-src=\"https:\/\/autorai.nl\/wp-content\/uploads\/2023\/10\/Nissan-Stagea-1-1600x900.jpg\" data-fancybox=\"galery-2\" title=\"\"><br \/>\n\t\t\t\t\t\t\t<img decoding=\"async\" width=\"640\" height=\"480\" src=\"https:\/\/autorai.nl\/wp-content\/uploads\/2023\/10\/Nissan-Stagea-1-640x480.jpg\" class=\"attachment-medium size-medium\" alt=\"\" loading=\"lazy\"><i class=\"fa fa-search-plus\" aria-hidden=\"true\"><\/i><br \/>\n\t\t\t\t\t\t<\/span><br \/>\n\t\t\t\t\t<\/figure>\n<figure>\n\t\t\t\t\t<span style=\"cursor: pointer\" data-src=\"https:\/\/autorai.nl\/wp-content\/uploads\/2023\/10\/Nissan-Stagea-2-1600x900.jpg\" data-fancybox=\"galery-2\" title=\"\"><br \/>\n\t\t\t\t\t\t\t<img decoding=\"async\" width=\"360\" height=\"270\" src=\"https:\/\/autorai.nl\/wp-content\/uploads\/2023\/10\/Nissan-Stagea-2-360x270.jpg\" class=\"attachment-small size-small\" alt=\"\" loading=\"lazy\"><i class=\"fa fa-search-plus\" aria-hidden=\"true\"><\/i><br \/>\n\t\t\t\t\t\t<\/span><br \/>\n\t\t\t\t\t<\/figure>\n<figure>\n\t\t\t\t\t<span style=\"cursor: pointer\" data-src=\"https:\/\/autorai.nl\/wp-content\/uploads\/2023\/10\/Nissan-Stagea-5-1600x900.jpg\" data-fancybox=\"galery-2\" title=\"\"><br \/>\n\t\t\t\t\t\t\t<img decoding=\"async\" width=\"360\" height=\"270\" src=\"https:\/\/autorai.nl\/wp-content\/uploads\/2023\/10\/Nissan-Stagea-5-360x270.jpg\" class=\"attachment-small size-small\" alt=\"\" loading=\"lazy\"><i class=\"fa fa-search-plus\" aria-hidden=\"true\"><\/i><br \/>\n\t\t\t\t\t\t<\/span><br \/>\n\t\t\t\t\t<\/figure>\n<figure>\n\t\t\t\t\t<span style=\"cursor: pointer\" data-src=\"https:\/\/autorai.nl\/wp-content\/uploads\/2023\/10\/Nissan-Stagea-6-1600x900.jpg\" data-fancybox=\"galery-2\" title=\"\"><br \/>\n\t\t\t\t\t\t\t<img decoding=\"async\" width=\"640\" height=\"480\" src=\"https:\/\/autorai.nl\/wp-content\/uploads\/2023\/10\/Nissan-Stagea-6-640x480.jpg\" class=\"attachment-medium size-medium\" alt=\"\" loading=\"lazy\"><i class=\"fa fa-search-plus\" aria-hidden=\"true\"><\/i><br \/>\n\t\t\t\t\t\t<\/span><br \/>\n\t\t\t\t\t<\/figure>\n<figure>\n\t\t\t\t\t<span style=\"cursor: pointer\" data-src=\"https:\/\/autorai.nl\/wp-content\/uploads\/2023\/10\/Nissan-Stagea-7-1600x900.jpg\" data-fancybox=\"galery-2\" title=\"\"><br \/>\n\t\t\t\t\t\t\t<img decoding=\"async\" width=\"360\" height=\"270\" src=\"https:\/\/autorai.nl\/wp-content\/uploads\/2023\/10\/Nissan-Stagea-7-360x270.jpg\" class=\"attachment-small size-small\" alt=\"\" loading=\"lazy\"><i class=\"fa fa-search-plus\" aria-hidden=\"true\"><\/i><br \/>\n\t\t\t\t\t\t<\/span><br \/>\n\t\t\t\t\t<\/figure>\n<figure>\n\t\t\t\t\t<span style=\"cursor: pointer\" data-src=\"https:\/\/autorai.nl\/wp-content\/uploads\/2023\/10\/Nissan-Stagea-8-1600x900.jpg\" data-fancybox=\"galery-2\" title=\"\"><br \/>\n\t\t\t\t\t\t\t<img decoding=\"async\" width=\"360\" height=\"270\" src=\"https:\/\/autorai.nl\/wp-content\/uploads\/2023\/10\/Nissan-Stagea-8-360x270.jpg\" class=\"attachment-small size-small\" alt=\"\" loading=\"lazy\"><i class=\"fa fa-search-plus\" aria-hidden=\"true\"><\/i><br \/>\n\t\t\t\t\t\t<\/span><br \/>\n\t\t\t\t\t<\/figure>\n<div class=\"clear\"><\/div>\n<\/div>\n<h2><strong>Le sp\u00e9cimen tachet\u00e9<\/strong><\/h2>\n<p>La Nissan Stagea que nous avons vue en France est un mod\u00e8le facelift de l&rsquo;ann\u00e9e 1998. Les plaques d&rsquo;immatriculation fran\u00e7aises ne sont pas tra\u00e7ables comme aux Pays-Bas, nous ne connaissons donc pas l&rsquo;ann\u00e9e exacte de construction de celle-ci. Hormis les roues, la Nissan semble \u00eatre enti\u00e8rement d&rsquo;origine, ce qui n&rsquo;est pas \u00e9vident pour une Stagea. En effet, le mod\u00e8le est rapidement devenu populaire aupr\u00e8s des pr\u00e9parateurs, tout comme la Skyline qui lui est associ\u00e9e.<\/p>\n<p>La Nissan Stagea \u00e9tait \u00e9galement disponible en usine dans une vari\u00e9t\u00e9 de versions avec des pare-chocs plus \u00e9pais. Nous voyons ici au moins l&rsquo;une des deux versions du RS, mais laquelle n&rsquo;est pas claire. En fait, la plus grande diff\u00e9rence r\u00e9side dans la transmission arri\u00e8re ou int\u00e9grale, et cela ne se voit pas de l&rsquo;ext\u00e9rieur. Le badge Dayz \u00e0 l&rsquo;arri\u00e8re ne nous aide pas non plus, car si nous comprenons bien, le pack Dayz n&rsquo;\u00e9tait disponible qu&rsquo;avant le facelift.<\/p>\n<p>Quelle que soit la variante, la Nissan Stagea est une voiture tr\u00e8s rare en Europe et la derni\u00e8re chose que nous nous attendions \u00e0 rencontrer dans un village fran\u00e7ais. Nous n&rsquo;avons donc pas h\u00e9sit\u00e9 un instant \u00e0 arr\u00eater l&rsquo;Ami pour un arr\u00eat photo.<\/p>\n<div class=\"galery galery-3\">\n<figure>\n\t\t\t\t\t<span style=\"cursor: pointer\" data-src=\"https:\/\/autorai.nl\/wp-content\/uploads\/2023\/10\/AutoRAI-Gespot-Nissan-Stagea-RS-1-1600x1200.jpg\" data-fancybox=\"galery-3\" title=\"\"><br \/>\n\t\t\t\t\t\t\t<img decoding=\"async\" width=\"360\" height=\"270\" src=\"https:\/\/autorai.nl\/wp-content\/uploads\/2023\/10\/AutoRAI-Gespot-Nissan-Stagea-RS-1-360x270.jpg\" class=\"attachment-small size-small\" alt=\"\" loading=\"lazy\"><i class=\"fa fa-search-plus\" aria-hidden=\"true\"><\/i><br \/>\n\t\t\t\t\t\t<\/span><br \/>\n\t\t\t\t\t<\/figure>\n<figure>\n\t\t\t\t\t<span style=\"cursor: pointer\" data-src=\"https:\/\/autorai.nl\/wp-content\/uploads\/2023\/10\/AutoRAI-Gespot-Nissan-Stagea-RS-2-1600x1200.jpg\" data-fancybox=\"galery-3\" title=\"\"><br \/>\n\t\t\t\t\t\t\t<img decoding=\"async\" width=\"360\" height=\"270\" src=\"https:\/\/autorai.nl\/wp-content\/uploads\/2023\/10\/AutoRAI-Gespot-Nissan-Stagea-RS-2-360x270.jpg\" class=\"attachment-small size-small\" alt=\"\" loading=\"lazy\"><i class=\"fa fa-search-plus\" aria-hidden=\"true\"><\/i><br \/>\n\t\t\t\t\t\t<\/span><br \/>\n\t\t\t\t\t<\/figure>\n<figure>\n\t\t\t\t\t<span style=\"cursor: pointer\" data-src=\"https:\/\/autorai.nl\/wp-content\/uploads\/2023\/10\/AutoRAI-Gespot-Nissan-Stagea-RS-3-1600x1200.jpg\" data-fancybox=\"galery-3\" title=\"\"><br \/>\n\t\t\t\t\t\t\t<img decoding=\"async\" width=\"360\" height=\"270\" src=\"https:\/\/autorai.nl\/wp-content\/uploads\/2023\/10\/AutoRAI-Gespot-Nissan-Stagea-RS-3-360x270.jpg\" class=\"attachment-small size-small\" alt=\"\" loading=\"lazy\"><i class=\"fa fa-search-plus\" aria-hidden=\"true\"><\/i><br \/>\n\t\t\t\t\t\t<\/span><br \/>\n\t\t\t\t\t<\/figure>\n<figure>\n\t\t\t\t\t<span style=\"cursor: pointer\" data-src=\"https:\/\/autorai.nl\/wp-content\/uploads\/2023\/10\/AutoRAI-Gespot-Nissan-Stagea-RS-4-1600x1200.jpg\" data-fancybox=\"galery-3\" title=\"\"><br \/>\n\t\t\t\t\t\t\t<img decoding=\"async\" width=\"360\" height=\"270\" src=\"https:\/\/autorai.nl\/wp-content\/uploads\/2023\/10\/AutoRAI-Gespot-Nissan-Stagea-RS-4-360x270.jpg\" class=\"attachment-small size-small\" alt=\"\" loading=\"lazy\"><i class=\"fa fa-search-plus\" aria-hidden=\"true\"><\/i><br \/>\n\t\t\t\t\t\t<\/span><br \/>\n\t\t\t\t\t<\/figure>\n<div class=\"clear\"><\/div>\n<\/div>\n<h2><strong>Bonus : une premi\u00e8re Fiat Panda<\/strong><\/h2>\n<p>Pendant que nous nous arr\u00eatons : \u00e0 c\u00f4t\u00e9 se trouve une Fiat Panda du mod\u00e8le facelift de l&rsquo;ann\u00e9e 1991. Cette derni\u00e8re version de la Panda originale est encore visible assez r\u00e9guli\u00e8rement dans la r\u00e9gion, mais aux Pays-Bas, elle m\u00e9rite d\u00e9sormais d&rsquo;\u00eatre mentionn\u00e9e en tant que spot automobile. Quoi qu&rsquo;il en soit, ces Pandas sont de jolies petites voitures, et celle-ci devait donc figurer sur la photo.<\/p>\n<div class=\"galery galery-4\">\n<figure>\n\t\t\t\t\t<span style=\"cursor: pointer\" data-src=\"https:\/\/autorai.nl\/wp-content\/uploads\/2023\/10\/AutoRAI-Gespot-Fiat-Panda-1-1600x1200.jpg\" data-fancybox=\"galery-4\" title=\"\"><br \/>\n\t\t\t\t\t\t\t<img decoding=\"async\" width=\"360\" height=\"270\" src=\"https:\/\/autorai.nl\/wp-content\/uploads\/2023\/10\/AutoRAI-Gespot-Fiat-Panda-1-360x270.jpg\" class=\"attachment-small size-small\" alt=\"\" loading=\"lazy\"><i class=\"fa fa-search-plus\" aria-hidden=\"true\"><\/i><br \/>\n\t\t\t\t\t\t<\/span><br \/>\n\t\t\t\t\t<\/figure>\n<figure>\n\t\t\t\t\t<span style=\"cursor: pointer\" data-src=\"https:\/\/autorai.nl\/wp-content\/uploads\/2023\/10\/AutoRAI-Gespot-Fiat-Panda-2-1600x1200.jpg\" data-fancybox=\"galery-4\" title=\"\"><br \/>\n\t\t\t\t\t\t\t<img decoding=\"async\" width=\"360\" height=\"270\" src=\"https:\/\/autorai.nl\/wp-content\/uploads\/2023\/10\/AutoRAI-Gespot-Fiat-Panda-2-360x270.jpg\" class=\"attachment-small size-small\" alt=\"\" loading=\"lazy\"><i class=\"fa fa-search-plus\" aria-hidden=\"true\"><\/i><br \/>\n\t\t\t\t\t\t<\/span><br \/>\n\t\t\t\t\t<\/figure>\n<div class=\"clear\"><\/div>\n<\/div>\n","protected":false},"excerpt":{"rendered":"\u00c0 la fin du mois dernier, AutoRAI.co.uk s'est rendu en France pour mettre \u00e0 l'\u00e9preuve un mod\u00e8le Citro\u00ebn \u00e9quip\u00e9 de\u2026","protected":false},"author":0,"featured_media":139624,"comment_status":"","ping_status":"open","sticky":false,"template":"","format":"standard","meta":{"footnotes":""},"categories":[177,127],"tags":[],"class_list":["post-139638","post","type-post","status-publish","format-standard","has-post-thumbnail","hentry","category-fun-fr","category-nouvelles-de-voiture"],"acf":[],"yoast_head":"<!-- This site is optimized with the Yoast SEO plugin v21.2 - https:\/\/yoast.com\/wordpress\/plugins\/seo\/ -->\n<title>Rep\u00e9r\u00e9 : une Nissan Stagea - All cars news<\/title>\n<meta name=\"robots\" content=\"index, follow, max-snippet:-1, max-image-preview:large, max-video-preview:-1\" \/>\n<link rel=\"canonical\" href=\"https:\/\/all-car-news.com\/fr\/repere-une-nissan-stagea\/\" \/>\n<meta property=\"og:locale\" content=\"fr_FR\" \/>\n<meta property=\"og:type\" content=\"article\" \/>\n<meta property=\"og:title\" content=\"Rep\u00e9r\u00e9 : une Nissan Stagea - All cars news\" \/>\n<meta property=\"og:description\" content=\"\u00c0 la fin du mois dernier, AutoRAI.co.uk s&#039;est rendu en France pour mettre \u00e0 l&#039;\u00e9preuve un mod\u00e8le Citro\u00ebn \u00e9quip\u00e9 de groupes motopropulseurs \u00e9lectrifi\u00e9s nouveaux et actualis\u00e9s. Nous avons travers\u00e9 la magnifique campagne vallonn\u00e9e au nord-ouest de Paris. Lors d&#039;une promenade dans le d\u00e9j\u00e0 exclusif Citro\u00ebn Ami Buggy II, nous avons vu quelque chose qui (en Europe) [...] dans le village de Maffliers.\" \/>\n<meta property=\"og:url\" content=\"https:\/\/all-car-news.com\/fr\/repere-une-nissan-stagea\/\" \/>\n<meta property=\"og:site_name\" content=\"All cars news\" \/>\n<meta property=\"article:published_time\" content=\"2023-10-06T15:03:00+00:00\" \/>\n<meta property=\"og:image\" content=\"https:\/\/autorai.nl\/wp-content\/uploads\/2023\/10\/Nissan-Skyline-5-640x480.jpg\" \/>\n<meta name=\"twitter:card\" content=\"summary_large_image\" \/>\n<meta name=\"twitter:label1\" content=\"Dur\u00e9e de lecture estim\u00e9e\" \/>\n\t<meta name=\"twitter:data1\" content=\"4 minutes\" \/>\n<script type=\"application\/ld+json\" class=\"yoast-schema-graph\">{\"@context\":\"https:\/\/schema.org\",\"@graph\":[{\"@type\":\"Article\",\"@id\":\"https:\/\/all-car-news.com\/fr\/repere-une-nissan-stagea\/#article\",\"isPartOf\":{\"@id\":\"https:\/\/all-car-news.com\/fr\/repere-une-nissan-stagea\/\"},\"author\":{\"name\":\"\",\"@id\":\"\"},\"headline\":\"Rep\u00e9r\u00e9 : une Nissan Stagea\",\"datePublished\":\"2023-10-06T15:03:00+00:00\",\"dateModified\":\"2023-10-06T15:03:00+00:00\",\"mainEntityOfPage\":{\"@id\":\"https:\/\/all-car-news.com\/fr\/repere-une-nissan-stagea\/\"},\"wordCount\":832,\"publisher\":{\"@id\":\"https:\/\/all-car-news.com\/fr\/#organization\"},\"articleSection\":[\"Fun\",\"nouvelles de voiture\"],\"inLanguage\":\"fr-FR\"},{\"@type\":\"WebPage\",\"@id\":\"https:\/\/all-car-news.com\/fr\/repere-une-nissan-stagea\/\",\"url\":\"https:\/\/all-car-news.com\/fr\/repere-une-nissan-stagea\/\",\"name\":\"Rep\u00e9r\u00e9 : une Nissan Stagea - All cars news\",\"isPartOf\":{\"@id\":\"https:\/\/all-car-news.com\/fr\/#website\"},\"datePublished\":\"2023-10-06T15:03:00+00:00\",\"dateModified\":\"2023-10-06T15:03:00+00:00\",\"breadcrumb\":{\"@id\":\"https:\/\/all-car-news.com\/fr\/repere-une-nissan-stagea\/#breadcrumb\"},\"inLanguage\":\"fr-FR\",\"potentialAction\":[{\"@type\":\"ReadAction\",\"target\":[\"https:\/\/all-car-news.com\/fr\/repere-une-nissan-stagea\/\"]}]},{\"@type\":\"BreadcrumbList\",\"@id\":\"https:\/\/all-car-news.com\/fr\/repere-une-nissan-stagea\/#breadcrumb\",\"itemListElement\":[{\"@type\":\"ListItem\",\"position\":1,\"name\":\"Home\",\"item\":\"https:\/\/all-car-news.com\/fr\/\"},{\"@type\":\"ListItem\",\"position\":2,\"name\":\"Rep\u00e9r\u00e9 : une Nissan Stagea\"}]},{\"@type\":\"WebSite\",\"@id\":\"https:\/\/all-car-news.com\/fr\/#website\",\"url\":\"https:\/\/all-car-news.com\/fr\/\",\"name\":\"All cars news\",\"description\":\"\",\"publisher\":{\"@id\":\"https:\/\/all-car-news.com\/fr\/#organization\"},\"potentialAction\":[{\"@type\":\"SearchAction\",\"target\":{\"@type\":\"EntryPoint\",\"urlTemplate\":\"https:\/\/all-car-news.com\/fr\/?s={search_term_string}\"},\"query-input\":\"required name=search_term_string\"}],\"inLanguage\":\"fr-FR\"},{\"@type\":\"Organization\",\"@id\":\"https:\/\/all-car-news.com\/fr\/#organization\",\"name\":\"All cars news\",\"url\":\"https:\/\/all-car-news.com\/fr\/\",\"logo\":{\"@type\":\"ImageObject\",\"inLanguage\":\"fr-FR\",\"@id\":\"https:\/\/all-car-news.com\/fr\/#\/schema\/logo\/image\/\",\"url\":\"https:\/\/all-car-news.com\/wp-content\/uploads\/2022\/02\/CMYK-AllCarNews_LANDSCAPE_300px-1.png\",\"contentUrl\":\"https:\/\/all-car-news.com\/wp-content\/uploads\/2022\/02\/CMYK-AllCarNews_LANDSCAPE_300px-1.png\",\"width\":300,\"height\":100,\"caption\":\"All cars news\"},\"image\":{\"@id\":\"https:\/\/all-car-news.com\/fr\/#\/schema\/logo\/image\/\"}}]}<\/script>\n<!-- \/ Yoast SEO plugin. -->","yoast_head_json":{"title":"Rep\u00e9r\u00e9 : une Nissan Stagea - All cars news","robots":{"index":"index","follow":"follow","max-snippet":"max-snippet:-1","max-image-preview":"max-image-preview:large","max-video-preview":"max-video-preview:-1"},"canonical":"https:\/\/all-car-news.com\/fr\/repere-une-nissan-stagea\/","og_locale":"fr_FR","og_type":"article","og_title":"Rep\u00e9r\u00e9 : une Nissan Stagea - All cars news","og_description":"\u00c0 la fin du mois dernier, AutoRAI.co.uk s'est rendu en France pour mettre \u00e0 l'\u00e9preuve un mod\u00e8le Citro\u00ebn \u00e9quip\u00e9 de groupes motopropulseurs \u00e9lectrifi\u00e9s nouveaux et actualis\u00e9s. Nous avons travers\u00e9 la magnifique campagne vallonn\u00e9e au nord-ouest de Paris. Lors d'une promenade dans le d\u00e9j\u00e0 exclusif Citro\u00ebn Ami Buggy II, nous avons vu quelque chose qui (en Europe) [...] dans le village de Maffliers.","og_url":"https:\/\/all-car-news.com\/fr\/repere-une-nissan-stagea\/","og_site_name":"All cars news","article_published_time":"2023-10-06T15:03:00+00:00","og_image":[{"url":"https:\/\/autorai.nl\/wp-content\/uploads\/2023\/10\/Nissan-Skyline-5-640x480.jpg"}],"twitter_card":"summary_large_image","twitter_misc":{"Dur\u00e9e de lecture estim\u00e9e":"4 minutes"},"schema":{"@context":"https:\/\/schema.org","@graph":[{"@type":"Article","@id":"https:\/\/all-car-news.com\/fr\/repere-une-nissan-stagea\/#article","isPartOf":{"@id":"https:\/\/all-car-news.com\/fr\/repere-une-nissan-stagea\/"},"author":{"name":"","@id":""},"headline":"Rep\u00e9r\u00e9 : une Nissan Stagea","datePublished":"2023-10-06T15:03:00+00:00","dateModified":"2023-10-06T15:03:00+00:00","mainEntityOfPage":{"@id":"https:\/\/all-car-news.com\/fr\/repere-une-nissan-stagea\/"},"wordCount":832,"publisher":{"@id":"https:\/\/all-car-news.com\/fr\/#organization"},"articleSection":["Fun","nouvelles de voiture"],"inLanguage":"fr-FR"},{"@type":"WebPage","@id":"https:\/\/all-car-news.com\/fr\/repere-une-nissan-stagea\/","url":"https:\/\/all-car-news.com\/fr\/repere-une-nissan-stagea\/","name":"Rep\u00e9r\u00e9 : une Nissan Stagea - All cars news","isPartOf":{"@id":"https:\/\/all-car-news.com\/fr\/#website"},"datePublished":"2023-10-06T15:03:00+00:00","dateModified":"2023-10-06T15:03:00+00:00","breadcrumb":{"@id":"https:\/\/all-car-news.com\/fr\/repere-une-nissan-stagea\/#breadcrumb"},"inLanguage":"fr-FR","potentialAction":[{"@type":"ReadAction","target":["https:\/\/all-car-news.com\/fr\/repere-une-nissan-stagea\/"]}]},{"@type":"BreadcrumbList","@id":"https:\/\/all-car-news.com\/fr\/repere-une-nissan-stagea\/#breadcrumb","itemListElement":[{"@type":"ListItem","position":1,"name":"Home","item":"https:\/\/all-car-news.com\/fr\/"},{"@type":"ListItem","position":2,"name":"Rep\u00e9r\u00e9 : une Nissan Stagea"}]},{"@type":"WebSite","@id":"https:\/\/all-car-news.com\/fr\/#website","url":"https:\/\/all-car-news.com\/fr\/","name":"All cars news","description":"","publisher":{"@id":"https:\/\/all-car-news.com\/fr\/#organization"},"potentialAction":[{"@type":"SearchAction","target":{"@type":"EntryPoint","urlTemplate":"https:\/\/all-car-news.com\/fr\/?s={search_term_string}"},"query-input":"required name=search_term_string"}],"inLanguage":"fr-FR"},{"@type":"Organization","@id":"https:\/\/all-car-news.com\/fr\/#organization","name":"All cars news","url":"https:\/\/all-car-news.com\/fr\/","logo":{"@type":"ImageObject","inLanguage":"fr-FR","@id":"https:\/\/all-car-news.com\/fr\/#\/schema\/logo\/image\/","url":"https:\/\/all-car-news.com\/wp-content\/uploads\/2022\/02\/CMYK-AllCarNews_LANDSCAPE_300px-1.png","contentUrl":"https:\/\/all-car-news.com\/wp-content\/uploads\/2022\/02\/CMYK-AllCarNews_LANDSCAPE_300px-1.png","width":300,"height":100,"caption":"All cars news"},"image":{"@id":"https:\/\/all-car-news.com\/fr\/#\/schema\/logo\/image\/"}}]}},"_links":{"self":[{"href":"https:\/\/all-car-news.com\/fr\/wp-json\/wp\/v2\/posts\/139638","targetHints":{"allow":["GET"]}}],"collection":[{"href":"https:\/\/all-car-news.com\/fr\/wp-json\/wp\/v2\/posts"}],"about":[{"href":"https:\/\/all-car-news.com\/fr\/wp-json\/wp\/v2\/types\/post"}],"replies":[{"embeddable":true,"href":"https:\/\/all-car-news.com\/fr\/wp-json\/wp\/v2\/comments?post=139638"}],"version-history":[{"count":0,"href":"https:\/\/all-car-news.com\/fr\/wp-json\/wp\/v2\/posts\/139638\/revisions"}],"wp:featuredmedia":[{"embeddable":true,"href":"https:\/\/all-car-news.com\/fr\/wp-json\/wp\/v2\/media\/139624"}],"wp:attachment":[{"href":"https:\/\/all-car-news.com\/fr\/wp-json\/wp\/v2\/media?parent=139638"}],"wp:term":[{"taxonomy":"category","embeddable":true,"href":"https:\/\/all-car-news.com\/fr\/wp-json\/wp\/v2\/categories?post=139638"},{"taxonomy":"post_tag","embeddable":true,"href":"https:\/\/all-car-news.com\/fr\/wp-json\/wp\/v2\/tags?post=139638"}],"curies":[{"name":"wp","href":"https:\/\/api.w.org\/{rel}","templated":true}]}}