{"id":139445,"date":"2023-10-02T11:30:11","date_gmt":"2023-10-02T11:30:11","guid":{"rendered":"https:\/\/all-car-news.com\/voici-la-nouvelle-hyundai-i20\/"},"modified":"2023-10-02T11:30:11","modified_gmt":"2023-10-02T11:30:11","slug":"voici-la-nouvelle-hyundai-i20","status":"publish","type":"post","link":"https:\/\/all-car-news.com\/fr\/voici-la-nouvelle-hyundai-i20\/","title":{"rendered":"Voici la nouvelle Hyundai i20"},"content":{"rendered":"<h2>Hyundai i20 renouvel\u00e9e<\/h2>\n<p>Le design de la i20 a \u00e9t\u00e9 am\u00e9lior\u00e9. Le pare-chocs avant et la calandre ont \u00e9t\u00e9 redessin\u00e9s, ce qui donne un nouveau visage \u00e0 la voiture. Selon les Cor\u00e9ens, sa carrosserie a\u00e9rodynamique a encore r\u00e9duit la tra\u00een\u00e9e, ce qui se traduit par une baisse de la consommation de carburant.<\/p>\n<figure class=\"wp-block-image size-content\"><img decoding=\"async\" loading=\"lazy\" width=\"1140\" height=\"641\" src=\"https:\/\/autorai.nl\/wp-content\/uploads\/2023\/10\/06_Hyundai-maakt-details-vernieuwde-i20-bekend-1140x641.jpg\" alt=\"\" class=\"wp-image-167211\"><\/figure>\n<h2>Eclairage en Z<\/h2>\n<p>\u00c0 l&rsquo;arri\u00e8re, le pare-chocs redessin\u00e9 et la signature lumineuse dynamique attirent imm\u00e9diatement l&rsquo;attention. L&rsquo;\u00e9clairage LED en forme de Z s&rsquo;\u00e9tend visuellement sur l&rsquo;ensemble du hayon. Des jantes en alliage de 16 pouces ont \u00e9galement \u00e9t\u00e9 redessin\u00e9es. La nouvelle Hyundai i20 est disponible en neuf couleurs de carrosserie. Un toit en noir fant\u00f4me contrast\u00e9 est disponible en option. Deux couleurs de carrosserie sont in\u00e9dites, dont Lucid Lime.<\/p>\n<figure class=\"wp-block-image size-content\"><img decoding=\"async\" loading=\"lazy\" width=\"1140\" height=\"760\" src=\"https:\/\/autorai.nl\/wp-content\/uploads\/2023\/10\/01_Hyundai-maakt-details-vernieuwde-i20-bekend-2-1140x760.jpg\" alt=\"\" class=\"wp-image-167214\"><\/figure>\n<h2>Int\u00e9rieur<\/h2>\n<p>Bien entendu, l&rsquo;int\u00e9rieur de la Hyundai i20 a \u00e9galement \u00e9t\u00e9 am\u00e9lior\u00e9. De s\u00e9rie, la voiture est d\u00e9sormais \u00e9quip\u00e9e d&rsquo;un combin\u00e9 d&rsquo;instruments LCD de 4,2 pouces, d&rsquo;un port C-USB \u00e0 l&rsquo;avant, de l&rsquo;eCall de deuxi\u00e8me g\u00e9n\u00e9ration (bas\u00e9 sur le r\u00e9seau 4G) et de mises \u00e0 jour cartographiques Over-The-Air (OTA). Les options telles que le combin\u00e9 d&rsquo;instruments num\u00e9rique de 10,25 pouces, l&rsquo;\u00e9cran tactile de 10,25 pouces, la navigation audio-vid\u00e9o (AVN), Apple CarPlay et Android Auto sans fil et la derni\u00e8re version de Hyundai Bluelink sont rest\u00e9es inchang\u00e9es. Comme son pr\u00e9d\u00e9cesseur, la voiture compacte de taille moyenne dispose d&rsquo;un coffre d&rsquo;une capacit\u00e9 de 352 litres (version avec moteur 1.2 MPI). Lorsque les si\u00e8ges arri\u00e8re sont rabattus, la capacit\u00e9 passe \u00e0 1 165 litres.<\/p>\n<figure class=\"wp-block-image size-content\"><img decoding=\"async\" loading=\"lazy\" width=\"1140\" height=\"760\" src=\"https:\/\/autorai.nl\/wp-content\/uploads\/2023\/10\/03_Hyundai-maakt-details-vernieuwde-i20-bekend-1140x760.jpg\" alt=\"\" class=\"wp-image-167215\"><\/figure>\n<h2>moteurs<\/h2>\n<p>La Hyundai i20 actualis\u00e9e est propos\u00e9e avec un choix de deux motorisations. Outre le moteur 1.2 MPI de 61,6 kW (84 ch), la voiture compacte de taille moyenne est \u00e9galement disponible avec un groupe motopropulseur dot\u00e9 de la technologie hybride l\u00e9g\u00e8re de 48 volts et un moteur 1.0 T-GDi de 73,6 kW (100 ch). La Hyundai i20 est disponible avec une bo\u00eete de vitesses \u00e0 double embrayage \u00e0 sept rapports (7DCT), une bo\u00eete manuelle \u00e0 cinq rapports ou une bo\u00eete manuelle \u00e0 six rapports avec transmission manuelle intelligente (6iMT).<\/p>\n<figure class=\"wp-block-image size-content\"><img decoding=\"async\" loading=\"lazy\" width=\"1140\" height=\"641\" src=\"https:\/\/autorai.nl\/wp-content\/uploads\/2023\/10\/04_Hyundai-maakt-details-vernieuwde-i20-bekend-1140x641.jpg\" alt=\"\" class=\"wp-image-167216\"><\/figure>\n<h2>Quel est le prix de la nouvelle Hyundai i20 ?<\/h2>\n<p>La compacte cor\u00e9enne est propos\u00e9e au prix de d\u00e9part de&nbsp;22 795 euros. La variante \u00e9quip\u00e9e du moteur 1.0 T-GDi 48V est propos\u00e9e \u00e0 partir de 25 595 euros. Avec la location longue dur\u00e9e Hyundai, la nouvelle Hyundai i20 est propos\u00e9e \u00e0 partir de 299 \u20ac par mois hors taxes. TVA (60 mois\/10 000 km\/an). Le prix de la location priv\u00e9e est de 349 \u20ac par mois, TVA incluse. TVA (60 mois\/10 000 km\/an). La Hyundai i20 actualis\u00e9e fera son apparition dans les salles d&rsquo;exposition au cours du dernier trimestre 2023.<\/p>\n<figure class=\"wp-block-image size-content\"><img decoding=\"async\" loading=\"lazy\" width=\"1140\" height=\"641\" src=\"https:\/\/autorai.nl\/wp-content\/uploads\/2023\/10\/05_Hyundai-maakt-details-vernieuwde-i20-bekend-1-1140x641.jpg\" alt=\"\" class=\"wp-image-167217\"><\/figure><\/p>\n","protected":false},"excerpt":{"rendered":"Hyundai i20 renouvel\u00e9e La i20 a b\u00e9n\u00e9fici\u00e9 d'une mise \u00e0 jour de son design. Le pare-chocs avant et la calandre\u2026","protected":false},"author":0,"featured_media":139423,"comment_status":"","ping_status":"open","sticky":false,"template":"","format":"standard","meta":{"footnotes":""},"categories":[127],"tags":[],"class_list":["post-139445","post","type-post","status-publish","format-standard","has-post-thumbnail","hentry","category-nouvelles-de-voiture"],"acf":[],"yoast_head":"<!-- This site is optimized with the Yoast SEO plugin v21.2 - https:\/\/yoast.com\/wordpress\/plugins\/seo\/ -->\n<title>Voici la nouvelle Hyundai i20 - All cars news<\/title>\n<meta name=\"robots\" content=\"index, follow, max-snippet:-1, max-image-preview:large, max-video-preview:-1\" \/>\n<link rel=\"canonical\" href=\"https:\/\/all-car-news.com\/fr\/voici-la-nouvelle-hyundai-i20\/\" \/>\n<meta property=\"og:locale\" content=\"fr_FR\" \/>\n<meta property=\"og:type\" content=\"article\" \/>\n<meta property=\"og:title\" content=\"Voici la nouvelle Hyundai i20 - All cars news\" \/>\n<meta property=\"og:description\" content=\"Hyundai i20 renouvel\u00e9e La i20 a b\u00e9n\u00e9fici\u00e9 d&#039;une mise \u00e0 jour de son design. Le pare-chocs avant et la calandre ont \u00e9t\u00e9 redessin\u00e9s, ce qui donne un nouveau visage \u00e0 la voiture. Selon les Cor\u00e9ens, sa carrosserie a\u00e9rodynamique a encore r\u00e9duit la tra\u00een\u00e9e, ce qui se traduit par une baisse de la consommation de carburant. \u00c9clairage en Z \u00c0 l&#039;arri\u00e8re, le pare-chocs redessin\u00e9 et la signature lumineuse dynamique attirent imm\u00e9diatement le regard. Le [\u2026]\" \/>\n<meta property=\"og:url\" content=\"https:\/\/all-car-news.com\/fr\/voici-la-nouvelle-hyundai-i20\/\" \/>\n<meta property=\"og:site_name\" content=\"All cars news\" \/>\n<meta property=\"article:published_time\" content=\"2023-10-02T11:30:11+00:00\" \/>\n<meta property=\"og:image\" content=\"https:\/\/autorai.nl\/wp-content\/uploads\/2023\/10\/06_Hyundai-maakt-details-vernieuwde-i20-bekend-1140x641.jpg\" \/>\n<meta name=\"twitter:card\" content=\"summary_large_image\" \/>\n<meta name=\"twitter:label1\" content=\"Dur\u00e9e de lecture estim\u00e9e\" \/>\n\t<meta name=\"twitter:data1\" content=\"2 minutes\" \/>\n<script type=\"application\/ld+json\" class=\"yoast-schema-graph\">{\"@context\":\"https:\/\/schema.org\",\"@graph\":[{\"@type\":\"Article\",\"@id\":\"https:\/\/all-car-news.com\/fr\/voici-la-nouvelle-hyundai-i20\/#article\",\"isPartOf\":{\"@id\":\"https:\/\/all-car-news.com\/fr\/voici-la-nouvelle-hyundai-i20\/\"},\"author\":{\"name\":\"\",\"@id\":\"\"},\"headline\":\"Voici la nouvelle Hyundai i20\",\"datePublished\":\"2023-10-02T11:30:11+00:00\",\"dateModified\":\"2023-10-02T11:30:11+00:00\",\"mainEntityOfPage\":{\"@id\":\"https:\/\/all-car-news.com\/fr\/voici-la-nouvelle-hyundai-i20\/\"},\"wordCount\":451,\"publisher\":{\"@id\":\"https:\/\/all-car-news.com\/fr\/#organization\"},\"articleSection\":[\"nouvelles de voiture\"],\"inLanguage\":\"fr-FR\"},{\"@type\":\"WebPage\",\"@id\":\"https:\/\/all-car-news.com\/fr\/voici-la-nouvelle-hyundai-i20\/\",\"url\":\"https:\/\/all-car-news.com\/fr\/voici-la-nouvelle-hyundai-i20\/\",\"name\":\"Voici la nouvelle Hyundai i20 - All cars news\",\"isPartOf\":{\"@id\":\"https:\/\/all-car-news.com\/fr\/#website\"},\"datePublished\":\"2023-10-02T11:30:11+00:00\",\"dateModified\":\"2023-10-02T11:30:11+00:00\",\"breadcrumb\":{\"@id\":\"https:\/\/all-car-news.com\/fr\/voici-la-nouvelle-hyundai-i20\/#breadcrumb\"},\"inLanguage\":\"fr-FR\",\"potentialAction\":[{\"@type\":\"ReadAction\",\"target\":[\"https:\/\/all-car-news.com\/fr\/voici-la-nouvelle-hyundai-i20\/\"]}]},{\"@type\":\"BreadcrumbList\",\"@id\":\"https:\/\/all-car-news.com\/fr\/voici-la-nouvelle-hyundai-i20\/#breadcrumb\",\"itemListElement\":[{\"@type\":\"ListItem\",\"position\":1,\"name\":\"Home\",\"item\":\"https:\/\/all-car-news.com\/fr\/\"},{\"@type\":\"ListItem\",\"position\":2,\"name\":\"Voici la nouvelle Hyundai i20\"}]},{\"@type\":\"WebSite\",\"@id\":\"https:\/\/all-car-news.com\/fr\/#website\",\"url\":\"https:\/\/all-car-news.com\/fr\/\",\"name\":\"All cars news\",\"description\":\"\",\"publisher\":{\"@id\":\"https:\/\/all-car-news.com\/fr\/#organization\"},\"potentialAction\":[{\"@type\":\"SearchAction\",\"target\":{\"@type\":\"EntryPoint\",\"urlTemplate\":\"https:\/\/all-car-news.com\/fr\/?s={search_term_string}\"},\"query-input\":\"required name=search_term_string\"}],\"inLanguage\":\"fr-FR\"},{\"@type\":\"Organization\",\"@id\":\"https:\/\/all-car-news.com\/fr\/#organization\",\"name\":\"All cars news\",\"url\":\"https:\/\/all-car-news.com\/fr\/\",\"logo\":{\"@type\":\"ImageObject\",\"inLanguage\":\"fr-FR\",\"@id\":\"https:\/\/all-car-news.com\/fr\/#\/schema\/logo\/image\/\",\"url\":\"https:\/\/all-car-news.com\/wp-content\/uploads\/2022\/02\/CMYK-AllCarNews_LANDSCAPE_300px-1.png\",\"contentUrl\":\"https:\/\/all-car-news.com\/wp-content\/uploads\/2022\/02\/CMYK-AllCarNews_LANDSCAPE_300px-1.png\",\"width\":300,\"height\":100,\"caption\":\"All cars news\"},\"image\":{\"@id\":\"https:\/\/all-car-news.com\/fr\/#\/schema\/logo\/image\/\"}}]}<\/script>\n<!-- \/ Yoast SEO plugin. -->","yoast_head_json":{"title":"Voici la nouvelle Hyundai i20 - All cars news","robots":{"index":"index","follow":"follow","max-snippet":"max-snippet:-1","max-image-preview":"max-image-preview:large","max-video-preview":"max-video-preview:-1"},"canonical":"https:\/\/all-car-news.com\/fr\/voici-la-nouvelle-hyundai-i20\/","og_locale":"fr_FR","og_type":"article","og_title":"Voici la nouvelle Hyundai i20 - All cars news","og_description":"Hyundai i20 renouvel\u00e9e La i20 a b\u00e9n\u00e9fici\u00e9 d'une mise \u00e0 jour de son design. Le pare-chocs avant et la calandre ont \u00e9t\u00e9 redessin\u00e9s, ce qui donne un nouveau visage \u00e0 la voiture. Selon les Cor\u00e9ens, sa carrosserie a\u00e9rodynamique a encore r\u00e9duit la tra\u00een\u00e9e, ce qui se traduit par une baisse de la consommation de carburant. \u00c9clairage en Z \u00c0 l'arri\u00e8re, le pare-chocs redessin\u00e9 et la signature lumineuse dynamique attirent imm\u00e9diatement le regard. Le [\u2026]","og_url":"https:\/\/all-car-news.com\/fr\/voici-la-nouvelle-hyundai-i20\/","og_site_name":"All cars news","article_published_time":"2023-10-02T11:30:11+00:00","og_image":[{"url":"https:\/\/autorai.nl\/wp-content\/uploads\/2023\/10\/06_Hyundai-maakt-details-vernieuwde-i20-bekend-1140x641.jpg"}],"twitter_card":"summary_large_image","twitter_misc":{"Dur\u00e9e de lecture estim\u00e9e":"2 minutes"},"schema":{"@context":"https:\/\/schema.org","@graph":[{"@type":"Article","@id":"https:\/\/all-car-news.com\/fr\/voici-la-nouvelle-hyundai-i20\/#article","isPartOf":{"@id":"https:\/\/all-car-news.com\/fr\/voici-la-nouvelle-hyundai-i20\/"},"author":{"name":"","@id":""},"headline":"Voici la nouvelle Hyundai i20","datePublished":"2023-10-02T11:30:11+00:00","dateModified":"2023-10-02T11:30:11+00:00","mainEntityOfPage":{"@id":"https:\/\/all-car-news.com\/fr\/voici-la-nouvelle-hyundai-i20\/"},"wordCount":451,"publisher":{"@id":"https:\/\/all-car-news.com\/fr\/#organization"},"articleSection":["nouvelles de voiture"],"inLanguage":"fr-FR"},{"@type":"WebPage","@id":"https:\/\/all-car-news.com\/fr\/voici-la-nouvelle-hyundai-i20\/","url":"https:\/\/all-car-news.com\/fr\/voici-la-nouvelle-hyundai-i20\/","name":"Voici la nouvelle Hyundai i20 - All cars news","isPartOf":{"@id":"https:\/\/all-car-news.com\/fr\/#website"},"datePublished":"2023-10-02T11:30:11+00:00","dateModified":"2023-10-02T11:30:11+00:00","breadcrumb":{"@id":"https:\/\/all-car-news.com\/fr\/voici-la-nouvelle-hyundai-i20\/#breadcrumb"},"inLanguage":"fr-FR","potentialAction":[{"@type":"ReadAction","target":["https:\/\/all-car-news.com\/fr\/voici-la-nouvelle-hyundai-i20\/"]}]},{"@type":"BreadcrumbList","@id":"https:\/\/all-car-news.com\/fr\/voici-la-nouvelle-hyundai-i20\/#breadcrumb","itemListElement":[{"@type":"ListItem","position":1,"name":"Home","item":"https:\/\/all-car-news.com\/fr\/"},{"@type":"ListItem","position":2,"name":"Voici la nouvelle Hyundai i20"}]},{"@type":"WebSite","@id":"https:\/\/all-car-news.com\/fr\/#website","url":"https:\/\/all-car-news.com\/fr\/","name":"All cars news","description":"","publisher":{"@id":"https:\/\/all-car-news.com\/fr\/#organization"},"potentialAction":[{"@type":"SearchAction","target":{"@type":"EntryPoint","urlTemplate":"https:\/\/all-car-news.com\/fr\/?s={search_term_string}"},"query-input":"required name=search_term_string"}],"inLanguage":"fr-FR"},{"@type":"Organization","@id":"https:\/\/all-car-news.com\/fr\/#organization","name":"All cars news","url":"https:\/\/all-car-news.com\/fr\/","logo":{"@type":"ImageObject","inLanguage":"fr-FR","@id":"https:\/\/all-car-news.com\/fr\/#\/schema\/logo\/image\/","url":"https:\/\/all-car-news.com\/wp-content\/uploads\/2022\/02\/CMYK-AllCarNews_LANDSCAPE_300px-1.png","contentUrl":"https:\/\/all-car-news.com\/wp-content\/uploads\/2022\/02\/CMYK-AllCarNews_LANDSCAPE_300px-1.png","width":300,"height":100,"caption":"All cars news"},"image":{"@id":"https:\/\/all-car-news.com\/fr\/#\/schema\/logo\/image\/"}}]}},"_links":{"self":[{"href":"https:\/\/all-car-news.com\/fr\/wp-json\/wp\/v2\/posts\/139445","targetHints":{"allow":["GET"]}}],"collection":[{"href":"https:\/\/all-car-news.com\/fr\/wp-json\/wp\/v2\/posts"}],"about":[{"href":"https:\/\/all-car-news.com\/fr\/wp-json\/wp\/v2\/types\/post"}],"replies":[{"embeddable":true,"href":"https:\/\/all-car-news.com\/fr\/wp-json\/wp\/v2\/comments?post=139445"}],"version-history":[{"count":0,"href":"https:\/\/all-car-news.com\/fr\/wp-json\/wp\/v2\/posts\/139445\/revisions"}],"wp:featuredmedia":[{"embeddable":true,"href":"https:\/\/all-car-news.com\/fr\/wp-json\/wp\/v2\/media\/139423"}],"wp:attachment":[{"href":"https:\/\/all-car-news.com\/fr\/wp-json\/wp\/v2\/media?parent=139445"}],"wp:term":[{"taxonomy":"category","embeddable":true,"href":"https:\/\/all-car-news.com\/fr\/wp-json\/wp\/v2\/categories?post=139445"},{"taxonomy":"post_tag","embeddable":true,"href":"https:\/\/all-car-news.com\/fr\/wp-json\/wp\/v2\/tags?post=139445"}],"curies":[{"name":"wp","href":"https:\/\/api.w.org\/{rel}","templated":true}]}}