{"id":139381,"date":"2023-09-27T10:26:00","date_gmt":"2023-09-27T10:26:00","guid":{"rendered":"https:\/\/all-car-news.com\/du-pole-nord-au-pole-sud-lextraordinaire-nissan-ariya-passe-lequateur\/"},"modified":"2023-09-27T10:26:00","modified_gmt":"2023-09-27T10:26:00","slug":"du-pole-nord-au-pole-sud-lextraordinaire-nissan-ariya-passe-lequateur","status":"publish","type":"post","link":"https:\/\/all-car-news.com\/fr\/du-pole-nord-au-pole-sud-lextraordinaire-nissan-ariya-passe-lequateur\/","title":{"rendered":"Du p\u00f4le nord au p\u00f4le sud : l&rsquo;extraordinaire Nissan Ariya passe l&rsquo;\u00e9quateur"},"content":{"rendered":"<h2>Nissan Ariya<\/h2>\n<p>Gr\u00e2ce \u00e0 leur Nissan Ariya sp\u00e9cialement pr\u00e9par\u00e9e pour l&rsquo;exp\u00e9dition, le couple Chris et Julie Ramsey a d\u00e9j\u00e0 parcouru plus de 20 000 kilom\u00e8tres. Apr\u00e8s avoir travers\u00e9 les glaces difficiles de l&rsquo;oc\u00e9an Arctique, la fonte des routes de glace canadiennes et les paysages vari\u00e9s de l&rsquo;Am\u00e9rique du Nord et de l&rsquo;Am\u00e9rique centrale, ils sont arriv\u00e9s \u00e0 Quito, une ville situ\u00e9e juste au-dessous de l&rsquo;\u00e9quateur, en \u00c9quateur.<\/p>\n<figure class=\"wp-block-image size-content\"><img decoding=\"async\" loading=\"lazy\" width=\"1140\" height=\"641\" src=\"https:\/\/autorai.nl\/wp-content\/uploads\/2023\/09\/01-Elektrische-Pole-to-Pole-expeditie-passeert-de-evenaar-1140x641.jpg\" alt=\"\" class=\"wp-image-166993\"><\/figure>\n<h2>Test ultime<\/h2>\n<p>L&rsquo;exp\u00e9dition Pole to Pole est le test ultime pour une voiture \u00e9lectrique, visant \u00e0 acc\u00e9l\u00e9rer la transition vers la conduite \u00e9lectrique et \u00e0 mettre en lumi\u00e8re les actions positives des personnes, des communaut\u00e9s et des projets le long de l&rsquo;itin\u00e9raire. Revenant sur leurs aventures dans l&rsquo;h\u00e9misph\u00e8re nord, Julie d\u00e9clare : \u00ab\u00a0Cela a \u00e9t\u00e9 une exp\u00e9rience incroyable jusqu&rsquo;\u00e0 pr\u00e9sent. Notre exp\u00e9dition Ariya attire l&rsquo;attention de nombreuses personnes. Nous avons eu le privil\u00e8ge d&rsquo;\u00eatre accueillis par les personnes les plus amicales et les plus fascinantes. Tous adh\u00e8rent \u00e0 la positivit\u00e9 et \u00e0 l&rsquo;espoir que repr\u00e9sente l&rsquo;exp\u00e9dition Pole to Pole\u00a0\u00bb.<\/p>\n<figure class=\"wp-block-image size-content\"><img decoding=\"async\" loading=\"lazy\" width=\"1140\" height=\"855\" src=\"https:\/\/autorai.nl\/wp-content\/uploads\/2023\/09\/03-Elektrische-Pole-to-Pole-expeditie-passeert-de-evenaar-1140x855.jpg\" alt=\"\" class=\"wp-image-166994\"><\/figure>\n<h2>Antarctique  <\/h2>\n<p>Chris partage \u00e9galement ses impressions sur le voyage : \u00ab\u00a0Je voulais repousser les limites des voitures \u00e9lectriques et montrer au monde ce qu&rsquo;elles peuvent faire et \u00e0 quel point elles sont amusantes. Notre <a href=\"https:\/\/youtu.be\/CQXYw5hpFlo?si=_9zfh-TP34E-SjUZ\">Nissan Ariya<\/a> se porte tr\u00e8s bien. Il ne nous a pas d\u00e9\u00e7us un seul instant et a attir\u00e9 l&rsquo;attention de nombreuses personnes sur son passage. Cela me conforte dans l&rsquo;id\u00e9e que nous pouvons mener \u00e0 bien cette exp\u00e9dition, malgr\u00e9 les distances, les routes et les temp\u00e9ratures difficiles auxquelles nous serons confront\u00e9s dans l&rsquo;h\u00e9misph\u00e8re sud. L&rsquo;Antarctique sera notre \u00e9preuve la plus difficile, mais nous avons l&rsquo;exp\u00e9rience de notre voyage dans l&rsquo;Arctique. Et je travaille sur des innovations qui peuvent nous aider \u00e0 atteindre le p\u00f4le Sud d&rsquo;ici la fin du mois de d\u00e9cembre\u00a0\u00bb.<\/p>\n<figure class=\"wp-block-image size-content\"><img decoding=\"async\" loading=\"lazy\" width=\"1140\" height=\"855\" src=\"https:\/\/autorai.nl\/wp-content\/uploads\/2023\/09\/02-Elektrische-Pole-to-Pole-expeditie-passeert-de-evenaar-1-1140x855.jpg\" alt=\"\" class=\"wp-image-166995\"><\/figure>\n<p>Le duo d&rsquo;aventuriers doit maintenant affronter les paysages et les conditions m\u00e9t\u00e9orologiques de l&rsquo;h\u00e9misph\u00e8re sud, qui sont \u00e0 la fois magnifiques et difficiles. Chris et Julie esp\u00e8rent atteindre le p\u00f4le Sud vers la fin de l&rsquo;ann\u00e9e.<\/p>\n<p>Suivez les aventures de Pole to Pole sur Instagram via <a href=\"https:\/\/buron11.sharepoint.com\/sites\/Nissan\/Shared%20Documents\/Persberichten\/232878%20Nissan%20Red%20Vzd%20pb%20Pole%20to%20Pole%20milestone\/2%20TEKST%20AF\/@PoletoPoleEV\" target=\"_blank\" rel=\"noreferrer noopener\">@PoletoPoleEV<\/a> et regardez le tracker en direct sur <a href=\"https:\/\/poletopoleev.com\/expedition-live\/\" target=\"_blank\" rel=\"noreferrer noopener\">https:\/\/poletopoleev.com\/expedition-live\/<\/a>.<\/p>\n<p>Regardez aussi :<\/p>\n<figure class=\"wp-block-embed is-type-video is-provider-youtube wp-block-embed-youtube wp-embed-aspect-16-9 wp-has-aspect-ratio\">\n<div class=\"wp-block-embed__wrapper\">\n<\/div>\n<\/figure>\n","protected":false},"excerpt":{"rendered":"Nissan Ariya Avec leur Nissan Ariya sp\u00e9cialement pr\u00e9par\u00e9e pour l'exp\u00e9dition, le couple mari\u00e9 Chris et Julie Ramsey a d\u00e9j\u00e0 parcouru\u2026","protected":false},"author":0,"featured_media":139371,"comment_status":"","ping_status":"open","sticky":false,"template":"","format":"standard","meta":{"footnotes":""},"categories":[127],"tags":[],"class_list":["post-139381","post","type-post","status-publish","format-standard","has-post-thumbnail","hentry","category-nouvelles-de-voiture"],"acf":[],"yoast_head":"<!-- This site is optimized with the Yoast SEO plugin v21.2 - https:\/\/yoast.com\/wordpress\/plugins\/seo\/ -->\n<title>Du p\u00f4le nord au p\u00f4le sud : l&#039;extraordinaire Nissan Ariya passe l&#039;\u00e9quateur - All cars news<\/title>\n<meta name=\"robots\" content=\"index, follow, max-snippet:-1, max-image-preview:large, max-video-preview:-1\" \/>\n<link rel=\"canonical\" href=\"https:\/\/all-car-news.com\/fr\/du-pole-nord-au-pole-sud-lextraordinaire-nissan-ariya-passe-lequateur\/\" \/>\n<meta property=\"og:locale\" content=\"fr_FR\" \/>\n<meta property=\"og:type\" content=\"article\" \/>\n<meta property=\"og:title\" content=\"Du p\u00f4le nord au p\u00f4le sud : l&#039;extraordinaire Nissan Ariya passe l&#039;\u00e9quateur - All cars news\" \/>\n<meta property=\"og:description\" content=\"Nissan Ariya Avec leur Nissan Ariya sp\u00e9cialement pr\u00e9par\u00e9e pour l&#039;exp\u00e9dition, le couple mari\u00e9 Chris et Julie Ramsey a d\u00e9j\u00e0 parcouru plus de 20 000 kilom\u00e8tres. \u00c0 travers les glaces difficiles de l&#039;oc\u00e9an Arctique, la fonte des routes de glace canadiennes et les paysages vari\u00e9s de l&#039;Am\u00e9rique du Nord et de l&#039;Am\u00e9rique centrale, ils sont arriv\u00e9s \u00e0 Quito, une ville situ\u00e9e juste au-dessous de l&#039;\u00e9quateur [...].\" \/>\n<meta property=\"og:url\" content=\"https:\/\/all-car-news.com\/fr\/du-pole-nord-au-pole-sud-lextraordinaire-nissan-ariya-passe-lequateur\/\" \/>\n<meta property=\"og:site_name\" content=\"All cars news\" \/>\n<meta property=\"article:published_time\" content=\"2023-09-27T10:26:00+00:00\" \/>\n<meta property=\"og:image\" content=\"https:\/\/autorai.nl\/wp-content\/uploads\/2023\/09\/01-Elektrische-Pole-to-Pole-expeditie-passeert-de-evenaar-1140x641.jpg\" \/>\n<meta name=\"twitter:card\" content=\"summary_large_image\" \/>\n<meta name=\"twitter:label1\" content=\"Dur\u00e9e de lecture estim\u00e9e\" \/>\n\t<meta name=\"twitter:data1\" content=\"2 minutes\" \/>\n<script type=\"application\/ld+json\" class=\"yoast-schema-graph\">{\"@context\":\"https:\/\/schema.org\",\"@graph\":[{\"@type\":\"Article\",\"@id\":\"https:\/\/all-car-news.com\/fr\/du-pole-nord-au-pole-sud-lextraordinaire-nissan-ariya-passe-lequateur\/#article\",\"isPartOf\":{\"@id\":\"https:\/\/all-car-news.com\/fr\/du-pole-nord-au-pole-sud-lextraordinaire-nissan-ariya-passe-lequateur\/\"},\"author\":{\"name\":\"\",\"@id\":\"\"},\"headline\":\"Du p\u00f4le nord au p\u00f4le sud : l&rsquo;extraordinaire Nissan Ariya passe l&rsquo;\u00e9quateur\",\"datePublished\":\"2023-09-27T10:26:00+00:00\",\"dateModified\":\"2023-09-27T10:26:00+00:00\",\"mainEntityOfPage\":{\"@id\":\"https:\/\/all-car-news.com\/fr\/du-pole-nord-au-pole-sud-lextraordinaire-nissan-ariya-passe-lequateur\/\"},\"wordCount\":402,\"publisher\":{\"@id\":\"https:\/\/all-car-news.com\/fr\/#organization\"},\"articleSection\":[\"nouvelles de voiture\"],\"inLanguage\":\"fr-FR\"},{\"@type\":\"WebPage\",\"@id\":\"https:\/\/all-car-news.com\/fr\/du-pole-nord-au-pole-sud-lextraordinaire-nissan-ariya-passe-lequateur\/\",\"url\":\"https:\/\/all-car-news.com\/fr\/du-pole-nord-au-pole-sud-lextraordinaire-nissan-ariya-passe-lequateur\/\",\"name\":\"Du p\u00f4le nord au p\u00f4le sud : l'extraordinaire Nissan Ariya passe l'\u00e9quateur - All cars news\",\"isPartOf\":{\"@id\":\"https:\/\/all-car-news.com\/fr\/#website\"},\"datePublished\":\"2023-09-27T10:26:00+00:00\",\"dateModified\":\"2023-09-27T10:26:00+00:00\",\"breadcrumb\":{\"@id\":\"https:\/\/all-car-news.com\/fr\/du-pole-nord-au-pole-sud-lextraordinaire-nissan-ariya-passe-lequateur\/#breadcrumb\"},\"inLanguage\":\"fr-FR\",\"potentialAction\":[{\"@type\":\"ReadAction\",\"target\":[\"https:\/\/all-car-news.com\/fr\/du-pole-nord-au-pole-sud-lextraordinaire-nissan-ariya-passe-lequateur\/\"]}]},{\"@type\":\"BreadcrumbList\",\"@id\":\"https:\/\/all-car-news.com\/fr\/du-pole-nord-au-pole-sud-lextraordinaire-nissan-ariya-passe-lequateur\/#breadcrumb\",\"itemListElement\":[{\"@type\":\"ListItem\",\"position\":1,\"name\":\"Home\",\"item\":\"https:\/\/all-car-news.com\/fr\/\"},{\"@type\":\"ListItem\",\"position\":2,\"name\":\"Du p\u00f4le nord au p\u00f4le sud : l&rsquo;extraordinaire Nissan Ariya passe l&rsquo;\u00e9quateur\"}]},{\"@type\":\"WebSite\",\"@id\":\"https:\/\/all-car-news.com\/fr\/#website\",\"url\":\"https:\/\/all-car-news.com\/fr\/\",\"name\":\"All cars news\",\"description\":\"\",\"publisher\":{\"@id\":\"https:\/\/all-car-news.com\/fr\/#organization\"},\"potentialAction\":[{\"@type\":\"SearchAction\",\"target\":{\"@type\":\"EntryPoint\",\"urlTemplate\":\"https:\/\/all-car-news.com\/fr\/?s={search_term_string}\"},\"query-input\":\"required name=search_term_string\"}],\"inLanguage\":\"fr-FR\"},{\"@type\":\"Organization\",\"@id\":\"https:\/\/all-car-news.com\/fr\/#organization\",\"name\":\"All cars news\",\"url\":\"https:\/\/all-car-news.com\/fr\/\",\"logo\":{\"@type\":\"ImageObject\",\"inLanguage\":\"fr-FR\",\"@id\":\"https:\/\/all-car-news.com\/fr\/#\/schema\/logo\/image\/\",\"url\":\"https:\/\/all-car-news.com\/wp-content\/uploads\/2022\/02\/CMYK-AllCarNews_LANDSCAPE_300px-1.png\",\"contentUrl\":\"https:\/\/all-car-news.com\/wp-content\/uploads\/2022\/02\/CMYK-AllCarNews_LANDSCAPE_300px-1.png\",\"width\":300,\"height\":100,\"caption\":\"All cars news\"},\"image\":{\"@id\":\"https:\/\/all-car-news.com\/fr\/#\/schema\/logo\/image\/\"}}]}<\/script>\n<!-- \/ Yoast SEO plugin. -->","yoast_head_json":{"title":"Du p\u00f4le nord au p\u00f4le sud : l'extraordinaire Nissan Ariya passe l'\u00e9quateur - All cars news","robots":{"index":"index","follow":"follow","max-snippet":"max-snippet:-1","max-image-preview":"max-image-preview:large","max-video-preview":"max-video-preview:-1"},"canonical":"https:\/\/all-car-news.com\/fr\/du-pole-nord-au-pole-sud-lextraordinaire-nissan-ariya-passe-lequateur\/","og_locale":"fr_FR","og_type":"article","og_title":"Du p\u00f4le nord au p\u00f4le sud : l'extraordinaire Nissan Ariya passe l'\u00e9quateur - All cars news","og_description":"Nissan Ariya Avec leur Nissan Ariya sp\u00e9cialement pr\u00e9par\u00e9e pour l'exp\u00e9dition, le couple mari\u00e9 Chris et Julie Ramsey a d\u00e9j\u00e0 parcouru plus de 20 000 kilom\u00e8tres. \u00c0 travers les glaces difficiles de l'oc\u00e9an Arctique, la fonte des routes de glace canadiennes et les paysages vari\u00e9s de l'Am\u00e9rique du Nord et de l'Am\u00e9rique centrale, ils sont arriv\u00e9s \u00e0 Quito, une ville situ\u00e9e juste au-dessous de l'\u00e9quateur [...].","og_url":"https:\/\/all-car-news.com\/fr\/du-pole-nord-au-pole-sud-lextraordinaire-nissan-ariya-passe-lequateur\/","og_site_name":"All cars news","article_published_time":"2023-09-27T10:26:00+00:00","og_image":[{"url":"https:\/\/autorai.nl\/wp-content\/uploads\/2023\/09\/01-Elektrische-Pole-to-Pole-expeditie-passeert-de-evenaar-1140x641.jpg"}],"twitter_card":"summary_large_image","twitter_misc":{"Dur\u00e9e de lecture estim\u00e9e":"2 minutes"},"schema":{"@context":"https:\/\/schema.org","@graph":[{"@type":"Article","@id":"https:\/\/all-car-news.com\/fr\/du-pole-nord-au-pole-sud-lextraordinaire-nissan-ariya-passe-lequateur\/#article","isPartOf":{"@id":"https:\/\/all-car-news.com\/fr\/du-pole-nord-au-pole-sud-lextraordinaire-nissan-ariya-passe-lequateur\/"},"author":{"name":"","@id":""},"headline":"Du p\u00f4le nord au p\u00f4le sud : l&rsquo;extraordinaire Nissan Ariya passe l&rsquo;\u00e9quateur","datePublished":"2023-09-27T10:26:00+00:00","dateModified":"2023-09-27T10:26:00+00:00","mainEntityOfPage":{"@id":"https:\/\/all-car-news.com\/fr\/du-pole-nord-au-pole-sud-lextraordinaire-nissan-ariya-passe-lequateur\/"},"wordCount":402,"publisher":{"@id":"https:\/\/all-car-news.com\/fr\/#organization"},"articleSection":["nouvelles de voiture"],"inLanguage":"fr-FR"},{"@type":"WebPage","@id":"https:\/\/all-car-news.com\/fr\/du-pole-nord-au-pole-sud-lextraordinaire-nissan-ariya-passe-lequateur\/","url":"https:\/\/all-car-news.com\/fr\/du-pole-nord-au-pole-sud-lextraordinaire-nissan-ariya-passe-lequateur\/","name":"Du p\u00f4le nord au p\u00f4le sud : l'extraordinaire Nissan Ariya passe l'\u00e9quateur - All cars news","isPartOf":{"@id":"https:\/\/all-car-news.com\/fr\/#website"},"datePublished":"2023-09-27T10:26:00+00:00","dateModified":"2023-09-27T10:26:00+00:00","breadcrumb":{"@id":"https:\/\/all-car-news.com\/fr\/du-pole-nord-au-pole-sud-lextraordinaire-nissan-ariya-passe-lequateur\/#breadcrumb"},"inLanguage":"fr-FR","potentialAction":[{"@type":"ReadAction","target":["https:\/\/all-car-news.com\/fr\/du-pole-nord-au-pole-sud-lextraordinaire-nissan-ariya-passe-lequateur\/"]}]},{"@type":"BreadcrumbList","@id":"https:\/\/all-car-news.com\/fr\/du-pole-nord-au-pole-sud-lextraordinaire-nissan-ariya-passe-lequateur\/#breadcrumb","itemListElement":[{"@type":"ListItem","position":1,"name":"Home","item":"https:\/\/all-car-news.com\/fr\/"},{"@type":"ListItem","position":2,"name":"Du p\u00f4le nord au p\u00f4le sud : l&rsquo;extraordinaire Nissan Ariya passe l&rsquo;\u00e9quateur"}]},{"@type":"WebSite","@id":"https:\/\/all-car-news.com\/fr\/#website","url":"https:\/\/all-car-news.com\/fr\/","name":"All cars news","description":"","publisher":{"@id":"https:\/\/all-car-news.com\/fr\/#organization"},"potentialAction":[{"@type":"SearchAction","target":{"@type":"EntryPoint","urlTemplate":"https:\/\/all-car-news.com\/fr\/?s={search_term_string}"},"query-input":"required name=search_term_string"}],"inLanguage":"fr-FR"},{"@type":"Organization","@id":"https:\/\/all-car-news.com\/fr\/#organization","name":"All cars news","url":"https:\/\/all-car-news.com\/fr\/","logo":{"@type":"ImageObject","inLanguage":"fr-FR","@id":"https:\/\/all-car-news.com\/fr\/#\/schema\/logo\/image\/","url":"https:\/\/all-car-news.com\/wp-content\/uploads\/2022\/02\/CMYK-AllCarNews_LANDSCAPE_300px-1.png","contentUrl":"https:\/\/all-car-news.com\/wp-content\/uploads\/2022\/02\/CMYK-AllCarNews_LANDSCAPE_300px-1.png","width":300,"height":100,"caption":"All cars news"},"image":{"@id":"https:\/\/all-car-news.com\/fr\/#\/schema\/logo\/image\/"}}]}},"_links":{"self":[{"href":"https:\/\/all-car-news.com\/fr\/wp-json\/wp\/v2\/posts\/139381","targetHints":{"allow":["GET"]}}],"collection":[{"href":"https:\/\/all-car-news.com\/fr\/wp-json\/wp\/v2\/posts"}],"about":[{"href":"https:\/\/all-car-news.com\/fr\/wp-json\/wp\/v2\/types\/post"}],"replies":[{"embeddable":true,"href":"https:\/\/all-car-news.com\/fr\/wp-json\/wp\/v2\/comments?post=139381"}],"version-history":[{"count":0,"href":"https:\/\/all-car-news.com\/fr\/wp-json\/wp\/v2\/posts\/139381\/revisions"}],"wp:featuredmedia":[{"embeddable":true,"href":"https:\/\/all-car-news.com\/fr\/wp-json\/wp\/v2\/media\/139371"}],"wp:attachment":[{"href":"https:\/\/all-car-news.com\/fr\/wp-json\/wp\/v2\/media?parent=139381"}],"wp:term":[{"taxonomy":"category","embeddable":true,"href":"https:\/\/all-car-news.com\/fr\/wp-json\/wp\/v2\/categories?post=139381"},{"taxonomy":"post_tag","embeddable":true,"href":"https:\/\/all-car-news.com\/fr\/wp-json\/wp\/v2\/tags?post=139381"}],"curies":[{"name":"wp","href":"https:\/\/api.w.org\/{rel}","templated":true}]}}