{"id":139356,"date":"2023-09-04T07:02:00","date_gmt":"2023-09-04T07:02:00","guid":{"rendered":"https:\/\/all-car-news.com\/la-nouvelle-mercedes-benz-classe-e-tout-terrain-en-un-coup-doeil\/"},"modified":"2023-09-04T07:02:00","modified_gmt":"2023-09-04T07:02:00","slug":"la-nouvelle-mercedes-benz-classe-e-tout-terrain-en-un-coup-doeil","status":"publish","type":"post","link":"https:\/\/all-car-news.com\/fr\/la-nouvelle-mercedes-benz-classe-e-tout-terrain-en-un-coup-doeil\/","title":{"rendered":"La nouvelle Mercedes-Benz Classe E Tout-Terrain en un coup d&rsquo;\u0153il"},"content":{"rendered":"<h2>En bref<\/h2>\n<p>Avec la transmission int\u00e9grale 4MATIC de s\u00e9rie, la garde au sol accrue gr\u00e2ce \u00e0 la suspension pneumatique AIRMATIC (\u00e9galement de s\u00e9rie) et le programme de conduite \u00a0\u00bb Offroad \u00ab\u00a0, la nouvelle Mercedes-Benz Classe E All-Terrain ma\u00eetrise tr\u00e8s bien les terrains l\u00e9gers, tels que les chemins de terre, gr\u00e2ce \u00e0 ses grandes roues. Parmi les autres d\u00e9tails pratiques qui am\u00e9liorent l&rsquo;exp\u00e9rience de conduite tout-terrain, citons l&rsquo;\u00e9cran tout-terrain et le \u00ab\u00a0capot transparent\u00a0\u00bb, qui fait partie de la cam\u00e9ra \u00e0 360\u00b0.<\/p>\n<p>Les \u00e9l\u00e9ments de design tout-terrain comprennent la calandre sp\u00e9cifique, les pare-chocs sp\u00e9ciaux, les protections anti-encastrement optiques en chrome brillant \u00e0 l&rsquo;avant et \u00e0 l&rsquo;arri\u00e8re, ainsi que les garnitures de passage de roue en gris fonc\u00e9 mat.  <\/p>\n<p>La nouvelle Classe E tout-terrain est pr\u00e9sent\u00e9e en premi\u00e8re mondiale au salon IAA de Munich et vient compl\u00e9ter la famille de la Classe E. Elle sera disponible chez les concessionnaires Mercedes-Benz \u00e0 partir du premier trimestre 2024.<\/p>\n<figure class=\"wp-block-image size-full\"><img decoding=\"async\" loading=\"lazy\" width=\"1920\" height=\"1282\" src=\"https:\/\/autorai.nl\/wp-content\/uploads\/2023\/09\/Mercedes-Benz-E-Klasse-All-Terrain-2023-foto-12.jpg\" alt=\"La nouvelle Mercedes-Benz Classe E tout-terrain\" class=\"wp-image-165899\"><\/figure>\n<h2>Mercedes-Benz Classe E tout-terrain, 5 points forts<\/h2>\n<ol>\n<li>La nouvelle Mercedes-Benz Classe E All-Terrain est \u00e9quip\u00e9e de s\u00e9rie de la suspension pneumatique AIRMATIC \u00e0 chambre unique. Il offre une garde au sol accrue de 46 mm et un amortissement r\u00e9glable en continu pour les phases de compression et de rebond des amortisseurs.<\/li>\n<li>L&rsquo;espace de chargement peut passer de 615 \u00e0 1 830 litres. L&rsquo;hybride rechargeable offre de 460 \u00e0 1 675 litres d&rsquo;espace pour les bagages.  <\/li>\n<li>Les passagers arri\u00e8re b\u00e9n\u00e9ficient tout particuli\u00e8rement de l&#8217;empattement plus long de 22 mm (2 961 mm). Ils disposent \u00e9galement d&rsquo;une marge de man\u0153uvre de 1519 mm, soit une augmentation de 25 mm.<\/li>\n<li>La Classe E All-Terrain a une capacit\u00e9 de remorquage frein\u00e9e pouvant atteindre 2 100 kg. Il en va de m\u00eame pour l&rsquo;hybride rechargeable. La capacit\u00e9 de remorquage non frein\u00e9e est de 750 kg. Gr\u00e2ce \u00e0 un poids \u00e0 l&rsquo;avant pouvant aller jusqu&rsquo;\u00e0 84 kg, les v\u00e9los \u00e9lectriques peuvent \u00e9galement \u00eatre transport\u00e9s.<\/li>\n<li>La calandre \u00e9clair\u00e9e (option) comporte deux faisceaux de fibres optiques derri\u00e8re les moulures chrom\u00e9es qui re\u00e7oivent la lumi\u00e8re de modules LED.<\/li>\n<\/ol>\n<h2>Dimensions<\/h2>\n<p>Par rapport au break classique de la Classe E, l&rsquo;All-Terrain n&rsquo;est que plus haut. La longueur est rest\u00e9e pratiquement la m\u00eame (4 950 mm). La largeur est de 1 904 mm, la hauteur de 1 497 mm. Il est \u00e9quip\u00e9 de s\u00e9rie de pneus 235\/55 R18 sur des jantes 8J x 18 pouces. Des jantes allant jusqu&rsquo;\u00e0 20&Prime; sont disponibles en option.<\/p>\n<p>La nouvelle Classe E tout-terrain est plus large de 28 mm que le mod\u00e8le pr\u00e9c\u00e9dent. Cela rend le voyage encore plus confortable pour les passagers arri\u00e8re, qui disposent d\u00e9sormais de 1 519 mm d&rsquo;espace aux coudes. L&#8217;empattement a augment\u00e9 de 22 mm pour atteindre 2 961 mm, ce qui offre plus d&rsquo;espace pour les genoux et les jambes \u00e0 l&rsquo;arri\u00e8re.<\/p>\n<p>Le dossier de la banquette arri\u00e8re peut \u00eatre divis\u00e9 et rabattu dans un rapport 40:20:40. Il est actionn\u00e9 par deux boutons-poussoirs situ\u00e9s \u00e0 gauche et \u00e0 droite du dossier de la banquette arri\u00e8re. Le hayon EASY PACK de s\u00e9rie s&rsquo;ouvre et se ferme facilement sur simple pression d&rsquo;un bouton : via le bouton de la cl\u00e9 de contact, le commutateur de la porte du conducteur ou le levier de d\u00e9verrouillage du hayon. Le couvre-bagages (rollo) et le filet de s\u00e9paration (tous deux de s\u00e9rie) sont en deux parties. Ils ont chacun leur propre cassette.<\/p>\n<figure class=\"wp-block-image size-content\"><img decoding=\"async\" loading=\"lazy\" width=\"1140\" height=\"761\" src=\"https:\/\/autorai.nl\/wp-content\/uploads\/2023\/09\/Mercedes-Benz-E-Klasse-All-Terrain-2023-foto-9-1140x761.jpg\" alt=\"La nouvelle Mercedes-Benz Classe E tout-terrain\" class=\"wp-image-165896\"><\/figure>\n<h2>\u00c9l\u00e9ments de conception tout-terrain<\/h2>\n<p>L&rsquo;\u00e9l\u00e9ment le plus frappant de la face avant est la calandre \u00e0 deux lamelles avec \u00e9toile int\u00e9gr\u00e9e et motif Mercedes-Benz. Les ailettes sont en argent iridium. Le pare-chocs avant sp\u00e9cifique et la protection anti-encastrement optique en chrome brillant contribuent \u00e9galement \u00e0 l&rsquo;aspect robuste. Il s&rsquo;agit de trois autres caract\u00e9ristiques.<\/p>\n<ol>\n<li>En profil, les enjoliveurs de passage de roue gris fonc\u00e9 mat se distinguent, ils donnent le caract\u00e8re All-Terrain. Il en va de m\u00eame pour les extensions de seuil avec garniture en chrome brillant.<\/li>\n<li>\u00c0 l&rsquo;arri\u00e8re, l&rsquo;All-Terrain est \u00e9galement dot\u00e9 d&rsquo;un pare-chocs sp\u00e9cifique au mod\u00e8le qui se termine par une protection anti-encastrement optique en chrome brillant. Un autre d\u00e9tail est la protection robuste du seuil de chargement en acier inoxydable.<\/li>\n<li>L&rsquo;int\u00e9rieur est \u00e9quip\u00e9 de p\u00e9dales sport AMG en acier inoxydable et de tapis de sol portant l&rsquo;inscription \u00ab\u00a0All-Terrain\u00a0\u00bb.<\/li>\n<\/ol>\n<h2>Suspension pneumatique de s\u00e9rie<\/h2>\n<p>La nouvelle Classe E All-Terrain est \u00e9quip\u00e9e de s\u00e9rie de la suspension pneumatique AIRMATIC sur les essieux avant et arri\u00e8re. Ce syst\u00e8me associe des soufflets pneumatiques \u00e0 des amortisseurs adaptatifs ADS+ pour une r\u00e9activit\u00e9 maximale. Les caract\u00e9ristiques des amortisseurs sont r\u00e9gl\u00e9es automatiquement au niveau de chaque roue, tant dans la phase d&rsquo;entr\u00e9e que dans la phase de sortie. Une technologie de capteurs et des algorithmes avanc\u00e9s ajustent les amortisseurs \u00e0 la surface de la route, de sorte que l&rsquo;impact d&rsquo;une bosse sur un pneu, par exemple, n&rsquo;est pas transmis \u00e0 l&rsquo;ensemble de l&rsquo;essieu et de l&rsquo;habitacle.<\/p>\n<p>Le contr\u00f4le de niveau int\u00e9gral fait partie d&rsquo;AIRMATIC. Il maintient la garde au sol constante quelle que soit la charge du v\u00e9hicule, mais l&rsquo;ajuste \u00e9galement si n\u00e9cessaire. Pour r\u00e9duire la tra\u00een\u00e9e et donc la consommation de carburant, le niveau du v\u00e9hicule est automatiquement abaiss\u00e9 de 15 mm \u00e0 partir d&rsquo;une vitesse de 120 km\/h dans le programme de conduite \u00ab\u00a0Confort\u00a0\u00bb.<\/p>\n<figure class=\"wp-block-image size-content\"><img decoding=\"async\" loading=\"lazy\" width=\"1140\" height=\"761\" src=\"https:\/\/autorai.nl\/wp-content\/uploads\/2023\/09\/Mercedes-Benz-E-Klasse-All-Terrain-2023-foto-6-1140x761.jpg\" alt=\"La nouvelle Mercedes-Benz Classe E tout-terrain\" class=\"wp-image-165893\"><\/figure>\n<h2>Trois mod\u00e8les tout-terrain disponibles au lancement<\/h2>\n<p>D\u00e8s le lancement, il est possible de choisir entre plusieurs groupes motopropulseurs : diesel, essence et hybride rechargeable. Les moteurs \u00e0 combustion interne sont des quatre et six cylindres de l&rsquo;actuelle famille de moteurs modulaires de Mercedes-Benz, appel\u00e9e FAME (Family of Modular Engines).<\/p>\n<p>Outre la turbocompression, les moteurs diesel et essence b\u00e9n\u00e9ficient de l&rsquo;assistance intelligente d&rsquo;un g\u00e9n\u00e9rateur de d\u00e9marrage int\u00e9gr\u00e9 (ISG). Il s&rsquo;agit donc d&rsquo;hybrides l\u00e9gers. Gr\u00e2ce \u00e0 une nouvelle batterie, la puissance du moteur \u00e9lectrique est pass\u00e9e de 15 \u00e0 17 kW et le couple de 205 Nm.<\/p>\n<p>Avec une puissance \u00e9lectrique de 95 kW (129 ch) et une autonomie en mode tout \u00e9lectrique de plus de 100 km (WLTP), les conducteurs de l&rsquo;hybride rechargeable peuvent, dans de nombreux cas, rouler en mode tout \u00e9lectrique sans faire appel au moteur \u00e0 combustion. M\u00eame en mode tout-terrain sur des chemins de terre. La densit\u00e9 de puissance \u00e9lev\u00e9e de la t\u00eate de traction hybride est obtenue gr\u00e2ce \u00e0 un moteur synchrone \u00e0 rotor interne aliment\u00e9 en permanence. Le couple maximal de 440 Nm du moteur \u00e9lectrique est disponible d\u00e8s le d\u00e9part, ce qui se traduit par une grande agilit\u00e9 lors de l&rsquo;acc\u00e9l\u00e9ration \u00e0 partir de l&rsquo;arr\u00eat et par des performances de conduite dynamiques. La puissance \u00e9lectrique totale est disponible jusqu&rsquo;\u00e0 140 km\/h, apr\u00e8s quoi elle est plafonn\u00e9e en douceur. Le servofrein \u00e9lectrom\u00e9canique intelligent est une caract\u00e9ristique de haute technologie. Il garantit que le syst\u00e8me de freinage combine tr\u00e8s efficacement la r\u00e9cup\u00e9ration \u00e9lectrique et le syst\u00e8me de freinage hydraulique.<\/p>\n<h2>Sp\u00e9cifications techniques<\/h2>\n<\/p>\n<figure class=\"wp-block-table\">\n<table>\n<tbody>\n<tr>\n<td>&nbsp;<\/td>\n<td>&nbsp;<\/td>\n<td>\n  <strong>E 220 d 4MATIC<\/strong>\n<\/td>\n<td>\n  <strong>E 450 4MATIC<\/strong>\n<\/td>\n<td>\n  <strong>E 300 d 4MATIC<\/strong>\n<\/td>\n<\/tr>\n<tr>\n<td>D\u00e9placement<\/td>\n<td>cm\u00b3<\/td>\n<td>1.993<\/td>\n<td>2.999<s><\/s><\/td>\n<td>1.993<\/td>\n<\/tr>\n<tr>\n<td>Puissance maximale du moteur \u00e0 combustion interne<\/td>\n<td>kW\/ch<\/td>\n<td>145\/197<\/td>\n<td>280\/381<\/td>\n<td>145\/197<\/td>\n<\/tr>\n<tr>\n<td>\u00e0<\/td>\n<td>rpm<\/td>\n<td>3.600<\/td>\n<td>5.800-6.100<\/td>\n<td>5.000<\/td>\n<\/tr>\n<tr>\n<td>Puissance \u00e9lectrique suppl\u00e9mentaire (mild hybrid)<br \/>Puissance maximale du moteur \u00e9lectrique (plug-in hybrid)<\/td>\n<td>kW\/ch<\/td>\n<td>17\/23<\/td>\n<td>17\/23<strong><\/strong><\/td>\n<td>95\/129<\/td>\n<\/tr>\n<tr>\n<td>Couple maximal, moteur \u00e0 combustion interne<\/td>\n<td>Nm<\/td>\n<td>440<\/td>\n<td>500<\/td>\n<td>440<\/td>\n<\/tr>\n<tr>\n<td>Couple \u00e9lectrique suppl\u00e9mentaire (mild hybrid)<br \/>Couple max. moteur \u00e9lectrique (plug-in hybrid)<\/td>\n<td>Nm<\/td>\n<td>205<\/td>\n<td>205<\/td>\n<td>440<\/td>\n<\/tr>\n<tr>\n<td>Acc\u00e9l\u00e9ration 0-100 km\/h<\/td>\n<td>sec.<\/td>\n<td>8,3<\/td>\n<td>4,7<\/td>\n<td>6,9<\/td>\n<\/tr>\n<tr>\n<td>Alimentation du syst\u00e8me<\/td>\n<td>kW<\/td>\n<td>&#8211;<\/td>\n<td>&#8211;<s><\/s><\/td>\n<td>230<\/td>\n<\/tr>\n<tr>\n<td>Paire syst\u00e8me<\/td>\n<td>Nm<\/td>\n<td>&#8211;<\/td>\n<td>&#8211;<s><\/s><\/td>\n<td>700<\/td>\n<\/tr>\n<tr>\n<td>Capacit\u00e9 \u00e9nerg\u00e9tique Batterie HV (install\u00e9e\/utilisable)<\/td>\n<td>kWh<\/td>\n<td>&#8211;<\/td>\n<td>&#8211;<s><\/s><\/td>\n<td>25,4\/19,5<\/td>\n<\/tr>\n<tr>\n<td>Vitesse maximale<\/td>\n<td>km\/h<\/td>\n<td>220<\/td>\n<td>250<\/td>\n<td>213<\/td>\n<\/tr>\n<tr>\n<td>Consommation de carburant combin\u00e9e\/pond\u00e9r\u00e9e (WLTP)<\/td>\n<td>l\/100km<\/td>\n<td>6,0-5,3<\/td>\n<td>8,7-7,9<\/td>\n<td>0,9-0,6<\/td>\n<\/tr>\n<tr>\n<td>Consommation d&rsquo;\u00e9nergie combin\u00e9e\/pond\u00e9r\u00e9e (WLTP)<\/td>\n<td>kWh\/<br \/>100 km<\/td>\n<td>&#8211;<\/td>\n<td>&#8211;<\/td>\n<td>25,1-22,9<\/td>\n<\/tr>\n<tr>\n<td><sub>\u00c9missions de CO2<\/sub> combin\u00e9es\/pond\u00e9r\u00e9es (WLTP)<\/td>\n<td>g\/km<\/td>\n<td>157-139<\/td>\n<td>198-180<\/td>\n<td>22-17<\/td>\n<\/tr>\n<tr>\n<td>Autonomie \u00e9lectrique (WLTP)<\/td>\n<td>km<\/td>\n<td>&#8211;<\/td>\n<td>&#8211;<\/td>\n<td>85-102<\/td>\n<\/tr>\n<\/tbody>\n<\/table>\n<\/figure>\n<h2>Le break Mercedes-Benz de classe E : historique<\/h2>\n<p>Depuis 1946, Mercedes-Benz a produit plus de 16 millions de v\u00e9hicules destin\u00e9s \u00e0 la classe moyenne sup\u00e9rieure. En ao\u00fbt 1966, la Mercedes-Benz Universal est ajout\u00e9e au programme de vente officiel. Il s&rsquo;agit d&rsquo;un break construit par le partenaire belge IMA sur la base des mod\u00e8les \u00ab\u00a0Heckflosse\u00a0\u00bb 200 D \u00e0 230 S, ce qui en fait le premier break officiel de Mercedes-Benz.<\/p>\n<p>En avril 1978, le break de la s\u00e9rie 123 est entr\u00e9 en production et a entam\u00e9 une longue histoire de succ\u00e8s &#8211; plus d&rsquo;un million de breaks ont \u00e9t\u00e9 construits \u00e0 ce jour. En Allemagne, le mod\u00e8le esth\u00e9tique est connu sous le nom de \u00ab\u00a0mod\u00e8le T\u00a0\u00bb et bien que le \u00ab\u00a0T\u00a0\u00bb semble \u00eatre synonyme de tourisme et de transport, il est \u00e9galement synonyme de cr\u00e9ateur de tendances. Pour Mercedes-Benz, le mod\u00e8le esth\u00e9tique fait d\u00e9sormais partie int\u00e9grante du segment du luxe et le mod\u00e8le a une foule de fans fid\u00e8les, en particulier en Allemagne. Une version break de chaque g\u00e9n\u00e9ration successive de Classe E est ainsi apparue (S 124, S 210, S 211, S 212, S 213) et, depuis 2017, \u00e9galement une version All-Terrain.<\/p>\n<div class=\"galery shuffle galery-0\">\n<figure>\n\t\t\t\t\t<span style=\"cursor: pointer\" data-src=\"https:\/\/autorai.nl\/wp-content\/uploads\/2023\/09\/Mercedes-Benz-E-Klasse-All-Terrain-2023-foto-19-1600x1068.jpg\" data-fancybox=\"galery-0\" title=\"Mercedes-Benz Classe E T-Modell All Terrain E 300 de 4MATIC ((vorl\u00e4ufige Angaben) Kraftstoffverbrauch kombiniert, gewichtet (WLTP) : 0.9-0.7 l\/100 km ; Stromverbrauch kombiniert, gewichtet (WLTP) : 25.1-23.8 kWh\/100 km ; CO2-Emissionen kombiniert, gewichtet (WLTP) : 22-19 g\/km), AVANTGARDE Line, Night Paket ; Ext\u00e9rieur : MANUFAKTUR opalithwei\u00df bright ; Int\u00e9rieur : Leather macchiatobeige, Zierelemente Holz Ahorn braun offenporig aluminium lines\/\/Mercedes-Benz Classe E Break All Terrain E 300 de 4MATIC ((donn\u00e9es pr\u00e9liminaires) Consommation de carburant en cycle mixte, pond\u00e9r\u00e9e (WLTP) : 0.9-0,7 l\/100 km ; consommation d'\u00e9nergie combin\u00e9e, pond\u00e9r\u00e9e (WLTP) : 25,1-23,8 kWh\/100 km ; \u00e9missions de CO2 combin\u00e9es, pond\u00e9r\u00e9es (WLTP) : 22-19 g\/km), ligne AVANTGARDE, pack nuit ; ext\u00e9rieur : MANUFAKTUR blanc opalin brillant ; int\u00e9rieur : cuir macchiato beige, \u00e9l\u00e9ments d\u00e9coratifs en bois d'\u00e9rable \u00e0 pores ouverts marron avec lignes en aluminium\"><br \/>\n\t\t\t\t\t\t\t<img decoding=\"async\" width=\"640\" height=\"480\" src=\"https:\/\/autorai.nl\/wp-content\/uploads\/2023\/09\/Mercedes-Benz-E-Klasse-All-Terrain-2023-foto-19-640x480.jpg\" class=\"attachment-medium size-medium\" alt=\"\" loading=\"lazy\"><i class=\"fa fa-search-plus\" aria-hidden=\"true\"><\/i><br \/>\n\t\t\t\t\t\t<\/span><br \/>\n\t\t\t\t\t<\/figure>\n<figure>\n\t\t\t\t\t<span style=\"cursor: pointer\" data-src=\"https:\/\/autorai.nl\/wp-content\/uploads\/2023\/09\/Mercedes-Benz-E-Klasse-All-Terrain-2023-foto-3-1600x1068.jpg\" data-fancybox=\"galery-0\" title=\"Mercedes-Benz Classe E T-Modell All Terrain E 300 de 4MATIC ((vorl\u00e4ufige Angaben) Kraftstoffverbrauch kombiniert, gewichtet (WLTP) : 0.9-0.7 l\/100 km ; Stromverbrauch kombiniert, gewichtet (WLTP) : 25.1-23.8 kWh\/100 km ; CO2-Emissionen kombiniert, gewichtet (WLTP) : 22-19 g\/km), AVANTGARDE Line, Night Paket ; Ext\u00e9rieur : MANUFAKTUR opalithwei\u00df bright ; Int\u00e9rieur : Leather macchiatobeige, Zierelemente Holz Ahorn braun offenporig aluminium lines\/\/Mercedes-Benz Classe E Break All Terrain E 300 de 4MATIC ((donn\u00e9es pr\u00e9liminaires) Consommation de carburant en cycle mixte, pond\u00e9r\u00e9e (WLTP) : 0.9-0,7 l\/100 km ; consommation d'\u00e9nergie combin\u00e9e, pond\u00e9r\u00e9e (WLTP) : 25,1-23,8 kWh\/100 km ; \u00e9missions de CO2 combin\u00e9es, pond\u00e9r\u00e9es (WLTP) : 22-19 g\/km), ligne AVANTGARDE, pack nuit ; ext\u00e9rieur : MANUFAKTUR blanc opalin brillant ; int\u00e9rieur : cuir macchiato beige, \u00e9l\u00e9ments d\u00e9coratifs en bois d'\u00e9rable \u00e0 pores ouverts marron avec lignes en aluminium\"><br \/>\n\t\t\t\t\t\t\t<img decoding=\"async\" width=\"360\" height=\"270\" src=\"https:\/\/autorai.nl\/wp-content\/uploads\/2023\/09\/Mercedes-Benz-E-Klasse-All-Terrain-2023-foto-3-360x270.jpg\" class=\"attachment-small size-small\" alt=\"\" loading=\"lazy\"><i class=\"fa fa-search-plus\" aria-hidden=\"true\"><\/i><br \/>\n\t\t\t\t\t\t<\/span><br \/>\n\t\t\t\t\t<\/figure>\n<figure>\n\t\t\t\t\t<span style=\"cursor: pointer\" data-src=\"https:\/\/autorai.nl\/wp-content\/uploads\/2023\/09\/Mercedes-Benz-E-Klasse-All-Terrain-2023-foto-2-1600x1068.jpg\" data-fancybox=\"galery-0\" title=\"Mercedes-Benz Classe E T-Modell All Terrain E 300 de 4MATIC ((vorl\u00e4ufige Angaben) Kraftstoffverbrauch kombiniert, gewichtet (WLTP) : 0.9-0.7 l\/100 km ; Stromverbrauch kombiniert, gewichtet (WLTP) : 25.1-23.8 kWh\/100 km ; CO2-Emissionen kombiniert, gewichtet (WLTP) : 22-19 g\/km), AVANTGARDE Line, Night Paket ; Ext\u00e9rieur : MANUFAKTUR opalithwei\u00df bright ; Int\u00e9rieur : Leather macchiatobeige, Zierelemente Holz Ahorn braun offenporig aluminium lines\/\/Mercedes-Benz Classe E Break All Terrain E 300 de 4MATIC ((donn\u00e9es pr\u00e9liminaires) Consommation de carburant en cycle mixte, pond\u00e9r\u00e9e (WLTP) : 0.9-0,7 l\/100 km ; consommation d'\u00e9nergie combin\u00e9e, pond\u00e9r\u00e9e (WLTP) : 25,1-23,8 kWh\/100 km ; \u00e9missions de CO2 combin\u00e9es, pond\u00e9r\u00e9es (WLTP) : 22-19 g\/km), ligne AVANTGARDE, pack nuit ; ext\u00e9rieur : MANUFAKTUR blanc opalin brillant ; int\u00e9rieur : cuir macchiato beige, \u00e9l\u00e9ments d\u00e9coratifs en bois d'\u00e9rable \u00e0 pores ouverts marron avec lignes en aluminium\"><br \/>\n\t\t\t\t\t\t\t<img decoding=\"async\" width=\"360\" height=\"270\" src=\"https:\/\/autorai.nl\/wp-content\/uploads\/2023\/09\/Mercedes-Benz-E-Klasse-All-Terrain-2023-foto-2-360x270.jpg\" class=\"attachment-small size-small\" alt=\"\" loading=\"lazy\"><i class=\"fa fa-search-plus\" aria-hidden=\"true\"><\/i><br \/>\n\t\t\t\t\t\t<\/span><br \/>\n\t\t\t\t\t<\/figure>\n<figure>\n\t\t\t\t\t<span style=\"cursor: pointer\" data-src=\"https:\/\/autorai.nl\/wp-content\/uploads\/2023\/09\/Mercedes-Benz-E-Klasse-All-Terrain-2023-foto-4-1600x1068.jpg\" data-fancybox=\"galery-0\" title=\"Mercedes-Benz Classe E T-Modell All Terrain E 300 de 4MATIC ((vorl\u00e4ufige Angaben) Kraftstoffverbrauch kombiniert, gewichtet (WLTP) : 0.9-0.7 l\/100 km ; Stromverbrauch kombiniert, gewichtet (WLTP) : 25.1-23.8 kWh\/100 km ; CO2-Emissionen kombiniert, gewichtet (WLTP) : 22-19 g\/km), AVANTGARDE Line, Night Paket ; Ext\u00e9rieur : MANUFAKTUR opalithwei\u00df bright ; Int\u00e9rieur : Leather macchiatobeige, Zierelemente Holz Ahorn braun offenporig aluminium lines\/\/Mercedes-Benz Classe E Break All Terrain E 300 de 4MATIC ((donn\u00e9es pr\u00e9liminaires) Consommation de carburant en cycle mixte, pond\u00e9r\u00e9e (WLTP) : 0.9-0,7 l\/100 km ; consommation d'\u00e9nergie combin\u00e9e, pond\u00e9r\u00e9e (WLTP) : 25,1-23,8 kWh\/100 km ; \u00e9missions de CO2 combin\u00e9es, pond\u00e9r\u00e9es (WLTP) : 22-19 g\/km), ligne AVANTGARDE, pack nuit ; ext\u00e9rieur : MANUFAKTUR blanc opalin brillant ; int\u00e9rieur : cuir macchiato beige, \u00e9l\u00e9ments d\u00e9coratifs en bois d'\u00e9rable \u00e0 pores ouverts marron avec lignes en aluminium\"><br \/>\n\t\t\t\t\t\t\t<img decoding=\"async\" width=\"640\" height=\"480\" src=\"https:\/\/autorai.nl\/wp-content\/uploads\/2023\/09\/Mercedes-Benz-E-Klasse-All-Terrain-2023-foto-4-640x480.jpg\" class=\"attachment-medium size-medium\" alt=\"\" loading=\"lazy\"><i class=\"fa fa-search-plus\" aria-hidden=\"true\"><\/i><br \/>\n\t\t\t\t\t\t<\/span><br \/>\n\t\t\t\t\t<\/figure>\n<figure>\n\t\t\t\t\t<span style=\"cursor: pointer\" data-src=\"https:\/\/autorai.nl\/wp-content\/uploads\/2023\/09\/Mercedes-Benz-E-Klasse-All-Terrain-2023-foto-18-1600x1068.jpg\" data-fancybox=\"galery-0\" title=\"Mercedes-Benz Classe E T-Modell All Terrain E 300 de 4MATIC ((vorl\u00e4ufige Angaben) Kraftstoffverbrauch kombiniert, gewichtet (WLTP) : 0.9-0.7 l\/100 km ; Stromverbrauch kombiniert, gewichtet (WLTP) : 25.1-23.8 kWh\/100 km ; CO2-Emissionen kombiniert, gewichtet (WLTP) : 22-19 g\/km), AVANTGARDE Line, Night Paket ; Ext\u00e9rieur : MANUFAKTUR opalithwei\u00df bright ; Int\u00e9rieur : Leather macchiatobeige, Zierelemente Holz Ahorn braun offenporig aluminium lines\/\/Mercedes-Benz Classe E Break All Terrain E 300 de 4MATIC ((donn\u00e9es pr\u00e9liminaires) Consommation de carburant en cycle mixte, pond\u00e9r\u00e9e (WLTP) : 0.9-0,7 l\/100 km ; consommation d'\u00e9nergie combin\u00e9e, pond\u00e9r\u00e9e (WLTP) : 25,1-23,8 kWh\/100 km ; \u00e9missions de CO2 combin\u00e9es, pond\u00e9r\u00e9es (WLTP) : 22-19 g\/km), ligne AVANTGARDE, pack nuit ; ext\u00e9rieur : MANUFAKTUR blanc opalin brillant ; int\u00e9rieur : cuir macchiato beige, \u00e9l\u00e9ments d\u00e9coratifs en bois d'\u00e9rable \u00e0 pores ouverts marron avec lignes en aluminium\"><br \/>\n\t\t\t\t\t\t\t<img decoding=\"async\" width=\"360\" height=\"270\" src=\"https:\/\/autorai.nl\/wp-content\/uploads\/2023\/09\/Mercedes-Benz-E-Klasse-All-Terrain-2023-foto-18-360x270.jpg\" class=\"attachment-small size-small\" alt=\"\" loading=\"lazy\"><i class=\"fa fa-search-plus\" aria-hidden=\"true\"><\/i><br \/>\n\t\t\t\t\t\t<\/span><br \/>\n\t\t\t\t\t<\/figure>\n<figure>\n\t\t\t\t\t<span style=\"cursor: pointer\" data-src=\"https:\/\/autorai.nl\/wp-content\/uploads\/2023\/09\/Mercedes-Benz-E-Klasse-All-Terrain-2023-foto-17-1600x1068.jpg\" data-fancybox=\"galery-0\" title=\"Mercedes-Benz Classe E T-Modell All Terrain E 300 de 4MATIC ((vorl\u00e4ufige Angaben) Kraftstoffverbrauch kombiniert, gewichtet (WLTP) : 0.9-0.7 l\/100 km ; Stromverbrauch kombiniert, gewichtet (WLTP) : 25.1-23.8 kWh\/100 km ; CO2-Emissionen kombiniert, gewichtet (WLTP) : 22-19 g\/km), AVANTGARDE Line, Night Paket ; Ext\u00e9rieur : MANUFAKTUR opalithwei\u00df bright ; Int\u00e9rieur : Leather macchiatobeige, Zierelemente Holz Ahorn braun offenporig aluminium lines\/\/Mercedes-Benz Classe E Break All Terrain E 300 de 4MATIC ((donn\u00e9es pr\u00e9liminaires) Consommation de carburant en cycle mixte, pond\u00e9r\u00e9e (WLTP) : 0.9-0,7 l\/100 km ; consommation d'\u00e9nergie combin\u00e9e, pond\u00e9r\u00e9e (WLTP) : 25,1-23,8 kWh\/100 km ; \u00e9missions de CO2 combin\u00e9es, pond\u00e9r\u00e9es (WLTP) : 22-19 g\/km), ligne AVANTGARDE, pack nuit ; ext\u00e9rieur : MANUFAKTUR blanc opalin brillant ; int\u00e9rieur : cuir macchiato beige, \u00e9l\u00e9ments d\u00e9coratifs en bois d'\u00e9rable \u00e0 pores ouverts marron avec lignes en aluminium\"><br \/>\n\t\t\t\t\t\t\t<img decoding=\"async\" width=\"360\" height=\"270\" src=\"https:\/\/autorai.nl\/wp-content\/uploads\/2023\/09\/Mercedes-Benz-E-Klasse-All-Terrain-2023-foto-17-360x270.jpg\" class=\"attachment-small size-small\" alt=\"\" loading=\"lazy\"><i class=\"fa fa-search-plus\" aria-hidden=\"true\"><\/i><br \/>\n\t\t\t\t\t\t<\/span><br \/>\n\t\t\t\t\t<\/figure>\n<figure>\n\t\t\t\t\t<span style=\"cursor: pointer\" data-src=\"https:\/\/autorai.nl\/wp-content\/uploads\/2023\/09\/Mercedes-Benz-E-Klasse-All-Terrain-2023-foto-16-1600x1068.jpg\" data-fancybox=\"galery-0\" title=\"Mercedes-Benz Classe E T-Modell All Terrain E 300 de 4MATIC ((vorl\u00e4ufige Angaben) Kraftstoffverbrauch kombiniert, gewichtet (WLTP) : 0.9-0.7 l\/100 km ; Stromverbrauch kombiniert, gewichtet (WLTP) : 25.1-23.8 kWh\/100 km ; CO2-Emissionen kombiniert, gewichtet (WLTP) : 22-19 g\/km), AVANTGARDE Line, Night Paket ; Ext\u00e9rieur : MANUFAKTUR opalithwei\u00df bright ; Int\u00e9rieur : Leather macchiatobeige, Zierelemente Holz Ahorn braun offenporig aluminium lines\/\/Mercedes-Benz Classe E Break All Terrain E 300 de 4MATIC ((donn\u00e9es pr\u00e9liminaires) Consommation de carburant en cycle mixte, pond\u00e9r\u00e9e (WLTP) : 0.9-0,7 l\/100 km ; consommation d'\u00e9nergie combin\u00e9e, pond\u00e9r\u00e9e (WLTP) : 25,1-23,8 kWh\/100 km ; \u00e9missions de CO2 combin\u00e9es, pond\u00e9r\u00e9es (WLTP) : 22-19 g\/km), ligne AVANTGARDE, pack nuit ; ext\u00e9rieur : MANUFAKTUR blanc opalin brillant ; int\u00e9rieur : cuir macchiato beige, \u00e9l\u00e9ments d\u00e9coratifs en bois d'\u00e9rable \u00e0 pores ouverts marron avec lignes en aluminium\"><br \/>\n\t\t\t\t\t\t\t<img decoding=\"async\" width=\"640\" height=\"480\" src=\"https:\/\/autorai.nl\/wp-content\/uploads\/2023\/09\/Mercedes-Benz-E-Klasse-All-Terrain-2023-foto-16-640x480.jpg\" class=\"attachment-medium size-medium\" alt=\"\" loading=\"lazy\"><i class=\"fa fa-search-plus\" aria-hidden=\"true\"><\/i><br \/>\n\t\t\t\t\t\t<\/span><br \/>\n\t\t\t\t\t<\/figure>\n<figure>\n\t\t\t\t\t<span style=\"cursor: pointer\" data-src=\"https:\/\/autorai.nl\/wp-content\/uploads\/2023\/09\/Mercedes-Benz-E-Klasse-All-Terrain-2023-foto-15-1600x1068.jpg\" data-fancybox=\"galery-0\" title=\"Mercedes-Benz Classe E T-Modell All Terrain E 300 de 4MATIC ((vorl\u00e4ufige Angaben) Kraftstoffverbrauch kombiniert, gewichtet (WLTP) : 0.9-0.7 l\/100 km ; Stromverbrauch kombiniert, gewichtet (WLTP) : 25.1-23.8 kWh\/100 km ; CO2-Emissionen kombiniert, gewichtet (WLTP) : 22-19 g\/km), AVANTGARDE Line, Night Paket ; Ext\u00e9rieur : MANUFAKTUR opalithwei\u00df bright ; Int\u00e9rieur : Leather macchiatobeige, Zierelemente Holz Ahorn braun offenporig aluminium lines\/\/Mercedes-Benz Classe E Break All Terrain E 300 de 4MATIC ((donn\u00e9es pr\u00e9liminaires) Consommation de carburant en cycle mixte, pond\u00e9r\u00e9e (WLTP) : 0.9-0,7 l\/100 km ; consommation d'\u00e9nergie combin\u00e9e, pond\u00e9r\u00e9e (WLTP) : 25,1-23,8 kWh\/100 km ; \u00e9missions de CO2 combin\u00e9es, pond\u00e9r\u00e9es (WLTP) : 22-19 g\/km), ligne AVANTGARDE, pack nuit ; ext\u00e9rieur : MANUFAKTUR blanc opalin brillant ; int\u00e9rieur : cuir macchiato beige, \u00e9l\u00e9ments d\u00e9coratifs en bois d'\u00e9rable \u00e0 pores ouverts marron avec lignes en aluminium\"><br \/>\n\t\t\t\t\t\t\t<img decoding=\"async\" width=\"360\" height=\"270\" src=\"https:\/\/autorai.nl\/wp-content\/uploads\/2023\/09\/Mercedes-Benz-E-Klasse-All-Terrain-2023-foto-15-360x270.jpg\" class=\"attachment-small size-small\" alt=\"\" loading=\"lazy\"><i class=\"fa fa-search-plus\" aria-hidden=\"true\"><\/i><br \/>\n\t\t\t\t\t\t<\/span><br \/>\n\t\t\t\t\t<\/figure>\n<figure>\n\t\t\t\t\t<span style=\"cursor: pointer\" data-src=\"https:\/\/autorai.nl\/wp-content\/uploads\/2023\/09\/Mercedes-Benz-E-Klasse-All-Terrain-2023-foto-14-1600x1068.jpg\" data-fancybox=\"galery-0\" title=\"Mercedes-Benz Classe E T-Modell All Terrain E 300 de 4MATIC ((vorl\u00e4ufige Angaben) Kraftstoffverbrauch kombiniert, gewichtet (WLTP) : 0.9-0.7 l\/100 km ; Stromverbrauch kombiniert, gewichtet (WLTP) : 25.1-23.8 kWh\/100 km ; CO2-Emissionen kombiniert, gewichtet (WLTP) : 22-19 g\/km), AVANTGARDE Line, Night Paket ; Ext\u00e9rieur : MANUFAKTUR opalithwei\u00df bright ; Int\u00e9rieur : Leather macchiatobeige, Zierelemente Holz Ahorn braun offenporig aluminium lines\/\/Mercedes-Benz Classe E Break All Terrain E 300 de 4MATIC ((donn\u00e9es pr\u00e9liminaires) Consommation de carburant en cycle mixte, pond\u00e9r\u00e9e (WLTP) : 0.9-0,7 l\/100 km ; consommation d'\u00e9nergie combin\u00e9e, pond\u00e9r\u00e9e (WLTP) : 25,1-23,8 kWh\/100 km ; \u00e9missions de CO2 combin\u00e9es, pond\u00e9r\u00e9es (WLTP) : 22-19 g\/km), ligne AVANTGARDE, pack nuit ; ext\u00e9rieur : MANUFAKTUR blanc opalin brillant ; int\u00e9rieur : cuir macchiato beige, \u00e9l\u00e9ments d\u00e9coratifs en bois d'\u00e9rable \u00e0 pores ouverts marron avec lignes en aluminium\"><br \/>\n\t\t\t\t\t\t\t<img decoding=\"async\" width=\"360\" height=\"270\" src=\"https:\/\/autorai.nl\/wp-content\/uploads\/2023\/09\/Mercedes-Benz-E-Klasse-All-Terrain-2023-foto-14-360x270.jpg\" class=\"attachment-small size-small\" alt=\"\" loading=\"lazy\"><i class=\"fa fa-search-plus\" aria-hidden=\"true\"><\/i><br \/>\n\t\t\t\t\t\t<\/span><br \/>\n\t\t\t\t\t<\/figure>\n<figure>\n\t\t\t\t\t<span style=\"cursor: pointer\" data-src=\"https:\/\/autorai.nl\/wp-content\/uploads\/2023\/09\/Mercedes-Benz-E-Klasse-All-Terrain-2023-foto-1-1600x1068.jpg\" data-fancybox=\"galery-0\" title=\"Mercedes-Benz Classe E T-Modell All Terrain E 300 de 4MATIC ((vorl\u00e4ufige Angaben) Kraftstoffverbrauch kombiniert, gewichtet (WLTP) : 0.9-0.7 l\/100 km ; Stromverbrauch kombiniert, gewichtet (WLTP) : 25.1-23.8 kWh\/100 km ; CO2-Emissionen kombiniert, gewichtet (WLTP) : 22-19 g\/km), AVANTGARDE Line, Night Paket ; Ext\u00e9rieur : MANUFAKTUR opalithwei\u00df bright ; Int\u00e9rieur : Leather macchiatobeige, Zierelemente Holz Ahorn braun offenporig aluminium lines\/\/Mercedes-Benz Classe E Break All Terrain E 300 de 4MATIC ((donn\u00e9es pr\u00e9liminaires) Consommation de carburant en cycle mixte, pond\u00e9r\u00e9e (WLTP) : 0.9-0,7 l\/100 km ; consommation d'\u00e9nergie combin\u00e9e, pond\u00e9r\u00e9e (WLTP) : 25,1-23,8 kWh\/100 km ; \u00e9missions de CO2 combin\u00e9es, pond\u00e9r\u00e9es (WLTP) : 22-19 g\/km), ligne AVANTGARDE, pack nuit ; ext\u00e9rieur : MANUFAKTUR blanc opalin brillant ; int\u00e9rieur : cuir macchiato beige, \u00e9l\u00e9ments d\u00e9coratifs en bois d'\u00e9rable \u00e0 pores ouverts marron avec lignes en aluminium\"><br \/>\n\t\t\t\t\t\t\t<img decoding=\"async\" width=\"640\" height=\"480\" src=\"https:\/\/autorai.nl\/wp-content\/uploads\/2023\/09\/Mercedes-Benz-E-Klasse-All-Terrain-2023-foto-1-640x480.jpg\" class=\"attachment-medium size-medium\" alt=\"\" loading=\"lazy\"><i class=\"fa fa-search-plus\" aria-hidden=\"true\"><\/i><br \/>\n\t\t\t\t\t\t<\/span><br \/>\n\t\t\t\t\t<\/figure>\n<figure>\n\t\t\t\t\t<span style=\"cursor: pointer\" data-src=\"https:\/\/autorai.nl\/wp-content\/uploads\/2023\/09\/Mercedes-Benz-E-Klasse-All-Terrain-2023-foto-13-1600x1076.jpg\" data-fancybox=\"galery-0\" title=\"Mercedes-Benz Classe E T-Modell All Terrain E 300 de 4MATIC ((vorl\u00e4ufige Angaben) Kraftstoffverbrauch kombiniert, gewichtet (WLTP) : 0.9-0.7 l\/100 km ; Stromverbrauch kombiniert, gewichtet (WLTP) : 25.1-23.8 kWh\/100 km ; CO2-Emissionen kombiniert, gewichtet (WLTP) : 22-19 g\/km), AVANTGARDE Line, Night Paket ; Ext\u00e9rieur : MANUFAKTUR opalithwei\u00df bright ; Int\u00e9rieur : Leather macchiatobeige, Zierelemente Holz Ahorn braun offenporig aluminium lines\/\/Mercedes-Benz Classe E Break All Terrain E 300 de 4MATIC ((donn\u00e9es pr\u00e9liminaires) Consommation de carburant en cycle mixte, pond\u00e9r\u00e9e (WLTP) : 0.9-0,7 l\/100 km ; consommation d'\u00e9nergie combin\u00e9e, pond\u00e9r\u00e9e (WLTP) : 25,1-23,8 kWh\/100 km ; \u00e9missions de CO2 combin\u00e9es, pond\u00e9r\u00e9es (WLTP) : 22-19 g\/km), ligne AVANTGARDE, pack nuit ; ext\u00e9rieur : MANUFAKTUR blanc opalin brillant ; int\u00e9rieur : cuir macchiato beige, \u00e9l\u00e9ments d\u00e9coratifs en bois d'\u00e9rable \u00e0 pores ouverts marron avec lignes en aluminium\"><br \/>\n\t\t\t\t\t\t\t<img decoding=\"async\" width=\"360\" height=\"270\" src=\"https:\/\/autorai.nl\/wp-content\/uploads\/2023\/09\/Mercedes-Benz-E-Klasse-All-Terrain-2023-foto-13-360x270.jpg\" class=\"attachment-small size-small\" alt=\"\" loading=\"lazy\"><i class=\"fa fa-search-plus\" aria-hidden=\"true\"><\/i><br \/>\n\t\t\t\t\t\t<\/span><br \/>\n\t\t\t\t\t<\/figure>\n<figure>\n\t\t\t\t\t<span style=\"cursor: pointer\" data-src=\"https:\/\/autorai.nl\/wp-content\/uploads\/2023\/09\/Mercedes-Benz-E-Klasse-All-Terrain-2023-foto-12-1600x1068.jpg\" data-fancybox=\"galery-0\" title=\"Mercedes-Benz Classe E T-Modell All Terrain E 300 de 4MATIC ((vorl\u00e4ufige Angaben) Kraftstoffverbrauch kombiniert, gewichtet (WLTP) : 0.9-0.7 l\/100 km ; Stromverbrauch kombiniert, gewichtet (WLTP) : 25.1-23.8 kWh\/100 km ; CO2-Emissionen kombiniert, gewichtet (WLTP) : 22-19 g\/km), AVANTGARDE Line, Night Paket ; Ext\u00e9rieur : MANUFAKTUR opalithwei\u00df bright ; Int\u00e9rieur : Leather macchiatobeige, Zierelemente Holz Ahorn braun offenporig aluminium lines\/\/Mercedes-Benz Classe E Break All Terrain E 300 de 4MATIC ((donn\u00e9es pr\u00e9liminaires) Consommation de carburant en cycle mixte, pond\u00e9r\u00e9e (WLTP) : 0.9-0,7 l\/100 km ; consommation d'\u00e9nergie combin\u00e9e, pond\u00e9r\u00e9e (WLTP) : 25,1-23,8 kWh\/100 km ; \u00e9missions de CO2 combin\u00e9es, pond\u00e9r\u00e9es (WLTP) : 22-19 g\/km), ligne AVANTGARDE, pack nuit ; ext\u00e9rieur : MANUFAKTUR blanc opalin brillant ; int\u00e9rieur : cuir macchiato beige, \u00e9l\u00e9ments d\u00e9coratifs en bois d'\u00e9rable \u00e0 pores ouverts marron avec lignes en aluminium\"><br \/>\n\t\t\t\t\t\t\t<img decoding=\"async\" width=\"360\" height=\"270\" src=\"https:\/\/autorai.nl\/wp-content\/uploads\/2023\/09\/Mercedes-Benz-E-Klasse-All-Terrain-2023-foto-12-360x270.jpg\" class=\"attachment-small size-small\" alt=\"La nouvelle Mercedes-Benz Classe E tout-terrain\" loading=\"lazy\"><i class=\"fa fa-search-plus\" aria-hidden=\"true\"><\/i><br \/>\n\t\t\t\t\t\t<\/span><br \/>\n\t\t\t\t\t<\/figure>\n<figure>\n\t\t\t\t\t<span style=\"cursor: pointer\" data-src=\"https:\/\/autorai.nl\/wp-content\/uploads\/2023\/09\/Mercedes-Benz-E-Klasse-All-Terrain-2023-foto-11-1600x1065.jpg\" data-fancybox=\"galery-0\" title=\"Mercedes-Benz Classe E T-Modell All Terrain E 300 de 4MATIC ((vorl\u00e4ufige Angaben) Kraftstoffverbrauch kombiniert, gewichtet (WLTP) : 0.9-0.7 l\/100 km ; Stromverbrauch kombiniert, gewichtet (WLTP) : 25.1-23.8 kWh\/100 km ; CO2-Emissionen kombiniert, gewichtet (WLTP) : 22-19 g\/km), AVANTGARDE Line, Night Paket ; Ext\u00e9rieur : MANUFAKTUR opalithwei\u00df bright ; Int\u00e9rieur : Leather macchiatobeige, Zierelemente Holz Ahorn braun offenporig aluminium lines\/\/Mercedes-Benz Classe E Break All Terrain E 300 de 4MATIC ((donn\u00e9es pr\u00e9liminaires) Consommation de carburant en cycle mixte, pond\u00e9r\u00e9e (WLTP) : 0.9-0,7 l\/100 km ; consommation d'\u00e9nergie combin\u00e9e, pond\u00e9r\u00e9e (WLTP) : 25,1-23,8 kWh\/100 km ; \u00e9missions de CO2 combin\u00e9es, pond\u00e9r\u00e9es (WLTP) : 22-19 g\/km), ligne AVANTGARDE, pack nuit ; ext\u00e9rieur : MANUFAKTUR blanc opalin brillant ; int\u00e9rieur : cuir macchiato beige, \u00e9l\u00e9ments d\u00e9coratifs en bois d'\u00e9rable \u00e0 pores ouverts marron avec lignes en aluminium\"><br \/>\n\t\t\t\t\t\t\t<img decoding=\"async\" width=\"640\" height=\"480\" src=\"https:\/\/autorai.nl\/wp-content\/uploads\/2023\/09\/Mercedes-Benz-E-Klasse-All-Terrain-2023-foto-11-640x480.jpg\" class=\"attachment-medium size-medium\" alt=\"\" loading=\"lazy\"><i class=\"fa fa-search-plus\" aria-hidden=\"true\"><\/i><br \/>\n\t\t\t\t\t\t<\/span><br \/>\n\t\t\t\t\t<\/figure>\n<figure>\n\t\t\t\t\t<span style=\"cursor: pointer\" data-src=\"https:\/\/autorai.nl\/wp-content\/uploads\/2023\/09\/Mercedes-Benz-E-Klasse-All-Terrain-2023-foto-10-1600x1068.jpg\" data-fancybox=\"galery-0\" title=\"Mercedes-Benz Classe E T-Modell All Terrain E 300 de 4MATIC ((vorl\u00e4ufige Angaben) Kraftstoffverbrauch kombiniert, gewichtet (WLTP) : 0.9-0.7 l\/100 km ; Stromverbrauch kombiniert, gewichtet (WLTP) : 25.1-23.8 kWh\/100 km ; CO2-Emissionen kombiniert, gewichtet (WLTP) : 22-19 g\/km), AVANTGARDE Line, Night Paket ; Ext\u00e9rieur : MANUFAKTUR opalithwei\u00df bright ; Int\u00e9rieur : Leather macchiatobeige, Zierelemente Holz Ahorn braun offenporig aluminium lines\/\/Mercedes-Benz Classe E Break All Terrain E 300 de 4MATIC ((donn\u00e9es pr\u00e9liminaires) Consommation de carburant en cycle mixte, pond\u00e9r\u00e9e (WLTP) : 0.9-0,7 l\/100 km ; consommation d'\u00e9nergie combin\u00e9e, pond\u00e9r\u00e9e (WLTP) : 25,1-23,8 kWh\/100 km ; \u00e9missions de CO2 combin\u00e9es, pond\u00e9r\u00e9es (WLTP) : 22-19 g\/km), ligne AVANTGARDE, pack nuit ; ext\u00e9rieur : MANUFAKTUR blanc opalin brillant ; int\u00e9rieur : cuir macchiato beige, \u00e9l\u00e9ments d\u00e9coratifs en bois d'\u00e9rable \u00e0 pores ouverts marron avec lignes en aluminium\"><br \/>\n\t\t\t\t\t\t\t<img decoding=\"async\" width=\"360\" height=\"270\" src=\"https:\/\/autorai.nl\/wp-content\/uploads\/2023\/09\/Mercedes-Benz-E-Klasse-All-Terrain-2023-foto-10-360x270.jpg\" class=\"attachment-small size-small\" alt=\"\" loading=\"lazy\"><i class=\"fa fa-search-plus\" aria-hidden=\"true\"><\/i><br \/>\n\t\t\t\t\t\t<\/span><br \/>\n\t\t\t\t\t<\/figure>\n<figure>\n\t\t\t\t\t<span style=\"cursor: pointer\" data-src=\"https:\/\/autorai.nl\/wp-content\/uploads\/2023\/09\/Mercedes-Benz-E-Klasse-All-Terrain-2023-foto-9-1600x1068.jpg\" data-fancybox=\"galery-0\" title=\"Mercedes-Benz Classe E T-Modell All Terrain E 300 de 4MATIC ((vorl\u00e4ufige Angaben) Kraftstoffverbrauch kombiniert, gewichtet (WLTP) : 0.9-0.7 l\/100 km ; Stromverbrauch kombiniert, gewichtet (WLTP) : 25.1-23.8 kWh\/100 km ; CO2-Emissionen kombiniert, gewichtet (WLTP) : 22-19 g\/km), AVANTGARDE Line, Night Paket ; Ext\u00e9rieur : MANUFAKTUR opalithwei\u00df bright ; Int\u00e9rieur : Leather macchiatobeige, Zierelemente Holz Ahorn braun offenporig aluminium lines\/\/Mercedes-Benz Classe E Break All Terrain E 300 de 4MATIC ((donn\u00e9es pr\u00e9liminaires) Consommation de carburant en cycle mixte, pond\u00e9r\u00e9e (WLTP) : 0.9-0,7 l\/100 km ; consommation d'\u00e9nergie combin\u00e9e, pond\u00e9r\u00e9e (WLTP) : 25,1-23,8 kWh\/100 km ; \u00e9missions de CO2 combin\u00e9es, pond\u00e9r\u00e9es (WLTP) : 22-19 g\/km), ligne AVANTGARDE, pack nuit ; ext\u00e9rieur : MANUFAKTUR blanc opalin brillant ; int\u00e9rieur : cuir macchiato beige, \u00e9l\u00e9ments d\u00e9coratifs en bois d'\u00e9rable \u00e0 pores ouverts marron avec lignes en aluminium\"><br \/>\n\t\t\t\t\t\t\t<img decoding=\"async\" width=\"360\" height=\"270\" src=\"https:\/\/autorai.nl\/wp-content\/uploads\/2023\/09\/Mercedes-Benz-E-Klasse-All-Terrain-2023-foto-9-360x270.jpg\" class=\"attachment-small size-small\" alt=\"La nouvelle Mercedes-Benz Classe E tout-terrain\" loading=\"lazy\"><i class=\"fa fa-search-plus\" aria-hidden=\"true\"><\/i><br \/>\n\t\t\t\t\t\t<\/span><br \/>\n\t\t\t\t\t<\/figure>\n<figure>\n\t\t\t\t\t<span style=\"cursor: pointer\" data-src=\"https:\/\/autorai.nl\/wp-content\/uploads\/2023\/09\/Mercedes-Benz-E-Klasse-All-Terrain-2023-foto-8-1600x1068.jpg\" data-fancybox=\"galery-0\" title=\"Mercedes-Benz Classe E T-Modell All Terrain E 300 de 4MATIC ((vorl\u00e4ufige Angaben) Kraftstoffverbrauch kombiniert, gewichtet (WLTP) : 0.9-0.7 l\/100 km ; Stromverbrauch kombiniert, gewichtet (WLTP) : 25.1-23.8 kWh\/100 km ; CO2-Emissionen kombiniert, gewichtet (WLTP) : 22-19 g\/km), AVANTGARDE Line, Night Paket ; Ext\u00e9rieur : MANUFAKTUR opalithwei\u00df bright ; Int\u00e9rieur : Leather macchiatobeige, Zierelemente Holz Ahorn braun offenporig aluminium lines\/\/Mercedes-Benz Classe E Break All Terrain E 300 de 4MATIC ((donn\u00e9es pr\u00e9liminaires) Consommation de carburant en cycle mixte, pond\u00e9r\u00e9e (WLTP) : 0.9-0,7 l\/100 km ; consommation d'\u00e9nergie combin\u00e9e, pond\u00e9r\u00e9e (WLTP) : 25,1-23,8 kWh\/100 km ; \u00e9missions de CO2 combin\u00e9es, pond\u00e9r\u00e9es (WLTP) : 22-19 g\/km), ligne AVANTGARDE, pack nuit ; ext\u00e9rieur : MANUFAKTUR blanc opalin brillant ; int\u00e9rieur : cuir macchiato beige, \u00e9l\u00e9ments d\u00e9coratifs en bois d'\u00e9rable \u00e0 pores ouverts marron avec lignes en aluminium\"><br \/>\n\t\t\t\t\t\t\t<img decoding=\"async\" width=\"640\" height=\"480\" src=\"https:\/\/autorai.nl\/wp-content\/uploads\/2023\/09\/Mercedes-Benz-E-Klasse-All-Terrain-2023-foto-8-640x480.jpg\" class=\"attachment-medium size-medium\" alt=\"La nouvelle Mercedes-Benz Classe E tout-terrain\" loading=\"lazy\"><i class=\"fa fa-search-plus\" aria-hidden=\"true\"><\/i><br \/>\n\t\t\t\t\t\t<\/span><br \/>\n\t\t\t\t\t<\/figure>\n<figure>\n\t\t\t\t\t<span style=\"cursor: pointer\" data-src=\"https:\/\/autorai.nl\/wp-content\/uploads\/2023\/09\/Mercedes-Benz-E-Klasse-All-Terrain-2023-foto-7-1600x1068.jpg\" data-fancybox=\"galery-0\" title=\"Mercedes-Benz Classe E T-Modell All Terrain E 300 de 4MATIC ((vorl\u00e4ufige Angaben) Kraftstoffverbrauch kombiniert, gewichtet (WLTP) : 0.9-0.7 l\/100 km ; Stromverbrauch kombiniert, gewichtet (WLTP) : 25.1-23.8 kWh\/100 km ; CO2-Emissionen kombiniert, gewichtet (WLTP) : 22-19 g\/km), AVANTGARDE Line, Night Paket ; Ext\u00e9rieur : MANUFAKTUR opalithwei\u00df bright ; Int\u00e9rieur : Leather macchiatobeige, Zierelemente Holz Ahorn braun offenporig aluminium lines\/\/Mercedes-Benz Classe E Break All Terrain E 300 de 4MATIC ((donn\u00e9es pr\u00e9liminaires) Consommation de carburant en cycle mixte, pond\u00e9r\u00e9e (WLTP) : 0.9-0,7 l\/100 km ; consommation d'\u00e9nergie combin\u00e9e, pond\u00e9r\u00e9e (WLTP) : 25,1-23,8 kWh\/100 km ; \u00e9missions de CO2 combin\u00e9es, pond\u00e9r\u00e9es (WLTP) : 22-19 g\/km), ligne AVANTGARDE, pack nuit ; ext\u00e9rieur : MANUFAKTUR blanc opalin brillant ; int\u00e9rieur : cuir macchiato beige, \u00e9l\u00e9ments d\u00e9coratifs en bois d'\u00e9rable \u00e0 pores ouverts marron avec lignes en aluminium\"><br \/>\n\t\t\t\t\t\t\t<img decoding=\"async\" width=\"360\" height=\"270\" src=\"https:\/\/autorai.nl\/wp-content\/uploads\/2023\/09\/Mercedes-Benz-E-Klasse-All-Terrain-2023-foto-7-360x270.jpg\" class=\"attachment-small size-small\" alt=\"\" loading=\"lazy\"><i class=\"fa fa-search-plus\" aria-hidden=\"true\"><\/i><br \/>\n\t\t\t\t\t\t<\/span><br \/>\n\t\t\t\t\t<\/figure>\n<figure>\n\t\t\t\t\t<span style=\"cursor: pointer\" data-src=\"https:\/\/autorai.nl\/wp-content\/uploads\/2023\/09\/Mercedes-Benz-E-Klasse-All-Terrain-2023-foto-5-1600x1068.jpg\" data-fancybox=\"galery-0\" title=\"Mercedes-Benz Classe E T-Modell All Terrain E 300 de 4MATIC ((vorl\u00e4ufige Angaben) Kraftstoffverbrauch kombiniert, gewichtet (WLTP) : 0.9-0.7 l\/100 km ; Stromverbrauch kombiniert, gewichtet (WLTP) : 25.1-23.8 kWh\/100 km ; CO2-Emissionen kombiniert, gewichtet (WLTP) : 22-19 g\/km), AVANTGARDE Line, Night Paket ; Ext\u00e9rieur : MANUFAKTUR opalithwei\u00df bright ; Int\u00e9rieur : Leather macchiatobeige, Zierelemente Holz Ahorn braun offenporig aluminium lines\/\/Mercedes-Benz Classe E Break All Terrain E 300 de 4MATIC ((donn\u00e9es pr\u00e9liminaires) Consommation de carburant en cycle mixte, pond\u00e9r\u00e9e (WLTP) : 0.9-0,7 l\/100 km ; consommation d'\u00e9nergie combin\u00e9e, pond\u00e9r\u00e9e (WLTP) : 25,1-23,8 kWh\/100 km ; \u00e9missions de CO2 combin\u00e9es, pond\u00e9r\u00e9es (WLTP) : 22-19 g\/km), ligne AVANTGARDE, pack nuit ; ext\u00e9rieur : MANUFAKTUR blanc opalin brillant ; int\u00e9rieur : cuir macchiato beige, \u00e9l\u00e9ments d\u00e9coratifs en bois d'\u00e9rable \u00e0 pores ouverts marron avec lignes en aluminium\"><br \/>\n\t\t\t\t\t\t\t<img decoding=\"async\" width=\"360\" height=\"270\" src=\"https:\/\/autorai.nl\/wp-content\/uploads\/2023\/09\/Mercedes-Benz-E-Klasse-All-Terrain-2023-foto-5-360x270.jpg\" class=\"attachment-small size-small\" alt=\"\" loading=\"lazy\"><i class=\"fa fa-search-plus\" aria-hidden=\"true\"><\/i><br \/>\n\t\t\t\t\t\t<\/span><br \/>\n\t\t\t\t\t<\/figure>\n<div class=\"clear\"><\/div>\n<\/div>\n","protected":false},"excerpt":{"rendered":"En bref Avec la transmission int\u00e9grale 4MATIC de s\u00e9rie, une garde au sol plus importante gr\u00e2ce \u00e0 la suspension pneumatique\u2026","protected":false},"author":0,"featured_media":138678,"comment_status":"","ping_status":"open","sticky":false,"template":"","format":"standard","meta":{"footnotes":""},"categories":[127],"tags":[],"class_list":["post-139356","post","type-post","status-publish","format-standard","has-post-thumbnail","hentry","category-nouvelles-de-voiture"],"acf":[],"yoast_head":"<!-- This site is optimized with the Yoast SEO plugin v21.2 - https:\/\/yoast.com\/wordpress\/plugins\/seo\/ -->\n<title>La nouvelle Mercedes-Benz Classe E Tout-Terrain en un coup d&#039;\u0153il - All cars news<\/title>\n<meta name=\"robots\" content=\"index, follow, max-snippet:-1, max-image-preview:large, max-video-preview:-1\" \/>\n<link rel=\"canonical\" href=\"https:\/\/all-car-news.com\/fr\/la-nouvelle-mercedes-benz-classe-e-tout-terrain-en-un-coup-doeil\/\" \/>\n<meta property=\"og:locale\" content=\"fr_FR\" \/>\n<meta property=\"og:type\" content=\"article\" \/>\n<meta property=\"og:title\" content=\"La nouvelle Mercedes-Benz Classe E Tout-Terrain en un coup d&#039;\u0153il - All cars news\" \/>\n<meta property=\"og:description\" content=\"En bref Avec la transmission int\u00e9grale 4MATIC de s\u00e9rie, une garde au sol plus importante gr\u00e2ce \u00e0 la suspension pneumatique AIRMATIC (\u00e9galement de s\u00e9rie) et le programme de conduite &quot; Offroad &quot;, la nouvelle Mercedes-Benz Classe E All-Terrain ma\u00eetrise tr\u00e8s bien les terrains l\u00e9gers, tels que les chemins de terre, gr\u00e2ce \u00e0 ses grandes roues. Parmi les autres d\u00e9tails pratiques qui am\u00e9liorent l&#039;exp\u00e9rience de conduite tout-terrain, citons l&#039;\u00e9cran tout-terrain et le &quot;capot transparent&quot; comme [...]\" \/>\n<meta property=\"og:url\" content=\"https:\/\/all-car-news.com\/fr\/la-nouvelle-mercedes-benz-classe-e-tout-terrain-en-un-coup-doeil\/\" \/>\n<meta property=\"og:site_name\" content=\"All cars news\" \/>\n<meta property=\"article:published_time\" content=\"2023-09-04T07:02:00+00:00\" \/>\n<meta property=\"og:image\" content=\"https:\/\/autorai.nl\/wp-content\/uploads\/2023\/09\/Mercedes-Benz-E-Klasse-All-Terrain-2023-foto-12.jpg\" \/>\n<meta name=\"twitter:card\" content=\"summary_large_image\" \/>\n<meta name=\"twitter:label1\" content=\"Dur\u00e9e de lecture estim\u00e9e\" \/>\n\t<meta name=\"twitter:data1\" content=\"7 minutes\" \/>\n<script type=\"application\/ld+json\" class=\"yoast-schema-graph\">{\"@context\":\"https:\/\/schema.org\",\"@graph\":[{\"@type\":\"Article\",\"@id\":\"https:\/\/all-car-news.com\/fr\/la-nouvelle-mercedes-benz-classe-e-tout-terrain-en-un-coup-doeil\/#article\",\"isPartOf\":{\"@id\":\"https:\/\/all-car-news.com\/fr\/la-nouvelle-mercedes-benz-classe-e-tout-terrain-en-un-coup-doeil\/\"},\"author\":{\"name\":\"\",\"@id\":\"\"},\"headline\":\"La nouvelle Mercedes-Benz Classe E Tout-Terrain en un coup d&rsquo;\u0153il\",\"datePublished\":\"2023-09-04T07:02:00+00:00\",\"dateModified\":\"2023-09-04T07:02:00+00:00\",\"mainEntityOfPage\":{\"@id\":\"https:\/\/all-car-news.com\/fr\/la-nouvelle-mercedes-benz-classe-e-tout-terrain-en-un-coup-doeil\/\"},\"wordCount\":1497,\"publisher\":{\"@id\":\"https:\/\/all-car-news.com\/fr\/#organization\"},\"articleSection\":[\"nouvelles de voiture\"],\"inLanguage\":\"fr-FR\"},{\"@type\":\"WebPage\",\"@id\":\"https:\/\/all-car-news.com\/fr\/la-nouvelle-mercedes-benz-classe-e-tout-terrain-en-un-coup-doeil\/\",\"url\":\"https:\/\/all-car-news.com\/fr\/la-nouvelle-mercedes-benz-classe-e-tout-terrain-en-un-coup-doeil\/\",\"name\":\"La nouvelle Mercedes-Benz Classe E Tout-Terrain en un coup d'\u0153il - All cars news\",\"isPartOf\":{\"@id\":\"https:\/\/all-car-news.com\/fr\/#website\"},\"datePublished\":\"2023-09-04T07:02:00+00:00\",\"dateModified\":\"2023-09-04T07:02:00+00:00\",\"breadcrumb\":{\"@id\":\"https:\/\/all-car-news.com\/fr\/la-nouvelle-mercedes-benz-classe-e-tout-terrain-en-un-coup-doeil\/#breadcrumb\"},\"inLanguage\":\"fr-FR\",\"potentialAction\":[{\"@type\":\"ReadAction\",\"target\":[\"https:\/\/all-car-news.com\/fr\/la-nouvelle-mercedes-benz-classe-e-tout-terrain-en-un-coup-doeil\/\"]}]},{\"@type\":\"BreadcrumbList\",\"@id\":\"https:\/\/all-car-news.com\/fr\/la-nouvelle-mercedes-benz-classe-e-tout-terrain-en-un-coup-doeil\/#breadcrumb\",\"itemListElement\":[{\"@type\":\"ListItem\",\"position\":1,\"name\":\"Home\",\"item\":\"https:\/\/all-car-news.com\/fr\/\"},{\"@type\":\"ListItem\",\"position\":2,\"name\":\"La nouvelle Mercedes-Benz Classe E Tout-Terrain en un coup d&#8217;\u0153il\"}]},{\"@type\":\"WebSite\",\"@id\":\"https:\/\/all-car-news.com\/fr\/#website\",\"url\":\"https:\/\/all-car-news.com\/fr\/\",\"name\":\"All cars news\",\"description\":\"\",\"publisher\":{\"@id\":\"https:\/\/all-car-news.com\/fr\/#organization\"},\"potentialAction\":[{\"@type\":\"SearchAction\",\"target\":{\"@type\":\"EntryPoint\",\"urlTemplate\":\"https:\/\/all-car-news.com\/fr\/?s={search_term_string}\"},\"query-input\":\"required name=search_term_string\"}],\"inLanguage\":\"fr-FR\"},{\"@type\":\"Organization\",\"@id\":\"https:\/\/all-car-news.com\/fr\/#organization\",\"name\":\"All cars news\",\"url\":\"https:\/\/all-car-news.com\/fr\/\",\"logo\":{\"@type\":\"ImageObject\",\"inLanguage\":\"fr-FR\",\"@id\":\"https:\/\/all-car-news.com\/fr\/#\/schema\/logo\/image\/\",\"url\":\"https:\/\/all-car-news.com\/wp-content\/uploads\/2022\/02\/CMYK-AllCarNews_LANDSCAPE_300px-1.png\",\"contentUrl\":\"https:\/\/all-car-news.com\/wp-content\/uploads\/2022\/02\/CMYK-AllCarNews_LANDSCAPE_300px-1.png\",\"width\":300,\"height\":100,\"caption\":\"All cars news\"},\"image\":{\"@id\":\"https:\/\/all-car-news.com\/fr\/#\/schema\/logo\/image\/\"}}]}<\/script>\n<!-- \/ Yoast SEO plugin. -->","yoast_head_json":{"title":"La nouvelle Mercedes-Benz Classe E Tout-Terrain en un coup d'\u0153il - All cars news","robots":{"index":"index","follow":"follow","max-snippet":"max-snippet:-1","max-image-preview":"max-image-preview:large","max-video-preview":"max-video-preview:-1"},"canonical":"https:\/\/all-car-news.com\/fr\/la-nouvelle-mercedes-benz-classe-e-tout-terrain-en-un-coup-doeil\/","og_locale":"fr_FR","og_type":"article","og_title":"La nouvelle Mercedes-Benz Classe E Tout-Terrain en un coup d'\u0153il - All cars news","og_description":"En bref Avec la transmission int\u00e9grale 4MATIC de s\u00e9rie, une garde au sol plus importante gr\u00e2ce \u00e0 la suspension pneumatique AIRMATIC (\u00e9galement de s\u00e9rie) et le programme de conduite \" Offroad \", la nouvelle Mercedes-Benz Classe E All-Terrain ma\u00eetrise tr\u00e8s bien les terrains l\u00e9gers, tels que les chemins de terre, gr\u00e2ce \u00e0 ses grandes roues. Parmi les autres d\u00e9tails pratiques qui am\u00e9liorent l'exp\u00e9rience de conduite tout-terrain, citons l'\u00e9cran tout-terrain et le \"capot transparent\" comme [...]","og_url":"https:\/\/all-car-news.com\/fr\/la-nouvelle-mercedes-benz-classe-e-tout-terrain-en-un-coup-doeil\/","og_site_name":"All cars news","article_published_time":"2023-09-04T07:02:00+00:00","og_image":[{"url":"https:\/\/autorai.nl\/wp-content\/uploads\/2023\/09\/Mercedes-Benz-E-Klasse-All-Terrain-2023-foto-12.jpg"}],"twitter_card":"summary_large_image","twitter_misc":{"Dur\u00e9e de lecture estim\u00e9e":"7 minutes"},"schema":{"@context":"https:\/\/schema.org","@graph":[{"@type":"Article","@id":"https:\/\/all-car-news.com\/fr\/la-nouvelle-mercedes-benz-classe-e-tout-terrain-en-un-coup-doeil\/#article","isPartOf":{"@id":"https:\/\/all-car-news.com\/fr\/la-nouvelle-mercedes-benz-classe-e-tout-terrain-en-un-coup-doeil\/"},"author":{"name":"","@id":""},"headline":"La nouvelle Mercedes-Benz Classe E Tout-Terrain en un coup d&rsquo;\u0153il","datePublished":"2023-09-04T07:02:00+00:00","dateModified":"2023-09-04T07:02:00+00:00","mainEntityOfPage":{"@id":"https:\/\/all-car-news.com\/fr\/la-nouvelle-mercedes-benz-classe-e-tout-terrain-en-un-coup-doeil\/"},"wordCount":1497,"publisher":{"@id":"https:\/\/all-car-news.com\/fr\/#organization"},"articleSection":["nouvelles de voiture"],"inLanguage":"fr-FR"},{"@type":"WebPage","@id":"https:\/\/all-car-news.com\/fr\/la-nouvelle-mercedes-benz-classe-e-tout-terrain-en-un-coup-doeil\/","url":"https:\/\/all-car-news.com\/fr\/la-nouvelle-mercedes-benz-classe-e-tout-terrain-en-un-coup-doeil\/","name":"La nouvelle Mercedes-Benz Classe E Tout-Terrain en un coup d'\u0153il - All cars news","isPartOf":{"@id":"https:\/\/all-car-news.com\/fr\/#website"},"datePublished":"2023-09-04T07:02:00+00:00","dateModified":"2023-09-04T07:02:00+00:00","breadcrumb":{"@id":"https:\/\/all-car-news.com\/fr\/la-nouvelle-mercedes-benz-classe-e-tout-terrain-en-un-coup-doeil\/#breadcrumb"},"inLanguage":"fr-FR","potentialAction":[{"@type":"ReadAction","target":["https:\/\/all-car-news.com\/fr\/la-nouvelle-mercedes-benz-classe-e-tout-terrain-en-un-coup-doeil\/"]}]},{"@type":"BreadcrumbList","@id":"https:\/\/all-car-news.com\/fr\/la-nouvelle-mercedes-benz-classe-e-tout-terrain-en-un-coup-doeil\/#breadcrumb","itemListElement":[{"@type":"ListItem","position":1,"name":"Home","item":"https:\/\/all-car-news.com\/fr\/"},{"@type":"ListItem","position":2,"name":"La nouvelle Mercedes-Benz Classe E Tout-Terrain en un coup d&#8217;\u0153il"}]},{"@type":"WebSite","@id":"https:\/\/all-car-news.com\/fr\/#website","url":"https:\/\/all-car-news.com\/fr\/","name":"All cars news","description":"","publisher":{"@id":"https:\/\/all-car-news.com\/fr\/#organization"},"potentialAction":[{"@type":"SearchAction","target":{"@type":"EntryPoint","urlTemplate":"https:\/\/all-car-news.com\/fr\/?s={search_term_string}"},"query-input":"required name=search_term_string"}],"inLanguage":"fr-FR"},{"@type":"Organization","@id":"https:\/\/all-car-news.com\/fr\/#organization","name":"All cars news","url":"https:\/\/all-car-news.com\/fr\/","logo":{"@type":"ImageObject","inLanguage":"fr-FR","@id":"https:\/\/all-car-news.com\/fr\/#\/schema\/logo\/image\/","url":"https:\/\/all-car-news.com\/wp-content\/uploads\/2022\/02\/CMYK-AllCarNews_LANDSCAPE_300px-1.png","contentUrl":"https:\/\/all-car-news.com\/wp-content\/uploads\/2022\/02\/CMYK-AllCarNews_LANDSCAPE_300px-1.png","width":300,"height":100,"caption":"All cars news"},"image":{"@id":"https:\/\/all-car-news.com\/fr\/#\/schema\/logo\/image\/"}}]}},"_links":{"self":[{"href":"https:\/\/all-car-news.com\/fr\/wp-json\/wp\/v2\/posts\/139356","targetHints":{"allow":["GET"]}}],"collection":[{"href":"https:\/\/all-car-news.com\/fr\/wp-json\/wp\/v2\/posts"}],"about":[{"href":"https:\/\/all-car-news.com\/fr\/wp-json\/wp\/v2\/types\/post"}],"replies":[{"embeddable":true,"href":"https:\/\/all-car-news.com\/fr\/wp-json\/wp\/v2\/comments?post=139356"}],"version-history":[{"count":0,"href":"https:\/\/all-car-news.com\/fr\/wp-json\/wp\/v2\/posts\/139356\/revisions"}],"wp:featuredmedia":[{"embeddable":true,"href":"https:\/\/all-car-news.com\/fr\/wp-json\/wp\/v2\/media\/138678"}],"wp:attachment":[{"href":"https:\/\/all-car-news.com\/fr\/wp-json\/wp\/v2\/media?parent=139356"}],"wp:term":[{"taxonomy":"category","embeddable":true,"href":"https:\/\/all-car-news.com\/fr\/wp-json\/wp\/v2\/categories?post=139356"},{"taxonomy":"post_tag","embeddable":true,"href":"https:\/\/all-car-news.com\/fr\/wp-json\/wp\/v2\/tags?post=139356"}],"curies":[{"name":"wp","href":"https:\/\/api.w.org\/{rel}","templated":true}]}}