{"id":139265,"date":"2023-06-01T15:02:45","date_gmt":"2023-06-01T15:02:45","guid":{"rendered":"https:\/\/all-car-news.com\/toyota-yaris-hybrid-130-nouvelle-variante-plus-puissante\/"},"modified":"2023-06-01T15:02:45","modified_gmt":"2023-06-01T15:02:45","slug":"toyota-yaris-hybrid-130-nouvelle-variante-plus-puissante","status":"publish","type":"post","link":"https:\/\/all-car-news.com\/fr\/toyota-yaris-hybrid-130-nouvelle-variante-plus-puissante\/","title":{"rendered":"Toyota Yaris Hybrid 130 : nouvelle variante plus puissante"},"content":{"rendered":"<p>On pourrait arguer qu&rsquo;apr\u00e8s quatre ans de vie, une voiture m\u00e9rite un lifting, mais Toyota est apparemment satisfait de l&rsquo;apparence de la Yaris. En effet, les Japonais ne proc\u00e8dent \u00e0 aucun changement ext\u00e9rieur majeur. N\u00e9anmoins, Toyota ne s&rsquo;est pas facilit\u00e9 la t\u00e2che, car en plus de l&rsquo;Hybrid 130, la Yaris actualis\u00e9e dispose d&rsquo;un combin\u00e9 d&rsquo;instruments num\u00e9rique, d&rsquo;un nouvel \u00e9cran d&rsquo;infodivertissement avec Toyota Smart Connect et de syst\u00e8mes d&rsquo;aide \u00e0 la conduite am\u00e9lior\u00e9s. Nous vous pr\u00e9sentons les diff\u00e9rentes innovations une \u00e0 une.<\/p>\n<h2>Toyota Yaris Hybrid 130 : m\u00eame recette, plus de puissance<\/h2>\n<p>Commen\u00e7ons par le nouveau groupe motopropulseur : l&rsquo;hybride 130. Cette nouvelle version viendra s&rsquo;ajouter au groupe motopropulseur hybride existant de la Yaris, qui s&rsquo;appellera <a href=\"https:\/\/autorai.nl\/autotest-toyota-yaris-2020-leuker-dan-voorheen\/\" target=\"_blank\" rel=\"noreferrer noopener\">Hybrid 115<\/a>. L&rsquo;Hybrid 130 a, comme vous l&rsquo;avez devin\u00e9, une puissance de 130 ch. En termes de puissance, cela en fait la moiti\u00e9 d&rsquo;une <a href=\"https:\/\/autorai.nl\/update-voor-toyota-gr-yaris-nabij-meer-power\/\">GR Yaris<\/a>. Le couple a \u00e9galement augment\u00e9 pour atteindre 185 Nm. L&rsquo;augmentation de la puissance est due \u00e0 un g\u00e9n\u00e9rateur de moteur \u00e9lectrique plus grand et plus puissant et \u00e0 un logiciel r\u00e9vis\u00e9 de l&rsquo;unit\u00e9 de contr\u00f4le de la puissance (PCU). Gr\u00e2ce \u00e0 cette puissance accrue, la Toyota Yaris Hybrid 130 est beaucoup plus rapide qu&rsquo;auparavant. Le sprint de 0 \u00e0 100 km\/h est r\u00e9alis\u00e9 en 9,2 secondes, soit une demi-seconde de moins que l&rsquo;Hybrid 115. Le sprint interm\u00e9diaire de 80 \u00e0 120 km\/h est \u00e9galement plus rapide d&rsquo;une demi-seconde, avec 7,5 secondes.<\/p>\n<figure class=\"wp-block-image size-content\"><img decoding=\"async\" loading=\"lazy\" width=\"1140\" height=\"713\" src=\"https:\/\/autorai.nl\/wp-content\/uploads\/2023\/06\/MC24_YAR_GRS_02_PR-scaled-1-1140x713.jpg\" alt=\"\" class=\"wp-image-159952\"><\/figure>\n<h2>Syst\u00e8mes d&rsquo;aide \u00e0 la conduite am\u00e9lior\u00e9s<\/h2>\n<p>Outre la puissante Hybrid 130, les autres versions de la gamme Yaris b\u00e9n\u00e9ficient \u00e9galement de ces innovations. C&rsquo;est pourquoi Toyota a examin\u00e9 de plus pr\u00e8s son ensemble de syst\u00e8mes d&rsquo;aide \u00e0 la conduite, Toyota T-Mate. Par exemple, une nouvelle cam\u00e9ra et un nouveau radar am\u00e9liorent le fonctionnement du syst\u00e8me de pr\u00e9collision. Le syst\u00e8me de pr\u00e9vention des collisions aux intersections dispose \u00e9galement d&rsquo;une plus grande zone de fonctionnement gr\u00e2ce \u00e0 la nouvelle cam\u00e9ra et au nouveau radar. Le syst\u00e8me reconna\u00eet le trafic en approche sur deux voies et peut d\u00e9tecter les cyclistes et les v\u00e9hicules arrivant sur le c\u00f4t\u00e9 \u00e0 une intersection.<\/p>\n<h2>Multim\u00e9dia : instrumentation num\u00e9rique et connectivit\u00e9 intelligente<\/h2>\n<p>Toyota abandonne le combin\u00e9 d&rsquo;instruments partiellement analogique avec la mise \u00e0 jour de l&rsquo;ann\u00e9e mod\u00e8le de la Yaris. En revanche, la Yaris est d\u00e9sormais \u00e9quip\u00e9e d&rsquo;un combin\u00e9 d&rsquo;instruments num\u00e9rique enti\u00e8rement personnalisable. Selon le niveau d&rsquo;\u00e9quipement, il a une taille de 7 ou 12,3 pouces. L&rsquo;\u00e9cran multim\u00e9dia s&rsquo;est \u00e9galement agrandi, l&rsquo;\u00e9cran tactile central mesurant d\u00e9sormais 9 ou 10,5 pouces. La navigation bas\u00e9e sur le cloud est de s\u00e9rie si vous optez pour l&rsquo;\u00e9cran de 10,5 pouces.  <\/p>\n<p>Vous pouvez \u00e9galement obtenir une cl\u00e9 num\u00e9rique avec la nouvelle Yaris. Il est reli\u00e9 \u00e0 l&rsquo;application MyT et permet \u00e0 un maximum de cinq utilisateurs d&rsquo;acc\u00e9der \u00e0 la voiture via leur smartphone. Il n&rsquo;a pas besoin de sortir son smartphone de son sac ou de sa poche pour verrouiller, d\u00e9verrouiller ou d\u00e9marrer la voiture. La cl\u00e9 num\u00e9rique fonctionne donc de la m\u00eame mani\u00e8re que le syst\u00e8me d&rsquo;acc\u00e8s et de d\u00e9marrage sans cl\u00e9 avec la cl\u00e9 de contact classique. En outre, Toyota \u00e9tend les fonctionnalit\u00e9s de l&rsquo;application \u00e0 la Yaris. Par exemple, vous pouvez d\u00e9sormais verrouiller et d\u00e9verrouiller la voiture \u00e0 distance, activer les feux et contr\u00f4ler la climatisation.<\/p>\n<figure class=\"wp-block-image size-content\"><img decoding=\"async\" loading=\"lazy\" width=\"1140\" height=\"575\" src=\"https:\/\/autorai.nl\/wp-content\/uploads\/2023\/06\/MC24_YAR_GRS_03_PR-scaled-1-1140x575.jpg\" alt=\"\" class=\"wp-image-159953\"><\/figure>\n<h2>Yaris Premiere Edition : mod\u00e8le sp\u00e9cial de lancement<\/h2>\n<p>La Yaris r\u00e9nov\u00e9e sera lanc\u00e9e au printemps 2024. Il est donc disponible dans une nouvelle version haut de gamme : l&rsquo;\u00e9dition Premiere. Cette version est identifi\u00e9e par la peinture bi-ton bleu Neptune avec un toit noir contrastant et des montants de fen\u00eatres noirs. Le th\u00e8me du bleu revient dans l&rsquo;habitacle gr\u00e2ce \u00e0 des surpiq\u00fbres et des garnitures sp\u00e9ciales. De toutes nouvelles jantes noires polies de 17 pouces compl\u00e8tent le look. Par ailleurs, Toyota propose \u00e9galement la Premiere Edition en blanc platine nacr\u00e9 ou en argent brillant m\u00e9tallis\u00e9.<\/p>\n<p>Les autres versions de la Yaris b\u00e9n\u00e9ficient \u00e9galement de modifications ext\u00e9rieures. Toyota a ajout\u00e9 de nouvelles jantes en alliage \u00e0 la gamme et le rev\u00eatement des si\u00e8ges a \u00e9t\u00e9 modifi\u00e9. En outre, apr\u00e8s l&rsquo;Aygo X et la Corolla, la couleur bleu gen\u00e9vrier m\u00e9tallis\u00e9 sera d\u00e9sormais \u00e9galement disponible sur la Yaris.<\/p>\n<div class=\"galery shuffle galery-0\">\n<figure>\n\t\t\t\t\t<span style=\"cursor: pointer\" data-src=\"https:\/\/autorai.nl\/wp-content\/uploads\/2023\/06\/MC24_YAR_PREM_01_PR-scaled-1-1600x1200.jpg\" data-fancybox=\"galery-0\" title=\"\"><br \/>\n\t\t\t\t\t\t\t<img decoding=\"async\" width=\"640\" height=\"480\" src=\"https:\/\/autorai.nl\/wp-content\/uploads\/2023\/06\/MC24_YAR_PREM_01_PR-scaled-1-640x480.jpg\" class=\"attachment-medium size-medium\" alt=\"\" loading=\"lazy\"><i class=\"fa fa-search-plus\" aria-hidden=\"true\"><\/i><br \/>\n\t\t\t\t\t\t<\/span><br \/>\n\t\t\t\t\t<\/figure>\n<figure>\n\t\t\t\t\t<span style=\"cursor: pointer\" data-src=\"https:\/\/autorai.nl\/wp-content\/uploads\/2023\/06\/MC24_YAR_PREM_03_PR-scaled-1-1600x1200.jpg\" data-fancybox=\"galery-0\" title=\"\"><br \/>\n\t\t\t\t\t\t\t<img decoding=\"async\" width=\"360\" height=\"270\" src=\"https:\/\/autorai.nl\/wp-content\/uploads\/2023\/06\/MC24_YAR_PREM_03_PR-scaled-1-360x270.jpg\" class=\"attachment-small size-small\" alt=\"\" loading=\"lazy\"><i class=\"fa fa-search-plus\" aria-hidden=\"true\"><\/i><br \/>\n\t\t\t\t\t\t<\/span><br \/>\n\t\t\t\t\t<\/figure>\n<figure>\n\t\t\t\t\t<span style=\"cursor: pointer\" data-src=\"https:\/\/autorai.nl\/wp-content\/uploads\/2023\/06\/MC24_YAR_GRS_03_PR-scaled-1-1600x808.jpg\" data-fancybox=\"galery-0\" title=\"\"><br \/>\n\t\t\t\t\t\t\t<img decoding=\"async\" width=\"360\" height=\"270\" src=\"https:\/\/autorai.nl\/wp-content\/uploads\/2023\/06\/MC24_YAR_GRS_03_PR-scaled-1-360x270.jpg\" class=\"attachment-small size-small\" alt=\"\" loading=\"lazy\"><i class=\"fa fa-search-plus\" aria-hidden=\"true\"><\/i><br \/>\n\t\t\t\t\t\t<\/span><br \/>\n\t\t\t\t\t<\/figure>\n<div class=\"clear\"><\/div>\n<\/div>\n","protected":false},"excerpt":{"rendered":"On pourrait arguer qu'apr\u00e8s quatre ans de vie, une voiture m\u00e9rite un lifting, mais Toyota est apparemment satisfait de l'apparence\u2026","protected":false},"author":0,"featured_media":136170,"comment_status":"","ping_status":"open","sticky":false,"template":"","format":"standard","meta":{"footnotes":""},"categories":[127],"tags":[],"class_list":["post-139265","post","type-post","status-publish","format-standard","has-post-thumbnail","hentry","category-nouvelles-de-voiture"],"acf":[],"yoast_head":"<!-- This site is optimized with the Yoast SEO plugin v21.2 - https:\/\/yoast.com\/wordpress\/plugins\/seo\/ -->\n<title>Toyota Yaris Hybrid 130 : nouvelle variante plus puissante - All cars news<\/title>\n<meta name=\"robots\" content=\"index, follow, max-snippet:-1, max-image-preview:large, max-video-preview:-1\" \/>\n<link rel=\"canonical\" href=\"https:\/\/all-car-news.com\/fr\/toyota-yaris-hybrid-130-nouvelle-variante-plus-puissante\/\" \/>\n<meta property=\"og:locale\" content=\"fr_FR\" \/>\n<meta property=\"og:type\" content=\"article\" \/>\n<meta property=\"og:title\" content=\"Toyota Yaris Hybrid 130 : nouvelle variante plus puissante - All cars news\" \/>\n<meta property=\"og:description\" content=\"On pourrait arguer qu&#039;apr\u00e8s quatre ans de vie, une voiture m\u00e9rite un lifting, mais Toyota est apparemment satisfait de l&#039;apparence de la Yaris. En effet, les Japonais ne proc\u00e8dent \u00e0 aucun changement ext\u00e9rieur majeur. N\u00e9anmoins, Toyota ne s&#039;est pas facilit\u00e9 la t\u00e2che, car en plus de l&#039;Hybrid 130, la version actualis\u00e9e [...]\" \/>\n<meta property=\"og:url\" content=\"https:\/\/all-car-news.com\/fr\/toyota-yaris-hybrid-130-nouvelle-variante-plus-puissante\/\" \/>\n<meta property=\"og:site_name\" content=\"All cars news\" \/>\n<meta property=\"article:published_time\" content=\"2023-06-01T15:02:45+00:00\" \/>\n<meta property=\"og:image\" content=\"https:\/\/autorai.nl\/wp-content\/uploads\/2023\/06\/MC24_YAR_GRS_02_PR-scaled-1-1140x713.jpg\" \/>\n<meta name=\"twitter:card\" content=\"summary_large_image\" \/>\n<meta name=\"twitter:label1\" content=\"Dur\u00e9e de lecture estim\u00e9e\" \/>\n\t<meta name=\"twitter:data1\" content=\"4 minutes\" \/>\n<script type=\"application\/ld+json\" class=\"yoast-schema-graph\">{\"@context\":\"https:\/\/schema.org\",\"@graph\":[{\"@type\":\"Article\",\"@id\":\"https:\/\/all-car-news.com\/fr\/toyota-yaris-hybrid-130-nouvelle-variante-plus-puissante\/#article\",\"isPartOf\":{\"@id\":\"https:\/\/all-car-news.com\/fr\/toyota-yaris-hybrid-130-nouvelle-variante-plus-puissante\/\"},\"author\":{\"name\":\"\",\"@id\":\"\"},\"headline\":\"Toyota Yaris Hybrid 130 : nouvelle variante plus puissante\",\"datePublished\":\"2023-06-01T15:02:45+00:00\",\"dateModified\":\"2023-06-01T15:02:45+00:00\",\"mainEntityOfPage\":{\"@id\":\"https:\/\/all-car-news.com\/fr\/toyota-yaris-hybrid-130-nouvelle-variante-plus-puissante\/\"},\"wordCount\":730,\"publisher\":{\"@id\":\"https:\/\/all-car-news.com\/fr\/#organization\"},\"articleSection\":[\"nouvelles de voiture\"],\"inLanguage\":\"fr-FR\"},{\"@type\":\"WebPage\",\"@id\":\"https:\/\/all-car-news.com\/fr\/toyota-yaris-hybrid-130-nouvelle-variante-plus-puissante\/\",\"url\":\"https:\/\/all-car-news.com\/fr\/toyota-yaris-hybrid-130-nouvelle-variante-plus-puissante\/\",\"name\":\"Toyota Yaris Hybrid 130 : nouvelle variante plus puissante - All cars news\",\"isPartOf\":{\"@id\":\"https:\/\/all-car-news.com\/fr\/#website\"},\"datePublished\":\"2023-06-01T15:02:45+00:00\",\"dateModified\":\"2023-06-01T15:02:45+00:00\",\"breadcrumb\":{\"@id\":\"https:\/\/all-car-news.com\/fr\/toyota-yaris-hybrid-130-nouvelle-variante-plus-puissante\/#breadcrumb\"},\"inLanguage\":\"fr-FR\",\"potentialAction\":[{\"@type\":\"ReadAction\",\"target\":[\"https:\/\/all-car-news.com\/fr\/toyota-yaris-hybrid-130-nouvelle-variante-plus-puissante\/\"]}]},{\"@type\":\"BreadcrumbList\",\"@id\":\"https:\/\/all-car-news.com\/fr\/toyota-yaris-hybrid-130-nouvelle-variante-plus-puissante\/#breadcrumb\",\"itemListElement\":[{\"@type\":\"ListItem\",\"position\":1,\"name\":\"Home\",\"item\":\"https:\/\/all-car-news.com\/fr\/\"},{\"@type\":\"ListItem\",\"position\":2,\"name\":\"Toyota Yaris Hybrid 130 : nouvelle variante plus puissante\"}]},{\"@type\":\"WebSite\",\"@id\":\"https:\/\/all-car-news.com\/fr\/#website\",\"url\":\"https:\/\/all-car-news.com\/fr\/\",\"name\":\"All cars news\",\"description\":\"\",\"publisher\":{\"@id\":\"https:\/\/all-car-news.com\/fr\/#organization\"},\"potentialAction\":[{\"@type\":\"SearchAction\",\"target\":{\"@type\":\"EntryPoint\",\"urlTemplate\":\"https:\/\/all-car-news.com\/fr\/?s={search_term_string}\"},\"query-input\":\"required name=search_term_string\"}],\"inLanguage\":\"fr-FR\"},{\"@type\":\"Organization\",\"@id\":\"https:\/\/all-car-news.com\/fr\/#organization\",\"name\":\"All cars news\",\"url\":\"https:\/\/all-car-news.com\/fr\/\",\"logo\":{\"@type\":\"ImageObject\",\"inLanguage\":\"fr-FR\",\"@id\":\"https:\/\/all-car-news.com\/fr\/#\/schema\/logo\/image\/\",\"url\":\"https:\/\/all-car-news.com\/wp-content\/uploads\/2022\/02\/CMYK-AllCarNews_LANDSCAPE_300px-1.png\",\"contentUrl\":\"https:\/\/all-car-news.com\/wp-content\/uploads\/2022\/02\/CMYK-AllCarNews_LANDSCAPE_300px-1.png\",\"width\":300,\"height\":100,\"caption\":\"All cars news\"},\"image\":{\"@id\":\"https:\/\/all-car-news.com\/fr\/#\/schema\/logo\/image\/\"}}]}<\/script>\n<!-- \/ Yoast SEO plugin. -->","yoast_head_json":{"title":"Toyota Yaris Hybrid 130 : nouvelle variante plus puissante - All cars news","robots":{"index":"index","follow":"follow","max-snippet":"max-snippet:-1","max-image-preview":"max-image-preview:large","max-video-preview":"max-video-preview:-1"},"canonical":"https:\/\/all-car-news.com\/fr\/toyota-yaris-hybrid-130-nouvelle-variante-plus-puissante\/","og_locale":"fr_FR","og_type":"article","og_title":"Toyota Yaris Hybrid 130 : nouvelle variante plus puissante - All cars news","og_description":"On pourrait arguer qu'apr\u00e8s quatre ans de vie, une voiture m\u00e9rite un lifting, mais Toyota est apparemment satisfait de l'apparence de la Yaris. En effet, les Japonais ne proc\u00e8dent \u00e0 aucun changement ext\u00e9rieur majeur. N\u00e9anmoins, Toyota ne s'est pas facilit\u00e9 la t\u00e2che, car en plus de l'Hybrid 130, la version actualis\u00e9e [...]","og_url":"https:\/\/all-car-news.com\/fr\/toyota-yaris-hybrid-130-nouvelle-variante-plus-puissante\/","og_site_name":"All cars news","article_published_time":"2023-06-01T15:02:45+00:00","og_image":[{"url":"https:\/\/autorai.nl\/wp-content\/uploads\/2023\/06\/MC24_YAR_GRS_02_PR-scaled-1-1140x713.jpg"}],"twitter_card":"summary_large_image","twitter_misc":{"Dur\u00e9e de lecture estim\u00e9e":"4 minutes"},"schema":{"@context":"https:\/\/schema.org","@graph":[{"@type":"Article","@id":"https:\/\/all-car-news.com\/fr\/toyota-yaris-hybrid-130-nouvelle-variante-plus-puissante\/#article","isPartOf":{"@id":"https:\/\/all-car-news.com\/fr\/toyota-yaris-hybrid-130-nouvelle-variante-plus-puissante\/"},"author":{"name":"","@id":""},"headline":"Toyota Yaris Hybrid 130 : nouvelle variante plus puissante","datePublished":"2023-06-01T15:02:45+00:00","dateModified":"2023-06-01T15:02:45+00:00","mainEntityOfPage":{"@id":"https:\/\/all-car-news.com\/fr\/toyota-yaris-hybrid-130-nouvelle-variante-plus-puissante\/"},"wordCount":730,"publisher":{"@id":"https:\/\/all-car-news.com\/fr\/#organization"},"articleSection":["nouvelles de voiture"],"inLanguage":"fr-FR"},{"@type":"WebPage","@id":"https:\/\/all-car-news.com\/fr\/toyota-yaris-hybrid-130-nouvelle-variante-plus-puissante\/","url":"https:\/\/all-car-news.com\/fr\/toyota-yaris-hybrid-130-nouvelle-variante-plus-puissante\/","name":"Toyota Yaris Hybrid 130 : nouvelle variante plus puissante - All cars news","isPartOf":{"@id":"https:\/\/all-car-news.com\/fr\/#website"},"datePublished":"2023-06-01T15:02:45+00:00","dateModified":"2023-06-01T15:02:45+00:00","breadcrumb":{"@id":"https:\/\/all-car-news.com\/fr\/toyota-yaris-hybrid-130-nouvelle-variante-plus-puissante\/#breadcrumb"},"inLanguage":"fr-FR","potentialAction":[{"@type":"ReadAction","target":["https:\/\/all-car-news.com\/fr\/toyota-yaris-hybrid-130-nouvelle-variante-plus-puissante\/"]}]},{"@type":"BreadcrumbList","@id":"https:\/\/all-car-news.com\/fr\/toyota-yaris-hybrid-130-nouvelle-variante-plus-puissante\/#breadcrumb","itemListElement":[{"@type":"ListItem","position":1,"name":"Home","item":"https:\/\/all-car-news.com\/fr\/"},{"@type":"ListItem","position":2,"name":"Toyota Yaris Hybrid 130 : nouvelle variante plus puissante"}]},{"@type":"WebSite","@id":"https:\/\/all-car-news.com\/fr\/#website","url":"https:\/\/all-car-news.com\/fr\/","name":"All cars news","description":"","publisher":{"@id":"https:\/\/all-car-news.com\/fr\/#organization"},"potentialAction":[{"@type":"SearchAction","target":{"@type":"EntryPoint","urlTemplate":"https:\/\/all-car-news.com\/fr\/?s={search_term_string}"},"query-input":"required name=search_term_string"}],"inLanguage":"fr-FR"},{"@type":"Organization","@id":"https:\/\/all-car-news.com\/fr\/#organization","name":"All cars news","url":"https:\/\/all-car-news.com\/fr\/","logo":{"@type":"ImageObject","inLanguage":"fr-FR","@id":"https:\/\/all-car-news.com\/fr\/#\/schema\/logo\/image\/","url":"https:\/\/all-car-news.com\/wp-content\/uploads\/2022\/02\/CMYK-AllCarNews_LANDSCAPE_300px-1.png","contentUrl":"https:\/\/all-car-news.com\/wp-content\/uploads\/2022\/02\/CMYK-AllCarNews_LANDSCAPE_300px-1.png","width":300,"height":100,"caption":"All cars news"},"image":{"@id":"https:\/\/all-car-news.com\/fr\/#\/schema\/logo\/image\/"}}]}},"_links":{"self":[{"href":"https:\/\/all-car-news.com\/fr\/wp-json\/wp\/v2\/posts\/139265","targetHints":{"allow":["GET"]}}],"collection":[{"href":"https:\/\/all-car-news.com\/fr\/wp-json\/wp\/v2\/posts"}],"about":[{"href":"https:\/\/all-car-news.com\/fr\/wp-json\/wp\/v2\/types\/post"}],"replies":[{"embeddable":true,"href":"https:\/\/all-car-news.com\/fr\/wp-json\/wp\/v2\/comments?post=139265"}],"version-history":[{"count":0,"href":"https:\/\/all-car-news.com\/fr\/wp-json\/wp\/v2\/posts\/139265\/revisions"}],"wp:featuredmedia":[{"embeddable":true,"href":"https:\/\/all-car-news.com\/fr\/wp-json\/wp\/v2\/media\/136170"}],"wp:attachment":[{"href":"https:\/\/all-car-news.com\/fr\/wp-json\/wp\/v2\/media?parent=139265"}],"wp:term":[{"taxonomy":"category","embeddable":true,"href":"https:\/\/all-car-news.com\/fr\/wp-json\/wp\/v2\/categories?post=139265"},{"taxonomy":"post_tag","embeddable":true,"href":"https:\/\/all-car-news.com\/fr\/wp-json\/wp\/v2\/tags?post=139265"}],"curies":[{"name":"wp","href":"https:\/\/api.w.org\/{rel}","templated":true}]}}