{"id":139065,"date":"2023-09-15T10:13:20","date_gmt":"2023-09-15T10:13:20","guid":{"rendered":"https:\/\/all-car-news.com\/mullen-five-que-propose-ce-suv-electrique\/"},"modified":"2023-09-15T10:13:20","modified_gmt":"2023-09-15T10:13:20","slug":"mullen-five-que-propose-ce-suv-electrique","status":"publish","type":"post","link":"https:\/\/all-car-news.com\/fr\/mullen-five-que-propose-ce-suv-electrique\/","title":{"rendered":"Mullen FIVE : que propose ce SUV \u00e9lectrique ?"},"content":{"rendered":"<h2>Inspir\u00e9 par la Californie<\/h2>\n<p>Mullen Automotive est bas\u00e9 dans le sud de la Californie. L&rsquo;entreprise fabrique d\u00e9j\u00e0 des fourgonnettes \u00e9lectriques sous la forme des mod\u00e8les Campus, One et Three. David Michery est le directeur g\u00e9n\u00e9ral de la soci\u00e9t\u00e9. \u00ab\u00a0Notre \u00e9quipe de conception s&rsquo;est concentr\u00e9e sur deux th\u00e8mes californiens inspirants pour l&rsquo;influence g\u00e9n\u00e9rale de la conception de la FIVE : le paysage californien et l&rsquo;urbanisme californien.<\/p>\n<h2>Caract\u00e9ristiques techniques Mullen FIVE<\/h2>\n<p>Le prix du Mullen FIVE commence \u00e0 55 000 dollars. Il sera disponible en blanc, rouge, bleu, gris, noir et sable. Le fabricant publie d\u00e9j\u00e0 des informations techniques. Par exemple, le mod\u00e8le dispose d&rsquo;une batterie de 95 kWh. Cela se traduit par une autonomie de 325 miles, ou 520 kilom\u00e8tres convertis. Le temps de 0 \u00e0 96 est de 3,2 secondes et la vitesse maximale est de 250 km\/h. La charge de 0 \u00e0 80 % prend 21 minutes. En outre, la voiture peut conduire de mani\u00e8re partiellement autonome.<\/p>\n<h2>Int\u00e9rieur avec des composants BMW<\/h2>\n<p>Fait remarquable, l&rsquo;int\u00e9rieur de la FIVE est compos\u00e9 de divers \u00e9l\u00e9ments BMW, comme le montrent les images ci-dessous, partag\u00e9es par David Michery. Le volant et le syst\u00e8me d&rsquo;infodivertissement proviennent notamment des rayons de BMW. Mullen a opt\u00e9 pour des garnitures en carbone sur le volant. Il est possible qu&rsquo;il s&rsquo;agisse encore d&rsquo;un prototype. On ne sait pas encore si le mod\u00e8le de s\u00e9rie sera \u00e9galement \u00e9quip\u00e9 d&rsquo;\u00e9l\u00e9ments int\u00e9rieurs BMW. Le site web de Mullen pr\u00e9sente d&rsquo;autres photos d&rsquo;int\u00e9rieurs, sans influence de BMW.<\/p>\n<figure class=\"wp-block-image size-content\"><img decoding=\"async\" loading=\"lazy\" width=\"1140\" height=\"631\" src=\"https:\/\/autorai.nl\/wp-content\/uploads\/2023\/09\/mullen-five-interieur-1140x631.png\" alt=\"Mullen CINQ\" class=\"wp-image-166696\"><\/figure>\n<h2>D\u00e9marrage de la production<\/h2>\n<p>La production du Mullen FIVE commencera \u00e0 la fin de l&rsquo;ann\u00e9e 2025, et les ventes aux clients d\u00e9buteront \u00e0 la mi-2026. Mullen commence avec la version RS, suivie des mod\u00e8les Mullen FIVE de base et de tourisme. La production du mod\u00e8le a lieu \u00e0 Mishawaka. L&rsquo;entreprise peut livrer la voiture \u00e0 votre domicile si n\u00e9cessaire.<\/p>\n<blockquote class=\"twitter-tweet\">\n<p lang=\"en\" dir=\"ltr\">Rien d&rsquo;autre n&rsquo;a besoin d&rsquo;\u00eatre dit!<a href=\"https:\/\/twitter.com\/hashtag\/AmericanMadeV?src=hash&amp;ref_src=twsrc%5Etfw\">\ud83d\ude0a#AmericanMadeV<\/a> <a href=\"https:\/\/t.co\/WAUAwrh86Z\">pic.twitter.com\/WAUAwrh86Z<\/a><\/p>\n<p>&#8211; David Michery (@DavidMichery) <a href=\"https:\/\/twitter.com\/DavidMichery\/status\/1701961886617534761?ref_src=twsrc%5Etfw\">13 septembre 2023<\/a><\/p>\n<\/blockquote>\n<\/p>\n<figure class=\"wp-block-embed is-type-video is-provider-youtube wp-block-embed-youtube wp-embed-aspect-16-9 wp-has-aspect-ratio\">\n<div class=\"wp-block-embed__wrapper\">\n<\/div>\n<\/figure>\n","protected":false},"excerpt":{"rendered":"Inspir\u00e9 par la Californie Mullen Automotive est bas\u00e9 dans le sud de la Californie. L'entreprise fabrique d\u00e9j\u00e0 des fourgonnettes \u00e9lectriques\u2026","protected":false},"author":0,"featured_media":139045,"comment_status":"","ping_status":"open","sticky":false,"template":"","format":"standard","meta":{"footnotes":""},"categories":[127],"tags":[],"class_list":["post-139065","post","type-post","status-publish","format-standard","has-post-thumbnail","hentry","category-nouvelles-de-voiture"],"acf":[],"yoast_head":"<!-- This site is optimized with the Yoast SEO plugin v21.2 - https:\/\/yoast.com\/wordpress\/plugins\/seo\/ -->\n<title>Mullen FIVE : que propose ce SUV \u00e9lectrique ? - All cars news<\/title>\n<meta name=\"robots\" content=\"index, follow, max-snippet:-1, max-image-preview:large, max-video-preview:-1\" \/>\n<link rel=\"canonical\" href=\"https:\/\/all-car-news.com\/fr\/mullen-five-que-propose-ce-suv-electrique\/\" \/>\n<meta property=\"og:locale\" content=\"fr_FR\" \/>\n<meta property=\"og:type\" content=\"article\" \/>\n<meta property=\"og:title\" content=\"Mullen FIVE : que propose ce SUV \u00e9lectrique ? - All cars news\" \/>\n<meta property=\"og:description\" content=\"Inspir\u00e9 par la Californie Mullen Automotive est bas\u00e9 dans le sud de la Californie. L&#039;entreprise fabrique d\u00e9j\u00e0 des fourgonnettes \u00e9lectriques sous la forme des mod\u00e8les Campus, One et Three. David Michery est le directeur g\u00e9n\u00e9ral de la soci\u00e9t\u00e9. &quot;Notre \u00e9quipe de conception s&#039;est concentr\u00e9e sur deux th\u00e8mes californiens inspirants pour influencer le design g\u00e9n\u00e9ral de la FIVE : le paysage californien et la Californie [...]\" \/>\n<meta property=\"og:url\" content=\"https:\/\/all-car-news.com\/fr\/mullen-five-que-propose-ce-suv-electrique\/\" \/>\n<meta property=\"og:site_name\" content=\"All cars news\" \/>\n<meta property=\"article:published_time\" content=\"2023-09-15T10:13:20+00:00\" \/>\n<meta property=\"og:image\" content=\"https:\/\/autorai.nl\/wp-content\/uploads\/2023\/09\/mullen-five-interieur-1140x631.png\" \/>\n<meta name=\"twitter:card\" content=\"summary_large_image\" \/>\n<meta name=\"twitter:label1\" content=\"Dur\u00e9e de lecture estim\u00e9e\" \/>\n\t<meta name=\"twitter:data1\" content=\"2 minutes\" \/>\n<script type=\"application\/ld+json\" class=\"yoast-schema-graph\">{\"@context\":\"https:\/\/schema.org\",\"@graph\":[{\"@type\":\"Article\",\"@id\":\"https:\/\/all-car-news.com\/fr\/mullen-five-que-propose-ce-suv-electrique\/#article\",\"isPartOf\":{\"@id\":\"https:\/\/all-car-news.com\/fr\/mullen-five-que-propose-ce-suv-electrique\/\"},\"author\":{\"name\":\"\",\"@id\":\"\"},\"headline\":\"Mullen FIVE : que propose ce SUV \u00e9lectrique ?\",\"datePublished\":\"2023-09-15T10:13:20+00:00\",\"dateModified\":\"2023-09-15T10:13:20+00:00\",\"mainEntityOfPage\":{\"@id\":\"https:\/\/all-car-news.com\/fr\/mullen-five-que-propose-ce-suv-electrique\/\"},\"wordCount\":340,\"publisher\":{\"@id\":\"https:\/\/all-car-news.com\/fr\/#organization\"},\"articleSection\":[\"nouvelles de voiture\"],\"inLanguage\":\"fr-FR\"},{\"@type\":\"WebPage\",\"@id\":\"https:\/\/all-car-news.com\/fr\/mullen-five-que-propose-ce-suv-electrique\/\",\"url\":\"https:\/\/all-car-news.com\/fr\/mullen-five-que-propose-ce-suv-electrique\/\",\"name\":\"Mullen FIVE : que propose ce SUV \u00e9lectrique ? - All cars news\",\"isPartOf\":{\"@id\":\"https:\/\/all-car-news.com\/fr\/#website\"},\"datePublished\":\"2023-09-15T10:13:20+00:00\",\"dateModified\":\"2023-09-15T10:13:20+00:00\",\"breadcrumb\":{\"@id\":\"https:\/\/all-car-news.com\/fr\/mullen-five-que-propose-ce-suv-electrique\/#breadcrumb\"},\"inLanguage\":\"fr-FR\",\"potentialAction\":[{\"@type\":\"ReadAction\",\"target\":[\"https:\/\/all-car-news.com\/fr\/mullen-five-que-propose-ce-suv-electrique\/\"]}]},{\"@type\":\"BreadcrumbList\",\"@id\":\"https:\/\/all-car-news.com\/fr\/mullen-five-que-propose-ce-suv-electrique\/#breadcrumb\",\"itemListElement\":[{\"@type\":\"ListItem\",\"position\":1,\"name\":\"Home\",\"item\":\"https:\/\/all-car-news.com\/fr\/\"},{\"@type\":\"ListItem\",\"position\":2,\"name\":\"Mullen FIVE : que propose ce SUV \u00e9lectrique ?\"}]},{\"@type\":\"WebSite\",\"@id\":\"https:\/\/all-car-news.com\/fr\/#website\",\"url\":\"https:\/\/all-car-news.com\/fr\/\",\"name\":\"All cars news\",\"description\":\"\",\"publisher\":{\"@id\":\"https:\/\/all-car-news.com\/fr\/#organization\"},\"potentialAction\":[{\"@type\":\"SearchAction\",\"target\":{\"@type\":\"EntryPoint\",\"urlTemplate\":\"https:\/\/all-car-news.com\/fr\/?s={search_term_string}\"},\"query-input\":\"required name=search_term_string\"}],\"inLanguage\":\"fr-FR\"},{\"@type\":\"Organization\",\"@id\":\"https:\/\/all-car-news.com\/fr\/#organization\",\"name\":\"All cars news\",\"url\":\"https:\/\/all-car-news.com\/fr\/\",\"logo\":{\"@type\":\"ImageObject\",\"inLanguage\":\"fr-FR\",\"@id\":\"https:\/\/all-car-news.com\/fr\/#\/schema\/logo\/image\/\",\"url\":\"https:\/\/all-car-news.com\/wp-content\/uploads\/2022\/02\/CMYK-AllCarNews_LANDSCAPE_300px-1.png\",\"contentUrl\":\"https:\/\/all-car-news.com\/wp-content\/uploads\/2022\/02\/CMYK-AllCarNews_LANDSCAPE_300px-1.png\",\"width\":300,\"height\":100,\"caption\":\"All cars news\"},\"image\":{\"@id\":\"https:\/\/all-car-news.com\/fr\/#\/schema\/logo\/image\/\"}}]}<\/script>\n<!-- \/ Yoast SEO plugin. -->","yoast_head_json":{"title":"Mullen FIVE : que propose ce SUV \u00e9lectrique ? - All cars news","robots":{"index":"index","follow":"follow","max-snippet":"max-snippet:-1","max-image-preview":"max-image-preview:large","max-video-preview":"max-video-preview:-1"},"canonical":"https:\/\/all-car-news.com\/fr\/mullen-five-que-propose-ce-suv-electrique\/","og_locale":"fr_FR","og_type":"article","og_title":"Mullen FIVE : que propose ce SUV \u00e9lectrique ? - All cars news","og_description":"Inspir\u00e9 par la Californie Mullen Automotive est bas\u00e9 dans le sud de la Californie. L'entreprise fabrique d\u00e9j\u00e0 des fourgonnettes \u00e9lectriques sous la forme des mod\u00e8les Campus, One et Three. David Michery est le directeur g\u00e9n\u00e9ral de la soci\u00e9t\u00e9. \"Notre \u00e9quipe de conception s'est concentr\u00e9e sur deux th\u00e8mes californiens inspirants pour influencer le design g\u00e9n\u00e9ral de la FIVE : le paysage californien et la Californie [...]","og_url":"https:\/\/all-car-news.com\/fr\/mullen-five-que-propose-ce-suv-electrique\/","og_site_name":"All cars news","article_published_time":"2023-09-15T10:13:20+00:00","og_image":[{"url":"https:\/\/autorai.nl\/wp-content\/uploads\/2023\/09\/mullen-five-interieur-1140x631.png"}],"twitter_card":"summary_large_image","twitter_misc":{"Dur\u00e9e de lecture estim\u00e9e":"2 minutes"},"schema":{"@context":"https:\/\/schema.org","@graph":[{"@type":"Article","@id":"https:\/\/all-car-news.com\/fr\/mullen-five-que-propose-ce-suv-electrique\/#article","isPartOf":{"@id":"https:\/\/all-car-news.com\/fr\/mullen-five-que-propose-ce-suv-electrique\/"},"author":{"name":"","@id":""},"headline":"Mullen FIVE : que propose ce SUV \u00e9lectrique ?","datePublished":"2023-09-15T10:13:20+00:00","dateModified":"2023-09-15T10:13:20+00:00","mainEntityOfPage":{"@id":"https:\/\/all-car-news.com\/fr\/mullen-five-que-propose-ce-suv-electrique\/"},"wordCount":340,"publisher":{"@id":"https:\/\/all-car-news.com\/fr\/#organization"},"articleSection":["nouvelles de voiture"],"inLanguage":"fr-FR"},{"@type":"WebPage","@id":"https:\/\/all-car-news.com\/fr\/mullen-five-que-propose-ce-suv-electrique\/","url":"https:\/\/all-car-news.com\/fr\/mullen-five-que-propose-ce-suv-electrique\/","name":"Mullen FIVE : que propose ce SUV \u00e9lectrique ? - All cars news","isPartOf":{"@id":"https:\/\/all-car-news.com\/fr\/#website"},"datePublished":"2023-09-15T10:13:20+00:00","dateModified":"2023-09-15T10:13:20+00:00","breadcrumb":{"@id":"https:\/\/all-car-news.com\/fr\/mullen-five-que-propose-ce-suv-electrique\/#breadcrumb"},"inLanguage":"fr-FR","potentialAction":[{"@type":"ReadAction","target":["https:\/\/all-car-news.com\/fr\/mullen-five-que-propose-ce-suv-electrique\/"]}]},{"@type":"BreadcrumbList","@id":"https:\/\/all-car-news.com\/fr\/mullen-five-que-propose-ce-suv-electrique\/#breadcrumb","itemListElement":[{"@type":"ListItem","position":1,"name":"Home","item":"https:\/\/all-car-news.com\/fr\/"},{"@type":"ListItem","position":2,"name":"Mullen FIVE : que propose ce SUV \u00e9lectrique ?"}]},{"@type":"WebSite","@id":"https:\/\/all-car-news.com\/fr\/#website","url":"https:\/\/all-car-news.com\/fr\/","name":"All cars news","description":"","publisher":{"@id":"https:\/\/all-car-news.com\/fr\/#organization"},"potentialAction":[{"@type":"SearchAction","target":{"@type":"EntryPoint","urlTemplate":"https:\/\/all-car-news.com\/fr\/?s={search_term_string}"},"query-input":"required name=search_term_string"}],"inLanguage":"fr-FR"},{"@type":"Organization","@id":"https:\/\/all-car-news.com\/fr\/#organization","name":"All cars news","url":"https:\/\/all-car-news.com\/fr\/","logo":{"@type":"ImageObject","inLanguage":"fr-FR","@id":"https:\/\/all-car-news.com\/fr\/#\/schema\/logo\/image\/","url":"https:\/\/all-car-news.com\/wp-content\/uploads\/2022\/02\/CMYK-AllCarNews_LANDSCAPE_300px-1.png","contentUrl":"https:\/\/all-car-news.com\/wp-content\/uploads\/2022\/02\/CMYK-AllCarNews_LANDSCAPE_300px-1.png","width":300,"height":100,"caption":"All cars news"},"image":{"@id":"https:\/\/all-car-news.com\/fr\/#\/schema\/logo\/image\/"}}]}},"_links":{"self":[{"href":"https:\/\/all-car-news.com\/fr\/wp-json\/wp\/v2\/posts\/139065","targetHints":{"allow":["GET"]}}],"collection":[{"href":"https:\/\/all-car-news.com\/fr\/wp-json\/wp\/v2\/posts"}],"about":[{"href":"https:\/\/all-car-news.com\/fr\/wp-json\/wp\/v2\/types\/post"}],"replies":[{"embeddable":true,"href":"https:\/\/all-car-news.com\/fr\/wp-json\/wp\/v2\/comments?post=139065"}],"version-history":[{"count":0,"href":"https:\/\/all-car-news.com\/fr\/wp-json\/wp\/v2\/posts\/139065\/revisions"}],"wp:featuredmedia":[{"embeddable":true,"href":"https:\/\/all-car-news.com\/fr\/wp-json\/wp\/v2\/media\/139045"}],"wp:attachment":[{"href":"https:\/\/all-car-news.com\/fr\/wp-json\/wp\/v2\/media?parent=139065"}],"wp:term":[{"taxonomy":"category","embeddable":true,"href":"https:\/\/all-car-news.com\/fr\/wp-json\/wp\/v2\/categories?post=139065"},{"taxonomy":"post_tag","embeddable":true,"href":"https:\/\/all-car-news.com\/fr\/wp-json\/wp\/v2\/tags?post=139065"}],"curies":[{"name":"wp","href":"https:\/\/api.w.org\/{rel}","templated":true}]}}