{"id":138930,"date":"2023-09-10T08:54:00","date_gmt":"2023-09-10T08:54:00","guid":{"rendered":"https:\/\/all-car-news.com\/letat-neerlandais-devient-partiellement-proprietaire-du-gestionnaire-de-reseau-stedin\/"},"modified":"2023-09-10T08:54:00","modified_gmt":"2023-09-10T08:54:00","slug":"letat-neerlandais-devient-partiellement-proprietaire-du-gestionnaire-de-reseau-stedin","status":"publish","type":"post","link":"https:\/\/all-car-news.com\/fr\/letat-neerlandais-devient-partiellement-proprietaire-du-gestionnaire-de-reseau-stedin\/","title":{"rendered":"L&rsquo;\u00c9tat n\u00e9erlandais devient partiellement propri\u00e9taire du gestionnaire de r\u00e9seau Stedin"},"content":{"rendered":"<h2>Des millions de connexions<\/h2>\n<p>Stedin est responsable de la transmission de l&rsquo;\u00e9lectricit\u00e9 et du gaz \u00e0 plus de 2 millions de m\u00e9nages et de clients industriels. Stedin vous permet \u00e9galement de recharger votre voiture \u00e9lectrique \u00e0 la maison. La soci\u00e9t\u00e9 de r\u00e9seau Stedin est responsable du r\u00e9seau dans la majeure partie de la Hollande m\u00e9ridionale et dans les provinces d&rsquo;Utrecht et de Z\u00e9lande. Ce r\u00e9seau comprend environ 2,3 millions de connexions pour les clients r\u00e9sidentiels et professionnels.<\/p>\n<h2>La transition \u00e9nerg\u00e9tique n\u00e9cessite un r\u00e9seau \u00e0 l&rsquo;\u00e9preuve du temps<\/h2>\n<p>Stedin investit massivement dans le r\u00e9seau \u00e9lectrique afin de garantir la qualit\u00e9 et une capacit\u00e9 suffisante pour assurer la durabilit\u00e9 et l&rsquo;expansion futures. L&rsquo;entreprise a investi plus de 700 millions d&rsquo;euros dans son r\u00e9seau en 2022 et au moins 8 milliards d&rsquo;euros d&rsquo;investissements suppl\u00e9mentaires sont pr\u00e9vus jusqu&rsquo;en 2030. Pour continuer \u00e0 investir dans les ann\u00e9es \u00e0 venir, Stedin et ses actionnaires ont demand\u00e9 \u00e0 l&rsquo;Etat de r\u00e9pondre \u00e0 un besoin en capital de 500 millions d&rsquo;euros. Le gouvernement a l&rsquo;intention d&rsquo;acc\u00e9der \u00e0 cette demande et a pr\u00e9vu un cr\u00e9dit \u00e0 cet effet dans le m\u00e9morandum budg\u00e9taire 2023 de l&rsquo;ann\u00e9e derni\u00e8re.<\/p>\n<h2>Passer de l&rsquo;\u00e9nergie fossile \u00e0 l&rsquo;\u00e9lectricit\u00e9 renouvelable<\/h2>\n<p>Ministre Jetten pour le climat et l&rsquo;\u00e9nergie : \u00ab\u00a0Il est essentiel que l&rsquo;expansion du r\u00e9seau \u00e9lectrique se poursuive \u00e0 un rythme rapide. Il faut beaucoup plus d&rsquo;espace pour tous les m\u00e9nages et entreprises qui souhaitent produire leur propre \u00e9lectricit\u00e9 dans les ann\u00e9es \u00e0 venir ou passer de l&rsquo;\u00e9nergie fossile \u00e0 l&rsquo;\u00e9lectricit\u00e9 renouvelable. Les gestionnaires de r\u00e9seau, le gouvernement et les entreprises s&rsquo;efforcent de trouver des solutions pour un r\u00e9seau \u00e9lectrique complet. Je suis heureux que le gouvernement central puisse d\u00e9sormais apporter une aide financi\u00e8re.<\/p>\n<p>Le ministre des finances, M. Kaag, a d\u00e9clar\u00e9 : \u00ab\u00a0La transition \u00e9nerg\u00e9tique est un d\u00e9fi de taille. L&rsquo;acc\u00e8s au r\u00e9seau \u00e9nerg\u00e9tique est essentiel et le r\u00e9seau \u00e9nerg\u00e9tique doit \u00eatre robuste et \u00e0 l&rsquo;\u00e9preuve du temps. Le gouvernement est heureux de contribuer \u00e0 la sauvegarde de l&rsquo;int\u00e9r\u00eat public en mati\u00e8re d&rsquo;approvisionnement \u00e9nerg\u00e9tique gr\u00e2ce \u00e0 cet apport de capitaux.\u00a0\u00bb<\/p>\n<h2>Participation au capital<\/h2>\n<p>Avec le d\u00e9p\u00f4t d&rsquo;un capital de 500 millions d&rsquo;euros, l&rsquo;\u00c9tat deviendra actionnaire de Stedin \u00e0 hauteur de 11,9 %. La soci\u00e9t\u00e9 de r\u00e9seau r\u00e9gional deviendra ainsi une entreprise publique. L&rsquo;actionnariat de la soci\u00e9t\u00e9 est actuellement d\u00e9tenu par 42 municipalit\u00e9s dans la zone de service o\u00f9 Stedin a \u00e9t\u00e9 d\u00e9sign\u00e9 comme gestionnaire de r\u00e9seau r\u00e9gional. L&rsquo;actionnariat public est l&rsquo;un des piliers permettant de garantir les int\u00e9r\u00eats publics d&rsquo;une soci\u00e9t\u00e9 de r\u00e9seau efficace et performante.<\/p>\n","protected":false},"excerpt":{"rendered":"Des millions de connexions Stedin est responsable du transport de l'\u00e9lectricit\u00e9 et du gaz vers plus de 2 millions de\u2026","protected":false},"author":0,"featured_media":138917,"comment_status":"","ping_status":"open","sticky":false,"template":"","format":"standard","meta":{"footnotes":""},"categories":[127],"tags":[],"class_list":["post-138930","post","type-post","status-publish","format-standard","has-post-thumbnail","hentry","category-nouvelles-de-voiture"],"acf":[],"yoast_head":"<!-- This site is optimized with the Yoast SEO plugin v21.2 - https:\/\/yoast.com\/wordpress\/plugins\/seo\/ -->\n<title>L&#039;\u00c9tat n\u00e9erlandais devient partiellement propri\u00e9taire du gestionnaire de r\u00e9seau Stedin - All cars news<\/title>\n<meta name=\"robots\" content=\"index, follow, max-snippet:-1, max-image-preview:large, max-video-preview:-1\" \/>\n<link rel=\"canonical\" href=\"https:\/\/all-car-news.com\/fr\/letat-neerlandais-devient-partiellement-proprietaire-du-gestionnaire-de-reseau-stedin\/\" \/>\n<meta property=\"og:locale\" content=\"fr_FR\" \/>\n<meta property=\"og:type\" content=\"article\" \/>\n<meta property=\"og:title\" content=\"L&#039;\u00c9tat n\u00e9erlandais devient partiellement propri\u00e9taire du gestionnaire de r\u00e9seau Stedin - All cars news\" \/>\n<meta property=\"og:description\" content=\"Des millions de connexions Stedin est responsable du transport de l&#039;\u00e9lectricit\u00e9 et du gaz vers plus de 2 millions de m\u00e9nages et de clients industriels. Stedin vous permet \u00e9galement de recharger votre voiture \u00e9lectrique \u00e0 la maison. La soci\u00e9t\u00e9 de r\u00e9seau Stedin est responsable du r\u00e9seau dans la majeure partie de la Hollande m\u00e9ridionale et dans les provinces d&#039;Utrecht et de Z\u00e9lande. Ce r\u00e9seau [...]\" \/>\n<meta property=\"og:url\" content=\"https:\/\/all-car-news.com\/fr\/letat-neerlandais-devient-partiellement-proprietaire-du-gestionnaire-de-reseau-stedin\/\" \/>\n<meta property=\"og:site_name\" content=\"All cars news\" \/>\n<meta property=\"article:published_time\" content=\"2023-09-10T08:54:00+00:00\" \/>\n<meta name=\"twitter:card\" content=\"summary_large_image\" \/>\n<meta name=\"twitter:label1\" content=\"Dur\u00e9e de lecture estim\u00e9e\" \/>\n\t<meta name=\"twitter:data1\" content=\"2 minutes\" \/>\n<script type=\"application\/ld+json\" class=\"yoast-schema-graph\">{\"@context\":\"https:\/\/schema.org\",\"@graph\":[{\"@type\":\"Article\",\"@id\":\"https:\/\/all-car-news.com\/fr\/letat-neerlandais-devient-partiellement-proprietaire-du-gestionnaire-de-reseau-stedin\/#article\",\"isPartOf\":{\"@id\":\"https:\/\/all-car-news.com\/fr\/letat-neerlandais-devient-partiellement-proprietaire-du-gestionnaire-de-reseau-stedin\/\"},\"author\":{\"name\":\"\",\"@id\":\"\"},\"headline\":\"L&rsquo;\u00c9tat n\u00e9erlandais devient partiellement propri\u00e9taire du gestionnaire de r\u00e9seau Stedin\",\"datePublished\":\"2023-09-10T08:54:00+00:00\",\"dateModified\":\"2023-09-10T08:54:00+00:00\",\"mainEntityOfPage\":{\"@id\":\"https:\/\/all-car-news.com\/fr\/letat-neerlandais-devient-partiellement-proprietaire-du-gestionnaire-de-reseau-stedin\/\"},\"wordCount\":462,\"publisher\":{\"@id\":\"https:\/\/all-car-news.com\/fr\/#organization\"},\"articleSection\":[\"nouvelles de voiture\"],\"inLanguage\":\"fr-FR\"},{\"@type\":\"WebPage\",\"@id\":\"https:\/\/all-car-news.com\/fr\/letat-neerlandais-devient-partiellement-proprietaire-du-gestionnaire-de-reseau-stedin\/\",\"url\":\"https:\/\/all-car-news.com\/fr\/letat-neerlandais-devient-partiellement-proprietaire-du-gestionnaire-de-reseau-stedin\/\",\"name\":\"L'\u00c9tat n\u00e9erlandais devient partiellement propri\u00e9taire du gestionnaire de r\u00e9seau Stedin - All cars news\",\"isPartOf\":{\"@id\":\"https:\/\/all-car-news.com\/fr\/#website\"},\"datePublished\":\"2023-09-10T08:54:00+00:00\",\"dateModified\":\"2023-09-10T08:54:00+00:00\",\"breadcrumb\":{\"@id\":\"https:\/\/all-car-news.com\/fr\/letat-neerlandais-devient-partiellement-proprietaire-du-gestionnaire-de-reseau-stedin\/#breadcrumb\"},\"inLanguage\":\"fr-FR\",\"potentialAction\":[{\"@type\":\"ReadAction\",\"target\":[\"https:\/\/all-car-news.com\/fr\/letat-neerlandais-devient-partiellement-proprietaire-du-gestionnaire-de-reseau-stedin\/\"]}]},{\"@type\":\"BreadcrumbList\",\"@id\":\"https:\/\/all-car-news.com\/fr\/letat-neerlandais-devient-partiellement-proprietaire-du-gestionnaire-de-reseau-stedin\/#breadcrumb\",\"itemListElement\":[{\"@type\":\"ListItem\",\"position\":1,\"name\":\"Home\",\"item\":\"https:\/\/all-car-news.com\/fr\/\"},{\"@type\":\"ListItem\",\"position\":2,\"name\":\"L&rsquo;\u00c9tat n\u00e9erlandais devient partiellement propri\u00e9taire du gestionnaire de r\u00e9seau Stedin\"}]},{\"@type\":\"WebSite\",\"@id\":\"https:\/\/all-car-news.com\/fr\/#website\",\"url\":\"https:\/\/all-car-news.com\/fr\/\",\"name\":\"All cars news\",\"description\":\"\",\"publisher\":{\"@id\":\"https:\/\/all-car-news.com\/fr\/#organization\"},\"potentialAction\":[{\"@type\":\"SearchAction\",\"target\":{\"@type\":\"EntryPoint\",\"urlTemplate\":\"https:\/\/all-car-news.com\/fr\/?s={search_term_string}\"},\"query-input\":\"required name=search_term_string\"}],\"inLanguage\":\"fr-FR\"},{\"@type\":\"Organization\",\"@id\":\"https:\/\/all-car-news.com\/fr\/#organization\",\"name\":\"All cars news\",\"url\":\"https:\/\/all-car-news.com\/fr\/\",\"logo\":{\"@type\":\"ImageObject\",\"inLanguage\":\"fr-FR\",\"@id\":\"https:\/\/all-car-news.com\/fr\/#\/schema\/logo\/image\/\",\"url\":\"https:\/\/all-car-news.com\/wp-content\/uploads\/2022\/02\/CMYK-AllCarNews_LANDSCAPE_300px-1.png\",\"contentUrl\":\"https:\/\/all-car-news.com\/wp-content\/uploads\/2022\/02\/CMYK-AllCarNews_LANDSCAPE_300px-1.png\",\"width\":300,\"height\":100,\"caption\":\"All cars news\"},\"image\":{\"@id\":\"https:\/\/all-car-news.com\/fr\/#\/schema\/logo\/image\/\"}}]}<\/script>\n<!-- \/ Yoast SEO plugin. -->","yoast_head_json":{"title":"L'\u00c9tat n\u00e9erlandais devient partiellement propri\u00e9taire du gestionnaire de r\u00e9seau Stedin - All cars news","robots":{"index":"index","follow":"follow","max-snippet":"max-snippet:-1","max-image-preview":"max-image-preview:large","max-video-preview":"max-video-preview:-1"},"canonical":"https:\/\/all-car-news.com\/fr\/letat-neerlandais-devient-partiellement-proprietaire-du-gestionnaire-de-reseau-stedin\/","og_locale":"fr_FR","og_type":"article","og_title":"L'\u00c9tat n\u00e9erlandais devient partiellement propri\u00e9taire du gestionnaire de r\u00e9seau Stedin - All cars news","og_description":"Des millions de connexions Stedin est responsable du transport de l'\u00e9lectricit\u00e9 et du gaz vers plus de 2 millions de m\u00e9nages et de clients industriels. Stedin vous permet \u00e9galement de recharger votre voiture \u00e9lectrique \u00e0 la maison. La soci\u00e9t\u00e9 de r\u00e9seau Stedin est responsable du r\u00e9seau dans la majeure partie de la Hollande m\u00e9ridionale et dans les provinces d'Utrecht et de Z\u00e9lande. Ce r\u00e9seau [...]","og_url":"https:\/\/all-car-news.com\/fr\/letat-neerlandais-devient-partiellement-proprietaire-du-gestionnaire-de-reseau-stedin\/","og_site_name":"All cars news","article_published_time":"2023-09-10T08:54:00+00:00","twitter_card":"summary_large_image","twitter_misc":{"Dur\u00e9e de lecture estim\u00e9e":"2 minutes"},"schema":{"@context":"https:\/\/schema.org","@graph":[{"@type":"Article","@id":"https:\/\/all-car-news.com\/fr\/letat-neerlandais-devient-partiellement-proprietaire-du-gestionnaire-de-reseau-stedin\/#article","isPartOf":{"@id":"https:\/\/all-car-news.com\/fr\/letat-neerlandais-devient-partiellement-proprietaire-du-gestionnaire-de-reseau-stedin\/"},"author":{"name":"","@id":""},"headline":"L&rsquo;\u00c9tat n\u00e9erlandais devient partiellement propri\u00e9taire du gestionnaire de r\u00e9seau Stedin","datePublished":"2023-09-10T08:54:00+00:00","dateModified":"2023-09-10T08:54:00+00:00","mainEntityOfPage":{"@id":"https:\/\/all-car-news.com\/fr\/letat-neerlandais-devient-partiellement-proprietaire-du-gestionnaire-de-reseau-stedin\/"},"wordCount":462,"publisher":{"@id":"https:\/\/all-car-news.com\/fr\/#organization"},"articleSection":["nouvelles de voiture"],"inLanguage":"fr-FR"},{"@type":"WebPage","@id":"https:\/\/all-car-news.com\/fr\/letat-neerlandais-devient-partiellement-proprietaire-du-gestionnaire-de-reseau-stedin\/","url":"https:\/\/all-car-news.com\/fr\/letat-neerlandais-devient-partiellement-proprietaire-du-gestionnaire-de-reseau-stedin\/","name":"L'\u00c9tat n\u00e9erlandais devient partiellement propri\u00e9taire du gestionnaire de r\u00e9seau Stedin - All cars news","isPartOf":{"@id":"https:\/\/all-car-news.com\/fr\/#website"},"datePublished":"2023-09-10T08:54:00+00:00","dateModified":"2023-09-10T08:54:00+00:00","breadcrumb":{"@id":"https:\/\/all-car-news.com\/fr\/letat-neerlandais-devient-partiellement-proprietaire-du-gestionnaire-de-reseau-stedin\/#breadcrumb"},"inLanguage":"fr-FR","potentialAction":[{"@type":"ReadAction","target":["https:\/\/all-car-news.com\/fr\/letat-neerlandais-devient-partiellement-proprietaire-du-gestionnaire-de-reseau-stedin\/"]}]},{"@type":"BreadcrumbList","@id":"https:\/\/all-car-news.com\/fr\/letat-neerlandais-devient-partiellement-proprietaire-du-gestionnaire-de-reseau-stedin\/#breadcrumb","itemListElement":[{"@type":"ListItem","position":1,"name":"Home","item":"https:\/\/all-car-news.com\/fr\/"},{"@type":"ListItem","position":2,"name":"L&rsquo;\u00c9tat n\u00e9erlandais devient partiellement propri\u00e9taire du gestionnaire de r\u00e9seau Stedin"}]},{"@type":"WebSite","@id":"https:\/\/all-car-news.com\/fr\/#website","url":"https:\/\/all-car-news.com\/fr\/","name":"All cars news","description":"","publisher":{"@id":"https:\/\/all-car-news.com\/fr\/#organization"},"potentialAction":[{"@type":"SearchAction","target":{"@type":"EntryPoint","urlTemplate":"https:\/\/all-car-news.com\/fr\/?s={search_term_string}"},"query-input":"required name=search_term_string"}],"inLanguage":"fr-FR"},{"@type":"Organization","@id":"https:\/\/all-car-news.com\/fr\/#organization","name":"All cars news","url":"https:\/\/all-car-news.com\/fr\/","logo":{"@type":"ImageObject","inLanguage":"fr-FR","@id":"https:\/\/all-car-news.com\/fr\/#\/schema\/logo\/image\/","url":"https:\/\/all-car-news.com\/wp-content\/uploads\/2022\/02\/CMYK-AllCarNews_LANDSCAPE_300px-1.png","contentUrl":"https:\/\/all-car-news.com\/wp-content\/uploads\/2022\/02\/CMYK-AllCarNews_LANDSCAPE_300px-1.png","width":300,"height":100,"caption":"All cars news"},"image":{"@id":"https:\/\/all-car-news.com\/fr\/#\/schema\/logo\/image\/"}}]}},"_links":{"self":[{"href":"https:\/\/all-car-news.com\/fr\/wp-json\/wp\/v2\/posts\/138930","targetHints":{"allow":["GET"]}}],"collection":[{"href":"https:\/\/all-car-news.com\/fr\/wp-json\/wp\/v2\/posts"}],"about":[{"href":"https:\/\/all-car-news.com\/fr\/wp-json\/wp\/v2\/types\/post"}],"replies":[{"embeddable":true,"href":"https:\/\/all-car-news.com\/fr\/wp-json\/wp\/v2\/comments?post=138930"}],"version-history":[{"count":0,"href":"https:\/\/all-car-news.com\/fr\/wp-json\/wp\/v2\/posts\/138930\/revisions"}],"wp:featuredmedia":[{"embeddable":true,"href":"https:\/\/all-car-news.com\/fr\/wp-json\/wp\/v2\/media\/138917"}],"wp:attachment":[{"href":"https:\/\/all-car-news.com\/fr\/wp-json\/wp\/v2\/media?parent=138930"}],"wp:term":[{"taxonomy":"category","embeddable":true,"href":"https:\/\/all-car-news.com\/fr\/wp-json\/wp\/v2\/categories?post=138930"},{"taxonomy":"post_tag","embeddable":true,"href":"https:\/\/all-car-news.com\/fr\/wp-json\/wp\/v2\/tags?post=138930"}],"curies":[{"name":"wp","href":"https:\/\/api.w.org\/{rel}","templated":true}]}}