{"id":138923,"date":"2023-09-11T08:18:23","date_gmt":"2023-09-11T08:18:23","guid":{"rendered":"https:\/\/all-car-news.com\/le-kia-sportage-dark-edition-celebre-les-30-ans-du-sportage\/"},"modified":"2023-09-11T08:18:23","modified_gmt":"2023-09-11T08:18:23","slug":"le-kia-sportage-dark-edition-celebre-les-30-ans-du-sportage","status":"publish","type":"post","link":"https:\/\/all-car-news.com\/fr\/le-kia-sportage-dark-edition-celebre-les-30-ans-du-sportage\/","title":{"rendered":"Le Kia Sportage Dark Edition c\u00e9l\u00e8bre les 30 ans du Sportage"},"content":{"rendered":"<h2>Kia Sportage Dark Edition<\/h2>\n<p>Le Kia Sportage Dark Edition se distingue par un certain nombre de caract\u00e9ristiques exclusives, notamment les lignes de contour en noir brillant autour des vitres lat\u00e9rales et du spoiler. En outre, le mod\u00e8le est dot\u00e9 de nouveaux \u00e9l\u00e9ments d\u00e9coratifs en chrome fonc\u00e9 \u00e0 l&rsquo;avant, \u00e0 l&rsquo;arri\u00e8re et sur les c\u00f4t\u00e9s. L&rsquo;\u00e9dition sp\u00e9ciale roule sur des jantes en alliage peintes en noir brillant.&nbsp;Parmi les autres caract\u00e9ristiques qui attirent l&rsquo;attention, on peut citer les vitres de protection contre les regards indiscrets et les plaques de protection en chrome fonc\u00e9.<\/p>\n<p>En exclusivit\u00e9 pour la Dark Edition, la toute nouvelle couleur Wolf Grey est introduite. Les autres couleurs disponibles sont le blanc Deluxe, le blanc Casa, le noir Pearl, le m\u00e9tal Penta et le vert Experience.<\/p>\n<h2>Int\u00e9rieur<\/h2>\n<p>Le Sportage Jubilee se distingue \u00e0 l&rsquo;int\u00e9rieur par sa sellerie en daim et en similicuir. L&rsquo;\u00e9quipement de s\u00e9rie tr\u00e8s luxueux comprend des si\u00e8ges avant \u00e0 commande \u00e9lectrique, le chauffage des si\u00e8ges et du volant et un \u00e9clairage d&rsquo;ambiance suppl\u00e9mentaire. La Dark Edition est livr\u00e9e avec un int\u00e9rieur sp\u00e9cial vert nuit.<\/p>\n<figure class=\"wp-block-image size-content\"><img decoding=\"async\" loading=\"lazy\" width=\"1140\" height=\"641\" src=\"https:\/\/autorai.nl\/wp-content\/uploads\/2023\/09\/kia-sportage-dark-edition-2023-foto4-1140x641.jpg\" alt=\"Kia Sportage Dark Edition\" class=\"wp-image-166455\"><\/figure>\n<h2>Dark Edition aux Pays-Bas dans le courant de l&rsquo;ann\u00e9e<\/h2>\n<p>Les premiers exemplaires du Kia Sportage Dark Edition sp\u00e9cial arriveront aux Pays-Bas dans le courant de l&rsquo;ann\u00e9e. Les prix seront communiqu\u00e9s prochainement.<\/p>\n<h2>30 ans de Kia Sportage<\/h2>\n<p>Le Kia Sportage s&rsquo;est vendu \u00e0 plus de 7 millions d&rsquo;exemplaires dans le monde en 30 ans, sur cinq g\u00e9n\u00e9rations. La premi\u00e8re g\u00e9n\u00e9ration est apparue en 1993. Depuis 2015, le Kia Sportage est le mod\u00e8le le plus vendu de la marque.  <\/p>\n<p>\u00ab\u00a0Au cours des 30 derni\u00e8res ann\u00e9es, la formule du succ\u00e8s de ce SUV est toujours rest\u00e9e la m\u00eame\u00a0\u00bb, d\u00e9clare Alexandre Papapetropoulos, directeur des produits et des prix chez Kia Europe. \u00ab\u00a0Pour c\u00e9l\u00e9brer l&rsquo;anniversaire de cette ic\u00f4ne de Kia, nous pr\u00e9sentons une \u00e9dition sp\u00e9ciale qui, tout en revenant sur les 30 ans du Sportage, est surtout tourn\u00e9e vers l&rsquo;avenir gr\u00e2ce \u00e0 son groupe motopropulseur \u00e9lectrifi\u00e9.\u00a0\u00bb  <\/p>\n<div class=\"galery shuffle galery-0\">\n<figure>\n\t\t\t\t\t<span style=\"cursor: pointer\" data-src=\"https:\/\/autorai.nl\/wp-content\/uploads\/2023\/09\/kia-sportage-dark-edition-2023-foto3-1600x900.jpg\" data-fancybox=\"galery-0\" title=\"\"><br \/>\n\t\t\t\t\t\t\t<img decoding=\"async\" width=\"640\" height=\"480\" src=\"https:\/\/autorai.nl\/wp-content\/uploads\/2023\/09\/kia-sportage-dark-edition-2023-foto3-640x480.jpg\" class=\"attachment-medium size-medium\" alt=\"\" loading=\"lazy\"><i class=\"fa fa-search-plus\" aria-hidden=\"true\"><\/i><br \/>\n\t\t\t\t\t\t<\/span><br \/>\n\t\t\t\t\t<\/figure>\n<figure>\n\t\t\t\t\t<span style=\"cursor: pointer\" data-src=\"https:\/\/autorai.nl\/wp-content\/uploads\/2023\/09\/kia-sportage-dark-edition-2023-foto7-1600x900.jpg\" data-fancybox=\"galery-0\" title=\"\"><br \/>\n\t\t\t\t\t\t\t<img decoding=\"async\" width=\"360\" height=\"270\" src=\"https:\/\/autorai.nl\/wp-content\/uploads\/2023\/09\/kia-sportage-dark-edition-2023-foto7-360x270.jpg\" class=\"attachment-small size-small\" alt=\"\" loading=\"lazy\"><i class=\"fa fa-search-plus\" aria-hidden=\"true\"><\/i><br \/>\n\t\t\t\t\t\t<\/span><br \/>\n\t\t\t\t\t<\/figure>\n<figure>\n\t\t\t\t\t<span style=\"cursor: pointer\" data-src=\"https:\/\/autorai.nl\/wp-content\/uploads\/2023\/09\/kia-sportage-dark-edition-2023-foto6-1600x900.jpg\" data-fancybox=\"galery-0\" title=\"\"><br \/>\n\t\t\t\t\t\t\t<img decoding=\"async\" width=\"360\" height=\"270\" src=\"https:\/\/autorai.nl\/wp-content\/uploads\/2023\/09\/kia-sportage-dark-edition-2023-foto6-360x270.jpg\" class=\"attachment-small size-small\" alt=\"Kia Sportage Dark Edition\" loading=\"lazy\"><i class=\"fa fa-search-plus\" aria-hidden=\"true\"><\/i><br \/>\n\t\t\t\t\t\t<\/span><br \/>\n\t\t\t\t\t<\/figure>\n<figure>\n\t\t\t\t\t<span style=\"cursor: pointer\" data-src=\"https:\/\/autorai.nl\/wp-content\/uploads\/2023\/09\/kia-sportage-dark-edition-2023-foto2-1600x900.jpg\" data-fancybox=\"galery-0\" title=\"\"><br \/>\n\t\t\t\t\t\t\t<img decoding=\"async\" width=\"640\" height=\"480\" src=\"https:\/\/autorai.nl\/wp-content\/uploads\/2023\/09\/kia-sportage-dark-edition-2023-foto2-640x480.jpg\" class=\"attachment-medium size-medium\" alt=\"\" loading=\"lazy\"><i class=\"fa fa-search-plus\" aria-hidden=\"true\"><\/i><br \/>\n\t\t\t\t\t\t<\/span><br \/>\n\t\t\t\t\t<\/figure>\n<figure>\n\t\t\t\t\t<span style=\"cursor: pointer\" data-src=\"https:\/\/autorai.nl\/wp-content\/uploads\/2023\/09\/kia-sportage-dark-edition-2023-foto5-1600x900.jpg\" data-fancybox=\"galery-0\" title=\"\"><br \/>\n\t\t\t\t\t\t\t<img decoding=\"async\" width=\"360\" height=\"270\" src=\"https:\/\/autorai.nl\/wp-content\/uploads\/2023\/09\/kia-sportage-dark-edition-2023-foto5-360x270.jpg\" class=\"attachment-small size-small\" alt=\"\" loading=\"lazy\"><i class=\"fa fa-search-plus\" aria-hidden=\"true\"><\/i><br \/>\n\t\t\t\t\t\t<\/span><br \/>\n\t\t\t\t\t<\/figure>\n<figure>\n\t\t\t\t\t<span style=\"cursor: pointer\" data-src=\"https:\/\/autorai.nl\/wp-content\/uploads\/2023\/09\/kia-sportage-dark-edition-2023-foto4-1600x900.jpg\" data-fancybox=\"galery-0\" title=\"\"><br \/>\n\t\t\t\t\t\t\t<img decoding=\"async\" width=\"360\" height=\"270\" src=\"https:\/\/autorai.nl\/wp-content\/uploads\/2023\/09\/kia-sportage-dark-edition-2023-foto4-360x270.jpg\" class=\"attachment-small size-small\" alt=\"Kia Sportage Dark Edition\" loading=\"lazy\"><i class=\"fa fa-search-plus\" aria-hidden=\"true\"><\/i><br \/>\n\t\t\t\t\t\t<\/span><br \/>\n\t\t\t\t\t<\/figure>\n<div class=\"clear\"><\/div>\n<\/div>\n<h2>Cinq g\u00e9n\u00e9rations de Kia Sportage<\/h2>\n<p>Cette premi\u00e8re g\u00e9n\u00e9ration est consid\u00e9r\u00e9e par beaucoup comme un pionnier dans un segment enti\u00e8rement nouveau. La deuxi\u00e8me g\u00e9n\u00e9ration (\u00e0 partir de 2004) a fait de grands progr\u00e8s en termes de qualit\u00e9 et de s\u00e9curit\u00e9. Il \u00e9tait donc bas\u00e9 sur une plate-forme enti\u00e8rement nouvelle. Kia a vendu plus de deux fois plus d&rsquo;unit\u00e9s de cette deuxi\u00e8me g\u00e9n\u00e9ration que de la pr\u00e9c\u00e9dente. La troisi\u00e8me g\u00e9n\u00e9ration (2010) a de nouveau plac\u00e9 la barre tr\u00e8s haut dans le segment, attirant notamment l&rsquo;attention avec son tout nouveau design et sa calandre en forme de nez de tigre.<\/p>\n<p>La quatri\u00e8me g\u00e9n\u00e9ration du Sportage (2015) a apport\u00e9 un arsenal de nouvelles caract\u00e9ristiques de confort et de s\u00e9curit\u00e9, y compris une foule de syst\u00e8mes d&rsquo;aide \u00e0 la conduite. Depuis l&rsquo;introduction de cette g\u00e9n\u00e9ration, le Sportage est la Kia la plus vendue de toute la gamme. Le cinqui\u00e8me Sportage de la g\u00e9n\u00e9ration actuelle (2021) est disponible avec plusieurs groupes motopropulseurs \u00e9lectrifi\u00e9s, allant de l&rsquo;hybride l\u00e9ger \u00e0 l&rsquo;hybride rechargeable en passant par l&rsquo;hybride.<\/p>\n<figure class=\"wp-block-image size-content\"><img decoding=\"async\" loading=\"lazy\" width=\"1140\" height=\"641\" src=\"https:\/\/autorai.nl\/wp-content\/uploads\/2023\/09\/kia-sportage-dark-edition-2023-foto1-1140x641.jpg\" alt=\"Cinq g\u00e9n\u00e9rations de Kia Sportage\" class=\"wp-image-166452\"><\/figure>\n","protected":false},"excerpt":{"rendered":"Kia Sportage Dark Edition Le Kia Sportage Dark Edition se distingue par un certain nombre de caract\u00e9ristiques exclusives, notamment les\u2026","protected":false},"author":0,"featured_media":138905,"comment_status":"","ping_status":"open","sticky":false,"template":"","format":"standard","meta":{"footnotes":""},"categories":[127],"tags":[],"class_list":["post-138923","post","type-post","status-publish","format-standard","has-post-thumbnail","hentry","category-nouvelles-de-voiture"],"acf":[],"yoast_head":"<!-- This site is optimized with the Yoast SEO plugin v21.2 - https:\/\/yoast.com\/wordpress\/plugins\/seo\/ -->\n<title>Le Kia Sportage Dark Edition c\u00e9l\u00e8bre les 30 ans du Sportage - All cars news<\/title>\n<meta name=\"robots\" content=\"index, follow, max-snippet:-1, max-image-preview:large, max-video-preview:-1\" \/>\n<link rel=\"canonical\" href=\"https:\/\/all-car-news.com\/fr\/le-kia-sportage-dark-edition-celebre-les-30-ans-du-sportage\/\" \/>\n<meta property=\"og:locale\" content=\"fr_FR\" \/>\n<meta property=\"og:type\" content=\"article\" \/>\n<meta property=\"og:title\" content=\"Le Kia Sportage Dark Edition c\u00e9l\u00e8bre les 30 ans du Sportage - All cars news\" \/>\n<meta property=\"og:description\" content=\"Kia Sportage Dark Edition Le Kia Sportage Dark Edition se distingue par un certain nombre de caract\u00e9ristiques exclusives, notamment les lignes de contour en noir brillant autour des vitres lat\u00e9rales et du spoiler. En outre, le mod\u00e8le est dot\u00e9 de nouveaux \u00e9l\u00e9ments d\u00e9coratifs en chrome fonc\u00e9 \u00e0 l&#039;avant, \u00e0 l&#039;arri\u00e8re et sur les c\u00f4t\u00e9s. L&#039;\u00e9dition sp\u00e9ciale roule sur des jantes en alliage peintes en noir brillant.&nbsp;D&#039;autres \u00e9l\u00e9ments notables [...]\" \/>\n<meta property=\"og:url\" content=\"https:\/\/all-car-news.com\/fr\/le-kia-sportage-dark-edition-celebre-les-30-ans-du-sportage\/\" \/>\n<meta property=\"og:site_name\" content=\"All cars news\" \/>\n<meta property=\"article:published_time\" content=\"2023-09-11T08:18:23+00:00\" \/>\n<meta property=\"og:image\" content=\"https:\/\/autorai.nl\/wp-content\/uploads\/2023\/09\/kia-sportage-dark-edition-2023-foto4-1140x641.jpg\" \/>\n<meta name=\"twitter:card\" content=\"summary_large_image\" \/>\n<meta name=\"twitter:label1\" content=\"Dur\u00e9e de lecture estim\u00e9e\" \/>\n\t<meta name=\"twitter:data1\" content=\"3 minutes\" \/>\n<script type=\"application\/ld+json\" class=\"yoast-schema-graph\">{\"@context\":\"https:\/\/schema.org\",\"@graph\":[{\"@type\":\"Article\",\"@id\":\"https:\/\/all-car-news.com\/fr\/le-kia-sportage-dark-edition-celebre-les-30-ans-du-sportage\/#article\",\"isPartOf\":{\"@id\":\"https:\/\/all-car-news.com\/fr\/le-kia-sportage-dark-edition-celebre-les-30-ans-du-sportage\/\"},\"author\":{\"name\":\"\",\"@id\":\"\"},\"headline\":\"Le Kia Sportage Dark Edition c\u00e9l\u00e8bre les 30 ans du Sportage\",\"datePublished\":\"2023-09-11T08:18:23+00:00\",\"dateModified\":\"2023-09-11T08:18:23+00:00\",\"mainEntityOfPage\":{\"@id\":\"https:\/\/all-car-news.com\/fr\/le-kia-sportage-dark-edition-celebre-les-30-ans-du-sportage\/\"},\"wordCount\":563,\"publisher\":{\"@id\":\"https:\/\/all-car-news.com\/fr\/#organization\"},\"articleSection\":[\"nouvelles de voiture\"],\"inLanguage\":\"fr-FR\"},{\"@type\":\"WebPage\",\"@id\":\"https:\/\/all-car-news.com\/fr\/le-kia-sportage-dark-edition-celebre-les-30-ans-du-sportage\/\",\"url\":\"https:\/\/all-car-news.com\/fr\/le-kia-sportage-dark-edition-celebre-les-30-ans-du-sportage\/\",\"name\":\"Le Kia Sportage Dark Edition c\u00e9l\u00e8bre les 30 ans du Sportage - All cars news\",\"isPartOf\":{\"@id\":\"https:\/\/all-car-news.com\/fr\/#website\"},\"datePublished\":\"2023-09-11T08:18:23+00:00\",\"dateModified\":\"2023-09-11T08:18:23+00:00\",\"breadcrumb\":{\"@id\":\"https:\/\/all-car-news.com\/fr\/le-kia-sportage-dark-edition-celebre-les-30-ans-du-sportage\/#breadcrumb\"},\"inLanguage\":\"fr-FR\",\"potentialAction\":[{\"@type\":\"ReadAction\",\"target\":[\"https:\/\/all-car-news.com\/fr\/le-kia-sportage-dark-edition-celebre-les-30-ans-du-sportage\/\"]}]},{\"@type\":\"BreadcrumbList\",\"@id\":\"https:\/\/all-car-news.com\/fr\/le-kia-sportage-dark-edition-celebre-les-30-ans-du-sportage\/#breadcrumb\",\"itemListElement\":[{\"@type\":\"ListItem\",\"position\":1,\"name\":\"Home\",\"item\":\"https:\/\/all-car-news.com\/fr\/\"},{\"@type\":\"ListItem\",\"position\":2,\"name\":\"Le Kia Sportage Dark Edition c\u00e9l\u00e8bre les 30 ans du Sportage\"}]},{\"@type\":\"WebSite\",\"@id\":\"https:\/\/all-car-news.com\/fr\/#website\",\"url\":\"https:\/\/all-car-news.com\/fr\/\",\"name\":\"All cars news\",\"description\":\"\",\"publisher\":{\"@id\":\"https:\/\/all-car-news.com\/fr\/#organization\"},\"potentialAction\":[{\"@type\":\"SearchAction\",\"target\":{\"@type\":\"EntryPoint\",\"urlTemplate\":\"https:\/\/all-car-news.com\/fr\/?s={search_term_string}\"},\"query-input\":\"required name=search_term_string\"}],\"inLanguage\":\"fr-FR\"},{\"@type\":\"Organization\",\"@id\":\"https:\/\/all-car-news.com\/fr\/#organization\",\"name\":\"All cars news\",\"url\":\"https:\/\/all-car-news.com\/fr\/\",\"logo\":{\"@type\":\"ImageObject\",\"inLanguage\":\"fr-FR\",\"@id\":\"https:\/\/all-car-news.com\/fr\/#\/schema\/logo\/image\/\",\"url\":\"https:\/\/all-car-news.com\/wp-content\/uploads\/2022\/02\/CMYK-AllCarNews_LANDSCAPE_300px-1.png\",\"contentUrl\":\"https:\/\/all-car-news.com\/wp-content\/uploads\/2022\/02\/CMYK-AllCarNews_LANDSCAPE_300px-1.png\",\"width\":300,\"height\":100,\"caption\":\"All cars news\"},\"image\":{\"@id\":\"https:\/\/all-car-news.com\/fr\/#\/schema\/logo\/image\/\"}}]}<\/script>\n<!-- \/ Yoast SEO plugin. -->","yoast_head_json":{"title":"Le Kia Sportage Dark Edition c\u00e9l\u00e8bre les 30 ans du Sportage - All cars news","robots":{"index":"index","follow":"follow","max-snippet":"max-snippet:-1","max-image-preview":"max-image-preview:large","max-video-preview":"max-video-preview:-1"},"canonical":"https:\/\/all-car-news.com\/fr\/le-kia-sportage-dark-edition-celebre-les-30-ans-du-sportage\/","og_locale":"fr_FR","og_type":"article","og_title":"Le Kia Sportage Dark Edition c\u00e9l\u00e8bre les 30 ans du Sportage - All cars news","og_description":"Kia Sportage Dark Edition Le Kia Sportage Dark Edition se distingue par un certain nombre de caract\u00e9ristiques exclusives, notamment les lignes de contour en noir brillant autour des vitres lat\u00e9rales et du spoiler. En outre, le mod\u00e8le est dot\u00e9 de nouveaux \u00e9l\u00e9ments d\u00e9coratifs en chrome fonc\u00e9 \u00e0 l'avant, \u00e0 l'arri\u00e8re et sur les c\u00f4t\u00e9s. L'\u00e9dition sp\u00e9ciale roule sur des jantes en alliage peintes en noir brillant.&nbsp;D'autres \u00e9l\u00e9ments notables [...]","og_url":"https:\/\/all-car-news.com\/fr\/le-kia-sportage-dark-edition-celebre-les-30-ans-du-sportage\/","og_site_name":"All cars news","article_published_time":"2023-09-11T08:18:23+00:00","og_image":[{"url":"https:\/\/autorai.nl\/wp-content\/uploads\/2023\/09\/kia-sportage-dark-edition-2023-foto4-1140x641.jpg"}],"twitter_card":"summary_large_image","twitter_misc":{"Dur\u00e9e de lecture estim\u00e9e":"3 minutes"},"schema":{"@context":"https:\/\/schema.org","@graph":[{"@type":"Article","@id":"https:\/\/all-car-news.com\/fr\/le-kia-sportage-dark-edition-celebre-les-30-ans-du-sportage\/#article","isPartOf":{"@id":"https:\/\/all-car-news.com\/fr\/le-kia-sportage-dark-edition-celebre-les-30-ans-du-sportage\/"},"author":{"name":"","@id":""},"headline":"Le Kia Sportage Dark Edition c\u00e9l\u00e8bre les 30 ans du Sportage","datePublished":"2023-09-11T08:18:23+00:00","dateModified":"2023-09-11T08:18:23+00:00","mainEntityOfPage":{"@id":"https:\/\/all-car-news.com\/fr\/le-kia-sportage-dark-edition-celebre-les-30-ans-du-sportage\/"},"wordCount":563,"publisher":{"@id":"https:\/\/all-car-news.com\/fr\/#organization"},"articleSection":["nouvelles de voiture"],"inLanguage":"fr-FR"},{"@type":"WebPage","@id":"https:\/\/all-car-news.com\/fr\/le-kia-sportage-dark-edition-celebre-les-30-ans-du-sportage\/","url":"https:\/\/all-car-news.com\/fr\/le-kia-sportage-dark-edition-celebre-les-30-ans-du-sportage\/","name":"Le Kia Sportage Dark Edition c\u00e9l\u00e8bre les 30 ans du Sportage - All cars news","isPartOf":{"@id":"https:\/\/all-car-news.com\/fr\/#website"},"datePublished":"2023-09-11T08:18:23+00:00","dateModified":"2023-09-11T08:18:23+00:00","breadcrumb":{"@id":"https:\/\/all-car-news.com\/fr\/le-kia-sportage-dark-edition-celebre-les-30-ans-du-sportage\/#breadcrumb"},"inLanguage":"fr-FR","potentialAction":[{"@type":"ReadAction","target":["https:\/\/all-car-news.com\/fr\/le-kia-sportage-dark-edition-celebre-les-30-ans-du-sportage\/"]}]},{"@type":"BreadcrumbList","@id":"https:\/\/all-car-news.com\/fr\/le-kia-sportage-dark-edition-celebre-les-30-ans-du-sportage\/#breadcrumb","itemListElement":[{"@type":"ListItem","position":1,"name":"Home","item":"https:\/\/all-car-news.com\/fr\/"},{"@type":"ListItem","position":2,"name":"Le Kia Sportage Dark Edition c\u00e9l\u00e8bre les 30 ans du Sportage"}]},{"@type":"WebSite","@id":"https:\/\/all-car-news.com\/fr\/#website","url":"https:\/\/all-car-news.com\/fr\/","name":"All cars news","description":"","publisher":{"@id":"https:\/\/all-car-news.com\/fr\/#organization"},"potentialAction":[{"@type":"SearchAction","target":{"@type":"EntryPoint","urlTemplate":"https:\/\/all-car-news.com\/fr\/?s={search_term_string}"},"query-input":"required name=search_term_string"}],"inLanguage":"fr-FR"},{"@type":"Organization","@id":"https:\/\/all-car-news.com\/fr\/#organization","name":"All cars news","url":"https:\/\/all-car-news.com\/fr\/","logo":{"@type":"ImageObject","inLanguage":"fr-FR","@id":"https:\/\/all-car-news.com\/fr\/#\/schema\/logo\/image\/","url":"https:\/\/all-car-news.com\/wp-content\/uploads\/2022\/02\/CMYK-AllCarNews_LANDSCAPE_300px-1.png","contentUrl":"https:\/\/all-car-news.com\/wp-content\/uploads\/2022\/02\/CMYK-AllCarNews_LANDSCAPE_300px-1.png","width":300,"height":100,"caption":"All cars news"},"image":{"@id":"https:\/\/all-car-news.com\/fr\/#\/schema\/logo\/image\/"}}]}},"_links":{"self":[{"href":"https:\/\/all-car-news.com\/fr\/wp-json\/wp\/v2\/posts\/138923","targetHints":{"allow":["GET"]}}],"collection":[{"href":"https:\/\/all-car-news.com\/fr\/wp-json\/wp\/v2\/posts"}],"about":[{"href":"https:\/\/all-car-news.com\/fr\/wp-json\/wp\/v2\/types\/post"}],"replies":[{"embeddable":true,"href":"https:\/\/all-car-news.com\/fr\/wp-json\/wp\/v2\/comments?post=138923"}],"version-history":[{"count":0,"href":"https:\/\/all-car-news.com\/fr\/wp-json\/wp\/v2\/posts\/138923\/revisions"}],"wp:featuredmedia":[{"embeddable":true,"href":"https:\/\/all-car-news.com\/fr\/wp-json\/wp\/v2\/media\/138905"}],"wp:attachment":[{"href":"https:\/\/all-car-news.com\/fr\/wp-json\/wp\/v2\/media?parent=138923"}],"wp:term":[{"taxonomy":"category","embeddable":true,"href":"https:\/\/all-car-news.com\/fr\/wp-json\/wp\/v2\/categories?post=138923"},{"taxonomy":"post_tag","embeddable":true,"href":"https:\/\/all-car-news.com\/fr\/wp-json\/wp\/v2\/tags?post=138923"}],"curies":[{"name":"wp","href":"https:\/\/api.w.org\/{rel}","templated":true}]}}