{"id":138922,"date":"2023-09-11T07:52:52","date_gmt":"2023-09-11T07:52:52","guid":{"rendered":"https:\/\/all-car-news.com\/volkswagen-id-x-performance-sappuie-sur-le-nouvel-id-7\/"},"modified":"2023-09-11T07:52:52","modified_gmt":"2023-09-11T07:52:52","slug":"volkswagen-id-x-performance-sappuie-sur-le-nouvel-id-7","status":"publish","type":"post","link":"https:\/\/all-car-news.com\/fr\/volkswagen-id-x-performance-sappuie-sur-le-nouvel-id-7\/","title":{"rendered":"Volkswagen ID.X Performance s&rsquo;appuie sur le nouvel ID.7"},"content":{"rendered":"<h2>L&rsquo;aspect gras, cette Volkswagen ID.X Performance<\/h2>\n<p>La Volkswagen ID.X Performance est dot\u00e9e d&rsquo;un splitter avant et d&rsquo;un diffuseur arri\u00e8re en fibre de carbone. Les ing\u00e9nieurs ont augment\u00e9 la voie des roues de 80 millim\u00e8tres et abaiss\u00e9 de 60 millim\u00e8tres la suspension sportive comprenant des ressorts rigides sp\u00e9cifiques. Associ\u00e9e au nouveau groupe motopropulseur, cette combinaison permet d&rsquo;obtenir des performances sportives suppl\u00e9mentaires et une maniabilit\u00e9 encore plus agile.<\/p>\n<h2><strong>Roues massives<\/strong><\/h2>\n<p>L&rsquo;ID.X Performance est mont\u00e9 sur des jantes sportives de 20 pouces avec un \u00e9crou de roue central et des pneus de course dans la taille 265. \u00c0 l&rsquo;arri\u00e8re, un aileron en fibre de carbone apporte une force d&rsquo;appui suppl\u00e9mentaire. Les feux arri\u00e8re teint\u00e9s soulignent l&rsquo;allure sportive de la limousine \u00e9lectrique haute performance. \u00c0 l&rsquo;int\u00e9rieur, les occupants prennent place dans des si\u00e8ges baquets en fibre de carbone. Les accents rouges soulignent le caract\u00e8re sportif du v\u00e9hicule.<\/p>\n<figure class=\"wp-block-image size-content\"><img decoding=\"async\" loading=\"lazy\" width=\"1140\" height=\"641\" src=\"https:\/\/autorai.nl\/wp-content\/uploads\/2023\/09\/Volkswagen-ID.X-Performance-2023-foto1-1140x641.jpg\" alt=\"Volkswagen ID.X Performance\" class=\"wp-image-166442\"><\/figure>\n<h2>Groupe motopropulseur<\/h2>\n<p>Dans le prototype Volkswagen ID.X Performance, Volkswagen a compl\u00e9t\u00e9 le moteur synchrone permanent sur l&rsquo;essieu arri\u00e8re par un moteur asynchrone suppl\u00e9mentaire sur l&rsquo;essieu avant afin d&rsquo;obtenir une transmission int\u00e9grale. Ce moteur est donc parfaitement adapt\u00e9 \u00e0 la fourniture de br\u00e8ves pouss\u00e9es de puissance sous la forme d&rsquo;une fonction de suralimentation. Le couple d&rsquo;entra\u00eenement est contr\u00f4l\u00e9 par un gestionnaire de dynamique du v\u00e9hicule, qui contr\u00f4le \u00e9galement le fonctionnement du diff\u00e9rentiel \u00e0 glissement limit\u00e9 sur l&rsquo;essieu arri\u00e8re. Cette fonction est command\u00e9e par un \u00e9cran s\u00e9par\u00e9 de 17 pouces situ\u00e9 sur la console centrale. L&rsquo;\u00e9nergie n\u00e9cessaire au groupe motopropulseur \u00e0 deux moteurs est fournie par un bloc-batterie d&rsquo;une puissance continue \u00e9lev\u00e9e et d&rsquo;un temps de charge court, pouvant atteindre 200 kW. Le groupe motopropulseur \u00e0 transmission int\u00e9grale a une puissance de 441 kW (558 ch).  <\/p>\n<div class=\"galery shuffle galery-0\">\n<figure>\n\t\t\t\t\t<span style=\"cursor: pointer\" data-src=\"https:\/\/autorai.nl\/wp-content\/uploads\/2023\/09\/Volkswagen-ID.X-Performance-2023-foto4-1600x1067.jpg\" data-fancybox=\"galery-0\" title=\"\"><br \/>\n\t\t\t\t\t\t\t<img decoding=\"async\" width=\"640\" height=\"480\" src=\"https:\/\/autorai.nl\/wp-content\/uploads\/2023\/09\/Volkswagen-ID.X-Performance-2023-foto4-640x480.jpg\" class=\"attachment-medium size-medium\" alt=\"\" loading=\"lazy\"><i class=\"fa fa-search-plus\" aria-hidden=\"true\"><\/i><br \/>\n\t\t\t\t\t\t<\/span><br \/>\n\t\t\t\t\t<\/figure>\n<figure>\n\t\t\t\t\t<span style=\"cursor: pointer\" data-src=\"https:\/\/autorai.nl\/wp-content\/uploads\/2023\/09\/Volkswagen-ID.X-Performance-2023-foto3-1600x1067.jpg\" data-fancybox=\"galery-0\" title=\"\"><br \/>\n\t\t\t\t\t\t\t<img decoding=\"async\" width=\"360\" height=\"270\" src=\"https:\/\/autorai.nl\/wp-content\/uploads\/2023\/09\/Volkswagen-ID.X-Performance-2023-foto3-360x270.jpg\" class=\"attachment-small size-small\" alt=\"\" loading=\"lazy\"><i class=\"fa fa-search-plus\" aria-hidden=\"true\"><\/i><br \/>\n\t\t\t\t\t\t<\/span><br \/>\n\t\t\t\t\t<\/figure>\n<figure>\n\t\t\t\t\t<span style=\"cursor: pointer\" data-src=\"https:\/\/autorai.nl\/wp-content\/uploads\/2023\/09\/Volkswagen-ID.X-Performance-2023-foto7-1600x1067.jpg\" data-fancybox=\"galery-0\" title=\"\"><br \/>\n\t\t\t\t\t\t\t<img decoding=\"async\" width=\"360\" height=\"270\" src=\"https:\/\/autorai.nl\/wp-content\/uploads\/2023\/09\/Volkswagen-ID.X-Performance-2023-foto7-360x270.jpg\" class=\"attachment-small size-small\" alt=\"Volkswagen ID.X Performance\" loading=\"lazy\"><i class=\"fa fa-search-plus\" aria-hidden=\"true\"><\/i><br \/>\n\t\t\t\t\t\t<\/span><br \/>\n\t\t\t\t\t<\/figure>\n<figure>\n\t\t\t\t\t<span style=\"cursor: pointer\" data-src=\"https:\/\/autorai.nl\/wp-content\/uploads\/2023\/09\/Volkswagen-ID.X-Performance-2023-foto6-1600x1068.jpg\" data-fancybox=\"galery-0\" title=\"\"><br \/>\n\t\t\t\t\t\t\t<img decoding=\"async\" width=\"640\" height=\"480\" src=\"https:\/\/autorai.nl\/wp-content\/uploads\/2023\/09\/Volkswagen-ID.X-Performance-2023-foto6-640x480.jpg\" class=\"attachment-medium size-medium\" alt=\"\" loading=\"lazy\"><i class=\"fa fa-search-plus\" aria-hidden=\"true\"><\/i><br \/>\n\t\t\t\t\t\t<\/span><br \/>\n\t\t\t\t\t<\/figure>\n<figure>\n\t\t\t\t\t<span style=\"cursor: pointer\" data-src=\"https:\/\/autorai.nl\/wp-content\/uploads\/2023\/09\/Volkswagen-ID.X-Performance-2023-foto5-1600x1067.jpg\" data-fancybox=\"galery-0\" title=\"\"><br \/>\n\t\t\t\t\t\t\t<img decoding=\"async\" width=\"360\" height=\"270\" src=\"https:\/\/autorai.nl\/wp-content\/uploads\/2023\/09\/Volkswagen-ID.X-Performance-2023-foto5-360x270.jpg\" class=\"attachment-small size-small\" alt=\"\" loading=\"lazy\"><i class=\"fa fa-search-plus\" aria-hidden=\"true\"><\/i><br \/>\n\t\t\t\t\t\t<\/span><br \/>\n\t\t\t\t\t<\/figure>\n<figure>\n\t\t\t\t\t<span style=\"cursor: pointer\" data-src=\"https:\/\/autorai.nl\/wp-content\/uploads\/2023\/09\/Volkswagen-ID.X-Performance-2023-foto2-1600x1067.jpg\" data-fancybox=\"galery-0\" title=\"\"><br \/>\n\t\t\t\t\t\t\t<img decoding=\"async\" width=\"360\" height=\"270\" src=\"https:\/\/autorai.nl\/wp-content\/uploads\/2023\/09\/Volkswagen-ID.X-Performance-2023-foto2-360x270.jpg\" class=\"attachment-small size-small\" alt=\"\" loading=\"lazy\"><i class=\"fa fa-search-plus\" aria-hidden=\"true\"><\/i><br \/>\n\t\t\t\t\t\t<\/span><br \/>\n\t\t\t\t\t<\/figure>\n<div class=\"clear\"><\/div>\n<\/div>\n","protected":false},"excerpt":{"rendered":"La Volkswagen ID.X Performance est dot\u00e9e d'un splitter avant et d'un diffuseur arri\u00e8re en fibre de carbone. Les ing\u00e9nieurs ont\u2026","protected":false},"author":0,"featured_media":138911,"comment_status":"","ping_status":"open","sticky":false,"template":"","format":"standard","meta":{"footnotes":""},"categories":[127],"tags":[],"class_list":["post-138922","post","type-post","status-publish","format-standard","has-post-thumbnail","hentry","category-nouvelles-de-voiture"],"acf":[],"yoast_head":"<!-- This site is optimized with the Yoast SEO plugin v21.2 - https:\/\/yoast.com\/wordpress\/plugins\/seo\/ -->\n<title>Volkswagen ID.X Performance s&#039;appuie sur le nouvel ID.7 - All cars news<\/title>\n<meta name=\"robots\" content=\"index, follow, max-snippet:-1, max-image-preview:large, max-video-preview:-1\" \/>\n<link rel=\"canonical\" href=\"https:\/\/all-car-news.com\/fr\/volkswagen-id-x-performance-sappuie-sur-le-nouvel-id-7\/\" \/>\n<meta property=\"og:locale\" content=\"fr_FR\" \/>\n<meta property=\"og:type\" content=\"article\" \/>\n<meta property=\"og:title\" content=\"Volkswagen ID.X Performance s&#039;appuie sur le nouvel ID.7 - All cars news\" \/>\n<meta property=\"og:description\" content=\"La Volkswagen ID.X Performance est dot\u00e9e d&#039;un splitter avant et d&#039;un diffuseur arri\u00e8re en fibre de carbone. Les ing\u00e9nieurs ont augment\u00e9 la voie des roues de 80 millim\u00e8tres et abaiss\u00e9 de 60 millim\u00e8tres la suspension sportive comprenant des ressorts rigides sp\u00e9cifiques. Associ\u00e9e au nouveau groupe motopropulseur, cette combinaison permet d&#039;obtenir des performances sportives suppl\u00e9mentaires et une maniabilit\u00e9 encore plus agile. \u2020\" \/>\n<meta property=\"og:url\" content=\"https:\/\/all-car-news.com\/fr\/volkswagen-id-x-performance-sappuie-sur-le-nouvel-id-7\/\" \/>\n<meta property=\"og:site_name\" content=\"All cars news\" \/>\n<meta property=\"article:published_time\" content=\"2023-09-11T07:52:52+00:00\" \/>\n<meta property=\"og:image\" content=\"https:\/\/autorai.nl\/wp-content\/uploads\/2023\/09\/Volkswagen-ID.X-Performance-2023-foto1-1140x641.jpg\" \/>\n<meta name=\"twitter:card\" content=\"summary_large_image\" \/>\n<meta name=\"twitter:label1\" content=\"Dur\u00e9e de lecture estim\u00e9e\" \/>\n\t<meta name=\"twitter:data1\" content=\"2 minutes\" \/>\n<script type=\"application\/ld+json\" class=\"yoast-schema-graph\">{\"@context\":\"https:\/\/schema.org\",\"@graph\":[{\"@type\":\"Article\",\"@id\":\"https:\/\/all-car-news.com\/fr\/volkswagen-id-x-performance-sappuie-sur-le-nouvel-id-7\/#article\",\"isPartOf\":{\"@id\":\"https:\/\/all-car-news.com\/fr\/volkswagen-id-x-performance-sappuie-sur-le-nouvel-id-7\/\"},\"author\":{\"name\":\"\",\"@id\":\"\"},\"headline\":\"Volkswagen ID.X Performance s&rsquo;appuie sur le nouvel ID.7\",\"datePublished\":\"2023-09-11T07:52:52+00:00\",\"dateModified\":\"2023-09-11T07:52:52+00:00\",\"mainEntityOfPage\":{\"@id\":\"https:\/\/all-car-news.com\/fr\/volkswagen-id-x-performance-sappuie-sur-le-nouvel-id-7\/\"},\"wordCount\":310,\"publisher\":{\"@id\":\"https:\/\/all-car-news.com\/fr\/#organization\"},\"articleSection\":[\"nouvelles de voiture\"],\"inLanguage\":\"fr-FR\"},{\"@type\":\"WebPage\",\"@id\":\"https:\/\/all-car-news.com\/fr\/volkswagen-id-x-performance-sappuie-sur-le-nouvel-id-7\/\",\"url\":\"https:\/\/all-car-news.com\/fr\/volkswagen-id-x-performance-sappuie-sur-le-nouvel-id-7\/\",\"name\":\"Volkswagen ID.X Performance s'appuie sur le nouvel ID.7 - All cars news\",\"isPartOf\":{\"@id\":\"https:\/\/all-car-news.com\/fr\/#website\"},\"datePublished\":\"2023-09-11T07:52:52+00:00\",\"dateModified\":\"2023-09-11T07:52:52+00:00\",\"breadcrumb\":{\"@id\":\"https:\/\/all-car-news.com\/fr\/volkswagen-id-x-performance-sappuie-sur-le-nouvel-id-7\/#breadcrumb\"},\"inLanguage\":\"fr-FR\",\"potentialAction\":[{\"@type\":\"ReadAction\",\"target\":[\"https:\/\/all-car-news.com\/fr\/volkswagen-id-x-performance-sappuie-sur-le-nouvel-id-7\/\"]}]},{\"@type\":\"BreadcrumbList\",\"@id\":\"https:\/\/all-car-news.com\/fr\/volkswagen-id-x-performance-sappuie-sur-le-nouvel-id-7\/#breadcrumb\",\"itemListElement\":[{\"@type\":\"ListItem\",\"position\":1,\"name\":\"Home\",\"item\":\"https:\/\/all-car-news.com\/fr\/\"},{\"@type\":\"ListItem\",\"position\":2,\"name\":\"Volkswagen ID.X Performance s&rsquo;appuie sur le nouvel ID.7\"}]},{\"@type\":\"WebSite\",\"@id\":\"https:\/\/all-car-news.com\/fr\/#website\",\"url\":\"https:\/\/all-car-news.com\/fr\/\",\"name\":\"All cars news\",\"description\":\"\",\"publisher\":{\"@id\":\"https:\/\/all-car-news.com\/fr\/#organization\"},\"potentialAction\":[{\"@type\":\"SearchAction\",\"target\":{\"@type\":\"EntryPoint\",\"urlTemplate\":\"https:\/\/all-car-news.com\/fr\/?s={search_term_string}\"},\"query-input\":\"required name=search_term_string\"}],\"inLanguage\":\"fr-FR\"},{\"@type\":\"Organization\",\"@id\":\"https:\/\/all-car-news.com\/fr\/#organization\",\"name\":\"All cars news\",\"url\":\"https:\/\/all-car-news.com\/fr\/\",\"logo\":{\"@type\":\"ImageObject\",\"inLanguage\":\"fr-FR\",\"@id\":\"https:\/\/all-car-news.com\/fr\/#\/schema\/logo\/image\/\",\"url\":\"https:\/\/all-car-news.com\/wp-content\/uploads\/2022\/02\/CMYK-AllCarNews_LANDSCAPE_300px-1.png\",\"contentUrl\":\"https:\/\/all-car-news.com\/wp-content\/uploads\/2022\/02\/CMYK-AllCarNews_LANDSCAPE_300px-1.png\",\"width\":300,\"height\":100,\"caption\":\"All cars news\"},\"image\":{\"@id\":\"https:\/\/all-car-news.com\/fr\/#\/schema\/logo\/image\/\"}}]}<\/script>\n<!-- \/ Yoast SEO plugin. -->","yoast_head_json":{"title":"Volkswagen ID.X Performance s'appuie sur le nouvel ID.7 - All cars news","robots":{"index":"index","follow":"follow","max-snippet":"max-snippet:-1","max-image-preview":"max-image-preview:large","max-video-preview":"max-video-preview:-1"},"canonical":"https:\/\/all-car-news.com\/fr\/volkswagen-id-x-performance-sappuie-sur-le-nouvel-id-7\/","og_locale":"fr_FR","og_type":"article","og_title":"Volkswagen ID.X Performance s'appuie sur le nouvel ID.7 - All cars news","og_description":"La Volkswagen ID.X Performance est dot\u00e9e d'un splitter avant et d'un diffuseur arri\u00e8re en fibre de carbone. Les ing\u00e9nieurs ont augment\u00e9 la voie des roues de 80 millim\u00e8tres et abaiss\u00e9 de 60 millim\u00e8tres la suspension sportive comprenant des ressorts rigides sp\u00e9cifiques. Associ\u00e9e au nouveau groupe motopropulseur, cette combinaison permet d'obtenir des performances sportives suppl\u00e9mentaires et une maniabilit\u00e9 encore plus agile. \u2020","og_url":"https:\/\/all-car-news.com\/fr\/volkswagen-id-x-performance-sappuie-sur-le-nouvel-id-7\/","og_site_name":"All cars news","article_published_time":"2023-09-11T07:52:52+00:00","og_image":[{"url":"https:\/\/autorai.nl\/wp-content\/uploads\/2023\/09\/Volkswagen-ID.X-Performance-2023-foto1-1140x641.jpg"}],"twitter_card":"summary_large_image","twitter_misc":{"Dur\u00e9e de lecture estim\u00e9e":"2 minutes"},"schema":{"@context":"https:\/\/schema.org","@graph":[{"@type":"Article","@id":"https:\/\/all-car-news.com\/fr\/volkswagen-id-x-performance-sappuie-sur-le-nouvel-id-7\/#article","isPartOf":{"@id":"https:\/\/all-car-news.com\/fr\/volkswagen-id-x-performance-sappuie-sur-le-nouvel-id-7\/"},"author":{"name":"","@id":""},"headline":"Volkswagen ID.X Performance s&rsquo;appuie sur le nouvel ID.7","datePublished":"2023-09-11T07:52:52+00:00","dateModified":"2023-09-11T07:52:52+00:00","mainEntityOfPage":{"@id":"https:\/\/all-car-news.com\/fr\/volkswagen-id-x-performance-sappuie-sur-le-nouvel-id-7\/"},"wordCount":310,"publisher":{"@id":"https:\/\/all-car-news.com\/fr\/#organization"},"articleSection":["nouvelles de voiture"],"inLanguage":"fr-FR"},{"@type":"WebPage","@id":"https:\/\/all-car-news.com\/fr\/volkswagen-id-x-performance-sappuie-sur-le-nouvel-id-7\/","url":"https:\/\/all-car-news.com\/fr\/volkswagen-id-x-performance-sappuie-sur-le-nouvel-id-7\/","name":"Volkswagen ID.X Performance s'appuie sur le nouvel ID.7 - All cars news","isPartOf":{"@id":"https:\/\/all-car-news.com\/fr\/#website"},"datePublished":"2023-09-11T07:52:52+00:00","dateModified":"2023-09-11T07:52:52+00:00","breadcrumb":{"@id":"https:\/\/all-car-news.com\/fr\/volkswagen-id-x-performance-sappuie-sur-le-nouvel-id-7\/#breadcrumb"},"inLanguage":"fr-FR","potentialAction":[{"@type":"ReadAction","target":["https:\/\/all-car-news.com\/fr\/volkswagen-id-x-performance-sappuie-sur-le-nouvel-id-7\/"]}]},{"@type":"BreadcrumbList","@id":"https:\/\/all-car-news.com\/fr\/volkswagen-id-x-performance-sappuie-sur-le-nouvel-id-7\/#breadcrumb","itemListElement":[{"@type":"ListItem","position":1,"name":"Home","item":"https:\/\/all-car-news.com\/fr\/"},{"@type":"ListItem","position":2,"name":"Volkswagen ID.X Performance s&rsquo;appuie sur le nouvel ID.7"}]},{"@type":"WebSite","@id":"https:\/\/all-car-news.com\/fr\/#website","url":"https:\/\/all-car-news.com\/fr\/","name":"All cars news","description":"","publisher":{"@id":"https:\/\/all-car-news.com\/fr\/#organization"},"potentialAction":[{"@type":"SearchAction","target":{"@type":"EntryPoint","urlTemplate":"https:\/\/all-car-news.com\/fr\/?s={search_term_string}"},"query-input":"required name=search_term_string"}],"inLanguage":"fr-FR"},{"@type":"Organization","@id":"https:\/\/all-car-news.com\/fr\/#organization","name":"All cars news","url":"https:\/\/all-car-news.com\/fr\/","logo":{"@type":"ImageObject","inLanguage":"fr-FR","@id":"https:\/\/all-car-news.com\/fr\/#\/schema\/logo\/image\/","url":"https:\/\/all-car-news.com\/wp-content\/uploads\/2022\/02\/CMYK-AllCarNews_LANDSCAPE_300px-1.png","contentUrl":"https:\/\/all-car-news.com\/wp-content\/uploads\/2022\/02\/CMYK-AllCarNews_LANDSCAPE_300px-1.png","width":300,"height":100,"caption":"All cars news"},"image":{"@id":"https:\/\/all-car-news.com\/fr\/#\/schema\/logo\/image\/"}}]}},"_links":{"self":[{"href":"https:\/\/all-car-news.com\/fr\/wp-json\/wp\/v2\/posts\/138922","targetHints":{"allow":["GET"]}}],"collection":[{"href":"https:\/\/all-car-news.com\/fr\/wp-json\/wp\/v2\/posts"}],"about":[{"href":"https:\/\/all-car-news.com\/fr\/wp-json\/wp\/v2\/types\/post"}],"replies":[{"embeddable":true,"href":"https:\/\/all-car-news.com\/fr\/wp-json\/wp\/v2\/comments?post=138922"}],"version-history":[{"count":0,"href":"https:\/\/all-car-news.com\/fr\/wp-json\/wp\/v2\/posts\/138922\/revisions"}],"wp:featuredmedia":[{"embeddable":true,"href":"https:\/\/all-car-news.com\/fr\/wp-json\/wp\/v2\/media\/138911"}],"wp:attachment":[{"href":"https:\/\/all-car-news.com\/fr\/wp-json\/wp\/v2\/media?parent=138922"}],"wp:term":[{"taxonomy":"category","embeddable":true,"href":"https:\/\/all-car-news.com\/fr\/wp-json\/wp\/v2\/categories?post=138922"},{"taxonomy":"post_tag","embeddable":true,"href":"https:\/\/all-car-news.com\/fr\/wp-json\/wp\/v2\/tags?post=138922"}],"curies":[{"name":"wp","href":"https:\/\/api.w.org\/{rel}","templated":true}]}}