{"id":138803,"date":"2023-09-06T14:22:45","date_gmt":"2023-09-06T14:22:45","guid":{"rendered":"https:\/\/all-car-news.com\/mise-a-jour-complete-pour-laudi-q8-y-compris-laudi-sq8\/"},"modified":"2023-09-06T14:22:45","modified_gmt":"2023-09-06T14:22:45","slug":"mise-a-jour-complete-pour-laudi-q8-y-compris-laudi-sq8","status":"publish","type":"post","link":"https:\/\/all-car-news.com\/fr\/mise-a-jour-complete-pour-laudi-q8-y-compris-laudi-sq8\/","title":{"rendered":"Mise \u00e0 jour compl\u00e8te pour l&rsquo;Audi Q8, y compris l&rsquo;Audi SQ8 !"},"content":{"rendered":"<h2>Nouvelle calandre<\/h2>\n<p>Les changements les plus frappants dans le design du Q8 mis \u00e0 jour sont la calandre r\u00e9vis\u00e9e avec structure en nid d&rsquo;abeille et les diffuseurs avant et arri\u00e8re en couleur contrast\u00e9e de s\u00e9rie. Le pack ext\u00e9rieur S line, disponible en option, propose une calandre \u00e0 structure en nid d&rsquo;abeille. En outre, l&rsquo;Audi Q8 rafra\u00eechie est reconnaissable \u00e0 la signature lumineuse actualis\u00e9e des phares et des feux arri\u00e8re, qui sont disponibles en option avec la technologie OLED et sont m\u00eame personnalisables sur certains niveaux de finition.<\/p>\n<figure class=\"wp-block-image size-content\"><img decoding=\"async\" loading=\"lazy\" width=\"1140\" height=\"730\" src=\"https:\/\/autorai.nl\/wp-content\/uploads\/2023\/09\/audiq88-1140x730.jpg\" alt=\"Audi Q8\" class=\"wp-image-166171\"><figcaption>Photo statique,<br \/>\nCouleur : Sakhir or m\u00e9tallis\u00e9<\/figcaption><\/figure>\n<h2>Voici comment reconna\u00eetre un \u00e9clairage LED matriciel HD<\/h2>\n<p>La route devant le Q8 est \u00e9clair\u00e9e par des phares \u00e0 LED haute intensit\u00e9 de s\u00e9rie. Des phares \u00e0 LED matriciels sont disponibles en option. Les phares HD Matrix LED avec technologie laser, \u00e9galement disponibles en option, se composent de 24 LED individuelles et sont imm\u00e9diatement reconnaissables gr\u00e2ce \u00e0 une lumi\u00e8re d&rsquo;ambiance bleue incorpor\u00e9e dans les phares. La lumi\u00e8re laser devient active \u00e0 partir de 70 km\/h et augmente consid\u00e9rablement la port\u00e9e de la lumi\u00e8re. Les feux de jour num\u00e9riques sont \u00e9galement nouveaux. L&rsquo;utilisateur peut s\u00e9lectionner quatre signaux lumineux via l&rsquo;IHM.  <\/p>\n<h2>L&rsquo;Audi SQ8 est \u00e9quip\u00e9e d&rsquo;un moteur essence V8 TFSI  <\/h2>\n<p>L&rsquo;Audi SQ8 TFSI redessin\u00e9e se distingue par son nouveau spoiler avant, son diffuseur sportif et son impressionnant syst\u00e8me d&rsquo;\u00e9chappement. Le SQ8 est reconnaissable \u00e0 sa calandre avec des fentes en forme de L. Les grandes prises d&rsquo;air sont dot\u00e9es d&rsquo;une structure en nid d&rsquo;abeille sur toute la surface de la calandre.  <\/p>\n<p>Une fois de plus, le SQ8 TFSI est \u00e9quip\u00e9 d&rsquo;un moteur \u00e0 essence huit cylindres de 4,0 litres (373 kW\/507 ch), d&rsquo;une bo\u00eete de vitesses automatique tiptronic \u00e0 huit rapports et d&rsquo;une transmission int\u00e9grale permanente quattro. Avec ce moteur, la SQ8 TFSI atteint 100 km\/h en seulement 4,1 secondes, avec une vitesse maximale limit\u00e9e \u00e9lectroniquement \u00e0 250 km\/h. La nouvelle SQ8 TFSI est \u00e9quip\u00e9e de s\u00e9rie d&rsquo;un syst\u00e8me de d\u00e9sactivation des cylindres lorsque toute la puissance n&rsquo;est pas utilis\u00e9e.<\/p>\n<figure class=\"wp-block-image size-content\"><img decoding=\"async\" loading=\"lazy\" width=\"1140\" height=\"760\" src=\"https:\/\/autorai.nl\/wp-content\/uploads\/2023\/09\/audisq8tfsi3-1140x760.jpg\" alt=\"Audi SQ8 TFSI\" class=\"wp-image-166174\"><\/figure>\n<h2>Sakhir Gold, Ascari Blue et Chili Red<\/h2>\n<p>Les packs Black et Black Plus, disponibles en option, dotent l&rsquo;Audi Q8 d&rsquo;accents noirs brillants autour de la calandre, des moulures de fen\u00eatre et des pare-chocs avant et arri\u00e8re. Pour souligner davantage le caract\u00e8re du Q8, trois nouvelles couleurs m\u00e9tallis\u00e9es sont disponibles : Sakhir Gold, Ascari Blue et Chili Red. La gamme de jantes a \u00e9galement \u00e9t\u00e9 \u00e9largie avec cinq nouveaux mod\u00e8les, d&rsquo;une taille comprise entre 21 et 23 pouces. Les surpiq\u00fbres du rev\u00eatement des si\u00e8ges sont d\u00e9sormais de couleur grise contrast\u00e9e, de s\u00e9rie sur la version d&rsquo;entr\u00e9e de gamme. Pour l&rsquo;int\u00e9rieur, il existe un choix de neuf \u00e9l\u00e9ments d\u00e9coratifs.<\/p>\n<h2>Audi virtual cockpit en Full HD<\/h2>\n<p>Dans le cadre de cette mise \u00e0 jour, Audi \u00e9largit \u00e9galement sa gamme d&rsquo;applications. Gr\u00e2ce \u00e0 des mises \u00e0 jour logicielles r\u00e9guli\u00e8res et \u00e0 une gamme croissante d&rsquo;applications, il est possible de personnaliser davantage le syst\u00e8me d&rsquo;infodivertissement. En ce qui concerne les syst\u00e8mes d&rsquo;aide \u00e0 la conduite, l&rsquo;Audi virtual cockpit, en particulier, a fait l&rsquo;objet d&rsquo;une mise \u00e0 jour majeure. Il affiche d\u00e9sormais toutes les alertes et les informations routi\u00e8res dans une qualit\u00e9 Full HD \u00e9poustouflante.&nbsp;<\/p>\n<p>Le programme de livraison de l&rsquo;Audi Q8 pour les Pays-Bas, y compris les sp\u00e9cifications et les prix, sera annonc\u00e9 ult\u00e9rieurement.<\/p>\n<div class=\"galery galery-0\">\n<figure>\n\t\t\t\t\t<span style=\"cursor: pointer\" data-src=\"https:\/\/autorai.nl\/wp-content\/uploads\/2023\/09\/audisq8tfsi3-1600x1067.jpg\" data-fancybox=\"galery-0\" title=\"Photo dynamique, Couleur : Bleu Waitomo\"><br \/>\n\t\t\t\t\t\t\t<img decoding=\"async\" width=\"360\" height=\"270\" src=\"https:\/\/autorai.nl\/wp-content\/uploads\/2023\/09\/audisq8tfsi3-360x270.jpg\" class=\"attachment-small size-small\" alt=\"Audi SQ8 TFSI\" loading=\"lazy\"><i class=\"fa fa-search-plus\" aria-hidden=\"true\"><\/i><br \/>\n\t\t\t\t\t\t<\/span><br \/>\n\t\t\t\t\t<\/figure>\n<figure>\n\t\t\t\t\t<span style=\"cursor: pointer\" data-src=\"https:\/\/autorai.nl\/wp-content\/uploads\/2023\/09\/audisq8tfsi2-1600x1067.jpg\" data-fancybox=\"galery-0\" title=\"Photo statique, Couleur : bleu Waitomo\"><br \/>\n\t\t\t\t\t\t\t<img decoding=\"async\" width=\"360\" height=\"270\" src=\"https:\/\/autorai.nl\/wp-content\/uploads\/2023\/09\/audisq8tfsi2-360x270.jpg\" class=\"attachment-small size-small\" alt=\"\" loading=\"lazy\"><i class=\"fa fa-search-plus\" aria-hidden=\"true\"><\/i><br \/>\n\t\t\t\t\t\t<\/span><br \/>\n\t\t\t\t\t<\/figure>\n<figure>\n\t\t\t\t\t<span style=\"cursor: pointer\" data-src=\"https:\/\/autorai.nl\/wp-content\/uploads\/2023\/09\/audiq88-1600x1024.jpg\" data-fancybox=\"galery-0\" title=\"Photo statique, Couleur : Sakhir gold metallic\"><br \/>\n\t\t\t\t\t\t\t<img decoding=\"async\" width=\"360\" height=\"270\" src=\"https:\/\/autorai.nl\/wp-content\/uploads\/2023\/09\/audiq88-360x270.jpg\" class=\"attachment-small size-small\" alt=\"Audi Q8\" loading=\"lazy\"><i class=\"fa fa-search-plus\" aria-hidden=\"true\"><\/i><br \/>\n\t\t\t\t\t\t<\/span><br \/>\n\t\t\t\t\t<\/figure>\n<figure>\n\t\t\t\t\t<span style=\"cursor: pointer\" data-src=\"https:\/\/autorai.nl\/wp-content\/uploads\/2023\/09\/audiq87-1600x992.jpg\" data-fancybox=\"galery-0\" title=\"Photo statique, Couleur : Sakhir gold metallic\"><br \/>\n\t\t\t\t\t\t\t<img decoding=\"async\" width=\"360\" height=\"270\" src=\"https:\/\/autorai.nl\/wp-content\/uploads\/2023\/09\/audiq87-360x270.jpg\" class=\"attachment-small size-small\" alt=\"\" loading=\"lazy\"><i class=\"fa fa-search-plus\" aria-hidden=\"true\"><\/i><br \/>\n\t\t\t\t\t\t<\/span><br \/>\n\t\t\t\t\t<\/figure>\n<figure>\n\t\t\t\t\t<span style=\"cursor: pointer\" data-src=\"https:\/\/autorai.nl\/wp-content\/uploads\/2023\/09\/audiq81-1600x900.jpg\" data-fancybox=\"galery-0\" title=\"Photo statique, Couleur : Sakhir gold metallic\"><br \/>\n\t\t\t\t\t\t\t<img decoding=\"async\" width=\"360\" height=\"270\" src=\"https:\/\/autorai.nl\/wp-content\/uploads\/2023\/09\/audiq81-360x270.jpg\" class=\"attachment-small size-small\" alt=\"\" loading=\"lazy\"><i class=\"fa fa-search-plus\" aria-hidden=\"true\"><\/i><br \/>\n\t\t\t\t\t\t<\/span><br \/>\n\t\t\t\t\t<\/figure>\n<figure>\n\t\t\t\t\t<span style=\"cursor: pointer\" data-src=\"https:\/\/autorai.nl\/wp-content\/uploads\/2023\/09\/audiq86-1600x1039.jpg\" data-fancybox=\"galery-0\" title=\"Photo dynamique, Couleur : Sakhir gold metallic\"><br \/>\n\t\t\t\t\t\t\t<img decoding=\"async\" width=\"360\" height=\"270\" src=\"https:\/\/autorai.nl\/wp-content\/uploads\/2023\/09\/audiq86-360x270.jpg\" class=\"attachment-small size-small\" alt=\"\" loading=\"lazy\"><i class=\"fa fa-search-plus\" aria-hidden=\"true\"><\/i><br \/>\n\t\t\t\t\t\t<\/span><br \/>\n\t\t\t\t\t<\/figure>\n<figure>\n\t\t\t\t\t<span style=\"cursor: pointer\" data-src=\"https:\/\/autorai.nl\/wp-content\/uploads\/2023\/09\/audiq85-1600x903.jpg\" data-fancybox=\"galery-0\" title=\"Photo dynamique, Couleur : Sakhir gold metallic\"><br \/>\n\t\t\t\t\t\t\t<img decoding=\"async\" width=\"360\" height=\"270\" src=\"https:\/\/autorai.nl\/wp-content\/uploads\/2023\/09\/audiq85-360x270.jpg\" class=\"attachment-small size-small\" alt=\"\" loading=\"lazy\"><i class=\"fa fa-search-plus\" aria-hidden=\"true\"><\/i><br \/>\n\t\t\t\t\t\t<\/span><br \/>\n\t\t\t\t\t<\/figure>\n<figure>\n\t\t\t\t\t<span style=\"cursor: pointer\" data-src=\"https:\/\/autorai.nl\/wp-content\/uploads\/2023\/09\/audiq84-1600x1200.jpg\" data-fancybox=\"galery-0\" title=\"Int\u00e9rieur, Couleur : Sakhir gold metallic\"><br \/>\n\t\t\t\t\t\t\t<img decoding=\"async\" width=\"360\" height=\"270\" src=\"https:\/\/autorai.nl\/wp-content\/uploads\/2023\/09\/audiq84-360x270.jpg\" class=\"attachment-small size-small\" alt=\"\" loading=\"lazy\"><i class=\"fa fa-search-plus\" aria-hidden=\"true\"><\/i><br \/>\n\t\t\t\t\t\t<\/span><br \/>\n\t\t\t\t\t<\/figure>\n<figure>\n\t\t\t\t\t<span style=\"cursor: pointer\" data-src=\"https:\/\/autorai.nl\/wp-content\/uploads\/2023\/09\/audiq83-1600x1200.jpg\" data-fancybox=\"galery-0\" title=\"Cockpit, Couleur : Sakhir gold metallic\"><br \/>\n\t\t\t\t\t\t\t<img decoding=\"async\" width=\"360\" height=\"270\" src=\"https:\/\/autorai.nl\/wp-content\/uploads\/2023\/09\/audiq83-360x270.jpg\" class=\"attachment-small size-small\" alt=\"\" loading=\"lazy\"><i class=\"fa fa-search-plus\" aria-hidden=\"true\"><\/i><br \/>\n\t\t\t\t\t\t<\/span><br \/>\n\t\t\t\t\t<\/figure>\n<figure>\n\t\t\t\t\t<span style=\"cursor: pointer\" data-src=\"https:\/\/autorai.nl\/wp-content\/uploads\/2023\/09\/audiq82-1600x1200.jpg\" data-fancybox=\"galery-0\" title=\"D\u00e9tail, Couleur : Sakhir gold metallic\"><br \/>\n\t\t\t\t\t\t\t<img decoding=\"async\" width=\"360\" height=\"270\" src=\"https:\/\/autorai.nl\/wp-content\/uploads\/2023\/09\/audiq82-360x270.jpg\" class=\"attachment-small size-small\" alt=\"\" loading=\"lazy\"><i class=\"fa fa-search-plus\" aria-hidden=\"true\"><\/i><br \/>\n\t\t\t\t\t\t<\/span><br \/>\n\t\t\t\t\t<\/figure>\n<div class=\"clear\"><\/div>\n<\/div>\n","protected":false},"excerpt":{"rendered":"Nouvelle calandre Les changements les plus frappants dans le design du Q8 mis \u00e0 jour sont la calandre r\u00e9vis\u00e9e avec\u2026","protected":false},"author":0,"featured_media":138724,"comment_status":"","ping_status":"open","sticky":false,"template":"","format":"standard","meta":{"footnotes":""},"categories":[127],"tags":[],"class_list":["post-138803","post","type-post","status-publish","format-standard","has-post-thumbnail","hentry","category-nouvelles-de-voiture"],"acf":[],"yoast_head":"<!-- This site is optimized with the Yoast SEO plugin v21.2 - https:\/\/yoast.com\/wordpress\/plugins\/seo\/ -->\n<title>Mise \u00e0 jour compl\u00e8te pour l&#039;Audi Q8, y compris l&#039;Audi SQ8 ! - All cars news<\/title>\n<meta name=\"robots\" content=\"index, follow, max-snippet:-1, max-image-preview:large, max-video-preview:-1\" \/>\n<link rel=\"canonical\" href=\"https:\/\/all-car-news.com\/fr\/mise-a-jour-complete-pour-laudi-q8-y-compris-laudi-sq8\/\" \/>\n<meta property=\"og:locale\" content=\"fr_FR\" \/>\n<meta property=\"og:type\" content=\"article\" \/>\n<meta property=\"og:title\" content=\"Mise \u00e0 jour compl\u00e8te pour l&#039;Audi Q8, y compris l&#039;Audi SQ8 ! - All cars news\" \/>\n<meta property=\"og:description\" content=\"Nouvelle calandre Les changements les plus frappants dans le design du Q8 mis \u00e0 jour sont la calandre r\u00e9vis\u00e9e avec structure en nid d&#039;abeille et les diffuseurs avant et arri\u00e8re de couleur contrast\u00e9e de s\u00e9rie. Le pack ext\u00e9rieur S line, disponible en option, propose une calandre \u00e0 structure en nid d&#039;abeille. En outre, l&#039;Audi Q8 actualis\u00e9 est reconnaissable \u00e0 [...]\" \/>\n<meta property=\"og:url\" content=\"https:\/\/all-car-news.com\/fr\/mise-a-jour-complete-pour-laudi-q8-y-compris-laudi-sq8\/\" \/>\n<meta property=\"og:site_name\" content=\"All cars news\" \/>\n<meta property=\"article:published_time\" content=\"2023-09-06T14:22:45+00:00\" \/>\n<meta property=\"og:image\" content=\"https:\/\/autorai.nl\/wp-content\/uploads\/2023\/09\/audiq88-1140x730.jpg\" \/>\n<meta name=\"twitter:card\" content=\"summary_large_image\" \/>\n<meta name=\"twitter:label1\" content=\"Dur\u00e9e de lecture estim\u00e9e\" \/>\n\t<meta name=\"twitter:data1\" content=\"3 minutes\" \/>\n<script type=\"application\/ld+json\" class=\"yoast-schema-graph\">{\"@context\":\"https:\/\/schema.org\",\"@graph\":[{\"@type\":\"Article\",\"@id\":\"https:\/\/all-car-news.com\/fr\/mise-a-jour-complete-pour-laudi-q8-y-compris-laudi-sq8\/#article\",\"isPartOf\":{\"@id\":\"https:\/\/all-car-news.com\/fr\/mise-a-jour-complete-pour-laudi-q8-y-compris-laudi-sq8\/\"},\"author\":{\"name\":\"\",\"@id\":\"\"},\"headline\":\"Mise \u00e0 jour compl\u00e8te pour l&rsquo;Audi Q8, y compris l&rsquo;Audi SQ8 !\",\"datePublished\":\"2023-09-06T14:22:45+00:00\",\"dateModified\":\"2023-09-06T14:22:45+00:00\",\"mainEntityOfPage\":{\"@id\":\"https:\/\/all-car-news.com\/fr\/mise-a-jour-complete-pour-laudi-q8-y-compris-laudi-sq8\/\"},\"wordCount\":590,\"publisher\":{\"@id\":\"https:\/\/all-car-news.com\/fr\/#organization\"},\"articleSection\":[\"nouvelles de voiture\"],\"inLanguage\":\"fr-FR\"},{\"@type\":\"WebPage\",\"@id\":\"https:\/\/all-car-news.com\/fr\/mise-a-jour-complete-pour-laudi-q8-y-compris-laudi-sq8\/\",\"url\":\"https:\/\/all-car-news.com\/fr\/mise-a-jour-complete-pour-laudi-q8-y-compris-laudi-sq8\/\",\"name\":\"Mise \u00e0 jour compl\u00e8te pour l'Audi Q8, y compris l'Audi SQ8 ! - All cars news\",\"isPartOf\":{\"@id\":\"https:\/\/all-car-news.com\/fr\/#website\"},\"datePublished\":\"2023-09-06T14:22:45+00:00\",\"dateModified\":\"2023-09-06T14:22:45+00:00\",\"breadcrumb\":{\"@id\":\"https:\/\/all-car-news.com\/fr\/mise-a-jour-complete-pour-laudi-q8-y-compris-laudi-sq8\/#breadcrumb\"},\"inLanguage\":\"fr-FR\",\"potentialAction\":[{\"@type\":\"ReadAction\",\"target\":[\"https:\/\/all-car-news.com\/fr\/mise-a-jour-complete-pour-laudi-q8-y-compris-laudi-sq8\/\"]}]},{\"@type\":\"BreadcrumbList\",\"@id\":\"https:\/\/all-car-news.com\/fr\/mise-a-jour-complete-pour-laudi-q8-y-compris-laudi-sq8\/#breadcrumb\",\"itemListElement\":[{\"@type\":\"ListItem\",\"position\":1,\"name\":\"Home\",\"item\":\"https:\/\/all-car-news.com\/fr\/\"},{\"@type\":\"ListItem\",\"position\":2,\"name\":\"Mise \u00e0 jour compl\u00e8te pour l&rsquo;Audi Q8, y compris l&rsquo;Audi SQ8 !\"}]},{\"@type\":\"WebSite\",\"@id\":\"https:\/\/all-car-news.com\/fr\/#website\",\"url\":\"https:\/\/all-car-news.com\/fr\/\",\"name\":\"All cars news\",\"description\":\"\",\"publisher\":{\"@id\":\"https:\/\/all-car-news.com\/fr\/#organization\"},\"potentialAction\":[{\"@type\":\"SearchAction\",\"target\":{\"@type\":\"EntryPoint\",\"urlTemplate\":\"https:\/\/all-car-news.com\/fr\/?s={search_term_string}\"},\"query-input\":\"required name=search_term_string\"}],\"inLanguage\":\"fr-FR\"},{\"@type\":\"Organization\",\"@id\":\"https:\/\/all-car-news.com\/fr\/#organization\",\"name\":\"All cars news\",\"url\":\"https:\/\/all-car-news.com\/fr\/\",\"logo\":{\"@type\":\"ImageObject\",\"inLanguage\":\"fr-FR\",\"@id\":\"https:\/\/all-car-news.com\/fr\/#\/schema\/logo\/image\/\",\"url\":\"https:\/\/all-car-news.com\/wp-content\/uploads\/2022\/02\/CMYK-AllCarNews_LANDSCAPE_300px-1.png\",\"contentUrl\":\"https:\/\/all-car-news.com\/wp-content\/uploads\/2022\/02\/CMYK-AllCarNews_LANDSCAPE_300px-1.png\",\"width\":300,\"height\":100,\"caption\":\"All cars news\"},\"image\":{\"@id\":\"https:\/\/all-car-news.com\/fr\/#\/schema\/logo\/image\/\"}}]}<\/script>\n<!-- \/ Yoast SEO plugin. -->","yoast_head_json":{"title":"Mise \u00e0 jour compl\u00e8te pour l'Audi Q8, y compris l'Audi SQ8 ! - All cars news","robots":{"index":"index","follow":"follow","max-snippet":"max-snippet:-1","max-image-preview":"max-image-preview:large","max-video-preview":"max-video-preview:-1"},"canonical":"https:\/\/all-car-news.com\/fr\/mise-a-jour-complete-pour-laudi-q8-y-compris-laudi-sq8\/","og_locale":"fr_FR","og_type":"article","og_title":"Mise \u00e0 jour compl\u00e8te pour l'Audi Q8, y compris l'Audi SQ8 ! - All cars news","og_description":"Nouvelle calandre Les changements les plus frappants dans le design du Q8 mis \u00e0 jour sont la calandre r\u00e9vis\u00e9e avec structure en nid d'abeille et les diffuseurs avant et arri\u00e8re de couleur contrast\u00e9e de s\u00e9rie. Le pack ext\u00e9rieur S line, disponible en option, propose une calandre \u00e0 structure en nid d'abeille. En outre, l'Audi Q8 actualis\u00e9 est reconnaissable \u00e0 [...]","og_url":"https:\/\/all-car-news.com\/fr\/mise-a-jour-complete-pour-laudi-q8-y-compris-laudi-sq8\/","og_site_name":"All cars news","article_published_time":"2023-09-06T14:22:45+00:00","og_image":[{"url":"https:\/\/autorai.nl\/wp-content\/uploads\/2023\/09\/audiq88-1140x730.jpg"}],"twitter_card":"summary_large_image","twitter_misc":{"Dur\u00e9e de lecture estim\u00e9e":"3 minutes"},"schema":{"@context":"https:\/\/schema.org","@graph":[{"@type":"Article","@id":"https:\/\/all-car-news.com\/fr\/mise-a-jour-complete-pour-laudi-q8-y-compris-laudi-sq8\/#article","isPartOf":{"@id":"https:\/\/all-car-news.com\/fr\/mise-a-jour-complete-pour-laudi-q8-y-compris-laudi-sq8\/"},"author":{"name":"","@id":""},"headline":"Mise \u00e0 jour compl\u00e8te pour l&rsquo;Audi Q8, y compris l&rsquo;Audi SQ8 !","datePublished":"2023-09-06T14:22:45+00:00","dateModified":"2023-09-06T14:22:45+00:00","mainEntityOfPage":{"@id":"https:\/\/all-car-news.com\/fr\/mise-a-jour-complete-pour-laudi-q8-y-compris-laudi-sq8\/"},"wordCount":590,"publisher":{"@id":"https:\/\/all-car-news.com\/fr\/#organization"},"articleSection":["nouvelles de voiture"],"inLanguage":"fr-FR"},{"@type":"WebPage","@id":"https:\/\/all-car-news.com\/fr\/mise-a-jour-complete-pour-laudi-q8-y-compris-laudi-sq8\/","url":"https:\/\/all-car-news.com\/fr\/mise-a-jour-complete-pour-laudi-q8-y-compris-laudi-sq8\/","name":"Mise \u00e0 jour compl\u00e8te pour l'Audi Q8, y compris l'Audi SQ8 ! - All cars news","isPartOf":{"@id":"https:\/\/all-car-news.com\/fr\/#website"},"datePublished":"2023-09-06T14:22:45+00:00","dateModified":"2023-09-06T14:22:45+00:00","breadcrumb":{"@id":"https:\/\/all-car-news.com\/fr\/mise-a-jour-complete-pour-laudi-q8-y-compris-laudi-sq8\/#breadcrumb"},"inLanguage":"fr-FR","potentialAction":[{"@type":"ReadAction","target":["https:\/\/all-car-news.com\/fr\/mise-a-jour-complete-pour-laudi-q8-y-compris-laudi-sq8\/"]}]},{"@type":"BreadcrumbList","@id":"https:\/\/all-car-news.com\/fr\/mise-a-jour-complete-pour-laudi-q8-y-compris-laudi-sq8\/#breadcrumb","itemListElement":[{"@type":"ListItem","position":1,"name":"Home","item":"https:\/\/all-car-news.com\/fr\/"},{"@type":"ListItem","position":2,"name":"Mise \u00e0 jour compl\u00e8te pour l&rsquo;Audi Q8, y compris l&rsquo;Audi SQ8 !"}]},{"@type":"WebSite","@id":"https:\/\/all-car-news.com\/fr\/#website","url":"https:\/\/all-car-news.com\/fr\/","name":"All cars news","description":"","publisher":{"@id":"https:\/\/all-car-news.com\/fr\/#organization"},"potentialAction":[{"@type":"SearchAction","target":{"@type":"EntryPoint","urlTemplate":"https:\/\/all-car-news.com\/fr\/?s={search_term_string}"},"query-input":"required name=search_term_string"}],"inLanguage":"fr-FR"},{"@type":"Organization","@id":"https:\/\/all-car-news.com\/fr\/#organization","name":"All cars news","url":"https:\/\/all-car-news.com\/fr\/","logo":{"@type":"ImageObject","inLanguage":"fr-FR","@id":"https:\/\/all-car-news.com\/fr\/#\/schema\/logo\/image\/","url":"https:\/\/all-car-news.com\/wp-content\/uploads\/2022\/02\/CMYK-AllCarNews_LANDSCAPE_300px-1.png","contentUrl":"https:\/\/all-car-news.com\/wp-content\/uploads\/2022\/02\/CMYK-AllCarNews_LANDSCAPE_300px-1.png","width":300,"height":100,"caption":"All cars news"},"image":{"@id":"https:\/\/all-car-news.com\/fr\/#\/schema\/logo\/image\/"}}]}},"_links":{"self":[{"href":"https:\/\/all-car-news.com\/fr\/wp-json\/wp\/v2\/posts\/138803","targetHints":{"allow":["GET"]}}],"collection":[{"href":"https:\/\/all-car-news.com\/fr\/wp-json\/wp\/v2\/posts"}],"about":[{"href":"https:\/\/all-car-news.com\/fr\/wp-json\/wp\/v2\/types\/post"}],"replies":[{"embeddable":true,"href":"https:\/\/all-car-news.com\/fr\/wp-json\/wp\/v2\/comments?post=138803"}],"version-history":[{"count":0,"href":"https:\/\/all-car-news.com\/fr\/wp-json\/wp\/v2\/posts\/138803\/revisions"}],"wp:featuredmedia":[{"embeddable":true,"href":"https:\/\/all-car-news.com\/fr\/wp-json\/wp\/v2\/media\/138724"}],"wp:attachment":[{"href":"https:\/\/all-car-news.com\/fr\/wp-json\/wp\/v2\/media?parent=138803"}],"wp:term":[{"taxonomy":"category","embeddable":true,"href":"https:\/\/all-car-news.com\/fr\/wp-json\/wp\/v2\/categories?post=138803"},{"taxonomy":"post_tag","embeddable":true,"href":"https:\/\/all-car-news.com\/fr\/wp-json\/wp\/v2\/tags?post=138803"}],"curies":[{"name":"wp","href":"https:\/\/api.w.org\/{rel}","templated":true}]}}