{"id":138788,"date":"2023-09-06T09:02:24","date_gmt":"2023-09-06T09:02:24","guid":{"rendered":"https:\/\/all-car-news.com\/10-points-forts-de-liaa-munich-2023\/"},"modified":"2023-09-06T09:02:24","modified_gmt":"2023-09-06T09:02:24","slug":"10-points-forts-de-liaa-munich-2023","status":"publish","type":"post","link":"https:\/\/all-car-news.com\/fr\/10-points-forts-de-liaa-munich-2023\/","title":{"rendered":"10 points forts de l&rsquo;IAA Munich 2023"},"content":{"rendered":"<h2>1 &#8211; BMW Vision Neue Klasse<\/h2>\n<p>D&rsquo;ici 2025, cette <a href=\"https:\/\/autorai.nl\/bmw-vision-neue-klasse-2023\/\">BMW Vision Neue Klasse<\/a> sera une r\u00e9alit\u00e9. On peut supposer que la version de production diff\u00e8re peu de la voiture conceptuelle pr\u00e9sent\u00e9e \u00e0 l&rsquo;IAA de Munich 2023. Avec ce mod\u00e8le, BMW \u00e9tablit de nouvelles normes en mati\u00e8re de conduite \u00e9lectrique, de durabilit\u00e9 et de connectivit\u00e9.<\/p>\n<figure class=\"wp-block-image size-full\"><img decoding=\"async\" loading=\"lazy\" width=\"1024\" height=\"768\" src=\"https:\/\/autorai.nl\/wp-content\/uploads\/2023\/09\/bmw-vision-neue-klasse-2023-iaa-munchen.jpg\" alt=\"BMW Vision Neue Klasse \u00e0 l'IAA de Munich 2023\" class=\"wp-image-166092\"><\/figure>\n<h2>2 &#8211; MG Cyberster<\/h2>\n<p>La MG Cyberster peut \u00eatre consid\u00e9r\u00e9e comme la r\u00e9incarnation moderne de l&#8217;embl\u00e9matique MG B. Bien que la nouvelle MG n&rsquo;ait rien \u00e0 voir avec la MG d&rsquo;antan, il est agr\u00e9able de constater que le propri\u00e9taire chinois accorde de l&rsquo;importance \u00e0 l&rsquo;histoire des \u00ab\u00a0garages Morris\u00a0\u00bb. La <a href=\"https:\/\/autorai.nl\/mg-cyberster-dit-is-de-productieversie-inclusief-vleugeldeuren\/\">MG Cyberster<\/a> est un roadster enti\u00e8rement \u00e9lectrique. Les portes battantes sont uniques.<\/p>\n<figure class=\"wp-block-image size-full\"><img decoding=\"async\" loading=\"lazy\" width=\"1024\" height=\"768\" src=\"https:\/\/autorai.nl\/wp-content\/uploads\/2023\/09\/mg-cyberster-iaa-munchen.jpg\" alt=\"MG Cyberster \u00e0 l'IAA de Munich 2023\" class=\"wp-image-166091\"><\/figure>\n<h2>3 &#8211; Volkswagen ID GTI Concept<\/h2>\n<p>La GTI n&rsquo;est pas du tout morte chez Volkswagen. Cela a sembl\u00e9 \u00eatre le cas pendant un certain temps, mais ce <a href=\"https:\/\/autorai.nl\/volkswagen-id-gti-concept-productie\/\">concept Volkswagen ID GTI<\/a> prouve que Volkswagen est s\u00e9rieux au sujet de l&rsquo;\u00e9tiquette GTI dans un avenir proche. Le feu vert a d\u00e9j\u00e0 \u00e9t\u00e9 donn\u00e9, le compte \u00e0 rebours peut donc commencer. La version GTI est bas\u00e9e sur la Volkswagen ID.2 qui arrivera en 2025. La version GTI, plus rapide, devrait arriver quelques ann\u00e9es plus tard.<\/p>\n<figure class=\"wp-block-image size-full\"><img decoding=\"async\" loading=\"lazy\" width=\"1024\" height=\"768\" src=\"https:\/\/autorai.nl\/wp-content\/uploads\/2023\/09\/volkswagen-id-gti-concept-iaa-munchen.jpg\" alt=\"Volkswagen ID GTI Concept au salon IAA de Munich 2023\" class=\"wp-image-166090\"><\/figure>\n<h2>4 &#8211; Renault Scenic E-Tech Electric<\/h2>\n<p>L&rsquo;une des grandes premi\u00e8res du salon IAA de Munich est le nouveau <a href=\"https:\/\/autorai.nl\/renault-scenic-e-tech-electric-2023\/\">Renault Scenic E-Tech Electric<\/a>. Tout \u00e9lectrique, bien s\u00fbr, et \u00e0 tous \u00e9gards un nouveau venu prometteur o\u00f9 la durabilit\u00e9 a \u00e9galement jou\u00e9 un r\u00f4le important dans la conception. Il y aura deux variantes de batterie, la version sup\u00e9rieure permettant de parcourir 620 kilom\u00e8tres avec une charge compl\u00e8te d&rsquo;\u00e9nergie.<\/p>\n<figure class=\"wp-block-image size-full\"><img decoding=\"async\" loading=\"lazy\" width=\"1024\" height=\"768\" src=\"https:\/\/autorai.nl\/wp-content\/uploads\/2023\/09\/renault-scenic-e-tech-electric.jpg\" alt=\"Renault Scenic E-Tech Electric au salon IAA de Munich 2023\" class=\"wp-image-166089\"><\/figure>\n<h2>5 &#8211; Concept exp\u00e9rimental Opel<\/h2>\n<p>Il y aura une nouvelle Opel Manta, enti\u00e8rement \u00e9lectrique bien s\u00fbr. Selon des sources au sein d&rsquo;Opel, cette nouvelle Manta sera tr\u00e8s similaire \u00e0 cet <a href=\"https:\/\/autorai.nl\/opel-experimental-2023-opel-manta\/\">Opel Experimental Concept<\/a>. Comptez donc sur un coup\u00e9 crossover. Cette Opel Experimental montre ce qu&rsquo;Opel a en r\u00e9serve pour l&rsquo;avenir.<\/p>\n<figure class=\"wp-block-image size-content\"><img decoding=\"async\" loading=\"lazy\" width=\"1140\" height=\"855\" src=\"https:\/\/autorai.nl\/wp-content\/uploads\/2023\/09\/opel-experimental-concept-1140x855.jpg\" alt=\"Opel Experimental Concept \u00e0 l'IAA de Munich 2023\" class=\"wp-image-166088\"><\/figure>\n<h2><strong>6 &#8211; Mercedes-Benz Concept Classe CLA<\/strong><\/h2>\n<p>Chargement rapide jusqu&rsquo;\u00e0 400 km d&rsquo;autonomie en 15 minutes seulement, jusqu&rsquo;\u00e0 750 km d&rsquo;autonomie et la toute nouvelle plateforme \u00e9lectrique Mercedes-Benz Modular Architecture (MMA) comme base. En bref, cette <a href=\"https:\/\/autorai.nl\/mercedes-benz-concept-cla-class-in-een-oogopslag\/\">Mercedes-Benz Concept Classe CLA<\/a> est prometteuse. Le compte \u00e0 rebours peut commencer.<\/p>\n<figure class=\"wp-block-image size-content\"><img decoding=\"async\" loading=\"lazy\" width=\"1140\" height=\"760\" src=\"https:\/\/autorai.nl\/wp-content\/uploads\/2023\/09\/Mercedes-Benz-Concept-CLA-Class-2023-foto-17-1140x760.jpg\" alt=\"Mercedes-Benz Concept Classe CLA\" class=\"wp-image-165841\"><\/figure>\n<h2>7 &#8211; MINI Cooper E et MINI Cooper SE<\/h2>\n<p>La cinqui\u00e8me g\u00e9n\u00e9ration de MINI 3 portes est une r\u00e9alit\u00e9. MINI d\u00e9marre avec deux versions \u00e9lectriques : la <a href=\"https:\/\/autorai.nl\/mini-cooper-se-electric-2024-sneak-preview\/\">MINI Cooper E et la MINI Cooper SE<\/a>. Ils seront construits sur une plateforme BEV d\u00e9di\u00e9e, mais MINI travaille \u00e9galement sur des versions essence classiques en arri\u00e8re-plan. Une MINI hatchback \u00e0 cinq portes est \u00e9galement pr\u00e9vue, ainsi qu&rsquo;une MINI Cabrio.<\/p>\n<figure class=\"wp-block-image size-content\"><img decoding=\"async\" loading=\"lazy\" width=\"1140\" height=\"760\" src=\"https:\/\/autorai.nl\/wp-content\/uploads\/2023\/09\/mini-3-deurs-alle-generaties-foto6-1140x760.jpg\" alt=\"\" class=\"wp-image-165712\"><\/figure>\n<h2>8 &#8211; Smart #3<\/h2>\n<p>La <a href=\"https:\/\/autorai.nl\/smart-3-line-up-europa\/\">Smart #3<\/a> sera pr\u00e9sent\u00e9e en premi\u00e8re europ\u00e9enne au salon IAA de Munich 2023. Il s&rsquo;agit du premier coup\u00e9 SUV enti\u00e8rement \u00e9lectrique de Smart. Il viendra aux Pays-Bas au d\u00e9but de l&rsquo;ann\u00e9e 2024. Il y a m\u00eame une version BRABUS au menu.<\/p>\n<figure class=\"wp-block-image size-content\"><img decoding=\"async\" loading=\"lazy\" width=\"1140\" height=\"641\" src=\"https:\/\/autorai.nl\/wp-content\/uploads\/2023\/09\/hashtag3_ProPlus_Meta-Black_Infinite-Black_05-1140x641.jpg\" alt=\"Smart #3 Pro+\" class=\"wp-image-165816\"><\/figure>\n<h2>9 &#8211; MINI Countryman SE<\/h2>\n<p>Des nouvelles de MINI ? En effet, \u00e0 Munich, MINI a \u00e9galement pr\u00e9sent\u00e9 la toute nouvelle g\u00e9n\u00e9ration de MINI Countryman. La variante tout \u00e9lectrique fait \u00e9galement ses d\u00e9buts ici. Il est plus grand, offre plus de confort et fait \u00e9galement de grands progr\u00e8s en termes de durabilit\u00e9 de la connectivit\u00e9. Elle est propos\u00e9e dans les versions MINI Countryman E et <a href=\"https:\/\/autorai.nl\/mini-countryman-elektrisch-details\/\">MINI Countryman SE ALL4<\/a>.<\/p>\n<figure class=\"wp-block-image size-content\"><img decoding=\"async\" loading=\"lazy\" width=\"1140\" height=\"760\" src=\"https:\/\/autorai.nl\/wp-content\/uploads\/2023\/09\/mini-countryman-2024-foto35-1140x760.jpg\" alt=\"MINI Countryman SE\" class=\"wp-image-165670\"><\/figure>\n<h2>10 &#8211; Mercedes-Benz Classe E tout-terrain<\/h2>\n<p>Mercedes-Benz propose la Classe E Break en version tout-terrain depuis 2017. La nouvelle g\u00e9n\u00e9ration de la Classe E sera \u00e9galement propos\u00e9e avec une variante aux jambes plus hautes. La nouvelle <a href=\"https:\/\/autorai.nl\/mercedes-benz-e-klasse-all-terrain-2023\/\">Mercedes-Benz Classe E Tout-Terrain<\/a> est \u00e9l\u00e9gante. Elle se d\u00e9cline en trois versions : E 220 d 4MATIC, E 450 4MATIC et E 300 4MATIC. Ce dernier est un hybride rechargeable.<\/p>\n<figure class=\"wp-block-image size-content\"><img decoding=\"async\" loading=\"lazy\" width=\"1140\" height=\"761\" src=\"https:\/\/autorai.nl\/wp-content\/uploads\/2023\/09\/Mercedes-Benz-E-Klasse-All-Terrain-2023-foto-8-1140x761.jpg\" alt=\"La nouvelle Mercedes-Benz Classe E tout-terrain\" class=\"wp-image-165895\"><\/figure>\n","protected":false},"excerpt":{"rendered":"1 - BMW Vision Neue Klasse D'ici 2025, cette BMW Vision Neue Klasse sera une r\u00e9alit\u00e9. On peut supposer que\u2026","protected":false},"author":0,"featured_media":138748,"comment_status":"","ping_status":"open","sticky":false,"template":"","format":"standard","meta":{"footnotes":""},"categories":[127],"tags":[],"class_list":["post-138788","post","type-post","status-publish","format-standard","has-post-thumbnail","hentry","category-nouvelles-de-voiture"],"acf":[],"yoast_head":"<!-- This site is optimized with the Yoast SEO plugin v21.2 - https:\/\/yoast.com\/wordpress\/plugins\/seo\/ -->\n<title>10 points forts de l&#039;IAA Munich 2023 - All cars news<\/title>\n<meta name=\"robots\" content=\"index, follow, max-snippet:-1, max-image-preview:large, max-video-preview:-1\" \/>\n<link rel=\"canonical\" href=\"https:\/\/all-car-news.com\/fr\/10-points-forts-de-liaa-munich-2023\/\" \/>\n<meta property=\"og:locale\" content=\"fr_FR\" \/>\n<meta property=\"og:type\" content=\"article\" \/>\n<meta property=\"og:title\" content=\"10 points forts de l&#039;IAA Munich 2023 - All cars news\" \/>\n<meta property=\"og:description\" content=\"1 - BMW Vision Neue Klasse D&#039;ici 2025, cette BMW Vision Neue Klasse sera une r\u00e9alit\u00e9. On peut supposer que la version de production diff\u00e8re peu de la voiture conceptuelle pr\u00e9sent\u00e9e \u00e0 l&#039;IAA de Munich 2023. Avec ce mod\u00e8le, BMW \u00e9tablit de nouvelles normes en mati\u00e8re de conduite \u00e9lectrique, de durabilit\u00e9 et de connectivit\u00e9. 2 - MG Cyberster La MG Cyberster peut \u00eatre vue [...]\" \/>\n<meta property=\"og:url\" content=\"https:\/\/all-car-news.com\/fr\/10-points-forts-de-liaa-munich-2023\/\" \/>\n<meta property=\"og:site_name\" content=\"All cars news\" \/>\n<meta property=\"article:published_time\" content=\"2023-09-06T09:02:24+00:00\" \/>\n<meta property=\"og:image\" content=\"https:\/\/autorai.nl\/wp-content\/uploads\/2023\/09\/bmw-vision-neue-klasse-2023-iaa-munchen.jpg\" \/>\n<meta name=\"twitter:card\" content=\"summary_large_image\" \/>\n<meta name=\"twitter:label1\" content=\"Dur\u00e9e de lecture estim\u00e9e\" \/>\n\t<meta name=\"twitter:data1\" content=\"3 minutes\" \/>\n<script type=\"application\/ld+json\" class=\"yoast-schema-graph\">{\"@context\":\"https:\/\/schema.org\",\"@graph\":[{\"@type\":\"Article\",\"@id\":\"https:\/\/all-car-news.com\/fr\/10-points-forts-de-liaa-munich-2023\/#article\",\"isPartOf\":{\"@id\":\"https:\/\/all-car-news.com\/fr\/10-points-forts-de-liaa-munich-2023\/\"},\"author\":{\"name\":\"\",\"@id\":\"\"},\"headline\":\"10 points forts de l&rsquo;IAA Munich 2023\",\"datePublished\":\"2023-09-06T09:02:24+00:00\",\"dateModified\":\"2023-09-06T09:02:24+00:00\",\"mainEntityOfPage\":{\"@id\":\"https:\/\/all-car-news.com\/fr\/10-points-forts-de-liaa-munich-2023\/\"},\"wordCount\":634,\"publisher\":{\"@id\":\"https:\/\/all-car-news.com\/fr\/#organization\"},\"articleSection\":[\"nouvelles de voiture\"],\"inLanguage\":\"fr-FR\"},{\"@type\":\"WebPage\",\"@id\":\"https:\/\/all-car-news.com\/fr\/10-points-forts-de-liaa-munich-2023\/\",\"url\":\"https:\/\/all-car-news.com\/fr\/10-points-forts-de-liaa-munich-2023\/\",\"name\":\"10 points forts de l'IAA Munich 2023 - All cars news\",\"isPartOf\":{\"@id\":\"https:\/\/all-car-news.com\/fr\/#website\"},\"datePublished\":\"2023-09-06T09:02:24+00:00\",\"dateModified\":\"2023-09-06T09:02:24+00:00\",\"breadcrumb\":{\"@id\":\"https:\/\/all-car-news.com\/fr\/10-points-forts-de-liaa-munich-2023\/#breadcrumb\"},\"inLanguage\":\"fr-FR\",\"potentialAction\":[{\"@type\":\"ReadAction\",\"target\":[\"https:\/\/all-car-news.com\/fr\/10-points-forts-de-liaa-munich-2023\/\"]}]},{\"@type\":\"BreadcrumbList\",\"@id\":\"https:\/\/all-car-news.com\/fr\/10-points-forts-de-liaa-munich-2023\/#breadcrumb\",\"itemListElement\":[{\"@type\":\"ListItem\",\"position\":1,\"name\":\"Home\",\"item\":\"https:\/\/all-car-news.com\/fr\/\"},{\"@type\":\"ListItem\",\"position\":2,\"name\":\"10 points forts de l&rsquo;IAA Munich 2023\"}]},{\"@type\":\"WebSite\",\"@id\":\"https:\/\/all-car-news.com\/fr\/#website\",\"url\":\"https:\/\/all-car-news.com\/fr\/\",\"name\":\"All cars news\",\"description\":\"\",\"publisher\":{\"@id\":\"https:\/\/all-car-news.com\/fr\/#organization\"},\"potentialAction\":[{\"@type\":\"SearchAction\",\"target\":{\"@type\":\"EntryPoint\",\"urlTemplate\":\"https:\/\/all-car-news.com\/fr\/?s={search_term_string}\"},\"query-input\":\"required name=search_term_string\"}],\"inLanguage\":\"fr-FR\"},{\"@type\":\"Organization\",\"@id\":\"https:\/\/all-car-news.com\/fr\/#organization\",\"name\":\"All cars news\",\"url\":\"https:\/\/all-car-news.com\/fr\/\",\"logo\":{\"@type\":\"ImageObject\",\"inLanguage\":\"fr-FR\",\"@id\":\"https:\/\/all-car-news.com\/fr\/#\/schema\/logo\/image\/\",\"url\":\"https:\/\/all-car-news.com\/wp-content\/uploads\/2022\/02\/CMYK-AllCarNews_LANDSCAPE_300px-1.png\",\"contentUrl\":\"https:\/\/all-car-news.com\/wp-content\/uploads\/2022\/02\/CMYK-AllCarNews_LANDSCAPE_300px-1.png\",\"width\":300,\"height\":100,\"caption\":\"All cars news\"},\"image\":{\"@id\":\"https:\/\/all-car-news.com\/fr\/#\/schema\/logo\/image\/\"}}]}<\/script>\n<!-- \/ Yoast SEO plugin. -->","yoast_head_json":{"title":"10 points forts de l'IAA Munich 2023 - All cars news","robots":{"index":"index","follow":"follow","max-snippet":"max-snippet:-1","max-image-preview":"max-image-preview:large","max-video-preview":"max-video-preview:-1"},"canonical":"https:\/\/all-car-news.com\/fr\/10-points-forts-de-liaa-munich-2023\/","og_locale":"fr_FR","og_type":"article","og_title":"10 points forts de l'IAA Munich 2023 - All cars news","og_description":"1 - BMW Vision Neue Klasse D'ici 2025, cette BMW Vision Neue Klasse sera une r\u00e9alit\u00e9. On peut supposer que la version de production diff\u00e8re peu de la voiture conceptuelle pr\u00e9sent\u00e9e \u00e0 l'IAA de Munich 2023. Avec ce mod\u00e8le, BMW \u00e9tablit de nouvelles normes en mati\u00e8re de conduite \u00e9lectrique, de durabilit\u00e9 et de connectivit\u00e9. 2 - MG Cyberster La MG Cyberster peut \u00eatre vue [...]","og_url":"https:\/\/all-car-news.com\/fr\/10-points-forts-de-liaa-munich-2023\/","og_site_name":"All cars news","article_published_time":"2023-09-06T09:02:24+00:00","og_image":[{"url":"https:\/\/autorai.nl\/wp-content\/uploads\/2023\/09\/bmw-vision-neue-klasse-2023-iaa-munchen.jpg"}],"twitter_card":"summary_large_image","twitter_misc":{"Dur\u00e9e de lecture estim\u00e9e":"3 minutes"},"schema":{"@context":"https:\/\/schema.org","@graph":[{"@type":"Article","@id":"https:\/\/all-car-news.com\/fr\/10-points-forts-de-liaa-munich-2023\/#article","isPartOf":{"@id":"https:\/\/all-car-news.com\/fr\/10-points-forts-de-liaa-munich-2023\/"},"author":{"name":"","@id":""},"headline":"10 points forts de l&rsquo;IAA Munich 2023","datePublished":"2023-09-06T09:02:24+00:00","dateModified":"2023-09-06T09:02:24+00:00","mainEntityOfPage":{"@id":"https:\/\/all-car-news.com\/fr\/10-points-forts-de-liaa-munich-2023\/"},"wordCount":634,"publisher":{"@id":"https:\/\/all-car-news.com\/fr\/#organization"},"articleSection":["nouvelles de voiture"],"inLanguage":"fr-FR"},{"@type":"WebPage","@id":"https:\/\/all-car-news.com\/fr\/10-points-forts-de-liaa-munich-2023\/","url":"https:\/\/all-car-news.com\/fr\/10-points-forts-de-liaa-munich-2023\/","name":"10 points forts de l'IAA Munich 2023 - All cars news","isPartOf":{"@id":"https:\/\/all-car-news.com\/fr\/#website"},"datePublished":"2023-09-06T09:02:24+00:00","dateModified":"2023-09-06T09:02:24+00:00","breadcrumb":{"@id":"https:\/\/all-car-news.com\/fr\/10-points-forts-de-liaa-munich-2023\/#breadcrumb"},"inLanguage":"fr-FR","potentialAction":[{"@type":"ReadAction","target":["https:\/\/all-car-news.com\/fr\/10-points-forts-de-liaa-munich-2023\/"]}]},{"@type":"BreadcrumbList","@id":"https:\/\/all-car-news.com\/fr\/10-points-forts-de-liaa-munich-2023\/#breadcrumb","itemListElement":[{"@type":"ListItem","position":1,"name":"Home","item":"https:\/\/all-car-news.com\/fr\/"},{"@type":"ListItem","position":2,"name":"10 points forts de l&rsquo;IAA Munich 2023"}]},{"@type":"WebSite","@id":"https:\/\/all-car-news.com\/fr\/#website","url":"https:\/\/all-car-news.com\/fr\/","name":"All cars news","description":"","publisher":{"@id":"https:\/\/all-car-news.com\/fr\/#organization"},"potentialAction":[{"@type":"SearchAction","target":{"@type":"EntryPoint","urlTemplate":"https:\/\/all-car-news.com\/fr\/?s={search_term_string}"},"query-input":"required name=search_term_string"}],"inLanguage":"fr-FR"},{"@type":"Organization","@id":"https:\/\/all-car-news.com\/fr\/#organization","name":"All cars news","url":"https:\/\/all-car-news.com\/fr\/","logo":{"@type":"ImageObject","inLanguage":"fr-FR","@id":"https:\/\/all-car-news.com\/fr\/#\/schema\/logo\/image\/","url":"https:\/\/all-car-news.com\/wp-content\/uploads\/2022\/02\/CMYK-AllCarNews_LANDSCAPE_300px-1.png","contentUrl":"https:\/\/all-car-news.com\/wp-content\/uploads\/2022\/02\/CMYK-AllCarNews_LANDSCAPE_300px-1.png","width":300,"height":100,"caption":"All cars news"},"image":{"@id":"https:\/\/all-car-news.com\/fr\/#\/schema\/logo\/image\/"}}]}},"_links":{"self":[{"href":"https:\/\/all-car-news.com\/fr\/wp-json\/wp\/v2\/posts\/138788","targetHints":{"allow":["GET"]}}],"collection":[{"href":"https:\/\/all-car-news.com\/fr\/wp-json\/wp\/v2\/posts"}],"about":[{"href":"https:\/\/all-car-news.com\/fr\/wp-json\/wp\/v2\/types\/post"}],"replies":[{"embeddable":true,"href":"https:\/\/all-car-news.com\/fr\/wp-json\/wp\/v2\/comments?post=138788"}],"version-history":[{"count":0,"href":"https:\/\/all-car-news.com\/fr\/wp-json\/wp\/v2\/posts\/138788\/revisions"}],"wp:featuredmedia":[{"embeddable":true,"href":"https:\/\/all-car-news.com\/fr\/wp-json\/wp\/v2\/media\/138748"}],"wp:attachment":[{"href":"https:\/\/all-car-news.com\/fr\/wp-json\/wp\/v2\/media?parent=138788"}],"wp:term":[{"taxonomy":"category","embeddable":true,"href":"https:\/\/all-car-news.com\/fr\/wp-json\/wp\/v2\/categories?post=138788"},{"taxonomy":"post_tag","embeddable":true,"href":"https:\/\/all-car-news.com\/fr\/wp-json\/wp\/v2\/tags?post=138788"}],"curies":[{"name":"wp","href":"https:\/\/api.w.org\/{rel}","templated":true}]}}