{"id":138710,"date":"2023-09-04T07:17:06","date_gmt":"2023-09-04T07:17:06","guid":{"rendered":"https:\/\/all-car-news.com\/centrale-zeekr-001-fr\/"},"modified":"2023-09-04T07:17:06","modified_gmt":"2023-09-04T07:17:06","slug":"centrale-zeekr-001-fr","status":"publish","type":"post","link":"https:\/\/all-car-news.com\/fr\/centrale-zeekr-001-fr\/","title":{"rendered":"Centrale : ZEEKR 001 FR"},"content":{"rendered":"<h2>Groupe motopropulseur<\/h2>\n<p>Le ZEEKR 001 FR pr\u00e9sente un design ext\u00e9rieur et int\u00e9rieur unique qui met l&rsquo;accent sur la r\u00e9duction du poids. C&rsquo;est pourquoi de nombreux composants l\u00e9gers en fibre de carbone ont \u00e9t\u00e9 utilis\u00e9s. Gr\u00e2ce aux moteurs \u00e9lectriques Quad en carbure de silicium et aux technologies logicielles et mat\u00e9rielles internes, le ZEEKR 001 FR utilise des technologies de vectorisation du couple qui envoient une puissance maximale \u00e0 chaque roue et peuvent ajuster la puissance \u00e0 chaque roue en quelques millisecondes pour une v\u00e9ritable exp\u00e9rience de performance. La puissance du syst\u00e8me s&rsquo;\u00e9l\u00e8ve \u00e0 1 265 ch, le sprint de 0 \u00e0 100 km\/h s&rsquo;effectuant en 2,07 secondes.<\/p>\n<h2>Batterie ZEEKR 001 FR<\/h2>\n<p>La voiture utilise un pack de batteries CATL Qilin de 100kWh avec un support technologique de 800V. Charger la batterie de 10 \u00e0 80 % ne prend que 15 minutes avec un chargeur rapide. Rien n&rsquo;est encore connu sur la gamme.<\/p>\n<figure class=\"wp-block-image size-content\"><img decoding=\"async\" loading=\"lazy\" width=\"1140\" height=\"713\" src=\"https:\/\/autorai.nl\/wp-content\/uploads\/2023\/09\/zeekr-001-fr-2023-foto3-1140x713.jpg\" alt=\"ZEEKR 001 FR\" class=\"wp-image-165752\"><\/figure>\n<h2>S&rsquo;habituer \u00e0 la puissance<\/h2>\n<p>Les livraisons du nouveau ZEEKR 001 FR d\u00e9buteront en octobre 2023, avec une production limit\u00e9e \u00e0 99 voitures par mois. Chaque acheteur b\u00e9n\u00e9ficie de s\u00e9ances de formation personnalis\u00e9es pour s&rsquo;habituer \u00e0 la conduite de v\u00e9hicules puissants.<\/p>\n<h2>R\u00e9seau de recharge propre ZEEKR<\/h2>\n<p>ZEEKR pr\u00e9voit d\u00e9j\u00e0 de mettre en place son propre r\u00e9seau de recharge en Chine. D&rsquo;ici \u00e0 2023, 450 nouvelles stations de recharge ultra-rapide seront install\u00e9es dans toute la Chine. La marque travaille \u00e9galement sur une nouvelle station de charge V3 d&rsquo;une capacit\u00e9 de charge maximale de 800 kW et d&rsquo;une tension de sortie maximale de 1 000 V avec un courant de sortie maximal de 800 A. \u00c0 court terme, ZEEKR esp\u00e8re atteindre 1 000 stations de charge ultra-rapide d&rsquo;ici 2024.<\/p>\n<div class=\"galery shuffle galery-0\">\n<figure>\n\t\t\t\t\t<span style=\"cursor: pointer\" data-src=\"https:\/\/autorai.nl\/wp-content\/uploads\/2023\/09\/zeekr-001-fr-2023-foto1-1600x1000.jpg\" data-fancybox=\"galery-0\" title=\"\"><br \/>\n\t\t\t\t\t\t\t<img decoding=\"async\" width=\"640\" height=\"480\" src=\"https:\/\/autorai.nl\/wp-content\/uploads\/2023\/09\/zeekr-001-fr-2023-foto1-640x480.jpg\" class=\"attachment-medium size-medium\" alt=\"\" loading=\"lazy\"><i class=\"fa fa-search-plus\" aria-hidden=\"true\"><\/i><br \/>\n\t\t\t\t\t\t<\/span><br \/>\n\t\t\t\t\t<\/figure>\n<figure>\n\t\t\t\t\t<span style=\"cursor: pointer\" data-src=\"https:\/\/autorai.nl\/wp-content\/uploads\/2023\/09\/zeekr-001-fr-2023-foto12-1600x1000.jpg\" data-fancybox=\"galery-0\" title=\"\"><br \/>\n\t\t\t\t\t\t\t<img decoding=\"async\" width=\"360\" height=\"270\" src=\"https:\/\/autorai.nl\/wp-content\/uploads\/2023\/09\/zeekr-001-fr-2023-foto12-360x270.jpg\" class=\"attachment-small size-small\" alt=\"\" loading=\"lazy\"><i class=\"fa fa-search-plus\" aria-hidden=\"true\"><\/i><br \/>\n\t\t\t\t\t\t<\/span><br \/>\n\t\t\t\t\t<\/figure>\n<figure>\n\t\t\t\t\t<span style=\"cursor: pointer\" data-src=\"https:\/\/autorai.nl\/wp-content\/uploads\/2023\/09\/zeekr-001-fr-2023-foto11-1600x1000.jpg\" data-fancybox=\"galery-0\" title=\"\"><br \/>\n\t\t\t\t\t\t\t<img decoding=\"async\" width=\"360\" height=\"270\" src=\"https:\/\/autorai.nl\/wp-content\/uploads\/2023\/09\/zeekr-001-fr-2023-foto11-360x270.jpg\" class=\"attachment-small size-small\" alt=\"\" loading=\"lazy\"><i class=\"fa fa-search-plus\" aria-hidden=\"true\"><\/i><br \/>\n\t\t\t\t\t\t<\/span><br \/>\n\t\t\t\t\t<\/figure>\n<figure>\n\t\t\t\t\t<span style=\"cursor: pointer\" data-src=\"https:\/\/autorai.nl\/wp-content\/uploads\/2023\/09\/zeekr-001-fr-2023-foto10-1600x1000.jpg\" data-fancybox=\"galery-0\" title=\"\"><br \/>\n\t\t\t\t\t\t\t<img decoding=\"async\" width=\"640\" height=\"480\" src=\"https:\/\/autorai.nl\/wp-content\/uploads\/2023\/09\/zeekr-001-fr-2023-foto10-640x480.jpg\" class=\"attachment-medium size-medium\" alt=\"\" loading=\"lazy\"><i class=\"fa fa-search-plus\" aria-hidden=\"true\"><\/i><br \/>\n\t\t\t\t\t\t<\/span><br \/>\n\t\t\t\t\t<\/figure>\n<figure>\n\t\t\t\t\t<span style=\"cursor: pointer\" data-src=\"https:\/\/autorai.nl\/wp-content\/uploads\/2023\/09\/zeekr-001-fr-2023-foto9-1600x1000.jpg\" data-fancybox=\"galery-0\" title=\"\"><br \/>\n\t\t\t\t\t\t\t<img decoding=\"async\" width=\"360\" height=\"270\" src=\"https:\/\/autorai.nl\/wp-content\/uploads\/2023\/09\/zeekr-001-fr-2023-foto9-360x270.jpg\" class=\"attachment-small size-small\" alt=\"\" loading=\"lazy\"><i class=\"fa fa-search-plus\" aria-hidden=\"true\"><\/i><br \/>\n\t\t\t\t\t\t<\/span><br \/>\n\t\t\t\t\t<\/figure>\n<figure>\n\t\t\t\t\t<span style=\"cursor: pointer\" data-src=\"https:\/\/autorai.nl\/wp-content\/uploads\/2023\/09\/zeekr-001-fr-2023-foto8-1600x1000.jpg\" data-fancybox=\"galery-0\" title=\"\"><br \/>\n\t\t\t\t\t\t\t<img decoding=\"async\" width=\"360\" height=\"270\" src=\"https:\/\/autorai.nl\/wp-content\/uploads\/2023\/09\/zeekr-001-fr-2023-foto8-360x270.jpg\" class=\"attachment-small size-small\" alt=\"\" loading=\"lazy\"><i class=\"fa fa-search-plus\" aria-hidden=\"true\"><\/i><br \/>\n\t\t\t\t\t\t<\/span><br \/>\n\t\t\t\t\t<\/figure>\n<figure>\n\t\t\t\t\t<span style=\"cursor: pointer\" data-src=\"https:\/\/autorai.nl\/wp-content\/uploads\/2023\/09\/zeekr-001-fr-2023-foto7-1600x1000.jpg\" data-fancybox=\"galery-0\" title=\"\"><br \/>\n\t\t\t\t\t\t\t<img decoding=\"async\" width=\"640\" height=\"480\" src=\"https:\/\/autorai.nl\/wp-content\/uploads\/2023\/09\/zeekr-001-fr-2023-foto7-640x480.jpg\" class=\"attachment-medium size-medium\" alt=\"\" loading=\"lazy\"><i class=\"fa fa-search-plus\" aria-hidden=\"true\"><\/i><br \/>\n\t\t\t\t\t\t<\/span><br \/>\n\t\t\t\t\t<\/figure>\n<figure>\n\t\t\t\t\t<span style=\"cursor: pointer\" data-src=\"https:\/\/autorai.nl\/wp-content\/uploads\/2023\/09\/zeekr-001-fr-2023-foto6-1600x1000.jpg\" data-fancybox=\"galery-0\" title=\"\"><br \/>\n\t\t\t\t\t\t\t<img decoding=\"async\" width=\"360\" height=\"270\" src=\"https:\/\/autorai.nl\/wp-content\/uploads\/2023\/09\/zeekr-001-fr-2023-foto6-360x270.jpg\" class=\"attachment-small size-small\" alt=\"\" loading=\"lazy\"><i class=\"fa fa-search-plus\" aria-hidden=\"true\"><\/i><br \/>\n\t\t\t\t\t\t<\/span><br \/>\n\t\t\t\t\t<\/figure>\n<figure>\n\t\t\t\t\t<span style=\"cursor: pointer\" data-src=\"https:\/\/autorai.nl\/wp-content\/uploads\/2023\/09\/zeekr-001-fr-2023-foto5-1600x1000.jpg\" data-fancybox=\"galery-0\" title=\"\"><br \/>\n\t\t\t\t\t\t\t<img decoding=\"async\" width=\"360\" height=\"270\" src=\"https:\/\/autorai.nl\/wp-content\/uploads\/2023\/09\/zeekr-001-fr-2023-foto5-360x270.jpg\" class=\"attachment-small size-small\" alt=\"\" loading=\"lazy\"><i class=\"fa fa-search-plus\" aria-hidden=\"true\"><\/i><br \/>\n\t\t\t\t\t\t<\/span><br \/>\n\t\t\t\t\t<\/figure>\n<figure>\n\t\t\t\t\t<span style=\"cursor: pointer\" data-src=\"https:\/\/autorai.nl\/wp-content\/uploads\/2023\/09\/zeekr-001-fr-2023-foto4-1600x1000.jpg\" data-fancybox=\"galery-0\" title=\"\"><br \/>\n\t\t\t\t\t\t\t<img decoding=\"async\" width=\"640\" height=\"480\" src=\"https:\/\/autorai.nl\/wp-content\/uploads\/2023\/09\/zeekr-001-fr-2023-foto4-640x480.jpg\" class=\"attachment-medium size-medium\" alt=\"ZEEKR 001 FR\" loading=\"lazy\"><i class=\"fa fa-search-plus\" aria-hidden=\"true\"><\/i><br \/>\n\t\t\t\t\t\t<\/span><br \/>\n\t\t\t\t\t<\/figure>\n<figure>\n\t\t\t\t\t<span style=\"cursor: pointer\" data-src=\"https:\/\/autorai.nl\/wp-content\/uploads\/2023\/09\/zeekr-001-fr-2023-foto3-1600x1000.jpg\" data-fancybox=\"galery-0\" title=\"\"><br \/>\n\t\t\t\t\t\t\t<img decoding=\"async\" width=\"360\" height=\"270\" src=\"https:\/\/autorai.nl\/wp-content\/uploads\/2023\/09\/zeekr-001-fr-2023-foto3-360x270.jpg\" class=\"attachment-small size-small\" alt=\"ZEEKR 001 FR\" loading=\"lazy\"><i class=\"fa fa-search-plus\" aria-hidden=\"true\"><\/i><br \/>\n\t\t\t\t\t\t<\/span><br \/>\n\t\t\t\t\t<\/figure>\n<figure>\n\t\t\t\t\t<span style=\"cursor: pointer\" data-src=\"https:\/\/autorai.nl\/wp-content\/uploads\/2023\/09\/zeekr-001-fr-2023-foto2-1600x1000.jpg\" data-fancybox=\"galery-0\" title=\"\"><br \/>\n\t\t\t\t\t\t\t<img decoding=\"async\" width=\"360\" height=\"270\" src=\"https:\/\/autorai.nl\/wp-content\/uploads\/2023\/09\/zeekr-001-fr-2023-foto2-360x270.jpg\" class=\"attachment-small size-small\" alt=\"ZEEKR 001 FR\" loading=\"lazy\"><i class=\"fa fa-search-plus\" aria-hidden=\"true\"><\/i><br \/>\n\t\t\t\t\t\t<\/span><br \/>\n\t\t\t\t\t<\/figure>\n<div class=\"clear\"><\/div>\n<\/div>\n","protected":false},"excerpt":{"rendered":"Groupe motopropulseur Le ZEEKR 001 FR pr\u00e9sente un design ext\u00e9rieur et int\u00e9rieur unique qui met l'accent sur la r\u00e9duction du\u2026","protected":false},"author":0,"featured_media":138672,"comment_status":"","ping_status":"open","sticky":false,"template":"","format":"standard","meta":{"footnotes":""},"categories":[127],"tags":[],"class_list":["post-138710","post","type-post","status-publish","format-standard","has-post-thumbnail","hentry","category-nouvelles-de-voiture"],"acf":[],"yoast_head":"<!-- This site is optimized with the Yoast SEO plugin v21.2 - https:\/\/yoast.com\/wordpress\/plugins\/seo\/ -->\n<title>Centrale : ZEEKR 001 FR - All cars news<\/title>\n<meta name=\"robots\" content=\"index, follow, max-snippet:-1, max-image-preview:large, max-video-preview:-1\" \/>\n<link rel=\"canonical\" href=\"https:\/\/all-car-news.com\/fr\/centrale-zeekr-001-fr\/\" \/>\n<meta property=\"og:locale\" content=\"fr_FR\" \/>\n<meta property=\"og:type\" content=\"article\" \/>\n<meta property=\"og:title\" content=\"Centrale : ZEEKR 001 FR - All cars news\" \/>\n<meta property=\"og:description\" content=\"Groupe motopropulseur Le ZEEKR 001 FR pr\u00e9sente un design ext\u00e9rieur et int\u00e9rieur unique qui met l&#039;accent sur la r\u00e9duction du poids. C&#039;est pourquoi de nombreux composants l\u00e9gers en fibre de carbone ont \u00e9t\u00e9 utilis\u00e9s. Gr\u00e2ce aux moteurs \u00e9lectriques Quad en carbure de silicium et aux technologies logicielles et mat\u00e9rielles internes, le ZEEKR 001 FR utilise des technologies de vectorisation du couple qui envoient la puissance maximale \u00e0 chaque roue et \u00e0 la [...].\" \/>\n<meta property=\"og:url\" content=\"https:\/\/all-car-news.com\/fr\/centrale-zeekr-001-fr\/\" \/>\n<meta property=\"og:site_name\" content=\"All cars news\" \/>\n<meta property=\"article:published_time\" content=\"2023-09-04T07:17:06+00:00\" \/>\n<meta property=\"og:image\" content=\"https:\/\/autorai.nl\/wp-content\/uploads\/2023\/09\/zeekr-001-fr-2023-foto3-1140x713.jpg\" \/>\n<meta name=\"twitter:card\" content=\"summary_large_image\" \/>\n<meta name=\"twitter:label1\" content=\"Dur\u00e9e de lecture estim\u00e9e\" \/>\n\t<meta name=\"twitter:data1\" content=\"1 minute\" \/>\n<script type=\"application\/ld+json\" class=\"yoast-schema-graph\">{\"@context\":\"https:\/\/schema.org\",\"@graph\":[{\"@type\":\"Article\",\"@id\":\"https:\/\/all-car-news.com\/fr\/centrale-zeekr-001-fr\/#article\",\"isPartOf\":{\"@id\":\"https:\/\/all-car-news.com\/fr\/centrale-zeekr-001-fr\/\"},\"author\":{\"name\":\"\",\"@id\":\"\"},\"headline\":\"Centrale : ZEEKR 001 FR\",\"datePublished\":\"2023-09-04T07:17:06+00:00\",\"dateModified\":\"2023-09-04T07:17:06+00:00\",\"mainEntityOfPage\":{\"@id\":\"https:\/\/all-car-news.com\/fr\/centrale-zeekr-001-fr\/\"},\"wordCount\":273,\"publisher\":{\"@id\":\"https:\/\/all-car-news.com\/fr\/#organization\"},\"articleSection\":[\"nouvelles de voiture\"],\"inLanguage\":\"fr-FR\"},{\"@type\":\"WebPage\",\"@id\":\"https:\/\/all-car-news.com\/fr\/centrale-zeekr-001-fr\/\",\"url\":\"https:\/\/all-car-news.com\/fr\/centrale-zeekr-001-fr\/\",\"name\":\"Centrale : ZEEKR 001 FR - All cars news\",\"isPartOf\":{\"@id\":\"https:\/\/all-car-news.com\/fr\/#website\"},\"datePublished\":\"2023-09-04T07:17:06+00:00\",\"dateModified\":\"2023-09-04T07:17:06+00:00\",\"breadcrumb\":{\"@id\":\"https:\/\/all-car-news.com\/fr\/centrale-zeekr-001-fr\/#breadcrumb\"},\"inLanguage\":\"fr-FR\",\"potentialAction\":[{\"@type\":\"ReadAction\",\"target\":[\"https:\/\/all-car-news.com\/fr\/centrale-zeekr-001-fr\/\"]}]},{\"@type\":\"BreadcrumbList\",\"@id\":\"https:\/\/all-car-news.com\/fr\/centrale-zeekr-001-fr\/#breadcrumb\",\"itemListElement\":[{\"@type\":\"ListItem\",\"position\":1,\"name\":\"Home\",\"item\":\"https:\/\/all-car-news.com\/fr\/\"},{\"@type\":\"ListItem\",\"position\":2,\"name\":\"Centrale : ZEEKR 001 FR\"}]},{\"@type\":\"WebSite\",\"@id\":\"https:\/\/all-car-news.com\/fr\/#website\",\"url\":\"https:\/\/all-car-news.com\/fr\/\",\"name\":\"All cars news\",\"description\":\"\",\"publisher\":{\"@id\":\"https:\/\/all-car-news.com\/fr\/#organization\"},\"potentialAction\":[{\"@type\":\"SearchAction\",\"target\":{\"@type\":\"EntryPoint\",\"urlTemplate\":\"https:\/\/all-car-news.com\/fr\/?s={search_term_string}\"},\"query-input\":\"required name=search_term_string\"}],\"inLanguage\":\"fr-FR\"},{\"@type\":\"Organization\",\"@id\":\"https:\/\/all-car-news.com\/fr\/#organization\",\"name\":\"All cars news\",\"url\":\"https:\/\/all-car-news.com\/fr\/\",\"logo\":{\"@type\":\"ImageObject\",\"inLanguage\":\"fr-FR\",\"@id\":\"https:\/\/all-car-news.com\/fr\/#\/schema\/logo\/image\/\",\"url\":\"https:\/\/all-car-news.com\/wp-content\/uploads\/2022\/02\/CMYK-AllCarNews_LANDSCAPE_300px-1.png\",\"contentUrl\":\"https:\/\/all-car-news.com\/wp-content\/uploads\/2022\/02\/CMYK-AllCarNews_LANDSCAPE_300px-1.png\",\"width\":300,\"height\":100,\"caption\":\"All cars news\"},\"image\":{\"@id\":\"https:\/\/all-car-news.com\/fr\/#\/schema\/logo\/image\/\"}}]}<\/script>\n<!-- \/ Yoast SEO plugin. -->","yoast_head_json":{"title":"Centrale : ZEEKR 001 FR - All cars news","robots":{"index":"index","follow":"follow","max-snippet":"max-snippet:-1","max-image-preview":"max-image-preview:large","max-video-preview":"max-video-preview:-1"},"canonical":"https:\/\/all-car-news.com\/fr\/centrale-zeekr-001-fr\/","og_locale":"fr_FR","og_type":"article","og_title":"Centrale : ZEEKR 001 FR - All cars news","og_description":"Groupe motopropulseur Le ZEEKR 001 FR pr\u00e9sente un design ext\u00e9rieur et int\u00e9rieur unique qui met l'accent sur la r\u00e9duction du poids. C'est pourquoi de nombreux composants l\u00e9gers en fibre de carbone ont \u00e9t\u00e9 utilis\u00e9s. Gr\u00e2ce aux moteurs \u00e9lectriques Quad en carbure de silicium et aux technologies logicielles et mat\u00e9rielles internes, le ZEEKR 001 FR utilise des technologies de vectorisation du couple qui envoient la puissance maximale \u00e0 chaque roue et \u00e0 la [...].","og_url":"https:\/\/all-car-news.com\/fr\/centrale-zeekr-001-fr\/","og_site_name":"All cars news","article_published_time":"2023-09-04T07:17:06+00:00","og_image":[{"url":"https:\/\/autorai.nl\/wp-content\/uploads\/2023\/09\/zeekr-001-fr-2023-foto3-1140x713.jpg"}],"twitter_card":"summary_large_image","twitter_misc":{"Dur\u00e9e de lecture estim\u00e9e":"1 minute"},"schema":{"@context":"https:\/\/schema.org","@graph":[{"@type":"Article","@id":"https:\/\/all-car-news.com\/fr\/centrale-zeekr-001-fr\/#article","isPartOf":{"@id":"https:\/\/all-car-news.com\/fr\/centrale-zeekr-001-fr\/"},"author":{"name":"","@id":""},"headline":"Centrale : ZEEKR 001 FR","datePublished":"2023-09-04T07:17:06+00:00","dateModified":"2023-09-04T07:17:06+00:00","mainEntityOfPage":{"@id":"https:\/\/all-car-news.com\/fr\/centrale-zeekr-001-fr\/"},"wordCount":273,"publisher":{"@id":"https:\/\/all-car-news.com\/fr\/#organization"},"articleSection":["nouvelles de voiture"],"inLanguage":"fr-FR"},{"@type":"WebPage","@id":"https:\/\/all-car-news.com\/fr\/centrale-zeekr-001-fr\/","url":"https:\/\/all-car-news.com\/fr\/centrale-zeekr-001-fr\/","name":"Centrale : ZEEKR 001 FR - All cars news","isPartOf":{"@id":"https:\/\/all-car-news.com\/fr\/#website"},"datePublished":"2023-09-04T07:17:06+00:00","dateModified":"2023-09-04T07:17:06+00:00","breadcrumb":{"@id":"https:\/\/all-car-news.com\/fr\/centrale-zeekr-001-fr\/#breadcrumb"},"inLanguage":"fr-FR","potentialAction":[{"@type":"ReadAction","target":["https:\/\/all-car-news.com\/fr\/centrale-zeekr-001-fr\/"]}]},{"@type":"BreadcrumbList","@id":"https:\/\/all-car-news.com\/fr\/centrale-zeekr-001-fr\/#breadcrumb","itemListElement":[{"@type":"ListItem","position":1,"name":"Home","item":"https:\/\/all-car-news.com\/fr\/"},{"@type":"ListItem","position":2,"name":"Centrale : ZEEKR 001 FR"}]},{"@type":"WebSite","@id":"https:\/\/all-car-news.com\/fr\/#website","url":"https:\/\/all-car-news.com\/fr\/","name":"All cars news","description":"","publisher":{"@id":"https:\/\/all-car-news.com\/fr\/#organization"},"potentialAction":[{"@type":"SearchAction","target":{"@type":"EntryPoint","urlTemplate":"https:\/\/all-car-news.com\/fr\/?s={search_term_string}"},"query-input":"required name=search_term_string"}],"inLanguage":"fr-FR"},{"@type":"Organization","@id":"https:\/\/all-car-news.com\/fr\/#organization","name":"All cars news","url":"https:\/\/all-car-news.com\/fr\/","logo":{"@type":"ImageObject","inLanguage":"fr-FR","@id":"https:\/\/all-car-news.com\/fr\/#\/schema\/logo\/image\/","url":"https:\/\/all-car-news.com\/wp-content\/uploads\/2022\/02\/CMYK-AllCarNews_LANDSCAPE_300px-1.png","contentUrl":"https:\/\/all-car-news.com\/wp-content\/uploads\/2022\/02\/CMYK-AllCarNews_LANDSCAPE_300px-1.png","width":300,"height":100,"caption":"All cars news"},"image":{"@id":"https:\/\/all-car-news.com\/fr\/#\/schema\/logo\/image\/"}}]}},"_links":{"self":[{"href":"https:\/\/all-car-news.com\/fr\/wp-json\/wp\/v2\/posts\/138710","targetHints":{"allow":["GET"]}}],"collection":[{"href":"https:\/\/all-car-news.com\/fr\/wp-json\/wp\/v2\/posts"}],"about":[{"href":"https:\/\/all-car-news.com\/fr\/wp-json\/wp\/v2\/types\/post"}],"replies":[{"embeddable":true,"href":"https:\/\/all-car-news.com\/fr\/wp-json\/wp\/v2\/comments?post=138710"}],"version-history":[{"count":0,"href":"https:\/\/all-car-news.com\/fr\/wp-json\/wp\/v2\/posts\/138710\/revisions"}],"wp:featuredmedia":[{"embeddable":true,"href":"https:\/\/all-car-news.com\/fr\/wp-json\/wp\/v2\/media\/138672"}],"wp:attachment":[{"href":"https:\/\/all-car-news.com\/fr\/wp-json\/wp\/v2\/media?parent=138710"}],"wp:term":[{"taxonomy":"category","embeddable":true,"href":"https:\/\/all-car-news.com\/fr\/wp-json\/wp\/v2\/categories?post=138710"},{"taxonomy":"post_tag","embeddable":true,"href":"https:\/\/all-car-news.com\/fr\/wp-json\/wp\/v2\/tags?post=138710"}],"curies":[{"name":"wp","href":"https:\/\/api.w.org\/{rel}","templated":true}]}}