{"id":138708,"date":"2023-09-04T07:31:52","date_gmt":"2023-09-04T07:31:52","guid":{"rendered":"https:\/\/all-car-news.com\/bmw-vision-neue-klasse-une-realite-en-2025\/"},"modified":"2023-09-04T07:31:52","modified_gmt":"2023-09-04T07:31:52","slug":"bmw-vision-neue-klasse-une-realite-en-2025","status":"publish","type":"post","link":"https:\/\/all-car-news.com\/fr\/bmw-vision-neue-klasse-une-realite-en-2025\/","title":{"rendered":"BMW Vision Neue Klasse : une r\u00e9alit\u00e9 en 2025 !"},"content":{"rendered":"<h2>La nouvelle classe de BMW arrive en 2025<\/h2>\n<p>\u00ab\u00a0La BMW Vision Neue Klasse combine nos capacit\u00e9s d&rsquo;innovation en mati\u00e8re d&rsquo;\u00e9lectrification, de num\u00e9risation et de circularit\u00e9\u00a0\u00bb, a d\u00e9clar\u00e9 Oliver Zipse, pr\u00e9sident du directoire de BMW AG. \u00ab\u00a0De cette mani\u00e8re, nous pouvons toujours avoir deux longueurs d&rsquo;avance sur l&rsquo;avenir. En 2025, la Neue Klasse mettra sur la route la mobilit\u00e9 de la prochaine d\u00e9cennie et fera entrer BMW dans une nouvelle \u00e8re.\u00a0\u00bb<\/p>\n<h2>En bref<\/h2>\n<p>La BMW Vision Neue Klasse interpr\u00e8te un nouveau langage stylistique avec de grandes surfaces et seulement quelques lignes de caract\u00e8re. La voiture a une allure tr\u00e8s minimaliste. Cette approche accentue les caract\u00e9ristiques famili\u00e8res du design BMW, telles que la calandre r\u00e9niforme et la courbe Hofmeister au niveau des vitres lat\u00e9rales, pour donner au design une allure BMW puissante. Dans l&rsquo;habitacle, on retrouve la nouvelle g\u00e9n\u00e9ration du concept de commande BMW iDrive. L&#8217;empreinte carbone sur l&rsquo;ensemble du cycle de vie de la Neue Klasse est faible gr\u00e2ce au recyclage intensif des mati\u00e8res premi\u00e8res, \u00e0 une production tr\u00e8s \u00e9conome en \u00e9nergie et \u00e0 un groupe motopropulseur enti\u00e8rement \u00e9lectrique dot\u00e9 de la technologie BMW eDrive de sixi\u00e8me g\u00e9n\u00e9ration.<\/p>\n<h2>Plus 30 pour cent<\/h2>\n<p>\u00ab\u00a0Avec 30 % d&rsquo;autonomie en plus, 30 % de charge en plus et 25 % d&rsquo;efficacit\u00e9 en plus, la Neue Klasse fait un grand pas en avant pour EfficientDynamics. Il en va de m\u00eame pour le design, qui ne pourrait pas \u00eatre plus futuriste\u00a0\u00bb, d\u00e9clare Frank Weber, membre du conseil d&rsquo;administration de BMW AG charg\u00e9 du d\u00e9veloppement. \u00ab\u00a0Avec la Neue Klasse, nous nous sommes lanc\u00e9s dans le plus gros investissement de l&rsquo;entreprise. Ce faisant, nous n&rsquo;\u00e9crivons pas un nouveau chapitre de BMW, nous \u00e9crivons un tout nouveau livre. C&rsquo;est pourquoi la Neue Klasse aura un impact majeur sur nos g\u00e9n\u00e9rations de mod\u00e8les.\u00a0\u00bb<\/p>\n<figure class=\"wp-block-image size-content\"><img decoding=\"async\" loading=\"lazy\" width=\"1140\" height=\"855\" src=\"https:\/\/autorai.nl\/wp-content\/uploads\/2023\/09\/BMW-Vision-Neue-Klasse-2023-foto-1-1140x855.jpg\" alt=\"BMW Vision Neue Klasse\" class=\"wp-image-165766\"><\/figure>\n<h2>En savoir plus sur le design<\/h2>\n<p>L&rsquo;ext\u00e9rieur pr\u00e9sente des \u00e9l\u00e9ments de design qui caract\u00e9riseront les diff\u00e9rents mod\u00e8les Neue Klasse. \u00ab\u00a0Le design est clair, \u00e9l\u00e9gant et intemporel. La nouvelle architecture des v\u00e9hicules tout \u00e9lectriques ouvre de nouvelles possibilit\u00e9s en mati\u00e8re de design int\u00e9rieur. La Neue Klasse est ouvertement BMW et en m\u00eame temps si progressiste qu&rsquo;on a l&rsquo;impression d&rsquo;avoir saut\u00e9 une g\u00e9n\u00e9ration de mod\u00e8les\u00a0\u00bb, a d\u00e9clar\u00e9 Adrian van Hooydonk, directeur du design de BMW Group.<\/p>\n<h2>Caract\u00e9ristiques<\/h2>\n<p>Des passages de roues \u00e0 l&rsquo;allure puissante, une ligne de toit inclin\u00e9e et une face avant en forme de \u00ab\u00a0nez de requin\u00a0\u00bb sont des caract\u00e9ristiques distinctives du design BMW. Les jantes a\u00e9rodynamiques de 21 pouces se distinguent par un design classique \u00e0 rayons crois\u00e9s issu du sport automobile. En m\u00eame temps, la carrosserie presque monolithique, avec de puissantes encoches \u00e0 l&rsquo;avant et \u00e0 l&rsquo;arri\u00e8re, et les grandes surfaces vitr\u00e9es cr\u00e9ent une nouvelle image esth\u00e9tique.<\/p>\n<h2>L&rsquo;\u00e9clat joyeux<\/h2>\n<p>La couleur de carrosserie \u00ab\u00a0Joyeus Bright\u00a0\u00bb, avec une subtile nuance de jaune, souligne la personnalit\u00e9 conviviale et tourn\u00e9e vers l&rsquo;avenir de la BMW Vision Neue Klasse. Les jupes lat\u00e9rales et les pare-chocs noirs apportent un certain contraste. Avec un pourcentage plus \u00e9lev\u00e9 de r\u00e9utilisation des mati\u00e8res premi\u00e8res et une r\u00e9duction significative de divers mat\u00e9riaux, des progr\u00e8s \u00e9vidents ont \u00e9t\u00e9 r\u00e9alis\u00e9s en termes de circularit\u00e9. Un concept de d\u00e9montage am\u00e9lior\u00e9 permettra \u00e9galement d&rsquo;optimiser le recyclage des mod\u00e8les Neue Klasse \u00e0 la fin de leur phase d&rsquo;utilisation.<\/p>\n<figure class=\"wp-block-image size-content\"><img decoding=\"async\" loading=\"lazy\" width=\"1140\" height=\"641\" src=\"https:\/\/autorai.nl\/wp-content\/uploads\/2023\/09\/BMW-Vision-Neue-Klasse-2023-foto-19-1140x641.jpg\" alt=\"BMW Vision Neue Klasse\" class=\"wp-image-165784\"><\/figure>\n<h2>La nouvelle g\u00e9n\u00e9ration de BMW iDrive<\/h2>\n<p>Les commandes analogiques ont \u00e9t\u00e9 r\u00e9duites au minimum dans la BMW Vision Neue Klasse. L&rsquo;interaction entre l&rsquo;homme et le v\u00e9hicule se fait par le biais de la vision panoramique BMW, de l&rsquo;\u00e9cran central, des boutons multifonctions sur le volant et de la commande vocale \u00e9prouv\u00e9e de l&rsquo;assistant personnel intelligent BMW. Ainsi, cette nouvelle g\u00e9n\u00e9ration de BMW iDrive est une interpr\u00e9tation moderne de la commande orient\u00e9e vers le conducteur.<\/p>\n<h2>Vision panoramique BMW<\/h2>\n<p>Avec la premi\u00e8re de la BMW Panoramic Vision dans la Neue Klasse, la marque prend une fois de plus les devants, comme elle l&rsquo;a fait pr\u00e9c\u00e9demment avec le contr\u00f4leur BMW iDrive dans la console centrale et l&rsquo;affichage t\u00eate haute BMW. Le conducteur voit les informations projet\u00e9es \u00e0 la hauteur id\u00e9ale du champ de vision et aussi, pour la premi\u00e8re fois, sur toute la largeur du pare-brise. Cette innovation compl\u00e8te l&rsquo;affichage t\u00eate haute BMW am\u00e9lior\u00e9 dans les mod\u00e8les de production de la Neue Klasse.<\/p>\n<p>Dans cette nouvelle g\u00e9n\u00e9ration de BMW iDrive, le conducteur et le passager avant peuvent acc\u00e9der et partager des informations sur BMW Panoramic Vision. Le conducteur peut d\u00e9placer le contenu affich\u00e9 de l&rsquo;\u00e9cran central vers BMW Panoramic Vision d&rsquo;un simple geste.<\/p>\n<h2>\u00c9clairage int\u00e9rieur<\/h2>\n<p>Une interaction coordonn\u00e9e entre l&rsquo;\u00e9clairage int\u00e9rieur Ambiance, les graphiques de l&rsquo;\u00e9cran central et la vision panoramique BMW enrichit l&rsquo;exp\u00e9rience de l&rsquo;utilisateur, qui peut \u00e9galement \u00eatre personnalis\u00e9e gr\u00e2ce \u00e0 My Modes. Le nouveau BMW iDrive est bas\u00e9 sur une architecture logicielle hautement int\u00e9gr\u00e9e qui regroupe les donn\u00e9es li\u00e9es \u00e0 l&rsquo;exp\u00e9rience de conduite et \u00e0 l&rsquo;infodivertissement avec des donn\u00e9es provenant de l&rsquo;\u00e9lectronique du v\u00e9hicule, des syst\u00e8mes \u00e9lectriques et du nuage BMW.<\/p>\n<h2>Le cuir ? Ce n&rsquo;est pas fait !<\/h2>\n<p>La sellerie en tissu cr\u00e9e une atmosph\u00e8re confortable dans la BMW Vision Neue Klasse. Derri\u00e8re le volant dont le haut et le bas sont aplatis, un tableau de bord de couleur claire orne l&rsquo;\u00e9cran central avec un r\u00e9tro\u00e9clairage matriciel sur les bords. Un compartiment de recharge pour smartphone et une poign\u00e9e de transmission brillante se trouvent sur la console centrale. Les si\u00e8ges avant sont reli\u00e9s au plancher par un rail unique, ce qui offre plus d&rsquo;espace pour les jambes \u00e0 l&rsquo;arri\u00e8re. Les passagers arri\u00e8re b\u00e9n\u00e9ficient \u00e9galement d&rsquo;espace gr\u00e2ce \u00e0 deux si\u00e8ges individuels. L&rsquo;int\u00e9rieur est enti\u00e8rement d\u00e9pourvu de chrome et de cuir d\u00e9coratifs et contribue \u00e0 r\u00e9duire l&#8217;empreinte carbone du processus de production.<\/p>\n<h2>R\u00e9duction des \u00e9missions de CO2 dans la production, technologie BMW eDrive de sixi\u00e8me g\u00e9n\u00e9ration<\/h2>\n<p>La production de la Neue Klasse aura bient\u00f4t lieu dans la nouvelle usine de BMW Group \u00e0 Debrecen, en Hongrie. Cette usine fonctionne enti\u00e8rement sans combustibles fossiles et fait un usage intensif de mati\u00e8res premi\u00e8res brutes et recycl\u00e9es dont l&rsquo;extraction et la production entra\u00eenent moins d&rsquo;\u00e9missions de CO2. La Neue Klasse donnera \u00e9galement un coup de fouet \u00e0 la mobilit\u00e9 individuelle \u00e9conome en \u00e9nergie. Le poids optimis\u00e9 du v\u00e9hicule et la faible r\u00e9sistance \u00e0 l&rsquo;air et au roulement y contribuent. Le niveau \u00e9lev\u00e9 d&rsquo;efficacit\u00e9 est en partie obtenu gr\u00e2ce \u00e0 une gestion intelligente de la chaleur, en particulier pour la cha\u00eene de traction \u00e9lectrique dot\u00e9e de la technologie BMW eDrive de sixi\u00e8me g\u00e9n\u00e9ration.<\/p>\n<p>Outre les moteurs \u00e9lectriques tr\u00e8s efficaces, la nouvelle technologie BMW eDrive s&rsquo;appuie \u00e9galement sur des batteries nouvellement d\u00e9velopp\u00e9es. Les piles rondes utilis\u00e9es ont une densit\u00e9 \u00e9nerg\u00e9tique sup\u00e9rieure de plus de 20 % \u00e0 celle des piles prismatiques utilis\u00e9es jusqu&rsquo;\u00e0 pr\u00e9sent. Gr\u00e2ce \u00e0 la technologie BMW eDrive de sixi\u00e8me g\u00e9n\u00e9ration, la vitesse de chargement de la Neue Klasse sera am\u00e9lior\u00e9e de 30 % et la voiture offrira \u00e9galement une autonomie accrue de 30 %. En fin de compte, cela permet d&rsquo;am\u00e9liorer l&rsquo;efficacit\u00e9 des v\u00e9hicules de 25 %.<\/p>\n<h2>L&rsquo;avenir de BMW<\/h2>\n<p>En r\u00e9sum\u00e9, la BMW Vision Neue Klasse est une voiture conceptuelle qui englobe tout le spectre des innovations technologiques que BMW Group utilise pour mettre en avant sa durabilit\u00e9 future. La BMW Vision Neue Klasse annonce le d\u00e9but d&rsquo;une nouvelle \u00e8re de mobilit\u00e9 individuelle.<\/p>\n<div class=\"galery shuffle galery-0\">\n<figure>\n\t\t\t\t\t<span style=\"cursor: pointer\" data-src=\"https:\/\/autorai.nl\/wp-content\/uploads\/2023\/09\/BMW-Vision-Neue-Klasse-2023-foto-19-1600x900.jpg\" data-fancybox=\"galery-0\" title=\"\"><br \/>\n\t\t\t\t\t\t\t<img decoding=\"async\" width=\"640\" height=\"480\" src=\"https:\/\/autorai.nl\/wp-content\/uploads\/2023\/09\/BMW-Vision-Neue-Klasse-2023-foto-19-640x480.jpg\" class=\"attachment-medium size-medium\" alt=\"BMW Vision Neue Klasse\" loading=\"lazy\"><i class=\"fa fa-search-plus\" aria-hidden=\"true\"><\/i><br \/>\n\t\t\t\t\t\t<\/span><br \/>\n\t\t\t\t\t<\/figure>\n<figure>\n\t\t\t\t\t<span style=\"cursor: pointer\" data-src=\"https:\/\/autorai.nl\/wp-content\/uploads\/2023\/09\/BMW-Vision-Neue-Klasse-2023-foto-18-1600x900.jpg\" data-fancybox=\"galery-0\" title=\"\"><br \/>\n\t\t\t\t\t\t\t<img decoding=\"async\" width=\"360\" height=\"270\" src=\"https:\/\/autorai.nl\/wp-content\/uploads\/2023\/09\/BMW-Vision-Neue-Klasse-2023-foto-18-360x270.jpg\" class=\"attachment-small size-small\" alt=\"\" loading=\"lazy\"><i class=\"fa fa-search-plus\" aria-hidden=\"true\"><\/i><br \/>\n\t\t\t\t\t\t<\/span><br \/>\n\t\t\t\t\t<\/figure>\n<figure>\n\t\t\t\t\t<span style=\"cursor: pointer\" data-src=\"https:\/\/autorai.nl\/wp-content\/uploads\/2023\/09\/BMW-Vision-Neue-Klasse-2023-foto-17-1600x1200.jpg\" data-fancybox=\"galery-0\" title=\"\"><br \/>\n\t\t\t\t\t\t\t<img decoding=\"async\" width=\"360\" height=\"270\" src=\"https:\/\/autorai.nl\/wp-content\/uploads\/2023\/09\/BMW-Vision-Neue-Klasse-2023-foto-17-360x270.jpg\" class=\"attachment-small size-small\" alt=\"BMW Vision Neue Klasse\" loading=\"lazy\"><i class=\"fa fa-search-plus\" aria-hidden=\"true\"><\/i><br \/>\n\t\t\t\t\t\t<\/span><br \/>\n\t\t\t\t\t<\/figure>\n<figure>\n\t\t\t\t\t<span style=\"cursor: pointer\" data-src=\"https:\/\/autorai.nl\/wp-content\/uploads\/2023\/09\/BMW-Vision-Neue-Klasse-2023-foto-16-1600x1058.jpg\" data-fancybox=\"galery-0\" title=\"\"><br \/>\n\t\t\t\t\t\t\t<img decoding=\"async\" width=\"640\" height=\"480\" src=\"https:\/\/autorai.nl\/wp-content\/uploads\/2023\/09\/BMW-Vision-Neue-Klasse-2023-foto-16-640x480.jpg\" class=\"attachment-medium size-medium\" alt=\"\" loading=\"lazy\"><i class=\"fa fa-search-plus\" aria-hidden=\"true\"><\/i><br \/>\n\t\t\t\t\t\t<\/span><br \/>\n\t\t\t\t\t<\/figure>\n<figure>\n\t\t\t\t\t<span style=\"cursor: pointer\" data-src=\"https:\/\/autorai.nl\/wp-content\/uploads\/2023\/09\/BMW-Vision-Neue-Klasse-2023-foto-15-1600x1200.jpg\" data-fancybox=\"galery-0\" title=\"\"><br \/>\n\t\t\t\t\t\t\t<img decoding=\"async\" width=\"360\" height=\"270\" src=\"https:\/\/autorai.nl\/wp-content\/uploads\/2023\/09\/BMW-Vision-Neue-Klasse-2023-foto-15-360x270.jpg\" class=\"attachment-small size-small\" alt=\"\" loading=\"lazy\"><i class=\"fa fa-search-plus\" aria-hidden=\"true\"><\/i><br \/>\n\t\t\t\t\t\t<\/span><br \/>\n\t\t\t\t\t<\/figure>\n<figure>\n\t\t\t\t\t<span style=\"cursor: pointer\" data-src=\"https:\/\/autorai.nl\/wp-content\/uploads\/2023\/09\/BMW-Vision-Neue-Klasse-2023-foto-14-1600x1067.jpg\" data-fancybox=\"galery-0\" title=\"\"><br \/>\n\t\t\t\t\t\t\t<img decoding=\"async\" width=\"360\" height=\"270\" src=\"https:\/\/autorai.nl\/wp-content\/uploads\/2023\/09\/BMW-Vision-Neue-Klasse-2023-foto-14-360x270.jpg\" class=\"attachment-small size-small\" alt=\"\" loading=\"lazy\"><i class=\"fa fa-search-plus\" aria-hidden=\"true\"><\/i><br \/>\n\t\t\t\t\t\t<\/span><br \/>\n\t\t\t\t\t<\/figure>\n<figure>\n\t\t\t\t\t<span style=\"cursor: pointer\" data-src=\"https:\/\/autorai.nl\/wp-content\/uploads\/2023\/09\/BMW-Vision-Neue-Klasse-2023-foto-13-1600x1067.jpg\" data-fancybox=\"galery-0\" title=\"\"><br \/>\n\t\t\t\t\t\t\t<img decoding=\"async\" width=\"640\" height=\"480\" src=\"https:\/\/autorai.nl\/wp-content\/uploads\/2023\/09\/BMW-Vision-Neue-Klasse-2023-foto-13-640x480.jpg\" class=\"attachment-medium size-medium\" alt=\"\" loading=\"lazy\"><i class=\"fa fa-search-plus\" aria-hidden=\"true\"><\/i><br \/>\n\t\t\t\t\t\t<\/span><br \/>\n\t\t\t\t\t<\/figure>\n<figure>\n\t\t\t\t\t<span style=\"cursor: pointer\" data-src=\"https:\/\/autorai.nl\/wp-content\/uploads\/2023\/09\/BMW-Vision-Neue-Klasse-2023-foto-12-1600x1072.jpg\" data-fancybox=\"galery-0\" title=\"\"><br \/>\n\t\t\t\t\t\t\t<img decoding=\"async\" width=\"360\" height=\"270\" src=\"https:\/\/autorai.nl\/wp-content\/uploads\/2023\/09\/BMW-Vision-Neue-Klasse-2023-foto-12-360x270.jpg\" class=\"attachment-small size-small\" alt=\"\" loading=\"lazy\"><i class=\"fa fa-search-plus\" aria-hidden=\"true\"><\/i><br \/>\n\t\t\t\t\t\t<\/span><br \/>\n\t\t\t\t\t<\/figure>\n<figure>\n\t\t\t\t\t<span style=\"cursor: pointer\" data-src=\"https:\/\/autorai.nl\/wp-content\/uploads\/2023\/09\/BMW-Vision-Neue-Klasse-2023-foto-11-1600x1067.jpg\" data-fancybox=\"galery-0\" title=\"\"><br \/>\n\t\t\t\t\t\t\t<img decoding=\"async\" width=\"360\" height=\"270\" src=\"https:\/\/autorai.nl\/wp-content\/uploads\/2023\/09\/BMW-Vision-Neue-Klasse-2023-foto-11-360x270.jpg\" class=\"attachment-small size-small\" alt=\"\" loading=\"lazy\"><i class=\"fa fa-search-plus\" aria-hidden=\"true\"><\/i><br \/>\n\t\t\t\t\t\t<\/span><br \/>\n\t\t\t\t\t<\/figure>\n<figure>\n\t\t\t\t\t<span style=\"cursor: pointer\" data-src=\"https:\/\/autorai.nl\/wp-content\/uploads\/2023\/09\/BMW-Vision-Neue-Klasse-2023-foto-10-1600x1067.jpg\" data-fancybox=\"galery-0\" title=\"\"><br \/>\n\t\t\t\t\t\t\t<img decoding=\"async\" width=\"640\" height=\"480\" src=\"https:\/\/autorai.nl\/wp-content\/uploads\/2023\/09\/BMW-Vision-Neue-Klasse-2023-foto-10-640x480.jpg\" class=\"attachment-medium size-medium\" alt=\"\" loading=\"lazy\"><i class=\"fa fa-search-plus\" aria-hidden=\"true\"><\/i><br \/>\n\t\t\t\t\t\t<\/span><br \/>\n\t\t\t\t\t<\/figure>\n<figure>\n\t\t\t\t\t<span style=\"cursor: pointer\" data-src=\"https:\/\/autorai.nl\/wp-content\/uploads\/2023\/09\/BMW-Vision-Neue-Klasse-2023-foto-9-1600x1067.jpg\" data-fancybox=\"galery-0\" title=\"\"><br \/>\n\t\t\t\t\t\t\t<img decoding=\"async\" width=\"360\" height=\"270\" src=\"https:\/\/autorai.nl\/wp-content\/uploads\/2023\/09\/BMW-Vision-Neue-Klasse-2023-foto-9-360x270.jpg\" class=\"attachment-small size-small\" alt=\"\" loading=\"lazy\"><i class=\"fa fa-search-plus\" aria-hidden=\"true\"><\/i><br \/>\n\t\t\t\t\t\t<\/span><br \/>\n\t\t\t\t\t<\/figure>\n<figure>\n\t\t\t\t\t<span style=\"cursor: pointer\" data-src=\"https:\/\/autorai.nl\/wp-content\/uploads\/2023\/09\/BMW-Vision-Neue-Klasse-2023-foto-8-1600x1067.jpg\" data-fancybox=\"galery-0\" title=\"\"><br \/>\n\t\t\t\t\t\t\t<img decoding=\"async\" width=\"360\" height=\"270\" src=\"https:\/\/autorai.nl\/wp-content\/uploads\/2023\/09\/BMW-Vision-Neue-Klasse-2023-foto-8-360x270.jpg\" class=\"attachment-small size-small\" alt=\"\" loading=\"lazy\"><i class=\"fa fa-search-plus\" aria-hidden=\"true\"><\/i><br \/>\n\t\t\t\t\t\t<\/span><br \/>\n\t\t\t\t\t<\/figure>\n<figure>\n\t\t\t\t\t<span style=\"cursor: pointer\" data-src=\"https:\/\/autorai.nl\/wp-content\/uploads\/2023\/09\/BMW-Vision-Neue-Klasse-2023-foto-7-1600x1067.jpg\" data-fancybox=\"galery-0\" title=\"\"><br \/>\n\t\t\t\t\t\t\t<img decoding=\"async\" width=\"640\" height=\"480\" src=\"https:\/\/autorai.nl\/wp-content\/uploads\/2023\/09\/BMW-Vision-Neue-Klasse-2023-foto-7-640x480.jpg\" class=\"attachment-medium size-medium\" alt=\"\" loading=\"lazy\"><i class=\"fa fa-search-plus\" aria-hidden=\"true\"><\/i><br \/>\n\t\t\t\t\t\t<\/span><br \/>\n\t\t\t\t\t<\/figure>\n<figure>\n\t\t\t\t\t<span style=\"cursor: pointer\" data-src=\"https:\/\/autorai.nl\/wp-content\/uploads\/2023\/09\/BMW-Vision-Neue-Klasse-2023-foto-6-1600x1067.jpg\" data-fancybox=\"galery-0\" title=\"\"><br \/>\n\t\t\t\t\t\t\t<img decoding=\"async\" width=\"360\" height=\"270\" src=\"https:\/\/autorai.nl\/wp-content\/uploads\/2023\/09\/BMW-Vision-Neue-Klasse-2023-foto-6-360x270.jpg\" class=\"attachment-small size-small\" alt=\"\" loading=\"lazy\"><i class=\"fa fa-search-plus\" aria-hidden=\"true\"><\/i><br \/>\n\t\t\t\t\t\t<\/span><br \/>\n\t\t\t\t\t<\/figure>\n<figure>\n\t\t\t\t\t<span style=\"cursor: pointer\" data-src=\"https:\/\/autorai.nl\/wp-content\/uploads\/2023\/09\/BMW-Vision-Neue-Klasse-2023-foto-5-1600x1067.jpg\" data-fancybox=\"galery-0\" title=\"\"><br \/>\n\t\t\t\t\t\t\t<img decoding=\"async\" width=\"360\" height=\"270\" src=\"https:\/\/autorai.nl\/wp-content\/uploads\/2023\/09\/BMW-Vision-Neue-Klasse-2023-foto-5-360x270.jpg\" class=\"attachment-small size-small\" alt=\"\" loading=\"lazy\"><i class=\"fa fa-search-plus\" aria-hidden=\"true\"><\/i><br \/>\n\t\t\t\t\t\t<\/span><br \/>\n\t\t\t\t\t<\/figure>\n<figure>\n\t\t\t\t\t<span style=\"cursor: pointer\" data-src=\"https:\/\/autorai.nl\/wp-content\/uploads\/2023\/09\/BMW-Vision-Neue-Klasse-2023-foto-4-1600x1067.jpg\" data-fancybox=\"galery-0\" title=\"\"><br \/>\n\t\t\t\t\t\t\t<img decoding=\"async\" width=\"640\" height=\"480\" src=\"https:\/\/autorai.nl\/wp-content\/uploads\/2023\/09\/BMW-Vision-Neue-Klasse-2023-foto-4-640x480.jpg\" class=\"attachment-medium size-medium\" alt=\"\" loading=\"lazy\"><i class=\"fa fa-search-plus\" aria-hidden=\"true\"><\/i><br \/>\n\t\t\t\t\t\t<\/span><br \/>\n\t\t\t\t\t<\/figure>\n<figure>\n\t\t\t\t\t<span style=\"cursor: pointer\" data-src=\"https:\/\/autorai.nl\/wp-content\/uploads\/2023\/09\/BMW-Vision-Neue-Klasse-2023-foto-3-1600x1067.jpg\" data-fancybox=\"galery-0\" title=\"\"><br \/>\n\t\t\t\t\t\t\t<img decoding=\"async\" width=\"360\" height=\"270\" src=\"https:\/\/autorai.nl\/wp-content\/uploads\/2023\/09\/BMW-Vision-Neue-Klasse-2023-foto-3-360x270.jpg\" class=\"attachment-small size-small\" alt=\"\" loading=\"lazy\"><i class=\"fa fa-search-plus\" aria-hidden=\"true\"><\/i><br \/>\n\t\t\t\t\t\t<\/span><br \/>\n\t\t\t\t\t<\/figure>\n<figure>\n\t\t\t\t\t<span style=\"cursor: pointer\" data-src=\"https:\/\/autorai.nl\/wp-content\/uploads\/2023\/09\/BMW-Vision-Neue-Klasse-2023-foto-2-1600x1067.jpg\" data-fancybox=\"galery-0\" title=\"\"><br \/>\n\t\t\t\t\t\t\t<img decoding=\"async\" width=\"360\" height=\"270\" src=\"https:\/\/autorai.nl\/wp-content\/uploads\/2023\/09\/BMW-Vision-Neue-Klasse-2023-foto-2-360x270.jpg\" class=\"attachment-small size-small\" alt=\"\" loading=\"lazy\"><i class=\"fa fa-search-plus\" aria-hidden=\"true\"><\/i><br \/>\n\t\t\t\t\t\t<\/span><br \/>\n\t\t\t\t\t<\/figure>\n<div class=\"clear\"><\/div>\n<\/div>\n","protected":false},"excerpt":{"rendered":"La Neue Klasse de BMW arrive en 2025 \"La BMW Vision Neue Klasse combine nos capacit\u00e9s d'innovation en mati\u00e8re d'\u00e9lectrification,\u2026","protected":false},"author":0,"featured_media":138666,"comment_status":"","ping_status":"open","sticky":false,"template":"","format":"standard","meta":{"footnotes":""},"categories":[127],"tags":[],"class_list":["post-138708","post","type-post","status-publish","format-standard","has-post-thumbnail","hentry","category-nouvelles-de-voiture"],"acf":[],"yoast_head":"<!-- This site is optimized with the Yoast SEO plugin v21.2 - https:\/\/yoast.com\/wordpress\/plugins\/seo\/ -->\n<title>BMW Vision Neue Klasse : une r\u00e9alit\u00e9 en 2025 ! - All cars news<\/title>\n<meta name=\"robots\" content=\"index, follow, max-snippet:-1, max-image-preview:large, max-video-preview:-1\" \/>\n<link rel=\"canonical\" href=\"https:\/\/all-car-news.com\/fr\/bmw-vision-neue-klasse-une-realite-en-2025\/\" \/>\n<meta property=\"og:locale\" content=\"fr_FR\" \/>\n<meta property=\"og:type\" content=\"article\" \/>\n<meta property=\"og:title\" content=\"BMW Vision Neue Klasse : une r\u00e9alit\u00e9 en 2025 ! - All cars news\" \/>\n<meta property=\"og:description\" content=\"La Neue Klasse de BMW arrive en 2025 &quot;La BMW Vision Neue Klasse combine nos capacit\u00e9s d&#039;innovation en mati\u00e8re d&#039;\u00e9lectrification, de num\u00e9risation et de circularit\u00e9&quot;, a d\u00e9clar\u00e9 Oliver Zipse, pr\u00e9sident du directoire de BMW AG. &quot;De cette mani\u00e8re, nous pouvons toujours avoir deux longueurs d&#039;avance sur l&#039;avenir. D&#039;ici 2025, la Neue Klasse apportera la mobilit\u00e9 de [...]\" \/>\n<meta property=\"og:url\" content=\"https:\/\/all-car-news.com\/fr\/bmw-vision-neue-klasse-une-realite-en-2025\/\" \/>\n<meta property=\"og:site_name\" content=\"All cars news\" \/>\n<meta property=\"article:published_time\" content=\"2023-09-04T07:31:52+00:00\" \/>\n<meta property=\"og:image\" content=\"https:\/\/autorai.nl\/wp-content\/uploads\/2023\/09\/BMW-Vision-Neue-Klasse-2023-foto-1-1140x855.jpg\" \/>\n<meta name=\"twitter:card\" content=\"summary_large_image\" \/>\n<meta name=\"twitter:label1\" content=\"Dur\u00e9e de lecture estim\u00e9e\" \/>\n\t<meta name=\"twitter:data1\" content=\"7 minutes\" \/>\n<script type=\"application\/ld+json\" class=\"yoast-schema-graph\">{\"@context\":\"https:\/\/schema.org\",\"@graph\":[{\"@type\":\"Article\",\"@id\":\"https:\/\/all-car-news.com\/fr\/bmw-vision-neue-klasse-une-realite-en-2025\/#article\",\"isPartOf\":{\"@id\":\"https:\/\/all-car-news.com\/fr\/bmw-vision-neue-klasse-une-realite-en-2025\/\"},\"author\":{\"name\":\"\",\"@id\":\"\"},\"headline\":\"BMW Vision Neue Klasse : une r\u00e9alit\u00e9 en 2025 !\",\"datePublished\":\"2023-09-04T07:31:52+00:00\",\"dateModified\":\"2023-09-04T07:31:52+00:00\",\"mainEntityOfPage\":{\"@id\":\"https:\/\/all-car-news.com\/fr\/bmw-vision-neue-klasse-une-realite-en-2025\/\"},\"wordCount\":1322,\"publisher\":{\"@id\":\"https:\/\/all-car-news.com\/fr\/#organization\"},\"articleSection\":[\"nouvelles de voiture\"],\"inLanguage\":\"fr-FR\"},{\"@type\":\"WebPage\",\"@id\":\"https:\/\/all-car-news.com\/fr\/bmw-vision-neue-klasse-une-realite-en-2025\/\",\"url\":\"https:\/\/all-car-news.com\/fr\/bmw-vision-neue-klasse-une-realite-en-2025\/\",\"name\":\"BMW Vision Neue Klasse : une r\u00e9alit\u00e9 en 2025 ! - All cars news\",\"isPartOf\":{\"@id\":\"https:\/\/all-car-news.com\/fr\/#website\"},\"datePublished\":\"2023-09-04T07:31:52+00:00\",\"dateModified\":\"2023-09-04T07:31:52+00:00\",\"breadcrumb\":{\"@id\":\"https:\/\/all-car-news.com\/fr\/bmw-vision-neue-klasse-une-realite-en-2025\/#breadcrumb\"},\"inLanguage\":\"fr-FR\",\"potentialAction\":[{\"@type\":\"ReadAction\",\"target\":[\"https:\/\/all-car-news.com\/fr\/bmw-vision-neue-klasse-une-realite-en-2025\/\"]}]},{\"@type\":\"BreadcrumbList\",\"@id\":\"https:\/\/all-car-news.com\/fr\/bmw-vision-neue-klasse-une-realite-en-2025\/#breadcrumb\",\"itemListElement\":[{\"@type\":\"ListItem\",\"position\":1,\"name\":\"Home\",\"item\":\"https:\/\/all-car-news.com\/fr\/\"},{\"@type\":\"ListItem\",\"position\":2,\"name\":\"BMW Vision Neue Klasse : une r\u00e9alit\u00e9 en 2025 !\"}]},{\"@type\":\"WebSite\",\"@id\":\"https:\/\/all-car-news.com\/fr\/#website\",\"url\":\"https:\/\/all-car-news.com\/fr\/\",\"name\":\"All cars news\",\"description\":\"\",\"publisher\":{\"@id\":\"https:\/\/all-car-news.com\/fr\/#organization\"},\"potentialAction\":[{\"@type\":\"SearchAction\",\"target\":{\"@type\":\"EntryPoint\",\"urlTemplate\":\"https:\/\/all-car-news.com\/fr\/?s={search_term_string}\"},\"query-input\":\"required name=search_term_string\"}],\"inLanguage\":\"fr-FR\"},{\"@type\":\"Organization\",\"@id\":\"https:\/\/all-car-news.com\/fr\/#organization\",\"name\":\"All cars news\",\"url\":\"https:\/\/all-car-news.com\/fr\/\",\"logo\":{\"@type\":\"ImageObject\",\"inLanguage\":\"fr-FR\",\"@id\":\"https:\/\/all-car-news.com\/fr\/#\/schema\/logo\/image\/\",\"url\":\"https:\/\/all-car-news.com\/wp-content\/uploads\/2022\/02\/CMYK-AllCarNews_LANDSCAPE_300px-1.png\",\"contentUrl\":\"https:\/\/all-car-news.com\/wp-content\/uploads\/2022\/02\/CMYK-AllCarNews_LANDSCAPE_300px-1.png\",\"width\":300,\"height\":100,\"caption\":\"All cars news\"},\"image\":{\"@id\":\"https:\/\/all-car-news.com\/fr\/#\/schema\/logo\/image\/\"}}]}<\/script>\n<!-- \/ Yoast SEO plugin. -->","yoast_head_json":{"title":"BMW Vision Neue Klasse : une r\u00e9alit\u00e9 en 2025 ! - All cars news","robots":{"index":"index","follow":"follow","max-snippet":"max-snippet:-1","max-image-preview":"max-image-preview:large","max-video-preview":"max-video-preview:-1"},"canonical":"https:\/\/all-car-news.com\/fr\/bmw-vision-neue-klasse-une-realite-en-2025\/","og_locale":"fr_FR","og_type":"article","og_title":"BMW Vision Neue Klasse : une r\u00e9alit\u00e9 en 2025 ! - All cars news","og_description":"La Neue Klasse de BMW arrive en 2025 \"La BMW Vision Neue Klasse combine nos capacit\u00e9s d'innovation en mati\u00e8re d'\u00e9lectrification, de num\u00e9risation et de circularit\u00e9\", a d\u00e9clar\u00e9 Oliver Zipse, pr\u00e9sident du directoire de BMW AG. \"De cette mani\u00e8re, nous pouvons toujours avoir deux longueurs d'avance sur l'avenir. D'ici 2025, la Neue Klasse apportera la mobilit\u00e9 de [...]","og_url":"https:\/\/all-car-news.com\/fr\/bmw-vision-neue-klasse-une-realite-en-2025\/","og_site_name":"All cars news","article_published_time":"2023-09-04T07:31:52+00:00","og_image":[{"url":"https:\/\/autorai.nl\/wp-content\/uploads\/2023\/09\/BMW-Vision-Neue-Klasse-2023-foto-1-1140x855.jpg"}],"twitter_card":"summary_large_image","twitter_misc":{"Dur\u00e9e de lecture estim\u00e9e":"7 minutes"},"schema":{"@context":"https:\/\/schema.org","@graph":[{"@type":"Article","@id":"https:\/\/all-car-news.com\/fr\/bmw-vision-neue-klasse-une-realite-en-2025\/#article","isPartOf":{"@id":"https:\/\/all-car-news.com\/fr\/bmw-vision-neue-klasse-une-realite-en-2025\/"},"author":{"name":"","@id":""},"headline":"BMW Vision Neue Klasse : une r\u00e9alit\u00e9 en 2025 !","datePublished":"2023-09-04T07:31:52+00:00","dateModified":"2023-09-04T07:31:52+00:00","mainEntityOfPage":{"@id":"https:\/\/all-car-news.com\/fr\/bmw-vision-neue-klasse-une-realite-en-2025\/"},"wordCount":1322,"publisher":{"@id":"https:\/\/all-car-news.com\/fr\/#organization"},"articleSection":["nouvelles de voiture"],"inLanguage":"fr-FR"},{"@type":"WebPage","@id":"https:\/\/all-car-news.com\/fr\/bmw-vision-neue-klasse-une-realite-en-2025\/","url":"https:\/\/all-car-news.com\/fr\/bmw-vision-neue-klasse-une-realite-en-2025\/","name":"BMW Vision Neue Klasse : une r\u00e9alit\u00e9 en 2025 ! - All cars news","isPartOf":{"@id":"https:\/\/all-car-news.com\/fr\/#website"},"datePublished":"2023-09-04T07:31:52+00:00","dateModified":"2023-09-04T07:31:52+00:00","breadcrumb":{"@id":"https:\/\/all-car-news.com\/fr\/bmw-vision-neue-klasse-une-realite-en-2025\/#breadcrumb"},"inLanguage":"fr-FR","potentialAction":[{"@type":"ReadAction","target":["https:\/\/all-car-news.com\/fr\/bmw-vision-neue-klasse-une-realite-en-2025\/"]}]},{"@type":"BreadcrumbList","@id":"https:\/\/all-car-news.com\/fr\/bmw-vision-neue-klasse-une-realite-en-2025\/#breadcrumb","itemListElement":[{"@type":"ListItem","position":1,"name":"Home","item":"https:\/\/all-car-news.com\/fr\/"},{"@type":"ListItem","position":2,"name":"BMW Vision Neue Klasse : une r\u00e9alit\u00e9 en 2025 !"}]},{"@type":"WebSite","@id":"https:\/\/all-car-news.com\/fr\/#website","url":"https:\/\/all-car-news.com\/fr\/","name":"All cars news","description":"","publisher":{"@id":"https:\/\/all-car-news.com\/fr\/#organization"},"potentialAction":[{"@type":"SearchAction","target":{"@type":"EntryPoint","urlTemplate":"https:\/\/all-car-news.com\/fr\/?s={search_term_string}"},"query-input":"required name=search_term_string"}],"inLanguage":"fr-FR"},{"@type":"Organization","@id":"https:\/\/all-car-news.com\/fr\/#organization","name":"All cars news","url":"https:\/\/all-car-news.com\/fr\/","logo":{"@type":"ImageObject","inLanguage":"fr-FR","@id":"https:\/\/all-car-news.com\/fr\/#\/schema\/logo\/image\/","url":"https:\/\/all-car-news.com\/wp-content\/uploads\/2022\/02\/CMYK-AllCarNews_LANDSCAPE_300px-1.png","contentUrl":"https:\/\/all-car-news.com\/wp-content\/uploads\/2022\/02\/CMYK-AllCarNews_LANDSCAPE_300px-1.png","width":300,"height":100,"caption":"All cars news"},"image":{"@id":"https:\/\/all-car-news.com\/fr\/#\/schema\/logo\/image\/"}}]}},"_links":{"self":[{"href":"https:\/\/all-car-news.com\/fr\/wp-json\/wp\/v2\/posts\/138708","targetHints":{"allow":["GET"]}}],"collection":[{"href":"https:\/\/all-car-news.com\/fr\/wp-json\/wp\/v2\/posts"}],"about":[{"href":"https:\/\/all-car-news.com\/fr\/wp-json\/wp\/v2\/types\/post"}],"replies":[{"embeddable":true,"href":"https:\/\/all-car-news.com\/fr\/wp-json\/wp\/v2\/comments?post=138708"}],"version-history":[{"count":0,"href":"https:\/\/all-car-news.com\/fr\/wp-json\/wp\/v2\/posts\/138708\/revisions"}],"wp:featuredmedia":[{"embeddable":true,"href":"https:\/\/all-car-news.com\/fr\/wp-json\/wp\/v2\/media\/138666"}],"wp:attachment":[{"href":"https:\/\/all-car-news.com\/fr\/wp-json\/wp\/v2\/media?parent=138708"}],"wp:term":[{"taxonomy":"category","embeddable":true,"href":"https:\/\/all-car-news.com\/fr\/wp-json\/wp\/v2\/categories?post=138708"},{"taxonomy":"post_tag","embeddable":true,"href":"https:\/\/all-car-news.com\/fr\/wp-json\/wp\/v2\/tags?post=138708"}],"curies":[{"name":"wp","href":"https:\/\/api.w.org\/{rel}","templated":true}]}}