{"id":138682,"date":"2023-09-04T12:31:06","date_gmt":"2023-09-04T12:31:06","guid":{"rendered":"https:\/\/all-car-news.com\/cela-coute-le-sceau-byd-le-concurrent-de-la-model-3\/"},"modified":"2023-09-04T12:31:06","modified_gmt":"2023-09-04T12:31:06","slug":"cela-coute-le-sceau-byd-le-concurrent-de-la-model-3","status":"publish","type":"post","link":"https:\/\/all-car-news.com\/fr\/cela-coute-le-sceau-byd-le-concurrent-de-la-model-3\/","title":{"rendered":"Cela co\u00fbte le sceau BYD &#8211; LE concurrent de la Model 3 ?"},"content":{"rendered":"<h2>Mod\u00e8le offensif  <\/h2>\n<p>Apr\u00e8s les Han, Tang et Atto 3, le constructeur automobile chinois introduit maintenant le and Seal en Europe. La Seal sera en concurrence en Europe avec la Tesla Model 3, la BMW i4 et la Nio ET5. La Seal est une berline sportive classique, avec un capot allong\u00e9 et un cul court. Comme la Dolphin, elle fait partie de la gamme Ocean de BYD. Le th\u00e8me de la voiture est donc l&rsquo;oc\u00e9an. Ce th\u00e8me se retrouve dans le design sous la forme de moustaches de phoque (les zones noires et les lumi\u00e8res blanches du pare-chocs avant), d&rsquo;ou\u00efes \u00e0 c\u00f4t\u00e9 des passages de roue et d&rsquo;une sorte de texture \u00e9caill\u00e9e sur les seuils de porte. Les phares, semblables \u00e0 ceux de la Taycan, apportent une touche de sportivit\u00e9.<\/p>\n<figure class=\"wp-block-image size-content\"><img decoding=\"async\" loading=\"lazy\" width=\"1140\" height=\"760\" src=\"https:\/\/autorai.nl\/wp-content\/uploads\/2023\/04\/byd_seal_923-1140x760.jpg\" alt=\"\" class=\"wp-image-156717\"><\/figure>\n<h2>Varier<\/h2>\n<p>BYD ne fournira la Seal en Europe pour l&rsquo;instant qu&rsquo;avec un pack de batteries de 82,5 kWh, qui peut atteindre 150 kW de puissance de charge sur un chargeur rapide. Dans la version \u00e0 propulsion arri\u00e8re, il offre une autonomie de 570 kilom\u00e8tres (WLTP). Dans la version \u00e0 transmission int\u00e9grale, l&rsquo;autonomie est r\u00e9duite de 50 kilom\u00e8tres. Comme toutes les BYD, la SEAL est \u00e9quip\u00e9e d&rsquo;une batterie au lithium-fer-phosphate sans cobalt. BYD est extr\u00eamement fier de cette batterie et l&rsquo;appelle la Blade Battery. Selon la marque, la batterie est tr\u00e8s s\u00fbre et a une longue dur\u00e9e de vie. En outre, la taille compacte de la batterie Blade offre beaucoup d&rsquo;espace \u00e0 l&rsquo;int\u00e9rieur. En effet, il est particuli\u00e8rement plat.<\/p>\n<figure class=\"wp-block-image size-content\"><img decoding=\"async\" loading=\"lazy\" width=\"1140\" height=\"760\" src=\"https:\/\/autorai.nl\/wp-content\/uploads\/2023\/04\/byd_seal_11-1140x760.jpg\" alt=\"\" class=\"wp-image-156718\"><\/figure>\n<h2><strong>3.8S<\/strong><\/h2>\n<p>Le sceau semble lisse et il l&rsquo;est. Le mod\u00e8le d&rsquo;entr\u00e9e de gamme &#8211; la version \u00e0 propulsion arri\u00e8re &#8211; d\u00e9veloppe d\u00e9j\u00e0 313 ch. La version \u00e0 traction int\u00e9grale vient s&rsquo;y ajouter et d\u00e9veloppe 530 ch. Il passe de l&rsquo;arr\u00eat \u00e0 100 km\/h en seulement 3,8 secondes. D\u00e9tail int\u00e9ressant : sur la crosse du phoque, il est indiqu\u00e9 \u00ab\u00a03.8S\u00a0\u00bb sous la d\u00e9signation du mod\u00e8le.  <\/p>\n<figure class=\"wp-block-image size-content\"><img decoding=\"async\" loading=\"lazy\" width=\"1140\" height=\"760\" src=\"https:\/\/autorai.nl\/wp-content\/uploads\/2023\/04\/byd_seal_27-1140x760.jpg\" alt=\"\" class=\"wp-image-156719\"><\/figure>\n<h2>Des prix<\/h2>\n<p>Le lancement sur le march\u00e9 du <a href=\"https:\/\/autorai.nl\/byd-seal-2023-review-budget-porsche-taycan-met-530-pk\/\">BYD SEAL<\/a> est pr\u00e9vu pour cet automne. Chaque mod\u00e8le b\u00e9n\u00e9ficie d&rsquo;une garantie g\u00e9n\u00e9rale de 6 ans et d&rsquo;une garantie de 8 ans sur le groupe motopropulseur et la batterie. En outre, la garantie est sp\u00e9cifique au v\u00e9hicule et donc transf\u00e9rable.  <\/p>\n<p>Deux versions sont disponibles : la Design RWD et l&rsquo;Exellence AWD. Les prix \u00e0 la consommation en un coup d&rsquo;\u0153il :<\/p>\n<ul>\n<li>BYD SEAL Design RWD <strong>\u20ac 47,990<\/strong> (taux d&rsquo;imposition suppl\u00e9mentaire \u00e0 partir de \u20ac 263\/mois)<\/li>\n<li>BYD SEAL Excellence AWD <strong>\u20ac 50,990<\/strong> (taux d&rsquo;imposition suppl\u00e9mentaire \u00e0 partir de \u20ac 283\/mois)<\/li>\n<\/ul>\n<p>En savoir plus ? Regardez ensuite notre premi\u00e8re pr\u00e9sentation du BYD Seal dans la <a href=\"https:\/\/www.youtube.com\/watch?v=P4HLxRmaEto&amp;ab_channel=AutoRAITV\">vid\u00e9o<\/a> ci-dessous :<\/p>\n<figure class=\"wp-block-embed is-type-video is-provider-youtube wp-block-embed-youtube wp-embed-aspect-16-9 wp-has-aspect-ratio\">\n<div class=\"wp-block-embed__wrapper\">\n<\/div>\n<\/figure>\n<p><strong>  <\/strong><\/p>\n","protected":false},"excerpt":{"rendered":"Mod\u00e8le offensif Apr\u00e8s les Han, Tang et Atto 3, le constructeur automobile chinois introduit maintenant l'en Seal en Europe. La\u2026","protected":false},"author":0,"featured_media":138629,"comment_status":"","ping_status":"open","sticky":false,"template":"","format":"standard","meta":{"footnotes":""},"categories":[127],"tags":[],"class_list":["post-138682","post","type-post","status-publish","format-standard","has-post-thumbnail","hentry","category-nouvelles-de-voiture"],"acf":[],"yoast_head":"<!-- This site is optimized with the Yoast SEO plugin v21.2 - https:\/\/yoast.com\/wordpress\/plugins\/seo\/ -->\n<title>Cela co\u00fbte le sceau BYD - LE concurrent de la Model 3 ? - All cars news<\/title>\n<meta name=\"robots\" content=\"index, follow, max-snippet:-1, max-image-preview:large, max-video-preview:-1\" \/>\n<link rel=\"canonical\" href=\"https:\/\/all-car-news.com\/fr\/cela-coute-le-sceau-byd-le-concurrent-de-la-model-3\/\" \/>\n<meta property=\"og:locale\" content=\"fr_FR\" \/>\n<meta property=\"og:type\" content=\"article\" \/>\n<meta property=\"og:title\" content=\"Cela co\u00fbte le sceau BYD - LE concurrent de la Model 3 ? - All cars news\" \/>\n<meta property=\"og:description\" content=\"Mod\u00e8le offensif Apr\u00e8s les Han, Tang et Atto 3, le constructeur automobile chinois introduit maintenant l&#039;en Seal en Europe. La Seal sera en concurrence en Europe avec la Tesla Model 3, la BMW i4 et la Nio ET5. La Seal est une berline sportive classique, avec un capot allong\u00e9 et un cul court. Comme le Dauphin, il fait [...]\" \/>\n<meta property=\"og:url\" content=\"https:\/\/all-car-news.com\/fr\/cela-coute-le-sceau-byd-le-concurrent-de-la-model-3\/\" \/>\n<meta property=\"og:site_name\" content=\"All cars news\" \/>\n<meta property=\"article:published_time\" content=\"2023-09-04T12:31:06+00:00\" \/>\n<meta property=\"og:image\" content=\"https:\/\/autorai.nl\/wp-content\/uploads\/2023\/04\/byd_seal_923-1140x760.jpg\" \/>\n<meta name=\"twitter:card\" content=\"summary_large_image\" \/>\n<meta name=\"twitter:label1\" content=\"Dur\u00e9e de lecture estim\u00e9e\" \/>\n\t<meta name=\"twitter:data1\" content=\"2 minutes\" \/>\n<script type=\"application\/ld+json\" class=\"yoast-schema-graph\">{\"@context\":\"https:\/\/schema.org\",\"@graph\":[{\"@type\":\"Article\",\"@id\":\"https:\/\/all-car-news.com\/fr\/cela-coute-le-sceau-byd-le-concurrent-de-la-model-3\/#article\",\"isPartOf\":{\"@id\":\"https:\/\/all-car-news.com\/fr\/cela-coute-le-sceau-byd-le-concurrent-de-la-model-3\/\"},\"author\":{\"name\":\"\",\"@id\":\"\"},\"headline\":\"Cela co\u00fbte le sceau BYD &#8211; LE concurrent de la Model 3 ?\",\"datePublished\":\"2023-09-04T12:31:06+00:00\",\"dateModified\":\"2023-09-04T12:31:06+00:00\",\"mainEntityOfPage\":{\"@id\":\"https:\/\/all-car-news.com\/fr\/cela-coute-le-sceau-byd-le-concurrent-de-la-model-3\/\"},\"wordCount\":452,\"publisher\":{\"@id\":\"https:\/\/all-car-news.com\/fr\/#organization\"},\"articleSection\":[\"nouvelles de voiture\"],\"inLanguage\":\"fr-FR\"},{\"@type\":\"WebPage\",\"@id\":\"https:\/\/all-car-news.com\/fr\/cela-coute-le-sceau-byd-le-concurrent-de-la-model-3\/\",\"url\":\"https:\/\/all-car-news.com\/fr\/cela-coute-le-sceau-byd-le-concurrent-de-la-model-3\/\",\"name\":\"Cela co\u00fbte le sceau BYD - LE concurrent de la Model 3 ? - All cars news\",\"isPartOf\":{\"@id\":\"https:\/\/all-car-news.com\/fr\/#website\"},\"datePublished\":\"2023-09-04T12:31:06+00:00\",\"dateModified\":\"2023-09-04T12:31:06+00:00\",\"breadcrumb\":{\"@id\":\"https:\/\/all-car-news.com\/fr\/cela-coute-le-sceau-byd-le-concurrent-de-la-model-3\/#breadcrumb\"},\"inLanguage\":\"fr-FR\",\"potentialAction\":[{\"@type\":\"ReadAction\",\"target\":[\"https:\/\/all-car-news.com\/fr\/cela-coute-le-sceau-byd-le-concurrent-de-la-model-3\/\"]}]},{\"@type\":\"BreadcrumbList\",\"@id\":\"https:\/\/all-car-news.com\/fr\/cela-coute-le-sceau-byd-le-concurrent-de-la-model-3\/#breadcrumb\",\"itemListElement\":[{\"@type\":\"ListItem\",\"position\":1,\"name\":\"Home\",\"item\":\"https:\/\/all-car-news.com\/fr\/\"},{\"@type\":\"ListItem\",\"position\":2,\"name\":\"Cela co\u00fbte le sceau BYD &#8211; LE concurrent de la Model 3 ?\"}]},{\"@type\":\"WebSite\",\"@id\":\"https:\/\/all-car-news.com\/fr\/#website\",\"url\":\"https:\/\/all-car-news.com\/fr\/\",\"name\":\"All cars news\",\"description\":\"\",\"publisher\":{\"@id\":\"https:\/\/all-car-news.com\/fr\/#organization\"},\"potentialAction\":[{\"@type\":\"SearchAction\",\"target\":{\"@type\":\"EntryPoint\",\"urlTemplate\":\"https:\/\/all-car-news.com\/fr\/?s={search_term_string}\"},\"query-input\":\"required name=search_term_string\"}],\"inLanguage\":\"fr-FR\"},{\"@type\":\"Organization\",\"@id\":\"https:\/\/all-car-news.com\/fr\/#organization\",\"name\":\"All cars news\",\"url\":\"https:\/\/all-car-news.com\/fr\/\",\"logo\":{\"@type\":\"ImageObject\",\"inLanguage\":\"fr-FR\",\"@id\":\"https:\/\/all-car-news.com\/fr\/#\/schema\/logo\/image\/\",\"url\":\"https:\/\/all-car-news.com\/wp-content\/uploads\/2022\/02\/CMYK-AllCarNews_LANDSCAPE_300px-1.png\",\"contentUrl\":\"https:\/\/all-car-news.com\/wp-content\/uploads\/2022\/02\/CMYK-AllCarNews_LANDSCAPE_300px-1.png\",\"width\":300,\"height\":100,\"caption\":\"All cars news\"},\"image\":{\"@id\":\"https:\/\/all-car-news.com\/fr\/#\/schema\/logo\/image\/\"}}]}<\/script>\n<!-- \/ Yoast SEO plugin. -->","yoast_head_json":{"title":"Cela co\u00fbte le sceau BYD - LE concurrent de la Model 3 ? - All cars news","robots":{"index":"index","follow":"follow","max-snippet":"max-snippet:-1","max-image-preview":"max-image-preview:large","max-video-preview":"max-video-preview:-1"},"canonical":"https:\/\/all-car-news.com\/fr\/cela-coute-le-sceau-byd-le-concurrent-de-la-model-3\/","og_locale":"fr_FR","og_type":"article","og_title":"Cela co\u00fbte le sceau BYD - LE concurrent de la Model 3 ? - All cars news","og_description":"Mod\u00e8le offensif Apr\u00e8s les Han, Tang et Atto 3, le constructeur automobile chinois introduit maintenant l'en Seal en Europe. La Seal sera en concurrence en Europe avec la Tesla Model 3, la BMW i4 et la Nio ET5. La Seal est une berline sportive classique, avec un capot allong\u00e9 et un cul court. Comme le Dauphin, il fait [...]","og_url":"https:\/\/all-car-news.com\/fr\/cela-coute-le-sceau-byd-le-concurrent-de-la-model-3\/","og_site_name":"All cars news","article_published_time":"2023-09-04T12:31:06+00:00","og_image":[{"url":"https:\/\/autorai.nl\/wp-content\/uploads\/2023\/04\/byd_seal_923-1140x760.jpg"}],"twitter_card":"summary_large_image","twitter_misc":{"Dur\u00e9e de lecture estim\u00e9e":"2 minutes"},"schema":{"@context":"https:\/\/schema.org","@graph":[{"@type":"Article","@id":"https:\/\/all-car-news.com\/fr\/cela-coute-le-sceau-byd-le-concurrent-de-la-model-3\/#article","isPartOf":{"@id":"https:\/\/all-car-news.com\/fr\/cela-coute-le-sceau-byd-le-concurrent-de-la-model-3\/"},"author":{"name":"","@id":""},"headline":"Cela co\u00fbte le sceau BYD &#8211; LE concurrent de la Model 3 ?","datePublished":"2023-09-04T12:31:06+00:00","dateModified":"2023-09-04T12:31:06+00:00","mainEntityOfPage":{"@id":"https:\/\/all-car-news.com\/fr\/cela-coute-le-sceau-byd-le-concurrent-de-la-model-3\/"},"wordCount":452,"publisher":{"@id":"https:\/\/all-car-news.com\/fr\/#organization"},"articleSection":["nouvelles de voiture"],"inLanguage":"fr-FR"},{"@type":"WebPage","@id":"https:\/\/all-car-news.com\/fr\/cela-coute-le-sceau-byd-le-concurrent-de-la-model-3\/","url":"https:\/\/all-car-news.com\/fr\/cela-coute-le-sceau-byd-le-concurrent-de-la-model-3\/","name":"Cela co\u00fbte le sceau BYD - LE concurrent de la Model 3 ? - All cars news","isPartOf":{"@id":"https:\/\/all-car-news.com\/fr\/#website"},"datePublished":"2023-09-04T12:31:06+00:00","dateModified":"2023-09-04T12:31:06+00:00","breadcrumb":{"@id":"https:\/\/all-car-news.com\/fr\/cela-coute-le-sceau-byd-le-concurrent-de-la-model-3\/#breadcrumb"},"inLanguage":"fr-FR","potentialAction":[{"@type":"ReadAction","target":["https:\/\/all-car-news.com\/fr\/cela-coute-le-sceau-byd-le-concurrent-de-la-model-3\/"]}]},{"@type":"BreadcrumbList","@id":"https:\/\/all-car-news.com\/fr\/cela-coute-le-sceau-byd-le-concurrent-de-la-model-3\/#breadcrumb","itemListElement":[{"@type":"ListItem","position":1,"name":"Home","item":"https:\/\/all-car-news.com\/fr\/"},{"@type":"ListItem","position":2,"name":"Cela co\u00fbte le sceau BYD &#8211; LE concurrent de la Model 3 ?"}]},{"@type":"WebSite","@id":"https:\/\/all-car-news.com\/fr\/#website","url":"https:\/\/all-car-news.com\/fr\/","name":"All cars news","description":"","publisher":{"@id":"https:\/\/all-car-news.com\/fr\/#organization"},"potentialAction":[{"@type":"SearchAction","target":{"@type":"EntryPoint","urlTemplate":"https:\/\/all-car-news.com\/fr\/?s={search_term_string}"},"query-input":"required name=search_term_string"}],"inLanguage":"fr-FR"},{"@type":"Organization","@id":"https:\/\/all-car-news.com\/fr\/#organization","name":"All cars news","url":"https:\/\/all-car-news.com\/fr\/","logo":{"@type":"ImageObject","inLanguage":"fr-FR","@id":"https:\/\/all-car-news.com\/fr\/#\/schema\/logo\/image\/","url":"https:\/\/all-car-news.com\/wp-content\/uploads\/2022\/02\/CMYK-AllCarNews_LANDSCAPE_300px-1.png","contentUrl":"https:\/\/all-car-news.com\/wp-content\/uploads\/2022\/02\/CMYK-AllCarNews_LANDSCAPE_300px-1.png","width":300,"height":100,"caption":"All cars news"},"image":{"@id":"https:\/\/all-car-news.com\/fr\/#\/schema\/logo\/image\/"}}]}},"_links":{"self":[{"href":"https:\/\/all-car-news.com\/fr\/wp-json\/wp\/v2\/posts\/138682","targetHints":{"allow":["GET"]}}],"collection":[{"href":"https:\/\/all-car-news.com\/fr\/wp-json\/wp\/v2\/posts"}],"about":[{"href":"https:\/\/all-car-news.com\/fr\/wp-json\/wp\/v2\/types\/post"}],"replies":[{"embeddable":true,"href":"https:\/\/all-car-news.com\/fr\/wp-json\/wp\/v2\/comments?post=138682"}],"version-history":[{"count":0,"href":"https:\/\/all-car-news.com\/fr\/wp-json\/wp\/v2\/posts\/138682\/revisions"}],"wp:featuredmedia":[{"embeddable":true,"href":"https:\/\/all-car-news.com\/fr\/wp-json\/wp\/v2\/media\/138629"}],"wp:attachment":[{"href":"https:\/\/all-car-news.com\/fr\/wp-json\/wp\/v2\/media?parent=138682"}],"wp:term":[{"taxonomy":"category","embeddable":true,"href":"https:\/\/all-car-news.com\/fr\/wp-json\/wp\/v2\/categories?post=138682"},{"taxonomy":"post_tag","embeddable":true,"href":"https:\/\/all-car-news.com\/fr\/wp-json\/wp\/v2\/tags?post=138682"}],"curies":[{"name":"wp","href":"https:\/\/api.w.org\/{rel}","templated":true}]}}