{"id":138471,"date":"2023-08-29T07:55:41","date_gmt":"2023-08-29T07:55:41","guid":{"rendered":"https:\/\/all-car-news.com\/porsche-cayenne-turbo-e-hybrid-le-cayenne-le-plus-puissant-de-tous-les-temps\/"},"modified":"2023-08-29T07:55:41","modified_gmt":"2023-08-29T07:55:41","slug":"porsche-cayenne-turbo-e-hybrid-le-cayenne-le-plus-puissant-de-tous-les-temps","status":"publish","type":"post","link":"https:\/\/all-car-news.com\/fr\/porsche-cayenne-turbo-e-hybrid-le-cayenne-le-plus-puissant-de-tous-les-temps\/","title":{"rendered":"Porsche Cayenne Turbo E-Hybrid : le Cayenne le plus puissant de tous les temps !"},"content":{"rendered":"<h2>Nouveau mod\u00e8le haut de gamme de la famille Cayenne<\/h2>\n<p>Apr\u00e8s le lancement de la troisi\u00e8me g\u00e9n\u00e9ration du Cayenne au d\u00e9but de l&rsquo;ann\u00e9e 2023, Porsche \u00e9largit sa gamme de SUV avec un nouveau mod\u00e8le phare. L&rsquo;autonomie et les performances de la conduite tout \u00e9lectrique ont \u00e9t\u00e9 port\u00e9es \u00e0 un niveau encore plus \u00e9lev\u00e9. Un moteur \u00e9lectrique de 130 kW (176 ch) fonctionne en conjonction avec le moteur V8 biturbo de 4,0 litres radicalement redessin\u00e9, d&rsquo;une puissance de 441 kW (599 ch). Les deux groupes motopropulseurs d\u00e9livrent une puissance combin\u00e9e de 544 kW (739 ch) et un couple maximal de 950 Nm. Soit pr\u00e8s de 1 000 Nm de couple ! La nouvelle Porsche Cayenne Turbo E-Hybrid passe de 0 \u00e0 100 km\/h en 3,7 secondes et atteint une vitesse maximale de 295 km\/h.<\/p>\n<h2>Race-Tex<\/h2>\n<p>\u00c0 l&rsquo;int\u00e9rieur, les garnitures en aluminium du tableau de bord et des panneaux de porte soulignent le caract\u00e8re sportif du Cayenne Turbo E-Hybrid SUV et Coup\u00e9. La garniture de pavillon est doubl\u00e9e de Race-Tex. L&rsquo;\u00e9quipement de s\u00e9rie comprend un volant sport GT chauffant, un commutateur de mode de conduite permettant de s\u00e9lectionner rapidement et instantan\u00e9ment le mode de conduite souhait\u00e9 et des si\u00e8ges sport en cuir r\u00e9glables en 18 directions. Des si\u00e8ges confort en cuir r\u00e9glables dans 14 directions sont \u00e9galement disponibles.<\/p>\n<figure class=\"wp-block-image size-content\"><img decoding=\"async\" loading=\"lazy\" width=\"1140\" height=\"761\" src=\"https:\/\/autorai.nl\/wp-content\/uploads\/2023\/08\/Porsche-Cayenne-Turbo-E-Hybrid-2023-foto6-1140x761.jpg\" alt=\"Porsche Cayenne Turbo E Hybrid 2023\" class=\"wp-image-165371\"><\/figure>\n<h2>Phares LED HD-Matrix<\/h2>\n<p>Le nouveau Cayenne Turbo E-Hybrid b\u00e9n\u00e9ficie \u00e9galement de toutes les nouvelles caract\u00e9ristiques introduites par Porsche lors de la mise \u00e0 jour de son mod\u00e8le en d\u00e9but d&rsquo;ann\u00e9e. Il s&rsquo;agit notamment du nouveau poste de pilotage avec un tableau de bord enti\u00e8rement num\u00e9rique, de forme incurv\u00e9e et autonome, avec des options d&rsquo;affichage variables, d&rsquo;une console centrale actualis\u00e9e et de l&rsquo;affichage passager en option. Les phares LED HD-Matrix haute r\u00e9solution &#8211; de s\u00e9rie sur les nouveaux mod\u00e8les Turbo E-Hybrid &#8211; offrent plus de confort et de s\u00e9curit\u00e9 dans l&rsquo;obscurit\u00e9.<\/p>\n<h2>Cayenne Turbo E-Hybrid Coup\u00e9 avec package GT<\/h2>\n<p>Avec le Pack GT, le nouveau Porsche Cayenne Turbo E-Hybrid Coup\u00e9 donne un ton encore plus sportif. Tous les syst\u00e8mes de ch\u00e2ssis et de commande &#8211; y compris la suspension pneumatique &#8211; sont adapt\u00e9s \u00e0 ce mod\u00e8le sp\u00e9cial. La carrosserie est abaiss\u00e9e de 10 millim\u00e8tres. Le carrossage de l&rsquo;essieu avant a \u00e9t\u00e9 augment\u00e9 de -0,58 degr\u00e9 et, combin\u00e9 \u00e0 des roues avant plus larges, il permet un comportement encore plus dynamique dans les virages, une plus grande pr\u00e9cision de la direction et une adh\u00e9rence nettement meilleure. De puissants freins en c\u00e9ramique (PCCB) sont \u00e9galement de s\u00e9rie avec le pack GT. Les qualit\u00e9s dynamiques du Cayenne Turbo E-Hybrid Coup\u00e9 peuvent \u00eatre encore am\u00e9lior\u00e9es gr\u00e2ce \u00e0 l&rsquo;utilisation de pneus hautes performances pour les jantes GT Design de 22 pouces de s\u00e9rie, au Porsche Dynamic Chassis Control (PDCC) et \u00e0 la direction de l&rsquo;essieu arri\u00e8re.<\/p>\n<figure class=\"wp-block-image size-content\"><img decoding=\"async\" loading=\"lazy\" width=\"1140\" height=\"761\" src=\"https:\/\/autorai.nl\/wp-content\/uploads\/2023\/08\/Porsche-Cayenne-Turbo-E-Hybrid-2023-foto3-1140x761.jpg\" alt=\"Porsche Cayenne Turbo E Hybrid 2023\" class=\"wp-image-165368\"><\/figure>\n<h2>Extensions de passage de roue noires<\/h2>\n<p>Le Cayenne Turbo E-Hybrid Coup\u00e9 avec pack GT associe des performances de conduite exceptionnelles \u00e0 la polyvalence du syst\u00e8me E-Hybrid actualis\u00e9, offrant ainsi le plus large \u00e9ventail de performances dynamiques et d&rsquo;efficacit\u00e9 de la gamme Cayenne. \u00c0 l&rsquo;ext\u00e9rieur, le pack GT se distingue par un nez aux accents noirs, des extensions de passage de roue noires, des sections lat\u00e9rales en fibre de carbone sur le becquet de toit, des tuyaux d&rsquo;\u00e9chappement mont\u00e9s au centre du syst\u00e8me d&rsquo;\u00e9chappement en titane et un diffuseur arri\u00e8re en fibre de carbone. Le toit est \u00e9galement en fibre de carbone l\u00e9g\u00e8re. Le Cayenne Turbo E-Hybrid Coup\u00e9 avec le pack GT passe de l&rsquo;arr\u00eat \u00e0 100 km\/h en 3,6 secondes et atteint une vitesse maximale de 305 km\/h.<\/p>\n<h2>Commander directement<\/h2>\n<p>Les nouveaux mod\u00e8les Cayenne Turbo E-Hybrid peuvent \u00eatre command\u00e9s dans les Centres Porsche \u00e0 partir d&rsquo;aujourd&rsquo;hui, le lancement sur le march\u00e9 n\u00e9erlandais \u00e9tant pr\u00e9vu pour le mois de novembre de cette ann\u00e9e. Les prix seront annonc\u00e9s ult\u00e9rieurement.  <\/p>\n<div class=\"galery galery-0\">\n<figure>\n\t\t\t\t\t<span style=\"cursor: pointer\" data-src=\"https:\/\/autorai.nl\/wp-content\/uploads\/2023\/08\/Porsche-Cayenne-Turbo-E-Hybrid-2023-header-1600x1123.jpg\" data-fancybox=\"galery-0\" title=\"\"><br \/>\n\t\t\t\t\t\t\t<img decoding=\"async\" width=\"360\" height=\"270\" src=\"https:\/\/autorai.nl\/wp-content\/uploads\/2023\/08\/Porsche-Cayenne-Turbo-E-Hybrid-2023-header-360x270.jpg\" class=\"attachment-small size-small\" alt=\"Porsche Cayenne Turbo E-Hybrid 2023\" loading=\"lazy\"><i class=\"fa fa-search-plus\" aria-hidden=\"true\"><\/i><br \/>\n\t\t\t\t\t\t<\/span><br \/>\n\t\t\t\t\t<\/figure>\n<figure>\n\t\t\t\t\t<span style=\"cursor: pointer\" data-src=\"https:\/\/autorai.nl\/wp-content\/uploads\/2023\/08\/Porsche-Cayenne-Turbo-E-Hybrid-2023-foto9-1600x1068.jpg\" data-fancybox=\"galery-0\" title=\"\"><br \/>\n\t\t\t\t\t\t\t<img decoding=\"async\" width=\"360\" height=\"270\" src=\"https:\/\/autorai.nl\/wp-content\/uploads\/2023\/08\/Porsche-Cayenne-Turbo-E-Hybrid-2023-foto9-360x270.jpg\" class=\"attachment-small size-small\" alt=\"\" loading=\"lazy\"><i class=\"fa fa-search-plus\" aria-hidden=\"true\"><\/i><br \/>\n\t\t\t\t\t\t<\/span><br \/>\n\t\t\t\t\t<\/figure>\n<figure>\n\t\t\t\t\t<span style=\"cursor: pointer\" data-src=\"https:\/\/autorai.nl\/wp-content\/uploads\/2023\/08\/Porsche-Cayenne-Turbo-E-Hybrid-2023-foto8-1600x1068.jpg\" data-fancybox=\"galery-0\" title=\"\"><br \/>\n\t\t\t\t\t\t\t<img decoding=\"async\" width=\"360\" height=\"270\" src=\"https:\/\/autorai.nl\/wp-content\/uploads\/2023\/08\/Porsche-Cayenne-Turbo-E-Hybrid-2023-foto8-360x270.jpg\" class=\"attachment-small size-small\" alt=\"\" loading=\"lazy\"><i class=\"fa fa-search-plus\" aria-hidden=\"true\"><\/i><br \/>\n\t\t\t\t\t\t<\/span><br \/>\n\t\t\t\t\t<\/figure>\n<figure>\n\t\t\t\t\t<span style=\"cursor: pointer\" data-src=\"https:\/\/autorai.nl\/wp-content\/uploads\/2023\/08\/Porsche-Cayenne-Turbo-E-Hybrid-2023-foto7-1600x1068.jpg\" data-fancybox=\"galery-0\" title=\"\"><br \/>\n\t\t\t\t\t\t\t<img decoding=\"async\" width=\"360\" height=\"270\" src=\"https:\/\/autorai.nl\/wp-content\/uploads\/2023\/08\/Porsche-Cayenne-Turbo-E-Hybrid-2023-foto7-360x270.jpg\" class=\"attachment-small size-small\" alt=\"\" loading=\"lazy\"><i class=\"fa fa-search-plus\" aria-hidden=\"true\"><\/i><br \/>\n\t\t\t\t\t\t<\/span><br \/>\n\t\t\t\t\t<\/figure>\n<figure>\n\t\t\t\t\t<span style=\"cursor: pointer\" data-src=\"https:\/\/autorai.nl\/wp-content\/uploads\/2023\/08\/Porsche-Cayenne-Turbo-E-Hybrid-2023-foto6-1600x1068.jpg\" data-fancybox=\"galery-0\" title=\"\"><br \/>\n\t\t\t\t\t\t\t<img decoding=\"async\" width=\"360\" height=\"270\" src=\"https:\/\/autorai.nl\/wp-content\/uploads\/2023\/08\/Porsche-Cayenne-Turbo-E-Hybrid-2023-foto6-360x270.jpg\" class=\"attachment-small size-small\" alt=\"Porsche Cayenne Turbo E Hybrid 2023\" loading=\"lazy\"><i class=\"fa fa-search-plus\" aria-hidden=\"true\"><\/i><br \/>\n\t\t\t\t\t\t<\/span><br \/>\n\t\t\t\t\t<\/figure>\n<figure>\n\t\t\t\t\t<span style=\"cursor: pointer\" data-src=\"https:\/\/autorai.nl\/wp-content\/uploads\/2023\/08\/Porsche-Cayenne-Turbo-E-Hybrid-2023-foto5-1600x1068.jpg\" data-fancybox=\"galery-0\" title=\"\"><br \/>\n\t\t\t\t\t\t\t<img decoding=\"async\" width=\"360\" height=\"270\" src=\"https:\/\/autorai.nl\/wp-content\/uploads\/2023\/08\/Porsche-Cayenne-Turbo-E-Hybrid-2023-foto5-360x270.jpg\" class=\"attachment-small size-small\" alt=\"\" loading=\"lazy\"><i class=\"fa fa-search-plus\" aria-hidden=\"true\"><\/i><br \/>\n\t\t\t\t\t\t<\/span><br \/>\n\t\t\t\t\t<\/figure>\n<figure>\n\t\t\t\t\t<span style=\"cursor: pointer\" data-src=\"https:\/\/autorai.nl\/wp-content\/uploads\/2023\/08\/Porsche-Cayenne-Turbo-E-Hybrid-2023-foto4-1600x1068.jpg\" data-fancybox=\"galery-0\" title=\"\"><br \/>\n\t\t\t\t\t\t\t<img decoding=\"async\" width=\"360\" height=\"270\" src=\"https:\/\/autorai.nl\/wp-content\/uploads\/2023\/08\/Porsche-Cayenne-Turbo-E-Hybrid-2023-foto4-360x270.jpg\" class=\"attachment-small size-small\" alt=\"\" loading=\"lazy\"><i class=\"fa fa-search-plus\" aria-hidden=\"true\"><\/i><br \/>\n\t\t\t\t\t\t<\/span><br \/>\n\t\t\t\t\t<\/figure>\n<figure>\n\t\t\t\t\t<span style=\"cursor: pointer\" data-src=\"https:\/\/autorai.nl\/wp-content\/uploads\/2023\/08\/Porsche-Cayenne-Turbo-E-Hybrid-2023-foto3-1600x1068.jpg\" data-fancybox=\"galery-0\" title=\"\"><br \/>\n\t\t\t\t\t\t\t<img decoding=\"async\" width=\"360\" height=\"270\" src=\"https:\/\/autorai.nl\/wp-content\/uploads\/2023\/08\/Porsche-Cayenne-Turbo-E-Hybrid-2023-foto3-360x270.jpg\" class=\"attachment-small size-small\" alt=\"Porsche Cayenne Turbo E Hybrid 2023\" loading=\"lazy\"><i class=\"fa fa-search-plus\" aria-hidden=\"true\"><\/i><br \/>\n\t\t\t\t\t\t<\/span><br \/>\n\t\t\t\t\t<\/figure>\n<figure>\n\t\t\t\t\t<span style=\"cursor: pointer\" data-src=\"https:\/\/autorai.nl\/wp-content\/uploads\/2023\/08\/Porsche-Cayenne-Turbo-E-Hybrid-2023-foto2-1600x1068.jpg\" data-fancybox=\"galery-0\" title=\"\"><br \/>\n\t\t\t\t\t\t\t<img decoding=\"async\" width=\"360\" height=\"270\" src=\"https:\/\/autorai.nl\/wp-content\/uploads\/2023\/08\/Porsche-Cayenne-Turbo-E-Hybrid-2023-foto2-360x270.jpg\" class=\"attachment-small size-small\" alt=\"Porsche Cayenne Turbo E Hybrid 2023\" loading=\"lazy\"><i class=\"fa fa-search-plus\" aria-hidden=\"true\"><\/i><br \/>\n\t\t\t\t\t\t<\/span><br \/>\n\t\t\t\t\t<\/figure>\n<figure>\n\t\t\t\t\t<span style=\"cursor: pointer\" data-src=\"https:\/\/autorai.nl\/wp-content\/uploads\/2023\/08\/Porsche-Cayenne-Turbo-E-Hybrid-2023-foto1-1600x1068.jpg\" data-fancybox=\"galery-0\" title=\"\"><br \/>\n\t\t\t\t\t\t\t<img decoding=\"async\" width=\"360\" height=\"270\" src=\"https:\/\/autorai.nl\/wp-content\/uploads\/2023\/08\/Porsche-Cayenne-Turbo-E-Hybrid-2023-foto1-360x270.jpg\" class=\"attachment-small size-small\" alt=\"\" loading=\"lazy\"><i class=\"fa fa-search-plus\" aria-hidden=\"true\"><\/i><br \/>\n\t\t\t\t\t\t<\/span><br \/>\n\t\t\t\t\t<\/figure>\n<div class=\"clear\"><\/div>\n<\/div>\n<figure class=\"wp-block-embed is-type-video is-provider-youtube wp-block-embed-youtube wp-embed-aspect-16-9 wp-has-aspect-ratio\">\n<div class=\"wp-block-embed__wrapper\">\n<\/div>\n<\/figure>\n","protected":false},"excerpt":{"rendered":"Nouveau mod\u00e8le phare de la famille Cayenne Apr\u00e8s le lancement du Cayenne de troisi\u00e8me g\u00e9n\u00e9ration au d\u00e9but de l'ann\u00e9e 2023,\u2026","protected":false},"author":0,"featured_media":138451,"comment_status":"","ping_status":"open","sticky":false,"template":"","format":"standard","meta":{"footnotes":""},"categories":[127],"tags":[],"class_list":["post-138471","post","type-post","status-publish","format-standard","has-post-thumbnail","hentry","category-nouvelles-de-voiture"],"acf":[],"yoast_head":"<!-- This site is optimized with the Yoast SEO plugin v21.2 - https:\/\/yoast.com\/wordpress\/plugins\/seo\/ -->\n<title>Porsche Cayenne Turbo E-Hybrid : le Cayenne le plus puissant de tous les temps ! - All cars news<\/title>\n<meta name=\"robots\" content=\"index, follow, max-snippet:-1, max-image-preview:large, max-video-preview:-1\" \/>\n<link rel=\"canonical\" href=\"https:\/\/all-car-news.com\/fr\/porsche-cayenne-turbo-e-hybrid-le-cayenne-le-plus-puissant-de-tous-les-temps\/\" \/>\n<meta property=\"og:locale\" content=\"fr_FR\" \/>\n<meta property=\"og:type\" content=\"article\" \/>\n<meta property=\"og:title\" content=\"Porsche Cayenne Turbo E-Hybrid : le Cayenne le plus puissant de tous les temps ! - All cars news\" \/>\n<meta property=\"og:description\" content=\"Nouveau mod\u00e8le phare de la famille Cayenne Apr\u00e8s le lancement du Cayenne de troisi\u00e8me g\u00e9n\u00e9ration au d\u00e9but de l&#039;ann\u00e9e 2023, Porsche \u00e9largit sa gamme de SUV avec un nouveau mod\u00e8le phare. L&#039;autonomie et les performances de la conduite tout \u00e9lectrique ont \u00e9t\u00e9 port\u00e9es \u00e0 un niveau encore plus \u00e9lev\u00e9. Un moteur \u00e9lectrique d&#039;une puissance de 130 kW (176 ch) travaille de concert avec le moteur radicalement [...]\" \/>\n<meta property=\"og:url\" content=\"https:\/\/all-car-news.com\/fr\/porsche-cayenne-turbo-e-hybrid-le-cayenne-le-plus-puissant-de-tous-les-temps\/\" \/>\n<meta property=\"og:site_name\" content=\"All cars news\" \/>\n<meta property=\"article:published_time\" content=\"2023-08-29T07:55:41+00:00\" \/>\n<meta property=\"og:image\" content=\"https:\/\/autorai.nl\/wp-content\/uploads\/2023\/08\/Porsche-Cayenne-Turbo-E-Hybrid-2023-foto6-1140x761.jpg\" \/>\n<meta name=\"twitter:card\" content=\"summary_large_image\" \/>\n<meta name=\"twitter:label1\" content=\"Dur\u00e9e de lecture estim\u00e9e\" \/>\n\t<meta name=\"twitter:data1\" content=\"3 minutes\" \/>\n<script type=\"application\/ld+json\" class=\"yoast-schema-graph\">{\"@context\":\"https:\/\/schema.org\",\"@graph\":[{\"@type\":\"Article\",\"@id\":\"https:\/\/all-car-news.com\/fr\/porsche-cayenne-turbo-e-hybrid-le-cayenne-le-plus-puissant-de-tous-les-temps\/#article\",\"isPartOf\":{\"@id\":\"https:\/\/all-car-news.com\/fr\/porsche-cayenne-turbo-e-hybrid-le-cayenne-le-plus-puissant-de-tous-les-temps\/\"},\"author\":{\"name\":\"\",\"@id\":\"\"},\"headline\":\"Porsche Cayenne Turbo E-Hybrid : le Cayenne le plus puissant de tous les temps !\",\"datePublished\":\"2023-08-29T07:55:41+00:00\",\"dateModified\":\"2023-08-29T07:55:41+00:00\",\"mainEntityOfPage\":{\"@id\":\"https:\/\/all-car-news.com\/fr\/porsche-cayenne-turbo-e-hybrid-le-cayenne-le-plus-puissant-de-tous-les-temps\/\"},\"wordCount\":675,\"publisher\":{\"@id\":\"https:\/\/all-car-news.com\/fr\/#organization\"},\"articleSection\":[\"nouvelles de voiture\"],\"inLanguage\":\"fr-FR\"},{\"@type\":\"WebPage\",\"@id\":\"https:\/\/all-car-news.com\/fr\/porsche-cayenne-turbo-e-hybrid-le-cayenne-le-plus-puissant-de-tous-les-temps\/\",\"url\":\"https:\/\/all-car-news.com\/fr\/porsche-cayenne-turbo-e-hybrid-le-cayenne-le-plus-puissant-de-tous-les-temps\/\",\"name\":\"Porsche Cayenne Turbo E-Hybrid : le Cayenne le plus puissant de tous les temps ! - All cars news\",\"isPartOf\":{\"@id\":\"https:\/\/all-car-news.com\/fr\/#website\"},\"datePublished\":\"2023-08-29T07:55:41+00:00\",\"dateModified\":\"2023-08-29T07:55:41+00:00\",\"breadcrumb\":{\"@id\":\"https:\/\/all-car-news.com\/fr\/porsche-cayenne-turbo-e-hybrid-le-cayenne-le-plus-puissant-de-tous-les-temps\/#breadcrumb\"},\"inLanguage\":\"fr-FR\",\"potentialAction\":[{\"@type\":\"ReadAction\",\"target\":[\"https:\/\/all-car-news.com\/fr\/porsche-cayenne-turbo-e-hybrid-le-cayenne-le-plus-puissant-de-tous-les-temps\/\"]}]},{\"@type\":\"BreadcrumbList\",\"@id\":\"https:\/\/all-car-news.com\/fr\/porsche-cayenne-turbo-e-hybrid-le-cayenne-le-plus-puissant-de-tous-les-temps\/#breadcrumb\",\"itemListElement\":[{\"@type\":\"ListItem\",\"position\":1,\"name\":\"Home\",\"item\":\"https:\/\/all-car-news.com\/fr\/\"},{\"@type\":\"ListItem\",\"position\":2,\"name\":\"Porsche Cayenne Turbo E-Hybrid : le Cayenne le plus puissant de tous les temps !\"}]},{\"@type\":\"WebSite\",\"@id\":\"https:\/\/all-car-news.com\/fr\/#website\",\"url\":\"https:\/\/all-car-news.com\/fr\/\",\"name\":\"All cars news\",\"description\":\"\",\"publisher\":{\"@id\":\"https:\/\/all-car-news.com\/fr\/#organization\"},\"potentialAction\":[{\"@type\":\"SearchAction\",\"target\":{\"@type\":\"EntryPoint\",\"urlTemplate\":\"https:\/\/all-car-news.com\/fr\/?s={search_term_string}\"},\"query-input\":\"required name=search_term_string\"}],\"inLanguage\":\"fr-FR\"},{\"@type\":\"Organization\",\"@id\":\"https:\/\/all-car-news.com\/fr\/#organization\",\"name\":\"All cars news\",\"url\":\"https:\/\/all-car-news.com\/fr\/\",\"logo\":{\"@type\":\"ImageObject\",\"inLanguage\":\"fr-FR\",\"@id\":\"https:\/\/all-car-news.com\/fr\/#\/schema\/logo\/image\/\",\"url\":\"https:\/\/all-car-news.com\/wp-content\/uploads\/2022\/02\/CMYK-AllCarNews_LANDSCAPE_300px-1.png\",\"contentUrl\":\"https:\/\/all-car-news.com\/wp-content\/uploads\/2022\/02\/CMYK-AllCarNews_LANDSCAPE_300px-1.png\",\"width\":300,\"height\":100,\"caption\":\"All cars news\"},\"image\":{\"@id\":\"https:\/\/all-car-news.com\/fr\/#\/schema\/logo\/image\/\"}}]}<\/script>\n<!-- \/ Yoast SEO plugin. -->","yoast_head_json":{"title":"Porsche Cayenne Turbo E-Hybrid : le Cayenne le plus puissant de tous les temps ! - All cars news","robots":{"index":"index","follow":"follow","max-snippet":"max-snippet:-1","max-image-preview":"max-image-preview:large","max-video-preview":"max-video-preview:-1"},"canonical":"https:\/\/all-car-news.com\/fr\/porsche-cayenne-turbo-e-hybrid-le-cayenne-le-plus-puissant-de-tous-les-temps\/","og_locale":"fr_FR","og_type":"article","og_title":"Porsche Cayenne Turbo E-Hybrid : le Cayenne le plus puissant de tous les temps ! - All cars news","og_description":"Nouveau mod\u00e8le phare de la famille Cayenne Apr\u00e8s le lancement du Cayenne de troisi\u00e8me g\u00e9n\u00e9ration au d\u00e9but de l'ann\u00e9e 2023, Porsche \u00e9largit sa gamme de SUV avec un nouveau mod\u00e8le phare. L'autonomie et les performances de la conduite tout \u00e9lectrique ont \u00e9t\u00e9 port\u00e9es \u00e0 un niveau encore plus \u00e9lev\u00e9. Un moteur \u00e9lectrique d'une puissance de 130 kW (176 ch) travaille de concert avec le moteur radicalement [...]","og_url":"https:\/\/all-car-news.com\/fr\/porsche-cayenne-turbo-e-hybrid-le-cayenne-le-plus-puissant-de-tous-les-temps\/","og_site_name":"All cars news","article_published_time":"2023-08-29T07:55:41+00:00","og_image":[{"url":"https:\/\/autorai.nl\/wp-content\/uploads\/2023\/08\/Porsche-Cayenne-Turbo-E-Hybrid-2023-foto6-1140x761.jpg"}],"twitter_card":"summary_large_image","twitter_misc":{"Dur\u00e9e de lecture estim\u00e9e":"3 minutes"},"schema":{"@context":"https:\/\/schema.org","@graph":[{"@type":"Article","@id":"https:\/\/all-car-news.com\/fr\/porsche-cayenne-turbo-e-hybrid-le-cayenne-le-plus-puissant-de-tous-les-temps\/#article","isPartOf":{"@id":"https:\/\/all-car-news.com\/fr\/porsche-cayenne-turbo-e-hybrid-le-cayenne-le-plus-puissant-de-tous-les-temps\/"},"author":{"name":"","@id":""},"headline":"Porsche Cayenne Turbo E-Hybrid : le Cayenne le plus puissant de tous les temps !","datePublished":"2023-08-29T07:55:41+00:00","dateModified":"2023-08-29T07:55:41+00:00","mainEntityOfPage":{"@id":"https:\/\/all-car-news.com\/fr\/porsche-cayenne-turbo-e-hybrid-le-cayenne-le-plus-puissant-de-tous-les-temps\/"},"wordCount":675,"publisher":{"@id":"https:\/\/all-car-news.com\/fr\/#organization"},"articleSection":["nouvelles de voiture"],"inLanguage":"fr-FR"},{"@type":"WebPage","@id":"https:\/\/all-car-news.com\/fr\/porsche-cayenne-turbo-e-hybrid-le-cayenne-le-plus-puissant-de-tous-les-temps\/","url":"https:\/\/all-car-news.com\/fr\/porsche-cayenne-turbo-e-hybrid-le-cayenne-le-plus-puissant-de-tous-les-temps\/","name":"Porsche Cayenne Turbo E-Hybrid : le Cayenne le plus puissant de tous les temps ! - All cars news","isPartOf":{"@id":"https:\/\/all-car-news.com\/fr\/#website"},"datePublished":"2023-08-29T07:55:41+00:00","dateModified":"2023-08-29T07:55:41+00:00","breadcrumb":{"@id":"https:\/\/all-car-news.com\/fr\/porsche-cayenne-turbo-e-hybrid-le-cayenne-le-plus-puissant-de-tous-les-temps\/#breadcrumb"},"inLanguage":"fr-FR","potentialAction":[{"@type":"ReadAction","target":["https:\/\/all-car-news.com\/fr\/porsche-cayenne-turbo-e-hybrid-le-cayenne-le-plus-puissant-de-tous-les-temps\/"]}]},{"@type":"BreadcrumbList","@id":"https:\/\/all-car-news.com\/fr\/porsche-cayenne-turbo-e-hybrid-le-cayenne-le-plus-puissant-de-tous-les-temps\/#breadcrumb","itemListElement":[{"@type":"ListItem","position":1,"name":"Home","item":"https:\/\/all-car-news.com\/fr\/"},{"@type":"ListItem","position":2,"name":"Porsche Cayenne Turbo E-Hybrid : le Cayenne le plus puissant de tous les temps !"}]},{"@type":"WebSite","@id":"https:\/\/all-car-news.com\/fr\/#website","url":"https:\/\/all-car-news.com\/fr\/","name":"All cars news","description":"","publisher":{"@id":"https:\/\/all-car-news.com\/fr\/#organization"},"potentialAction":[{"@type":"SearchAction","target":{"@type":"EntryPoint","urlTemplate":"https:\/\/all-car-news.com\/fr\/?s={search_term_string}"},"query-input":"required name=search_term_string"}],"inLanguage":"fr-FR"},{"@type":"Organization","@id":"https:\/\/all-car-news.com\/fr\/#organization","name":"All cars news","url":"https:\/\/all-car-news.com\/fr\/","logo":{"@type":"ImageObject","inLanguage":"fr-FR","@id":"https:\/\/all-car-news.com\/fr\/#\/schema\/logo\/image\/","url":"https:\/\/all-car-news.com\/wp-content\/uploads\/2022\/02\/CMYK-AllCarNews_LANDSCAPE_300px-1.png","contentUrl":"https:\/\/all-car-news.com\/wp-content\/uploads\/2022\/02\/CMYK-AllCarNews_LANDSCAPE_300px-1.png","width":300,"height":100,"caption":"All cars news"},"image":{"@id":"https:\/\/all-car-news.com\/fr\/#\/schema\/logo\/image\/"}}]}},"_links":{"self":[{"href":"https:\/\/all-car-news.com\/fr\/wp-json\/wp\/v2\/posts\/138471","targetHints":{"allow":["GET"]}}],"collection":[{"href":"https:\/\/all-car-news.com\/fr\/wp-json\/wp\/v2\/posts"}],"about":[{"href":"https:\/\/all-car-news.com\/fr\/wp-json\/wp\/v2\/types\/post"}],"replies":[{"embeddable":true,"href":"https:\/\/all-car-news.com\/fr\/wp-json\/wp\/v2\/comments?post=138471"}],"version-history":[{"count":0,"href":"https:\/\/all-car-news.com\/fr\/wp-json\/wp\/v2\/posts\/138471\/revisions"}],"wp:featuredmedia":[{"embeddable":true,"href":"https:\/\/all-car-news.com\/fr\/wp-json\/wp\/v2\/media\/138451"}],"wp:attachment":[{"href":"https:\/\/all-car-news.com\/fr\/wp-json\/wp\/v2\/media?parent=138471"}],"wp:term":[{"taxonomy":"category","embeddable":true,"href":"https:\/\/all-car-news.com\/fr\/wp-json\/wp\/v2\/categories?post=138471"},{"taxonomy":"post_tag","embeddable":true,"href":"https:\/\/all-car-news.com\/fr\/wp-json\/wp\/v2\/tags?post=138471"}],"curies":[{"name":"wp","href":"https:\/\/api.w.org\/{rel}","templated":true}]}}