{"id":138440,"date":"2023-08-28T12:21:27","date_gmt":"2023-08-28T12:21:27","guid":{"rendered":"https:\/\/all-car-news.com\/ajustement-du-prix-de-la-peugeot-e-308-electrique\/"},"modified":"2023-08-28T12:21:27","modified_gmt":"2023-08-28T12:21:27","slug":"ajustement-du-prix-de-la-peugeot-e-308-electrique","status":"publish","type":"post","link":"https:\/\/all-car-news.com\/fr\/ajustement-du-prix-de-la-peugeot-e-308-electrique\/","title":{"rendered":"Ajustement du prix de la Peugeot e-308 \u00e9lectrique"},"content":{"rendered":"<h2>SEPP<\/h2>\n<p>Gr\u00e2ce \u00e0 ce meilleur positionnement tarifaire, toutes les versions de la Peugeot e-308, \u00e0 l&rsquo;exception de la Peugeot e-308 GT SW, se situent en dessous de la limite SEPP de 45.000 euros et sont \u00e9ligibles \u00e0 l&rsquo;aide \u00e0 la vente au d\u00e9tail de 2.950 euros pour les voitures \u00e9lectriques.<\/p>\n<h2>Les nouveaux prix de la Peugeot e-308<\/h2>\n<p>La gamme de livraison de la nouvelle Peugeot e-308 commence par la version Allure. Les clients b\u00e9n\u00e9ficieront de s\u00e9rie d&rsquo;une peinture m\u00e9tallis\u00e9e, de jantes en alliage de 18 pouces, du Pack Drive Assist 1, de si\u00e8ges avant chauffants, d&rsquo;un volant chauffant et d&rsquo;un syst\u00e8me de navigation, entre autres. Le prix du e-308 Allure est de 43 585 euros. Le prix du e-308 Allure SW est de 44 875 euros.<\/p>\n<p>Avec un prix de 45.985 euros en Berline, la Peugeot e-308 GT reste \u00e9galement en dessous de la limite SEPP (prix fiscal de 42.415 euros). La peinture m\u00e9tallis\u00e9e est de s\u00e9rie sur la GT, de m\u00eame que les autres \u00e9quipements de l&rsquo;Allure mentionn\u00e9s plus haut. La GT ajoute \u00e9galement une sellerie Alcantara\/cuir artificiel, des phares Full LED et des d\u00e9tails d&rsquo;habillage sp\u00e9cifiques.<\/p>\n<figure class=\"wp-block-image size-content\"><img decoding=\"async\" loading=\"lazy\" width=\"1140\" height=\"634\" src=\"https:\/\/autorai.nl\/wp-content\/uploads\/2023\/08\/peugeot-e-308-2023-prijsaanpassing-foto2-1140x634.jpg\" alt=\"Peugeot e-308\" class=\"wp-image-165310\"><\/figure>\n<h2>Groupe motopropulseur<\/h2>\n<p>La cha\u00eene de traction de la Peugeot e-308 se compose d&rsquo;un moteur \u00e9lectrique d&rsquo;une puissance de 115 kW (156 ch) et d&rsquo;un couple de 270 Nm. Il s&rsquo;agit d&rsquo;une batterie haute tension (400 volts) de 54 kWh (51 kWh utilisables) avec une nouvelle composition chimique de 80 % de nickel, 10 % de mangan\u00e8se et 10 % de cobalt. L&rsquo;autonomie peut atteindre 412 km selon le cycle WLTP.<\/p>\n<p>Pour utiliser au mieux l&rsquo;\u00e9nergie disponible, le conducteur peut choisir entre trois modes de conduite :<\/p>\n<ul>\n<li>ECO, pour une autonomie maximale (80 kW\/109 ch et 220 Nm)<\/li>\n<li>NORMAL, pour un usage quotidien (100 kW\/136 ch et 250 Nm)<\/li>\n<li>SPORT, pour des performances et une exp\u00e9rience maximales (115 kW\/156 ch et 270 Nm)<\/li>\n<\/ul>\n<h2>FREIN et charge<\/h2>\n<p>En outre, le mode BRAKE offre une efficacit\u00e9 accrue en appliquant un freinage suppl\u00e9mentaire au moteur \u00e9lectrique lorsque l&rsquo;on rel\u00e2che l&rsquo;acc\u00e9l\u00e9rateur, ce qui permet de r\u00e9cup\u00e9rer de l&rsquo;\u00e9nergie. La Peugeot e-308 est \u00e9quip\u00e9e de s\u00e9rie d&rsquo;un chargeur embarqu\u00e9 de 11 kW. Le connecteur de charge est adapt\u00e9 \u00e0 tous les modes de charge. \u00c0 un point de charge de 100 kW, il est possible de charger la batterie de 20 \u00e0 80 % en 30 minutes.<\/p>\n","protected":false},"excerpt":{"rendered":"SEPP Gr\u00e2ce \u00e0 un meilleur positionnement tarifaire, toutes les versions de la Peugeot e-308, \u00e0 l'exception de la Peugeot e-308\u2026","protected":false},"author":0,"featured_media":138430,"comment_status":"","ping_status":"open","sticky":false,"template":"","format":"standard","meta":{"footnotes":""},"categories":[127],"tags":[],"class_list":["post-138440","post","type-post","status-publish","format-standard","has-post-thumbnail","hentry","category-nouvelles-de-voiture"],"acf":[],"yoast_head":"<!-- This site is optimized with the Yoast SEO plugin v21.2 - https:\/\/yoast.com\/wordpress\/plugins\/seo\/ -->\n<title>Ajustement du prix de la Peugeot e-308 \u00e9lectrique - All cars news<\/title>\n<meta name=\"robots\" content=\"index, follow, max-snippet:-1, max-image-preview:large, max-video-preview:-1\" \/>\n<link rel=\"canonical\" href=\"https:\/\/all-car-news.com\/fr\/ajustement-du-prix-de-la-peugeot-e-308-electrique\/\" \/>\n<meta property=\"og:locale\" content=\"fr_FR\" \/>\n<meta property=\"og:type\" content=\"article\" \/>\n<meta property=\"og:title\" content=\"Ajustement du prix de la Peugeot e-308 \u00e9lectrique - All cars news\" \/>\n<meta property=\"og:description\" content=\"SEPP Gr\u00e2ce \u00e0 un meilleur positionnement tarifaire, toutes les versions de la Peugeot e-308, \u00e0 l&#039;exception de la Peugeot e-308 GT SW, se situent en dessous de la limite SEPP de 45.000 euros et sont \u00e9ligibles \u00e0 l&#039;aide \u00e0 la vente au d\u00e9tail de 2.950 euros pour les voitures \u00e9lectriques. Les nouveaux prix de la Peugeot e-308 La gamme de livraison de la nouvelle Peugeot [...]\" \/>\n<meta property=\"og:url\" content=\"https:\/\/all-car-news.com\/fr\/ajustement-du-prix-de-la-peugeot-e-308-electrique\/\" \/>\n<meta property=\"og:site_name\" content=\"All cars news\" \/>\n<meta property=\"article:published_time\" content=\"2023-08-28T12:21:27+00:00\" \/>\n<meta property=\"og:image\" content=\"https:\/\/autorai.nl\/wp-content\/uploads\/2023\/08\/peugeot-e-308-2023-prijsaanpassing-foto2-1140x634.jpg\" \/>\n<meta name=\"twitter:card\" content=\"summary_large_image\" \/>\n<meta name=\"twitter:label1\" content=\"Dur\u00e9e de lecture estim\u00e9e\" \/>\n\t<meta name=\"twitter:data1\" content=\"2 minutes\" \/>\n<script type=\"application\/ld+json\" class=\"yoast-schema-graph\">{\"@context\":\"https:\/\/schema.org\",\"@graph\":[{\"@type\":\"Article\",\"@id\":\"https:\/\/all-car-news.com\/fr\/ajustement-du-prix-de-la-peugeot-e-308-electrique\/#article\",\"isPartOf\":{\"@id\":\"https:\/\/all-car-news.com\/fr\/ajustement-du-prix-de-la-peugeot-e-308-electrique\/\"},\"author\":{\"name\":\"\",\"@id\":\"\"},\"headline\":\"Ajustement du prix de la Peugeot e-308 \u00e9lectrique\",\"datePublished\":\"2023-08-28T12:21:27+00:00\",\"dateModified\":\"2023-08-28T12:21:27+00:00\",\"mainEntityOfPage\":{\"@id\":\"https:\/\/all-car-news.com\/fr\/ajustement-du-prix-de-la-peugeot-e-308-electrique\/\"},\"wordCount\":384,\"publisher\":{\"@id\":\"https:\/\/all-car-news.com\/fr\/#organization\"},\"articleSection\":[\"nouvelles de voiture\"],\"inLanguage\":\"fr-FR\"},{\"@type\":\"WebPage\",\"@id\":\"https:\/\/all-car-news.com\/fr\/ajustement-du-prix-de-la-peugeot-e-308-electrique\/\",\"url\":\"https:\/\/all-car-news.com\/fr\/ajustement-du-prix-de-la-peugeot-e-308-electrique\/\",\"name\":\"Ajustement du prix de la Peugeot e-308 \u00e9lectrique - All cars news\",\"isPartOf\":{\"@id\":\"https:\/\/all-car-news.com\/fr\/#website\"},\"datePublished\":\"2023-08-28T12:21:27+00:00\",\"dateModified\":\"2023-08-28T12:21:27+00:00\",\"breadcrumb\":{\"@id\":\"https:\/\/all-car-news.com\/fr\/ajustement-du-prix-de-la-peugeot-e-308-electrique\/#breadcrumb\"},\"inLanguage\":\"fr-FR\",\"potentialAction\":[{\"@type\":\"ReadAction\",\"target\":[\"https:\/\/all-car-news.com\/fr\/ajustement-du-prix-de-la-peugeot-e-308-electrique\/\"]}]},{\"@type\":\"BreadcrumbList\",\"@id\":\"https:\/\/all-car-news.com\/fr\/ajustement-du-prix-de-la-peugeot-e-308-electrique\/#breadcrumb\",\"itemListElement\":[{\"@type\":\"ListItem\",\"position\":1,\"name\":\"Home\",\"item\":\"https:\/\/all-car-news.com\/fr\/\"},{\"@type\":\"ListItem\",\"position\":2,\"name\":\"Ajustement du prix de la Peugeot e-308 \u00e9lectrique\"}]},{\"@type\":\"WebSite\",\"@id\":\"https:\/\/all-car-news.com\/fr\/#website\",\"url\":\"https:\/\/all-car-news.com\/fr\/\",\"name\":\"All cars news\",\"description\":\"\",\"publisher\":{\"@id\":\"https:\/\/all-car-news.com\/fr\/#organization\"},\"potentialAction\":[{\"@type\":\"SearchAction\",\"target\":{\"@type\":\"EntryPoint\",\"urlTemplate\":\"https:\/\/all-car-news.com\/fr\/?s={search_term_string}\"},\"query-input\":\"required name=search_term_string\"}],\"inLanguage\":\"fr-FR\"},{\"@type\":\"Organization\",\"@id\":\"https:\/\/all-car-news.com\/fr\/#organization\",\"name\":\"All cars news\",\"url\":\"https:\/\/all-car-news.com\/fr\/\",\"logo\":{\"@type\":\"ImageObject\",\"inLanguage\":\"fr-FR\",\"@id\":\"https:\/\/all-car-news.com\/fr\/#\/schema\/logo\/image\/\",\"url\":\"https:\/\/all-car-news.com\/wp-content\/uploads\/2022\/02\/CMYK-AllCarNews_LANDSCAPE_300px-1.png\",\"contentUrl\":\"https:\/\/all-car-news.com\/wp-content\/uploads\/2022\/02\/CMYK-AllCarNews_LANDSCAPE_300px-1.png\",\"width\":300,\"height\":100,\"caption\":\"All cars news\"},\"image\":{\"@id\":\"https:\/\/all-car-news.com\/fr\/#\/schema\/logo\/image\/\"}}]}<\/script>\n<!-- \/ Yoast SEO plugin. -->","yoast_head_json":{"title":"Ajustement du prix de la Peugeot e-308 \u00e9lectrique - All cars news","robots":{"index":"index","follow":"follow","max-snippet":"max-snippet:-1","max-image-preview":"max-image-preview:large","max-video-preview":"max-video-preview:-1"},"canonical":"https:\/\/all-car-news.com\/fr\/ajustement-du-prix-de-la-peugeot-e-308-electrique\/","og_locale":"fr_FR","og_type":"article","og_title":"Ajustement du prix de la Peugeot e-308 \u00e9lectrique - All cars news","og_description":"SEPP Gr\u00e2ce \u00e0 un meilleur positionnement tarifaire, toutes les versions de la Peugeot e-308, \u00e0 l'exception de la Peugeot e-308 GT SW, se situent en dessous de la limite SEPP de 45.000 euros et sont \u00e9ligibles \u00e0 l'aide \u00e0 la vente au d\u00e9tail de 2.950 euros pour les voitures \u00e9lectriques. Les nouveaux prix de la Peugeot e-308 La gamme de livraison de la nouvelle Peugeot [...]","og_url":"https:\/\/all-car-news.com\/fr\/ajustement-du-prix-de-la-peugeot-e-308-electrique\/","og_site_name":"All cars news","article_published_time":"2023-08-28T12:21:27+00:00","og_image":[{"url":"https:\/\/autorai.nl\/wp-content\/uploads\/2023\/08\/peugeot-e-308-2023-prijsaanpassing-foto2-1140x634.jpg"}],"twitter_card":"summary_large_image","twitter_misc":{"Dur\u00e9e de lecture estim\u00e9e":"2 minutes"},"schema":{"@context":"https:\/\/schema.org","@graph":[{"@type":"Article","@id":"https:\/\/all-car-news.com\/fr\/ajustement-du-prix-de-la-peugeot-e-308-electrique\/#article","isPartOf":{"@id":"https:\/\/all-car-news.com\/fr\/ajustement-du-prix-de-la-peugeot-e-308-electrique\/"},"author":{"name":"","@id":""},"headline":"Ajustement du prix de la Peugeot e-308 \u00e9lectrique","datePublished":"2023-08-28T12:21:27+00:00","dateModified":"2023-08-28T12:21:27+00:00","mainEntityOfPage":{"@id":"https:\/\/all-car-news.com\/fr\/ajustement-du-prix-de-la-peugeot-e-308-electrique\/"},"wordCount":384,"publisher":{"@id":"https:\/\/all-car-news.com\/fr\/#organization"},"articleSection":["nouvelles de voiture"],"inLanguage":"fr-FR"},{"@type":"WebPage","@id":"https:\/\/all-car-news.com\/fr\/ajustement-du-prix-de-la-peugeot-e-308-electrique\/","url":"https:\/\/all-car-news.com\/fr\/ajustement-du-prix-de-la-peugeot-e-308-electrique\/","name":"Ajustement du prix de la Peugeot e-308 \u00e9lectrique - All cars news","isPartOf":{"@id":"https:\/\/all-car-news.com\/fr\/#website"},"datePublished":"2023-08-28T12:21:27+00:00","dateModified":"2023-08-28T12:21:27+00:00","breadcrumb":{"@id":"https:\/\/all-car-news.com\/fr\/ajustement-du-prix-de-la-peugeot-e-308-electrique\/#breadcrumb"},"inLanguage":"fr-FR","potentialAction":[{"@type":"ReadAction","target":["https:\/\/all-car-news.com\/fr\/ajustement-du-prix-de-la-peugeot-e-308-electrique\/"]}]},{"@type":"BreadcrumbList","@id":"https:\/\/all-car-news.com\/fr\/ajustement-du-prix-de-la-peugeot-e-308-electrique\/#breadcrumb","itemListElement":[{"@type":"ListItem","position":1,"name":"Home","item":"https:\/\/all-car-news.com\/fr\/"},{"@type":"ListItem","position":2,"name":"Ajustement du prix de la Peugeot e-308 \u00e9lectrique"}]},{"@type":"WebSite","@id":"https:\/\/all-car-news.com\/fr\/#website","url":"https:\/\/all-car-news.com\/fr\/","name":"All cars news","description":"","publisher":{"@id":"https:\/\/all-car-news.com\/fr\/#organization"},"potentialAction":[{"@type":"SearchAction","target":{"@type":"EntryPoint","urlTemplate":"https:\/\/all-car-news.com\/fr\/?s={search_term_string}"},"query-input":"required name=search_term_string"}],"inLanguage":"fr-FR"},{"@type":"Organization","@id":"https:\/\/all-car-news.com\/fr\/#organization","name":"All cars news","url":"https:\/\/all-car-news.com\/fr\/","logo":{"@type":"ImageObject","inLanguage":"fr-FR","@id":"https:\/\/all-car-news.com\/fr\/#\/schema\/logo\/image\/","url":"https:\/\/all-car-news.com\/wp-content\/uploads\/2022\/02\/CMYK-AllCarNews_LANDSCAPE_300px-1.png","contentUrl":"https:\/\/all-car-news.com\/wp-content\/uploads\/2022\/02\/CMYK-AllCarNews_LANDSCAPE_300px-1.png","width":300,"height":100,"caption":"All cars news"},"image":{"@id":"https:\/\/all-car-news.com\/fr\/#\/schema\/logo\/image\/"}}]}},"_links":{"self":[{"href":"https:\/\/all-car-news.com\/fr\/wp-json\/wp\/v2\/posts\/138440","targetHints":{"allow":["GET"]}}],"collection":[{"href":"https:\/\/all-car-news.com\/fr\/wp-json\/wp\/v2\/posts"}],"about":[{"href":"https:\/\/all-car-news.com\/fr\/wp-json\/wp\/v2\/types\/post"}],"replies":[{"embeddable":true,"href":"https:\/\/all-car-news.com\/fr\/wp-json\/wp\/v2\/comments?post=138440"}],"version-history":[{"count":0,"href":"https:\/\/all-car-news.com\/fr\/wp-json\/wp\/v2\/posts\/138440\/revisions"}],"wp:featuredmedia":[{"embeddable":true,"href":"https:\/\/all-car-news.com\/fr\/wp-json\/wp\/v2\/media\/138430"}],"wp:attachment":[{"href":"https:\/\/all-car-news.com\/fr\/wp-json\/wp\/v2\/media?parent=138440"}],"wp:term":[{"taxonomy":"category","embeddable":true,"href":"https:\/\/all-car-news.com\/fr\/wp-json\/wp\/v2\/categories?post=138440"},{"taxonomy":"post_tag","embeddable":true,"href":"https:\/\/all-car-news.com\/fr\/wp-json\/wp\/v2\/tags?post=138440"}],"curies":[{"name":"wp","href":"https:\/\/api.w.org\/{rel}","templated":true}]}}