{"id":138435,"date":"2023-08-28T12:34:38","date_gmt":"2023-08-28T12:34:38","guid":{"rendered":"https:\/\/all-car-news.com\/la-police-choisit-bmw-et-ford-comme-nouveaux-vehicules-de-base\/"},"modified":"2023-08-28T12:34:38","modified_gmt":"2023-08-28T12:34:38","slug":"la-police-choisit-bmw-et-ford-comme-nouveaux-vehicules-de-base","status":"publish","type":"post","link":"https:\/\/all-car-news.com\/fr\/la-police-choisit-bmw-et-ford-comme-nouveaux-vehicules-de-base\/","title":{"rendered":"La police choisit BMW et Ford comme nouveaux v\u00e9hicules de base !"},"content":{"rendered":"<p>Commen\u00e7ons par un petit apart\u00e9 : \u00e0 condition que les mod\u00e8les d&rsquo;essai des voitures soient \u00e9galement approuv\u00e9s par la police, le Ford Kuga Full Hybrid et le BMW X1 deviendront les nouveaux v\u00e9hicules de base de la police.<\/p>\n<h2>Deux parties d\u00e9lib\u00e9r\u00e9ment<\/h2>\n<p>\u00ab\u00a0La police a d\u00e9lib\u00e9r\u00e9ment choisi de passer un contrat avec deux marques afin d&rsquo;\u00eatre plus flexible en cas d&rsquo;\u00e9ventuels probl\u00e8mes de livraison\u00a0\u00bb, a d\u00e9clar\u00e9 Michel de Roos, pr\u00e9sident du comit\u00e9 de pilotage charg\u00e9 de l&rsquo;achat des nouvelles voitures. \u00ab\u00a0L&rsquo;appel d&rsquo;offres pour les nouveaux v\u00e9hicules de police de base est un processus intensif. Nous devons prendre en compte de nombreux \u00e9l\u00e9ments, car un v\u00e9hicule de police a des exigences diff\u00e9rentes de celles d&rsquo;une voiture &lsquo;normale&rsquo;. Le plus important est que nos coll\u00e8gues puissent faire leur travail correctement et en toute s\u00e9curit\u00e9.\u00a0\u00bb<\/p>\n<figure class=\"wp-block-image size-content\"><img decoding=\"async\" loading=\"lazy\" width=\"1140\" height=\"641\" src=\"https:\/\/autorai.nl\/wp-content\/uploads\/2023\/08\/ford-kuga-politie-foto2-1140x641.jpeg\" alt=\"Ford Kuga police\" class=\"wp-image-165314\"><\/figure>\n<h2>Tests utilisateurs<\/h2>\n<p>Pour parvenir au verdict final, tous les v\u00e9hicules ont \u00e9t\u00e9 examin\u00e9s et test\u00e9s en d\u00e9tail par des dizaines d&rsquo;agents de police issus de diff\u00e9rentes unit\u00e9s, de l&rsquo;acad\u00e9mie de police, de l&rsquo;orientation op\u00e9rationnelle et de la formation. Cela s&rsquo;est produit \u00e0 la fois sur le circuit de Lelystad et sur les routes publiques. L&rsquo;\u00e9valuation a port\u00e9 non seulement sur les sp\u00e9cifications techniques, telles que la r\u00e9sistance dans les virages, le comportement au freinage, le franchissement des seuils et l&rsquo;acc\u00e9l\u00e9ration, mais aussi sur le confort de conduite g\u00e9n\u00e9ral. Les principaux crit\u00e8res de test \u00e9taient la facilit\u00e9 d&rsquo;entr\u00e9e et de sortie des agents et l&rsquo;espace int\u00e9rieur.  <\/p>\n<h2>Les gagnants<\/h2>\n<p>Pour tous ces \u00e9l\u00e9ments, le score de la voiture et les exp\u00e9riences des testeurs ont \u00e9t\u00e9 m\u00e9ticuleusement enregistr\u00e9s. Jaimy, agent et testeur de l&rsquo;unit\u00e9 de La Haye : \u00ab\u00a0Nous devrons un jour conduire les voitures. C&rsquo;est pourquoi ces tests sont tr\u00e8s importants. C&rsquo;est bien que nous puissions y participer.\u00a0\u00bb Les tests aupr\u00e8s des utilisateurs, qui repr\u00e9sentent 50 % de la note globale, sont un facteur important dans la prise de d\u00e9cision. En outre, le prix (30 %) et les crit\u00e8res qualitatifs (20 %) ont jou\u00e9 un r\u00f4le. Le <a href=\"https:\/\/fordmediacenter.nl\/politie-kiest-voor-ford-kuga-als-nieuw-basispolitievoertuig\/\" target=\"_blank\" rel=\"noreferrer noopener\">Ford Kuga<\/a> et le BMW X1 ont remport\u00e9 la palme. Ils ont obtenu de bons r\u00e9sultats en mati\u00e8re de tenue de route, de direction et de freinage, ainsi que de confort g\u00e9n\u00e9ral et de maniabilit\u00e9 sur les routes publiques, entre autres.<\/p>\n<figure class=\"wp-block-image size-content\"><img decoding=\"async\" loading=\"lazy\" width=\"1140\" height=\"641\" src=\"https:\/\/autorai.nl\/wp-content\/uploads\/2023\/08\/bmw-x1-politie-foto-1140x641.jpg\" alt=\"\" class=\"wp-image-165321\"><\/figure>\n<figure class=\"wp-block-image size-content\"><img decoding=\"async\" loading=\"lazy\" width=\"1140\" height=\"641\" src=\"https:\/\/autorai.nl\/wp-content\/uploads\/2023\/08\/ford-kuga-politie-foto-1140x641.jpg\" alt=\"\" class=\"wp-image-165320\"><\/figure>\n<h2>\u00c9chantillons<\/h2>\n<p>Les fournisseurs qui se sont vu attribuer provisoirement le contrat construiront quelques mod\u00e8les pilotes. Ces mod\u00e8les pilotes &#8211; une fois approuv\u00e9s &#8211; seront d\u00e9ploy\u00e9s pour une p\u00e9riode d&rsquo;utilisation dans diff\u00e9rentes \u00e9quipes de base en 2024. Les accords ne seront sign\u00e9s que si cette phase avec les mod\u00e8les d&rsquo;essai est couronn\u00e9e de succ\u00e8s. Les partenaires Abiom et Veth Automotive assurent le montage et l&rsquo;installation des blindages de communication, de la signalisation et des balises.<\/p>\n<h2>Quel Ford Kuga la police va-t-elle conduire ?<\/h2>\n<p>La police n\u00e9erlandaise a opt\u00e9 pour le Ford Kuga Hybrid. \u00ab\u00a0Nous ne proposons pas officiellement cette variante aux Pays-Bas, car nous n&rsquo;y connaissons que la Kuga Plug-in Hybrid\u00a0\u00bb, a d\u00e9clar\u00e9 Sebastiaan van de Pol, porte-parole de Ford Pays-Bas. La Ford Kuga Hybrid sans prise de courant arrive en Allemagne. La voiture est \u00e9quip\u00e9e d&rsquo;un moteur \u00e0 essence quatre cylindres de 2,5 litres d&rsquo;une puissance de 140 kW (190 ch), associ\u00e9 \u00e0 une transmission automatique CVT. \u00ab\u00a0Ford Netherlands fournit un total de 500 voitures \u00e0 la police, \u00e0 parts \u00e9gales entre Ford et BMW\u00a0\u00bb, ajoute Sebastiaan van de Pol.<\/p>\n<h2>P\u00e9riode 2025-2029<\/h2>\n<p>Si tout se passe comme pr\u00e9vu, le nouvel accord avec Ford et BMW pr\u00e9voira la fourniture et l&rsquo;entretien de v\u00e9hicules de police de base de janvier 2025 \u00e0 d\u00e9cembre 2029 (avec une extension jusqu&rsquo;en d\u00e9cembre 2032). La premi\u00e8re livraison est attendue pour la mi-2025. Au total, la police pr\u00e9voit de retirer environ 1 100 voitures \u00e0 moteur fossile.<\/p>\n<h2>Qu&rsquo;en est-il des VE ?<\/h2>\n<p>Le march\u00e9 des v\u00e9hicules \u00e9lectriques \u00e9volue rapidement ET la police souhaite r\u00e9duire les \u00e9missions de CO2. Par cons\u00e9quent, environ 30 % des voitures particuli\u00e8res \u00e0 moteur fossile actuelles (environ 500 unit\u00e9s) seront remplac\u00e9es par des v\u00e9hicules \u00e9lectriques \u00e0 partir de la fin de l&rsquo;ann\u00e9e 2025. Si tout se passe comme pr\u00e9vu, la proc\u00e9dure d&rsquo;appel d&rsquo;offres pour les <a href=\"https:\/\/www.politie.nl\/nieuws\/2023\/augustus\/28\/00-voorlopige-gunning-basispolitievoertuigen-bekend.html\" target=\"_blank\" rel=\"noreferrer noopener\">v\u00e9hicules de police<\/a> \u00e9lectriques de <a href=\"https:\/\/www.politie.nl\/nieuws\/2023\/augustus\/28\/00-voorlopige-gunning-basispolitievoertuigen-bekend.html\" target=\"_blank\" rel=\"noreferrer noopener\">base<\/a> d\u00e9butera apr\u00e8s l&rsquo;\u00e9t\u00e9.<\/p>\n","protected":false},"excerpt":{"rendered":"Commen\u00e7ons par un petit apart\u00e9 : \u00e0 condition que les mod\u00e8les d'essai des voitures soient \u00e9galement approuv\u00e9s par la police,\u2026","protected":false},"author":0,"featured_media":138424,"comment_status":"","ping_status":"open","sticky":false,"template":"","format":"standard","meta":{"footnotes":""},"categories":[131,127],"tags":[],"class_list":["post-138435","post","type-post","status-publish","format-standard","has-post-thumbnail","hentry","category-fond","category-nouvelles-de-voiture"],"acf":[],"yoast_head":"<!-- This site is optimized with the Yoast SEO plugin v21.2 - https:\/\/yoast.com\/wordpress\/plugins\/seo\/ -->\n<title>La police choisit BMW et Ford comme nouveaux v\u00e9hicules de base ! - All cars news<\/title>\n<meta name=\"robots\" content=\"index, follow, max-snippet:-1, max-image-preview:large, max-video-preview:-1\" \/>\n<link rel=\"canonical\" href=\"https:\/\/all-car-news.com\/fr\/la-police-choisit-bmw-et-ford-comme-nouveaux-vehicules-de-base\/\" \/>\n<meta property=\"og:locale\" content=\"fr_FR\" \/>\n<meta property=\"og:type\" content=\"article\" \/>\n<meta property=\"og:title\" content=\"La police choisit BMW et Ford comme nouveaux v\u00e9hicules de base ! - All cars news\" \/>\n<meta property=\"og:description\" content=\"Commen\u00e7ons par un petit apart\u00e9 : \u00e0 condition que les mod\u00e8les d&#039;essai des voitures soient \u00e9galement approuv\u00e9s par la police, le Ford Kuga Full Hybrid et le BMW X1 deviendront les nouveaux v\u00e9hicules de base de la police. Deux parties d\u00e9lib\u00e9r\u00e9ment &quot;La police a d\u00e9lib\u00e9r\u00e9ment contract\u00e9 deux marques pour \u00eatre plus flexible en cas d&#039;\u00e9ventuels probl\u00e8mes d&#039;approvisionnement&quot;, d\u00e9clare Michel de Roos, pr\u00e9sident [...]\" \/>\n<meta property=\"og:url\" content=\"https:\/\/all-car-news.com\/fr\/la-police-choisit-bmw-et-ford-comme-nouveaux-vehicules-de-base\/\" \/>\n<meta property=\"og:site_name\" content=\"All cars news\" \/>\n<meta property=\"article:published_time\" content=\"2023-08-28T12:34:38+00:00\" \/>\n<meta property=\"og:image\" content=\"https:\/\/autorai.nl\/wp-content\/uploads\/2023\/08\/ford-kuga-politie-foto2-1140x641.jpeg\" \/>\n<meta name=\"twitter:card\" content=\"summary_large_image\" \/>\n<meta name=\"twitter:label1\" content=\"Dur\u00e9e de lecture estim\u00e9e\" \/>\n\t<meta name=\"twitter:data1\" content=\"4 minutes\" \/>\n<script type=\"application\/ld+json\" class=\"yoast-schema-graph\">{\"@context\":\"https:\/\/schema.org\",\"@graph\":[{\"@type\":\"Article\",\"@id\":\"https:\/\/all-car-news.com\/fr\/la-police-choisit-bmw-et-ford-comme-nouveaux-vehicules-de-base\/#article\",\"isPartOf\":{\"@id\":\"https:\/\/all-car-news.com\/fr\/la-police-choisit-bmw-et-ford-comme-nouveaux-vehicules-de-base\/\"},\"author\":{\"name\":\"\",\"@id\":\"\"},\"headline\":\"La police choisit BMW et Ford comme nouveaux v\u00e9hicules de base !\",\"datePublished\":\"2023-08-28T12:34:38+00:00\",\"dateModified\":\"2023-08-28T12:34:38+00:00\",\"mainEntityOfPage\":{\"@id\":\"https:\/\/all-car-news.com\/fr\/la-police-choisit-bmw-et-ford-comme-nouveaux-vehicules-de-base\/\"},\"wordCount\":745,\"publisher\":{\"@id\":\"https:\/\/all-car-news.com\/fr\/#organization\"},\"articleSection\":[\"Fond\",\"nouvelles de voiture\"],\"inLanguage\":\"fr-FR\"},{\"@type\":\"WebPage\",\"@id\":\"https:\/\/all-car-news.com\/fr\/la-police-choisit-bmw-et-ford-comme-nouveaux-vehicules-de-base\/\",\"url\":\"https:\/\/all-car-news.com\/fr\/la-police-choisit-bmw-et-ford-comme-nouveaux-vehicules-de-base\/\",\"name\":\"La police choisit BMW et Ford comme nouveaux v\u00e9hicules de base ! - All cars news\",\"isPartOf\":{\"@id\":\"https:\/\/all-car-news.com\/fr\/#website\"},\"datePublished\":\"2023-08-28T12:34:38+00:00\",\"dateModified\":\"2023-08-28T12:34:38+00:00\",\"breadcrumb\":{\"@id\":\"https:\/\/all-car-news.com\/fr\/la-police-choisit-bmw-et-ford-comme-nouveaux-vehicules-de-base\/#breadcrumb\"},\"inLanguage\":\"fr-FR\",\"potentialAction\":[{\"@type\":\"ReadAction\",\"target\":[\"https:\/\/all-car-news.com\/fr\/la-police-choisit-bmw-et-ford-comme-nouveaux-vehicules-de-base\/\"]}]},{\"@type\":\"BreadcrumbList\",\"@id\":\"https:\/\/all-car-news.com\/fr\/la-police-choisit-bmw-et-ford-comme-nouveaux-vehicules-de-base\/#breadcrumb\",\"itemListElement\":[{\"@type\":\"ListItem\",\"position\":1,\"name\":\"Home\",\"item\":\"https:\/\/all-car-news.com\/fr\/\"},{\"@type\":\"ListItem\",\"position\":2,\"name\":\"La police choisit BMW et Ford comme nouveaux v\u00e9hicules de base !\"}]},{\"@type\":\"WebSite\",\"@id\":\"https:\/\/all-car-news.com\/fr\/#website\",\"url\":\"https:\/\/all-car-news.com\/fr\/\",\"name\":\"All cars news\",\"description\":\"\",\"publisher\":{\"@id\":\"https:\/\/all-car-news.com\/fr\/#organization\"},\"potentialAction\":[{\"@type\":\"SearchAction\",\"target\":{\"@type\":\"EntryPoint\",\"urlTemplate\":\"https:\/\/all-car-news.com\/fr\/?s={search_term_string}\"},\"query-input\":\"required name=search_term_string\"}],\"inLanguage\":\"fr-FR\"},{\"@type\":\"Organization\",\"@id\":\"https:\/\/all-car-news.com\/fr\/#organization\",\"name\":\"All cars news\",\"url\":\"https:\/\/all-car-news.com\/fr\/\",\"logo\":{\"@type\":\"ImageObject\",\"inLanguage\":\"fr-FR\",\"@id\":\"https:\/\/all-car-news.com\/fr\/#\/schema\/logo\/image\/\",\"url\":\"https:\/\/all-car-news.com\/wp-content\/uploads\/2022\/02\/CMYK-AllCarNews_LANDSCAPE_300px-1.png\",\"contentUrl\":\"https:\/\/all-car-news.com\/wp-content\/uploads\/2022\/02\/CMYK-AllCarNews_LANDSCAPE_300px-1.png\",\"width\":300,\"height\":100,\"caption\":\"All cars news\"},\"image\":{\"@id\":\"https:\/\/all-car-news.com\/fr\/#\/schema\/logo\/image\/\"}}]}<\/script>\n<!-- \/ Yoast SEO plugin. -->","yoast_head_json":{"title":"La police choisit BMW et Ford comme nouveaux v\u00e9hicules de base ! - All cars news","robots":{"index":"index","follow":"follow","max-snippet":"max-snippet:-1","max-image-preview":"max-image-preview:large","max-video-preview":"max-video-preview:-1"},"canonical":"https:\/\/all-car-news.com\/fr\/la-police-choisit-bmw-et-ford-comme-nouveaux-vehicules-de-base\/","og_locale":"fr_FR","og_type":"article","og_title":"La police choisit BMW et Ford comme nouveaux v\u00e9hicules de base ! - All cars news","og_description":"Commen\u00e7ons par un petit apart\u00e9 : \u00e0 condition que les mod\u00e8les d'essai des voitures soient \u00e9galement approuv\u00e9s par la police, le Ford Kuga Full Hybrid et le BMW X1 deviendront les nouveaux v\u00e9hicules de base de la police. Deux parties d\u00e9lib\u00e9r\u00e9ment \"La police a d\u00e9lib\u00e9r\u00e9ment contract\u00e9 deux marques pour \u00eatre plus flexible en cas d'\u00e9ventuels probl\u00e8mes d'approvisionnement\", d\u00e9clare Michel de Roos, pr\u00e9sident [...]","og_url":"https:\/\/all-car-news.com\/fr\/la-police-choisit-bmw-et-ford-comme-nouveaux-vehicules-de-base\/","og_site_name":"All cars news","article_published_time":"2023-08-28T12:34:38+00:00","og_image":[{"url":"https:\/\/autorai.nl\/wp-content\/uploads\/2023\/08\/ford-kuga-politie-foto2-1140x641.jpeg"}],"twitter_card":"summary_large_image","twitter_misc":{"Dur\u00e9e de lecture estim\u00e9e":"4 minutes"},"schema":{"@context":"https:\/\/schema.org","@graph":[{"@type":"Article","@id":"https:\/\/all-car-news.com\/fr\/la-police-choisit-bmw-et-ford-comme-nouveaux-vehicules-de-base\/#article","isPartOf":{"@id":"https:\/\/all-car-news.com\/fr\/la-police-choisit-bmw-et-ford-comme-nouveaux-vehicules-de-base\/"},"author":{"name":"","@id":""},"headline":"La police choisit BMW et Ford comme nouveaux v\u00e9hicules de base !","datePublished":"2023-08-28T12:34:38+00:00","dateModified":"2023-08-28T12:34:38+00:00","mainEntityOfPage":{"@id":"https:\/\/all-car-news.com\/fr\/la-police-choisit-bmw-et-ford-comme-nouveaux-vehicules-de-base\/"},"wordCount":745,"publisher":{"@id":"https:\/\/all-car-news.com\/fr\/#organization"},"articleSection":["Fond","nouvelles de voiture"],"inLanguage":"fr-FR"},{"@type":"WebPage","@id":"https:\/\/all-car-news.com\/fr\/la-police-choisit-bmw-et-ford-comme-nouveaux-vehicules-de-base\/","url":"https:\/\/all-car-news.com\/fr\/la-police-choisit-bmw-et-ford-comme-nouveaux-vehicules-de-base\/","name":"La police choisit BMW et Ford comme nouveaux v\u00e9hicules de base ! - All cars news","isPartOf":{"@id":"https:\/\/all-car-news.com\/fr\/#website"},"datePublished":"2023-08-28T12:34:38+00:00","dateModified":"2023-08-28T12:34:38+00:00","breadcrumb":{"@id":"https:\/\/all-car-news.com\/fr\/la-police-choisit-bmw-et-ford-comme-nouveaux-vehicules-de-base\/#breadcrumb"},"inLanguage":"fr-FR","potentialAction":[{"@type":"ReadAction","target":["https:\/\/all-car-news.com\/fr\/la-police-choisit-bmw-et-ford-comme-nouveaux-vehicules-de-base\/"]}]},{"@type":"BreadcrumbList","@id":"https:\/\/all-car-news.com\/fr\/la-police-choisit-bmw-et-ford-comme-nouveaux-vehicules-de-base\/#breadcrumb","itemListElement":[{"@type":"ListItem","position":1,"name":"Home","item":"https:\/\/all-car-news.com\/fr\/"},{"@type":"ListItem","position":2,"name":"La police choisit BMW et Ford comme nouveaux v\u00e9hicules de base !"}]},{"@type":"WebSite","@id":"https:\/\/all-car-news.com\/fr\/#website","url":"https:\/\/all-car-news.com\/fr\/","name":"All cars news","description":"","publisher":{"@id":"https:\/\/all-car-news.com\/fr\/#organization"},"potentialAction":[{"@type":"SearchAction","target":{"@type":"EntryPoint","urlTemplate":"https:\/\/all-car-news.com\/fr\/?s={search_term_string}"},"query-input":"required name=search_term_string"}],"inLanguage":"fr-FR"},{"@type":"Organization","@id":"https:\/\/all-car-news.com\/fr\/#organization","name":"All cars news","url":"https:\/\/all-car-news.com\/fr\/","logo":{"@type":"ImageObject","inLanguage":"fr-FR","@id":"https:\/\/all-car-news.com\/fr\/#\/schema\/logo\/image\/","url":"https:\/\/all-car-news.com\/wp-content\/uploads\/2022\/02\/CMYK-AllCarNews_LANDSCAPE_300px-1.png","contentUrl":"https:\/\/all-car-news.com\/wp-content\/uploads\/2022\/02\/CMYK-AllCarNews_LANDSCAPE_300px-1.png","width":300,"height":100,"caption":"All cars news"},"image":{"@id":"https:\/\/all-car-news.com\/fr\/#\/schema\/logo\/image\/"}}]}},"_links":{"self":[{"href":"https:\/\/all-car-news.com\/fr\/wp-json\/wp\/v2\/posts\/138435","targetHints":{"allow":["GET"]}}],"collection":[{"href":"https:\/\/all-car-news.com\/fr\/wp-json\/wp\/v2\/posts"}],"about":[{"href":"https:\/\/all-car-news.com\/fr\/wp-json\/wp\/v2\/types\/post"}],"replies":[{"embeddable":true,"href":"https:\/\/all-car-news.com\/fr\/wp-json\/wp\/v2\/comments?post=138435"}],"version-history":[{"count":0,"href":"https:\/\/all-car-news.com\/fr\/wp-json\/wp\/v2\/posts\/138435\/revisions"}],"wp:featuredmedia":[{"embeddable":true,"href":"https:\/\/all-car-news.com\/fr\/wp-json\/wp\/v2\/media\/138424"}],"wp:attachment":[{"href":"https:\/\/all-car-news.com\/fr\/wp-json\/wp\/v2\/media?parent=138435"}],"wp:term":[{"taxonomy":"category","embeddable":true,"href":"https:\/\/all-car-news.com\/fr\/wp-json\/wp\/v2\/categories?post=138435"},{"taxonomy":"post_tag","embeddable":true,"href":"https:\/\/all-car-news.com\/fr\/wp-json\/wp\/v2\/tags?post=138435"}],"curies":[{"name":"wp","href":"https:\/\/api.w.org\/{rel}","templated":true}]}}