{"id":138394,"date":"2023-08-25T13:46:06","date_gmt":"2023-08-25T13:46:06","guid":{"rendered":"https:\/\/all-car-news.com\/ce-volkswagen-amarok-panamericana-est-une-veritable-bombe\/"},"modified":"2023-08-25T13:46:06","modified_gmt":"2023-08-25T13:46:06","slug":"ce-volkswagen-amarok-panamericana-est-une-veritable-bombe","status":"publish","type":"post","link":"https:\/\/all-car-news.com\/fr\/ce-volkswagen-amarok-panamericana-est-une-veritable-bombe\/","title":{"rendered":"Ce Volkswagen Amarok PanAmericana est une v\u00e9ritable bombe !"},"content":{"rendered":"<h2>Volkswagen Amarok PanAmericana pick-up<\/h2>\n<p>Ce pick-up Volkswagen Amarok PanAmericana a \u00e9t\u00e9 modifi\u00e9 par l&rsquo;\u00e9quipementier Genesis Import pour en faire un campeur id\u00e9al. Le tout-terrain est \u00e9quip\u00e9 d&rsquo;un toit rigide Alu-Cab, d&rsquo;une tente de toit et d&rsquo;un auvent \u00e0 270 degr\u00e9s, entre autres. Les ajustements de la suspension, les pneus BFGoodrich AT avec des jantes Delta et le style font \u00e9galement partie de la conversion.<\/p>\n<p>Des feux LED suppl\u00e9mentaires sur le toit ou des phares avant suppl\u00e9mentaires sont \u00e9galement disponibles. Il est ainsi possible de se rendre en voiture dans des endroits exotiques, mais aussi de faire des excursions courtes et relaxantes le week-end dans la campagne environnante.<\/p>\n<h2>\u00c9quipement<\/h2>\n<p>Le Volkswagen Amarok PanAmericana est en outre \u00e9quip\u00e9 de phares matriciels \u00e0 LED IQ.Light, de blocs optiques arri\u00e8re \u00e0 LED, d&rsquo;un pare-chocs avant de la couleur du v\u00e9hicule et de si\u00e8ges avant r\u00e9glables en 10 directions.<\/p>\n<h2>puissant moteur diesel V6 TDI de 3,0 litres<\/h2>\n<p>Sous la carrosserie se cache un puissant moteur diesel V6 TDI de 3,0 litres, d&rsquo;une puissance de 177 kW et d&rsquo;un couple de 600 Nm. Le pick-up est \u00e9quip\u00e9 de quatre roues motrices. En Allemagne, un Amarok PanAmericana co\u00fbte au minimum 69 000 euros, TVA comprise. Avec certaines options, bien s\u00fbr, ce prix augmente encore.<\/p>\n<div class=\"galery shuffle galery-0\">\n<figure>\n\t\t\t\t\t<span style=\"cursor: pointer\" data-src=\"https:\/\/autorai.nl\/wp-content\/uploads\/2023\/08\/volkswagen-amarok-panamericana-2023-foto6.jpg\" data-fancybox=\"galery-0\" title=\"\"><br \/>\n\t\t\t\t\t\t\t<img decoding=\"async\" width=\"640\" height=\"480\" src=\"https:\/\/autorai.nl\/wp-content\/uploads\/2023\/08\/volkswagen-amarok-panamericana-2023-foto6-640x480.jpg\" class=\"attachment-medium size-medium\" alt=\"\" loading=\"lazy\"><i class=\"fa fa-search-plus\" aria-hidden=\"true\"><\/i><br \/>\n\t\t\t\t\t\t<\/span><br \/>\n\t\t\t\t\t<\/figure>\n<figure>\n\t\t\t\t\t<span style=\"cursor: pointer\" data-src=\"https:\/\/autorai.nl\/wp-content\/uploads\/2023\/08\/volkswagen-amarok-panamericana-2023-foto5.jpg\" data-fancybox=\"galery-0\" title=\"\"><br \/>\n\t\t\t\t\t\t\t<img decoding=\"async\" width=\"360\" height=\"270\" src=\"https:\/\/autorai.nl\/wp-content\/uploads\/2023\/08\/volkswagen-amarok-panamericana-2023-foto5-360x270.jpg\" class=\"attachment-small size-small\" alt=\"Volkswagen Amarok PanAmericana\" loading=\"lazy\"><i class=\"fa fa-search-plus\" aria-hidden=\"true\"><\/i><br \/>\n\t\t\t\t\t\t<\/span><br \/>\n\t\t\t\t\t<\/figure>\n<figure>\n\t\t\t\t\t<span style=\"cursor: pointer\" data-src=\"https:\/\/autorai.nl\/wp-content\/uploads\/2023\/08\/volkswagen-amarok-panamericana-2023-foto4.jpg\" data-fancybox=\"galery-0\" title=\"\"><br \/>\n\t\t\t\t\t\t\t<img decoding=\"async\" width=\"360\" height=\"270\" src=\"https:\/\/autorai.nl\/wp-content\/uploads\/2023\/08\/volkswagen-amarok-panamericana-2023-foto4-360x270.jpg\" class=\"attachment-small size-small\" alt=\"\" loading=\"lazy\"><i class=\"fa fa-search-plus\" aria-hidden=\"true\"><\/i><br \/>\n\t\t\t\t\t\t<\/span><br \/>\n\t\t\t\t\t<\/figure>\n<figure>\n\t\t\t\t\t<span style=\"cursor: pointer\" data-src=\"https:\/\/autorai.nl\/wp-content\/uploads\/2023\/08\/volkswagen-amarok-panamericana-2023-foto3.jpg\" data-fancybox=\"galery-0\" title=\"\"><br \/>\n\t\t\t\t\t\t\t<img decoding=\"async\" width=\"640\" height=\"480\" src=\"https:\/\/autorai.nl\/wp-content\/uploads\/2023\/08\/volkswagen-amarok-panamericana-2023-foto3-640x480.jpg\" class=\"attachment-medium size-medium\" alt=\"\" loading=\"lazy\"><i class=\"fa fa-search-plus\" aria-hidden=\"true\"><\/i><br \/>\n\t\t\t\t\t\t<\/span><br \/>\n\t\t\t\t\t<\/figure>\n<figure>\n\t\t\t\t\t<span style=\"cursor: pointer\" data-src=\"https:\/\/autorai.nl\/wp-content\/uploads\/2023\/08\/volkswagen-amarok-panamericana-2023-foto2.jpg\" data-fancybox=\"galery-0\" title=\"\"><br \/>\n\t\t\t\t\t\t\t<img decoding=\"async\" width=\"360\" height=\"270\" src=\"https:\/\/autorai.nl\/wp-content\/uploads\/2023\/08\/volkswagen-amarok-panamericana-2023-foto2-360x270.jpg\" class=\"attachment-small size-small\" alt=\"\" loading=\"lazy\"><i class=\"fa fa-search-plus\" aria-hidden=\"true\"><\/i><br \/>\n\t\t\t\t\t\t<\/span><br \/>\n\t\t\t\t\t<\/figure>\n<figure>\n\t\t\t\t\t<span style=\"cursor: pointer\" data-src=\"https:\/\/autorai.nl\/wp-content\/uploads\/2023\/08\/volkswagen-amarok-panamericana-2023-foto1.jpg\" data-fancybox=\"galery-0\" title=\"\"><br \/>\n\t\t\t\t\t\t\t<img decoding=\"async\" width=\"360\" height=\"270\" src=\"https:\/\/autorai.nl\/wp-content\/uploads\/2023\/08\/volkswagen-amarok-panamericana-2023-foto1-360x270.jpg\" class=\"attachment-small size-small\" alt=\"\" loading=\"lazy\"><i class=\"fa fa-search-plus\" aria-hidden=\"true\"><\/i><br \/>\n\t\t\t\t\t\t<\/span><br \/>\n\t\t\t\t\t<\/figure>\n<div class=\"clear\"><\/div>\n<\/div>\n","protected":false},"excerpt":{"rendered":"Volkswagen Amarok PanAmericana pick-up Ce pick-up sp\u00e9cial Volkswagen Amarok PanAmericana a \u00e9t\u00e9 modifi\u00e9 par l'\u00e9quipementier Genesis Import pour en faire\u2026","protected":false},"author":0,"featured_media":138350,"comment_status":"","ping_status":"open","sticky":false,"template":"","format":"standard","meta":{"footnotes":""},"categories":[127],"tags":[],"class_list":["post-138394","post","type-post","status-publish","format-standard","has-post-thumbnail","hentry","category-nouvelles-de-voiture"],"acf":[],"yoast_head":"<!-- This site is optimized with the Yoast SEO plugin v21.2 - https:\/\/yoast.com\/wordpress\/plugins\/seo\/ -->\n<title>Ce Volkswagen Amarok PanAmericana est une v\u00e9ritable bombe ! - All cars news<\/title>\n<meta name=\"robots\" content=\"index, follow, max-snippet:-1, max-image-preview:large, max-video-preview:-1\" \/>\n<link rel=\"canonical\" href=\"https:\/\/all-car-news.com\/fr\/ce-volkswagen-amarok-panamericana-est-une-veritable-bombe\/\" \/>\n<meta property=\"og:locale\" content=\"fr_FR\" \/>\n<meta property=\"og:type\" content=\"article\" \/>\n<meta property=\"og:title\" content=\"Ce Volkswagen Amarok PanAmericana est une v\u00e9ritable bombe ! - All cars news\" \/>\n<meta property=\"og:description\" content=\"Volkswagen Amarok PanAmericana pick-up Ce pick-up sp\u00e9cial Volkswagen Amarok PanAmericana a \u00e9t\u00e9 modifi\u00e9 par l&#039;\u00e9quipementier Genesis Import pour en faire le parfait overlander\/camper. Le tout-terrain est \u00e9quip\u00e9 d&#039;un toit rigide Alu-Cab, d&#039;une tente de toit et d&#039;un auvent \u00e0 270 degr\u00e9s, entre autres. Les ajustements de la suspension, les pneus BFGoodrich AT avec des jantes Delta et le style font \u00e9galement partie de la conversion. \u2020\" \/>\n<meta property=\"og:url\" content=\"https:\/\/all-car-news.com\/fr\/ce-volkswagen-amarok-panamericana-est-une-veritable-bombe\/\" \/>\n<meta property=\"og:site_name\" content=\"All cars news\" \/>\n<meta property=\"article:published_time\" content=\"2023-08-25T13:46:06+00:00\" \/>\n<meta property=\"og:image\" content=\"https:\/\/autorai.nl\/wp-content\/uploads\/2023\/08\/volkswagen-amarok-panamericana-2023-foto6-640x480.jpg\" \/>\n<meta name=\"twitter:card\" content=\"summary_large_image\" \/>\n<meta name=\"twitter:label1\" content=\"Dur\u00e9e de lecture estim\u00e9e\" \/>\n\t<meta name=\"twitter:data1\" content=\"1 minute\" \/>\n<script type=\"application\/ld+json\" class=\"yoast-schema-graph\">{\"@context\":\"https:\/\/schema.org\",\"@graph\":[{\"@type\":\"Article\",\"@id\":\"https:\/\/all-car-news.com\/fr\/ce-volkswagen-amarok-panamericana-est-une-veritable-bombe\/#article\",\"isPartOf\":{\"@id\":\"https:\/\/all-car-news.com\/fr\/ce-volkswagen-amarok-panamericana-est-une-veritable-bombe\/\"},\"author\":{\"name\":\"\",\"@id\":\"\"},\"headline\":\"Ce Volkswagen Amarok PanAmericana est une v\u00e9ritable bombe !\",\"datePublished\":\"2023-08-25T13:46:06+00:00\",\"dateModified\":\"2023-08-25T13:46:06+00:00\",\"mainEntityOfPage\":{\"@id\":\"https:\/\/all-car-news.com\/fr\/ce-volkswagen-amarok-panamericana-est-une-veritable-bombe\/\"},\"wordCount\":217,\"publisher\":{\"@id\":\"https:\/\/all-car-news.com\/fr\/#organization\"},\"articleSection\":[\"nouvelles de voiture\"],\"inLanguage\":\"fr-FR\"},{\"@type\":\"WebPage\",\"@id\":\"https:\/\/all-car-news.com\/fr\/ce-volkswagen-amarok-panamericana-est-une-veritable-bombe\/\",\"url\":\"https:\/\/all-car-news.com\/fr\/ce-volkswagen-amarok-panamericana-est-une-veritable-bombe\/\",\"name\":\"Ce Volkswagen Amarok PanAmericana est une v\u00e9ritable bombe ! - All cars news\",\"isPartOf\":{\"@id\":\"https:\/\/all-car-news.com\/fr\/#website\"},\"datePublished\":\"2023-08-25T13:46:06+00:00\",\"dateModified\":\"2023-08-25T13:46:06+00:00\",\"breadcrumb\":{\"@id\":\"https:\/\/all-car-news.com\/fr\/ce-volkswagen-amarok-panamericana-est-une-veritable-bombe\/#breadcrumb\"},\"inLanguage\":\"fr-FR\",\"potentialAction\":[{\"@type\":\"ReadAction\",\"target\":[\"https:\/\/all-car-news.com\/fr\/ce-volkswagen-amarok-panamericana-est-une-veritable-bombe\/\"]}]},{\"@type\":\"BreadcrumbList\",\"@id\":\"https:\/\/all-car-news.com\/fr\/ce-volkswagen-amarok-panamericana-est-une-veritable-bombe\/#breadcrumb\",\"itemListElement\":[{\"@type\":\"ListItem\",\"position\":1,\"name\":\"Home\",\"item\":\"https:\/\/all-car-news.com\/fr\/\"},{\"@type\":\"ListItem\",\"position\":2,\"name\":\"Ce Volkswagen Amarok PanAmericana est une v\u00e9ritable bombe !\"}]},{\"@type\":\"WebSite\",\"@id\":\"https:\/\/all-car-news.com\/fr\/#website\",\"url\":\"https:\/\/all-car-news.com\/fr\/\",\"name\":\"All cars news\",\"description\":\"\",\"publisher\":{\"@id\":\"https:\/\/all-car-news.com\/fr\/#organization\"},\"potentialAction\":[{\"@type\":\"SearchAction\",\"target\":{\"@type\":\"EntryPoint\",\"urlTemplate\":\"https:\/\/all-car-news.com\/fr\/?s={search_term_string}\"},\"query-input\":\"required name=search_term_string\"}],\"inLanguage\":\"fr-FR\"},{\"@type\":\"Organization\",\"@id\":\"https:\/\/all-car-news.com\/fr\/#organization\",\"name\":\"All cars news\",\"url\":\"https:\/\/all-car-news.com\/fr\/\",\"logo\":{\"@type\":\"ImageObject\",\"inLanguage\":\"fr-FR\",\"@id\":\"https:\/\/all-car-news.com\/fr\/#\/schema\/logo\/image\/\",\"url\":\"https:\/\/all-car-news.com\/wp-content\/uploads\/2022\/02\/CMYK-AllCarNews_LANDSCAPE_300px-1.png\",\"contentUrl\":\"https:\/\/all-car-news.com\/wp-content\/uploads\/2022\/02\/CMYK-AllCarNews_LANDSCAPE_300px-1.png\",\"width\":300,\"height\":100,\"caption\":\"All cars news\"},\"image\":{\"@id\":\"https:\/\/all-car-news.com\/fr\/#\/schema\/logo\/image\/\"}}]}<\/script>\n<!-- \/ Yoast SEO plugin. -->","yoast_head_json":{"title":"Ce Volkswagen Amarok PanAmericana est une v\u00e9ritable bombe ! - All cars news","robots":{"index":"index","follow":"follow","max-snippet":"max-snippet:-1","max-image-preview":"max-image-preview:large","max-video-preview":"max-video-preview:-1"},"canonical":"https:\/\/all-car-news.com\/fr\/ce-volkswagen-amarok-panamericana-est-une-veritable-bombe\/","og_locale":"fr_FR","og_type":"article","og_title":"Ce Volkswagen Amarok PanAmericana est une v\u00e9ritable bombe ! - All cars news","og_description":"Volkswagen Amarok PanAmericana pick-up Ce pick-up sp\u00e9cial Volkswagen Amarok PanAmericana a \u00e9t\u00e9 modifi\u00e9 par l'\u00e9quipementier Genesis Import pour en faire le parfait overlander\/camper. Le tout-terrain est \u00e9quip\u00e9 d'un toit rigide Alu-Cab, d'une tente de toit et d'un auvent \u00e0 270 degr\u00e9s, entre autres. Les ajustements de la suspension, les pneus BFGoodrich AT avec des jantes Delta et le style font \u00e9galement partie de la conversion. \u2020","og_url":"https:\/\/all-car-news.com\/fr\/ce-volkswagen-amarok-panamericana-est-une-veritable-bombe\/","og_site_name":"All cars news","article_published_time":"2023-08-25T13:46:06+00:00","og_image":[{"url":"https:\/\/autorai.nl\/wp-content\/uploads\/2023\/08\/volkswagen-amarok-panamericana-2023-foto6-640x480.jpg"}],"twitter_card":"summary_large_image","twitter_misc":{"Dur\u00e9e de lecture estim\u00e9e":"1 minute"},"schema":{"@context":"https:\/\/schema.org","@graph":[{"@type":"Article","@id":"https:\/\/all-car-news.com\/fr\/ce-volkswagen-amarok-panamericana-est-une-veritable-bombe\/#article","isPartOf":{"@id":"https:\/\/all-car-news.com\/fr\/ce-volkswagen-amarok-panamericana-est-une-veritable-bombe\/"},"author":{"name":"","@id":""},"headline":"Ce Volkswagen Amarok PanAmericana est une v\u00e9ritable bombe !","datePublished":"2023-08-25T13:46:06+00:00","dateModified":"2023-08-25T13:46:06+00:00","mainEntityOfPage":{"@id":"https:\/\/all-car-news.com\/fr\/ce-volkswagen-amarok-panamericana-est-une-veritable-bombe\/"},"wordCount":217,"publisher":{"@id":"https:\/\/all-car-news.com\/fr\/#organization"},"articleSection":["nouvelles de voiture"],"inLanguage":"fr-FR"},{"@type":"WebPage","@id":"https:\/\/all-car-news.com\/fr\/ce-volkswagen-amarok-panamericana-est-une-veritable-bombe\/","url":"https:\/\/all-car-news.com\/fr\/ce-volkswagen-amarok-panamericana-est-une-veritable-bombe\/","name":"Ce Volkswagen Amarok PanAmericana est une v\u00e9ritable bombe ! - All cars news","isPartOf":{"@id":"https:\/\/all-car-news.com\/fr\/#website"},"datePublished":"2023-08-25T13:46:06+00:00","dateModified":"2023-08-25T13:46:06+00:00","breadcrumb":{"@id":"https:\/\/all-car-news.com\/fr\/ce-volkswagen-amarok-panamericana-est-une-veritable-bombe\/#breadcrumb"},"inLanguage":"fr-FR","potentialAction":[{"@type":"ReadAction","target":["https:\/\/all-car-news.com\/fr\/ce-volkswagen-amarok-panamericana-est-une-veritable-bombe\/"]}]},{"@type":"BreadcrumbList","@id":"https:\/\/all-car-news.com\/fr\/ce-volkswagen-amarok-panamericana-est-une-veritable-bombe\/#breadcrumb","itemListElement":[{"@type":"ListItem","position":1,"name":"Home","item":"https:\/\/all-car-news.com\/fr\/"},{"@type":"ListItem","position":2,"name":"Ce Volkswagen Amarok PanAmericana est une v\u00e9ritable bombe !"}]},{"@type":"WebSite","@id":"https:\/\/all-car-news.com\/fr\/#website","url":"https:\/\/all-car-news.com\/fr\/","name":"All cars news","description":"","publisher":{"@id":"https:\/\/all-car-news.com\/fr\/#organization"},"potentialAction":[{"@type":"SearchAction","target":{"@type":"EntryPoint","urlTemplate":"https:\/\/all-car-news.com\/fr\/?s={search_term_string}"},"query-input":"required name=search_term_string"}],"inLanguage":"fr-FR"},{"@type":"Organization","@id":"https:\/\/all-car-news.com\/fr\/#organization","name":"All cars news","url":"https:\/\/all-car-news.com\/fr\/","logo":{"@type":"ImageObject","inLanguage":"fr-FR","@id":"https:\/\/all-car-news.com\/fr\/#\/schema\/logo\/image\/","url":"https:\/\/all-car-news.com\/wp-content\/uploads\/2022\/02\/CMYK-AllCarNews_LANDSCAPE_300px-1.png","contentUrl":"https:\/\/all-car-news.com\/wp-content\/uploads\/2022\/02\/CMYK-AllCarNews_LANDSCAPE_300px-1.png","width":300,"height":100,"caption":"All cars news"},"image":{"@id":"https:\/\/all-car-news.com\/fr\/#\/schema\/logo\/image\/"}}]}},"_links":{"self":[{"href":"https:\/\/all-car-news.com\/fr\/wp-json\/wp\/v2\/posts\/138394","targetHints":{"allow":["GET"]}}],"collection":[{"href":"https:\/\/all-car-news.com\/fr\/wp-json\/wp\/v2\/posts"}],"about":[{"href":"https:\/\/all-car-news.com\/fr\/wp-json\/wp\/v2\/types\/post"}],"replies":[{"embeddable":true,"href":"https:\/\/all-car-news.com\/fr\/wp-json\/wp\/v2\/comments?post=138394"}],"version-history":[{"count":0,"href":"https:\/\/all-car-news.com\/fr\/wp-json\/wp\/v2\/posts\/138394\/revisions"}],"wp:featuredmedia":[{"embeddable":true,"href":"https:\/\/all-car-news.com\/fr\/wp-json\/wp\/v2\/media\/138350"}],"wp:attachment":[{"href":"https:\/\/all-car-news.com\/fr\/wp-json\/wp\/v2\/media?parent=138394"}],"wp:term":[{"taxonomy":"category","embeddable":true,"href":"https:\/\/all-car-news.com\/fr\/wp-json\/wp\/v2\/categories?post=138394"},{"taxonomy":"post_tag","embeddable":true,"href":"https:\/\/all-car-news.com\/fr\/wp-json\/wp\/v2\/tags?post=138394"}],"curies":[{"name":"wp","href":"https:\/\/api.w.org\/{rel}","templated":true}]}}